{"id":623,"date":"2021-12-30T18:44:00","date_gmt":"2021-12-30T18:44:00","guid":{"rendered":"https:\/\/notabene.world\/nb\/?p=623"},"modified":"2022-01-26T15:17:33","modified_gmt":"2022-01-26T14:17:33","slug":"muzyka-na-zimowe-wieczory","status":"publish","type":"post","link":"https:\/\/notabene.world\/nb\/muzyka-na-zimowe-wieczory\/","title":{"rendered":"Muzyka na zimowe wieczory"},"content":{"rendered":"\n<p><\/p>\n\n\n\n<p>Jest grudniowe popo\u0142udnie. Powoli robi si\u0119 ciemno, mo\u017ce nawet ju\u017c si\u0119 zrobi\u0142o. Po bokach chodnik\u00f3w i na trawie w parku zebra\u0142a si\u0119 cienka warstwa \u015bwie\u017cego \u015bniegu, nietkni\u0119ta jeszcze ludzk\u0105 stop\u0105. Mro\u017ane powietrze zderza si\u0119 z twoj\u0105 sk\u00f3r\u0105, mimo \u017ce sam siebie przekonujesz, \u017ce nie jest a\u017c tak zimno. Spacer, a p\u00f3\u017aniej podr\u00f3\u017c autobusem do domu zaczynaj\u0105 si\u0119 d\u0142u\u017cy\u0107. Pojawia si\u0119 melancholia bardzo charakterystyczna dla pory roku, a idealnym jej przed\u0142u\u017ceniem, zwie\u0144czeniem, akceptacj\u0105 jest muzyka- muzyka, kt\u00f3ra wprowadza ci\u0119 w spokojny trans i sprawia, \u017ce si\u0119 rozp\u0142ywasz.&nbsp;<\/p>\n\n\n\n<p><strong>Airiel \u2013 Winks &amp; Kisses (2003-2004)<\/strong><strong>&nbsp;<\/strong><\/p>\n\n\n\n<p><strong>Gatunki:&nbsp; Shoegaze, Dream Pop, Ethereal Wave&nbsp;<\/strong><\/p>\n\n\n\n<figure class=\"wp-block-image\"><img decoding=\"async\" src=\"https:\/\/lh4.googleusercontent.com\/hlM8UCwq6rQv6619KHzQFycgq8BjdPWpv3hkC28SrqjWfqiBbPgwyrgKnhTTb_DB0UdL7EgLvvX_MJUuVfxa0l2AmAdoYhNVVIjU-QRAepd1kIQkbxcGZrFvoGBT3O4cPPpQa4M\" alt=\"\"\/><\/figure>\n\n\n\n<p>Kompilacja czterech minialbum\u00f3w, z czego ka\u017cdy zawiera 4 utwory. Ca\u0142o\u015b\u0107 sk\u0142ada si\u0119 na godzin\u0119 40 minut&nbsp; onirycznej podr\u00f3\u017cy, charakterystycznej dla dream-popowych klasyk\u00f3w. Projekt utrzymany zosta\u0142 w konsekwentnie sp\u00f3jnej konwencji, przy czym \u017cadna z jego cz\u0119\u015bci nie traci na indywidualno\u015bci &#8211; ju\u017c same ich nazwy podkre\u015blaj\u0105 unikalny charakter ka\u017cdej z nich. Nawet ok\u0142adki s\u0105 fragmentami wi\u0119kszego obrazka, w kt\u00f3ry uk\u0142adaj\u0105 si\u0119 jak puzzle. S\u0142uchaj\u0105c tego projektu mo\u017cna wyra\u017anie doszuka\u0107 si\u0119 inspiracji, jakie wykorzysta\u0142 zesp\u00f3\u0142 &#8211; mam tu na my\u015bli flagowe projekty Shoegaze\u2019u, takie jak My Bloody Valentine-Loveless, czy Slowdive-Souvlaki. Subtelne w odbiorze, ale pokazuj\u0105ce ca\u0142y wachlarz emocji m\u0119skie wokale momentami ca\u0142kowicie zlewaj\u0105 si\u0119 ze \u015bcie\u017ck\u0105 instrumentaln\u0105, staj\u0105c si\u0119 tym samym niemal nies\u0142yszalne. W momentach kiedy s\u0142ycha\u0107 je jednak dosy\u0107 wyra\u017anie, nadal \u015bwietnie si\u0119 z ni\u0105 uzupe\u0142niaj\u0105. W tej kompilacji wokale, nie s\u0105 i w zamy\u015ble tw\u00f3rc\u00f3w nie mia\u0142y by\u0107 najwa\u017cniejsze. Na uwag\u0119 z pewno\u015bci\u0105 zas\u0142uguje wyr\u00f3\u017cniaj\u0105ca si\u0119 perkusja. Niecodzienne tempo oraz ciekawe sekcje rytmiczne to co\u015b, co dodaje ca\u0142emu projektowi dynamiki i niepowtarzalno\u015bci. Przy tym konkretnym po\u0142\u0105czeniu gatunk\u00f3w, najwa\u017cniejsze s\u0105 jednak efekty na\u0142o\u017cone na gitary &#8211; w tym przypadku osi\u0105gn\u0119\u0142y one niesamowite rozmycie, momentami nawet szum, w jaki \u0142\u0105cz\u0105 si\u0119 wszystkie rozbrzmiewaj\u0105ce elementy.&nbsp;<\/p>\n\n\n\n<p><strong>The World Is a Beautiful Place &amp; I Am No Longer Afraid to Die \u2013 Harmlessness (2015)<\/strong>&nbsp;<\/p>\n\n\n\n<p><strong>Gatunki: Midwest Emo, Post-Rock, Indie Rock&nbsp;<\/strong><\/p>\n\n\n\n<figure class=\"wp-block-image\"><img decoding=\"async\" src=\"https:\/\/lh4.googleusercontent.com\/xos7W5WCGtmR6TFMC9wlTVdb16zE_TFoSaT_fwnMHrsopt731V2my-rFFTAdp-SrHbDVLUXbfRubqpmJy2w8iFANoBbCKuOcaATHL1O_N-aEo4Bm6r-c-DEN2mRpMPIH9qavDN4\" alt=\"\"\/><\/figure>\n\n\n\n<p>G\u0142\u00f3wny gatunek &#8211; Midwest Emo wyewoluowa\u0142 w latach 90, z wcze\u015bniej ju\u017c istniej\u0105cego Emo, maj\u0105cego w sobie du\u017ce wp\u0142ywy Hardcore Punka. Nazwa wywodzi si\u0119 z cz\u0119\u015bci Stan\u00f3w Zjednoczonych, w jakiej si\u0119 wyodr\u0119bni\u0142, czyli centralno-zachodniej. Od klasycznego Emo odr\u00f3\u017cnia go to, \u017ce zamiast ca\u0142kowcie bazowa\u0107 na ci\u0119\u017cszych brzmieniach, wykorzystuje elementy Indie i Math Rocka.&nbsp;<\/p>\n\n\n\n<p>Pierwszy utw\u00f3r, &#8222;You Can&#8217;t Live There Forever&#8221; pozwala na podgl\u0105d brzmienia albumu &#8211; doskonale przedstawia jego charakter, jednocze\u015bnie nie zdradzaj\u0105c zbyt wiele i&nbsp; zach\u0119caj\u0105c do przes\u0142uchania kolejnych.&nbsp;&nbsp;<\/p>\n\n\n\n<p>&#8222;Harmlessness&#8221; to stosunkowo spokojny projekt, szczeg\u00f3lnie dzi\u0119ki mi\u0119kkim, czu\u0142ym g\u0142osom wykonawc\u00f3w, mimo \u017ce nieco kontrastuj\u0105 one z niekiedy mocnymi tekstami i wybijajacymi si\u0119 na prowadzenie&nbsp; instrumentami, szczeg\u00f3lnie niesamowicie energiczn\u0105 perkusj\u0105 i gitarami. Szczerze m\u00f3wi\u0105c, bez skupienia si\u0119 na tekstach, album wydaje si\u0119 ca\u0142kiem pozytywny, momentami nawet optymistyczny. Ws\u0142uchanie si\u0119 w linijki zmienia w tym pogl\u0105dzie ca\u0142kiem sporo, poniewa\u017c teksty m\u00f3wi\u0105 du\u017co o dorastaniu i relacjach mi\u0119dzyludzkich. Utwory s\u0105 skonstruowane w taki spos\u00f3b, aby mog\u0142y trafi\u0107 do wielu os\u00f3b na wiele sposob\u00f3w &#8211;&nbsp; w zale\u017cno\u015bci od interpretacji. Potrafi\u0105 niewyobra\u017calnie chwyci\u0107 za serce. Bardzo urzeka mnie ta dowolno\u015b\u0107 interpretacji, dzi\u0119ki niej album staje si\u0119 po prostu uniwersalny. Cechuje go r\u00f3wnie\u017c du\u017ca r\u00f3\u017cnorodno\u015b\u0107. Momentami jest energiczny (&#8222;Ra Pantera Dance&#8221;), a chwil\u0119 p\u00f3\u017aniej bardzo stonowany i melancholijny. Zwracam si\u0119 tutaj g\u0142\u00f3wnie do utworu \u201cMental Health\u201d, kt\u00f3ry zmusza do refleksji i chwilowego zatrzymania si\u0119. Jak m\u00f3wi sam tytu\u0142, porusza temat zdrowia psychicznego, g\u0142\u00f3wnie depresji.&nbsp;<\/p>\n\n\n\n<p><strong>Mazzy Star \u2013 Among My Swan (1996)<\/strong><strong>&nbsp;<\/strong><\/p>\n\n\n\n<p><strong>Gatunki: Dream Pop, Neo-Psychodelia, Slowcore, Psychedelic Folk&nbsp;<\/strong><\/p>\n\n\n\n<figure class=\"wp-block-image\"><img decoding=\"async\" src=\"https:\/\/lh3.googleusercontent.com\/tTuV0k5x-cBrnApS93OGvs7Ksi6dhJFq_OwFNC-4oUs29lyA7F1A3RJmLjAk59pbwKncTTA3MG3Qsza3taNThlFXSAcPOc6vuBdR8CJSpFX-q0EMNgx_pcKYhAkvSSwuf4JF4Ec\" alt=\"\"\/><\/figure>\n\n\n\n<p>\u201cAmong My Swan\u201d ca\u0142kowicie poch\u0142ania zimowym nastrojem. Odpowiadaj\u0105 za to zar\u00f3wno nawi\u0105zuj\u0105ce do pory roku teksty, ich og\u00f3lny melancholijny wyd\u017awi\u0119k oraz ca\u0142a linia melodyczna \u2013 spokojna, wzbogacona o efekty przypominaj\u0105ce dzwonki. Dzi\u0119ki tym w\u0142a\u015bnie efektom zaobserwowa\u0142am, \u017ce opr\u00f3cz zimy, p\u0142yta przywodzi mi te\u017c na my\u015bl zbli\u017caj\u0105ce si\u0119 \u015bwi\u0119ta Bo\u017cego Narodzenia. Z tym skojarzeniem niewiele wsp\u00f3lnego maj\u0105 teksty (kt\u00f3re s\u0105 bardzo melancholijne i momentami niesamowicie smutne),&nbsp; a sama linia melodyczna i dob\u00f3r instrument\u00f3w wraz z wcze\u015bniej wspomnianymi efektami na\u0142o\u017conymi na nie. Album mo\u017ce si\u0119 co prawda wydawa\u0107 stosunkowo monotonny, ale moim zdaniem taki w\u0142a\u015bnie ma by\u0107. Jego celem nie jest dostarczenie s\u0142uchaczowi dynamiki i r\u00f3\u017cnorodno\u015bci, a umo\u017cliwienie mu znikni\u0119cia na chwil\u0119 w stworzonym przez zesp\u00f3\u0142 \u015bwiecie. G\u0142os wokalistki zespo\u0142u jest g\u0142\u0119boki, ciep\u0142y i bardzo nastrojowy. Przez s\u0142uchaczy cz\u0119sto bywa wr\u0119cz por\u00f3wnywany do narkotyku, tak bardzo potrafi poch\u0142on\u0105\u0107. Rozp\u0142ywa si\u0119 w \u015bcie\u017cce instrumentalnej, silnie inspirowanej p\u00f3\u017aniejszymi od\u0142amami ruchu psychodelicznego, wyodr\u0119bnionymi w latach 80.<\/p>\n","protected":false},"excerpt":{"rendered":"<p>Jest grudniowe popo\u0142udnie. Powoli robi si\u0119 ciemno, mo\u017ce nawet ju\u017c si\u0119 zrobi\u0142o. Po bokach chodnik\u00f3w i na trawie w parku<\/p>\n","protected":false},"author":17,"featured_media":1139,"comment_status":"closed","ping_status":"closed","sticky":false,"template":"","format":"standard","meta":{"colormag_page_container_layout":"default_layout","colormag_page_sidebar_layout":"default_layout","_jetpack_memberships_contains_paid_content":false,"footnotes":"","_links_to":"","_links_to_target":""},"categories":[6,5],"tags":[52,62],"class_list":["post-623","post","type-post","status-publish","format-standard","has-post-thumbnail","hentry","category-kultura","category-muzyka","tag-kultura","tag-muzyka"],"yoast_head":"<!-- This site is optimized with the Yoast SEO plugin v27.4 - https:\/\/yoast.com\/product\/yoast-seo-wordpress\/ -->\n<title>Muzyka na zimowe wieczory - NOTABENE.WORLD<\/title>\n<meta name=\"robots\" content=\"index, follow, max-snippet:-1, max-image-preview:large, max-video-preview:-1\" \/>\n<link rel=\"canonical\" href=\"https:\/\/notabene.world\/nb\/muzyka-na-zimowe-wieczory\/\" \/>\n<meta property=\"og:locale\" content=\"pl_PL\" \/>\n<meta property=\"og:type\" content=\"article\" \/>\n<meta property=\"og:title\" content=\"Muzyka na zimowe wieczory - NOTABENE.WORLD\" \/>\n<meta property=\"og:description\" content=\"Jest grudniowe popo\u0142udnie. Powoli robi si\u0119 ciemno, mo\u017ce nawet ju\u017c si\u0119 zrobi\u0142o. Po bokach chodnik\u00f3w i na trawie w parku\" \/>\n<meta property=\"og:url\" content=\"https:\/\/notabene.world\/nb\/muzyka-na-zimowe-wieczory\/\" \/>\n<meta property=\"og:site_name\" content=\"NOTABENE.WORLD\" \/>\n<meta property=\"article:publisher\" content=\"https:\/\/www.facebook.com\/Notabene.World\" \/>\n<meta property=\"article:published_time\" content=\"2021-12-30T18:44:00+00:00\" \/>\n<meta property=\"article:modified_time\" content=\"2022-01-26T14:17:33+00:00\" \/>\n<meta property=\"og:image\" content=\"https:\/\/notabene.world\/nb\/wp-content\/uploads\/2021\/12\/muz.jpg\" \/>\n\t<meta property=\"og:image:width\" content=\"800\" \/>\n\t<meta property=\"og:image:height\" content=\"445\" \/>\n\t<meta property=\"og:image:type\" content=\"image\/jpeg\" \/>\n<meta name=\"author\" content=\"Wiktoria Wr\u00f3bel\" \/>\n<meta name=\"twitter:card\" content=\"summary_large_image\" \/>\n<meta name=\"twitter:label1\" content=\"Napisane przez\" \/>\n\t<meta name=\"twitter:data1\" content=\"Wiktoria Wr\u00f3bel\" \/>\n\t<meta name=\"twitter:label2\" content=\"Szacowany czas czytania\" \/>\n\t<meta name=\"twitter:data2\" content=\"5 minut\" \/>\n<script type=\"application\/ld+json\" class=\"yoast-schema-graph\">{\"@context\":\"https:\\\/\\\/schema.org\",\"@graph\":[{\"@type\":\"Article\",\"@id\":\"https:\\\/\\\/notabene.world\\\/nb\\\/muzyka-na-zimowe-wieczory\\\/#article\",\"isPartOf\":{\"@id\":\"https:\\\/\\\/notabene.world\\\/nb\\\/muzyka-na-zimowe-wieczory\\\/\"},\"author\":{\"name\":\"Wiktoria Wr\u00f3bel\",\"@id\":\"https:\\\/\\\/notabene.world\\\/nb\\\/#\\\/schema\\\/person\\\/7fb9f9f76598bbf33360404c87ca097c\"},\"headline\":\"Muzyka na zimowe wieczory\",\"datePublished\":\"2021-12-30T18:44:00+00:00\",\"dateModified\":\"2022-01-26T14:17:33+00:00\",\"mainEntityOfPage\":{\"@id\":\"https:\\\/\\\/notabene.world\\\/nb\\\/muzyka-na-zimowe-wieczory\\\/\"},\"wordCount\":888,\"publisher\":{\"@id\":\"https:\\\/\\\/notabene.world\\\/nb\\\/#organization\"},\"image\":{\"@id\":\"https:\\\/\\\/notabene.world\\\/nb\\\/muzyka-na-zimowe-wieczory\\\/#primaryimage\"},\"thumbnailUrl\":\"https:\\\/\\\/i0.wp.com\\\/notabene.world\\\/nb\\\/wp-content\\\/uploads\\\/2021\\\/12\\\/muz.jpg?fit=800%2C445&ssl=1\",\"keywords\":[\"#kultura\",\"#muzyka\"],\"articleSection\":[\"Kultura\",\"Muzyka\"],\"inLanguage\":\"pl-PL\"},{\"@type\":\"WebPage\",\"@id\":\"https:\\\/\\\/notabene.world\\\/nb\\\/muzyka-na-zimowe-wieczory\\\/\",\"url\":\"https:\\\/\\\/notabene.world\\\/nb\\\/muzyka-na-zimowe-wieczory\\\/\",\"name\":\"Muzyka na zimowe wieczory - NOTABENE.WORLD\",\"isPartOf\":{\"@id\":\"https:\\\/\\\/notabene.world\\\/nb\\\/#website\"},\"primaryImageOfPage\":{\"@id\":\"https:\\\/\\\/notabene.world\\\/nb\\\/muzyka-na-zimowe-wieczory\\\/#primaryimage\"},\"image\":{\"@id\":\"https:\\\/\\\/notabene.world\\\/nb\\\/muzyka-na-zimowe-wieczory\\\/#primaryimage\"},\"thumbnailUrl\":\"https:\\\/\\\/i0.wp.com\\\/notabene.world\\\/nb\\\/wp-content\\\/uploads\\\/2021\\\/12\\\/muz.jpg?fit=800%2C445&ssl=1\",\"datePublished\":\"2021-12-30T18:44:00+00:00\",\"dateModified\":\"2022-01-26T14:17:33+00:00\",\"breadcrumb\":{\"@id\":\"https:\\\/\\\/notabene.world\\\/nb\\\/muzyka-na-zimowe-wieczory\\\/#breadcrumb\"},\"inLanguage\":\"pl-PL\",\"potentialAction\":[{\"@type\":\"ReadAction\",\"target\":[\"https:\\\/\\\/notabene.world\\\/nb\\\/muzyka-na-zimowe-wieczory\\\/\"]}]},{\"@type\":\"ImageObject\",\"inLanguage\":\"pl-PL\",\"@id\":\"https:\\\/\\\/notabene.world\\\/nb\\\/muzyka-na-zimowe-wieczory\\\/#primaryimage\",\"url\":\"https:\\\/\\\/i0.wp.com\\\/notabene.world\\\/nb\\\/wp-content\\\/uploads\\\/2021\\\/12\\\/muz.jpg?fit=800%2C445&ssl=1\",\"contentUrl\":\"https:\\\/\\\/i0.wp.com\\\/notabene.world\\\/nb\\\/wp-content\\\/uploads\\\/2021\\\/12\\\/muz.jpg?fit=800%2C445&ssl=1\",\"width\":800,\"height\":445},{\"@type\":\"BreadcrumbList\",\"@id\":\"https:\\\/\\\/notabene.world\\\/nb\\\/muzyka-na-zimowe-wieczory\\\/#breadcrumb\",\"itemListElement\":[{\"@type\":\"ListItem\",\"position\":1,\"name\":\"Home\",\"item\":\"https:\\\/\\\/notabene.world\\\/nb\\\/\"},{\"@type\":\"ListItem\",\"position\":2,\"name\":\"Muzyka na zimowe wieczory\"}]},{\"@type\":\"WebSite\",\"@id\":\"https:\\\/\\\/notabene.world\\\/nb\\\/#website\",\"url\":\"https:\\\/\\\/notabene.world\\\/nb\\\/\",\"name\":\"NOTABENE.WORLD\",\"description\":\"Przekaz. Warto\u015bci. Wsp\u00f3lnota.\",\"publisher\":{\"@id\":\"https:\\\/\\\/notabene.world\\\/nb\\\/#organization\"},\"potentialAction\":[{\"@type\":\"SearchAction\",\"target\":{\"@type\":\"EntryPoint\",\"urlTemplate\":\"https:\\\/\\\/notabene.world\\\/nb\\\/?s={search_term_string}\"},\"query-input\":{\"@type\":\"PropertyValueSpecification\",\"valueRequired\":true,\"valueName\":\"search_term_string\"}}],\"inLanguage\":\"pl-PL\"},{\"@type\":\"Organization\",\"@id\":\"https:\\\/\\\/notabene.world\\\/nb\\\/#organization\",\"name\":\"NOTABENE.WORLD\",\"url\":\"https:\\\/\\\/notabene.world\\\/nb\\\/\",\"logo\":{\"@type\":\"ImageObject\",\"inLanguage\":\"pl-PL\",\"@id\":\"https:\\\/\\\/notabene.world\\\/nb\\\/#\\\/schema\\\/logo\\\/image\\\/\",\"url\":\"https:\\\/\\\/notabene.world\\\/nb\\\/wp-content\\\/uploads\\\/2022\\\/01\\\/NB-club-start-www1.jpg\",\"contentUrl\":\"https:\\\/\\\/notabene.world\\\/nb\\\/wp-content\\\/uploads\\\/2022\\\/01\\\/NB-club-start-www1.jpg\",\"width\":1000,\"height\":839,\"caption\":\"NOTABENE.WORLD\"},\"image\":{\"@id\":\"https:\\\/\\\/notabene.world\\\/nb\\\/#\\\/schema\\\/logo\\\/image\\\/\"},\"sameAs\":[\"https:\\\/\\\/www.facebook.com\\\/Notabene.World\"]},{\"@type\":\"Person\",\"@id\":\"https:\\\/\\\/notabene.world\\\/nb\\\/#\\\/schema\\\/person\\\/7fb9f9f76598bbf33360404c87ca097c\",\"name\":\"Wiktoria Wr\u00f3bel\",\"image\":{\"@type\":\"ImageObject\",\"inLanguage\":\"pl-PL\",\"@id\":\"https:\\\/\\\/secure.gravatar.com\\\/avatar\\\/e7d264f918171600e6cc2be5ccc9796973aa121a9a51b9a7084574829500141b?s=96&d=mm&r=g\",\"url\":\"https:\\\/\\\/secure.gravatar.com\\\/avatar\\\/e7d264f918171600e6cc2be5ccc9796973aa121a9a51b9a7084574829500141b?s=96&d=mm&r=g\",\"contentUrl\":\"https:\\\/\\\/secure.gravatar.com\\\/avatar\\\/e7d264f918171600e6cc2be5ccc9796973aa121a9a51b9a7084574829500141b?s=96&d=mm&r=g\",\"caption\":\"Wiktoria Wr\u00f3bel\"},\"url\":\"https:\\\/\\\/notabene.world\\\/nb\\\/author\\\/w-w\\\/\"}]}<\/script>\n<!-- \/ Yoast SEO plugin. -->","yoast_head_json":{"title":"Muzyka na zimowe wieczory - NOTABENE.WORLD","robots":{"index":"index","follow":"follow","max-snippet":"max-snippet:-1","max-image-preview":"max-image-preview:large","max-video-preview":"max-video-preview:-1"},"canonical":"https:\/\/notabene.world\/nb\/muzyka-na-zimowe-wieczory\/","og_locale":"pl_PL","og_type":"article","og_title":"Muzyka na zimowe wieczory - NOTABENE.WORLD","og_description":"Jest grudniowe popo\u0142udnie. Powoli robi si\u0119 ciemno, mo\u017ce nawet ju\u017c si\u0119 zrobi\u0142o. Po bokach chodnik\u00f3w i na trawie w parku","og_url":"https:\/\/notabene.world\/nb\/muzyka-na-zimowe-wieczory\/","og_site_name":"NOTABENE.WORLD","article_publisher":"https:\/\/www.facebook.com\/Notabene.World","article_published_time":"2021-12-30T18:44:00+00:00","article_modified_time":"2022-01-26T14:17:33+00:00","og_image":[{"width":800,"height":445,"url":"https:\/\/notabene.world\/nb\/wp-content\/uploads\/2021\/12\/muz.jpg","type":"image\/jpeg"}],"author":"Wiktoria Wr\u00f3bel","twitter_card":"summary_large_image","twitter_misc":{"Napisane przez":"Wiktoria Wr\u00f3bel","Szacowany czas czytania":"5 minut"},"schema":{"@context":"https:\/\/schema.org","@graph":[{"@type":"Article","@id":"https:\/\/notabene.world\/nb\/muzyka-na-zimowe-wieczory\/#article","isPartOf":{"@id":"https:\/\/notabene.world\/nb\/muzyka-na-zimowe-wieczory\/"},"author":{"name":"Wiktoria Wr\u00f3bel","@id":"https:\/\/notabene.world\/nb\/#\/schema\/person\/7fb9f9f76598bbf33360404c87ca097c"},"headline":"Muzyka na zimowe wieczory","datePublished":"2021-12-30T18:44:00+00:00","dateModified":"2022-01-26T14:17:33+00:00","mainEntityOfPage":{"@id":"https:\/\/notabene.world\/nb\/muzyka-na-zimowe-wieczory\/"},"wordCount":888,"publisher":{"@id":"https:\/\/notabene.world\/nb\/#organization"},"image":{"@id":"https:\/\/notabene.world\/nb\/muzyka-na-zimowe-wieczory\/#primaryimage"},"thumbnailUrl":"https:\/\/i0.wp.com\/notabene.world\/nb\/wp-content\/uploads\/2021\/12\/muz.jpg?fit=800%2C445&ssl=1","keywords":["#kultura","#muzyka"],"articleSection":["Kultura","Muzyka"],"inLanguage":"pl-PL"},{"@type":"WebPage","@id":"https:\/\/notabene.world\/nb\/muzyka-na-zimowe-wieczory\/","url":"https:\/\/notabene.world\/nb\/muzyka-na-zimowe-wieczory\/","name":"Muzyka na zimowe wieczory - NOTABENE.WORLD","isPartOf":{"@id":"https:\/\/notabene.world\/nb\/#website"},"primaryImageOfPage":{"@id":"https:\/\/notabene.world\/nb\/muzyka-na-zimowe-wieczory\/#primaryimage"},"image":{"@id":"https:\/\/notabene.world\/nb\/muzyka-na-zimowe-wieczory\/#primaryimage"},"thumbnailUrl":"https:\/\/i0.wp.com\/notabene.world\/nb\/wp-content\/uploads\/2021\/12\/muz.jpg?fit=800%2C445&ssl=1","datePublished":"2021-12-30T18:44:00+00:00","dateModified":"2022-01-26T14:17:33+00:00","breadcrumb":{"@id":"https:\/\/notabene.world\/nb\/muzyka-na-zimowe-wieczory\/#breadcrumb"},"inLanguage":"pl-PL","potentialAction":[{"@type":"ReadAction","target":["https:\/\/notabene.world\/nb\/muzyka-na-zimowe-wieczory\/"]}]},{"@type":"ImageObject","inLanguage":"pl-PL","@id":"https:\/\/notabene.world\/nb\/muzyka-na-zimowe-wieczory\/#primaryimage","url":"https:\/\/i0.wp.com\/notabene.world\/nb\/wp-content\/uploads\/2021\/12\/muz.jpg?fit=800%2C445&ssl=1","contentUrl":"https:\/\/i0.wp.com\/notabene.world\/nb\/wp-content\/uploads\/2021\/12\/muz.jpg?fit=800%2C445&ssl=1","width":800,"height":445},{"@type":"BreadcrumbList","@id":"https:\/\/notabene.world\/nb\/muzyka-na-zimowe-wieczory\/#breadcrumb","itemListElement":[{"@type":"ListItem","position":1,"name":"Home","item":"https:\/\/notabene.world\/nb\/"},{"@type":"ListItem","position":2,"name":"Muzyka na zimowe wieczory"}]},{"@type":"WebSite","@id":"https:\/\/notabene.world\/nb\/#website","url":"https:\/\/notabene.world\/nb\/","name":"NOTABENE.WORLD","description":"Przekaz. Warto\u015bci. Wsp\u00f3lnota.","publisher":{"@id":"https:\/\/notabene.world\/nb\/#organization"},"potentialAction":[{"@type":"SearchAction","target":{"@type":"EntryPoint","urlTemplate":"https:\/\/notabene.world\/nb\/?s={search_term_string}"},"query-input":{"@type":"PropertyValueSpecification","valueRequired":true,"valueName":"search_term_string"}}],"inLanguage":"pl-PL"},{"@type":"Organization","@id":"https:\/\/notabene.world\/nb\/#organization","name":"NOTABENE.WORLD","url":"https:\/\/notabene.world\/nb\/","logo":{"@type":"ImageObject","inLanguage":"pl-PL","@id":"https:\/\/notabene.world\/nb\/#\/schema\/logo\/image\/","url":"https:\/\/notabene.world\/nb\/wp-content\/uploads\/2022\/01\/NB-club-start-www1.jpg","contentUrl":"https:\/\/notabene.world\/nb\/wp-content\/uploads\/2022\/01\/NB-club-start-www1.jpg","width":1000,"height":839,"caption":"NOTABENE.WORLD"},"image":{"@id":"https:\/\/notabene.world\/nb\/#\/schema\/logo\/image\/"},"sameAs":["https:\/\/www.facebook.com\/Notabene.World"]},{"@type":"Person","@id":"https:\/\/notabene.world\/nb\/#\/schema\/person\/7fb9f9f76598bbf33360404c87ca097c","name":"Wiktoria Wr\u00f3bel","image":{"@type":"ImageObject","inLanguage":"pl-PL","@id":"https:\/\/secure.gravatar.com\/avatar\/e7d264f918171600e6cc2be5ccc9796973aa121a9a51b9a7084574829500141b?s=96&d=mm&r=g","url":"https:\/\/secure.gravatar.com\/avatar\/e7d264f918171600e6cc2be5ccc9796973aa121a9a51b9a7084574829500141b?s=96&d=mm&r=g","contentUrl":"https:\/\/secure.gravatar.com\/avatar\/e7d264f918171600e6cc2be5ccc9796973aa121a9a51b9a7084574829500141b?s=96&d=mm&r=g","caption":"Wiktoria Wr\u00f3bel"},"url":"https:\/\/notabene.world\/nb\/author\/w-w\/"}]}},"jetpack_featured_media_url":"https:\/\/i0.wp.com\/notabene.world\/nb\/wp-content\/uploads\/2021\/12\/muz.jpg?fit=800%2C445&ssl=1","jetpack_sharing_enabled":true,"jetpack_shortlink":"https:\/\/wp.me\/pdCobN-a3","_links":{"self":[{"href":"https:\/\/notabene.world\/nb\/wp-json\/wp\/v2\/posts\/623","targetHints":{"allow":["GET"]}}],"collection":[{"href":"https:\/\/notabene.world\/nb\/wp-json\/wp\/v2\/posts"}],"about":[{"href":"https:\/\/notabene.world\/nb\/wp-json\/wp\/v2\/types\/post"}],"author":[{"embeddable":true,"href":"https:\/\/notabene.world\/nb\/wp-json\/wp\/v2\/users\/17"}],"replies":[{"embeddable":true,"href":"https:\/\/notabene.world\/nb\/wp-json\/wp\/v2\/comments?post=623"}],"version-history":[{"count":3,"href":"https:\/\/notabene.world\/nb\/wp-json\/wp\/v2\/posts\/623\/revisions"}],"predecessor-version":[{"id":1299,"href":"https:\/\/notabene.world\/nb\/wp-json\/wp\/v2\/posts\/623\/revisions\/1299"}],"wp:featuredmedia":[{"embeddable":true,"href":"https:\/\/notabene.world\/nb\/wp-json\/wp\/v2\/media\/1139"}],"wp:attachment":[{"href":"https:\/\/notabene.world\/nb\/wp-json\/wp\/v2\/media?parent=623"}],"wp:term":[{"taxonomy":"category","embeddable":true,"href":"https:\/\/notabene.world\/nb\/wp-json\/wp\/v2\/categories?post=623"},{"taxonomy":"post_tag","embeddable":true,"href":"https:\/\/notabene.world\/nb\/wp-json\/wp\/v2\/tags?post=623"}],"curies":[{"name":"wp","href":"https:\/\/api.w.org\/{rel}","templated":true}]}}