{"id":6251,"date":"2022-06-08T08:00:00","date_gmt":"2022-06-08T06:00:00","guid":{"rendered":"https:\/\/notabene.world\/nb\/?p=6251"},"modified":"2022-06-19T12:25:17","modified_gmt":"2022-06-19T10:25:17","slug":"diversal-debiut-roku","status":"publish","type":"post","link":"https:\/\/notabene.world\/nb\/diversal-debiut-roku\/","title":{"rendered":"DIVERSAL &#8211; debiut roku!"},"content":{"rendered":"\n<h3 class=\"wp-block-heading\">Lato powiewa nowo\u015bciami, a t\u0105 niezidentyfikowan\u0105 jeszcze nut\u0105 jest Diversal! Czas obudzi\u0107 wszystkie zmys\u0142y, aby prze\u017cy\u0107 to razem z nami!<\/h3>\n\n\n\n<p>Pocz\u0105tkowo ka\u017cdy by\u0142 w r\u00f3\u017cnym zespole, szukali swojej muzycznej bratniej duszy i po kilku latach odnale\u017ali si\u0119. Sz\u00f3stka utalentowanych nastolatk\u00f3w z ogromnym zapa\u0142em \u0142\u0105cz\u0105 si\u0119 i tworz\u0105 DIVERSAL &#8211; objawienie roku. Maj\u0105 za sob\u0105 niezliczon\u0105 ilo\u015b\u0107 pr\u00f3b, koncert\u00f3w, godzin w studio nagra\u0144, ale to w\u0142a\u015bnie teraz ruszaj\u0105 pe\u0142n\u0105 par\u0105. <\/p>\n\n\n\n<h4 class=\"wp-block-heading\"><em>&#8222;Od zawsze wiedzieli\u015bmy, \u017ce mamy w sobie pasj\u0119 do muzyki, ale chcieli\u015bmy da\u0107 temu projektowi czas, aby w nas dojrza\u0142.&#8221; <\/em>&#8211; m\u00f3wi g\u0142\u00f3wny wokalista zespo\u0142u <em>Alan Pitula<\/em> w wywiadzie na wy\u0142\u0105czno\u015b\u0107 dla Notabene.World.<\/h4>\n\n\n\n<figure class=\"wp-block-image size-full\"><img data-recalc-dims=\"1\" decoding=\"async\" src=\"https:\/\/i0.wp.com\/notabene.world\/nb\/wp-content\/uploads\/2022\/06\/FOT-136.jpg?w=800&#038;ssl=1\" alt=\"\" class=\"wp-image-6269\"\/><figcaption>fot. Micha\u0142 Nowakowski<\/figcaption><\/figure>\n\n\n\n<h4 class=\"wp-block-heading\"><em>&#8222;Co ciekawe wszyscy s\u0142uchamy i inspirujemy si\u0119 innym gatunkiem muzycznym, dlatego nasz styl nie jest jednoraki. Mieszamy i uzupe\u0142niamy siebie nawzajem, w naszej tw\u00f3rczo\u015bci jest cz\u0105stka ka\u017cdego z nas.&#8221;<\/em> &#8211; dopowiada <em>Alan<\/em>.<\/h4>\n\n\n\n<p>Praca z przyjaci\u00f3\u0142mi to najlepsze co ich spotka\u0142o. Jedynym minusem jest to, \u017ce czasem przegadaj\u0105 ca\u0142\u0105 pr\u00f3b\u0119, ale niczego nie \u017ca\u0142uj\u0105, bo wzmacnia to ich wi\u0119\u017a, jak dopowiada basistka <em>Aleksandra Strz\u0105ba\u0142a<\/em>. Ich praca opiera si\u0119 na wzajemnym szacunku, zaufaniu i demokracji. <\/p>\n\n\n\n<p>Ostatnie tygodnie zaj\u0119\u0142a im praca w studio nagraniowym. Towarzyszy\u0142am im podczas czwartego dnia nagrywek i to, co zobaczy\u0142am przesz\u0142o moje naj\u015bmielsze oczekiwania. Profesjonalizm, harmonia, zaufanie, kole\u017ce\u0144ska pomoc, odpowiedzialno\u015b\u0107 to tylko kilka okre\u015ble\u0144, kt\u00f3re i tak w pe\u0142ni nie opisuj\u0105 tego do\u015bwiadczenia. Przed wej\u015bciem do studia zacz\u0119li omawia\u0107 koncert, kt\u00f3ry grali dzie\u0144 wcze\u015bniej z okazji zako\u0144czenia roku szkolnego maturzyst\u00f3w w VI LO im. Juliusza S\u0142owackiego w Kielcach. Doceniali to, co uwa\u017cali za pozytywne aspekty wyst\u0119pu i my\u015bleli nad tym jak poprawi\u0107 niedoskona\u0142o\u015bci, to ju\u017c ich rytua\u0142. Plan\u00f3w na przysz\u0142o\u015b\u0107 w tej rozmowie nie zabrak\u0142o! Jak b\u0119dzie wygl\u0105da\u0107 teledysk? Ja ju\u017c wiem, a wy wyczekujcie niesamowitego show!<\/p>\n\n\n\n<figure class=\"wp-block-image size-large\"><img data-recalc-dims=\"1\" loading=\"lazy\" decoding=\"async\" width=\"800\" height=\"600\" src=\"https:\/\/i0.wp.com\/notabene.world\/nb\/wp-content\/uploads\/2022\/06\/IMG-3264.jpg?resize=800%2C600&#038;ssl=1\" alt=\"\" class=\"wp-image-6275\" srcset=\"https:\/\/i0.wp.com\/notabene.world\/nb\/wp-content\/uploads\/2022\/06\/IMG-3264-scaled.jpg?resize=1024%2C768&amp;ssl=1 1024w, https:\/\/i0.wp.com\/notabene.world\/nb\/wp-content\/uploads\/2022\/06\/IMG-3264-scaled.jpg?resize=300%2C225&amp;ssl=1 300w, https:\/\/i0.wp.com\/notabene.world\/nb\/wp-content\/uploads\/2022\/06\/IMG-3264-scaled.jpg?resize=768%2C576&amp;ssl=1 768w, https:\/\/i0.wp.com\/notabene.world\/nb\/wp-content\/uploads\/2022\/06\/IMG-3264-scaled.jpg?resize=1536%2C1152&amp;ssl=1 1536w, https:\/\/i0.wp.com\/notabene.world\/nb\/wp-content\/uploads\/2022\/06\/IMG-3264-scaled.jpg?resize=2048%2C1536&amp;ssl=1 2048w, https:\/\/i0.wp.com\/notabene.world\/nb\/wp-content\/uploads\/2022\/06\/IMG-3264-scaled.jpg?w=1600&amp;ssl=1 1600w, https:\/\/i0.wp.com\/notabene.world\/nb\/wp-content\/uploads\/2022\/06\/IMG-3264-scaled.jpg?w=2400&amp;ssl=1 2400w\" sizes=\"auto, (max-width: 800px) 100vw, 800px\" \/><figcaption>na zdj\u0119ciu Alan Pitula, Kacper Kwa\u015bniewski, Damian Nagaba, Bart\u0142omiej Czekaj<\/figcaption><\/figure>\n\n\n\n<p>Piosenka <em>Never a dull day<\/em> ca\u0142kowicie gotowa! To idealny wakacyjny hit, \u017cywio\u0142owa, radosna, skoczna, nap\u0119dzaj\u0105ca pozytywn\u0105 energi\u0105. To przeb\u00f3j, do kt\u00f3rego przeta\u0144czycie niejedn\u0105 noc. Oficjalnej daty premiery jeszcze nie znamy, ale uka\u017ce si\u0119 ona lada moment.<\/p>\n\n\n\n<p><\/p>\n\n\n\n<p><em><strong>R:<\/strong> Co najmilej do tej pory wspominacie z waszej wsp\u00f3lnej drogi jako zesp\u00f3\u0142? Mo\u017ce macie sw\u00f3j ulubiony koncert?<\/em><\/p>\n\n\n\n<p><em><strong>Bart\u0142omiej Czekaj:<\/strong> Szyd\u0142\u00f3w.<\/em><\/p>\n\n\n\n<p><em><strong>Kacper Kwa\u015bniewski:<\/strong> Zdecydowanie Szyd\u0142\u00f3w.<\/em><\/p>\n\n\n\n<p><em><strong>Damian Nagaba:<\/strong> Bez dw\u00f3ch zda\u0144 Szyd\u0142\u00f3w &#8211; \u015awi\u0119to \u015aliwki.<\/em><\/p>\n\n\n\n<p><em><strong>Aleksandra Strz\u0105ba\u0142a:<\/strong> Tak, grali\u015bmy koncert jako support Cleo. By\u0142o to dla mnie wspania\u0142e prze\u017cycie, publiczno\u015b\u0107 liczy\u0142a przynajmniej tysi\u0105c os\u00f3b. Tego dnia po raz pierwszy rozdali\u015bmy autografy, a ludzie podchodzili zrobi\u0107 sobie z nami zdj\u0119cia!<\/em><\/p>\n\n\n\n<p><\/p>\n\n\n\n<h3 class=\"wp-block-heading\">W najbli\u017cszym czasie mo\u017cecie us\u0142ysze\u0107 Diversal ju\u017c <mark class=\"has-inline-color has-black-color\"><em>w ten pi\u0105tek 10.06.2022 o godzinie 19.00<\/em><\/mark>. Wystarczy wej\u015b\u0107 na Facebooka, kana\u0142 YouTube, Vimeo <em>Radia Kielce<\/em> lub ich stron\u0119 internetow\u0105 <em><a href=\"https:\/\/www.radio.kielce.pl\" target=\"_blank\" rel=\"noreferrer noopener\">radio.kielce.pl<\/a><\/em> i ogl\u0105da\u0107 razem z nami koncert na \u017cywo!<\/h3>\n\n\n\n<p><\/p>\n\n\n\n<figure class=\"wp-block-gallery has-nested-images columns-default is-cropped wp-block-gallery-1 is-layout-flex wp-block-gallery-is-layout-flex\">\n<figure class=\"wp-block-image size-large\"><img data-recalc-dims=\"1\" decoding=\"async\" data-id=\"6276\" src=\"https:\/\/i0.wp.com\/notabene.world\/nb\/wp-content\/uploads\/2022\/06\/285104799_1226614271410849_946879863987809566_n.jpg?w=800&#038;ssl=1\" alt=\"\" class=\"wp-image-6276\"\/><figcaption>Alan Pitula &#8211; wokalista<\/figcaption><\/figure>\n\n\n\n<figure class=\"wp-block-image size-large\"><img data-recalc-dims=\"1\" decoding=\"async\" data-id=\"6282\" src=\"https:\/\/i0.wp.com\/notabene.world\/nb\/wp-content\/uploads\/2022\/06\/FOT-116-1.jpg?w=800&#038;ssl=1\" alt=\"\" class=\"wp-image-6282\"\/><figcaption>Bart\u0142omiej Czekaj &#8211; gitara elektryczna<\/figcaption><\/figure>\n\n\n\n<figure class=\"wp-block-image size-large\"><img data-recalc-dims=\"1\" decoding=\"async\" data-id=\"6285\" src=\"https:\/\/i0.wp.com\/notabene.world\/nb\/wp-content\/uploads\/2022\/06\/FOT-168.jpg?w=800&#038;ssl=1\" alt=\"\" class=\"wp-image-6285\"\/><figcaption>Marcel Janiak &#8211; perkusja<\/figcaption><\/figure>\n<\/figure>\n\n\n\n<figure class=\"wp-block-gallery has-nested-images columns-default is-cropped wp-block-gallery-2 is-layout-flex wp-block-gallery-is-layout-flex\">\n<figure class=\"wp-block-image size-large\"><img data-recalc-dims=\"1\" decoding=\"async\" data-id=\"6277\" src=\"https:\/\/i0.wp.com\/notabene.world\/nb\/wp-content\/uploads\/2022\/06\/32.jpg?w=800&#038;ssl=1\" alt=\"\" class=\"wp-image-6277\"\/><figcaption>Kacper Kwa\u015bniewski &#8211; klawisze, wokal<\/figcaption><\/figure>\n\n\n\n<figure class=\"wp-block-image size-large\"><img data-recalc-dims=\"1\" decoding=\"async\" data-id=\"6281\" src=\"https:\/\/i0.wp.com\/notabene.world\/nb\/wp-content\/uploads\/2022\/06\/FOT-68-1.jpg?w=800&#038;ssl=1\" alt=\"\" class=\"wp-image-6281\"\/><figcaption>Aleksandra Strz\u0105ba\u0142a &#8211; bas<\/figcaption><\/figure>\n\n\n\n<figure class=\"wp-block-image size-large\"><img data-recalc-dims=\"1\" decoding=\"async\" data-id=\"6286\" src=\"https:\/\/i0.wp.com\/notabene.world\/nb\/wp-content\/uploads\/2022\/06\/FOT-196.jpg?w=800&#038;ssl=1\" alt=\"\" class=\"wp-image-6286\"\/><figcaption>Damian Nagaba &#8211; gitara elektryczna<\/figcaption><\/figure>\n<\/figure>\n\n\n\n<p><\/p>\n","protected":false},"excerpt":{"rendered":"<p>Diversal &#8211; jak z obcych ludzi stali si\u0119 najlepszymi przyjaci\u00f3\u0142mi, a co najwa\u017cniejsze zgran\u0105 grup\u0105 muzyk\u00f3w? Jakie s\u0105 ich plany? Gdzie mo\u017cecie ich us\u0142ysze\u0107? Wszystko to przeczytacie tylko w tym artykule.<\/p>\n<p>Ostatnie tygodnie zaj\u0119\u0142a im praca w studio nagraniowym. Towarzyszy\u0142am im podczas czwartego dnia nagrywek i to, co zobaczy\u0142am przesz\u0142o moje naj\u015bmielsze oczekiwania. Profesjonalizm, harmonia, zaufanie, kole\u017ce\u0144ska pomoc, odpowiedzialno\u015b\u0107 to tylko kilka okre\u015ble\u0144, kt\u00f3re i tak w pe\u0142ni nie opisuj\u0105 tego do\u015bwiadczenia. Przed wej\u015bciem do studia zacz\u0119li omawia\u0107 koncert, kt\u00f3ry grali dzie\u0144 wcze\u015bniej z okazji zako\u0144czenia roku szkolnego maturzyst\u00f3w w VI LO im. Juliusza S\u0142owackiego w Kielcach. Doceniali to, co uwa\u017cali za pozytywne aspekty wyst\u0119pu i my\u015bleli nad tym jak poprawi\u0107 niedoskona\u0142o\u015bci, to ju\u017c ich rytua\u0142. Plan\u00f3w na przysz\u0142o\u015b\u0107 w tej rozmowie nie zabrak\u0142o! Jak b\u0119dzie wygl\u0105da\u0107 teledysk? Ja ju\u017c wiem, a wy wyczekujcie niesamowitego show!<\/p>\n","protected":false},"author":4,"featured_media":6293,"comment_status":"closed","ping_status":"closed","sticky":false,"template":"","format":"standard","meta":{"colormag_page_container_layout":"default_layout","colormag_page_sidebar_layout":"default_layout","_jetpack_memberships_contains_paid_content":false,"footnotes":"","_links_to":"","_links_to_target":""},"categories":[6,5,12],"tags":[193,194,62,195],"class_list":["post-6251","post","type-post","status-publish","format-standard","has-post-thumbnail","hentry","category-kultura","category-muzyka","category-spoleczenstwo","tag-band","tag-music","tag-muzyka","tag-trending"],"yoast_head":"<!-- This site is optimized with the Yoast SEO plugin v27.4 - https:\/\/yoast.com\/product\/yoast-seo-wordpress\/ -->\n<title>DIVERSAL - debiut roku! - NOTABENE.WORLD<\/title>\n<meta name=\"robots\" content=\"index, follow, max-snippet:-1, max-image-preview:large, max-video-preview:-1\" \/>\n<link rel=\"canonical\" href=\"https:\/\/notabene.world\/nb\/diversal-debiut-roku\/\" \/>\n<meta property=\"og:locale\" content=\"pl_PL\" \/>\n<meta property=\"og:type\" content=\"article\" \/>\n<meta property=\"og:title\" content=\"DIVERSAL - debiut roku! - NOTABENE.WORLD\" \/>\n<meta property=\"og:description\" content=\"Diversal - jak z obcych ludzi stali si\u0119 najlepszymi przyjaci\u00f3\u0142mi, a co najwa\u017cniejsze zgran\u0105 grup\u0105 muzyk\u00f3w? Jakie s\u0105 ich plany? Gdzie mo\u017cecie ich us\u0142ysze\u0107? Wszystko to przeczytacie tylko w tym artykule. Ostatnie tygodnie zaj\u0119\u0142a im praca w studio nagraniowym. Towarzyszy\u0142am im podczas czwartego dnia nagrywek i to, co zobaczy\u0142am przesz\u0142o moje naj\u015bmielsze oczekiwania. Profesjonalizm, harmonia, zaufanie, kole\u017ce\u0144ska pomoc, odpowiedzialno\u015b\u0107 to tylko kilka okre\u015ble\u0144, kt\u00f3re i tak w pe\u0142ni nie opisuj\u0105 tego do\u015bwiadczenia. Przed wej\u015bciem do studia zacz\u0119li omawia\u0107 koncert, kt\u00f3ry grali dzie\u0144 wcze\u015bniej z okazji zako\u0144czenia roku szkolnego maturzyst\u00f3w w VI LO im. Juliusza S\u0142owackiego w Kielcach. Doceniali to, co uwa\u017cali za pozytywne aspekty wyst\u0119pu i my\u015bleli nad tym jak poprawi\u0107 niedoskona\u0142o\u015bci, to ju\u017c ich rytua\u0142. Plan\u00f3w na przysz\u0142o\u015b\u0107 w tej rozmowie nie zabrak\u0142o! Jak b\u0119dzie wygl\u0105da\u0107 teledysk? Ja ju\u017c wiem, a wy wyczekujcie niesamowitego show!\" \/>\n<meta property=\"og:url\" content=\"https:\/\/notabene.world\/nb\/diversal-debiut-roku\/\" \/>\n<meta property=\"og:site_name\" content=\"NOTABENE.WORLD\" \/>\n<meta property=\"article:publisher\" content=\"https:\/\/www.facebook.com\/Notabene.World\" \/>\n<meta property=\"article:published_time\" content=\"2022-06-08T06:00:00+00:00\" \/>\n<meta property=\"article:modified_time\" content=\"2022-06-19T10:25:17+00:00\" \/>\n<meta property=\"og:image\" content=\"https:\/\/notabene.world\/nb\/wp-content\/uploads\/2022\/06\/FOT-2-800.jpg\" \/>\n\t<meta property=\"og:image:width\" content=\"800\" \/>\n\t<meta property=\"og:image:height\" content=\"445\" \/>\n\t<meta property=\"og:image:type\" content=\"image\/jpeg\" \/>\n<meta name=\"author\" content=\"Wiktoria S\u0119k\" \/>\n<meta name=\"twitter:card\" content=\"summary_large_image\" \/>\n<meta name=\"twitter:label1\" content=\"Napisane przez\" \/>\n\t<meta name=\"twitter:data1\" content=\"Wiktoria S\u0119k\" \/>\n\t<meta name=\"twitter:label2\" content=\"Szacowany czas czytania\" \/>\n\t<meta name=\"twitter:data2\" content=\"5 minut\" \/>\n<script type=\"application\/ld+json\" class=\"yoast-schema-graph\">{\"@context\":\"https:\\\/\\\/schema.org\",\"@graph\":[{\"@type\":\"Article\",\"@id\":\"https:\\\/\\\/notabene.world\\\/nb\\\/diversal-debiut-roku\\\/#article\",\"isPartOf\":{\"@id\":\"https:\\\/\\\/notabene.world\\\/nb\\\/diversal-debiut-roku\\\/\"},\"author\":{\"name\":\"Wiktoria S\u0119k\",\"@id\":\"https:\\\/\\\/notabene.world\\\/nb\\\/#\\\/schema\\\/person\\\/f0c564b35774612eb9d01411cf7db155\"},\"headline\":\"DIVERSAL &#8211; debiut roku!\",\"datePublished\":\"2022-06-08T06:00:00+00:00\",\"dateModified\":\"2022-06-19T10:25:17+00:00\",\"mainEntityOfPage\":{\"@id\":\"https:\\\/\\\/notabene.world\\\/nb\\\/diversal-debiut-roku\\\/\"},\"wordCount\":567,\"publisher\":{\"@id\":\"https:\\\/\\\/notabene.world\\\/nb\\\/#organization\"},\"image\":{\"@id\":\"https:\\\/\\\/notabene.world\\\/nb\\\/diversal-debiut-roku\\\/#primaryimage\"},\"thumbnailUrl\":\"https:\\\/\\\/i0.wp.com\\\/notabene.world\\\/nb\\\/wp-content\\\/uploads\\\/2022\\\/06\\\/FOT-2-800.jpg?fit=800%2C445&ssl=1\",\"keywords\":[\"#band\",\"#music\",\"#muzyka\",\"#trending\"],\"articleSection\":[\"Kultura\",\"Muzyka\",\"Nasz \u015awiat\"],\"inLanguage\":\"pl-PL\"},{\"@type\":\"WebPage\",\"@id\":\"https:\\\/\\\/notabene.world\\\/nb\\\/diversal-debiut-roku\\\/\",\"url\":\"https:\\\/\\\/notabene.world\\\/nb\\\/diversal-debiut-roku\\\/\",\"name\":\"DIVERSAL - debiut roku! - NOTABENE.WORLD\",\"isPartOf\":{\"@id\":\"https:\\\/\\\/notabene.world\\\/nb\\\/#website\"},\"primaryImageOfPage\":{\"@id\":\"https:\\\/\\\/notabene.world\\\/nb\\\/diversal-debiut-roku\\\/#primaryimage\"},\"image\":{\"@id\":\"https:\\\/\\\/notabene.world\\\/nb\\\/diversal-debiut-roku\\\/#primaryimage\"},\"thumbnailUrl\":\"https:\\\/\\\/i0.wp.com\\\/notabene.world\\\/nb\\\/wp-content\\\/uploads\\\/2022\\\/06\\\/FOT-2-800.jpg?fit=800%2C445&ssl=1\",\"datePublished\":\"2022-06-08T06:00:00+00:00\",\"dateModified\":\"2022-06-19T10:25:17+00:00\",\"breadcrumb\":{\"@id\":\"https:\\\/\\\/notabene.world\\\/nb\\\/diversal-debiut-roku\\\/#breadcrumb\"},\"inLanguage\":\"pl-PL\",\"potentialAction\":[{\"@type\":\"ReadAction\",\"target\":[\"https:\\\/\\\/notabene.world\\\/nb\\\/diversal-debiut-roku\\\/\"]}]},{\"@type\":\"ImageObject\",\"inLanguage\":\"pl-PL\",\"@id\":\"https:\\\/\\\/notabene.world\\\/nb\\\/diversal-debiut-roku\\\/#primaryimage\",\"url\":\"https:\\\/\\\/i0.wp.com\\\/notabene.world\\\/nb\\\/wp-content\\\/uploads\\\/2022\\\/06\\\/FOT-2-800.jpg?fit=800%2C445&ssl=1\",\"contentUrl\":\"https:\\\/\\\/i0.wp.com\\\/notabene.world\\\/nb\\\/wp-content\\\/uploads\\\/2022\\\/06\\\/FOT-2-800.jpg?fit=800%2C445&ssl=1\",\"width\":800,\"height\":445},{\"@type\":\"BreadcrumbList\",\"@id\":\"https:\\\/\\\/notabene.world\\\/nb\\\/diversal-debiut-roku\\\/#breadcrumb\",\"itemListElement\":[{\"@type\":\"ListItem\",\"position\":1,\"name\":\"Home\",\"item\":\"https:\\\/\\\/notabene.world\\\/nb\\\/\"},{\"@type\":\"ListItem\",\"position\":2,\"name\":\"DIVERSAL &#8211; debiut roku!\"}]},{\"@type\":\"WebSite\",\"@id\":\"https:\\\/\\\/notabene.world\\\/nb\\\/#website\",\"url\":\"https:\\\/\\\/notabene.world\\\/nb\\\/\",\"name\":\"NOTABENE.WORLD\",\"description\":\"Przekaz. Warto\u015bci. Wsp\u00f3lnota.\",\"publisher\":{\"@id\":\"https:\\\/\\\/notabene.world\\\/nb\\\/#organization\"},\"potentialAction\":[{\"@type\":\"SearchAction\",\"target\":{\"@type\":\"EntryPoint\",\"urlTemplate\":\"https:\\\/\\\/notabene.world\\\/nb\\\/?s={search_term_string}\"},\"query-input\":{\"@type\":\"PropertyValueSpecification\",\"valueRequired\":true,\"valueName\":\"search_term_string\"}}],\"inLanguage\":\"pl-PL\"},{\"@type\":\"Organization\",\"@id\":\"https:\\\/\\\/notabene.world\\\/nb\\\/#organization\",\"name\":\"NOTABENE.WORLD\",\"url\":\"https:\\\/\\\/notabene.world\\\/nb\\\/\",\"logo\":{\"@type\":\"ImageObject\",\"inLanguage\":\"pl-PL\",\"@id\":\"https:\\\/\\\/notabene.world\\\/nb\\\/#\\\/schema\\\/logo\\\/image\\\/\",\"url\":\"https:\\\/\\\/notabene.world\\\/nb\\\/wp-content\\\/uploads\\\/2022\\\/01\\\/NB-club-start-www1.jpg\",\"contentUrl\":\"https:\\\/\\\/notabene.world\\\/nb\\\/wp-content\\\/uploads\\\/2022\\\/01\\\/NB-club-start-www1.jpg\",\"width\":1000,\"height\":839,\"caption\":\"NOTABENE.WORLD\"},\"image\":{\"@id\":\"https:\\\/\\\/notabene.world\\\/nb\\\/#\\\/schema\\\/logo\\\/image\\\/\"},\"sameAs\":[\"https:\\\/\\\/www.facebook.com\\\/Notabene.World\"]},{\"@type\":\"Person\",\"@id\":\"https:\\\/\\\/notabene.world\\\/nb\\\/#\\\/schema\\\/person\\\/f0c564b35774612eb9d01411cf7db155\",\"name\":\"Wiktoria S\u0119k\",\"image\":{\"@type\":\"ImageObject\",\"inLanguage\":\"pl-PL\",\"@id\":\"https:\\\/\\\/secure.gravatar.com\\\/avatar\\\/06090a995bb3a0f3689d57f910a642c6bc8f38e52120867ff3015b7ac22dcb80?s=96&d=mm&r=g\",\"url\":\"https:\\\/\\\/secure.gravatar.com\\\/avatar\\\/06090a995bb3a0f3689d57f910a642c6bc8f38e52120867ff3015b7ac22dcb80?s=96&d=mm&r=g\",\"contentUrl\":\"https:\\\/\\\/secure.gravatar.com\\\/avatar\\\/06090a995bb3a0f3689d57f910a642c6bc8f38e52120867ff3015b7ac22dcb80?s=96&d=mm&r=g\",\"caption\":\"Wiktoria S\u0119k\"},\"url\":\"https:\\\/\\\/notabene.world\\\/nb\\\/author\\\/wiktoria\\\/\"}]}<\/script>\n<!-- \/ Yoast SEO plugin. -->","yoast_head_json":{"title":"DIVERSAL - debiut roku! - NOTABENE.WORLD","robots":{"index":"index","follow":"follow","max-snippet":"max-snippet:-1","max-image-preview":"max-image-preview:large","max-video-preview":"max-video-preview:-1"},"canonical":"https:\/\/notabene.world\/nb\/diversal-debiut-roku\/","og_locale":"pl_PL","og_type":"article","og_title":"DIVERSAL - debiut roku! - NOTABENE.WORLD","og_description":"Diversal - jak z obcych ludzi stali si\u0119 najlepszymi przyjaci\u00f3\u0142mi, a co najwa\u017cniejsze zgran\u0105 grup\u0105 muzyk\u00f3w? Jakie s\u0105 ich plany? Gdzie mo\u017cecie ich us\u0142ysze\u0107? Wszystko to przeczytacie tylko w tym artykule. Ostatnie tygodnie zaj\u0119\u0142a im praca w studio nagraniowym. Towarzyszy\u0142am im podczas czwartego dnia nagrywek i to, co zobaczy\u0142am przesz\u0142o moje naj\u015bmielsze oczekiwania. Profesjonalizm, harmonia, zaufanie, kole\u017ce\u0144ska pomoc, odpowiedzialno\u015b\u0107 to tylko kilka okre\u015ble\u0144, kt\u00f3re i tak w pe\u0142ni nie opisuj\u0105 tego do\u015bwiadczenia. Przed wej\u015bciem do studia zacz\u0119li omawia\u0107 koncert, kt\u00f3ry grali dzie\u0144 wcze\u015bniej z okazji zako\u0144czenia roku szkolnego maturzyst\u00f3w w VI LO im. Juliusza S\u0142owackiego w Kielcach. Doceniali to, co uwa\u017cali za pozytywne aspekty wyst\u0119pu i my\u015bleli nad tym jak poprawi\u0107 niedoskona\u0142o\u015bci, to ju\u017c ich rytua\u0142. Plan\u00f3w na przysz\u0142o\u015b\u0107 w tej rozmowie nie zabrak\u0142o! Jak b\u0119dzie wygl\u0105da\u0107 teledysk? Ja ju\u017c wiem, a wy wyczekujcie niesamowitego show!","og_url":"https:\/\/notabene.world\/nb\/diversal-debiut-roku\/","og_site_name":"NOTABENE.WORLD","article_publisher":"https:\/\/www.facebook.com\/Notabene.World","article_published_time":"2022-06-08T06:00:00+00:00","article_modified_time":"2022-06-19T10:25:17+00:00","og_image":[{"width":800,"height":445,"url":"https:\/\/notabene.world\/nb\/wp-content\/uploads\/2022\/06\/FOT-2-800.jpg","type":"image\/jpeg"}],"author":"Wiktoria S\u0119k","twitter_card":"summary_large_image","twitter_misc":{"Napisane przez":"Wiktoria S\u0119k","Szacowany czas czytania":"5 minut"},"schema":{"@context":"https:\/\/schema.org","@graph":[{"@type":"Article","@id":"https:\/\/notabene.world\/nb\/diversal-debiut-roku\/#article","isPartOf":{"@id":"https:\/\/notabene.world\/nb\/diversal-debiut-roku\/"},"author":{"name":"Wiktoria S\u0119k","@id":"https:\/\/notabene.world\/nb\/#\/schema\/person\/f0c564b35774612eb9d01411cf7db155"},"headline":"DIVERSAL &#8211; debiut roku!","datePublished":"2022-06-08T06:00:00+00:00","dateModified":"2022-06-19T10:25:17+00:00","mainEntityOfPage":{"@id":"https:\/\/notabene.world\/nb\/diversal-debiut-roku\/"},"wordCount":567,"publisher":{"@id":"https:\/\/notabene.world\/nb\/#organization"},"image":{"@id":"https:\/\/notabene.world\/nb\/diversal-debiut-roku\/#primaryimage"},"thumbnailUrl":"https:\/\/i0.wp.com\/notabene.world\/nb\/wp-content\/uploads\/2022\/06\/FOT-2-800.jpg?fit=800%2C445&ssl=1","keywords":["#band","#music","#muzyka","#trending"],"articleSection":["Kultura","Muzyka","Nasz \u015awiat"],"inLanguage":"pl-PL"},{"@type":"WebPage","@id":"https:\/\/notabene.world\/nb\/diversal-debiut-roku\/","url":"https:\/\/notabene.world\/nb\/diversal-debiut-roku\/","name":"DIVERSAL - debiut roku! - NOTABENE.WORLD","isPartOf":{"@id":"https:\/\/notabene.world\/nb\/#website"},"primaryImageOfPage":{"@id":"https:\/\/notabene.world\/nb\/diversal-debiut-roku\/#primaryimage"},"image":{"@id":"https:\/\/notabene.world\/nb\/diversal-debiut-roku\/#primaryimage"},"thumbnailUrl":"https:\/\/i0.wp.com\/notabene.world\/nb\/wp-content\/uploads\/2022\/06\/FOT-2-800.jpg?fit=800%2C445&ssl=1","datePublished":"2022-06-08T06:00:00+00:00","dateModified":"2022-06-19T10:25:17+00:00","breadcrumb":{"@id":"https:\/\/notabene.world\/nb\/diversal-debiut-roku\/#breadcrumb"},"inLanguage":"pl-PL","potentialAction":[{"@type":"ReadAction","target":["https:\/\/notabene.world\/nb\/diversal-debiut-roku\/"]}]},{"@type":"ImageObject","inLanguage":"pl-PL","@id":"https:\/\/notabene.world\/nb\/diversal-debiut-roku\/#primaryimage","url":"https:\/\/i0.wp.com\/notabene.world\/nb\/wp-content\/uploads\/2022\/06\/FOT-2-800.jpg?fit=800%2C445&ssl=1","contentUrl":"https:\/\/i0.wp.com\/notabene.world\/nb\/wp-content\/uploads\/2022\/06\/FOT-2-800.jpg?fit=800%2C445&ssl=1","width":800,"height":445},{"@type":"BreadcrumbList","@id":"https:\/\/notabene.world\/nb\/diversal-debiut-roku\/#breadcrumb","itemListElement":[{"@type":"ListItem","position":1,"name":"Home","item":"https:\/\/notabene.world\/nb\/"},{"@type":"ListItem","position":2,"name":"DIVERSAL &#8211; debiut roku!"}]},{"@type":"WebSite","@id":"https:\/\/notabene.world\/nb\/#website","url":"https:\/\/notabene.world\/nb\/","name":"NOTABENE.WORLD","description":"Przekaz. Warto\u015bci. Wsp\u00f3lnota.","publisher":{"@id":"https:\/\/notabene.world\/nb\/#organization"},"potentialAction":[{"@type":"SearchAction","target":{"@type":"EntryPoint","urlTemplate":"https:\/\/notabene.world\/nb\/?s={search_term_string}"},"query-input":{"@type":"PropertyValueSpecification","valueRequired":true,"valueName":"search_term_string"}}],"inLanguage":"pl-PL"},{"@type":"Organization","@id":"https:\/\/notabene.world\/nb\/#organization","name":"NOTABENE.WORLD","url":"https:\/\/notabene.world\/nb\/","logo":{"@type":"ImageObject","inLanguage":"pl-PL","@id":"https:\/\/notabene.world\/nb\/#\/schema\/logo\/image\/","url":"https:\/\/notabene.world\/nb\/wp-content\/uploads\/2022\/01\/NB-club-start-www1.jpg","contentUrl":"https:\/\/notabene.world\/nb\/wp-content\/uploads\/2022\/01\/NB-club-start-www1.jpg","width":1000,"height":839,"caption":"NOTABENE.WORLD"},"image":{"@id":"https:\/\/notabene.world\/nb\/#\/schema\/logo\/image\/"},"sameAs":["https:\/\/www.facebook.com\/Notabene.World"]},{"@type":"Person","@id":"https:\/\/notabene.world\/nb\/#\/schema\/person\/f0c564b35774612eb9d01411cf7db155","name":"Wiktoria S\u0119k","image":{"@type":"ImageObject","inLanguage":"pl-PL","@id":"https:\/\/secure.gravatar.com\/avatar\/06090a995bb3a0f3689d57f910a642c6bc8f38e52120867ff3015b7ac22dcb80?s=96&d=mm&r=g","url":"https:\/\/secure.gravatar.com\/avatar\/06090a995bb3a0f3689d57f910a642c6bc8f38e52120867ff3015b7ac22dcb80?s=96&d=mm&r=g","contentUrl":"https:\/\/secure.gravatar.com\/avatar\/06090a995bb3a0f3689d57f910a642c6bc8f38e52120867ff3015b7ac22dcb80?s=96&d=mm&r=g","caption":"Wiktoria S\u0119k"},"url":"https:\/\/notabene.world\/nb\/author\/wiktoria\/"}]}},"jetpack_featured_media_url":"https:\/\/i0.wp.com\/notabene.world\/nb\/wp-content\/uploads\/2022\/06\/FOT-2-800.jpg?fit=800%2C445&ssl=1","jetpack_sharing_enabled":true,"jetpack_shortlink":"https:\/\/wp.me\/pdCobN-1CP","_links":{"self":[{"href":"https:\/\/notabene.world\/nb\/wp-json\/wp\/v2\/posts\/6251","targetHints":{"allow":["GET"]}}],"collection":[{"href":"https:\/\/notabene.world\/nb\/wp-json\/wp\/v2\/posts"}],"about":[{"href":"https:\/\/notabene.world\/nb\/wp-json\/wp\/v2\/types\/post"}],"author":[{"embeddable":true,"href":"https:\/\/notabene.world\/nb\/wp-json\/wp\/v2\/users\/4"}],"replies":[{"embeddable":true,"href":"https:\/\/notabene.world\/nb\/wp-json\/wp\/v2\/comments?post=6251"}],"version-history":[{"count":5,"href":"https:\/\/notabene.world\/nb\/wp-json\/wp\/v2\/posts\/6251\/revisions"}],"predecessor-version":[{"id":6304,"href":"https:\/\/notabene.world\/nb\/wp-json\/wp\/v2\/posts\/6251\/revisions\/6304"}],"wp:featuredmedia":[{"embeddable":true,"href":"https:\/\/notabene.world\/nb\/wp-json\/wp\/v2\/media\/6293"}],"wp:attachment":[{"href":"https:\/\/notabene.world\/nb\/wp-json\/wp\/v2\/media?parent=6251"}],"wp:term":[{"taxonomy":"category","embeddable":true,"href":"https:\/\/notabene.world\/nb\/wp-json\/wp\/v2\/categories?post=6251"},{"taxonomy":"post_tag","embeddable":true,"href":"https:\/\/notabene.world\/nb\/wp-json\/wp\/v2\/tags?post=6251"}],"curies":[{"name":"wp","href":"https:\/\/api.w.org\/{rel}","templated":true}]}}