{"id":6260,"date":"2022-06-07T11:05:47","date_gmt":"2022-06-07T09:05:47","guid":{"rendered":"https:\/\/notabene.world\/nb\/?p=6260"},"modified":"2022-07-11T15:22:16","modified_gmt":"2022-07-11T13:22:16","slug":"sto-dni-to-za-malo","status":"publish","type":"post","link":"https:\/\/notabene.world\/nb\/sto-dni-to-za-malo\/","title":{"rendered":"Sto dni to za ma\u0142o&#8230;"},"content":{"rendered":"\n<p>S\u0142abn\u0105ce komentarze. Albo ich brak. Kolejny udost\u0119pniony post o wojnie na Ukrainie nie wywo\u0142uj\u0105cy reakcji. Wojna nie jest ju\u017c tak samo gor\u0105cym tematem jak w marcu lub kwietniu. Teraz wolimy cieszy\u0107 si\u0119 s\u0142o\u0144cem i ko\u0144cem pandemii&#8230;&nbsp;<\/p>\n\n\n\n<p>Jaki\u015b pogubiony angloj\u0119zyczny komentator, a mo\u017ce&nbsp; nawet troll sugeruje, \u017ce Ukraina chce wygra\u0107 wojn\u0119 w social mediach, bo w rzeczywisto\u015bci to ju\u017c tak \u0142atwo nie idzie.&nbsp; Niby wiemy o tym, \u017ce nie mo\u017ce by\u0107 to \u0142atwe&#8230; Przecie\u017c proporcje si\u0142 s\u0105 znane od samego pocz\u0105tku rosyjskiej agresji. Wydawa\u0142o by si\u0119, \u017ce skoro Ukrai\u0144cy broni\u0105 si\u0119 tak d\u0142ugo to wr\u0119cz cud&#8230; Czy\u017cby wystarczaj\u0105cy? Wszak informacje o rosyjskich gwa\u0142tach i bestialstwie ju\u017c nie wstrz\u0105saj\u0105 nami tak samo jak pierwsze dane o masakrze w Buczy&#8230;&nbsp;<\/p>\n\n\n\n<p>Przypomnia\u0142 mi si\u0119 fragment filmu Konrada \u0141\u0119ckiego o zbrodni katy\u0144skiej pt. &#8222;Pre mortem&#8221;&#8230; W ko\u0144c\u00f3wce oficer NKWD zaraz po dokonanej egzekucji na polskich je\u0144cach,&nbsp; wraca domu, je obiad i bawi si\u0119 z c\u00f3reczk\u0105 o imieniu Masza. Na pytanie \u017cony o to jak by\u0142o w pracy, odpowiada &#8222;Normalno&#8221;&#8230;&nbsp;<\/p>\n\n\n\n<p>Dla kradn\u0105cych ukrai\u0144skie mienie,&nbsp; gwa\u0142cacych i morduj\u0105cych cywili so\u0142dat\u00f3w&nbsp;by\u0107 mo\u017ce te\u017c wszystko to jest &#8222;normalno&#8221;. Czy\u017cby nasze zm\u0119czenie wojn\u0105 w Ukrainie, dziwne g\u0142osy &#8222;peace&#8217;maker\u00f3w&#8221;, \u017ce mo\u017ce trzeba by rosyjski apetyt na cudze zaspokoi\u0107 jakimi\u015b ust\u0119pstwami terytorialnymi, odpychanie \u015bwiadomo\u015bci o rozgrywaj\u0105cym si\u0119 obok nas dramacie, te\u017c s\u0105 &#8222;normalno&#8221;?<\/p>\n\n\n\n<p>Mo\u017ce sto dni to za ma\u0142o, aby\u015bmy u\u015bwiadomili sobie, jakie zagro\u017cenie dla naszego czlowieczenstwa niesie unikanie lub dezawuowanie tematu tej wojny, chocia\u017c niby nie uczestniczymy w niej bezpo\u015brednio. Czy nam si\u0119 to podoba, czy nie,&nbsp; ten konflikt dotyczy tak\u017ce nas. Pomimo tego, \u017ce&nbsp;rosyjskie czo\u0142gi p\u0142on\u0105 pod Charkowem, a nie Krakowem, a statystyki dotycz\u0105 zabitych nieco dalej od naszych granic ni\u017c jeszcze dwa miesi\u0105ce temu, mam przeczucie, \u017ce nasza kondycja nie b\u0119dzie si\u0119 poprawia\u0107 wraz z up\u0142ywem czasu odmierzanego hukiem haubic i rakiet w Doniecku i Luga\u0144sku.<\/p>\n","protected":false},"excerpt":{"rendered":"<p>S\u0142abn\u0105ce komentarze. Albo ich brak. Kolejny udost\u0119pniony post o wojnie na Ukrainie nie wywo\u0142uj\u0105cy reakcji. Wojna nie jest ju\u017c tak samo gor\u0105cym tematem jak w marcu lub kwietniu. Teraz wolimy cieszy\u0107 si\u0119 s\u0142o\u0144cem i ko\u0144cem pandemii&#8230; <\/p>\n<p>Jaki\u015b pogubiony angloj\u0119zyczny komentator, a mo\u017ce  nawet troll sugeruje, \u017ce Ukraina chce wygra\u0107 wojn\u0119 w social mediach, bo w rzeczywisto\u015bci to ju\u017c tak \u0142atwo nie idzie.  Niby wiemy o tym, \u017ce nie mo\u017ce by\u0107 to \u0142atwe&#8230; Przecie\u017c proporcje si\u0142 s\u0105 znane od samego pocz\u0105tku rosyjskiej agresji. Wydawa\u0142o by si\u0119, \u017ce skoro Ukrai\u0144cy broni\u0105 si\u0119 tak d\u0142ugo to wr\u0119cz cud&#8230; Czy\u017cby wystarczaj\u0105cy? Wszak informacje o rosyjskich gwa\u0142tach i bestialstwie ju\u017c nie wstrz\u0105saj\u0105 nami tak samo jak pierwsze dane o masakrze w Buczy&#8230; <\/p>\n<p>Przypomnia\u0142 mi si\u0119 fragment filmu Konrada \u0141\u0119ckiego o zbrodni katy\u0144skiej pt. &#8222;Pre mortem&#8221;&#8230; W ko\u0144c\u00f3wce oficer NKWD zaraz po dokonanej egzekucji na polskich je\u0144cach,\u00a0 wraca domu, je obiad i bawi si\u0119 z c\u00f3reczk\u0105 o imieniu Masza. Na pytanie \u017cony o to jak by\u0142o w pracy, odpowiada &#8222;Normalno&#8221;&#8230;\u00a0<\/p>\n","protected":false},"author":34,"featured_media":6264,"comment_status":"closed","ping_status":"closed","sticky":false,"template":"","format":"standard","meta":{"colormag_page_container_layout":"default_layout","colormag_page_sidebar_layout":"default_layout","_jetpack_memberships_contains_paid_content":false,"footnotes":"","_links_to":"","_links_to_target":""},"categories":[64,42,47],"tags":[],"class_list":["post-6260","post","type-post","status-publish","format-standard","has-post-thumbnail","hentry","category-aktualnosci","category-felietony","category-polecane"],"yoast_head":"<!-- This site is optimized with the Yoast SEO plugin v27.4 - https:\/\/yoast.com\/product\/yoast-seo-wordpress\/ -->\n<title>Sto dni to za ma\u0142o... - NOTABENE.WORLD<\/title>\n<meta name=\"robots\" content=\"index, follow, max-snippet:-1, max-image-preview:large, max-video-preview:-1\" \/>\n<link rel=\"canonical\" href=\"https:\/\/notabene.world\/nb\/sto-dni-to-za-malo\/\" \/>\n<meta property=\"og:locale\" content=\"pl_PL\" \/>\n<meta property=\"og:type\" content=\"article\" \/>\n<meta property=\"og:title\" content=\"Sto dni to za ma\u0142o... - NOTABENE.WORLD\" \/>\n<meta property=\"og:description\" content=\"S\u0142abn\u0105ce komentarze. Albo ich brak. Kolejny udost\u0119pniony post o wojnie na Ukrainie nie wywo\u0142uj\u0105cy reakcji. Wojna nie jest ju\u017c tak samo gor\u0105cym tematem jak w marcu lub kwietniu. Teraz wolimy cieszy\u0107 si\u0119 s\u0142o\u0144cem i ko\u0144cem pandemii...  Jaki\u015b pogubiony angloj\u0119zyczny komentator, a mo\u017ce nawet troll sugeruje, \u017ce Ukraina chce wygra\u0107 wojn\u0119 w social mediach, bo w rzeczywisto\u015bci to ju\u017c tak \u0142atwo nie idzie. Niby wiemy o tym, \u017ce nie mo\u017ce by\u0107 to \u0142atwe... Przecie\u017c proporcje si\u0142 s\u0105 znane od samego pocz\u0105tku rosyjskiej agresji. Wydawa\u0142o by si\u0119, \u017ce skoro Ukrai\u0144cy broni\u0105 si\u0119 tak d\u0142ugo to wr\u0119cz cud... Czy\u017cby wystarczaj\u0105cy? Wszak informacje o rosyjskich gwa\u0142tach i bestialstwie ju\u017c nie wstrz\u0105saj\u0105 nami tak samo jak pierwsze dane o masakrze w Buczy...  Przypomnia\u0142 mi si\u0119 fragment filmu Konrada \u0141\u0119ckiego o zbrodni katy\u0144skiej pt. &quot;Pre mortem&quot;... W ko\u0144c\u00f3wce oficer NKWD zaraz po dokonanej egzekucji na polskich je\u0144cach,\u00a0 wraca domu, je obiad i bawi si\u0119 z c\u00f3reczk\u0105 o imieniu Masza. Na pytanie \u017cony o to jak by\u0142o w pracy, odpowiada &quot;Normalno&quot;...\u00a0\" \/>\n<meta property=\"og:url\" content=\"https:\/\/notabene.world\/nb\/sto-dni-to-za-malo\/\" \/>\n<meta property=\"og:site_name\" content=\"NOTABENE.WORLD\" \/>\n<meta property=\"article:publisher\" content=\"https:\/\/www.facebook.com\/Notabene.World\" \/>\n<meta property=\"article:published_time\" content=\"2022-06-07T09:05:47+00:00\" \/>\n<meta property=\"article:modified_time\" content=\"2022-07-11T13:22:16+00:00\" \/>\n<meta property=\"og:image\" content=\"https:\/\/notabene.world\/nb\/wp-content\/uploads\/2022\/06\/ukr2.jpg\" \/>\n\t<meta property=\"og:image:width\" content=\"800\" \/>\n\t<meta property=\"og:image:height\" content=\"445\" \/>\n\t<meta property=\"og:image:type\" content=\"image\/jpeg\" \/>\n<meta name=\"author\" content=\"Andrzej Przychodni\" \/>\n<meta name=\"twitter:card\" content=\"summary_large_image\" \/>\n<meta name=\"twitter:label1\" content=\"Napisane przez\" \/>\n\t<meta name=\"twitter:data1\" content=\"Andrzej Przychodni\" \/>\n\t<meta name=\"twitter:label2\" content=\"Szacowany czas czytania\" \/>\n\t<meta name=\"twitter:data2\" content=\"2 minuty\" \/>\n<script type=\"application\/ld+json\" class=\"yoast-schema-graph\">{\"@context\":\"https:\\\/\\\/schema.org\",\"@graph\":[{\"@type\":\"Article\",\"@id\":\"https:\\\/\\\/notabene.world\\\/nb\\\/sto-dni-to-za-malo\\\/#article\",\"isPartOf\":{\"@id\":\"https:\\\/\\\/notabene.world\\\/nb\\\/sto-dni-to-za-malo\\\/\"},\"author\":{\"name\":\"Andrzej Przychodni\",\"@id\":\"https:\\\/\\\/notabene.world\\\/nb\\\/#\\\/schema\\\/person\\\/2b7cad700674930906781d67215bede8\"},\"headline\":\"Sto dni to za ma\u0142o&#8230;\",\"datePublished\":\"2022-06-07T09:05:47+00:00\",\"dateModified\":\"2022-07-11T13:22:16+00:00\",\"mainEntityOfPage\":{\"@id\":\"https:\\\/\\\/notabene.world\\\/nb\\\/sto-dni-to-za-malo\\\/\"},\"wordCount\":372,\"publisher\":{\"@id\":\"https:\\\/\\\/notabene.world\\\/nb\\\/#organization\"},\"image\":{\"@id\":\"https:\\\/\\\/notabene.world\\\/nb\\\/sto-dni-to-za-malo\\\/#primaryimage\"},\"thumbnailUrl\":\"https:\\\/\\\/i0.wp.com\\\/notabene.world\\\/nb\\\/wp-content\\\/uploads\\\/2022\\\/06\\\/ukr2.jpg?fit=800%2C445&ssl=1\",\"articleSection\":[\"Aktualno\u015bci\",\"Felietony\",\"Polecane\"],\"inLanguage\":\"pl-PL\"},{\"@type\":\"WebPage\",\"@id\":\"https:\\\/\\\/notabene.world\\\/nb\\\/sto-dni-to-za-malo\\\/\",\"url\":\"https:\\\/\\\/notabene.world\\\/nb\\\/sto-dni-to-za-malo\\\/\",\"name\":\"Sto dni to za ma\u0142o... - NOTABENE.WORLD\",\"isPartOf\":{\"@id\":\"https:\\\/\\\/notabene.world\\\/nb\\\/#website\"},\"primaryImageOfPage\":{\"@id\":\"https:\\\/\\\/notabene.world\\\/nb\\\/sto-dni-to-za-malo\\\/#primaryimage\"},\"image\":{\"@id\":\"https:\\\/\\\/notabene.world\\\/nb\\\/sto-dni-to-za-malo\\\/#primaryimage\"},\"thumbnailUrl\":\"https:\\\/\\\/i0.wp.com\\\/notabene.world\\\/nb\\\/wp-content\\\/uploads\\\/2022\\\/06\\\/ukr2.jpg?fit=800%2C445&ssl=1\",\"datePublished\":\"2022-06-07T09:05:47+00:00\",\"dateModified\":\"2022-07-11T13:22:16+00:00\",\"breadcrumb\":{\"@id\":\"https:\\\/\\\/notabene.world\\\/nb\\\/sto-dni-to-za-malo\\\/#breadcrumb\"},\"inLanguage\":\"pl-PL\",\"potentialAction\":[{\"@type\":\"ReadAction\",\"target\":[\"https:\\\/\\\/notabene.world\\\/nb\\\/sto-dni-to-za-malo\\\/\"]}]},{\"@type\":\"ImageObject\",\"inLanguage\":\"pl-PL\",\"@id\":\"https:\\\/\\\/notabene.world\\\/nb\\\/sto-dni-to-za-malo\\\/#primaryimage\",\"url\":\"https:\\\/\\\/i0.wp.com\\\/notabene.world\\\/nb\\\/wp-content\\\/uploads\\\/2022\\\/06\\\/ukr2.jpg?fit=800%2C445&ssl=1\",\"contentUrl\":\"https:\\\/\\\/i0.wp.com\\\/notabene.world\\\/nb\\\/wp-content\\\/uploads\\\/2022\\\/06\\\/ukr2.jpg?fit=800%2C445&ssl=1\",\"width\":800,\"height\":445},{\"@type\":\"BreadcrumbList\",\"@id\":\"https:\\\/\\\/notabene.world\\\/nb\\\/sto-dni-to-za-malo\\\/#breadcrumb\",\"itemListElement\":[{\"@type\":\"ListItem\",\"position\":1,\"name\":\"Home\",\"item\":\"https:\\\/\\\/notabene.world\\\/nb\\\/\"},{\"@type\":\"ListItem\",\"position\":2,\"name\":\"Sto dni to za ma\u0142o&#8230;\"}]},{\"@type\":\"WebSite\",\"@id\":\"https:\\\/\\\/notabene.world\\\/nb\\\/#website\",\"url\":\"https:\\\/\\\/notabene.world\\\/nb\\\/\",\"name\":\"NOTABENE.WORLD\",\"description\":\"Przekaz. Warto\u015bci. Wsp\u00f3lnota.\",\"publisher\":{\"@id\":\"https:\\\/\\\/notabene.world\\\/nb\\\/#organization\"},\"potentialAction\":[{\"@type\":\"SearchAction\",\"target\":{\"@type\":\"EntryPoint\",\"urlTemplate\":\"https:\\\/\\\/notabene.world\\\/nb\\\/?s={search_term_string}\"},\"query-input\":{\"@type\":\"PropertyValueSpecification\",\"valueRequired\":true,\"valueName\":\"search_term_string\"}}],\"inLanguage\":\"pl-PL\"},{\"@type\":\"Organization\",\"@id\":\"https:\\\/\\\/notabene.world\\\/nb\\\/#organization\",\"name\":\"NOTABENE.WORLD\",\"url\":\"https:\\\/\\\/notabene.world\\\/nb\\\/\",\"logo\":{\"@type\":\"ImageObject\",\"inLanguage\":\"pl-PL\",\"@id\":\"https:\\\/\\\/notabene.world\\\/nb\\\/#\\\/schema\\\/logo\\\/image\\\/\",\"url\":\"https:\\\/\\\/notabene.world\\\/nb\\\/wp-content\\\/uploads\\\/2022\\\/01\\\/NB-club-start-www1.jpg\",\"contentUrl\":\"https:\\\/\\\/notabene.world\\\/nb\\\/wp-content\\\/uploads\\\/2022\\\/01\\\/NB-club-start-www1.jpg\",\"width\":1000,\"height\":839,\"caption\":\"NOTABENE.WORLD\"},\"image\":{\"@id\":\"https:\\\/\\\/notabene.world\\\/nb\\\/#\\\/schema\\\/logo\\\/image\\\/\"},\"sameAs\":[\"https:\\\/\\\/www.facebook.com\\\/Notabene.World\"]},{\"@type\":\"Person\",\"@id\":\"https:\\\/\\\/notabene.world\\\/nb\\\/#\\\/schema\\\/person\\\/2b7cad700674930906781d67215bede8\",\"name\":\"Andrzej Przychodni\",\"image\":{\"@type\":\"ImageObject\",\"inLanguage\":\"pl-PL\",\"@id\":\"https:\\\/\\\/secure.gravatar.com\\\/avatar\\\/59cf61ea3d9013b543b2632c50eed86eaf659f714e68a721e67a1a746964b8be?s=96&d=mm&r=g\",\"url\":\"https:\\\/\\\/secure.gravatar.com\\\/avatar\\\/59cf61ea3d9013b543b2632c50eed86eaf659f714e68a721e67a1a746964b8be?s=96&d=mm&r=g\",\"contentUrl\":\"https:\\\/\\\/secure.gravatar.com\\\/avatar\\\/59cf61ea3d9013b543b2632c50eed86eaf659f714e68a721e67a1a746964b8be?s=96&d=mm&r=g\",\"caption\":\"Andrzej Przychodni\"},\"url\":\"https:\\\/\\\/notabene.world\\\/nb\\\/author\\\/an-p\\\/\"}]}<\/script>\n<!-- \/ Yoast SEO plugin. -->","yoast_head_json":{"title":"Sto dni to za ma\u0142o... - NOTABENE.WORLD","robots":{"index":"index","follow":"follow","max-snippet":"max-snippet:-1","max-image-preview":"max-image-preview:large","max-video-preview":"max-video-preview:-1"},"canonical":"https:\/\/notabene.world\/nb\/sto-dni-to-za-malo\/","og_locale":"pl_PL","og_type":"article","og_title":"Sto dni to za ma\u0142o... - NOTABENE.WORLD","og_description":"S\u0142abn\u0105ce komentarze. Albo ich brak. Kolejny udost\u0119pniony post o wojnie na Ukrainie nie wywo\u0142uj\u0105cy reakcji. Wojna nie jest ju\u017c tak samo gor\u0105cym tematem jak w marcu lub kwietniu. Teraz wolimy cieszy\u0107 si\u0119 s\u0142o\u0144cem i ko\u0144cem pandemii...  Jaki\u015b pogubiony angloj\u0119zyczny komentator, a mo\u017ce nawet troll sugeruje, \u017ce Ukraina chce wygra\u0107 wojn\u0119 w social mediach, bo w rzeczywisto\u015bci to ju\u017c tak \u0142atwo nie idzie. Niby wiemy o tym, \u017ce nie mo\u017ce by\u0107 to \u0142atwe... Przecie\u017c proporcje si\u0142 s\u0105 znane od samego pocz\u0105tku rosyjskiej agresji. Wydawa\u0142o by si\u0119, \u017ce skoro Ukrai\u0144cy broni\u0105 si\u0119 tak d\u0142ugo to wr\u0119cz cud... Czy\u017cby wystarczaj\u0105cy? Wszak informacje o rosyjskich gwa\u0142tach i bestialstwie ju\u017c nie wstrz\u0105saj\u0105 nami tak samo jak pierwsze dane o masakrze w Buczy...  Przypomnia\u0142 mi si\u0119 fragment filmu Konrada \u0141\u0119ckiego o zbrodni katy\u0144skiej pt. \"Pre mortem\"... W ko\u0144c\u00f3wce oficer NKWD zaraz po dokonanej egzekucji na polskich je\u0144cach,\u00a0 wraca domu, je obiad i bawi si\u0119 z c\u00f3reczk\u0105 o imieniu Masza. Na pytanie \u017cony o to jak by\u0142o w pracy, odpowiada \"Normalno\"...\u00a0","og_url":"https:\/\/notabene.world\/nb\/sto-dni-to-za-malo\/","og_site_name":"NOTABENE.WORLD","article_publisher":"https:\/\/www.facebook.com\/Notabene.World","article_published_time":"2022-06-07T09:05:47+00:00","article_modified_time":"2022-07-11T13:22:16+00:00","og_image":[{"width":800,"height":445,"url":"https:\/\/notabene.world\/nb\/wp-content\/uploads\/2022\/06\/ukr2.jpg","type":"image\/jpeg"}],"author":"Andrzej Przychodni","twitter_card":"summary_large_image","twitter_misc":{"Napisane przez":"Andrzej Przychodni","Szacowany czas czytania":"2 minuty"},"schema":{"@context":"https:\/\/schema.org","@graph":[{"@type":"Article","@id":"https:\/\/notabene.world\/nb\/sto-dni-to-za-malo\/#article","isPartOf":{"@id":"https:\/\/notabene.world\/nb\/sto-dni-to-za-malo\/"},"author":{"name":"Andrzej Przychodni","@id":"https:\/\/notabene.world\/nb\/#\/schema\/person\/2b7cad700674930906781d67215bede8"},"headline":"Sto dni to za ma\u0142o&#8230;","datePublished":"2022-06-07T09:05:47+00:00","dateModified":"2022-07-11T13:22:16+00:00","mainEntityOfPage":{"@id":"https:\/\/notabene.world\/nb\/sto-dni-to-za-malo\/"},"wordCount":372,"publisher":{"@id":"https:\/\/notabene.world\/nb\/#organization"},"image":{"@id":"https:\/\/notabene.world\/nb\/sto-dni-to-za-malo\/#primaryimage"},"thumbnailUrl":"https:\/\/i0.wp.com\/notabene.world\/nb\/wp-content\/uploads\/2022\/06\/ukr2.jpg?fit=800%2C445&ssl=1","articleSection":["Aktualno\u015bci","Felietony","Polecane"],"inLanguage":"pl-PL"},{"@type":"WebPage","@id":"https:\/\/notabene.world\/nb\/sto-dni-to-za-malo\/","url":"https:\/\/notabene.world\/nb\/sto-dni-to-za-malo\/","name":"Sto dni to za ma\u0142o... - NOTABENE.WORLD","isPartOf":{"@id":"https:\/\/notabene.world\/nb\/#website"},"primaryImageOfPage":{"@id":"https:\/\/notabene.world\/nb\/sto-dni-to-za-malo\/#primaryimage"},"image":{"@id":"https:\/\/notabene.world\/nb\/sto-dni-to-za-malo\/#primaryimage"},"thumbnailUrl":"https:\/\/i0.wp.com\/notabene.world\/nb\/wp-content\/uploads\/2022\/06\/ukr2.jpg?fit=800%2C445&ssl=1","datePublished":"2022-06-07T09:05:47+00:00","dateModified":"2022-07-11T13:22:16+00:00","breadcrumb":{"@id":"https:\/\/notabene.world\/nb\/sto-dni-to-za-malo\/#breadcrumb"},"inLanguage":"pl-PL","potentialAction":[{"@type":"ReadAction","target":["https:\/\/notabene.world\/nb\/sto-dni-to-za-malo\/"]}]},{"@type":"ImageObject","inLanguage":"pl-PL","@id":"https:\/\/notabene.world\/nb\/sto-dni-to-za-malo\/#primaryimage","url":"https:\/\/i0.wp.com\/notabene.world\/nb\/wp-content\/uploads\/2022\/06\/ukr2.jpg?fit=800%2C445&ssl=1","contentUrl":"https:\/\/i0.wp.com\/notabene.world\/nb\/wp-content\/uploads\/2022\/06\/ukr2.jpg?fit=800%2C445&ssl=1","width":800,"height":445},{"@type":"BreadcrumbList","@id":"https:\/\/notabene.world\/nb\/sto-dni-to-za-malo\/#breadcrumb","itemListElement":[{"@type":"ListItem","position":1,"name":"Home","item":"https:\/\/notabene.world\/nb\/"},{"@type":"ListItem","position":2,"name":"Sto dni to za ma\u0142o&#8230;"}]},{"@type":"WebSite","@id":"https:\/\/notabene.world\/nb\/#website","url":"https:\/\/notabene.world\/nb\/","name":"NOTABENE.WORLD","description":"Przekaz. Warto\u015bci. Wsp\u00f3lnota.","publisher":{"@id":"https:\/\/notabene.world\/nb\/#organization"},"potentialAction":[{"@type":"SearchAction","target":{"@type":"EntryPoint","urlTemplate":"https:\/\/notabene.world\/nb\/?s={search_term_string}"},"query-input":{"@type":"PropertyValueSpecification","valueRequired":true,"valueName":"search_term_string"}}],"inLanguage":"pl-PL"},{"@type":"Organization","@id":"https:\/\/notabene.world\/nb\/#organization","name":"NOTABENE.WORLD","url":"https:\/\/notabene.world\/nb\/","logo":{"@type":"ImageObject","inLanguage":"pl-PL","@id":"https:\/\/notabene.world\/nb\/#\/schema\/logo\/image\/","url":"https:\/\/notabene.world\/nb\/wp-content\/uploads\/2022\/01\/NB-club-start-www1.jpg","contentUrl":"https:\/\/notabene.world\/nb\/wp-content\/uploads\/2022\/01\/NB-club-start-www1.jpg","width":1000,"height":839,"caption":"NOTABENE.WORLD"},"image":{"@id":"https:\/\/notabene.world\/nb\/#\/schema\/logo\/image\/"},"sameAs":["https:\/\/www.facebook.com\/Notabene.World"]},{"@type":"Person","@id":"https:\/\/notabene.world\/nb\/#\/schema\/person\/2b7cad700674930906781d67215bede8","name":"Andrzej Przychodni","image":{"@type":"ImageObject","inLanguage":"pl-PL","@id":"https:\/\/secure.gravatar.com\/avatar\/59cf61ea3d9013b543b2632c50eed86eaf659f714e68a721e67a1a746964b8be?s=96&d=mm&r=g","url":"https:\/\/secure.gravatar.com\/avatar\/59cf61ea3d9013b543b2632c50eed86eaf659f714e68a721e67a1a746964b8be?s=96&d=mm&r=g","contentUrl":"https:\/\/secure.gravatar.com\/avatar\/59cf61ea3d9013b543b2632c50eed86eaf659f714e68a721e67a1a746964b8be?s=96&d=mm&r=g","caption":"Andrzej Przychodni"},"url":"https:\/\/notabene.world\/nb\/author\/an-p\/"}]}},"jetpack_featured_media_url":"https:\/\/i0.wp.com\/notabene.world\/nb\/wp-content\/uploads\/2022\/06\/ukr2.jpg?fit=800%2C445&ssl=1","jetpack_sharing_enabled":true,"jetpack_shortlink":"https:\/\/wp.me\/pdCobN-1CY","_links":{"self":[{"href":"https:\/\/notabene.world\/nb\/wp-json\/wp\/v2\/posts\/6260","targetHints":{"allow":["GET"]}}],"collection":[{"href":"https:\/\/notabene.world\/nb\/wp-json\/wp\/v2\/posts"}],"about":[{"href":"https:\/\/notabene.world\/nb\/wp-json\/wp\/v2\/types\/post"}],"author":[{"embeddable":true,"href":"https:\/\/notabene.world\/nb\/wp-json\/wp\/v2\/users\/34"}],"replies":[{"embeddable":true,"href":"https:\/\/notabene.world\/nb\/wp-json\/wp\/v2\/comments?post=6260"}],"version-history":[{"count":5,"href":"https:\/\/notabene.world\/nb\/wp-json\/wp\/v2\/posts\/6260\/revisions"}],"predecessor-version":[{"id":6266,"href":"https:\/\/notabene.world\/nb\/wp-json\/wp\/v2\/posts\/6260\/revisions\/6266"}],"wp:featuredmedia":[{"embeddable":true,"href":"https:\/\/notabene.world\/nb\/wp-json\/wp\/v2\/media\/6264"}],"wp:attachment":[{"href":"https:\/\/notabene.world\/nb\/wp-json\/wp\/v2\/media?parent=6260"}],"wp:term":[{"taxonomy":"category","embeddable":true,"href":"https:\/\/notabene.world\/nb\/wp-json\/wp\/v2\/categories?post=6260"},{"taxonomy":"post_tag","embeddable":true,"href":"https:\/\/notabene.world\/nb\/wp-json\/wp\/v2\/tags?post=6260"}],"curies":[{"name":"wp","href":"https:\/\/api.w.org\/{rel}","templated":true}]}}