{"id":627,"date":"2021-12-06T19:08:00","date_gmt":"2021-12-06T18:08:00","guid":{"rendered":"https:\/\/notabene.world\/nb\/?p=627"},"modified":"2022-02-06T17:01:05","modified_gmt":"2022-02-06T16:01:05","slug":"duch-swiat","status":"publish","type":"post","link":"https:\/\/notabene.world\/nb\/duch-swiat\/","title":{"rendered":"Duch \u015awi\u0105t"},"content":{"rendered":"\n<p><\/p>\n\n\n\n<p class=\"has-drop-cap\">Bo\u017ce Narodzenie&nbsp; oraz miko\u0142ajki s\u0105 dniami, o kt\u00f3rych z pewno\u015bci\u0105 s\u0142ysza\u0142 ka\u017cdy, niezale\u017cnie od tego czy pochodzi z wierz\u0105cej rodziny czy te\u017c nie. Jednak wsp\u00f3\u0142czesny przebieg i wizerunek tych \u015bwi\u0105t znacznie r\u00f3\u017cni\u0105 si\u0119 od ich pierwotnych za\u0142o\u017ce\u0144 zwi\u0105zanych z wiar\u0105 chrze\u015bcija\u0144sk\u0105. Zestawienie pewnych cech powoduj\u0105cych zagubienie metafizycznego sensu prze\u017cywania Bo\u017cego Narodzenia mo\u017ce by\u0107 koniecznym elementem wpisuj\u0105cym si\u0119 w panoram\u0119 technologicznie rozwini\u0119tego, wyzwolonego nowego \u015bwiata, ale mo\u017ce by\u0107 tak\u017ce elementem oddzielnym od post\u0119pu, stanowi\u0105cym jedynie o spo\u0142ecznym marazmie.<\/p>\n\n\n\n<p class=\"has-drop-cap\">Wizerunek \u015awi\u0119tego Miko\u0142aja, kt\u00f3ry pierwotnie narodzi\u0142 si\u0119 z legendy o postaci Biskupa Miry &#8211; Miko\u0142aja, kt\u00f3ry zas\u0142yn\u0105\u0142 tym, \u017ce ca\u0142y sw\u00f3j maj\u0105tek rozda\u0142 biednym, na przestrzeni lat ewoluowa\u0142 do postaci starszego pana z siw\u0105 brod\u0105, ubranego w czerwony kombinezon, kt\u00f3ry rzekomo mia\u0142 wchodzi\u0107 przez komin i obdarza\u0107 \u015bpi\u0105ce w domu grzeczne dzieci prezentami, natomiast niegrzeczne &#8211; ostrzegawcz\u0105 r\u00f3zg\u0105. Przemiana ta, kt\u00f3ra w mojej opinii nie zaszkodzi\u0142a jeszcze&nbsp; a\u017c tak wizerunkowi Miko\u0142aja, mia\u0142a na celu uszcz\u0119\u015bliwi\u0107 najm\u0142odszych w jeden szczeg\u00f3lny dzie\u0144 w roku prezentami i uwznio\u015bli\u0107 \u015bwi\u0105teczn\u0105 atmosfer\u0119. Natomiast we wsp\u00f3\u0142czesnych czasach cz\u0119sto staramy si\u0119 pozbawi\u0107 dzieci wyobra\u017cenia o miko\u0142aju na saniach ci\u0105gni\u0119tych przez renifery, kt\u00f3ry co rok przemierza \u015bwiat 6 grudnia zrzucaj\u0105c z nieba podarki dla pogr\u0105\u017conych w snach maluch\u00f3w. Do prawdziwej \u201edewastacji\u201d wizerunku Miko\u0142aja dosz\u0142o, gdy sta\u0142 si\u0119 on dla wielu jedynie komercyjn\u0105 postaci\u0105, maj\u0105c\u0105 za zadanie pod\u015bwiadomie utwierdzi\u0107 ludzi poszukuj\u0105cych w po\u015bpiechu prezent\u00f3w w tym, \u017ce kupuj\u0105c masowej produkcji wyr\u00f3b wprost z wystawy, reklamowany twarz\u0105 \u015bwi\u0119tego miko\u0142aja*, jako idealny podarunek na Bo\u017ce Narodzenie czy miko\u0142ajki, dokonuj\u0105 dobrego wyboru.&nbsp; Niestety jest to tylko zgubny wp\u0142yw kolorowej ulotki z wizerunkiem starszego roze\u015bmianego pana na nasz\u0105 psychik\u0119, kt\u00f3rego u\u017cywaj\u0105 wielkie koncerny, wspierane przez nas, mimo \u017ce w znacznej mierze ich produkcja opiera si\u0119 na pracy nieletnich, przekr\u0119tach finansowych oraz nieludzkich warunkach zatrudnienia, maj\u0105cych niewiele wsp\u00f3lnego z propagowan\u0105 wsp\u00f3\u0142cze\u015bnie ochron\u0105 \u015brodowiska i faktycznym zamys\u0142em charakteru Miko\u0142aja o szczerym, dobrym i pomocnym sercu.<\/p>\n\n\n\n<p class=\"has-drop-cap\">Bo\u017ce Narodzenie, kt\u00f3rego obchody r\u00f3wnie\u017c zwi\u0105zane s\u0105 z tradycj\u0105 chrze\u015bcija\u0144sk\u0105 &#8211; narodzinami syna Bo\u017cego, zbawcy \u015bwiata, dzieci\u0105tka Jezus, tak\u017ce obros\u0142o&nbsp; w komercjaln\u0105 otoczk\u0119 ciep\u0142a, kt\u00f3ra zmieni\u0142a ca\u0142kowicie hierarchi\u0119 warto\u015bci wa\u017cnych w ten szczeg\u00f3lny czas. \u015awi\u0119to to sta\u0142o si\u0119 pretekstem do wydawania w maniakalnej ilo\u015bci \u015bwi\u0105tecznych hit\u00f3w muzycznych, maj\u0105cych zapewni\u0107 idealn\u0105 \u015bwi\u0105teczn\u0105 atmosfer\u0119, w\u015br\u00f3d \u015bwiate\u0142 b\u0142yskaj\u0105cych nam w oczy z ka\u017cdej witryny sklepowej. Promocyjne ceny ton kiczowatych ozd\u00f3b kreuj\u0105 w nas dziwne uczucie pragnienia przez ten jeden miesi\u0105c w roku posiadania ka\u017cdego domowego k\u0105cika obwieszonego \u0142a\u0144cuchami, \u015bwiat\u0142ami i bombkami, kt\u00f3re niejednego s\u0105 w stanie tak\u017ce przyt\u0142oczy\u0107.<\/p>\n\n\n\n<p>W ten spos\u00f3b niestety pr\u00f3buj\u0105c wykreowa\u0107 magiczn\u0105 atmosfer\u0119, zatracamy j\u0105, zapominaj\u0105c o szcz\u0119\u015bciu bliskich, wsp\u00f3lnym przygotowaniu posi\u0142k\u00f3w i rodzinnej zabawie, dlatego najlepiej b\u0119dzie je\u015bli kolorowe chatki z piernik\u00f3w, b\u0119d\u0105 w naszych domach, a nie naszymi domami.<\/p>\n\n\n\n<p><em>*\u201e\u015awi\u0119ty Miko\u0142aj\u201d i \u201e\u015bwi\u0119ty miko\u0142aj\u201d stanowi\u0105 dwa r\u00f3\u017cne znaczeniowo has\u0142a, kt\u00f3rych pisownia zale\u017cna jest od kontekstu ich u\u017cycia :<\/em><br><em>W <\/em><a href=\"http:\/\/sjp.pwn.pl\/szukaj\/miko%C5%82aj.html\"><strong><em>Wielkim s\u0142owniku ortograficznym<\/em><\/strong><\/a><em> PWN, red. E. Pola\u0144ski (Warszawa 2016, s. 688) przy ha\u015ble Miko\u0142aj czytamy: \u015awi\u0119ty Miko\u0142aj (skr\u00f3t: \u015bw. Miko\u0142aj), a przy ha\u015ble miko\u0142aj (\u2018przebrany cz\u0142owiek\u2019): \u015bwi\u0119ty miko\u0142aj. W pierwszym wypadku chodzi o Miko\u0142aja biskupa z Miry, \u015bwi\u0119tego katolickiego i prawos\u0142awnego. Zapis \u015bwi\u0119ty miko\u0142aj (lub miko\u0142aj), na razie ma\u0142o stosowany, mo\u017cliwy jest wtedy, gdy mamy na my\u015bli \u2018przebranego cz\u0142owieka, posta\u0107 zwi\u0105zan\u0105 z obyczajem obdarowywania prezentami.<\/em><\/p>\n","protected":false},"excerpt":{"rendered":"<p>Bo\u017ce Narodzenie&nbsp; oraz miko\u0142ajki s\u0105 dniami, o kt\u00f3rych z pewno\u015bci\u0105 s\u0142ysza\u0142 ka\u017cdy, niezale\u017cnie od tego czy pochodzi z wierz\u0105cej rodziny<\/p>\n","protected":false},"author":22,"featured_media":629,"comment_status":"closed","ping_status":"closed","sticky":false,"template":"","format":"standard","meta":{"colormag_page_container_layout":"default_layout","colormag_page_sidebar_layout":"default_layout","_jetpack_memberships_contains_paid_content":false,"footnotes":"","_links_to":"","_links_to_target":""},"categories":[12,110],"tags":[55],"class_list":["post-627","post","type-post","status-publish","format-standard","has-post-thumbnail","hentry","category-spoleczenstwo","category-spoleczenstwo-2","tag-spoleczenstwo"],"yoast_head":"<!-- This site is optimized with the Yoast SEO plugin v27.5 - https:\/\/yoast.com\/product\/yoast-seo-wordpress\/ -->\n<title>Duch \u015awi\u0105t - NOTABENE.WORLD<\/title>\n<meta name=\"robots\" content=\"index, follow, max-snippet:-1, max-image-preview:large, max-video-preview:-1\" \/>\n<link rel=\"canonical\" href=\"https:\/\/notabene.world\/nb\/duch-swiat\/\" \/>\n<meta property=\"og:locale\" content=\"pl_PL\" \/>\n<meta property=\"og:type\" content=\"article\" \/>\n<meta property=\"og:title\" content=\"Duch \u015awi\u0105t - NOTABENE.WORLD\" \/>\n<meta property=\"og:description\" content=\"Bo\u017ce Narodzenie&nbsp; oraz miko\u0142ajki s\u0105 dniami, o kt\u00f3rych z pewno\u015bci\u0105 s\u0142ysza\u0142 ka\u017cdy, niezale\u017cnie od tego czy pochodzi z wierz\u0105cej rodziny\" \/>\n<meta property=\"og:url\" content=\"https:\/\/notabene.world\/nb\/duch-swiat\/\" \/>\n<meta property=\"og:site_name\" content=\"NOTABENE.WORLD\" \/>\n<meta property=\"article:publisher\" content=\"https:\/\/www.facebook.com\/Notabene.World\" \/>\n<meta property=\"article:published_time\" content=\"2021-12-06T18:08:00+00:00\" \/>\n<meta property=\"article:modified_time\" content=\"2022-02-06T16:01:05+00:00\" \/>\n<meta property=\"og:image\" content=\"https:\/\/notabene.world\/nb\/wp-content\/uploads\/2021\/12\/sw-mik.jpg\" \/>\n\t<meta property=\"og:image:width\" content=\"800\" \/>\n\t<meta property=\"og:image:height\" content=\"444\" \/>\n\t<meta property=\"og:image:type\" content=\"image\/jpeg\" \/>\n<meta name=\"author\" content=\"Maja Gacek\" \/>\n<meta name=\"twitter:card\" content=\"summary_large_image\" \/>\n<meta name=\"twitter:label1\" content=\"Napisane przez\" \/>\n\t<meta name=\"twitter:data1\" content=\"Maja Gacek\" \/>\n\t<meta name=\"twitter:label2\" content=\"Szacowany czas czytania\" \/>\n\t<meta name=\"twitter:data2\" content=\"4 minuty\" \/>\n<script type=\"application\/ld+json\" class=\"yoast-schema-graph\">{\"@context\":\"https:\\\/\\\/schema.org\",\"@graph\":[{\"@type\":\"Article\",\"@id\":\"https:\\\/\\\/notabene.world\\\/nb\\\/duch-swiat\\\/#article\",\"isPartOf\":{\"@id\":\"https:\\\/\\\/notabene.world\\\/nb\\\/duch-swiat\\\/\"},\"author\":{\"name\":\"Maja Gacek\",\"@id\":\"https:\\\/\\\/notabene.world\\\/nb\\\/#\\\/schema\\\/person\\\/08c2a689b2046e73bc9093b70e9da7f1\"},\"headline\":\"Duch \u015awi\u0105t\",\"datePublished\":\"2021-12-06T18:08:00+00:00\",\"dateModified\":\"2022-02-06T16:01:05+00:00\",\"mainEntityOfPage\":{\"@id\":\"https:\\\/\\\/notabene.world\\\/nb\\\/duch-swiat\\\/\"},\"wordCount\":691,\"publisher\":{\"@id\":\"https:\\\/\\\/notabene.world\\\/nb\\\/#organization\"},\"image\":{\"@id\":\"https:\\\/\\\/notabene.world\\\/nb\\\/duch-swiat\\\/#primaryimage\"},\"thumbnailUrl\":\"https:\\\/\\\/i0.wp.com\\\/notabene.world\\\/nb\\\/wp-content\\\/uploads\\\/2021\\\/12\\\/sw-mik.jpg?fit=800%2C444&ssl=1\",\"keywords\":[\"#spo\u0142ecze\u0144stwo\"],\"articleSection\":[\"Nasz \u015awiat\",\"Spo\u0142ecze\u0144stwo\"],\"inLanguage\":\"pl-PL\"},{\"@type\":\"WebPage\",\"@id\":\"https:\\\/\\\/notabene.world\\\/nb\\\/duch-swiat\\\/\",\"url\":\"https:\\\/\\\/notabene.world\\\/nb\\\/duch-swiat\\\/\",\"name\":\"Duch \u015awi\u0105t - NOTABENE.WORLD\",\"isPartOf\":{\"@id\":\"https:\\\/\\\/notabene.world\\\/nb\\\/#website\"},\"primaryImageOfPage\":{\"@id\":\"https:\\\/\\\/notabene.world\\\/nb\\\/duch-swiat\\\/#primaryimage\"},\"image\":{\"@id\":\"https:\\\/\\\/notabene.world\\\/nb\\\/duch-swiat\\\/#primaryimage\"},\"thumbnailUrl\":\"https:\\\/\\\/i0.wp.com\\\/notabene.world\\\/nb\\\/wp-content\\\/uploads\\\/2021\\\/12\\\/sw-mik.jpg?fit=800%2C444&ssl=1\",\"datePublished\":\"2021-12-06T18:08:00+00:00\",\"dateModified\":\"2022-02-06T16:01:05+00:00\",\"breadcrumb\":{\"@id\":\"https:\\\/\\\/notabene.world\\\/nb\\\/duch-swiat\\\/#breadcrumb\"},\"inLanguage\":\"pl-PL\",\"potentialAction\":[{\"@type\":\"ReadAction\",\"target\":[\"https:\\\/\\\/notabene.world\\\/nb\\\/duch-swiat\\\/\"]}]},{\"@type\":\"ImageObject\",\"inLanguage\":\"pl-PL\",\"@id\":\"https:\\\/\\\/notabene.world\\\/nb\\\/duch-swiat\\\/#primaryimage\",\"url\":\"https:\\\/\\\/i0.wp.com\\\/notabene.world\\\/nb\\\/wp-content\\\/uploads\\\/2021\\\/12\\\/sw-mik.jpg?fit=800%2C444&ssl=1\",\"contentUrl\":\"https:\\\/\\\/i0.wp.com\\\/notabene.world\\\/nb\\\/wp-content\\\/uploads\\\/2021\\\/12\\\/sw-mik.jpg?fit=800%2C444&ssl=1\",\"width\":800,\"height\":444},{\"@type\":\"BreadcrumbList\",\"@id\":\"https:\\\/\\\/notabene.world\\\/nb\\\/duch-swiat\\\/#breadcrumb\",\"itemListElement\":[{\"@type\":\"ListItem\",\"position\":1,\"name\":\"Home\",\"item\":\"https:\\\/\\\/notabene.world\\\/nb\\\/\"},{\"@type\":\"ListItem\",\"position\":2,\"name\":\"Duch \u015awi\u0105t\"}]},{\"@type\":\"WebSite\",\"@id\":\"https:\\\/\\\/notabene.world\\\/nb\\\/#website\",\"url\":\"https:\\\/\\\/notabene.world\\\/nb\\\/\",\"name\":\"NOTABENE.WORLD\",\"description\":\"Przekaz. Warto\u015bci. Wsp\u00f3lnota.\",\"publisher\":{\"@id\":\"https:\\\/\\\/notabene.world\\\/nb\\\/#organization\"},\"potentialAction\":[{\"@type\":\"SearchAction\",\"target\":{\"@type\":\"EntryPoint\",\"urlTemplate\":\"https:\\\/\\\/notabene.world\\\/nb\\\/?s={search_term_string}\"},\"query-input\":{\"@type\":\"PropertyValueSpecification\",\"valueRequired\":true,\"valueName\":\"search_term_string\"}}],\"inLanguage\":\"pl-PL\"},{\"@type\":\"Organization\",\"@id\":\"https:\\\/\\\/notabene.world\\\/nb\\\/#organization\",\"name\":\"NOTABENE.WORLD\",\"url\":\"https:\\\/\\\/notabene.world\\\/nb\\\/\",\"logo\":{\"@type\":\"ImageObject\",\"inLanguage\":\"pl-PL\",\"@id\":\"https:\\\/\\\/notabene.world\\\/nb\\\/#\\\/schema\\\/logo\\\/image\\\/\",\"url\":\"https:\\\/\\\/notabene.world\\\/nb\\\/wp-content\\\/uploads\\\/2022\\\/01\\\/NB-club-start-www1.jpg\",\"contentUrl\":\"https:\\\/\\\/notabene.world\\\/nb\\\/wp-content\\\/uploads\\\/2022\\\/01\\\/NB-club-start-www1.jpg\",\"width\":1000,\"height\":839,\"caption\":\"NOTABENE.WORLD\"},\"image\":{\"@id\":\"https:\\\/\\\/notabene.world\\\/nb\\\/#\\\/schema\\\/logo\\\/image\\\/\"},\"sameAs\":[\"https:\\\/\\\/www.facebook.com\\\/Notabene.World\"]},{\"@type\":\"Person\",\"@id\":\"https:\\\/\\\/notabene.world\\\/nb\\\/#\\\/schema\\\/person\\\/08c2a689b2046e73bc9093b70e9da7f1\",\"name\":\"Maja Gacek\",\"image\":{\"@type\":\"ImageObject\",\"inLanguage\":\"pl-PL\",\"@id\":\"https:\\\/\\\/secure.gravatar.com\\\/avatar\\\/f1eedb58eb1068ee98853ec595f02c8f778c4646298635e535dfbb957c41c422?s=96&d=mm&r=g\",\"url\":\"https:\\\/\\\/secure.gravatar.com\\\/avatar\\\/f1eedb58eb1068ee98853ec595f02c8f778c4646298635e535dfbb957c41c422?s=96&d=mm&r=g\",\"contentUrl\":\"https:\\\/\\\/secure.gravatar.com\\\/avatar\\\/f1eedb58eb1068ee98853ec595f02c8f778c4646298635e535dfbb957c41c422?s=96&d=mm&r=g\",\"caption\":\"Maja Gacek\"},\"url\":\"https:\\\/\\\/notabene.world\\\/nb\\\/author\\\/m-g\\\/\"}]}<\/script>\n<!-- \/ Yoast SEO plugin. -->","yoast_head_json":{"title":"Duch \u015awi\u0105t - NOTABENE.WORLD","robots":{"index":"index","follow":"follow","max-snippet":"max-snippet:-1","max-image-preview":"max-image-preview:large","max-video-preview":"max-video-preview:-1"},"canonical":"https:\/\/notabene.world\/nb\/duch-swiat\/","og_locale":"pl_PL","og_type":"article","og_title":"Duch \u015awi\u0105t - NOTABENE.WORLD","og_description":"Bo\u017ce Narodzenie&nbsp; oraz miko\u0142ajki s\u0105 dniami, o kt\u00f3rych z pewno\u015bci\u0105 s\u0142ysza\u0142 ka\u017cdy, niezale\u017cnie od tego czy pochodzi z wierz\u0105cej rodziny","og_url":"https:\/\/notabene.world\/nb\/duch-swiat\/","og_site_name":"NOTABENE.WORLD","article_publisher":"https:\/\/www.facebook.com\/Notabene.World","article_published_time":"2021-12-06T18:08:00+00:00","article_modified_time":"2022-02-06T16:01:05+00:00","og_image":[{"width":800,"height":444,"url":"https:\/\/notabene.world\/nb\/wp-content\/uploads\/2021\/12\/sw-mik.jpg","type":"image\/jpeg"}],"author":"Maja Gacek","twitter_card":"summary_large_image","twitter_misc":{"Napisane przez":"Maja Gacek","Szacowany czas czytania":"4 minuty"},"schema":{"@context":"https:\/\/schema.org","@graph":[{"@type":"Article","@id":"https:\/\/notabene.world\/nb\/duch-swiat\/#article","isPartOf":{"@id":"https:\/\/notabene.world\/nb\/duch-swiat\/"},"author":{"name":"Maja Gacek","@id":"https:\/\/notabene.world\/nb\/#\/schema\/person\/08c2a689b2046e73bc9093b70e9da7f1"},"headline":"Duch \u015awi\u0105t","datePublished":"2021-12-06T18:08:00+00:00","dateModified":"2022-02-06T16:01:05+00:00","mainEntityOfPage":{"@id":"https:\/\/notabene.world\/nb\/duch-swiat\/"},"wordCount":691,"publisher":{"@id":"https:\/\/notabene.world\/nb\/#organization"},"image":{"@id":"https:\/\/notabene.world\/nb\/duch-swiat\/#primaryimage"},"thumbnailUrl":"https:\/\/i0.wp.com\/notabene.world\/nb\/wp-content\/uploads\/2021\/12\/sw-mik.jpg?fit=800%2C444&ssl=1","keywords":["#spo\u0142ecze\u0144stwo"],"articleSection":["Nasz \u015awiat","Spo\u0142ecze\u0144stwo"],"inLanguage":"pl-PL"},{"@type":"WebPage","@id":"https:\/\/notabene.world\/nb\/duch-swiat\/","url":"https:\/\/notabene.world\/nb\/duch-swiat\/","name":"Duch \u015awi\u0105t - NOTABENE.WORLD","isPartOf":{"@id":"https:\/\/notabene.world\/nb\/#website"},"primaryImageOfPage":{"@id":"https:\/\/notabene.world\/nb\/duch-swiat\/#primaryimage"},"image":{"@id":"https:\/\/notabene.world\/nb\/duch-swiat\/#primaryimage"},"thumbnailUrl":"https:\/\/i0.wp.com\/notabene.world\/nb\/wp-content\/uploads\/2021\/12\/sw-mik.jpg?fit=800%2C444&ssl=1","datePublished":"2021-12-06T18:08:00+00:00","dateModified":"2022-02-06T16:01:05+00:00","breadcrumb":{"@id":"https:\/\/notabene.world\/nb\/duch-swiat\/#breadcrumb"},"inLanguage":"pl-PL","potentialAction":[{"@type":"ReadAction","target":["https:\/\/notabene.world\/nb\/duch-swiat\/"]}]},{"@type":"ImageObject","inLanguage":"pl-PL","@id":"https:\/\/notabene.world\/nb\/duch-swiat\/#primaryimage","url":"https:\/\/i0.wp.com\/notabene.world\/nb\/wp-content\/uploads\/2021\/12\/sw-mik.jpg?fit=800%2C444&ssl=1","contentUrl":"https:\/\/i0.wp.com\/notabene.world\/nb\/wp-content\/uploads\/2021\/12\/sw-mik.jpg?fit=800%2C444&ssl=1","width":800,"height":444},{"@type":"BreadcrumbList","@id":"https:\/\/notabene.world\/nb\/duch-swiat\/#breadcrumb","itemListElement":[{"@type":"ListItem","position":1,"name":"Home","item":"https:\/\/notabene.world\/nb\/"},{"@type":"ListItem","position":2,"name":"Duch \u015awi\u0105t"}]},{"@type":"WebSite","@id":"https:\/\/notabene.world\/nb\/#website","url":"https:\/\/notabene.world\/nb\/","name":"NOTABENE.WORLD","description":"Przekaz. Warto\u015bci. Wsp\u00f3lnota.","publisher":{"@id":"https:\/\/notabene.world\/nb\/#organization"},"potentialAction":[{"@type":"SearchAction","target":{"@type":"EntryPoint","urlTemplate":"https:\/\/notabene.world\/nb\/?s={search_term_string}"},"query-input":{"@type":"PropertyValueSpecification","valueRequired":true,"valueName":"search_term_string"}}],"inLanguage":"pl-PL"},{"@type":"Organization","@id":"https:\/\/notabene.world\/nb\/#organization","name":"NOTABENE.WORLD","url":"https:\/\/notabene.world\/nb\/","logo":{"@type":"ImageObject","inLanguage":"pl-PL","@id":"https:\/\/notabene.world\/nb\/#\/schema\/logo\/image\/","url":"https:\/\/notabene.world\/nb\/wp-content\/uploads\/2022\/01\/NB-club-start-www1.jpg","contentUrl":"https:\/\/notabene.world\/nb\/wp-content\/uploads\/2022\/01\/NB-club-start-www1.jpg","width":1000,"height":839,"caption":"NOTABENE.WORLD"},"image":{"@id":"https:\/\/notabene.world\/nb\/#\/schema\/logo\/image\/"},"sameAs":["https:\/\/www.facebook.com\/Notabene.World"]},{"@type":"Person","@id":"https:\/\/notabene.world\/nb\/#\/schema\/person\/08c2a689b2046e73bc9093b70e9da7f1","name":"Maja Gacek","image":{"@type":"ImageObject","inLanguage":"pl-PL","@id":"https:\/\/secure.gravatar.com\/avatar\/f1eedb58eb1068ee98853ec595f02c8f778c4646298635e535dfbb957c41c422?s=96&d=mm&r=g","url":"https:\/\/secure.gravatar.com\/avatar\/f1eedb58eb1068ee98853ec595f02c8f778c4646298635e535dfbb957c41c422?s=96&d=mm&r=g","contentUrl":"https:\/\/secure.gravatar.com\/avatar\/f1eedb58eb1068ee98853ec595f02c8f778c4646298635e535dfbb957c41c422?s=96&d=mm&r=g","caption":"Maja Gacek"},"url":"https:\/\/notabene.world\/nb\/author\/m-g\/"}]}},"jetpack_featured_media_url":"https:\/\/i0.wp.com\/notabene.world\/nb\/wp-content\/uploads\/2021\/12\/sw-mik.jpg?fit=800%2C444&ssl=1","jetpack_sharing_enabled":true,"jetpack_shortlink":"https:\/\/wp.me\/pdCobN-a7","_links":{"self":[{"href":"https:\/\/notabene.world\/nb\/wp-json\/wp\/v2\/posts\/627","targetHints":{"allow":["GET"]}}],"collection":[{"href":"https:\/\/notabene.world\/nb\/wp-json\/wp\/v2\/posts"}],"about":[{"href":"https:\/\/notabene.world\/nb\/wp-json\/wp\/v2\/types\/post"}],"author":[{"embeddable":true,"href":"https:\/\/notabene.world\/nb\/wp-json\/wp\/v2\/users\/22"}],"replies":[{"embeddable":true,"href":"https:\/\/notabene.world\/nb\/wp-json\/wp\/v2\/comments?post=627"}],"version-history":[{"count":4,"href":"https:\/\/notabene.world\/nb\/wp-json\/wp\/v2\/posts\/627\/revisions"}],"predecessor-version":[{"id":1302,"href":"https:\/\/notabene.world\/nb\/wp-json\/wp\/v2\/posts\/627\/revisions\/1302"}],"wp:featuredmedia":[{"embeddable":true,"href":"https:\/\/notabene.world\/nb\/wp-json\/wp\/v2\/media\/629"}],"wp:attachment":[{"href":"https:\/\/notabene.world\/nb\/wp-json\/wp\/v2\/media?parent=627"}],"wp:term":[{"taxonomy":"category","embeddable":true,"href":"https:\/\/notabene.world\/nb\/wp-json\/wp\/v2\/categories?post=627"},{"taxonomy":"post_tag","embeddable":true,"href":"https:\/\/notabene.world\/nb\/wp-json\/wp\/v2\/tags?post=627"}],"curies":[{"name":"wp","href":"https:\/\/api.w.org\/{rel}","templated":true}]}}