{"id":641,"date":"2021-12-31T19:29:00","date_gmt":"2021-12-31T19:29:00","guid":{"rendered":"https:\/\/notabene.world\/nb\/?p=641"},"modified":"2022-01-26T05:45:47","modified_gmt":"2022-01-26T04:45:47","slug":"czy-czuje-pani-jazz","status":"publish","type":"post","link":"https:\/\/notabene.world\/nb\/czy-czuje-pani-jazz\/","title":{"rendered":"Czy czuje pani jazz?"},"content":{"rendered":"\n<h5 class=\"wp-block-heading\" id=\"intermetoac-muzyka-kultura\"><strong><em>intermetoac, #muzyka, #kultura<\/em><\/strong><\/h5>\n\n\n\n<p><\/p>\n\n\n\n<p class=\"has-drop-cap\">W 2020 roku na ka\u017cdej stacji radiowej zawrza\u0142o. Kolejne wielkie muzyczne odkrycie. Kolejny powiew \u015bwie\u017co\u015bci i m\u0142odo\u015bci. Kolejna nowa idolka pokole\u0144. Kolejne wielkie rozczarowanie.<\/p>\n\n\n\n<p>\u201eKr\u00f3lowa dram\u201d, \u201eIrenka\u201d, \u201eSzampan\u201d, \u201e2.00\u201d-tak, mowa o Sanah. Wokalistka nie z tej ziemi, a raczej oderwana od rzeczywisto\u015bci, nudna i monotonna kolejna gwiazda na przys\u0142owiowe \u201epi\u0119\u0107 minut\u201d. Zuzanna Irena Jurczak, bo tak w\u0142a\u015bciwie nazywa si\u0119 owa piosenkarka, zalicza si\u0119 do grona tych artyst\u00f3w, kt\u00f3rych styl rozpoznaje si\u0119 natychmiast. Zaczynaj\u0105c oczywi\u015bcie od jej utwor\u00f3w, przez stylizacj\u0119, a\u017c po spos\u00f3b wypowiedzi, tworzy sp\u00f3jny obraz delikatnej czarodziejki rodem z Krainy Oz.<\/p>\n\n\n\n<p>Utwory Sanah idealnie wpasowuj\u0105 si\u0119 w obecn\u0105 mod\u0119. \u0141atwe do zapami\u0119tania teksty poruszaj\u0105ce tematyk\u0119 nieszcz\u0119\u015bliwej mi\u0142o\u015bci, okraszone przyjemn\u0105 dla uszu melodi\u0105 sprawiaj\u0105, \u017ce utwory te s\u0105 nad wyraz uniwersalne. To dlatego tak bardzo lubimy \u015bpiewa\u0107 \u201eKolo\u0144sk\u0105 i szlugi\u201d czy \u201eTen stan\u201d stoj\u0105c w miejskim korku.<\/p>\n\n\n\n<p class=\"has-drop-cap\">Artystka swoje kompozycje tworzy jak maszyna: pisze-wydaje, pisze-wydaje\u2026 Niestety pisze i wydaje ci\u0105gle te same piosenki. S\u0142uchaj\u0105c nowo\u015bci spod jej r\u0119ki, mo\u017cna odnie\u015b\u0107 wra\u017cenie, \u017ce zna si\u0119 je na pami\u0119\u0107, a sama Zuzia ju\u017c niczym nas nie zaskoczy. Niesie si\u0119 to za spraw\u0105 jej ogromnego zami\u0142owania do s\u0142\u00f3w: \u201ekoronki\u201d, \u201ematula\u201d, \u201epantofelek\u201d, \u201erumie\u0144ce\u201d oraz jednolit\u0105 tematyk\u0105 i brzmieniem singli. Pomimo \u017ce w jednym z wywiad\u00f3w m\u00f3wi: \u201eChcia\u0142abym si\u0119 rozwia\u0107, ale w niekt\u00f3rych piosenkach si\u0119 nie rozwijam, wi\u0119c szukam tego, co mnie rozwija\u201d, to na wspomniany rozw\u00f3j niestety trzeba jeszcze poczeka\u0107. Miejmy jedynie nadziej\u0119, \u017ce nadejdzie on szybciej ni\u017c kurtyna spadaj\u0105ca po kr\u00f3tkim, lecz intensywnym show o nazwie \u201eSanah\u201d.<\/p>\n","protected":false},"excerpt":{"rendered":"<p>intermetoac, #muzyka, #kultura W 2020 roku na ka\u017cdej stacji radiowej zawrza\u0142o. Kolejne wielkie muzyczne odkrycie. Kolejny powiew \u015bwie\u017co\u015bci i m\u0142odo\u015bci.<\/p>\n","protected":false},"author":14,"featured_media":643,"comment_status":"closed","ping_status":"closed","sticky":false,"template":"","format":"standard","meta":{"colormag_page_container_layout":"default_layout","colormag_page_sidebar_layout":"default_layout","_jetpack_memberships_contains_paid_content":false,"footnotes":"","_links_to":"","_links_to_target":""},"categories":[6,5],"tags":[],"class_list":["post-641","post","type-post","status-publish","format-standard","has-post-thumbnail","hentry","category-kultura","category-muzyka"],"yoast_head":"<!-- This site is optimized with the Yoast SEO plugin v27.5 - https:\/\/yoast.com\/product\/yoast-seo-wordpress\/ -->\n<title>Czy czuje pani jazz? - NOTABENE.WORLD<\/title>\n<meta name=\"robots\" content=\"index, follow, max-snippet:-1, max-image-preview:large, max-video-preview:-1\" \/>\n<link rel=\"canonical\" href=\"https:\/\/notabene.world\/nb\/czy-czuje-pani-jazz\/\" \/>\n<meta property=\"og:locale\" content=\"pl_PL\" \/>\n<meta property=\"og:type\" content=\"article\" \/>\n<meta property=\"og:title\" content=\"Czy czuje pani jazz? - NOTABENE.WORLD\" \/>\n<meta property=\"og:description\" content=\"intermetoac, #muzyka, #kultura W 2020 roku na ka\u017cdej stacji radiowej zawrza\u0142o. Kolejne wielkie muzyczne odkrycie. Kolejny powiew \u015bwie\u017co\u015bci i m\u0142odo\u015bci.\" \/>\n<meta property=\"og:url\" content=\"https:\/\/notabene.world\/nb\/czy-czuje-pani-jazz\/\" \/>\n<meta property=\"og:site_name\" content=\"NOTABENE.WORLD\" \/>\n<meta property=\"article:publisher\" content=\"https:\/\/www.facebook.com\/Notabene.World\" \/>\n<meta property=\"article:published_time\" content=\"2021-12-31T19:29:00+00:00\" \/>\n<meta property=\"article:modified_time\" content=\"2022-01-26T04:45:47+00:00\" \/>\n<meta property=\"og:image\" content=\"https:\/\/notabene.world\/nb\/wp-content\/uploads\/2021\/01\/jazz.jpg\" \/>\n\t<meta property=\"og:image:width\" content=\"800\" \/>\n\t<meta property=\"og:image:height\" content=\"445\" \/>\n\t<meta property=\"og:image:type\" content=\"image\/jpeg\" \/>\n<meta name=\"author\" content=\"HoraCyk &amp; HoraCyk\" \/>\n<meta name=\"twitter:card\" content=\"summary_large_image\" \/>\n<meta name=\"twitter:label1\" content=\"Napisane przez\" \/>\n\t<meta name=\"twitter:data1\" content=\"HoraCyk &amp; HoraCyk\" \/>\n\t<meta name=\"twitter:label2\" content=\"Szacowany czas czytania\" \/>\n\t<meta name=\"twitter:data2\" content=\"2 minuty\" \/>\n<script type=\"application\/ld+json\" class=\"yoast-schema-graph\">{\"@context\":\"https:\\\/\\\/schema.org\",\"@graph\":[{\"@type\":\"Article\",\"@id\":\"https:\\\/\\\/notabene.world\\\/nb\\\/czy-czuje-pani-jazz\\\/#article\",\"isPartOf\":{\"@id\":\"https:\\\/\\\/notabene.world\\\/nb\\\/czy-czuje-pani-jazz\\\/\"},\"author\":{\"name\":\"HoraCyk &amp; HoraCyk\",\"@id\":\"https:\\\/\\\/notabene.world\\\/nb\\\/#\\\/schema\\\/person\\\/db81d96b2e97dc3d4a74bb45c778aa53\"},\"headline\":\"Czy czuje pani jazz?\",\"datePublished\":\"2021-12-31T19:29:00+00:00\",\"dateModified\":\"2022-01-26T04:45:47+00:00\",\"mainEntityOfPage\":{\"@id\":\"https:\\\/\\\/notabene.world\\\/nb\\\/czy-czuje-pani-jazz\\\/\"},\"wordCount\":293,\"publisher\":{\"@id\":\"https:\\\/\\\/notabene.world\\\/nb\\\/#organization\"},\"image\":{\"@id\":\"https:\\\/\\\/notabene.world\\\/nb\\\/czy-czuje-pani-jazz\\\/#primaryimage\"},\"thumbnailUrl\":\"https:\\\/\\\/i0.wp.com\\\/notabene.world\\\/nb\\\/wp-content\\\/uploads\\\/2021\\\/01\\\/jazz.jpg?fit=800%2C445&ssl=1\",\"articleSection\":[\"Kultura\",\"Muzyka\"],\"inLanguage\":\"pl-PL\"},{\"@type\":\"WebPage\",\"@id\":\"https:\\\/\\\/notabene.world\\\/nb\\\/czy-czuje-pani-jazz\\\/\",\"url\":\"https:\\\/\\\/notabene.world\\\/nb\\\/czy-czuje-pani-jazz\\\/\",\"name\":\"Czy czuje pani jazz? - NOTABENE.WORLD\",\"isPartOf\":{\"@id\":\"https:\\\/\\\/notabene.world\\\/nb\\\/#website\"},\"primaryImageOfPage\":{\"@id\":\"https:\\\/\\\/notabene.world\\\/nb\\\/czy-czuje-pani-jazz\\\/#primaryimage\"},\"image\":{\"@id\":\"https:\\\/\\\/notabene.world\\\/nb\\\/czy-czuje-pani-jazz\\\/#primaryimage\"},\"thumbnailUrl\":\"https:\\\/\\\/i0.wp.com\\\/notabene.world\\\/nb\\\/wp-content\\\/uploads\\\/2021\\\/01\\\/jazz.jpg?fit=800%2C445&ssl=1\",\"datePublished\":\"2021-12-31T19:29:00+00:00\",\"dateModified\":\"2022-01-26T04:45:47+00:00\",\"breadcrumb\":{\"@id\":\"https:\\\/\\\/notabene.world\\\/nb\\\/czy-czuje-pani-jazz\\\/#breadcrumb\"},\"inLanguage\":\"pl-PL\",\"potentialAction\":[{\"@type\":\"ReadAction\",\"target\":[\"https:\\\/\\\/notabene.world\\\/nb\\\/czy-czuje-pani-jazz\\\/\"]}]},{\"@type\":\"ImageObject\",\"inLanguage\":\"pl-PL\",\"@id\":\"https:\\\/\\\/notabene.world\\\/nb\\\/czy-czuje-pani-jazz\\\/#primaryimage\",\"url\":\"https:\\\/\\\/i0.wp.com\\\/notabene.world\\\/nb\\\/wp-content\\\/uploads\\\/2021\\\/01\\\/jazz.jpg?fit=800%2C445&ssl=1\",\"contentUrl\":\"https:\\\/\\\/i0.wp.com\\\/notabene.world\\\/nb\\\/wp-content\\\/uploads\\\/2021\\\/01\\\/jazz.jpg?fit=800%2C445&ssl=1\",\"width\":800,\"height\":445},{\"@type\":\"BreadcrumbList\",\"@id\":\"https:\\\/\\\/notabene.world\\\/nb\\\/czy-czuje-pani-jazz\\\/#breadcrumb\",\"itemListElement\":[{\"@type\":\"ListItem\",\"position\":1,\"name\":\"Home\",\"item\":\"https:\\\/\\\/notabene.world\\\/nb\\\/\"},{\"@type\":\"ListItem\",\"position\":2,\"name\":\"Czy czuje pani jazz?\"}]},{\"@type\":\"WebSite\",\"@id\":\"https:\\\/\\\/notabene.world\\\/nb\\\/#website\",\"url\":\"https:\\\/\\\/notabene.world\\\/nb\\\/\",\"name\":\"NOTABENE.WORLD\",\"description\":\"Przekaz. Warto\u015bci. Wsp\u00f3lnota.\",\"publisher\":{\"@id\":\"https:\\\/\\\/notabene.world\\\/nb\\\/#organization\"},\"potentialAction\":[{\"@type\":\"SearchAction\",\"target\":{\"@type\":\"EntryPoint\",\"urlTemplate\":\"https:\\\/\\\/notabene.world\\\/nb\\\/?s={search_term_string}\"},\"query-input\":{\"@type\":\"PropertyValueSpecification\",\"valueRequired\":true,\"valueName\":\"search_term_string\"}}],\"inLanguage\":\"pl-PL\"},{\"@type\":\"Organization\",\"@id\":\"https:\\\/\\\/notabene.world\\\/nb\\\/#organization\",\"name\":\"NOTABENE.WORLD\",\"url\":\"https:\\\/\\\/notabene.world\\\/nb\\\/\",\"logo\":{\"@type\":\"ImageObject\",\"inLanguage\":\"pl-PL\",\"@id\":\"https:\\\/\\\/notabene.world\\\/nb\\\/#\\\/schema\\\/logo\\\/image\\\/\",\"url\":\"https:\\\/\\\/notabene.world\\\/nb\\\/wp-content\\\/uploads\\\/2022\\\/01\\\/NB-club-start-www1.jpg\",\"contentUrl\":\"https:\\\/\\\/notabene.world\\\/nb\\\/wp-content\\\/uploads\\\/2022\\\/01\\\/NB-club-start-www1.jpg\",\"width\":1000,\"height\":839,\"caption\":\"NOTABENE.WORLD\"},\"image\":{\"@id\":\"https:\\\/\\\/notabene.world\\\/nb\\\/#\\\/schema\\\/logo\\\/image\\\/\"},\"sameAs\":[\"https:\\\/\\\/www.facebook.com\\\/Notabene.World\"]},{\"@type\":\"Person\",\"@id\":\"https:\\\/\\\/notabene.world\\\/nb\\\/#\\\/schema\\\/person\\\/db81d96b2e97dc3d4a74bb45c778aa53\",\"name\":\"HoraCyk &amp; HoraCyk\",\"image\":{\"@type\":\"ImageObject\",\"inLanguage\":\"pl-PL\",\"@id\":\"https:\\\/\\\/secure.gravatar.com\\\/avatar\\\/f00d2aa94c60055cc7150cd76fca4a20660d88f7243ebe59951a6633ea291ec9?s=96&d=mm&r=g\",\"url\":\"https:\\\/\\\/secure.gravatar.com\\\/avatar\\\/f00d2aa94c60055cc7150cd76fca4a20660d88f7243ebe59951a6633ea291ec9?s=96&d=mm&r=g\",\"contentUrl\":\"https:\\\/\\\/secure.gravatar.com\\\/avatar\\\/f00d2aa94c60055cc7150cd76fca4a20660d88f7243ebe59951a6633ea291ec9?s=96&d=mm&r=g\",\"caption\":\"HoraCyk &amp; HoraCyk\"},\"url\":\"https:\\\/\\\/notabene.world\\\/nb\\\/author\\\/nb\\\/\"}]}<\/script>\n<!-- \/ Yoast SEO plugin. -->","yoast_head_json":{"title":"Czy czuje pani jazz? - NOTABENE.WORLD","robots":{"index":"index","follow":"follow","max-snippet":"max-snippet:-1","max-image-preview":"max-image-preview:large","max-video-preview":"max-video-preview:-1"},"canonical":"https:\/\/notabene.world\/nb\/czy-czuje-pani-jazz\/","og_locale":"pl_PL","og_type":"article","og_title":"Czy czuje pani jazz? - NOTABENE.WORLD","og_description":"intermetoac, #muzyka, #kultura W 2020 roku na ka\u017cdej stacji radiowej zawrza\u0142o. Kolejne wielkie muzyczne odkrycie. Kolejny powiew \u015bwie\u017co\u015bci i m\u0142odo\u015bci.","og_url":"https:\/\/notabene.world\/nb\/czy-czuje-pani-jazz\/","og_site_name":"NOTABENE.WORLD","article_publisher":"https:\/\/www.facebook.com\/Notabene.World","article_published_time":"2021-12-31T19:29:00+00:00","article_modified_time":"2022-01-26T04:45:47+00:00","og_image":[{"width":800,"height":445,"url":"https:\/\/notabene.world\/nb\/wp-content\/uploads\/2021\/01\/jazz.jpg","type":"image\/jpeg"}],"author":"HoraCyk &amp; HoraCyk","twitter_card":"summary_large_image","twitter_misc":{"Napisane przez":"HoraCyk &amp; HoraCyk","Szacowany czas czytania":"2 minuty"},"schema":{"@context":"https:\/\/schema.org","@graph":[{"@type":"Article","@id":"https:\/\/notabene.world\/nb\/czy-czuje-pani-jazz\/#article","isPartOf":{"@id":"https:\/\/notabene.world\/nb\/czy-czuje-pani-jazz\/"},"author":{"name":"HoraCyk &amp; HoraCyk","@id":"https:\/\/notabene.world\/nb\/#\/schema\/person\/db81d96b2e97dc3d4a74bb45c778aa53"},"headline":"Czy czuje pani jazz?","datePublished":"2021-12-31T19:29:00+00:00","dateModified":"2022-01-26T04:45:47+00:00","mainEntityOfPage":{"@id":"https:\/\/notabene.world\/nb\/czy-czuje-pani-jazz\/"},"wordCount":293,"publisher":{"@id":"https:\/\/notabene.world\/nb\/#organization"},"image":{"@id":"https:\/\/notabene.world\/nb\/czy-czuje-pani-jazz\/#primaryimage"},"thumbnailUrl":"https:\/\/i0.wp.com\/notabene.world\/nb\/wp-content\/uploads\/2021\/01\/jazz.jpg?fit=800%2C445&ssl=1","articleSection":["Kultura","Muzyka"],"inLanguage":"pl-PL"},{"@type":"WebPage","@id":"https:\/\/notabene.world\/nb\/czy-czuje-pani-jazz\/","url":"https:\/\/notabene.world\/nb\/czy-czuje-pani-jazz\/","name":"Czy czuje pani jazz? - NOTABENE.WORLD","isPartOf":{"@id":"https:\/\/notabene.world\/nb\/#website"},"primaryImageOfPage":{"@id":"https:\/\/notabene.world\/nb\/czy-czuje-pani-jazz\/#primaryimage"},"image":{"@id":"https:\/\/notabene.world\/nb\/czy-czuje-pani-jazz\/#primaryimage"},"thumbnailUrl":"https:\/\/i0.wp.com\/notabene.world\/nb\/wp-content\/uploads\/2021\/01\/jazz.jpg?fit=800%2C445&ssl=1","datePublished":"2021-12-31T19:29:00+00:00","dateModified":"2022-01-26T04:45:47+00:00","breadcrumb":{"@id":"https:\/\/notabene.world\/nb\/czy-czuje-pani-jazz\/#breadcrumb"},"inLanguage":"pl-PL","potentialAction":[{"@type":"ReadAction","target":["https:\/\/notabene.world\/nb\/czy-czuje-pani-jazz\/"]}]},{"@type":"ImageObject","inLanguage":"pl-PL","@id":"https:\/\/notabene.world\/nb\/czy-czuje-pani-jazz\/#primaryimage","url":"https:\/\/i0.wp.com\/notabene.world\/nb\/wp-content\/uploads\/2021\/01\/jazz.jpg?fit=800%2C445&ssl=1","contentUrl":"https:\/\/i0.wp.com\/notabene.world\/nb\/wp-content\/uploads\/2021\/01\/jazz.jpg?fit=800%2C445&ssl=1","width":800,"height":445},{"@type":"BreadcrumbList","@id":"https:\/\/notabene.world\/nb\/czy-czuje-pani-jazz\/#breadcrumb","itemListElement":[{"@type":"ListItem","position":1,"name":"Home","item":"https:\/\/notabene.world\/nb\/"},{"@type":"ListItem","position":2,"name":"Czy czuje pani jazz?"}]},{"@type":"WebSite","@id":"https:\/\/notabene.world\/nb\/#website","url":"https:\/\/notabene.world\/nb\/","name":"NOTABENE.WORLD","description":"Przekaz. Warto\u015bci. Wsp\u00f3lnota.","publisher":{"@id":"https:\/\/notabene.world\/nb\/#organization"},"potentialAction":[{"@type":"SearchAction","target":{"@type":"EntryPoint","urlTemplate":"https:\/\/notabene.world\/nb\/?s={search_term_string}"},"query-input":{"@type":"PropertyValueSpecification","valueRequired":true,"valueName":"search_term_string"}}],"inLanguage":"pl-PL"},{"@type":"Organization","@id":"https:\/\/notabene.world\/nb\/#organization","name":"NOTABENE.WORLD","url":"https:\/\/notabene.world\/nb\/","logo":{"@type":"ImageObject","inLanguage":"pl-PL","@id":"https:\/\/notabene.world\/nb\/#\/schema\/logo\/image\/","url":"https:\/\/notabene.world\/nb\/wp-content\/uploads\/2022\/01\/NB-club-start-www1.jpg","contentUrl":"https:\/\/notabene.world\/nb\/wp-content\/uploads\/2022\/01\/NB-club-start-www1.jpg","width":1000,"height":839,"caption":"NOTABENE.WORLD"},"image":{"@id":"https:\/\/notabene.world\/nb\/#\/schema\/logo\/image\/"},"sameAs":["https:\/\/www.facebook.com\/Notabene.World"]},{"@type":"Person","@id":"https:\/\/notabene.world\/nb\/#\/schema\/person\/db81d96b2e97dc3d4a74bb45c778aa53","name":"HoraCyk &amp; HoraCyk","image":{"@type":"ImageObject","inLanguage":"pl-PL","@id":"https:\/\/secure.gravatar.com\/avatar\/f00d2aa94c60055cc7150cd76fca4a20660d88f7243ebe59951a6633ea291ec9?s=96&d=mm&r=g","url":"https:\/\/secure.gravatar.com\/avatar\/f00d2aa94c60055cc7150cd76fca4a20660d88f7243ebe59951a6633ea291ec9?s=96&d=mm&r=g","contentUrl":"https:\/\/secure.gravatar.com\/avatar\/f00d2aa94c60055cc7150cd76fca4a20660d88f7243ebe59951a6633ea291ec9?s=96&d=mm&r=g","caption":"HoraCyk &amp; HoraCyk"},"url":"https:\/\/notabene.world\/nb\/author\/nb\/"}]}},"jetpack_featured_media_url":"https:\/\/i0.wp.com\/notabene.world\/nb\/wp-content\/uploads\/2021\/01\/jazz.jpg?fit=800%2C445&ssl=1","jetpack_sharing_enabled":true,"jetpack_shortlink":"https:\/\/wp.me\/pdCobN-al","_links":{"self":[{"href":"https:\/\/notabene.world\/nb\/wp-json\/wp\/v2\/posts\/641","targetHints":{"allow":["GET"]}}],"collection":[{"href":"https:\/\/notabene.world\/nb\/wp-json\/wp\/v2\/posts"}],"about":[{"href":"https:\/\/notabene.world\/nb\/wp-json\/wp\/v2\/types\/post"}],"author":[{"embeddable":true,"href":"https:\/\/notabene.world\/nb\/wp-json\/wp\/v2\/users\/14"}],"replies":[{"embeddable":true,"href":"https:\/\/notabene.world\/nb\/wp-json\/wp\/v2\/comments?post=641"}],"version-history":[{"count":5,"href":"https:\/\/notabene.world\/nb\/wp-json\/wp\/v2\/posts\/641\/revisions"}],"predecessor-version":[{"id":1270,"href":"https:\/\/notabene.world\/nb\/wp-json\/wp\/v2\/posts\/641\/revisions\/1270"}],"wp:featuredmedia":[{"embeddable":true,"href":"https:\/\/notabene.world\/nb\/wp-json\/wp\/v2\/media\/643"}],"wp:attachment":[{"href":"https:\/\/notabene.world\/nb\/wp-json\/wp\/v2\/media?parent=641"}],"wp:term":[{"taxonomy":"category","embeddable":true,"href":"https:\/\/notabene.world\/nb\/wp-json\/wp\/v2\/categories?post=641"},{"taxonomy":"post_tag","embeddable":true,"href":"https:\/\/notabene.world\/nb\/wp-json\/wp\/v2\/tags?post=641"}],"curies":[{"name":"wp","href":"https:\/\/api.w.org\/{rel}","templated":true}]}}