{"id":651,"date":"2021-12-15T19:46:00","date_gmt":"2021-12-15T18:46:00","guid":{"rendered":"https:\/\/notabene.world\/nb\/?p=651"},"modified":"2022-02-06T17:00:51","modified_gmt":"2022-02-06T16:00:51","slug":"jak-przezyc-swieta","status":"publish","type":"post","link":"https:\/\/notabene.world\/nb\/jak-przezyc-swieta\/","title":{"rendered":"Jak &#8222;prze\u017cy\u0107&#8221; \u015bwi\u0119ta?"},"content":{"rendered":"\n<h1 class=\"wp-block-heading\"><\/h1>\n\n\n\n<p><\/p>\n\n\n\n<p class=\"has-drop-cap\">\u015awi\u0105teczny okres mo\u017ce dla niekt\u00f3rych stanowi\u0107 kumulacj\u0119 negatywnych emocji, czy prze\u017cy\u0107. Pi\u0119kne, kolorowe ozdoby, ustrojone domy, a nawet zapach korzennych piernik\u00f3w nie s\u0105 niestety w stanie wynagrodzi\u0107 ogromu presji, stresu i nadmiaru obowi\u0105zk\u00f3w zwi\u0105zanych zar\u00f3wno z bo\u017conarodzeniowymi przygotowaniami, jak i z samym momentem \u015awi\u0105t. W ostatnich tygodniach grudnia pot\u0119guj\u0105 si\u0119 czynniki mog\u0105ce wywo\u0142a\u0107 specyficzny dyskomfort, co wp\u0142ywa na to, \u017ce oddzia\u0142uje on na nas z jeszcze wi\u0119ksz\u0105 si\u0142\u0105. Podejrzewam, \u017ce wi\u0119kszo\u015b\u0107 os\u00f3b za- pytanych o to co stanowi dla nich najwi\u0119kszy generator \u00f3w dyskomfortu w tym okresie, odpowiedzia\u0142aby, \u017ce spotkania z rodzin\u0105. Co zrobi\u0107 w sytuacji, w kt\u00f3rej nie mo\u017cemy unikn\u0105\u0107 nieprzyjemnej dla nas wizyty? Jak radzi\u0107 sobie z uwagami i komentarzami najbli\u017cszych? Czy mo\u017cemy stawia\u0107 granice i jak wp\u0142ywaj\u0105 one na dalsz\u0105 komunikacj\u0119? I najwa\u017cniejsze, jak w \u015bwi\u0105tecznym harmidrze nie zapomina\u0107 o sobie i swoich potrzebach?\u00a0<\/p>\n\n\n\n<p>Na wst\u0119pie nale\u017ca\u0142oby zaznaczy\u0107, \u017ce nie znam ciebie, twojej sytuacji rodzinnej, twojego sposobu reagowania na poszczeg\u00f3lne sytuacje, dlatego te\u017c poni\u017csze rozwi\u0105zania stara\u0142am si\u0119 dopasowa\u0107 do og\u00f3\u0142u i wybiera\u0107 te, kt\u00f3re maj\u0105 uniwersalny charakter. Je\u015bli po przeczytaniu poczujesz szczeg\u00f3lny problem w kt\u00f3rym\u015b z tych obszar\u00f3w, wiesz, \u017ce wyj\u0105tkowo trudno b\u0119dzie ci prze\u017cy\u0107 okres \u015bwi\u0105t albo po prostu czujesz, \u017ce potrzebujesz rozmowy, wsparcia to zach\u0119cam do skorzystania z pomocy pani pedagog Izabeli Z\u0142onkiewicz lub pani psycholog Anny Piwowarczyk.&nbsp;&nbsp;<\/p>\n\n\n\n<p><strong>Masz prawo stawia\u0107 granice&nbsp;&nbsp;<\/strong><\/p>\n\n\n\n<p class=\"has-drop-cap\">Na pytania w stylu: Ty co\u015b jesz w og\u00f3le? Dlaczego tak du\u017co jesz? Dlaczego nie chodzisz do ko\u015bcio\u0142a? Ile wa\u017cysz, chyba ostatnio ci si\u0119 przyty\u0142o? Po co ci takie tatua\u017ce? Po co ty tak cz\u0119sto chodzisz do tego ko\u015bcio\u0142a? Jak ty wygl\u0105dasz z tymi kolorowymi w\u0142osami?&nbsp; A z ciebie to si\u0119 nie \u015bmiej\u0105, \u017ce si\u0119 tak ubierasz? Nie mog\u0142_\u015b jaki\u015b bardziej przysz\u0142o\u015bciowych studi\u00f3w sobie wybra\u0107?&nbsp;<\/p>\n\n\n\n<p>Mo\u017cesz odpowiedzie\u0107: Nie. Nie chce o tym rozmawia\u0107. To moja decyzja. Ja czuj\u0119 si\u0119 z tym dobrze. My\u015bl\u0119, \u017ce to pytanie jest nie na miejscu. Nie czuje potrzeby odpowiadania na to pytanie. Ju\u017c powiedzia\u0142_m nie.&nbsp;&nbsp;&nbsp;<\/p>\n\n\n\n<p>Reagowanie w ten spos\u00f3b nie jest niegrzeczne, chamskie czy egoistyczne. Stawianie granic jest wyrazem szacunku i mi\u0142o\u015bci do siebie, a w przypadku rodzinnego spotkania mo\u017ce pom\u00f3c w unikni\u0119ciu k\u0142\u00f3tni czy rozm\u00f3w, w kt\u00f3rych nikt nie ma ochoty uczestniczy\u0107. Dzi\u0119ki tej technice nie nara\u017camy siebie i innych na przyk\u0142ad na wybuchy z\u0142o\u015bci. Pocz\u0105tki w stawianiu granic mog\u0105 by\u0107 trudne, szczeg\u00f3lnie kiedy us\u0142yszymy przez to, \u017ce jeste\u015bmy niewychowani, pyskaci i przewra\u017cliwieni, natomiast takie komunikaty zwrotne \u015bwiadcz\u0105 o tym, \u017ce nasz rozm\u00f3wca uniewa\u017cnia, bagatelizuje nasze emocje. Innym, pomocnym sposobem na stawianie granic, szczeg\u00f3lnie dla os\u00f3b, kt\u00f3re nie czuj\u0105 si\u0119 pewnie, mo\u017ce by\u0107 pr\u00f3ba uniku rozmowy pod pewnym pretekstem np. \u201emusz\u0119 p\u00f3j\u015b\u0107 pom\u00f3c babci w kuchni\u201d, \u201esprawdz\u0119, czy woda si\u0119 zagotowa\u0142a\u201d itp. Wi\u0119cej o stawianiu granic, ich roli, jak wprowadzi\u0107 je w \u017cycie i jakie codzienne korzy\u015bci niesie to za sob\u0105 mo\u017cna przeczyta\u0107 w ksi\u0105\u017cce, poleconej przez pani\u0105 Ann\u0119 Piwowarczyk, pod tytu\u0142em \u201eId\u017a w\u0142asn\u0105 drog\u0105\u201d, w kt\u00f3rej zosta\u0142y r\u00f3wnie\u017c dok\u0142adniej opisane mechanizmy i skutki unikania konfrontacji pod pretekstem.\u00a0\u00a0<\/p>\n\n\n\n<figure class=\"wp-block-image\"><img decoding=\"async\" src=\"https:\/\/lh3.googleusercontent.com\/MEQN3AFGJap5YVkXuh922N9P-mACHAlmjpsb8pSjnQBuhcR3AFQqcQZrp7lEqydUb5M7aeASFny8uxPsKj3T9vD5wwKTMBIiLJpmxcmIG4tclCpG8xeO5IpvQC_QUfeBTeyR77U\" alt=\"\"\/><\/figure>\n\n\n\n<p><strong>Obserwuj swoje emocje<\/strong>&nbsp;&nbsp;<\/p>\n\n\n\n<p class=\"has-drop-cap\">Bezpo\u015brednio wi\u0105\u017ce si\u0119 to ze stawianiem granic. Mianowicie, aby poprawnie je stawia\u0107 nale\u017cy najpierw zda\u0107 sobie spraw\u0119 jakie s\u0142owa, pytania, sytuacje, ton wypowiedzi wywo\u0142uj\u0105 w nas smutek, z\u0142o\u015b\u0107, strach, burz\u0105 poczucie warto\u015bci. Rozpoznanie w sobie tych emocji jest pierwszym stopniem do zareagowania na nie. T\u0142umienie ich w sobie mo\u017ce prowadzi\u0107 nie tylko do innych trudno\u015bci w sferze psychicznej, ale r\u00f3wnie\u017c fizycznej. Pom\u00f3c w okre\u015blaniu, nazywaniu i reagowaniu na nasze emocje mo\u017ce ksi\u0105\u017cka Osho \u201eZdrowie emocjonalne: przemie\u0144 l\u0119k, z\u0142o\u015b\u0107 i zazdro\u015b\u0107 w tw\u00f3rcz\u0105 energi\u0119\u201d.&nbsp;&nbsp;<\/p>\n\n\n\n<figure class=\"wp-block-image\"><img decoding=\"async\" src=\"https:\/\/lh6.googleusercontent.com\/DmgDt618tMrghSI2EeCeiFRaNiwvRb31l8vsax_joTfb1QKrGUhrFQTjFk2FCKpb25pkVLJzlKTcC2lZkQsgHyBrvKSdYywYSWZGhHKVvWKSuwo9kU90VZYTkzqZAilQKjtnL60\" alt=\"\"\/><\/figure>\n\n\n\n<p><strong>Zr\u00f3b co\u015b tylko dla siebie&nbsp;<\/strong><\/p>\n\n\n\n<p class=\"has-drop-cap\">Brzmi to banalnie, ale jest naprawd\u0119 pomocne i warte zastanowienia. \u015awi\u0119ta to czas robienia wszystkiego dla wszystkich. Szykowanie ca\u0142ego domu na przyjazd go\u015bci, sp\u0119dzanie z nimi kilku\/kilkunastu godzin, przygotowywanie prezent\u00f3w. Wiele rzeczy do zrobienia, przy jedno- czesnym kr\u00f3tkim czasie na zrealizowanie wszystkiego. \u0141atwo mo\u017ce przyj\u015b\u0107 zatracenie w tym siebie i swoich potrzeb, a czasem do poprawienia swojego samo- poczucia wystarcz\u0105 ma\u0142e przyjemno\u015bci. To mo\u017ce by\u0107 przeczytanie, obejrzenie, zrobienie czego\u015b co lubimy, nawet zwyk\u0142e wyj\u015bcie na spacer. Te rzeczy nie stanowi\u0105 rozwi\u0105zania naszych problem\u00f3w, ale mog\u0105 by\u0107 wyrazem, a nawet symbolem tego, \u017ce w tym dziwnym czasie pami\u0119tamy tak\u017ce o sobie.\u00a0<\/p>\n\n\n\n<p>\u015awi\u0119ta ju\u017c tu\u017c-tu\u017c wi\u0119c w tym okresie (i ka\u017cdego innego dnia te\u017c!) \u017cycz\u0119 wam: odpoczynku, poczucia bycia wystarczaj\u0105cym, akceptowania swoich uczu\u0107, braku wstydu przy m\u00f3wieniu \u201enie\u201d, odwagi w byciu sob\u0105, sp\u0119dzania czasu w towarzystwie os\u00f3b, przy kt\u00f3rych nie czujecie si\u0119 obco i w atmosferze, kt\u00f3ra daje wam poczucie akceptacji. Weso\u0142ych \u015awi\u0105t dla wszystkich, kt\u00f3rzy za priorytet w tym czasie uznaj\u0105 sp\u0119dzenie czasu z najbli\u017cszymi, dla wszystkich, kt\u00f3rzy \u015bwi\u0119tuj\u0105 narodziny Jezusa i dla wszystkich, kt\u00f3rzy obchodz\u0105 \u015bwi\u0119ta w jakikolwiek spos\u00f3b, kt\u00f3ry im odpowiada. \u201e&#8230;Niebo- Ziemi, Niebu- Ziemia. Wszyscy wszystkim \u015bl\u0105 \u017cyczenia&#8230;\u201d\u00a0<\/p>\n","protected":false},"excerpt":{"rendered":"<p>\u015awi\u0105teczny okres mo\u017ce dla niekt\u00f3rych stanowi\u0107 kumulacj\u0119 negatywnych emocji, czy prze\u017cy\u0107. Pi\u0119kne, kolorowe ozdoby, ustrojone domy, a nawet zapach korzennych<\/p>\n","protected":false},"author":15,"featured_media":653,"comment_status":"closed","ping_status":"closed","sticky":false,"template":"","format":"standard","meta":{"colormag_page_container_layout":"default_layout","colormag_page_sidebar_layout":"default_layout","_jetpack_memberships_contains_paid_content":false,"footnotes":"","_links_to":"","_links_to_target":""},"categories":[12,110],"tags":[55],"class_list":["post-651","post","type-post","status-publish","format-standard","has-post-thumbnail","hentry","category-spoleczenstwo","category-spoleczenstwo-2","tag-spoleczenstwo"],"yoast_head":"<!-- This site is optimized with the Yoast SEO plugin v27.5 - https:\/\/yoast.com\/product\/yoast-seo-wordpress\/ -->\n<title>Jak &quot;prze\u017cy\u0107&quot; \u015bwi\u0119ta? - NOTABENE.WORLD<\/title>\n<meta name=\"robots\" content=\"index, follow, max-snippet:-1, max-image-preview:large, max-video-preview:-1\" \/>\n<link rel=\"canonical\" href=\"https:\/\/notabene.world\/nb\/jak-przezyc-swieta\/\" \/>\n<meta property=\"og:locale\" content=\"pl_PL\" \/>\n<meta property=\"og:type\" content=\"article\" \/>\n<meta property=\"og:title\" content=\"Jak &quot;prze\u017cy\u0107&quot; \u015bwi\u0119ta? - NOTABENE.WORLD\" \/>\n<meta property=\"og:description\" content=\"\u015awi\u0105teczny okres mo\u017ce dla niekt\u00f3rych stanowi\u0107 kumulacj\u0119 negatywnych emocji, czy prze\u017cy\u0107. Pi\u0119kne, kolorowe ozdoby, ustrojone domy, a nawet zapach korzennych\" \/>\n<meta property=\"og:url\" content=\"https:\/\/notabene.world\/nb\/jak-przezyc-swieta\/\" \/>\n<meta property=\"og:site_name\" content=\"NOTABENE.WORLD\" \/>\n<meta property=\"article:publisher\" content=\"https:\/\/www.facebook.com\/Notabene.World\" \/>\n<meta property=\"article:published_time\" content=\"2021-12-15T18:46:00+00:00\" \/>\n<meta property=\"article:modified_time\" content=\"2022-02-06T16:00:51+00:00\" \/>\n<meta property=\"og:image\" content=\"https:\/\/notabene.world\/nb\/wp-content\/uploads\/2021\/12\/swieta-jak.jpg\" \/>\n\t<meta property=\"og:image:width\" content=\"800\" \/>\n\t<meta property=\"og:image:height\" content=\"445\" \/>\n\t<meta property=\"og:image:type\" content=\"image\/jpeg\" \/>\n<meta name=\"author\" content=\"Roksana Kwapisz\" \/>\n<meta name=\"twitter:card\" content=\"summary_large_image\" \/>\n<meta name=\"twitter:label1\" content=\"Napisane przez\" \/>\n\t<meta name=\"twitter:data1\" content=\"Roksana Kwapisz\" \/>\n\t<meta name=\"twitter:label2\" content=\"Szacowany czas czytania\" \/>\n\t<meta name=\"twitter:data2\" content=\"5 minut\" \/>\n<script type=\"application\/ld+json\" class=\"yoast-schema-graph\">{\"@context\":\"https:\\\/\\\/schema.org\",\"@graph\":[{\"@type\":\"Article\",\"@id\":\"https:\\\/\\\/notabene.world\\\/nb\\\/jak-przezyc-swieta\\\/#article\",\"isPartOf\":{\"@id\":\"https:\\\/\\\/notabene.world\\\/nb\\\/jak-przezyc-swieta\\\/\"},\"author\":{\"name\":\"Roksana Kwapisz\",\"@id\":\"https:\\\/\\\/notabene.world\\\/nb\\\/#\\\/schema\\\/person\\\/8e658f42da95b9bd5b051b03eb1bc8b0\"},\"headline\":\"Jak &#8222;prze\u017cy\u0107&#8221; \u015bwi\u0119ta?\",\"datePublished\":\"2021-12-15T18:46:00+00:00\",\"dateModified\":\"2022-02-06T16:00:51+00:00\",\"mainEntityOfPage\":{\"@id\":\"https:\\\/\\\/notabene.world\\\/nb\\\/jak-przezyc-swieta\\\/\"},\"wordCount\":943,\"publisher\":{\"@id\":\"https:\\\/\\\/notabene.world\\\/nb\\\/#organization\"},\"image\":{\"@id\":\"https:\\\/\\\/notabene.world\\\/nb\\\/jak-przezyc-swieta\\\/#primaryimage\"},\"thumbnailUrl\":\"https:\\\/\\\/i0.wp.com\\\/notabene.world\\\/nb\\\/wp-content\\\/uploads\\\/2021\\\/12\\\/swieta-jak.jpg?fit=800%2C445&ssl=1\",\"keywords\":[\"#spo\u0142ecze\u0144stwo\"],\"articleSection\":[\"Nasz \u015awiat\",\"Spo\u0142ecze\u0144stwo\"],\"inLanguage\":\"pl-PL\"},{\"@type\":\"WebPage\",\"@id\":\"https:\\\/\\\/notabene.world\\\/nb\\\/jak-przezyc-swieta\\\/\",\"url\":\"https:\\\/\\\/notabene.world\\\/nb\\\/jak-przezyc-swieta\\\/\",\"name\":\"Jak \\\"prze\u017cy\u0107\\\" \u015bwi\u0119ta? - NOTABENE.WORLD\",\"isPartOf\":{\"@id\":\"https:\\\/\\\/notabene.world\\\/nb\\\/#website\"},\"primaryImageOfPage\":{\"@id\":\"https:\\\/\\\/notabene.world\\\/nb\\\/jak-przezyc-swieta\\\/#primaryimage\"},\"image\":{\"@id\":\"https:\\\/\\\/notabene.world\\\/nb\\\/jak-przezyc-swieta\\\/#primaryimage\"},\"thumbnailUrl\":\"https:\\\/\\\/i0.wp.com\\\/notabene.world\\\/nb\\\/wp-content\\\/uploads\\\/2021\\\/12\\\/swieta-jak.jpg?fit=800%2C445&ssl=1\",\"datePublished\":\"2021-12-15T18:46:00+00:00\",\"dateModified\":\"2022-02-06T16:00:51+00:00\",\"breadcrumb\":{\"@id\":\"https:\\\/\\\/notabene.world\\\/nb\\\/jak-przezyc-swieta\\\/#breadcrumb\"},\"inLanguage\":\"pl-PL\",\"potentialAction\":[{\"@type\":\"ReadAction\",\"target\":[\"https:\\\/\\\/notabene.world\\\/nb\\\/jak-przezyc-swieta\\\/\"]}]},{\"@type\":\"ImageObject\",\"inLanguage\":\"pl-PL\",\"@id\":\"https:\\\/\\\/notabene.world\\\/nb\\\/jak-przezyc-swieta\\\/#primaryimage\",\"url\":\"https:\\\/\\\/i0.wp.com\\\/notabene.world\\\/nb\\\/wp-content\\\/uploads\\\/2021\\\/12\\\/swieta-jak.jpg?fit=800%2C445&ssl=1\",\"contentUrl\":\"https:\\\/\\\/i0.wp.com\\\/notabene.world\\\/nb\\\/wp-content\\\/uploads\\\/2021\\\/12\\\/swieta-jak.jpg?fit=800%2C445&ssl=1\",\"width\":800,\"height\":445},{\"@type\":\"BreadcrumbList\",\"@id\":\"https:\\\/\\\/notabene.world\\\/nb\\\/jak-przezyc-swieta\\\/#breadcrumb\",\"itemListElement\":[{\"@type\":\"ListItem\",\"position\":1,\"name\":\"Home\",\"item\":\"https:\\\/\\\/notabene.world\\\/nb\\\/\"},{\"@type\":\"ListItem\",\"position\":2,\"name\":\"Jak &#8220;prze\u017cy\u0107&#8221; \u015bwi\u0119ta?\"}]},{\"@type\":\"WebSite\",\"@id\":\"https:\\\/\\\/notabene.world\\\/nb\\\/#website\",\"url\":\"https:\\\/\\\/notabene.world\\\/nb\\\/\",\"name\":\"NOTABENE.WORLD\",\"description\":\"Przekaz. Warto\u015bci. Wsp\u00f3lnota.\",\"publisher\":{\"@id\":\"https:\\\/\\\/notabene.world\\\/nb\\\/#organization\"},\"potentialAction\":[{\"@type\":\"SearchAction\",\"target\":{\"@type\":\"EntryPoint\",\"urlTemplate\":\"https:\\\/\\\/notabene.world\\\/nb\\\/?s={search_term_string}\"},\"query-input\":{\"@type\":\"PropertyValueSpecification\",\"valueRequired\":true,\"valueName\":\"search_term_string\"}}],\"inLanguage\":\"pl-PL\"},{\"@type\":\"Organization\",\"@id\":\"https:\\\/\\\/notabene.world\\\/nb\\\/#organization\",\"name\":\"NOTABENE.WORLD\",\"url\":\"https:\\\/\\\/notabene.world\\\/nb\\\/\",\"logo\":{\"@type\":\"ImageObject\",\"inLanguage\":\"pl-PL\",\"@id\":\"https:\\\/\\\/notabene.world\\\/nb\\\/#\\\/schema\\\/logo\\\/image\\\/\",\"url\":\"https:\\\/\\\/notabene.world\\\/nb\\\/wp-content\\\/uploads\\\/2022\\\/01\\\/NB-club-start-www1.jpg\",\"contentUrl\":\"https:\\\/\\\/notabene.world\\\/nb\\\/wp-content\\\/uploads\\\/2022\\\/01\\\/NB-club-start-www1.jpg\",\"width\":1000,\"height\":839,\"caption\":\"NOTABENE.WORLD\"},\"image\":{\"@id\":\"https:\\\/\\\/notabene.world\\\/nb\\\/#\\\/schema\\\/logo\\\/image\\\/\"},\"sameAs\":[\"https:\\\/\\\/www.facebook.com\\\/Notabene.World\"]},{\"@type\":\"Person\",\"@id\":\"https:\\\/\\\/notabene.world\\\/nb\\\/#\\\/schema\\\/person\\\/8e658f42da95b9bd5b051b03eb1bc8b0\",\"name\":\"Roksana Kwapisz\",\"image\":{\"@type\":\"ImageObject\",\"inLanguage\":\"pl-PL\",\"@id\":\"https:\\\/\\\/secure.gravatar.com\\\/avatar\\\/9b820bc269d1f5067f8164f0cb079ca480e6b4f5cafaca41a6eb302a83ac43e2?s=96&d=mm&r=g\",\"url\":\"https:\\\/\\\/secure.gravatar.com\\\/avatar\\\/9b820bc269d1f5067f8164f0cb079ca480e6b4f5cafaca41a6eb302a83ac43e2?s=96&d=mm&r=g\",\"contentUrl\":\"https:\\\/\\\/secure.gravatar.com\\\/avatar\\\/9b820bc269d1f5067f8164f0cb079ca480e6b4f5cafaca41a6eb302a83ac43e2?s=96&d=mm&r=g\",\"caption\":\"Roksana Kwapisz\"},\"url\":\"https:\\\/\\\/notabene.world\\\/nb\\\/author\\\/r-k\\\/\"}]}<\/script>\n<!-- \/ Yoast SEO plugin. -->","yoast_head_json":{"title":"Jak \"prze\u017cy\u0107\" \u015bwi\u0119ta? - NOTABENE.WORLD","robots":{"index":"index","follow":"follow","max-snippet":"max-snippet:-1","max-image-preview":"max-image-preview:large","max-video-preview":"max-video-preview:-1"},"canonical":"https:\/\/notabene.world\/nb\/jak-przezyc-swieta\/","og_locale":"pl_PL","og_type":"article","og_title":"Jak \"prze\u017cy\u0107\" \u015bwi\u0119ta? - NOTABENE.WORLD","og_description":"\u015awi\u0105teczny okres mo\u017ce dla niekt\u00f3rych stanowi\u0107 kumulacj\u0119 negatywnych emocji, czy prze\u017cy\u0107. Pi\u0119kne, kolorowe ozdoby, ustrojone domy, a nawet zapach korzennych","og_url":"https:\/\/notabene.world\/nb\/jak-przezyc-swieta\/","og_site_name":"NOTABENE.WORLD","article_publisher":"https:\/\/www.facebook.com\/Notabene.World","article_published_time":"2021-12-15T18:46:00+00:00","article_modified_time":"2022-02-06T16:00:51+00:00","og_image":[{"width":800,"height":445,"url":"https:\/\/notabene.world\/nb\/wp-content\/uploads\/2021\/12\/swieta-jak.jpg","type":"image\/jpeg"}],"author":"Roksana Kwapisz","twitter_card":"summary_large_image","twitter_misc":{"Napisane przez":"Roksana Kwapisz","Szacowany czas czytania":"5 minut"},"schema":{"@context":"https:\/\/schema.org","@graph":[{"@type":"Article","@id":"https:\/\/notabene.world\/nb\/jak-przezyc-swieta\/#article","isPartOf":{"@id":"https:\/\/notabene.world\/nb\/jak-przezyc-swieta\/"},"author":{"name":"Roksana Kwapisz","@id":"https:\/\/notabene.world\/nb\/#\/schema\/person\/8e658f42da95b9bd5b051b03eb1bc8b0"},"headline":"Jak &#8222;prze\u017cy\u0107&#8221; \u015bwi\u0119ta?","datePublished":"2021-12-15T18:46:00+00:00","dateModified":"2022-02-06T16:00:51+00:00","mainEntityOfPage":{"@id":"https:\/\/notabene.world\/nb\/jak-przezyc-swieta\/"},"wordCount":943,"publisher":{"@id":"https:\/\/notabene.world\/nb\/#organization"},"image":{"@id":"https:\/\/notabene.world\/nb\/jak-przezyc-swieta\/#primaryimage"},"thumbnailUrl":"https:\/\/i0.wp.com\/notabene.world\/nb\/wp-content\/uploads\/2021\/12\/swieta-jak.jpg?fit=800%2C445&ssl=1","keywords":["#spo\u0142ecze\u0144stwo"],"articleSection":["Nasz \u015awiat","Spo\u0142ecze\u0144stwo"],"inLanguage":"pl-PL"},{"@type":"WebPage","@id":"https:\/\/notabene.world\/nb\/jak-przezyc-swieta\/","url":"https:\/\/notabene.world\/nb\/jak-przezyc-swieta\/","name":"Jak \"prze\u017cy\u0107\" \u015bwi\u0119ta? - NOTABENE.WORLD","isPartOf":{"@id":"https:\/\/notabene.world\/nb\/#website"},"primaryImageOfPage":{"@id":"https:\/\/notabene.world\/nb\/jak-przezyc-swieta\/#primaryimage"},"image":{"@id":"https:\/\/notabene.world\/nb\/jak-przezyc-swieta\/#primaryimage"},"thumbnailUrl":"https:\/\/i0.wp.com\/notabene.world\/nb\/wp-content\/uploads\/2021\/12\/swieta-jak.jpg?fit=800%2C445&ssl=1","datePublished":"2021-12-15T18:46:00+00:00","dateModified":"2022-02-06T16:00:51+00:00","breadcrumb":{"@id":"https:\/\/notabene.world\/nb\/jak-przezyc-swieta\/#breadcrumb"},"inLanguage":"pl-PL","potentialAction":[{"@type":"ReadAction","target":["https:\/\/notabene.world\/nb\/jak-przezyc-swieta\/"]}]},{"@type":"ImageObject","inLanguage":"pl-PL","@id":"https:\/\/notabene.world\/nb\/jak-przezyc-swieta\/#primaryimage","url":"https:\/\/i0.wp.com\/notabene.world\/nb\/wp-content\/uploads\/2021\/12\/swieta-jak.jpg?fit=800%2C445&ssl=1","contentUrl":"https:\/\/i0.wp.com\/notabene.world\/nb\/wp-content\/uploads\/2021\/12\/swieta-jak.jpg?fit=800%2C445&ssl=1","width":800,"height":445},{"@type":"BreadcrumbList","@id":"https:\/\/notabene.world\/nb\/jak-przezyc-swieta\/#breadcrumb","itemListElement":[{"@type":"ListItem","position":1,"name":"Home","item":"https:\/\/notabene.world\/nb\/"},{"@type":"ListItem","position":2,"name":"Jak &#8220;prze\u017cy\u0107&#8221; \u015bwi\u0119ta?"}]},{"@type":"WebSite","@id":"https:\/\/notabene.world\/nb\/#website","url":"https:\/\/notabene.world\/nb\/","name":"NOTABENE.WORLD","description":"Przekaz. Warto\u015bci. Wsp\u00f3lnota.","publisher":{"@id":"https:\/\/notabene.world\/nb\/#organization"},"potentialAction":[{"@type":"SearchAction","target":{"@type":"EntryPoint","urlTemplate":"https:\/\/notabene.world\/nb\/?s={search_term_string}"},"query-input":{"@type":"PropertyValueSpecification","valueRequired":true,"valueName":"search_term_string"}}],"inLanguage":"pl-PL"},{"@type":"Organization","@id":"https:\/\/notabene.world\/nb\/#organization","name":"NOTABENE.WORLD","url":"https:\/\/notabene.world\/nb\/","logo":{"@type":"ImageObject","inLanguage":"pl-PL","@id":"https:\/\/notabene.world\/nb\/#\/schema\/logo\/image\/","url":"https:\/\/notabene.world\/nb\/wp-content\/uploads\/2022\/01\/NB-club-start-www1.jpg","contentUrl":"https:\/\/notabene.world\/nb\/wp-content\/uploads\/2022\/01\/NB-club-start-www1.jpg","width":1000,"height":839,"caption":"NOTABENE.WORLD"},"image":{"@id":"https:\/\/notabene.world\/nb\/#\/schema\/logo\/image\/"},"sameAs":["https:\/\/www.facebook.com\/Notabene.World"]},{"@type":"Person","@id":"https:\/\/notabene.world\/nb\/#\/schema\/person\/8e658f42da95b9bd5b051b03eb1bc8b0","name":"Roksana Kwapisz","image":{"@type":"ImageObject","inLanguage":"pl-PL","@id":"https:\/\/secure.gravatar.com\/avatar\/9b820bc269d1f5067f8164f0cb079ca480e6b4f5cafaca41a6eb302a83ac43e2?s=96&d=mm&r=g","url":"https:\/\/secure.gravatar.com\/avatar\/9b820bc269d1f5067f8164f0cb079ca480e6b4f5cafaca41a6eb302a83ac43e2?s=96&d=mm&r=g","contentUrl":"https:\/\/secure.gravatar.com\/avatar\/9b820bc269d1f5067f8164f0cb079ca480e6b4f5cafaca41a6eb302a83ac43e2?s=96&d=mm&r=g","caption":"Roksana Kwapisz"},"url":"https:\/\/notabene.world\/nb\/author\/r-k\/"}]}},"jetpack_featured_media_url":"https:\/\/i0.wp.com\/notabene.world\/nb\/wp-content\/uploads\/2021\/12\/swieta-jak.jpg?fit=800%2C445&ssl=1","jetpack_sharing_enabled":true,"jetpack_shortlink":"https:\/\/wp.me\/pdCobN-av","_links":{"self":[{"href":"https:\/\/notabene.world\/nb\/wp-json\/wp\/v2\/posts\/651","targetHints":{"allow":["GET"]}}],"collection":[{"href":"https:\/\/notabene.world\/nb\/wp-json\/wp\/v2\/posts"}],"about":[{"href":"https:\/\/notabene.world\/nb\/wp-json\/wp\/v2\/types\/post"}],"author":[{"embeddable":true,"href":"https:\/\/notabene.world\/nb\/wp-json\/wp\/v2\/users\/15"}],"replies":[{"embeddable":true,"href":"https:\/\/notabene.world\/nb\/wp-json\/wp\/v2\/comments?post=651"}],"version-history":[{"count":5,"href":"https:\/\/notabene.world\/nb\/wp-json\/wp\/v2\/posts\/651\/revisions"}],"predecessor-version":[{"id":2045,"href":"https:\/\/notabene.world\/nb\/wp-json\/wp\/v2\/posts\/651\/revisions\/2045"}],"wp:featuredmedia":[{"embeddable":true,"href":"https:\/\/notabene.world\/nb\/wp-json\/wp\/v2\/media\/653"}],"wp:attachment":[{"href":"https:\/\/notabene.world\/nb\/wp-json\/wp\/v2\/media?parent=651"}],"wp:term":[{"taxonomy":"category","embeddable":true,"href":"https:\/\/notabene.world\/nb\/wp-json\/wp\/v2\/categories?post=651"},{"taxonomy":"post_tag","embeddable":true,"href":"https:\/\/notabene.world\/nb\/wp-json\/wp\/v2\/tags?post=651"}],"curies":[{"name":"wp","href":"https:\/\/api.w.org\/{rel}","templated":true}]}}