{"id":6522,"date":"2022-06-26T20:53:38","date_gmt":"2022-06-26T18:53:38","guid":{"rendered":"https:\/\/notabene.world\/nb\/?p=6522"},"modified":"2022-07-19T20:36:46","modified_gmt":"2022-07-19T18:36:46","slug":"4-miliony-700-tysiecy","status":"publish","type":"post","link":"https:\/\/notabene.world\/nb\/4-miliony-700-tysiecy\/","title":{"rendered":"4 miliony 700 tysi\u0119cy&#8230;"},"content":{"rendered":"\n<p>Niedziela. Pierwsza tego lata, pierwsza wakacyjna.<\/p>\n\n\n\n<p>Tydzie\u0144 temu zako\u0144czy\u0142a si\u0119 druga tura wybor\u00f3w parlamentarnych we Francji. Centroprawicowa koalicja Razem, zbudowana wok\u00f3\u0142 prezydenta Macrona, b\u0119dzie musia\u0142a szuka\u0107 koalicjanta. Do utrzymania wi\u0119kszo\u015bci absolutnej brakuje czterdziestu czterech mandat\u00f3w. Analitycy polityczni twierdz\u0105, \u017ce taki rezultat wybor\u00f3w spowoduje ogromne zamieszanie we francuskiej polityce. Niekt\u00f3rzy uwa\u017caj\u0105, \u017ce efekt kwietniowych wybor\u00f3w prezydenckich zosta\u0142 bardzo mocno os\u0142abiony. A przecie\u017c Macron zosta\u0142 pierwszym, od ponad dw\u00f3ch dekad, prezydentem Francji, kt\u00f3rego wybrano na drug\u0105 kadencj\u0119. Tak\u017ce w niedziel\u0119 zako\u0144czy\u0142y si\u0119 wybory prezydenckie w Boliwii. Wygra\u0142 je by\u0142y burmistrz Bogoty, senator Gustavo Petro. Jest to pierwszy lewicowy prezydent w dziejach Boliwii.<\/p>\n\n\n\n<p>W poniedzia\u0142ek obchodzili\u015bmy \u015awiatowy Dzie\u0144 Uchod\u017ac\u00f3w. Obecnie na \u015bwiecie prawie 200 milion\u00f3w ludzi mieszka w innym kraju ni\u017c si\u0119 urodzi\u0142o, to stanowi ponad 3% ludno\u015bci \u015bwiata. Jakie s\u0105 przyczyny migracji? Pierwsza to ch\u0119\u0107 poprawy bytu materialnego (migracja ekonomiczna), druga to ucieczka przed prze\u015bladowaniami (migracja polityczna), trzecia za\u015b to ucieczka przed konfliktami zbrojnymi &nbsp;lub przed skutkami kl\u0119sk \u017cywio\u0142owych (uchod\u017acy i azylanci).<\/p>\n\n\n\n<p>Dzi\u015b w Polsce widzimy miliony uchod\u017ac\u00f3w wojennych, widzimy ich rozpacz, wyobcowanie, zagubienie. Uciekaj\u0105 przede wszystkim kobiety, kt\u00f3re chc\u0105 ratowa\u0107 \u017cycie swoich dzieci. Wi\u0119kszo\u015b\u0107 chce wr\u00f3ci\u0107 do domu. Z Polski wyje\u017cd\u017caj\u0105 przede wszystkim ci, kt\u00f3rzy wiedz\u0105, \u017ce ich miejscowo\u015bci zosta\u0142y wyzwolone lub \u017ce mo\u017cna zamieszka\u0107 na terenach, gdzie nie ma teraz frontu. Ludzie wierz\u0105, \u017ce wojna si\u0119 wkr\u00f3tce sko\u0144czy, a Ukraina wygra (do Polski wjecha\u0142o od 24 lutego oko\u0142o 4 mln 343 tys., wyjecha\u0142o 2 mln 648 tys. os\u00f3b).<\/p>\n\n\n\n<p>We wtorek 21 czerwca rozpocz\u0119\u0142o si\u0119 lato (o godz.11.14). By\u0142 to najd\u0142u\u017cszy dzie\u0144, w Polsce trwa\u0142 ponad 16 godz. 45 min. A je\u015bli mamy ju\u017c lato, to zaczynamy planowa\u0107&nbsp; wakacje. Gdzie pojedziemy lub polecimy? Czy sp\u0119dzimy urlop w Polsce, a mo\u017ce za granic\u0105? A\u017c 42 % Polak\u00f3w zamierza tegoroczne wakacje sp\u0119dzi\u0107 w domu. Ci, kt\u00f3rzy planuj\u0105 wyjazd, zamierzaj\u0105 wybra\u0107 si\u0119 nad polskie morze (ok. 15%), ponad 5% pojedzie w g\u00f3ry, oko\u0142o 11% wakacje sp\u0119dzi nad jeziorami, a 12% pojedzie w inne miejsca. Zagraniczne wakacje planuje tylko oko\u0142o 11% rodak\u00f3w.<\/p>\n\n\n\n<p>Niestety, opr\u00f3cz wysokich cen czekaj\u0105 na podr\u00f3\u017cnik\u00f3w inne \u201eniespodzianki\u201d. Okazuje si\u0119, \u017ce&nbsp; lotniska po okresie pandemii nie s\u0105 gotowe na tak ogromny wzrost ilo\u015bci pasa\u017cer\u00f3w. Przed pandemi\u0105 w obs\u0142udze naziemnej europejskich lotnisk pracowa\u0142o oko\u0142o 250 tysi\u0119cy ludzi, teraz tylko 120 tysi\u0119cy. Pracownicy lotnisk nie daj\u0105 rady obs\u0142ugiwa\u0107 wszystkich p\u0142ynnie i na czas. W zwi\u0105zku z tym obs\u0142uga lotnisk apeluje do linii lotniczych o ograniczenie liczby planowanych lot\u00f3w, a to powoduje, \u017ce r\u00f3wnie\u017c biura podr\u00f3\u017cy odwo\u0142uj\u0105 imprezy. Pojawiaj\u0105 si\u0119 te\u017c problemy z powrotem z wakacji. Liczba odwo\u0142anych lot\u00f3w w ca\u0142ej Europie idzie ju\u017c w tysi\u0105ce.<\/p>\n\n\n\n<p>W pi\u0105tek koniec roku szkolnego. 4 miliony 700 tys. uczni\u00f3w rozpocz\u0119\u0142o letnie wakacje. Szko\u0142y opustosza\u0142y, &nbsp;dzieci odpoczywaj\u0105, a dyrektorzy z trosk\u0105 my\u015bl\u0105, kto b\u0119dzie uczy\u0142 w szkole od wrze\u015bnia. Wed\u0142ug danych kuratori\u00f3w o\u015bwiaty oferty pracy czekaj\u0105 na ok. 13 tysi\u0119cy nauczycieli. Wielu pedagog\u00f3w odchodzi na emerytur\u0119, wielu nie chce pracowa\u0107 za n\u0119dzne wynagrodzenie, wielu twierdzi, \u017ce powa\u017cnym problemem jest wypalenie zawodowe. K\u0142opotem s\u0105 nadgodziny. W tym roku szkolnym ponad jedna trzecia dyrektor\u00f3w zatrudnia\u0142a emerytowanych nauczycieli i przydziela\u0142a zaj\u0119cia nauczycielom bez wymaganych kwalifikacji. W ubieg\u0142ym roku Rzecznik Praw Obywatelskich pisa\u0142 do Ministerstwa, \u017ce \u201eniedob\u00f3r nauczycieli mo\u017ce powodowa\u0107 nieodwracalne szkody w poziomie wykszta\u0142cenia uczni\u00f3w i uczennic oraz negatywnie wp\u0142yn\u0105\u0107 na realizacj\u0119 prawa do nauki (art.70 Konstytucji)\u201d.<\/p>\n\n\n\n<p>W Ukrainie 123 dzie\u0144 wojny. Rosjanie zmienili strategie ostrzeliwania Ukrainy rakietami. W niedziel\u0119 rano rakiety spad\u0142y mi\u0119dzy innymi na osiedle mieszkaniowe w Kijowie, w sobot\u0119 na tereny blisko granicy z Polsk\u0105. Ukrai\u0144skie wojsko wycofa\u0142o si\u0119 z Siewierodoniecka, by zapobiec ca\u0142kowitemu zniszczeniu miasta. Wojna trwa.<\/p>\n\n\n\n<p>Dzi\u015b rozpocz\u0119\u0142o si\u0119 w Niemczech spotkanie grupy G7. Szefowie najbogatszych pa\u0144stw \u015bwiata b\u0119d\u0105 dyskutowa\u0107 o &nbsp;obecnej sytuacji na \u015bwiecie, o kolejnych sankcjach dla Rosji, o pandemii. Jak powiedzia\u0142 prezydent Joe Biden \u201ePutin spodziewa\u0142 si\u0119, \u017ce Zach\u00f3d rozpadnie si\u0119 po jego inwazji na Ukrain\u0119, ale tak si\u0119 nie sta\u0142o\u201d. Na szcz\u0119\u015bcie.<\/p>\n\n\n\n<p><\/p>\n","protected":false},"excerpt":{"rendered":"<p>Tydzie\u0144 temu zako\u0144czy\u0142a si\u0119 druga tura wybor\u00f3w parlamentarnych we Francji. Centroprawicowa koalicja Razem, zbudowana wok\u00f3\u0142 prezydenta Macrona, b\u0119dzie musia\u0142a szuka\u0107 koalicjanta. Do utrzymania wi\u0119kszo\u015bci absolutnej brakuje czterdziestu czterech mandat\u00f3w. Analitycy polityczni twierdz\u0105, \u017ce taki rezultat wybor\u00f3w spowoduje ogromne zamieszanie we francuskiej polityce. Niekt\u00f3rzy uwa\u017caj\u0105, \u017ce efekt kwietniowych wybor\u00f3w prezydenckich zosta\u0142 bardzo mocno os\u0142abiony. A przecie\u017c Macron zosta\u0142 pierwszym, od ponad dw\u00f3ch dekad, prezydentem Francji, kt\u00f3rego wybrano na drug\u0105 kadencj\u0119. Tak\u017ce w niedziel\u0119 zako\u0144czy\u0142y si\u0119 wybory prezydenckie w Boliwii. Wygra\u0142 je by\u0142y burmistrz Bogoty, senator Gustavo Petro. Jest to pierwszy lewicowy prezydent w dziejach Boliwii.<\/p>\n<p>W poniedzia\u0142ek obchodzili\u015bmy \u015awiatowy Dzie\u0144 Uchod\u017ac\u00f3w. Obecnie na \u015bwiecie prawie 200 milion\u00f3w ludzi mieszka w innym kraju ni\u017c si\u0119 urodzi\u0142o, to stanowi ponad 3% ludno\u015bci \u015bwiata. Jakie s\u0105 przyczyny migracji? Pierwsza to ch\u0119\u0107 poprawy bytu materialnego (migracja ekonomiczna), druga to ucieczka przed prze\u015bladowaniami (migracja polityczna), trzecia za\u015b to ucieczka przed konfliktami zbrojnymi  lub przed skutkami kl\u0119sk \u017cywio\u0142owych (uchod\u017acy i azylanci).<\/p>\n","protected":false},"author":35,"featured_media":6527,"comment_status":"closed","ping_status":"closed","sticky":false,"template":"","format":"standard","meta":{"colormag_page_container_layout":"default_layout","colormag_page_sidebar_layout":"default_layout","_jetpack_memberships_contains_paid_content":false,"footnotes":"","_links_to":"","_links_to_target":""},"categories":[42,175,150],"tags":[],"class_list":["post-6522","post","type-post","status-publish","format-standard","has-post-thumbnail","hentry","category-felietony","category-liczby-i-fakty","category-publicystyka"],"yoast_head":"<!-- This site is optimized with the Yoast SEO plugin v27.4 - https:\/\/yoast.com\/product\/yoast-seo-wordpress\/ -->\n<title>4 miliony 700 tysi\u0119cy... - NOTABENE.WORLD<\/title>\n<meta name=\"robots\" content=\"index, follow, max-snippet:-1, max-image-preview:large, max-video-preview:-1\" \/>\n<link rel=\"canonical\" href=\"https:\/\/notabene.world\/nb\/4-miliony-700-tysiecy\/\" \/>\n<meta property=\"og:locale\" content=\"pl_PL\" \/>\n<meta property=\"og:type\" content=\"article\" \/>\n<meta property=\"og:title\" content=\"4 miliony 700 tysi\u0119cy... - NOTABENE.WORLD\" \/>\n<meta property=\"og:description\" content=\"Tydzie\u0144 temu zako\u0144czy\u0142a si\u0119 druga tura wybor\u00f3w parlamentarnych we Francji. Centroprawicowa koalicja Razem, zbudowana wok\u00f3\u0142 prezydenta Macrona, b\u0119dzie musia\u0142a szuka\u0107 koalicjanta. Do utrzymania wi\u0119kszo\u015bci absolutnej brakuje czterdziestu czterech mandat\u00f3w. Analitycy polityczni twierdz\u0105, \u017ce taki rezultat wybor\u00f3w spowoduje ogromne zamieszanie we francuskiej polityce. Niekt\u00f3rzy uwa\u017caj\u0105, \u017ce efekt kwietniowych wybor\u00f3w prezydenckich zosta\u0142 bardzo mocno os\u0142abiony. A przecie\u017c Macron zosta\u0142 pierwszym, od ponad dw\u00f3ch dekad, prezydentem Francji, kt\u00f3rego wybrano na drug\u0105 kadencj\u0119. Tak\u017ce w niedziel\u0119 zako\u0144czy\u0142y si\u0119 wybory prezydenckie w Boliwii. Wygra\u0142 je by\u0142y burmistrz Bogoty, senator Gustavo Petro. Jest to pierwszy lewicowy prezydent w dziejach Boliwii. W poniedzia\u0142ek obchodzili\u015bmy \u015awiatowy Dzie\u0144 Uchod\u017ac\u00f3w. Obecnie na \u015bwiecie prawie 200 milion\u00f3w ludzi mieszka w innym kraju ni\u017c si\u0119 urodzi\u0142o, to stanowi ponad 3% ludno\u015bci \u015bwiata. Jakie s\u0105 przyczyny migracji? Pierwsza to ch\u0119\u0107 poprawy bytu materialnego (migracja ekonomiczna), druga to ucieczka przed prze\u015bladowaniami (migracja polityczna), trzecia za\u015b to ucieczka przed konfliktami zbrojnymi lub przed skutkami kl\u0119sk \u017cywio\u0142owych (uchod\u017acy i azylanci).\" \/>\n<meta property=\"og:url\" content=\"https:\/\/notabene.world\/nb\/4-miliony-700-tysiecy\/\" \/>\n<meta property=\"og:site_name\" content=\"NOTABENE.WORLD\" \/>\n<meta property=\"article:publisher\" content=\"https:\/\/www.facebook.com\/Notabene.World\" \/>\n<meta property=\"article:published_time\" content=\"2022-06-26T18:53:38+00:00\" \/>\n<meta property=\"article:modified_time\" content=\"2022-07-19T18:36:46+00:00\" \/>\n<meta property=\"og:image\" content=\"https:\/\/notabene.world\/nb\/wp-content\/uploads\/2022\/06\/nr13.jpg\" \/>\n\t<meta property=\"og:image:width\" content=\"800\" \/>\n\t<meta property=\"og:image:height\" content=\"445\" \/>\n\t<meta property=\"og:image:type\" content=\"image\/jpeg\" \/>\n<meta name=\"author\" content=\"B D\" \/>\n<meta name=\"twitter:card\" content=\"summary_large_image\" \/>\n<meta name=\"twitter:label1\" content=\"Napisane przez\" \/>\n\t<meta name=\"twitter:data1\" content=\"B D\" \/>\n\t<meta name=\"twitter:label2\" content=\"Szacowany czas czytania\" \/>\n\t<meta name=\"twitter:data2\" content=\"4 minuty\" \/>\n<script type=\"application\/ld+json\" class=\"yoast-schema-graph\">{\"@context\":\"https:\\\/\\\/schema.org\",\"@graph\":[{\"@type\":\"Article\",\"@id\":\"https:\\\/\\\/notabene.world\\\/nb\\\/4-miliony-700-tysiecy\\\/#article\",\"isPartOf\":{\"@id\":\"https:\\\/\\\/notabene.world\\\/nb\\\/4-miliony-700-tysiecy\\\/\"},\"author\":{\"name\":\"B D\",\"@id\":\"https:\\\/\\\/notabene.world\\\/nb\\\/#\\\/schema\\\/person\\\/9081f0d094ad3e2767736feb48c99520\"},\"headline\":\"4 miliony 700 tysi\u0119cy&#8230;\",\"datePublished\":\"2022-06-26T18:53:38+00:00\",\"dateModified\":\"2022-07-19T18:36:46+00:00\",\"mainEntityOfPage\":{\"@id\":\"https:\\\/\\\/notabene.world\\\/nb\\\/4-miliony-700-tysiecy\\\/\"},\"wordCount\":735,\"publisher\":{\"@id\":\"https:\\\/\\\/notabene.world\\\/nb\\\/#organization\"},\"image\":{\"@id\":\"https:\\\/\\\/notabene.world\\\/nb\\\/4-miliony-700-tysiecy\\\/#primaryimage\"},\"thumbnailUrl\":\"https:\\\/\\\/i0.wp.com\\\/notabene.world\\\/nb\\\/wp-content\\\/uploads\\\/2022\\\/06\\\/nr13.jpg?fit=800%2C445&ssl=1\",\"articleSection\":[\"Felietony\",\"Liczby i Fakty\",\"Publicystyka\"],\"inLanguage\":\"pl-PL\"},{\"@type\":\"WebPage\",\"@id\":\"https:\\\/\\\/notabene.world\\\/nb\\\/4-miliony-700-tysiecy\\\/\",\"url\":\"https:\\\/\\\/notabene.world\\\/nb\\\/4-miliony-700-tysiecy\\\/\",\"name\":\"4 miliony 700 tysi\u0119cy... - NOTABENE.WORLD\",\"isPartOf\":{\"@id\":\"https:\\\/\\\/notabene.world\\\/nb\\\/#website\"},\"primaryImageOfPage\":{\"@id\":\"https:\\\/\\\/notabene.world\\\/nb\\\/4-miliony-700-tysiecy\\\/#primaryimage\"},\"image\":{\"@id\":\"https:\\\/\\\/notabene.world\\\/nb\\\/4-miliony-700-tysiecy\\\/#primaryimage\"},\"thumbnailUrl\":\"https:\\\/\\\/i0.wp.com\\\/notabene.world\\\/nb\\\/wp-content\\\/uploads\\\/2022\\\/06\\\/nr13.jpg?fit=800%2C445&ssl=1\",\"datePublished\":\"2022-06-26T18:53:38+00:00\",\"dateModified\":\"2022-07-19T18:36:46+00:00\",\"breadcrumb\":{\"@id\":\"https:\\\/\\\/notabene.world\\\/nb\\\/4-miliony-700-tysiecy\\\/#breadcrumb\"},\"inLanguage\":\"pl-PL\",\"potentialAction\":[{\"@type\":\"ReadAction\",\"target\":[\"https:\\\/\\\/notabene.world\\\/nb\\\/4-miliony-700-tysiecy\\\/\"]}]},{\"@type\":\"ImageObject\",\"inLanguage\":\"pl-PL\",\"@id\":\"https:\\\/\\\/notabene.world\\\/nb\\\/4-miliony-700-tysiecy\\\/#primaryimage\",\"url\":\"https:\\\/\\\/i0.wp.com\\\/notabene.world\\\/nb\\\/wp-content\\\/uploads\\\/2022\\\/06\\\/nr13.jpg?fit=800%2C445&ssl=1\",\"contentUrl\":\"https:\\\/\\\/i0.wp.com\\\/notabene.world\\\/nb\\\/wp-content\\\/uploads\\\/2022\\\/06\\\/nr13.jpg?fit=800%2C445&ssl=1\",\"width\":800,\"height\":445},{\"@type\":\"BreadcrumbList\",\"@id\":\"https:\\\/\\\/notabene.world\\\/nb\\\/4-miliony-700-tysiecy\\\/#breadcrumb\",\"itemListElement\":[{\"@type\":\"ListItem\",\"position\":1,\"name\":\"Home\",\"item\":\"https:\\\/\\\/notabene.world\\\/nb\\\/\"},{\"@type\":\"ListItem\",\"position\":2,\"name\":\"4 miliony 700 tysi\u0119cy&#8230;\"}]},{\"@type\":\"WebSite\",\"@id\":\"https:\\\/\\\/notabene.world\\\/nb\\\/#website\",\"url\":\"https:\\\/\\\/notabene.world\\\/nb\\\/\",\"name\":\"NOTABENE.WORLD\",\"description\":\"Przekaz. Warto\u015bci. Wsp\u00f3lnota.\",\"publisher\":{\"@id\":\"https:\\\/\\\/notabene.world\\\/nb\\\/#organization\"},\"potentialAction\":[{\"@type\":\"SearchAction\",\"target\":{\"@type\":\"EntryPoint\",\"urlTemplate\":\"https:\\\/\\\/notabene.world\\\/nb\\\/?s={search_term_string}\"},\"query-input\":{\"@type\":\"PropertyValueSpecification\",\"valueRequired\":true,\"valueName\":\"search_term_string\"}}],\"inLanguage\":\"pl-PL\"},{\"@type\":\"Organization\",\"@id\":\"https:\\\/\\\/notabene.world\\\/nb\\\/#organization\",\"name\":\"NOTABENE.WORLD\",\"url\":\"https:\\\/\\\/notabene.world\\\/nb\\\/\",\"logo\":{\"@type\":\"ImageObject\",\"inLanguage\":\"pl-PL\",\"@id\":\"https:\\\/\\\/notabene.world\\\/nb\\\/#\\\/schema\\\/logo\\\/image\\\/\",\"url\":\"https:\\\/\\\/notabene.world\\\/nb\\\/wp-content\\\/uploads\\\/2022\\\/01\\\/NB-club-start-www1.jpg\",\"contentUrl\":\"https:\\\/\\\/notabene.world\\\/nb\\\/wp-content\\\/uploads\\\/2022\\\/01\\\/NB-club-start-www1.jpg\",\"width\":1000,\"height\":839,\"caption\":\"NOTABENE.WORLD\"},\"image\":{\"@id\":\"https:\\\/\\\/notabene.world\\\/nb\\\/#\\\/schema\\\/logo\\\/image\\\/\"},\"sameAs\":[\"https:\\\/\\\/www.facebook.com\\\/Notabene.World\"]},{\"@type\":\"Person\",\"@id\":\"https:\\\/\\\/notabene.world\\\/nb\\\/#\\\/schema\\\/person\\\/9081f0d094ad3e2767736feb48c99520\",\"name\":\"B D\",\"image\":{\"@type\":\"ImageObject\",\"inLanguage\":\"pl-PL\",\"@id\":\"https:\\\/\\\/secure.gravatar.com\\\/avatar\\\/ebcdcd8c0a7789c85d5a03ead2e68bda7a5fcb1ab728d56a4bd678c5ea15faa2?s=96&d=mm&r=g\",\"url\":\"https:\\\/\\\/secure.gravatar.com\\\/avatar\\\/ebcdcd8c0a7789c85d5a03ead2e68bda7a5fcb1ab728d56a4bd678c5ea15faa2?s=96&d=mm&r=g\",\"contentUrl\":\"https:\\\/\\\/secure.gravatar.com\\\/avatar\\\/ebcdcd8c0a7789c85d5a03ead2e68bda7a5fcb1ab728d56a4bd678c5ea15faa2?s=96&d=mm&r=g\",\"caption\":\"B D\"},\"url\":\"https:\\\/\\\/notabene.world\\\/nb\\\/author\\\/jo-d\\\/\"}]}<\/script>\n<!-- \/ Yoast SEO plugin. -->","yoast_head_json":{"title":"4 miliony 700 tysi\u0119cy... - NOTABENE.WORLD","robots":{"index":"index","follow":"follow","max-snippet":"max-snippet:-1","max-image-preview":"max-image-preview:large","max-video-preview":"max-video-preview:-1"},"canonical":"https:\/\/notabene.world\/nb\/4-miliony-700-tysiecy\/","og_locale":"pl_PL","og_type":"article","og_title":"4 miliony 700 tysi\u0119cy... - NOTABENE.WORLD","og_description":"Tydzie\u0144 temu zako\u0144czy\u0142a si\u0119 druga tura wybor\u00f3w parlamentarnych we Francji. Centroprawicowa koalicja Razem, zbudowana wok\u00f3\u0142 prezydenta Macrona, b\u0119dzie musia\u0142a szuka\u0107 koalicjanta. Do utrzymania wi\u0119kszo\u015bci absolutnej brakuje czterdziestu czterech mandat\u00f3w. Analitycy polityczni twierdz\u0105, \u017ce taki rezultat wybor\u00f3w spowoduje ogromne zamieszanie we francuskiej polityce. Niekt\u00f3rzy uwa\u017caj\u0105, \u017ce efekt kwietniowych wybor\u00f3w prezydenckich zosta\u0142 bardzo mocno os\u0142abiony. A przecie\u017c Macron zosta\u0142 pierwszym, od ponad dw\u00f3ch dekad, prezydentem Francji, kt\u00f3rego wybrano na drug\u0105 kadencj\u0119. Tak\u017ce w niedziel\u0119 zako\u0144czy\u0142y si\u0119 wybory prezydenckie w Boliwii. Wygra\u0142 je by\u0142y burmistrz Bogoty, senator Gustavo Petro. Jest to pierwszy lewicowy prezydent w dziejach Boliwii. W poniedzia\u0142ek obchodzili\u015bmy \u015awiatowy Dzie\u0144 Uchod\u017ac\u00f3w. Obecnie na \u015bwiecie prawie 200 milion\u00f3w ludzi mieszka w innym kraju ni\u017c si\u0119 urodzi\u0142o, to stanowi ponad 3% ludno\u015bci \u015bwiata. Jakie s\u0105 przyczyny migracji? Pierwsza to ch\u0119\u0107 poprawy bytu materialnego (migracja ekonomiczna), druga to ucieczka przed prze\u015bladowaniami (migracja polityczna), trzecia za\u015b to ucieczka przed konfliktami zbrojnymi lub przed skutkami kl\u0119sk \u017cywio\u0142owych (uchod\u017acy i azylanci).","og_url":"https:\/\/notabene.world\/nb\/4-miliony-700-tysiecy\/","og_site_name":"NOTABENE.WORLD","article_publisher":"https:\/\/www.facebook.com\/Notabene.World","article_published_time":"2022-06-26T18:53:38+00:00","article_modified_time":"2022-07-19T18:36:46+00:00","og_image":[{"width":800,"height":445,"url":"https:\/\/notabene.world\/nb\/wp-content\/uploads\/2022\/06\/nr13.jpg","type":"image\/jpeg"}],"author":"B D","twitter_card":"summary_large_image","twitter_misc":{"Napisane przez":"B D","Szacowany czas czytania":"4 minuty"},"schema":{"@context":"https:\/\/schema.org","@graph":[{"@type":"Article","@id":"https:\/\/notabene.world\/nb\/4-miliony-700-tysiecy\/#article","isPartOf":{"@id":"https:\/\/notabene.world\/nb\/4-miliony-700-tysiecy\/"},"author":{"name":"B D","@id":"https:\/\/notabene.world\/nb\/#\/schema\/person\/9081f0d094ad3e2767736feb48c99520"},"headline":"4 miliony 700 tysi\u0119cy&#8230;","datePublished":"2022-06-26T18:53:38+00:00","dateModified":"2022-07-19T18:36:46+00:00","mainEntityOfPage":{"@id":"https:\/\/notabene.world\/nb\/4-miliony-700-tysiecy\/"},"wordCount":735,"publisher":{"@id":"https:\/\/notabene.world\/nb\/#organization"},"image":{"@id":"https:\/\/notabene.world\/nb\/4-miliony-700-tysiecy\/#primaryimage"},"thumbnailUrl":"https:\/\/i0.wp.com\/notabene.world\/nb\/wp-content\/uploads\/2022\/06\/nr13.jpg?fit=800%2C445&ssl=1","articleSection":["Felietony","Liczby i Fakty","Publicystyka"],"inLanguage":"pl-PL"},{"@type":"WebPage","@id":"https:\/\/notabene.world\/nb\/4-miliony-700-tysiecy\/","url":"https:\/\/notabene.world\/nb\/4-miliony-700-tysiecy\/","name":"4 miliony 700 tysi\u0119cy... - NOTABENE.WORLD","isPartOf":{"@id":"https:\/\/notabene.world\/nb\/#website"},"primaryImageOfPage":{"@id":"https:\/\/notabene.world\/nb\/4-miliony-700-tysiecy\/#primaryimage"},"image":{"@id":"https:\/\/notabene.world\/nb\/4-miliony-700-tysiecy\/#primaryimage"},"thumbnailUrl":"https:\/\/i0.wp.com\/notabene.world\/nb\/wp-content\/uploads\/2022\/06\/nr13.jpg?fit=800%2C445&ssl=1","datePublished":"2022-06-26T18:53:38+00:00","dateModified":"2022-07-19T18:36:46+00:00","breadcrumb":{"@id":"https:\/\/notabene.world\/nb\/4-miliony-700-tysiecy\/#breadcrumb"},"inLanguage":"pl-PL","potentialAction":[{"@type":"ReadAction","target":["https:\/\/notabene.world\/nb\/4-miliony-700-tysiecy\/"]}]},{"@type":"ImageObject","inLanguage":"pl-PL","@id":"https:\/\/notabene.world\/nb\/4-miliony-700-tysiecy\/#primaryimage","url":"https:\/\/i0.wp.com\/notabene.world\/nb\/wp-content\/uploads\/2022\/06\/nr13.jpg?fit=800%2C445&ssl=1","contentUrl":"https:\/\/i0.wp.com\/notabene.world\/nb\/wp-content\/uploads\/2022\/06\/nr13.jpg?fit=800%2C445&ssl=1","width":800,"height":445},{"@type":"BreadcrumbList","@id":"https:\/\/notabene.world\/nb\/4-miliony-700-tysiecy\/#breadcrumb","itemListElement":[{"@type":"ListItem","position":1,"name":"Home","item":"https:\/\/notabene.world\/nb\/"},{"@type":"ListItem","position":2,"name":"4 miliony 700 tysi\u0119cy&#8230;"}]},{"@type":"WebSite","@id":"https:\/\/notabene.world\/nb\/#website","url":"https:\/\/notabene.world\/nb\/","name":"NOTABENE.WORLD","description":"Przekaz. Warto\u015bci. Wsp\u00f3lnota.","publisher":{"@id":"https:\/\/notabene.world\/nb\/#organization"},"potentialAction":[{"@type":"SearchAction","target":{"@type":"EntryPoint","urlTemplate":"https:\/\/notabene.world\/nb\/?s={search_term_string}"},"query-input":{"@type":"PropertyValueSpecification","valueRequired":true,"valueName":"search_term_string"}}],"inLanguage":"pl-PL"},{"@type":"Organization","@id":"https:\/\/notabene.world\/nb\/#organization","name":"NOTABENE.WORLD","url":"https:\/\/notabene.world\/nb\/","logo":{"@type":"ImageObject","inLanguage":"pl-PL","@id":"https:\/\/notabene.world\/nb\/#\/schema\/logo\/image\/","url":"https:\/\/notabene.world\/nb\/wp-content\/uploads\/2022\/01\/NB-club-start-www1.jpg","contentUrl":"https:\/\/notabene.world\/nb\/wp-content\/uploads\/2022\/01\/NB-club-start-www1.jpg","width":1000,"height":839,"caption":"NOTABENE.WORLD"},"image":{"@id":"https:\/\/notabene.world\/nb\/#\/schema\/logo\/image\/"},"sameAs":["https:\/\/www.facebook.com\/Notabene.World"]},{"@type":"Person","@id":"https:\/\/notabene.world\/nb\/#\/schema\/person\/9081f0d094ad3e2767736feb48c99520","name":"B D","image":{"@type":"ImageObject","inLanguage":"pl-PL","@id":"https:\/\/secure.gravatar.com\/avatar\/ebcdcd8c0a7789c85d5a03ead2e68bda7a5fcb1ab728d56a4bd678c5ea15faa2?s=96&d=mm&r=g","url":"https:\/\/secure.gravatar.com\/avatar\/ebcdcd8c0a7789c85d5a03ead2e68bda7a5fcb1ab728d56a4bd678c5ea15faa2?s=96&d=mm&r=g","contentUrl":"https:\/\/secure.gravatar.com\/avatar\/ebcdcd8c0a7789c85d5a03ead2e68bda7a5fcb1ab728d56a4bd678c5ea15faa2?s=96&d=mm&r=g","caption":"B D"},"url":"https:\/\/notabene.world\/nb\/author\/jo-d\/"}]}},"jetpack_featured_media_url":"https:\/\/i0.wp.com\/notabene.world\/nb\/wp-content\/uploads\/2022\/06\/nr13.jpg?fit=800%2C445&ssl=1","jetpack_sharing_enabled":true,"jetpack_shortlink":"https:\/\/wp.me\/pdCobN-1Hc","_links":{"self":[{"href":"https:\/\/notabene.world\/nb\/wp-json\/wp\/v2\/posts\/6522","targetHints":{"allow":["GET"]}}],"collection":[{"href":"https:\/\/notabene.world\/nb\/wp-json\/wp\/v2\/posts"}],"about":[{"href":"https:\/\/notabene.world\/nb\/wp-json\/wp\/v2\/types\/post"}],"author":[{"embeddable":true,"href":"https:\/\/notabene.world\/nb\/wp-json\/wp\/v2\/users\/35"}],"replies":[{"embeddable":true,"href":"https:\/\/notabene.world\/nb\/wp-json\/wp\/v2\/comments?post=6522"}],"version-history":[{"count":3,"href":"https:\/\/notabene.world\/nb\/wp-json\/wp\/v2\/posts\/6522\/revisions"}],"predecessor-version":[{"id":6526,"href":"https:\/\/notabene.world\/nb\/wp-json\/wp\/v2\/posts\/6522\/revisions\/6526"}],"wp:featuredmedia":[{"embeddable":true,"href":"https:\/\/notabene.world\/nb\/wp-json\/wp\/v2\/media\/6527"}],"wp:attachment":[{"href":"https:\/\/notabene.world\/nb\/wp-json\/wp\/v2\/media?parent=6522"}],"wp:term":[{"taxonomy":"category","embeddable":true,"href":"https:\/\/notabene.world\/nb\/wp-json\/wp\/v2\/categories?post=6522"},{"taxonomy":"post_tag","embeddable":true,"href":"https:\/\/notabene.world\/nb\/wp-json\/wp\/v2\/tags?post=6522"}],"curies":[{"name":"wp","href":"https:\/\/api.w.org\/{rel}","templated":true}]}}