{"id":6558,"date":"2022-06-15T19:35:00","date_gmt":"2022-06-15T17:35:00","guid":{"rendered":"https:\/\/notabene.world\/nb\/?p=6558"},"modified":"2022-08-01T08:25:42","modified_gmt":"2022-08-01T06:25:42","slug":"budzenie-sienkiewki-2022-kielce-jak-amsterdam","status":"publish","type":"post","link":"https:\/\/notabene.world\/nb\/budzenie-sienkiewki-2022-kielce-jak-amsterdam\/","title":{"rendered":"Budzenie Sienkiewki 2022 &#8211; Kielce jak Amsterdam"},"content":{"rendered":"\n<p>Budzenie Sienkiewki na sta\u0142e wpisa\u0142o si\u0119 w kielecki kalendarz imprez. Tegoroczna czternasta edycja podobnie jak poprzednie, trwa\u0142a w dniach 27 maja &#8211; 5 czerwca. W tym roku odby\u0142 si\u0119 pe\u0142en rozmaitych atrakcji, t\u0119tni\u0105cy \u017cyciem event, kt\u00f3ry na d\u0142ugo pozostanie kielczanom w pami\u0119ci.<\/p>\n\n\n\n<p>KIELCE JAK AMSTERDAM<\/p>\n\n\n\n<p>Dzi\u0119ki M\u0142odzie\u017cowej Radzie Miasta Kielce bie\u017c\u0105ca edycja Budzenia Sienkiewki zosta\u0142a uatrakcyjniona w\u0142asnor\u0119cznie udekorowanymi rowerami w Kieleckiej Zaczarowanej Galerii, kt\u00f3re stoj\u0105 po dzie\u0144 dzisiejszy na Rynku, na ulicy Sienkiewicza, placu Literat\u00f3w, placu Artyst\u00f3w. M\u0142odzie\u017cowa Rada Miasta zach\u0119ci\u0142a do dzia\u0142ania Echo Dnia, Hotel Binkowski i Baseny Tropikalne. W dalszym ci\u0105gu ka\u017cdy mo\u017ce udekorowa\u0107 sw\u00f3j rower i ustawi\u0107 go w centrum miasta. Kontakt w tej sprawie pod numerem telefonu 606&nbsp;824&nbsp;158.<\/p>\n\n\n\n<p>Wyj\u0105tkowa galeria sztuki<\/p>\n\n\n\n<p>26 maja, w kamienicy na rogu ulic Ma\u0142ej i Sienkiewicza odby\u0142 si\u0119 wernisa\u017c prac dyplomowych uczni\u00f3w Zespo\u0142u Szk\u00f3\u0142 Plastycznych w Kielcach. Zainteresowani mogli ogl\u0105da\u0107 zachwycaj\u0105ce rze\u017aby, obrazy i gobeliny. Wsp\u00f3lne chwile przy zwiedzaniu atmosfer\u0119 dope\u0142ni\u0142 koncert skrzypcowy Mai Michalskiej w wykonaniu utwor\u00f3w:<\/p>\n\n\n\n<ul class=\"wp-block-list\"><li>Waltz No. 2 Dmitri Shostakovich,<\/li><\/ul>\n\n\n\n<ul class=\"wp-block-list\"><li>Song From a Secret Garden,<\/li><\/ul>\n\n\n\n<ul class=\"wp-block-list\"><li>Adagio &#8211; Secret Garden,<\/li><\/ul>\n\n\n\n<ul class=\"wp-block-list\"><li>Nocturne in C sharp Minor, No. 20 Fryderyk Chopin.<\/li><\/ul>\n\n\n\n<ul class=\"wp-block-list\"><li>Poczujecie si\u0119 jak w Uffizi we Florencji \u2013 podkre\u015blali organizatorzy.<\/li><\/ul>\n\n\n\n<figure class=\"wp-block-gallery has-nested-images columns-default is-cropped wp-block-gallery-1 is-layout-flex wp-block-gallery-is-layout-flex\">\n<figure class=\"wp-block-image size-large\"><img data-recalc-dims=\"1\" loading=\"lazy\" decoding=\"async\" width=\"800\" height=\"600\" data-id=\"6574\" src=\"https:\/\/i0.wp.com\/notabene.world\/nb\/wp-content\/uploads\/2022\/06\/628cef12d6bec_o_xlarge.jpg?resize=800%2C600&#038;ssl=1\" alt=\"\" class=\"wp-image-6574\" srcset=\"https:\/\/i0.wp.com\/notabene.world\/nb\/wp-content\/uploads\/2022\/06\/628cef12d6bec_o_xlarge.jpg?w=852&amp;ssl=1 852w, https:\/\/i0.wp.com\/notabene.world\/nb\/wp-content\/uploads\/2022\/06\/628cef12d6bec_o_xlarge.jpg?resize=300%2C225&amp;ssl=1 300w, https:\/\/i0.wp.com\/notabene.world\/nb\/wp-content\/uploads\/2022\/06\/628cef12d6bec_o_xlarge.jpg?resize=768%2C576&amp;ssl=1 768w\" sizes=\"auto, (max-width: 800px) 100vw, 800px\" \/><\/figure>\n\n\n\n<figure class=\"wp-block-image size-large\"><img data-recalc-dims=\"1\" loading=\"lazy\" decoding=\"async\" width=\"800\" height=\"600\" data-id=\"6575\" src=\"https:\/\/i0.wp.com\/notabene.world\/nb\/wp-content\/uploads\/2022\/06\/628cee9268aa1_o_xlarge.jpg?resize=800%2C600&#038;ssl=1\" alt=\"\" class=\"wp-image-6575\" srcset=\"https:\/\/i0.wp.com\/notabene.world\/nb\/wp-content\/uploads\/2022\/06\/628cee9268aa1_o_xlarge.jpg?w=852&amp;ssl=1 852w, https:\/\/i0.wp.com\/notabene.world\/nb\/wp-content\/uploads\/2022\/06\/628cee9268aa1_o_xlarge.jpg?resize=300%2C225&amp;ssl=1 300w, https:\/\/i0.wp.com\/notabene.world\/nb\/wp-content\/uploads\/2022\/06\/628cee9268aa1_o_xlarge.jpg?resize=768%2C576&amp;ssl=1 768w\" sizes=\"auto, (max-width: 800px) 100vw, 800px\" \/><\/figure>\n\n\n\n<figure class=\"wp-block-image size-large\"><img data-recalc-dims=\"1\" loading=\"lazy\" decoding=\"async\" width=\"800\" height=\"600\" data-id=\"6569\" src=\"https:\/\/i0.wp.com\/notabene.world\/nb\/wp-content\/uploads\/2022\/06\/628cee8bb8b68_o_xlarge.jpg?resize=800%2C600&#038;ssl=1\" alt=\"\" class=\"wp-image-6569\" srcset=\"https:\/\/i0.wp.com\/notabene.world\/nb\/wp-content\/uploads\/2022\/06\/628cee8bb8b68_o_xlarge.jpg?w=852&amp;ssl=1 852w, https:\/\/i0.wp.com\/notabene.world\/nb\/wp-content\/uploads\/2022\/06\/628cee8bb8b68_o_xlarge.jpg?resize=300%2C225&amp;ssl=1 300w, https:\/\/i0.wp.com\/notabene.world\/nb\/wp-content\/uploads\/2022\/06\/628cee8bb8b68_o_xlarge.jpg?resize=768%2C576&amp;ssl=1 768w\" sizes=\"auto, (max-width: 800px) 100vw, 800px\" \/><\/figure>\n\n\n\n<figure class=\"wp-block-image size-large\"><img data-recalc-dims=\"1\" loading=\"lazy\" decoding=\"async\" width=\"800\" height=\"600\" data-id=\"6570\" src=\"https:\/\/i0.wp.com\/notabene.world\/nb\/wp-content\/uploads\/2022\/06\/628cee8f9a4fa_o_xlarge.jpg?resize=800%2C600&#038;ssl=1\" alt=\"\" class=\"wp-image-6570\" srcset=\"https:\/\/i0.wp.com\/notabene.world\/nb\/wp-content\/uploads\/2022\/06\/628cee8f9a4fa_o_xlarge.jpg?w=852&amp;ssl=1 852w, https:\/\/i0.wp.com\/notabene.world\/nb\/wp-content\/uploads\/2022\/06\/628cee8f9a4fa_o_xlarge.jpg?resize=300%2C225&amp;ssl=1 300w, https:\/\/i0.wp.com\/notabene.world\/nb\/wp-content\/uploads\/2022\/06\/628cee8f9a4fa_o_xlarge.jpg?resize=768%2C576&amp;ssl=1 768w\" sizes=\"auto, (max-width: 800px) 100vw, 800px\" \/><\/figure>\n\n\n\n<figure class=\"wp-block-image size-large\"><img data-recalc-dims=\"1\" loading=\"lazy\" decoding=\"async\" width=\"800\" height=\"600\" data-id=\"6573\" src=\"https:\/\/i0.wp.com\/notabene.world\/nb\/wp-content\/uploads\/2022\/06\/628cee82818bf_o_xlarge.jpg?resize=800%2C600&#038;ssl=1\" alt=\"\" class=\"wp-image-6573\" srcset=\"https:\/\/i0.wp.com\/notabene.world\/nb\/wp-content\/uploads\/2022\/06\/628cee82818bf_o_xlarge.jpg?w=852&amp;ssl=1 852w, https:\/\/i0.wp.com\/notabene.world\/nb\/wp-content\/uploads\/2022\/06\/628cee82818bf_o_xlarge.jpg?resize=300%2C225&amp;ssl=1 300w, https:\/\/i0.wp.com\/notabene.world\/nb\/wp-content\/uploads\/2022\/06\/628cee82818bf_o_xlarge.jpg?resize=768%2C576&amp;ssl=1 768w\" sizes=\"auto, (max-width: 800px) 100vw, 800px\" \/><\/figure>\n\n\n\n<figure class=\"wp-block-image size-large\"><img data-recalc-dims=\"1\" loading=\"lazy\" decoding=\"async\" width=\"800\" height=\"600\" data-id=\"6576\" src=\"https:\/\/i0.wp.com\/notabene.world\/nb\/wp-content\/uploads\/2022\/06\/628cee856799c_o_xlarge.jpg?resize=800%2C600&#038;ssl=1\" alt=\"\" class=\"wp-image-6576\" srcset=\"https:\/\/i0.wp.com\/notabene.world\/nb\/wp-content\/uploads\/2022\/06\/628cee856799c_o_xlarge.jpg?w=852&amp;ssl=1 852w, https:\/\/i0.wp.com\/notabene.world\/nb\/wp-content\/uploads\/2022\/06\/628cee856799c_o_xlarge.jpg?resize=300%2C225&amp;ssl=1 300w, https:\/\/i0.wp.com\/notabene.world\/nb\/wp-content\/uploads\/2022\/06\/628cee856799c_o_xlarge.jpg?resize=768%2C576&amp;ssl=1 768w\" sizes=\"auto, (max-width: 800px) 100vw, 800px\" \/><\/figure>\n\n\n\n<figure class=\"wp-block-image size-large\"><img data-recalc-dims=\"1\" loading=\"lazy\" decoding=\"async\" width=\"800\" height=\"600\" data-id=\"6571\" src=\"https:\/\/i0.wp.com\/notabene.world\/nb\/wp-content\/uploads\/2022\/06\/628cee7fa53dd_o_xlarge.jpg?resize=800%2C600&#038;ssl=1\" alt=\"\" class=\"wp-image-6571\" srcset=\"https:\/\/i0.wp.com\/notabene.world\/nb\/wp-content\/uploads\/2022\/06\/628cee7fa53dd_o_xlarge.jpg?w=852&amp;ssl=1 852w, https:\/\/i0.wp.com\/notabene.world\/nb\/wp-content\/uploads\/2022\/06\/628cee7fa53dd_o_xlarge.jpg?resize=300%2C225&amp;ssl=1 300w, https:\/\/i0.wp.com\/notabene.world\/nb\/wp-content\/uploads\/2022\/06\/628cee7fa53dd_o_xlarge.jpg?resize=768%2C576&amp;ssl=1 768w\" sizes=\"auto, (max-width: 800px) 100vw, 800px\" \/><\/figure>\n\n\n\n<figure class=\"wp-block-image size-large\"><img data-recalc-dims=\"1\" loading=\"lazy\" decoding=\"async\" width=\"800\" height=\"600\" data-id=\"6577\" src=\"https:\/\/i0.wp.com\/notabene.world\/nb\/wp-content\/uploads\/2022\/06\/628cee7bd4c4e_o_xlarge.jpg?resize=800%2C600&#038;ssl=1\" alt=\"\" class=\"wp-image-6577\" srcset=\"https:\/\/i0.wp.com\/notabene.world\/nb\/wp-content\/uploads\/2022\/06\/628cee7bd4c4e_o_xlarge.jpg?w=852&amp;ssl=1 852w, https:\/\/i0.wp.com\/notabene.world\/nb\/wp-content\/uploads\/2022\/06\/628cee7bd4c4e_o_xlarge.jpg?resize=300%2C225&amp;ssl=1 300w, https:\/\/i0.wp.com\/notabene.world\/nb\/wp-content\/uploads\/2022\/06\/628cee7bd4c4e_o_xlarge.jpg?resize=768%2C576&amp;ssl=1 768w\" sizes=\"auto, (max-width: 800px) 100vw, 800px\" \/><\/figure>\n\n\n\n<figure class=\"wp-block-image size-large\"><img data-recalc-dims=\"1\" loading=\"lazy\" decoding=\"async\" width=\"800\" height=\"600\" data-id=\"6567\" src=\"https:\/\/i0.wp.com\/notabene.world\/nb\/wp-content\/uploads\/2022\/06\/628cee88752d4_o_xlarge.jpg?resize=800%2C600&#038;ssl=1\" alt=\"\" class=\"wp-image-6567\" srcset=\"https:\/\/i0.wp.com\/notabene.world\/nb\/wp-content\/uploads\/2022\/06\/628cee88752d4_o_xlarge.jpg?w=852&amp;ssl=1 852w, https:\/\/i0.wp.com\/notabene.world\/nb\/wp-content\/uploads\/2022\/06\/628cee88752d4_o_xlarge.jpg?resize=300%2C225&amp;ssl=1 300w, https:\/\/i0.wp.com\/notabene.world\/nb\/wp-content\/uploads\/2022\/06\/628cee88752d4_o_xlarge.jpg?resize=768%2C576&amp;ssl=1 768w\" sizes=\"auto, (max-width: 800px) 100vw, 800px\" \/><\/figure>\n\n\n\n<figure class=\"wp-block-image size-large\"><img data-recalc-dims=\"1\" loading=\"lazy\" decoding=\"async\" width=\"800\" height=\"600\" data-id=\"6564\" src=\"https:\/\/i0.wp.com\/notabene.world\/nb\/wp-content\/uploads\/2022\/06\/628cef2edca79_o_xlarge.jpg?resize=800%2C600&#038;ssl=1\" alt=\"\" class=\"wp-image-6564\" srcset=\"https:\/\/i0.wp.com\/notabene.world\/nb\/wp-content\/uploads\/2022\/06\/628cef2edca79_o_xlarge.jpg?w=852&amp;ssl=1 852w, https:\/\/i0.wp.com\/notabene.world\/nb\/wp-content\/uploads\/2022\/06\/628cef2edca79_o_xlarge.jpg?resize=300%2C225&amp;ssl=1 300w, https:\/\/i0.wp.com\/notabene.world\/nb\/wp-content\/uploads\/2022\/06\/628cef2edca79_o_xlarge.jpg?resize=768%2C576&amp;ssl=1 768w\" sizes=\"auto, (max-width: 800px) 100vw, 800px\" \/><\/figure>\n\n\n\n<figure class=\"wp-block-image size-large\"><img data-recalc-dims=\"1\" loading=\"lazy\" decoding=\"async\" width=\"800\" height=\"600\" data-id=\"6565\" src=\"https:\/\/i0.wp.com\/notabene.world\/nb\/wp-content\/uploads\/2022\/06\/628cef1020a8a_o_xlarge.jpg?resize=800%2C600&#038;ssl=1\" alt=\"\" class=\"wp-image-6565\" srcset=\"https:\/\/i0.wp.com\/notabene.world\/nb\/wp-content\/uploads\/2022\/06\/628cef1020a8a_o_xlarge.jpg?w=852&amp;ssl=1 852w, https:\/\/i0.wp.com\/notabene.world\/nb\/wp-content\/uploads\/2022\/06\/628cef1020a8a_o_xlarge.jpg?resize=300%2C225&amp;ssl=1 300w, https:\/\/i0.wp.com\/notabene.world\/nb\/wp-content\/uploads\/2022\/06\/628cef1020a8a_o_xlarge.jpg?resize=768%2C576&amp;ssl=1 768w\" sizes=\"auto, (max-width: 800px) 100vw, 800px\" \/><\/figure>\n\n\n\n<figure class=\"wp-block-image size-large\"><img data-recalc-dims=\"1\" loading=\"lazy\" decoding=\"async\" width=\"800\" height=\"671\" data-id=\"6568\" src=\"https:\/\/i0.wp.com\/notabene.world\/nb\/wp-content\/uploads\/2022\/06\/284491442_2027983730743327_1059517937263520796_n.jpg?resize=800%2C671&#038;ssl=1\" alt=\"\" class=\"wp-image-6568\" srcset=\"https:\/\/i0.wp.com\/notabene.world\/nb\/wp-content\/uploads\/2022\/06\/284491442_2027983730743327_1059517937263520796_n.jpg?w=940&amp;ssl=1 940w, https:\/\/i0.wp.com\/notabene.world\/nb\/wp-content\/uploads\/2022\/06\/284491442_2027983730743327_1059517937263520796_n.jpg?resize=300%2C251&amp;ssl=1 300w, https:\/\/i0.wp.com\/notabene.world\/nb\/wp-content\/uploads\/2022\/06\/284491442_2027983730743327_1059517937263520796_n.jpg?resize=768%2C644&amp;ssl=1 768w\" sizes=\"auto, (max-width: 800px) 100vw, 800px\" \/><\/figure>\n\n\n\n<figure class=\"wp-block-image size-large\"><img data-recalc-dims=\"1\" loading=\"lazy\" decoding=\"async\" width=\"742\" height=\"1024\" data-id=\"6566\" src=\"https:\/\/i0.wp.com\/notabene.world\/nb\/wp-content\/uploads\/2022\/06\/278851047_787690652209567_2021881896785926073_n.jpg?resize=742%2C1024&#038;ssl=1\" alt=\"\" class=\"wp-image-6566\" srcset=\"https:\/\/i0.wp.com\/notabene.world\/nb\/wp-content\/uploads\/2022\/06\/278851047_787690652209567_2021881896785926073_n.jpg?resize=742%2C1024&amp;ssl=1 742w, https:\/\/i0.wp.com\/notabene.world\/nb\/wp-content\/uploads\/2022\/06\/278851047_787690652209567_2021881896785926073_n.jpg?resize=218%2C300&amp;ssl=1 218w, https:\/\/i0.wp.com\/notabene.world\/nb\/wp-content\/uploads\/2022\/06\/278851047_787690652209567_2021881896785926073_n.jpg?resize=768%2C1059&amp;ssl=1 768w, https:\/\/i0.wp.com\/notabene.world\/nb\/wp-content\/uploads\/2022\/06\/278851047_787690652209567_2021881896785926073_n.jpg?resize=1114%2C1536&amp;ssl=1 1114w, https:\/\/i0.wp.com\/notabene.world\/nb\/wp-content\/uploads\/2022\/06\/278851047_787690652209567_2021881896785926073_n.jpg?w=1284&amp;ssl=1 1284w\" sizes=\"auto, (max-width: 742px) 100vw, 742px\" \/><\/figure>\n<\/figure>\n","protected":false},"excerpt":{"rendered":"<p>Budzenie Sienkiewki na sta\u0142e wpisa\u0142o si\u0119 w kielecki kalendarz imprez. Tegoroczna czternasta edycja podobnie jak poprzednie, trwa\u0142a w dniach 27 maja &#8211; 5 czerwca. W tym roku odby\u0142 si\u0119 pe\u0142en rozmaitych atrakcji, t\u0119tni\u0105cy \u017cyciem event, kt\u00f3ry na d\u0142ugo pozostanie kielczanom w pami\u0119ci.<\/p>\n<p>Dzi\u0119ki M\u0142odzie\u017cowej Radzie Miasta Kielce bie\u017c\u0105ca edycja Budzenia Sienkiewki zosta\u0142a uatrakcyjniona w\u0142asnor\u0119cznie udekorowanymi rowerami w Kieleckiej Zaczarowanej Galerii, kt\u00f3re stoj\u0105 po dzie\u0144 dzisiejszy na Rynku, na ulicy Sienkiewicza, placu Literat\u00f3w, placu Artyst\u00f3w. M\u0142odzie\u017cowa Rada Miasta zach\u0119ci\u0142a do dzia\u0142ania Echo Dnia, Hotel Binkowski i Baseny Tropikalne. W dalszym ci\u0105gu ka\u017cdy mo\u017ce udekorowa\u0107 sw\u00f3j rower i ustawi\u0107 go w centrum miasta.<\/p>\n<p>26 maja, w kamienicy na rogu ulic Ma\u0142ej i Sienkiewicza odby\u0142 si\u0119 wernisa\u017c prac dyplomowych uczni\u00f3w Zespo\u0142u Szk\u00f3\u0142 Plastycznych w Kielcach. Zainteresowani mogli ogl\u0105da\u0107 zachwycaj\u0105ce rze\u017aby, obrazy i gobeliny. Wsp\u00f3lne chwile przy zwiedzaniu atmosfer\u0119 dope\u0142ni\u0142 koncert skrzypcowy Mai Michalskiej.<\/p>\n","protected":false},"author":44,"featured_media":6563,"comment_status":"closed","ping_status":"closed","sticky":false,"template":"","format":"standard","meta":{"colormag_page_container_layout":"default_layout","colormag_page_sidebar_layout":"default_layout","_jetpack_memberships_contains_paid_content":false,"footnotes":"","_links_to":"","_links_to_target":""},"categories":[88,47,151],"tags":[],"class_list":["post-6558","post","type-post","status-publish","format-standard","has-post-thumbnail","hentry","category-fotoreportaze","category-polecane","category-reportaze"],"yoast_head":"<!-- This site is optimized with the Yoast SEO plugin v27.4 - https:\/\/yoast.com\/product\/yoast-seo-wordpress\/ -->\n<title>Budzenie Sienkiewki 2022 - Kielce jak Amsterdam - NOTABENE.WORLD<\/title>\n<meta name=\"robots\" content=\"index, follow, max-snippet:-1, max-image-preview:large, max-video-preview:-1\" \/>\n<link rel=\"canonical\" href=\"https:\/\/notabene.world\/nb\/budzenie-sienkiewki-2022-kielce-jak-amsterdam\/\" \/>\n<meta property=\"og:locale\" content=\"pl_PL\" \/>\n<meta property=\"og:type\" content=\"article\" \/>\n<meta property=\"og:title\" content=\"Budzenie Sienkiewki 2022 - Kielce jak Amsterdam - NOTABENE.WORLD\" \/>\n<meta property=\"og:description\" content=\"Budzenie Sienkiewki na sta\u0142e wpisa\u0142o si\u0119 w kielecki kalendarz imprez. Tegoroczna czternasta edycja podobnie jak poprzednie, trwa\u0142a w dniach 27 maja - 5 czerwca. W tym roku odby\u0142 si\u0119 pe\u0142en rozmaitych atrakcji, t\u0119tni\u0105cy \u017cyciem event, kt\u00f3ry na d\u0142ugo pozostanie kielczanom w pami\u0119ci. Dzi\u0119ki M\u0142odzie\u017cowej Radzie Miasta Kielce bie\u017c\u0105ca edycja Budzenia Sienkiewki zosta\u0142a uatrakcyjniona w\u0142asnor\u0119cznie udekorowanymi rowerami w Kieleckiej Zaczarowanej Galerii, kt\u00f3re stoj\u0105 po dzie\u0144 dzisiejszy na Rynku, na ulicy Sienkiewicza, placu Literat\u00f3w, placu Artyst\u00f3w. M\u0142odzie\u017cowa Rada Miasta zach\u0119ci\u0142a do dzia\u0142ania Echo Dnia, Hotel Binkowski i Baseny Tropikalne. W dalszym ci\u0105gu ka\u017cdy mo\u017ce udekorowa\u0107 sw\u00f3j rower i ustawi\u0107 go w centrum miasta. 26 maja, w kamienicy na rogu ulic Ma\u0142ej i Sienkiewicza odby\u0142 si\u0119 wernisa\u017c prac dyplomowych uczni\u00f3w Zespo\u0142u Szk\u00f3\u0142 Plastycznych w Kielcach. Zainteresowani mogli ogl\u0105da\u0107 zachwycaj\u0105ce rze\u017aby, obrazy i gobeliny. Wsp\u00f3lne chwile przy zwiedzaniu atmosfer\u0119 dope\u0142ni\u0142 koncert skrzypcowy Mai Michalskiej.\" \/>\n<meta property=\"og:url\" content=\"https:\/\/notabene.world\/nb\/budzenie-sienkiewki-2022-kielce-jak-amsterdam\/\" \/>\n<meta property=\"og:site_name\" content=\"NOTABENE.WORLD\" \/>\n<meta property=\"article:publisher\" content=\"https:\/\/www.facebook.com\/Notabene.World\" \/>\n<meta property=\"article:published_time\" content=\"2022-06-15T17:35:00+00:00\" \/>\n<meta property=\"article:modified_time\" content=\"2022-08-01T06:25:42+00:00\" \/>\n<meta property=\"og:image\" content=\"https:\/\/notabene.world\/nb\/wp-content\/uploads\/2022\/06\/628cee7bd4c4e_o_xlarge_copy_800x455.jpg\" \/>\n\t<meta property=\"og:image:width\" content=\"800\" \/>\n\t<meta property=\"og:image:height\" content=\"455\" \/>\n\t<meta property=\"og:image:type\" content=\"image\/jpeg\" \/>\n<meta name=\"author\" content=\"Ernest Nosek\" \/>\n<meta name=\"twitter:card\" content=\"summary_large_image\" \/>\n<meta name=\"twitter:label1\" content=\"Napisane przez\" \/>\n\t<meta name=\"twitter:data1\" content=\"Ernest Nosek\" \/>\n\t<meta name=\"twitter:label2\" content=\"Szacowany czas czytania\" \/>\n\t<meta name=\"twitter:data2\" content=\"4 minuty\" \/>\n<script type=\"application\/ld+json\" class=\"yoast-schema-graph\">{\"@context\":\"https:\\\/\\\/schema.org\",\"@graph\":[{\"@type\":\"Article\",\"@id\":\"https:\\\/\\\/notabene.world\\\/nb\\\/budzenie-sienkiewki-2022-kielce-jak-amsterdam\\\/#article\",\"isPartOf\":{\"@id\":\"https:\\\/\\\/notabene.world\\\/nb\\\/budzenie-sienkiewki-2022-kielce-jak-amsterdam\\\/\"},\"author\":{\"name\":\"Ernest Nosek\",\"@id\":\"https:\\\/\\\/notabene.world\\\/nb\\\/#\\\/schema\\\/person\\\/d214a67a5abbae617bfc4971c0c423a6\"},\"headline\":\"Budzenie Sienkiewki 2022 &#8211; Kielce jak Amsterdam\",\"datePublished\":\"2022-06-15T17:35:00+00:00\",\"dateModified\":\"2022-08-01T06:25:42+00:00\",\"mainEntityOfPage\":{\"@id\":\"https:\\\/\\\/notabene.world\\\/nb\\\/budzenie-sienkiewki-2022-kielce-jak-amsterdam\\\/\"},\"wordCount\":230,\"publisher\":{\"@id\":\"https:\\\/\\\/notabene.world\\\/nb\\\/#organization\"},\"image\":{\"@id\":\"https:\\\/\\\/notabene.world\\\/nb\\\/budzenie-sienkiewki-2022-kielce-jak-amsterdam\\\/#primaryimage\"},\"thumbnailUrl\":\"https:\\\/\\\/i0.wp.com\\\/notabene.world\\\/nb\\\/wp-content\\\/uploads\\\/2022\\\/06\\\/628cee7bd4c4e_o_xlarge_copy_800x455.jpg?fit=800%2C455&ssl=1\",\"articleSection\":[\"Fotoreporta\u017ce\",\"Polecane\",\"Reporta\u017ce\"],\"inLanguage\":\"pl-PL\"},{\"@type\":\"WebPage\",\"@id\":\"https:\\\/\\\/notabene.world\\\/nb\\\/budzenie-sienkiewki-2022-kielce-jak-amsterdam\\\/\",\"url\":\"https:\\\/\\\/notabene.world\\\/nb\\\/budzenie-sienkiewki-2022-kielce-jak-amsterdam\\\/\",\"name\":\"Budzenie Sienkiewki 2022 - Kielce jak Amsterdam - NOTABENE.WORLD\",\"isPartOf\":{\"@id\":\"https:\\\/\\\/notabene.world\\\/nb\\\/#website\"},\"primaryImageOfPage\":{\"@id\":\"https:\\\/\\\/notabene.world\\\/nb\\\/budzenie-sienkiewki-2022-kielce-jak-amsterdam\\\/#primaryimage\"},\"image\":{\"@id\":\"https:\\\/\\\/notabene.world\\\/nb\\\/budzenie-sienkiewki-2022-kielce-jak-amsterdam\\\/#primaryimage\"},\"thumbnailUrl\":\"https:\\\/\\\/i0.wp.com\\\/notabene.world\\\/nb\\\/wp-content\\\/uploads\\\/2022\\\/06\\\/628cee7bd4c4e_o_xlarge_copy_800x455.jpg?fit=800%2C455&ssl=1\",\"datePublished\":\"2022-06-15T17:35:00+00:00\",\"dateModified\":\"2022-08-01T06:25:42+00:00\",\"breadcrumb\":{\"@id\":\"https:\\\/\\\/notabene.world\\\/nb\\\/budzenie-sienkiewki-2022-kielce-jak-amsterdam\\\/#breadcrumb\"},\"inLanguage\":\"pl-PL\",\"potentialAction\":[{\"@type\":\"ReadAction\",\"target\":[\"https:\\\/\\\/notabene.world\\\/nb\\\/budzenie-sienkiewki-2022-kielce-jak-amsterdam\\\/\"]}]},{\"@type\":\"ImageObject\",\"inLanguage\":\"pl-PL\",\"@id\":\"https:\\\/\\\/notabene.world\\\/nb\\\/budzenie-sienkiewki-2022-kielce-jak-amsterdam\\\/#primaryimage\",\"url\":\"https:\\\/\\\/i0.wp.com\\\/notabene.world\\\/nb\\\/wp-content\\\/uploads\\\/2022\\\/06\\\/628cee7bd4c4e_o_xlarge_copy_800x455.jpg?fit=800%2C455&ssl=1\",\"contentUrl\":\"https:\\\/\\\/i0.wp.com\\\/notabene.world\\\/nb\\\/wp-content\\\/uploads\\\/2022\\\/06\\\/628cee7bd4c4e_o_xlarge_copy_800x455.jpg?fit=800%2C455&ssl=1\",\"width\":800,\"height\":455},{\"@type\":\"BreadcrumbList\",\"@id\":\"https:\\\/\\\/notabene.world\\\/nb\\\/budzenie-sienkiewki-2022-kielce-jak-amsterdam\\\/#breadcrumb\",\"itemListElement\":[{\"@type\":\"ListItem\",\"position\":1,\"name\":\"Home\",\"item\":\"https:\\\/\\\/notabene.world\\\/nb\\\/\"},{\"@type\":\"ListItem\",\"position\":2,\"name\":\"Budzenie Sienkiewki 2022 &#8211; Kielce jak Amsterdam\"}]},{\"@type\":\"WebSite\",\"@id\":\"https:\\\/\\\/notabene.world\\\/nb\\\/#website\",\"url\":\"https:\\\/\\\/notabene.world\\\/nb\\\/\",\"name\":\"NOTABENE.WORLD\",\"description\":\"Przekaz. Warto\u015bci. Wsp\u00f3lnota.\",\"publisher\":{\"@id\":\"https:\\\/\\\/notabene.world\\\/nb\\\/#organization\"},\"potentialAction\":[{\"@type\":\"SearchAction\",\"target\":{\"@type\":\"EntryPoint\",\"urlTemplate\":\"https:\\\/\\\/notabene.world\\\/nb\\\/?s={search_term_string}\"},\"query-input\":{\"@type\":\"PropertyValueSpecification\",\"valueRequired\":true,\"valueName\":\"search_term_string\"}}],\"inLanguage\":\"pl-PL\"},{\"@type\":\"Organization\",\"@id\":\"https:\\\/\\\/notabene.world\\\/nb\\\/#organization\",\"name\":\"NOTABENE.WORLD\",\"url\":\"https:\\\/\\\/notabene.world\\\/nb\\\/\",\"logo\":{\"@type\":\"ImageObject\",\"inLanguage\":\"pl-PL\",\"@id\":\"https:\\\/\\\/notabene.world\\\/nb\\\/#\\\/schema\\\/logo\\\/image\\\/\",\"url\":\"https:\\\/\\\/notabene.world\\\/nb\\\/wp-content\\\/uploads\\\/2022\\\/01\\\/NB-club-start-www1.jpg\",\"contentUrl\":\"https:\\\/\\\/notabene.world\\\/nb\\\/wp-content\\\/uploads\\\/2022\\\/01\\\/NB-club-start-www1.jpg\",\"width\":1000,\"height\":839,\"caption\":\"NOTABENE.WORLD\"},\"image\":{\"@id\":\"https:\\\/\\\/notabene.world\\\/nb\\\/#\\\/schema\\\/logo\\\/image\\\/\"},\"sameAs\":[\"https:\\\/\\\/www.facebook.com\\\/Notabene.World\"]},{\"@type\":\"Person\",\"@id\":\"https:\\\/\\\/notabene.world\\\/nb\\\/#\\\/schema\\\/person\\\/d214a67a5abbae617bfc4971c0c423a6\",\"name\":\"Ernest Nosek\",\"image\":{\"@type\":\"ImageObject\",\"inLanguage\":\"pl-PL\",\"@id\":\"https:\\\/\\\/secure.gravatar.com\\\/avatar\\\/308478402b4224324235d2849bb6a828bfa570d170becca0361c2b5603e2516b?s=96&d=mm&r=g\",\"url\":\"https:\\\/\\\/secure.gravatar.com\\\/avatar\\\/308478402b4224324235d2849bb6a828bfa570d170becca0361c2b5603e2516b?s=96&d=mm&r=g\",\"contentUrl\":\"https:\\\/\\\/secure.gravatar.com\\\/avatar\\\/308478402b4224324235d2849bb6a828bfa570d170becca0361c2b5603e2516b?s=96&d=mm&r=g\",\"caption\":\"Ernest Nosek\"},\"url\":\"https:\\\/\\\/notabene.world\\\/nb\\\/author\\\/e-no\\\/\"}]}<\/script>\n<!-- \/ Yoast SEO plugin. -->","yoast_head_json":{"title":"Budzenie Sienkiewki 2022 - Kielce jak Amsterdam - NOTABENE.WORLD","robots":{"index":"index","follow":"follow","max-snippet":"max-snippet:-1","max-image-preview":"max-image-preview:large","max-video-preview":"max-video-preview:-1"},"canonical":"https:\/\/notabene.world\/nb\/budzenie-sienkiewki-2022-kielce-jak-amsterdam\/","og_locale":"pl_PL","og_type":"article","og_title":"Budzenie Sienkiewki 2022 - Kielce jak Amsterdam - NOTABENE.WORLD","og_description":"Budzenie Sienkiewki na sta\u0142e wpisa\u0142o si\u0119 w kielecki kalendarz imprez. Tegoroczna czternasta edycja podobnie jak poprzednie, trwa\u0142a w dniach 27 maja - 5 czerwca. W tym roku odby\u0142 si\u0119 pe\u0142en rozmaitych atrakcji, t\u0119tni\u0105cy \u017cyciem event, kt\u00f3ry na d\u0142ugo pozostanie kielczanom w pami\u0119ci. Dzi\u0119ki M\u0142odzie\u017cowej Radzie Miasta Kielce bie\u017c\u0105ca edycja Budzenia Sienkiewki zosta\u0142a uatrakcyjniona w\u0142asnor\u0119cznie udekorowanymi rowerami w Kieleckiej Zaczarowanej Galerii, kt\u00f3re stoj\u0105 po dzie\u0144 dzisiejszy na Rynku, na ulicy Sienkiewicza, placu Literat\u00f3w, placu Artyst\u00f3w. M\u0142odzie\u017cowa Rada Miasta zach\u0119ci\u0142a do dzia\u0142ania Echo Dnia, Hotel Binkowski i Baseny Tropikalne. W dalszym ci\u0105gu ka\u017cdy mo\u017ce udekorowa\u0107 sw\u00f3j rower i ustawi\u0107 go w centrum miasta. 26 maja, w kamienicy na rogu ulic Ma\u0142ej i Sienkiewicza odby\u0142 si\u0119 wernisa\u017c prac dyplomowych uczni\u00f3w Zespo\u0142u Szk\u00f3\u0142 Plastycznych w Kielcach. Zainteresowani mogli ogl\u0105da\u0107 zachwycaj\u0105ce rze\u017aby, obrazy i gobeliny. Wsp\u00f3lne chwile przy zwiedzaniu atmosfer\u0119 dope\u0142ni\u0142 koncert skrzypcowy Mai Michalskiej.","og_url":"https:\/\/notabene.world\/nb\/budzenie-sienkiewki-2022-kielce-jak-amsterdam\/","og_site_name":"NOTABENE.WORLD","article_publisher":"https:\/\/www.facebook.com\/Notabene.World","article_published_time":"2022-06-15T17:35:00+00:00","article_modified_time":"2022-08-01T06:25:42+00:00","og_image":[{"width":800,"height":455,"url":"https:\/\/notabene.world\/nb\/wp-content\/uploads\/2022\/06\/628cee7bd4c4e_o_xlarge_copy_800x455.jpg","type":"image\/jpeg"}],"author":"Ernest Nosek","twitter_card":"summary_large_image","twitter_misc":{"Napisane przez":"Ernest Nosek","Szacowany czas czytania":"4 minuty"},"schema":{"@context":"https:\/\/schema.org","@graph":[{"@type":"Article","@id":"https:\/\/notabene.world\/nb\/budzenie-sienkiewki-2022-kielce-jak-amsterdam\/#article","isPartOf":{"@id":"https:\/\/notabene.world\/nb\/budzenie-sienkiewki-2022-kielce-jak-amsterdam\/"},"author":{"name":"Ernest Nosek","@id":"https:\/\/notabene.world\/nb\/#\/schema\/person\/d214a67a5abbae617bfc4971c0c423a6"},"headline":"Budzenie Sienkiewki 2022 &#8211; Kielce jak Amsterdam","datePublished":"2022-06-15T17:35:00+00:00","dateModified":"2022-08-01T06:25:42+00:00","mainEntityOfPage":{"@id":"https:\/\/notabene.world\/nb\/budzenie-sienkiewki-2022-kielce-jak-amsterdam\/"},"wordCount":230,"publisher":{"@id":"https:\/\/notabene.world\/nb\/#organization"},"image":{"@id":"https:\/\/notabene.world\/nb\/budzenie-sienkiewki-2022-kielce-jak-amsterdam\/#primaryimage"},"thumbnailUrl":"https:\/\/i0.wp.com\/notabene.world\/nb\/wp-content\/uploads\/2022\/06\/628cee7bd4c4e_o_xlarge_copy_800x455.jpg?fit=800%2C455&ssl=1","articleSection":["Fotoreporta\u017ce","Polecane","Reporta\u017ce"],"inLanguage":"pl-PL"},{"@type":"WebPage","@id":"https:\/\/notabene.world\/nb\/budzenie-sienkiewki-2022-kielce-jak-amsterdam\/","url":"https:\/\/notabene.world\/nb\/budzenie-sienkiewki-2022-kielce-jak-amsterdam\/","name":"Budzenie Sienkiewki 2022 - Kielce jak Amsterdam - NOTABENE.WORLD","isPartOf":{"@id":"https:\/\/notabene.world\/nb\/#website"},"primaryImageOfPage":{"@id":"https:\/\/notabene.world\/nb\/budzenie-sienkiewki-2022-kielce-jak-amsterdam\/#primaryimage"},"image":{"@id":"https:\/\/notabene.world\/nb\/budzenie-sienkiewki-2022-kielce-jak-amsterdam\/#primaryimage"},"thumbnailUrl":"https:\/\/i0.wp.com\/notabene.world\/nb\/wp-content\/uploads\/2022\/06\/628cee7bd4c4e_o_xlarge_copy_800x455.jpg?fit=800%2C455&ssl=1","datePublished":"2022-06-15T17:35:00+00:00","dateModified":"2022-08-01T06:25:42+00:00","breadcrumb":{"@id":"https:\/\/notabene.world\/nb\/budzenie-sienkiewki-2022-kielce-jak-amsterdam\/#breadcrumb"},"inLanguage":"pl-PL","potentialAction":[{"@type":"ReadAction","target":["https:\/\/notabene.world\/nb\/budzenie-sienkiewki-2022-kielce-jak-amsterdam\/"]}]},{"@type":"ImageObject","inLanguage":"pl-PL","@id":"https:\/\/notabene.world\/nb\/budzenie-sienkiewki-2022-kielce-jak-amsterdam\/#primaryimage","url":"https:\/\/i0.wp.com\/notabene.world\/nb\/wp-content\/uploads\/2022\/06\/628cee7bd4c4e_o_xlarge_copy_800x455.jpg?fit=800%2C455&ssl=1","contentUrl":"https:\/\/i0.wp.com\/notabene.world\/nb\/wp-content\/uploads\/2022\/06\/628cee7bd4c4e_o_xlarge_copy_800x455.jpg?fit=800%2C455&ssl=1","width":800,"height":455},{"@type":"BreadcrumbList","@id":"https:\/\/notabene.world\/nb\/budzenie-sienkiewki-2022-kielce-jak-amsterdam\/#breadcrumb","itemListElement":[{"@type":"ListItem","position":1,"name":"Home","item":"https:\/\/notabene.world\/nb\/"},{"@type":"ListItem","position":2,"name":"Budzenie Sienkiewki 2022 &#8211; Kielce jak Amsterdam"}]},{"@type":"WebSite","@id":"https:\/\/notabene.world\/nb\/#website","url":"https:\/\/notabene.world\/nb\/","name":"NOTABENE.WORLD","description":"Przekaz. Warto\u015bci. Wsp\u00f3lnota.","publisher":{"@id":"https:\/\/notabene.world\/nb\/#organization"},"potentialAction":[{"@type":"SearchAction","target":{"@type":"EntryPoint","urlTemplate":"https:\/\/notabene.world\/nb\/?s={search_term_string}"},"query-input":{"@type":"PropertyValueSpecification","valueRequired":true,"valueName":"search_term_string"}}],"inLanguage":"pl-PL"},{"@type":"Organization","@id":"https:\/\/notabene.world\/nb\/#organization","name":"NOTABENE.WORLD","url":"https:\/\/notabene.world\/nb\/","logo":{"@type":"ImageObject","inLanguage":"pl-PL","@id":"https:\/\/notabene.world\/nb\/#\/schema\/logo\/image\/","url":"https:\/\/notabene.world\/nb\/wp-content\/uploads\/2022\/01\/NB-club-start-www1.jpg","contentUrl":"https:\/\/notabene.world\/nb\/wp-content\/uploads\/2022\/01\/NB-club-start-www1.jpg","width":1000,"height":839,"caption":"NOTABENE.WORLD"},"image":{"@id":"https:\/\/notabene.world\/nb\/#\/schema\/logo\/image\/"},"sameAs":["https:\/\/www.facebook.com\/Notabene.World"]},{"@type":"Person","@id":"https:\/\/notabene.world\/nb\/#\/schema\/person\/d214a67a5abbae617bfc4971c0c423a6","name":"Ernest Nosek","image":{"@type":"ImageObject","inLanguage":"pl-PL","@id":"https:\/\/secure.gravatar.com\/avatar\/308478402b4224324235d2849bb6a828bfa570d170becca0361c2b5603e2516b?s=96&d=mm&r=g","url":"https:\/\/secure.gravatar.com\/avatar\/308478402b4224324235d2849bb6a828bfa570d170becca0361c2b5603e2516b?s=96&d=mm&r=g","contentUrl":"https:\/\/secure.gravatar.com\/avatar\/308478402b4224324235d2849bb6a828bfa570d170becca0361c2b5603e2516b?s=96&d=mm&r=g","caption":"Ernest Nosek"},"url":"https:\/\/notabene.world\/nb\/author\/e-no\/"}]}},"jetpack_featured_media_url":"https:\/\/i0.wp.com\/notabene.world\/nb\/wp-content\/uploads\/2022\/06\/628cee7bd4c4e_o_xlarge_copy_800x455.jpg?fit=800%2C455&ssl=1","jetpack_sharing_enabled":true,"jetpack_shortlink":"https:\/\/wp.me\/pdCobN-1HM","_links":{"self":[{"href":"https:\/\/notabene.world\/nb\/wp-json\/wp\/v2\/posts\/6558","targetHints":{"allow":["GET"]}}],"collection":[{"href":"https:\/\/notabene.world\/nb\/wp-json\/wp\/v2\/posts"}],"about":[{"href":"https:\/\/notabene.world\/nb\/wp-json\/wp\/v2\/types\/post"}],"author":[{"embeddable":true,"href":"https:\/\/notabene.world\/nb\/wp-json\/wp\/v2\/users\/44"}],"replies":[{"embeddable":true,"href":"https:\/\/notabene.world\/nb\/wp-json\/wp\/v2\/comments?post=6558"}],"version-history":[{"count":5,"href":"https:\/\/notabene.world\/nb\/wp-json\/wp\/v2\/posts\/6558\/revisions"}],"predecessor-version":[{"id":6617,"href":"https:\/\/notabene.world\/nb\/wp-json\/wp\/v2\/posts\/6558\/revisions\/6617"}],"wp:featuredmedia":[{"embeddable":true,"href":"https:\/\/notabene.world\/nb\/wp-json\/wp\/v2\/media\/6563"}],"wp:attachment":[{"href":"https:\/\/notabene.world\/nb\/wp-json\/wp\/v2\/media?parent=6558"}],"wp:term":[{"taxonomy":"category","embeddable":true,"href":"https:\/\/notabene.world\/nb\/wp-json\/wp\/v2\/categories?post=6558"},{"taxonomy":"post_tag","embeddable":true,"href":"https:\/\/notabene.world\/nb\/wp-json\/wp\/v2\/tags?post=6558"}],"curies":[{"name":"wp","href":"https:\/\/api.w.org\/{rel}","templated":true}]}}