{"id":6626,"date":"2022-07-10T15:03:00","date_gmt":"2022-07-10T13:03:00","guid":{"rendered":"https:\/\/notabene.world\/nb\/?p=6626"},"modified":"2022-08-08T06:46:01","modified_gmt":"2022-08-08T04:46:01","slug":"staruszek-machal-do-nas-z-balkonu-nie-bylo-agresji","status":"publish","type":"post","link":"https:\/\/notabene.world\/nb\/staruszek-machal-do-nas-z-balkonu-nie-bylo-agresji\/","title":{"rendered":"Staruszek macha\u0142 do nas z balkonu. Nie by\u0142o agresji"},"content":{"rendered":"\n<p>Wczoraj, 9 lipca odby\u0142 si\u0119 drugi Marsz R\u00f3wno\u015bci w Kielcach. Po d\u0142ugiej przerwie, bo a\u017c od 2019 roku, zn\u00f3w mogli\u015bmy si\u0119 spotka\u0107. Wsp\u00f3lny spacer po centrum Kielc wywo\u0142a\u0142 wiele pozytywnych emocji i zgromadzi\u0142 ogromn\u0105 ilo\u015b\u0107 zainteresowanych. &#8222;Witam was w tolerancyjnym, u\u015bmiechni\u0119tym i kolorowym mie\u015bcie. Kielce s\u0105 t\u0119czowe&#8221; to s\u0142owa Agaty Wojdy, zast\u0119pczyni prezydenta miasta. <\/p>\n\n\n\n<figure class=\"wp-block-image size-large is-resized\"><img data-recalc-dims=\"1\" loading=\"lazy\" decoding=\"async\" src=\"https:\/\/i0.wp.com\/notabene.world\/nb\/wp-content\/uploads\/2022\/07\/292814297_1181710325955190_2062627541729523339_n.jpg?resize=595%2C397&#038;ssl=1\" alt=\"\" class=\"wp-image-6627\" width=\"595\" height=\"397\" srcset=\"https:\/\/i0.wp.com\/notabene.world\/nb\/wp-content\/uploads\/2022\/07\/292814297_1181710325955190_2062627541729523339_n.jpg?resize=1024%2C683&amp;ssl=1 1024w, https:\/\/i0.wp.com\/notabene.world\/nb\/wp-content\/uploads\/2022\/07\/292814297_1181710325955190_2062627541729523339_n.jpg?resize=300%2C200&amp;ssl=1 300w, https:\/\/i0.wp.com\/notabene.world\/nb\/wp-content\/uploads\/2022\/07\/292814297_1181710325955190_2062627541729523339_n.jpg?resize=768%2C512&amp;ssl=1 768w, https:\/\/i0.wp.com\/notabene.world\/nb\/wp-content\/uploads\/2022\/07\/292814297_1181710325955190_2062627541729523339_n.jpg?resize=1536%2C1024&amp;ssl=1 1536w, https:\/\/i0.wp.com\/notabene.world\/nb\/wp-content\/uploads\/2022\/07\/292814297_1181710325955190_2062627541729523339_n.jpg?w=2048&amp;ssl=1 2048w, https:\/\/i0.wp.com\/notabene.world\/nb\/wp-content\/uploads\/2022\/07\/292814297_1181710325955190_2062627541729523339_n.jpg?w=1600&amp;ssl=1 1600w\" sizes=\"auto, (max-width: 595px) 100vw, 595px\" \/><\/figure>\n\n\n\n<p>Marsz rozpocz\u0105\u0142 si\u0119 o godzinie 14 w Parku Miejskim, a zako\u0144czy\u0142 na Placu Artyst\u00f3w. Wzi\u0119\u0142o w nim udzia\u0142 ponad tysi\u0105c os\u00f3b, kt\u00f3re podkre\u015bla\u0142y, \u017ce nie jest to tylko manifestacja os\u00f3b LGBT, ale tak\u017ce okazanie wsparcia Ukrainie i wszystkim grupom spo\u0142ecznym, kt\u00f3re s\u0105 stygmatyzowane. Wa\u017cnym has\u0142em sta\u0142y si\u0119 s\u0142owa &#8222;Prosz\u0119 zwraca\u0107 si\u0119 do mnie imieniem, kt\u00f3rego u\u017cywam&#8221;, co odzwierciedla\u0142o problemy os\u00f3b transp\u0142ciowych. <\/p>\n\n\n\n<figure class=\"wp-block-image size-large is-resized\"><img data-recalc-dims=\"1\" decoding=\"async\" src=\"https:\/\/i0.wp.com\/notabene.world\/nb\/wp-content\/uploads\/2022\/07\/293013007_409429947887895_3508241520052922045_n-edited.jpg?w=591&#038;ssl=1\" alt=\"\" class=\"wp-image-6629\"  srcset=\"https:\/\/i0.wp.com\/notabene.world\/nb\/wp-content\/uploads\/2022\/07\/293013007_409429947887895_3508241520052922045_n-edited.jpg?w=1229&amp;ssl=1 1229w, https:\/\/i0.wp.com\/notabene.world\/nb\/wp-content\/uploads\/2022\/07\/293013007_409429947887895_3508241520052922045_n-edited.jpg?resize=225%2C300&amp;ssl=1 225w, https:\/\/i0.wp.com\/notabene.world\/nb\/wp-content\/uploads\/2022\/07\/293013007_409429947887895_3508241520052922045_n-edited.jpg?resize=768%2C1024&amp;ssl=1 768w, https:\/\/i0.wp.com\/notabene.world\/nb\/wp-content\/uploads\/2022\/07\/293013007_409429947887895_3508241520052922045_n-edited.jpg?resize=1152%2C1536&amp;ssl=1 1152w\" sizes=\"(max-width: 800px) 100vw, 800px\" \/><\/figure>\n\n\n\n<p>Ca\u0142e wydarzenie odby\u0142o si\u0119 w bardzo przyjaznych dla uczestnik\u00f3w warunkach &#8211; oby\u0142o si\u0119 bez wyzwisk i nieprzyjemnych incydent\u00f3w. Wszystkim towarzyszy\u0142a g\u0142o\u015bna muzyka i pokojowe has\u0142a oraz, przede wszystkim, wsparcie os\u00f3b postronnych. Kielce nie kojarz\u0105 si\u0119 zazwyczaj z rajem dla mniejszo\u015bci, ale tym razem by\u0142o wr\u0119cz idealnie. &#8222;Staruszek macha\u0142 do nas z balkonu, pani z dzieckiem robi\u0142a zdj\u0119cia i si\u0119 u\u015bmiecha\u0142a&#8221;, &#8222;Bawili\u015bmy si\u0119 \u015bwietnie&#8221; &#8211; m\u00f3wi\u0105 uczestnicy. <\/p>\n","protected":false},"excerpt":{"rendered":"<p>Wczoraj, 9 lipca odby\u0142 si\u0119 drugi Marsz R\u00f3wno\u015bci w Kielcach. Po d\u0142ugiej przerwie, bo a\u017c od 2019 roku, zn\u00f3w mogli\u015bmy si\u0119 spotka\u0107. Wsp\u00f3lny spacer po centrum Kielc wywo\u0142a\u0142 wiele pozytywnych emocji i zgromadzi\u0142 ogromn\u0105 ilo\u015b\u0107 zainteresowanych. &#8222;Witam was w tolerancyjnym, u\u015bmiechni\u0119tym i kolorowym mie\u015bcie. Kielce s\u0105 t\u0119czowe&#8221; to s\u0142owa Agaty Wojdy, zast\u0119pczyni prezydenta miasta.<\/p>\n<p>Marsz rozpocz\u0105\u0142 si\u0119 o godzinie 14 w Parku Miejskim, a zako\u0144czy\u0142 na Placu Artyst\u00f3w. Wzi\u0119\u0142o w nim udzia\u0142 ponad tysi\u0105c os\u00f3b, kt\u00f3re podkre\u015bla\u0142y, \u017ce nie jest to tylko manifestacja os\u00f3b LGBT, ale tak\u017ce okazanie wsparcia Ukrainie i wszystkim grupom spo\u0142ecznym, kt\u00f3re s\u0105 stygmatyzowane. Wa\u017cnym has\u0142em sta\u0142y si\u0119 s\u0142owa &#8222;Prosz\u0119 zwraca\u0107 si\u0119 do mnie imieniem, kt\u00f3rego u\u017cywam&#8221;, co odzwierciedla\u0142o problemy os\u00f3b transp\u0142ciowych.<\/p>\n","protected":false},"author":23,"featured_media":6630,"comment_status":"closed","ping_status":"closed","sticky":false,"template":"","format":"standard","meta":{"colormag_page_container_layout":"default_layout","colormag_page_sidebar_layout":"default_layout","_jetpack_memberships_contains_paid_content":false,"footnotes":"","_links_to":"","_links_to_target":""},"categories":[6,110],"tags":[197,196,198,199],"class_list":["post-6626","post","type-post","status-publish","format-standard","has-post-thumbnail","hentry","category-kultura","category-spoleczenstwo-2","tag-kielce-2","tag-marszrownosci","tag-marszrownosci2022","tag-pride"],"yoast_head":"<!-- This site is optimized with the Yoast SEO plugin v27.4 - https:\/\/yoast.com\/product\/yoast-seo-wordpress\/ -->\n<title>Staruszek macha\u0142 do nas z balkonu. Nie by\u0142o agresji - NOTABENE.WORLD<\/title>\n<meta name=\"robots\" content=\"index, follow, max-snippet:-1, max-image-preview:large, max-video-preview:-1\" \/>\n<link rel=\"canonical\" href=\"https:\/\/notabene.world\/nb\/staruszek-machal-do-nas-z-balkonu-nie-bylo-agresji\/\" \/>\n<meta property=\"og:locale\" content=\"pl_PL\" \/>\n<meta property=\"og:type\" content=\"article\" \/>\n<meta property=\"og:title\" content=\"Staruszek macha\u0142 do nas z balkonu. Nie by\u0142o agresji - NOTABENE.WORLD\" \/>\n<meta property=\"og:description\" content=\"Wczoraj, 9 lipca odby\u0142 si\u0119 drugi Marsz R\u00f3wno\u015bci w Kielcach. Po d\u0142ugiej przerwie, bo a\u017c od 2019 roku, zn\u00f3w mogli\u015bmy si\u0119 spotka\u0107. Wsp\u00f3lny spacer po centrum Kielc wywo\u0142a\u0142 wiele pozytywnych emocji i zgromadzi\u0142 ogromn\u0105 ilo\u015b\u0107 zainteresowanych. &quot;Witam was w tolerancyjnym, u\u015bmiechni\u0119tym i kolorowym mie\u015bcie. Kielce s\u0105 t\u0119czowe&quot; to s\u0142owa Agaty Wojdy, zast\u0119pczyni prezydenta miasta. Marsz rozpocz\u0105\u0142 si\u0119 o godzinie 14 w Parku Miejskim, a zako\u0144czy\u0142 na Placu Artyst\u00f3w. Wzi\u0119\u0142o w nim udzia\u0142 ponad tysi\u0105c os\u00f3b, kt\u00f3re podkre\u015bla\u0142y, \u017ce nie jest to tylko manifestacja os\u00f3b LGBT, ale tak\u017ce okazanie wsparcia Ukrainie i wszystkim grupom spo\u0142ecznym, kt\u00f3re s\u0105 stygmatyzowane. Wa\u017cnym has\u0142em sta\u0142y si\u0119 s\u0142owa &quot;Prosz\u0119 zwraca\u0107 si\u0119 do mnie imieniem, kt\u00f3rego u\u017cywam&quot;, co odzwierciedla\u0142o problemy os\u00f3b transp\u0142ciowych.\" \/>\n<meta property=\"og:url\" content=\"https:\/\/notabene.world\/nb\/staruszek-machal-do-nas-z-balkonu-nie-bylo-agresji\/\" \/>\n<meta property=\"og:site_name\" content=\"NOTABENE.WORLD\" \/>\n<meta property=\"article:publisher\" content=\"https:\/\/www.facebook.com\/Notabene.World\" \/>\n<meta property=\"article:published_time\" content=\"2022-07-10T13:03:00+00:00\" \/>\n<meta property=\"article:modified_time\" content=\"2022-08-08T04:46:01+00:00\" \/>\n<meta property=\"og:image\" content=\"https:\/\/notabene.world\/nb\/wp-content\/uploads\/2022\/07\/292779686_1181710792621810_6689424526886053454_n.jpg\" \/>\n\t<meta property=\"og:image:width\" content=\"2048\" \/>\n\t<meta property=\"og:image:height\" content=\"1365\" \/>\n\t<meta property=\"og:image:type\" content=\"image\/jpeg\" \/>\n<meta name=\"author\" content=\"M. Hoffmann\" \/>\n<meta name=\"twitter:card\" content=\"summary_large_image\" \/>\n<meta name=\"twitter:label1\" content=\"Napisane przez\" \/>\n\t<meta name=\"twitter:data1\" content=\"M. Hoffmann\" \/>\n\t<meta name=\"twitter:label2\" content=\"Szacowany czas czytania\" \/>\n\t<meta name=\"twitter:data2\" content=\"2 minuty\" \/>\n<script type=\"application\/ld+json\" class=\"yoast-schema-graph\">{\"@context\":\"https:\\\/\\\/schema.org\",\"@graph\":[{\"@type\":\"Article\",\"@id\":\"https:\\\/\\\/notabene.world\\\/nb\\\/staruszek-machal-do-nas-z-balkonu-nie-bylo-agresji\\\/#article\",\"isPartOf\":{\"@id\":\"https:\\\/\\\/notabene.world\\\/nb\\\/staruszek-machal-do-nas-z-balkonu-nie-bylo-agresji\\\/\"},\"author\":{\"name\":\"M. Hoffmann\",\"@id\":\"https:\\\/\\\/notabene.world\\\/nb\\\/#\\\/schema\\\/person\\\/331faf5f761ee67ad7d5d058fd8df849\"},\"headline\":\"Staruszek macha\u0142 do nas z balkonu. Nie by\u0142o agresji\",\"datePublished\":\"2022-07-10T13:03:00+00:00\",\"dateModified\":\"2022-08-08T04:46:01+00:00\",\"mainEntityOfPage\":{\"@id\":\"https:\\\/\\\/notabene.world\\\/nb\\\/staruszek-machal-do-nas-z-balkonu-nie-bylo-agresji\\\/\"},\"wordCount\":241,\"publisher\":{\"@id\":\"https:\\\/\\\/notabene.world\\\/nb\\\/#organization\"},\"image\":{\"@id\":\"https:\\\/\\\/notabene.world\\\/nb\\\/staruszek-machal-do-nas-z-balkonu-nie-bylo-agresji\\\/#primaryimage\"},\"thumbnailUrl\":\"https:\\\/\\\/i0.wp.com\\\/notabene.world\\\/nb\\\/wp-content\\\/uploads\\\/2022\\\/07\\\/292779686_1181710792621810_6689424526886053454_n.jpg?fit=2048%2C1365&ssl=1\",\"keywords\":[\"kielce\",\"marszrownosci\",\"marszrownosci2022\",\"pride\"],\"articleSection\":[\"Kultura\",\"Spo\u0142ecze\u0144stwo\"],\"inLanguage\":\"pl-PL\"},{\"@type\":\"WebPage\",\"@id\":\"https:\\\/\\\/notabene.world\\\/nb\\\/staruszek-machal-do-nas-z-balkonu-nie-bylo-agresji\\\/\",\"url\":\"https:\\\/\\\/notabene.world\\\/nb\\\/staruszek-machal-do-nas-z-balkonu-nie-bylo-agresji\\\/\",\"name\":\"Staruszek macha\u0142 do nas z balkonu. Nie by\u0142o agresji - NOTABENE.WORLD\",\"isPartOf\":{\"@id\":\"https:\\\/\\\/notabene.world\\\/nb\\\/#website\"},\"primaryImageOfPage\":{\"@id\":\"https:\\\/\\\/notabene.world\\\/nb\\\/staruszek-machal-do-nas-z-balkonu-nie-bylo-agresji\\\/#primaryimage\"},\"image\":{\"@id\":\"https:\\\/\\\/notabene.world\\\/nb\\\/staruszek-machal-do-nas-z-balkonu-nie-bylo-agresji\\\/#primaryimage\"},\"thumbnailUrl\":\"https:\\\/\\\/i0.wp.com\\\/notabene.world\\\/nb\\\/wp-content\\\/uploads\\\/2022\\\/07\\\/292779686_1181710792621810_6689424526886053454_n.jpg?fit=2048%2C1365&ssl=1\",\"datePublished\":\"2022-07-10T13:03:00+00:00\",\"dateModified\":\"2022-08-08T04:46:01+00:00\",\"breadcrumb\":{\"@id\":\"https:\\\/\\\/notabene.world\\\/nb\\\/staruszek-machal-do-nas-z-balkonu-nie-bylo-agresji\\\/#breadcrumb\"},\"inLanguage\":\"pl-PL\",\"potentialAction\":[{\"@type\":\"ReadAction\",\"target\":[\"https:\\\/\\\/notabene.world\\\/nb\\\/staruszek-machal-do-nas-z-balkonu-nie-bylo-agresji\\\/\"]}]},{\"@type\":\"ImageObject\",\"inLanguage\":\"pl-PL\",\"@id\":\"https:\\\/\\\/notabene.world\\\/nb\\\/staruszek-machal-do-nas-z-balkonu-nie-bylo-agresji\\\/#primaryimage\",\"url\":\"https:\\\/\\\/i0.wp.com\\\/notabene.world\\\/nb\\\/wp-content\\\/uploads\\\/2022\\\/07\\\/292779686_1181710792621810_6689424526886053454_n.jpg?fit=2048%2C1365&ssl=1\",\"contentUrl\":\"https:\\\/\\\/i0.wp.com\\\/notabene.world\\\/nb\\\/wp-content\\\/uploads\\\/2022\\\/07\\\/292779686_1181710792621810_6689424526886053454_n.jpg?fit=2048%2C1365&ssl=1\",\"width\":2048,\"height\":1365},{\"@type\":\"BreadcrumbList\",\"@id\":\"https:\\\/\\\/notabene.world\\\/nb\\\/staruszek-machal-do-nas-z-balkonu-nie-bylo-agresji\\\/#breadcrumb\",\"itemListElement\":[{\"@type\":\"ListItem\",\"position\":1,\"name\":\"Home\",\"item\":\"https:\\\/\\\/notabene.world\\\/nb\\\/\"},{\"@type\":\"ListItem\",\"position\":2,\"name\":\"Staruszek macha\u0142 do nas z balkonu. Nie by\u0142o agresji\"}]},{\"@type\":\"WebSite\",\"@id\":\"https:\\\/\\\/notabene.world\\\/nb\\\/#website\",\"url\":\"https:\\\/\\\/notabene.world\\\/nb\\\/\",\"name\":\"NOTABENE.WORLD\",\"description\":\"Przekaz. Warto\u015bci. Wsp\u00f3lnota.\",\"publisher\":{\"@id\":\"https:\\\/\\\/notabene.world\\\/nb\\\/#organization\"},\"potentialAction\":[{\"@type\":\"SearchAction\",\"target\":{\"@type\":\"EntryPoint\",\"urlTemplate\":\"https:\\\/\\\/notabene.world\\\/nb\\\/?s={search_term_string}\"},\"query-input\":{\"@type\":\"PropertyValueSpecification\",\"valueRequired\":true,\"valueName\":\"search_term_string\"}}],\"inLanguage\":\"pl-PL\"},{\"@type\":\"Organization\",\"@id\":\"https:\\\/\\\/notabene.world\\\/nb\\\/#organization\",\"name\":\"NOTABENE.WORLD\",\"url\":\"https:\\\/\\\/notabene.world\\\/nb\\\/\",\"logo\":{\"@type\":\"ImageObject\",\"inLanguage\":\"pl-PL\",\"@id\":\"https:\\\/\\\/notabene.world\\\/nb\\\/#\\\/schema\\\/logo\\\/image\\\/\",\"url\":\"https:\\\/\\\/notabene.world\\\/nb\\\/wp-content\\\/uploads\\\/2022\\\/01\\\/NB-club-start-www1.jpg\",\"contentUrl\":\"https:\\\/\\\/notabene.world\\\/nb\\\/wp-content\\\/uploads\\\/2022\\\/01\\\/NB-club-start-www1.jpg\",\"width\":1000,\"height\":839,\"caption\":\"NOTABENE.WORLD\"},\"image\":{\"@id\":\"https:\\\/\\\/notabene.world\\\/nb\\\/#\\\/schema\\\/logo\\\/image\\\/\"},\"sameAs\":[\"https:\\\/\\\/www.facebook.com\\\/Notabene.World\"]},{\"@type\":\"Person\",\"@id\":\"https:\\\/\\\/notabene.world\\\/nb\\\/#\\\/schema\\\/person\\\/331faf5f761ee67ad7d5d058fd8df849\",\"name\":\"M. Hoffmann\",\"image\":{\"@type\":\"ImageObject\",\"inLanguage\":\"pl-PL\",\"@id\":\"https:\\\/\\\/secure.gravatar.com\\\/avatar\\\/7d680551b50541a2eb4d9f0eeb5ec73e8b7b30a37b96432deb5650eabb999f24?s=96&d=mm&r=g\",\"url\":\"https:\\\/\\\/secure.gravatar.com\\\/avatar\\\/7d680551b50541a2eb4d9f0eeb5ec73e8b7b30a37b96432deb5650eabb999f24?s=96&d=mm&r=g\",\"contentUrl\":\"https:\\\/\\\/secure.gravatar.com\\\/avatar\\\/7d680551b50541a2eb4d9f0eeb5ec73e8b7b30a37b96432deb5650eabb999f24?s=96&d=mm&r=g\",\"caption\":\"M. Hoffmann\"},\"url\":\"https:\\\/\\\/notabene.world\\\/nb\\\/author\\\/m-h\\\/\"}]}<\/script>\n<!-- \/ Yoast SEO plugin. -->","yoast_head_json":{"title":"Staruszek macha\u0142 do nas z balkonu. Nie by\u0142o agresji - NOTABENE.WORLD","robots":{"index":"index","follow":"follow","max-snippet":"max-snippet:-1","max-image-preview":"max-image-preview:large","max-video-preview":"max-video-preview:-1"},"canonical":"https:\/\/notabene.world\/nb\/staruszek-machal-do-nas-z-balkonu-nie-bylo-agresji\/","og_locale":"pl_PL","og_type":"article","og_title":"Staruszek macha\u0142 do nas z balkonu. Nie by\u0142o agresji - NOTABENE.WORLD","og_description":"Wczoraj, 9 lipca odby\u0142 si\u0119 drugi Marsz R\u00f3wno\u015bci w Kielcach. Po d\u0142ugiej przerwie, bo a\u017c od 2019 roku, zn\u00f3w mogli\u015bmy si\u0119 spotka\u0107. Wsp\u00f3lny spacer po centrum Kielc wywo\u0142a\u0142 wiele pozytywnych emocji i zgromadzi\u0142 ogromn\u0105 ilo\u015b\u0107 zainteresowanych. \"Witam was w tolerancyjnym, u\u015bmiechni\u0119tym i kolorowym mie\u015bcie. Kielce s\u0105 t\u0119czowe\" to s\u0142owa Agaty Wojdy, zast\u0119pczyni prezydenta miasta. Marsz rozpocz\u0105\u0142 si\u0119 o godzinie 14 w Parku Miejskim, a zako\u0144czy\u0142 na Placu Artyst\u00f3w. Wzi\u0119\u0142o w nim udzia\u0142 ponad tysi\u0105c os\u00f3b, kt\u00f3re podkre\u015bla\u0142y, \u017ce nie jest to tylko manifestacja os\u00f3b LGBT, ale tak\u017ce okazanie wsparcia Ukrainie i wszystkim grupom spo\u0142ecznym, kt\u00f3re s\u0105 stygmatyzowane. Wa\u017cnym has\u0142em sta\u0142y si\u0119 s\u0142owa \"Prosz\u0119 zwraca\u0107 si\u0119 do mnie imieniem, kt\u00f3rego u\u017cywam\", co odzwierciedla\u0142o problemy os\u00f3b transp\u0142ciowych.","og_url":"https:\/\/notabene.world\/nb\/staruszek-machal-do-nas-z-balkonu-nie-bylo-agresji\/","og_site_name":"NOTABENE.WORLD","article_publisher":"https:\/\/www.facebook.com\/Notabene.World","article_published_time":"2022-07-10T13:03:00+00:00","article_modified_time":"2022-08-08T04:46:01+00:00","og_image":[{"width":2048,"height":1365,"url":"https:\/\/notabene.world\/nb\/wp-content\/uploads\/2022\/07\/292779686_1181710792621810_6689424526886053454_n.jpg","type":"image\/jpeg"}],"author":"M. Hoffmann","twitter_card":"summary_large_image","twitter_misc":{"Napisane przez":"M. Hoffmann","Szacowany czas czytania":"2 minuty"},"schema":{"@context":"https:\/\/schema.org","@graph":[{"@type":"Article","@id":"https:\/\/notabene.world\/nb\/staruszek-machal-do-nas-z-balkonu-nie-bylo-agresji\/#article","isPartOf":{"@id":"https:\/\/notabene.world\/nb\/staruszek-machal-do-nas-z-balkonu-nie-bylo-agresji\/"},"author":{"name":"M. Hoffmann","@id":"https:\/\/notabene.world\/nb\/#\/schema\/person\/331faf5f761ee67ad7d5d058fd8df849"},"headline":"Staruszek macha\u0142 do nas z balkonu. Nie by\u0142o agresji","datePublished":"2022-07-10T13:03:00+00:00","dateModified":"2022-08-08T04:46:01+00:00","mainEntityOfPage":{"@id":"https:\/\/notabene.world\/nb\/staruszek-machal-do-nas-z-balkonu-nie-bylo-agresji\/"},"wordCount":241,"publisher":{"@id":"https:\/\/notabene.world\/nb\/#organization"},"image":{"@id":"https:\/\/notabene.world\/nb\/staruszek-machal-do-nas-z-balkonu-nie-bylo-agresji\/#primaryimage"},"thumbnailUrl":"https:\/\/i0.wp.com\/notabene.world\/nb\/wp-content\/uploads\/2022\/07\/292779686_1181710792621810_6689424526886053454_n.jpg?fit=2048%2C1365&ssl=1","keywords":["kielce","marszrownosci","marszrownosci2022","pride"],"articleSection":["Kultura","Spo\u0142ecze\u0144stwo"],"inLanguage":"pl-PL"},{"@type":"WebPage","@id":"https:\/\/notabene.world\/nb\/staruszek-machal-do-nas-z-balkonu-nie-bylo-agresji\/","url":"https:\/\/notabene.world\/nb\/staruszek-machal-do-nas-z-balkonu-nie-bylo-agresji\/","name":"Staruszek macha\u0142 do nas z balkonu. Nie by\u0142o agresji - NOTABENE.WORLD","isPartOf":{"@id":"https:\/\/notabene.world\/nb\/#website"},"primaryImageOfPage":{"@id":"https:\/\/notabene.world\/nb\/staruszek-machal-do-nas-z-balkonu-nie-bylo-agresji\/#primaryimage"},"image":{"@id":"https:\/\/notabene.world\/nb\/staruszek-machal-do-nas-z-balkonu-nie-bylo-agresji\/#primaryimage"},"thumbnailUrl":"https:\/\/i0.wp.com\/notabene.world\/nb\/wp-content\/uploads\/2022\/07\/292779686_1181710792621810_6689424526886053454_n.jpg?fit=2048%2C1365&ssl=1","datePublished":"2022-07-10T13:03:00+00:00","dateModified":"2022-08-08T04:46:01+00:00","breadcrumb":{"@id":"https:\/\/notabene.world\/nb\/staruszek-machal-do-nas-z-balkonu-nie-bylo-agresji\/#breadcrumb"},"inLanguage":"pl-PL","potentialAction":[{"@type":"ReadAction","target":["https:\/\/notabene.world\/nb\/staruszek-machal-do-nas-z-balkonu-nie-bylo-agresji\/"]}]},{"@type":"ImageObject","inLanguage":"pl-PL","@id":"https:\/\/notabene.world\/nb\/staruszek-machal-do-nas-z-balkonu-nie-bylo-agresji\/#primaryimage","url":"https:\/\/i0.wp.com\/notabene.world\/nb\/wp-content\/uploads\/2022\/07\/292779686_1181710792621810_6689424526886053454_n.jpg?fit=2048%2C1365&ssl=1","contentUrl":"https:\/\/i0.wp.com\/notabene.world\/nb\/wp-content\/uploads\/2022\/07\/292779686_1181710792621810_6689424526886053454_n.jpg?fit=2048%2C1365&ssl=1","width":2048,"height":1365},{"@type":"BreadcrumbList","@id":"https:\/\/notabene.world\/nb\/staruszek-machal-do-nas-z-balkonu-nie-bylo-agresji\/#breadcrumb","itemListElement":[{"@type":"ListItem","position":1,"name":"Home","item":"https:\/\/notabene.world\/nb\/"},{"@type":"ListItem","position":2,"name":"Staruszek macha\u0142 do nas z balkonu. Nie by\u0142o agresji"}]},{"@type":"WebSite","@id":"https:\/\/notabene.world\/nb\/#website","url":"https:\/\/notabene.world\/nb\/","name":"NOTABENE.WORLD","description":"Przekaz. Warto\u015bci. Wsp\u00f3lnota.","publisher":{"@id":"https:\/\/notabene.world\/nb\/#organization"},"potentialAction":[{"@type":"SearchAction","target":{"@type":"EntryPoint","urlTemplate":"https:\/\/notabene.world\/nb\/?s={search_term_string}"},"query-input":{"@type":"PropertyValueSpecification","valueRequired":true,"valueName":"search_term_string"}}],"inLanguage":"pl-PL"},{"@type":"Organization","@id":"https:\/\/notabene.world\/nb\/#organization","name":"NOTABENE.WORLD","url":"https:\/\/notabene.world\/nb\/","logo":{"@type":"ImageObject","inLanguage":"pl-PL","@id":"https:\/\/notabene.world\/nb\/#\/schema\/logo\/image\/","url":"https:\/\/notabene.world\/nb\/wp-content\/uploads\/2022\/01\/NB-club-start-www1.jpg","contentUrl":"https:\/\/notabene.world\/nb\/wp-content\/uploads\/2022\/01\/NB-club-start-www1.jpg","width":1000,"height":839,"caption":"NOTABENE.WORLD"},"image":{"@id":"https:\/\/notabene.world\/nb\/#\/schema\/logo\/image\/"},"sameAs":["https:\/\/www.facebook.com\/Notabene.World"]},{"@type":"Person","@id":"https:\/\/notabene.world\/nb\/#\/schema\/person\/331faf5f761ee67ad7d5d058fd8df849","name":"M. Hoffmann","image":{"@type":"ImageObject","inLanguage":"pl-PL","@id":"https:\/\/secure.gravatar.com\/avatar\/7d680551b50541a2eb4d9f0eeb5ec73e8b7b30a37b96432deb5650eabb999f24?s=96&d=mm&r=g","url":"https:\/\/secure.gravatar.com\/avatar\/7d680551b50541a2eb4d9f0eeb5ec73e8b7b30a37b96432deb5650eabb999f24?s=96&d=mm&r=g","contentUrl":"https:\/\/secure.gravatar.com\/avatar\/7d680551b50541a2eb4d9f0eeb5ec73e8b7b30a37b96432deb5650eabb999f24?s=96&d=mm&r=g","caption":"M. Hoffmann"},"url":"https:\/\/notabene.world\/nb\/author\/m-h\/"}]}},"jetpack_featured_media_url":"https:\/\/i0.wp.com\/notabene.world\/nb\/wp-content\/uploads\/2022\/07\/292779686_1181710792621810_6689424526886053454_n.jpg?fit=2048%2C1365&ssl=1","jetpack_sharing_enabled":true,"jetpack_shortlink":"https:\/\/wp.me\/pdCobN-1IS","_links":{"self":[{"href":"https:\/\/notabene.world\/nb\/wp-json\/wp\/v2\/posts\/6626","targetHints":{"allow":["GET"]}}],"collection":[{"href":"https:\/\/notabene.world\/nb\/wp-json\/wp\/v2\/posts"}],"about":[{"href":"https:\/\/notabene.world\/nb\/wp-json\/wp\/v2\/types\/post"}],"author":[{"embeddable":true,"href":"https:\/\/notabene.world\/nb\/wp-json\/wp\/v2\/users\/23"}],"replies":[{"embeddable":true,"href":"https:\/\/notabene.world\/nb\/wp-json\/wp\/v2\/comments?post=6626"}],"version-history":[{"count":2,"href":"https:\/\/notabene.world\/nb\/wp-json\/wp\/v2\/posts\/6626\/revisions"}],"predecessor-version":[{"id":6632,"href":"https:\/\/notabene.world\/nb\/wp-json\/wp\/v2\/posts\/6626\/revisions\/6632"}],"wp:featuredmedia":[{"embeddable":true,"href":"https:\/\/notabene.world\/nb\/wp-json\/wp\/v2\/media\/6630"}],"wp:attachment":[{"href":"https:\/\/notabene.world\/nb\/wp-json\/wp\/v2\/media?parent=6626"}],"wp:term":[{"taxonomy":"category","embeddable":true,"href":"https:\/\/notabene.world\/nb\/wp-json\/wp\/v2\/categories?post=6626"},{"taxonomy":"post_tag","embeddable":true,"href":"https:\/\/notabene.world\/nb\/wp-json\/wp\/v2\/tags?post=6626"}],"curies":[{"name":"wp","href":"https:\/\/api.w.org\/{rel}","templated":true}]}}