{"id":6729,"date":"2022-07-18T15:03:00","date_gmt":"2022-07-18T13:03:00","guid":{"rendered":"https:\/\/notabene.world\/nb\/?p=6729"},"modified":"2022-08-04T16:08:19","modified_gmt":"2022-08-04T14:08:19","slug":"wartosc-ksiazki-dlaczego-czytamy-coraz-mniej","status":"publish","type":"post","link":"https:\/\/notabene.world\/nb\/wartosc-ksiazki-dlaczego-czytamy-coraz-mniej\/","title":{"rendered":"Warto\u015b\u0107 ksi\u0105\u017cki. Dlaczego czytamy coraz mniej?"},"content":{"rendered":"\n<p>Co to jest ksi\u0105\u017cka?<\/p>\n\n\n\n<p>Termin ksi\u0105\u017cka wed\u0142ug encyklopedii to dzie\u0142o samoistne pod wzgl\u0119dem tre\u015bciowym i wydawniczym nale\u017cy do dokument\u00f3w pi\u015bmienniczych publikowanych, kt\u00f3re mog\u0105 by\u0107 opracowywane przez jednego, kilku lub wielu autor\u00f3w (prace zbiorowe). Natomiast jako \u017ar\u00f3d\u0142o informacji ksi\u0105\u017cki dzielimy na:<\/p>\n\n\n\n<p>\u2022naukowe<\/p>\n\n\n\n<p>\u2022popularnonaukowe.<\/p>\n\n\n\n<p>Jednak d\u0142ugi cykl wydawniczy ksi\u0105\u017cek powoduje, \u017ce nie s\u0105 zbyt szybkim i aktualnym \u017ar\u00f3d\u0142em wiedzy; ust\u0119puj\u0105 czasopismom.<\/p>\n\n\n\n<p>WARTO\u015a\u0106 KSI\u0104\u017bKI wed\u0142ug Katarzyny Jacher<\/p>\n\n\n\n<p>\u2022 Z roku na rok mo\u017cemy zaobserwowa\u0107 s\u0142abn\u0105ce zainteresowanie ludzi co do czytania ksi\u0105\u017cek. Wed\u0142ug bada\u0144 przeprowadzonych w 2012 roku a\u017c 34% Polak\u00f3w z wykszta\u0142ceniem wy\u017cszym nie si\u0119gn\u0119\u0142o w przeci\u0105gu ostatniego roku chocia\u017cby po jedn\u0105 ksi\u0105\u017ck\u0119. Wyniki te s\u0105 szczeg\u00f3lnie przykre, je\u017celi dowiemy si\u0119 o nowo odkrytych korzy\u015bciach p\u0142yn\u0105cych z czytania.<\/p>\n\n\n\n<p>\u2022 Badania pokazuj\u0105, \u017ce zag\u0142\u0119bianie si\u0119 w literatur\u0119 wcale nie jest pr\u00f3b\u0105 ucieczki od \u015bwiata realnego, a wr\u0119cz przeciwnie. Lektura mo\u017ce nam pom\u00f3c zrozumie\u0107 mechanizm post\u0119powania innych, a tak\u017ce rozwija nasze kompetencje spo\u0142eczne. Ponadto czytanie ksi\u0105\u017cek u\u0142atwia budowanie w sobie zdolno\u015bci do empatii, kt\u00f3ra obecnie nie jest ju\u017c tak cz\u0119sto spotykana jak kiedy\u015b. W efekcie ko\u0144cowym proces ten jest swoistym treningiem interakcji z lud\u017ami, dzi\u0119ki kt\u00f3rym b\u0119dziemy lepiej przygotowani do \u017cycia, wsp\u00f3\u0142pracy z innymi, a tak\u017ce \u0142atwiej nam b\u0119dzie wchodzi\u0107 w jakiekolwiek relacje.<\/p>\n\n\n\n<p>\u2022 Raymond A. Mar przeprowadzi\u0142 na ten temat specjalistyczne badania, kt\u00f3re mia\u0142y stwierdzi\u0107, \u017ce mole ksi\u0105\u017ckowe to wycofane ze spo\u0142ecze\u0144stwa jednostki. Ku jemu zaskoczeniu rezultaty by\u0142y zgo\u0142a inne, a podsumowanie by\u0142o jednoznaczne: czytanie podnosi umiej\u0119tno\u015bci spo\u0142eczne. Inne badania natomiast pokaza\u0142y, \u017ce ludzie, kt\u00f3rzy ch\u0119tniej si\u0119gaj\u0105 po beletrystyk\u0119 s\u0105 w stanie lepiej odgadn\u0105\u0107 stan emocjonalny drugiego cz\u0142owieka, a ponadto precyzyjniej interpretuj\u0105 wysy\u0142ane przez niego wskaz\u00f3wki spo\u0142eczne. Co ciekawe szacuje si\u0119, \u017ce takie osoby stosunkowo rzadziej s\u0105 samotne, gdy\u017c cz\u0119\u015bciej wchodz\u0105 w bli\u017csze relacje z innymi i s\u0105 w stanie je podtrzyma\u0107.<\/p>\n\n\n\n<p>\u2022 Opr\u00f3cz dobrze rozwini\u0119tych kompetencji spo\u0142ecznych czytelnik mo\u017ce zmieni\u0107 tak naprawd\u0119 w\u0142asne Ja. Bohaterowie literaccy prze\u017cywaj\u0105cy w lekturze jakie\u015b uczucia, mog\u0105 tak silnie oddzia\u0142ywa\u0107 na cz\u0142owieka, \u017ce dokonaj\u0105 si\u0119 zmiany w jego osobowo\u015bci. Si\u0119gaj\u0105c cz\u0119\u015bciej po literatur\u0119 pi\u0119kn\u0105 mo\u017cemy sta\u0107 si\u0119 bowiem bardziej wra\u017cliwi i otwarci na innych. Cho\u0107 pierwotnie beletrystyka mia\u0142a s\u0142u\u017cy\u0107 jedynie rozrywce, okazuje si\u0119, \u017ce jest warta du\u017co wi\u0119cej. Zg\u0142\u0119bianie si\u0119 w opowie\u015b\u0107 anga\u017cuje bowiem te same procesy umys\u0142owe, kt\u00f3re zachodz\u0105 w naszych umys\u0142ach podczas realnych kontakt\u00f3w.<\/p>\n\n\n\n<p><strong>SK\u0104D MNIEJSZE ZAINTERESOWANIE KSI\u0104\u017bKAMI?<\/strong><\/p>\n\n\n\n<p>\u2022 Moim zdaniem mniejsze zainteresowanie ksi\u0105\u017ckami wynika z rewolucji cyfrowej, kt\u00f3ra dotkn\u0119\u0142a mi\u0119dzy innymi t\u0119 kategori\u0119. Ludzie w dzisiejszym \u015bwiecie lubi\u0105 wygod\u0119, wol\u0105 po\u0142o\u017cy\u0107 si\u0119 przed telewizorem i obejrze\u0107 sw\u00f3j ulubiony program, film czy serial. Wol\u0105 r\u00f3wnie\u017c sp\u0119dzi\u0107 czas na przegl\u0105danie social medi\u00f3w m. in.&nbsp; Facebook czy Instagram.<\/p>\n\n\n\n<p>\u2022 Drugim przyk\u0142adem mniejszego zainteresowania ksi\u0105\u017ckami s\u0105 lektury szkolne, kt\u00f3re s\u0105 pisane niezrozumia\u0142ym dla wsp\u00f3\u0142czesnej m\u0142odzie\u017cy j\u0119zykiem, epatuj\u0105 r\u00f3wnie\u017c ogromn\u0105 nud\u0105 przez samo zmuszanie uczni\u00f3w do czytania, omawiania. Ka\u017cd\u0105 ksi\u0105\u017ck\u0119 przeczytan\u0105 \u201eprywatnie\u201d uwa\u017cam za bardziej czyteln\u0105, a przede wszystkim opisuj\u0105c\u0105 ciekawsze rzeczy. Czytaj\u0105c ksi\u0105\u017cki sam dla siebie mam mo\u017cliwo\u015b\u0107 doboru jej wed\u0142ug w\u0142asnego gustu czy tematyki, kt\u00f3ra mnie fascynuje. Ksi\u0105\u017cki mog\u0105 kojarzy\u0107 si\u0119 r\u00f3wnie\u017c z podr\u0119cznikami przedmiotowymi, kt\u00f3re jak dobrze wiemy wi\u0119kszo\u015b\u0107 uczni\u00f3w nie czyta z tak\u0105 ciekawo\u015bci\u0105 jak na przyk\u0142ad post swojego idola na Facebook\u2019u czy film ze swoim ulubionym aktorem.<\/p>\n\n\n\n<figure class=\"wp-block-image size-full\"><img data-recalc-dims=\"1\" loading=\"lazy\" decoding=\"async\" width=\"800\" height=\"445\" src=\"https:\/\/i0.wp.com\/notabene.world\/nb\/wp-content\/uploads\/2022\/07\/sonda-cz-k.jpg?resize=800%2C445&#038;ssl=1\" alt=\"\" class=\"wp-image-6731\" srcset=\"https:\/\/i0.wp.com\/notabene.world\/nb\/wp-content\/uploads\/2022\/07\/sonda-cz-k.jpg?w=800&amp;ssl=1 800w, https:\/\/i0.wp.com\/notabene.world\/nb\/wp-content\/uploads\/2022\/07\/sonda-cz-k.jpg?resize=300%2C167&amp;ssl=1 300w, https:\/\/i0.wp.com\/notabene.world\/nb\/wp-content\/uploads\/2022\/07\/sonda-cz-k.jpg?resize=768%2C427&amp;ssl=1 768w\" sizes=\"auto, (max-width: 800px) 100vw, 800px\" \/><\/figure>\n","protected":false},"excerpt":{"rendered":"<p>Z roku na rok mo\u017cemy zaobserwowa\u0107 s\u0142abn\u0105ce zainteresowanie ludzi co do czytania ksi\u0105\u017cek. Wed\u0142ug bada\u0144 przeprowadzonych w 2012 roku a\u017c 34% Polak\u00f3w z wykszta\u0142ceniem wy\u017cszym nie si\u0119gn\u0119\u0142o w przeci\u0105gu ostatniego roku chocia\u017cby po jedn\u0105 ksi\u0105\u017ck\u0119. Wyniki te s\u0105 szczeg\u00f3lnie przykre, je\u017celi dowiemy si\u0119 o nowo odkrytych korzy\u015bciach p\u0142yn\u0105cych z czytania.<\/p>\n<p>Badania pokazuj\u0105, \u017ce zag\u0142\u0119bianie si\u0119 w literatur\u0119 wcale nie jest pr\u00f3b\u0105 ucieczki od \u015bwiata realnego, a wr\u0119cz przeciwnie. Lektura mo\u017ce nam pom\u00f3c zrozumie\u0107 mechanizm post\u0119powania innych, a tak\u017ce rozwija nasze kompetencje spo\u0142eczne.<\/p>\n","protected":false},"author":44,"featured_media":6730,"comment_status":"closed","ping_status":"closed","sticky":false,"template":"","format":"standard","meta":{"colormag_page_container_layout":"default_layout","colormag_page_sidebar_layout":"default_layout","_jetpack_memberships_contains_paid_content":false,"footnotes":"","_links_to":"","_links_to_target":""},"categories":[64,42,12],"tags":[],"class_list":["post-6729","post","type-post","status-publish","format-standard","has-post-thumbnail","hentry","category-aktualnosci","category-felietony","category-spoleczenstwo"],"yoast_head":"<!-- This site is optimized with the Yoast SEO plugin v27.4 - https:\/\/yoast.com\/product\/yoast-seo-wordpress\/ -->\n<title>Warto\u015b\u0107 ksi\u0105\u017cki. Dlaczego czytamy coraz mniej? - NOTABENE.WORLD<\/title>\n<meta name=\"robots\" content=\"index, follow, max-snippet:-1, max-image-preview:large, max-video-preview:-1\" \/>\n<link rel=\"canonical\" href=\"https:\/\/notabene.world\/nb\/wartosc-ksiazki-dlaczego-czytamy-coraz-mniej\/\" \/>\n<meta property=\"og:locale\" content=\"pl_PL\" \/>\n<meta property=\"og:type\" content=\"article\" \/>\n<meta property=\"og:title\" content=\"Warto\u015b\u0107 ksi\u0105\u017cki. Dlaczego czytamy coraz mniej? - NOTABENE.WORLD\" \/>\n<meta property=\"og:description\" content=\"Z roku na rok mo\u017cemy zaobserwowa\u0107 s\u0142abn\u0105ce zainteresowanie ludzi co do czytania ksi\u0105\u017cek. Wed\u0142ug bada\u0144 przeprowadzonych w 2012 roku a\u017c 34% Polak\u00f3w z wykszta\u0142ceniem wy\u017cszym nie si\u0119gn\u0119\u0142o w przeci\u0105gu ostatniego roku chocia\u017cby po jedn\u0105 ksi\u0105\u017ck\u0119. Wyniki te s\u0105 szczeg\u00f3lnie przykre, je\u017celi dowiemy si\u0119 o nowo odkrytych korzy\u015bciach p\u0142yn\u0105cych z czytania. Badania pokazuj\u0105, \u017ce zag\u0142\u0119bianie si\u0119 w literatur\u0119 wcale nie jest pr\u00f3b\u0105 ucieczki od \u015bwiata realnego, a wr\u0119cz przeciwnie. Lektura mo\u017ce nam pom\u00f3c zrozumie\u0107 mechanizm post\u0119powania innych, a tak\u017ce rozwija nasze kompetencje spo\u0142eczne.\" \/>\n<meta property=\"og:url\" content=\"https:\/\/notabene.world\/nb\/wartosc-ksiazki-dlaczego-czytamy-coraz-mniej\/\" \/>\n<meta property=\"og:site_name\" content=\"NOTABENE.WORLD\" \/>\n<meta property=\"article:publisher\" content=\"https:\/\/www.facebook.com\/Notabene.World\" \/>\n<meta property=\"article:published_time\" content=\"2022-07-18T13:03:00+00:00\" \/>\n<meta property=\"article:modified_time\" content=\"2022-08-04T14:08:19+00:00\" \/>\n<meta property=\"og:image\" content=\"https:\/\/notabene.world\/nb\/wp-content\/uploads\/2022\/07\/ksia.jpg\" \/>\n\t<meta property=\"og:image:width\" content=\"800\" \/>\n\t<meta property=\"og:image:height\" content=\"445\" \/>\n\t<meta property=\"og:image:type\" content=\"image\/jpeg\" \/>\n<meta name=\"author\" content=\"Ernest Nosek\" \/>\n<meta name=\"twitter:card\" content=\"summary_large_image\" \/>\n<meta name=\"twitter:label1\" content=\"Napisane przez\" \/>\n\t<meta name=\"twitter:data1\" content=\"Ernest Nosek\" \/>\n\t<meta name=\"twitter:label2\" content=\"Szacowany czas czytania\" \/>\n\t<meta name=\"twitter:data2\" content=\"3 minuty\" \/>\n<script type=\"application\/ld+json\" class=\"yoast-schema-graph\">{\"@context\":\"https:\\\/\\\/schema.org\",\"@graph\":[{\"@type\":\"Article\",\"@id\":\"https:\\\/\\\/notabene.world\\\/nb\\\/wartosc-ksiazki-dlaczego-czytamy-coraz-mniej\\\/#article\",\"isPartOf\":{\"@id\":\"https:\\\/\\\/notabene.world\\\/nb\\\/wartosc-ksiazki-dlaczego-czytamy-coraz-mniej\\\/\"},\"author\":{\"name\":\"Ernest Nosek\",\"@id\":\"https:\\\/\\\/notabene.world\\\/nb\\\/#\\\/schema\\\/person\\\/d214a67a5abbae617bfc4971c0c423a6\"},\"headline\":\"Warto\u015b\u0107 ksi\u0105\u017cki. Dlaczego czytamy coraz mniej?\",\"datePublished\":\"2022-07-18T13:03:00+00:00\",\"dateModified\":\"2022-08-04T14:08:19+00:00\",\"mainEntityOfPage\":{\"@id\":\"https:\\\/\\\/notabene.world\\\/nb\\\/wartosc-ksiazki-dlaczego-czytamy-coraz-mniej\\\/\"},\"wordCount\":662,\"publisher\":{\"@id\":\"https:\\\/\\\/notabene.world\\\/nb\\\/#organization\"},\"image\":{\"@id\":\"https:\\\/\\\/notabene.world\\\/nb\\\/wartosc-ksiazki-dlaczego-czytamy-coraz-mniej\\\/#primaryimage\"},\"thumbnailUrl\":\"https:\\\/\\\/i0.wp.com\\\/notabene.world\\\/nb\\\/wp-content\\\/uploads\\\/2022\\\/07\\\/ksia.jpg?fit=800%2C445&ssl=1\",\"articleSection\":[\"Aktualno\u015bci\",\"Felietony\",\"Nasz \u015awiat\"],\"inLanguage\":\"pl-PL\"},{\"@type\":\"WebPage\",\"@id\":\"https:\\\/\\\/notabene.world\\\/nb\\\/wartosc-ksiazki-dlaczego-czytamy-coraz-mniej\\\/\",\"url\":\"https:\\\/\\\/notabene.world\\\/nb\\\/wartosc-ksiazki-dlaczego-czytamy-coraz-mniej\\\/\",\"name\":\"Warto\u015b\u0107 ksi\u0105\u017cki. Dlaczego czytamy coraz mniej? - NOTABENE.WORLD\",\"isPartOf\":{\"@id\":\"https:\\\/\\\/notabene.world\\\/nb\\\/#website\"},\"primaryImageOfPage\":{\"@id\":\"https:\\\/\\\/notabene.world\\\/nb\\\/wartosc-ksiazki-dlaczego-czytamy-coraz-mniej\\\/#primaryimage\"},\"image\":{\"@id\":\"https:\\\/\\\/notabene.world\\\/nb\\\/wartosc-ksiazki-dlaczego-czytamy-coraz-mniej\\\/#primaryimage\"},\"thumbnailUrl\":\"https:\\\/\\\/i0.wp.com\\\/notabene.world\\\/nb\\\/wp-content\\\/uploads\\\/2022\\\/07\\\/ksia.jpg?fit=800%2C445&ssl=1\",\"datePublished\":\"2022-07-18T13:03:00+00:00\",\"dateModified\":\"2022-08-04T14:08:19+00:00\",\"breadcrumb\":{\"@id\":\"https:\\\/\\\/notabene.world\\\/nb\\\/wartosc-ksiazki-dlaczego-czytamy-coraz-mniej\\\/#breadcrumb\"},\"inLanguage\":\"pl-PL\",\"potentialAction\":[{\"@type\":\"ReadAction\",\"target\":[\"https:\\\/\\\/notabene.world\\\/nb\\\/wartosc-ksiazki-dlaczego-czytamy-coraz-mniej\\\/\"]}]},{\"@type\":\"ImageObject\",\"inLanguage\":\"pl-PL\",\"@id\":\"https:\\\/\\\/notabene.world\\\/nb\\\/wartosc-ksiazki-dlaczego-czytamy-coraz-mniej\\\/#primaryimage\",\"url\":\"https:\\\/\\\/i0.wp.com\\\/notabene.world\\\/nb\\\/wp-content\\\/uploads\\\/2022\\\/07\\\/ksia.jpg?fit=800%2C445&ssl=1\",\"contentUrl\":\"https:\\\/\\\/i0.wp.com\\\/notabene.world\\\/nb\\\/wp-content\\\/uploads\\\/2022\\\/07\\\/ksia.jpg?fit=800%2C445&ssl=1\",\"width\":800,\"height\":445},{\"@type\":\"BreadcrumbList\",\"@id\":\"https:\\\/\\\/notabene.world\\\/nb\\\/wartosc-ksiazki-dlaczego-czytamy-coraz-mniej\\\/#breadcrumb\",\"itemListElement\":[{\"@type\":\"ListItem\",\"position\":1,\"name\":\"Home\",\"item\":\"https:\\\/\\\/notabene.world\\\/nb\\\/\"},{\"@type\":\"ListItem\",\"position\":2,\"name\":\"Warto\u015b\u0107 ksi\u0105\u017cki. Dlaczego czytamy coraz mniej?\"}]},{\"@type\":\"WebSite\",\"@id\":\"https:\\\/\\\/notabene.world\\\/nb\\\/#website\",\"url\":\"https:\\\/\\\/notabene.world\\\/nb\\\/\",\"name\":\"NOTABENE.WORLD\",\"description\":\"Przekaz. Warto\u015bci. Wsp\u00f3lnota.\",\"publisher\":{\"@id\":\"https:\\\/\\\/notabene.world\\\/nb\\\/#organization\"},\"potentialAction\":[{\"@type\":\"SearchAction\",\"target\":{\"@type\":\"EntryPoint\",\"urlTemplate\":\"https:\\\/\\\/notabene.world\\\/nb\\\/?s={search_term_string}\"},\"query-input\":{\"@type\":\"PropertyValueSpecification\",\"valueRequired\":true,\"valueName\":\"search_term_string\"}}],\"inLanguage\":\"pl-PL\"},{\"@type\":\"Organization\",\"@id\":\"https:\\\/\\\/notabene.world\\\/nb\\\/#organization\",\"name\":\"NOTABENE.WORLD\",\"url\":\"https:\\\/\\\/notabene.world\\\/nb\\\/\",\"logo\":{\"@type\":\"ImageObject\",\"inLanguage\":\"pl-PL\",\"@id\":\"https:\\\/\\\/notabene.world\\\/nb\\\/#\\\/schema\\\/logo\\\/image\\\/\",\"url\":\"https:\\\/\\\/notabene.world\\\/nb\\\/wp-content\\\/uploads\\\/2022\\\/01\\\/NB-club-start-www1.jpg\",\"contentUrl\":\"https:\\\/\\\/notabene.world\\\/nb\\\/wp-content\\\/uploads\\\/2022\\\/01\\\/NB-club-start-www1.jpg\",\"width\":1000,\"height\":839,\"caption\":\"NOTABENE.WORLD\"},\"image\":{\"@id\":\"https:\\\/\\\/notabene.world\\\/nb\\\/#\\\/schema\\\/logo\\\/image\\\/\"},\"sameAs\":[\"https:\\\/\\\/www.facebook.com\\\/Notabene.World\"]},{\"@type\":\"Person\",\"@id\":\"https:\\\/\\\/notabene.world\\\/nb\\\/#\\\/schema\\\/person\\\/d214a67a5abbae617bfc4971c0c423a6\",\"name\":\"Ernest Nosek\",\"image\":{\"@type\":\"ImageObject\",\"inLanguage\":\"pl-PL\",\"@id\":\"https:\\\/\\\/secure.gravatar.com\\\/avatar\\\/308478402b4224324235d2849bb6a828bfa570d170becca0361c2b5603e2516b?s=96&d=mm&r=g\",\"url\":\"https:\\\/\\\/secure.gravatar.com\\\/avatar\\\/308478402b4224324235d2849bb6a828bfa570d170becca0361c2b5603e2516b?s=96&d=mm&r=g\",\"contentUrl\":\"https:\\\/\\\/secure.gravatar.com\\\/avatar\\\/308478402b4224324235d2849bb6a828bfa570d170becca0361c2b5603e2516b?s=96&d=mm&r=g\",\"caption\":\"Ernest Nosek\"},\"url\":\"https:\\\/\\\/notabene.world\\\/nb\\\/author\\\/e-no\\\/\"}]}<\/script>\n<!-- \/ Yoast SEO plugin. -->","yoast_head_json":{"title":"Warto\u015b\u0107 ksi\u0105\u017cki. Dlaczego czytamy coraz mniej? - NOTABENE.WORLD","robots":{"index":"index","follow":"follow","max-snippet":"max-snippet:-1","max-image-preview":"max-image-preview:large","max-video-preview":"max-video-preview:-1"},"canonical":"https:\/\/notabene.world\/nb\/wartosc-ksiazki-dlaczego-czytamy-coraz-mniej\/","og_locale":"pl_PL","og_type":"article","og_title":"Warto\u015b\u0107 ksi\u0105\u017cki. Dlaczego czytamy coraz mniej? - NOTABENE.WORLD","og_description":"Z roku na rok mo\u017cemy zaobserwowa\u0107 s\u0142abn\u0105ce zainteresowanie ludzi co do czytania ksi\u0105\u017cek. Wed\u0142ug bada\u0144 przeprowadzonych w 2012 roku a\u017c 34% Polak\u00f3w z wykszta\u0142ceniem wy\u017cszym nie si\u0119gn\u0119\u0142o w przeci\u0105gu ostatniego roku chocia\u017cby po jedn\u0105 ksi\u0105\u017ck\u0119. Wyniki te s\u0105 szczeg\u00f3lnie przykre, je\u017celi dowiemy si\u0119 o nowo odkrytych korzy\u015bciach p\u0142yn\u0105cych z czytania. Badania pokazuj\u0105, \u017ce zag\u0142\u0119bianie si\u0119 w literatur\u0119 wcale nie jest pr\u00f3b\u0105 ucieczki od \u015bwiata realnego, a wr\u0119cz przeciwnie. Lektura mo\u017ce nam pom\u00f3c zrozumie\u0107 mechanizm post\u0119powania innych, a tak\u017ce rozwija nasze kompetencje spo\u0142eczne.","og_url":"https:\/\/notabene.world\/nb\/wartosc-ksiazki-dlaczego-czytamy-coraz-mniej\/","og_site_name":"NOTABENE.WORLD","article_publisher":"https:\/\/www.facebook.com\/Notabene.World","article_published_time":"2022-07-18T13:03:00+00:00","article_modified_time":"2022-08-04T14:08:19+00:00","og_image":[{"width":800,"height":445,"url":"https:\/\/notabene.world\/nb\/wp-content\/uploads\/2022\/07\/ksia.jpg","type":"image\/jpeg"}],"author":"Ernest Nosek","twitter_card":"summary_large_image","twitter_misc":{"Napisane przez":"Ernest Nosek","Szacowany czas czytania":"3 minuty"},"schema":{"@context":"https:\/\/schema.org","@graph":[{"@type":"Article","@id":"https:\/\/notabene.world\/nb\/wartosc-ksiazki-dlaczego-czytamy-coraz-mniej\/#article","isPartOf":{"@id":"https:\/\/notabene.world\/nb\/wartosc-ksiazki-dlaczego-czytamy-coraz-mniej\/"},"author":{"name":"Ernest Nosek","@id":"https:\/\/notabene.world\/nb\/#\/schema\/person\/d214a67a5abbae617bfc4971c0c423a6"},"headline":"Warto\u015b\u0107 ksi\u0105\u017cki. Dlaczego czytamy coraz mniej?","datePublished":"2022-07-18T13:03:00+00:00","dateModified":"2022-08-04T14:08:19+00:00","mainEntityOfPage":{"@id":"https:\/\/notabene.world\/nb\/wartosc-ksiazki-dlaczego-czytamy-coraz-mniej\/"},"wordCount":662,"publisher":{"@id":"https:\/\/notabene.world\/nb\/#organization"},"image":{"@id":"https:\/\/notabene.world\/nb\/wartosc-ksiazki-dlaczego-czytamy-coraz-mniej\/#primaryimage"},"thumbnailUrl":"https:\/\/i0.wp.com\/notabene.world\/nb\/wp-content\/uploads\/2022\/07\/ksia.jpg?fit=800%2C445&ssl=1","articleSection":["Aktualno\u015bci","Felietony","Nasz \u015awiat"],"inLanguage":"pl-PL"},{"@type":"WebPage","@id":"https:\/\/notabene.world\/nb\/wartosc-ksiazki-dlaczego-czytamy-coraz-mniej\/","url":"https:\/\/notabene.world\/nb\/wartosc-ksiazki-dlaczego-czytamy-coraz-mniej\/","name":"Warto\u015b\u0107 ksi\u0105\u017cki. Dlaczego czytamy coraz mniej? - NOTABENE.WORLD","isPartOf":{"@id":"https:\/\/notabene.world\/nb\/#website"},"primaryImageOfPage":{"@id":"https:\/\/notabene.world\/nb\/wartosc-ksiazki-dlaczego-czytamy-coraz-mniej\/#primaryimage"},"image":{"@id":"https:\/\/notabene.world\/nb\/wartosc-ksiazki-dlaczego-czytamy-coraz-mniej\/#primaryimage"},"thumbnailUrl":"https:\/\/i0.wp.com\/notabene.world\/nb\/wp-content\/uploads\/2022\/07\/ksia.jpg?fit=800%2C445&ssl=1","datePublished":"2022-07-18T13:03:00+00:00","dateModified":"2022-08-04T14:08:19+00:00","breadcrumb":{"@id":"https:\/\/notabene.world\/nb\/wartosc-ksiazki-dlaczego-czytamy-coraz-mniej\/#breadcrumb"},"inLanguage":"pl-PL","potentialAction":[{"@type":"ReadAction","target":["https:\/\/notabene.world\/nb\/wartosc-ksiazki-dlaczego-czytamy-coraz-mniej\/"]}]},{"@type":"ImageObject","inLanguage":"pl-PL","@id":"https:\/\/notabene.world\/nb\/wartosc-ksiazki-dlaczego-czytamy-coraz-mniej\/#primaryimage","url":"https:\/\/i0.wp.com\/notabene.world\/nb\/wp-content\/uploads\/2022\/07\/ksia.jpg?fit=800%2C445&ssl=1","contentUrl":"https:\/\/i0.wp.com\/notabene.world\/nb\/wp-content\/uploads\/2022\/07\/ksia.jpg?fit=800%2C445&ssl=1","width":800,"height":445},{"@type":"BreadcrumbList","@id":"https:\/\/notabene.world\/nb\/wartosc-ksiazki-dlaczego-czytamy-coraz-mniej\/#breadcrumb","itemListElement":[{"@type":"ListItem","position":1,"name":"Home","item":"https:\/\/notabene.world\/nb\/"},{"@type":"ListItem","position":2,"name":"Warto\u015b\u0107 ksi\u0105\u017cki. Dlaczego czytamy coraz mniej?"}]},{"@type":"WebSite","@id":"https:\/\/notabene.world\/nb\/#website","url":"https:\/\/notabene.world\/nb\/","name":"NOTABENE.WORLD","description":"Przekaz. Warto\u015bci. Wsp\u00f3lnota.","publisher":{"@id":"https:\/\/notabene.world\/nb\/#organization"},"potentialAction":[{"@type":"SearchAction","target":{"@type":"EntryPoint","urlTemplate":"https:\/\/notabene.world\/nb\/?s={search_term_string}"},"query-input":{"@type":"PropertyValueSpecification","valueRequired":true,"valueName":"search_term_string"}}],"inLanguage":"pl-PL"},{"@type":"Organization","@id":"https:\/\/notabene.world\/nb\/#organization","name":"NOTABENE.WORLD","url":"https:\/\/notabene.world\/nb\/","logo":{"@type":"ImageObject","inLanguage":"pl-PL","@id":"https:\/\/notabene.world\/nb\/#\/schema\/logo\/image\/","url":"https:\/\/notabene.world\/nb\/wp-content\/uploads\/2022\/01\/NB-club-start-www1.jpg","contentUrl":"https:\/\/notabene.world\/nb\/wp-content\/uploads\/2022\/01\/NB-club-start-www1.jpg","width":1000,"height":839,"caption":"NOTABENE.WORLD"},"image":{"@id":"https:\/\/notabene.world\/nb\/#\/schema\/logo\/image\/"},"sameAs":["https:\/\/www.facebook.com\/Notabene.World"]},{"@type":"Person","@id":"https:\/\/notabene.world\/nb\/#\/schema\/person\/d214a67a5abbae617bfc4971c0c423a6","name":"Ernest Nosek","image":{"@type":"ImageObject","inLanguage":"pl-PL","@id":"https:\/\/secure.gravatar.com\/avatar\/308478402b4224324235d2849bb6a828bfa570d170becca0361c2b5603e2516b?s=96&d=mm&r=g","url":"https:\/\/secure.gravatar.com\/avatar\/308478402b4224324235d2849bb6a828bfa570d170becca0361c2b5603e2516b?s=96&d=mm&r=g","contentUrl":"https:\/\/secure.gravatar.com\/avatar\/308478402b4224324235d2849bb6a828bfa570d170becca0361c2b5603e2516b?s=96&d=mm&r=g","caption":"Ernest Nosek"},"url":"https:\/\/notabene.world\/nb\/author\/e-no\/"}]}},"jetpack_featured_media_url":"https:\/\/i0.wp.com\/notabene.world\/nb\/wp-content\/uploads\/2022\/07\/ksia.jpg?fit=800%2C445&ssl=1","jetpack_sharing_enabled":true,"jetpack_shortlink":"https:\/\/wp.me\/pdCobN-1Kx","_links":{"self":[{"href":"https:\/\/notabene.world\/nb\/wp-json\/wp\/v2\/posts\/6729","targetHints":{"allow":["GET"]}}],"collection":[{"href":"https:\/\/notabene.world\/nb\/wp-json\/wp\/v2\/posts"}],"about":[{"href":"https:\/\/notabene.world\/nb\/wp-json\/wp\/v2\/types\/post"}],"author":[{"embeddable":true,"href":"https:\/\/notabene.world\/nb\/wp-json\/wp\/v2\/users\/44"}],"replies":[{"embeddable":true,"href":"https:\/\/notabene.world\/nb\/wp-json\/wp\/v2\/comments?post=6729"}],"version-history":[{"count":3,"href":"https:\/\/notabene.world\/nb\/wp-json\/wp\/v2\/posts\/6729\/revisions"}],"predecessor-version":[{"id":6753,"href":"https:\/\/notabene.world\/nb\/wp-json\/wp\/v2\/posts\/6729\/revisions\/6753"}],"wp:featuredmedia":[{"embeddable":true,"href":"https:\/\/notabene.world\/nb\/wp-json\/wp\/v2\/media\/6730"}],"wp:attachment":[{"href":"https:\/\/notabene.world\/nb\/wp-json\/wp\/v2\/media?parent=6729"}],"wp:term":[{"taxonomy":"category","embeddable":true,"href":"https:\/\/notabene.world\/nb\/wp-json\/wp\/v2\/categories?post=6729"},{"taxonomy":"post_tag","embeddable":true,"href":"https:\/\/notabene.world\/nb\/wp-json\/wp\/v2\/tags?post=6729"}],"curies":[{"name":"wp","href":"https:\/\/api.w.org\/{rel}","templated":true}]}}