{"id":6771,"date":"2022-07-24T05:15:00","date_gmt":"2022-07-24T03:15:00","guid":{"rendered":"https:\/\/notabene.world\/nb\/?p=6771"},"modified":"2022-08-04T16:08:05","modified_gmt":"2022-08-04T14:08:05","slug":"jak-dobrze-wstac-skoro-swit","status":"publish","type":"post","link":"https:\/\/notabene.world\/nb\/jak-dobrze-wstac-skoro-swit\/","title":{"rendered":"Romantyczne dylematy"},"content":{"rendered":"\n<p>Tego nie spodziewa\u0142 si\u0119 nikt. Dwusetna rocznica Romantyzmu Polskiego przypada oto w najmniej romantycznym w tym stuleciu roku 2022. Mo\u017cna w\u0142a\u015bciwie \u015bmia\u0142o powiedzie\u0107, \u017ce od siedmiu lat jeste\u015bmy w Polsce w epoce Sturm und Drang (burzy i naporu), no i wiadomo, czyja to wina&#8230; Jak mawia pseudo-klasyk, to oczywista oczywisto\u015b\u0107. Po czasach mikromanii, nasta\u0142a wreszcie dobra zmiana, czyli megalomania na wz\u00f3r turecki, no bo \u2013 wiadomo &#8211; Turcja to powa\u017cne pa\u0144stwo. Z wymarzonego Budapesztu nad Wis\u0142\u0105 celem naszym jest teraz Ankara nad Bosforem, a mo\u017ce Stambu\u0142 nad Dunajem? Bo wszystko wok\u00f3\u0142 musi by\u0107 po prostu \u201emega\u201d. Mamy ju\u017c nawet mega-inflacj\u0119. No nie m\u00f3wcie, \u017ce nie zauwa\u017cyli\u015bcie.<\/p>\n\n\n\n<p>\u015awiat nasz od dawna sta\u0142 si\u0119 jakby nietzschea\u0144ski. Sko\u0144czy\u0142y si\u0119 fakty, a ich miejsce zaj\u0119\u0142y interpretacje. I to s\u0105 w\u0142a\u015bnie te mega-niuanse w naszym codziennym mega-rodeo. Wed\u0142ug teorii kwantowej prawie wszystko i prawie wsz\u0119dzie mo\u017ce si\u0119 jednak zdarzy\u0107. W otaczaj\u0105cej nas wielowymiarowej hiperprzestrzeni wszystko p\u0142ynie przecie\u017c nieustannie, <em>panta rhei<\/em> <em>(\u03c0\u03ac\u03bd\u03c4\u03b1 \u1fe5\u03b5\u1fd6),<\/em> czyli jest teoretycznie raczej ma\u0142o prawdopodobne, by\u015bmy dwa razy wdepn\u0119li w to samo g&#8230; A je\u015bli tak, to nale\u017ca\u0142oby to uzna\u0107 za przeznaczenie: wielkiego pecha, tudzie\u017c wielkie szcz\u0119\u015bcie. Je\u015bli w istocie historia ko\u0142em si\u0119 toczy, to zdecydowanie diabelskim i w rytmie patataj-patataj. A jaki kraj, takie i jego patataj.<\/p>\n\n\n\n<p>Jak dobrze wsta\u0107 skoro \u015bwit. Nie waham si\u0119 stwierdzi\u0107, i\u017c to wielkie szcz\u0119\u015bcie spotka\u0142o mnie i dzi\u015b, gdy tu\u017c przed mym nosem, w\u015br\u00f3d porannej rosy i krz\u0105taniny przed\u015bniadaniowej z lekka skonsternowanych miejscowych restaurator\u00f3w, przez kielecki Rynek przemkn\u0119\u0142a znienacka na pe\u0142nym gazie szalona doro\u017cka. Pasa\u017cerowie dok\u0105d\u015b si\u0119 spieszyli, wo\u017anica strzela\u0142 z bata, a konie z obowi\u0105zkowymi klapkami na oczach r\u017ca\u0142y rado\u015bnie i sra\u0142y (wybaczcie) \u017ce a\u017c mi\u0142o. Ach, c\u00f3\u017c to by\u0142a za jazda! I c\u00f3\u017c to za kraj, gdzie tak pi\u0119knie pobrzmiewa pod kopytami patataj-patataj\u2026 Niespeszony, rozmarzony i zapatrzony w europejskie niebo oraz gwiazdy na nim z\u0142ote, na tle niebieskim a jak\u017ce, chwil\u0119 potem spostrzeg\u0142em ko\u0144skie \u0142ajno wdzi\u0119cznie przylepione do but\u00f3w mych swojskich, ale niestety ma\u0142o kowbojskich. Patataj-patataj, niez\u0142a bonanza, c\u00f3\u017c to za kraj! I c\u00f3\u017c to by\u0142 za ko\u0144, a mo\u017ce by tak szable w d\u0142o\u0144?<\/p>\n\n\n\n<p>Ko\u0144 jaki jest, ka\u017cdy widzi (i czuje), a mnie generalnie na sam widok konia ogarnia przedziwna monotonia. Chyba \u017ce by\u0142by to na przyk\u0142ad jaki\u015b bezpa\u0144ski ko\u0144 troja\u0144ski albo jeden z tych co w szyku husarii ratowa\u0142y przed Turkami Europ\u0119 pod Wiedniem: ko\u0144 hetma\u0144ski. Och, a gdyby tak jeszcze nasi hej-hej-u\u0142ani znowu na koniach przybyli pod okienko? Mo\u017ce jaka\u015b Kasztanka? Ach, znasz-li jaki\u015b inny kraj, gdzie bardziej nami\u0119tnie i romantycznie brzmi to nasze swojskie patataj-patataj-patataj. Najm\u0142odszym za\u015b obywatelom, w ramach wdra\u017cania ich w przesz\u0142o\u015b\u0107, tera\u017aniejszo\u015b\u0107 i przysz\u0142o\u015b\u0107 (patrz: nowy przedmiot \u201eHistoria i Tera\u017aniejszo\u015b\u0107\u201d) nale\u017ca\u0142oby modelowo podarowa\u0107 konika-na-biegunach plus. No tak \u2013 jaki kraj, takie i jego mega-patataj. Mega ballada i mega romans \u2013 s\u0142uchaj dzieweczko, a ona nie s\u0142ucha&#8230; Chyba g\u0142ucha. <\/p>\n\n\n\n<p>To mega-wieszcz Adam Mickiewicz namiesza\u0142 nam w g\u0142owach wydumanym podzia\u0142em na dwie Polski: Polsk\u0119 \u201emikroman\u00f3w\u201d \u2013 ludzi \u201erozs\u0105dnych\u201d, \u201eEuropejczyk\u00f3w\u201d, pragn\u0105cych by \u201eroztopi\u0142a si\u0119\u201d ona w Europie (czyli przesta\u0142a istnie\u0107) oraz \u2013 paradoksalnie \u2013 Polsk\u0119 romantycznych \u201emegaloman\u00f3w\u201d, \u201eszale\u0144c\u00f3w\u201d i \u201ebarbarzy\u0144c\u00f3w\u201d, kt\u00f3rzy \u201echc\u0105, by istnia\u0142a\u201d. Trzeba jednak przypomnie\u0107, \u017ce nasz cierpi\u0105cy za miliony wieszcz, pisa\u0142 o tym w wieku XIX, w czasach, gdy Polski nie by\u0142o na mapie Europy. To zatem mega-nonsens, by pogr\u0105\u017ca\u0107 si\u0119 w \u201eBalladach i romansach\u201d w oderwaniu od kontekstu historycznego, w kt\u00f3rym powsta\u0142y. No ale, jaki kraj, takie i jego patataj. Dwie\u015bcie lat min\u0119\u0142o, a u nas wszystko nadal takie romantyczne. Mega.<\/p>\n\n\n\n<p class=\"has-text-align-right\"><em>Kielce, Europa, 22.07.2022<\/em><\/p>\n","protected":false},"excerpt":{"rendered":"<p>To mega-wieszcz Adam Mickiewicz namiesza\u0142 nam w g\u0142owach wydumanym podzia\u0142em na dwie Polski: Polsk\u0119 \u201emikroman\u00f3w\u201d \u2013 ludzi \u201erozs\u0105dnych\u201d, \u201eEuropejczyk\u00f3w\u201d, pragn\u0105cych by \u201eroztopi\u0142a si\u0119\u201d ona w Europie (czyli przesta\u0142a istnie\u0107) oraz \u2013 paradoksalnie \u2013 Polsk\u0119 romantycznych \u201emegaloman\u00f3w\u201d, \u201eszale\u0144c\u00f3w\u201d i \u201ebarbarzy\u0144c\u00f3w\u201d, kt\u00f3rzy \u201echc\u0105, by istnia\u0142a\u201d. Trzeba jednak przypomnie\u0107, \u017ce nasz cierpi\u0105cy za miliony wieszcz, pisa\u0142 o tym w wieku XIX, w czasach, gdy Polski nie by\u0142o na mapie Europy. To zatem mega-nonsens, by pogr\u0105\u017ca\u0107 si\u0119 w \u201eBalladach i romansach\u201d w oderwaniu od kontekstu historycznego, w kt\u00f3rym powsta\u0142y. No ale, jaki kraj, takie i jego patataj. Dwie\u015bcie lat min\u0119\u0142o, a u nas wszystko nadal takie romantyczne. Mega.<\/p>\n","protected":false},"author":1,"featured_media":6772,"comment_status":"closed","ping_status":"closed","sticky":false,"template":"","format":"standard","meta":{"colormag_page_container_layout":"default_layout","colormag_page_sidebar_layout":"default_layout","_jetpack_memberships_contains_paid_content":false,"footnotes":"","_links_to":"","_links_to_target":""},"categories":[64,42,48],"tags":[],"class_list":["post-6771","post","type-post","status-publish","format-standard","has-post-thumbnail","hentry","category-aktualnosci","category-felietony","category-wiecej-swiatla"],"yoast_head":"<!-- This site is optimized with the Yoast SEO plugin v27.4 - https:\/\/yoast.com\/product\/yoast-seo-wordpress\/ -->\n<title>Romantyczne dylematy - NOTABENE.WORLD<\/title>\n<meta name=\"robots\" content=\"index, follow, max-snippet:-1, max-image-preview:large, max-video-preview:-1\" \/>\n<link rel=\"canonical\" href=\"https:\/\/notabene.world\/nb\/jak-dobrze-wstac-skoro-swit\/\" \/>\n<meta property=\"og:locale\" content=\"pl_PL\" \/>\n<meta property=\"og:type\" content=\"article\" \/>\n<meta property=\"og:title\" content=\"Romantyczne dylematy - NOTABENE.WORLD\" \/>\n<meta property=\"og:description\" content=\"To mega-wieszcz Adam Mickiewicz namiesza\u0142 nam w g\u0142owach wydumanym podzia\u0142em na dwie Polski: Polsk\u0119 \u201emikroman\u00f3w\u201d \u2013 ludzi \u201erozs\u0105dnych\u201d, \u201eEuropejczyk\u00f3w\u201d, pragn\u0105cych by \u201eroztopi\u0142a si\u0119\u201d ona w Europie (czyli przesta\u0142a istnie\u0107) oraz \u2013 paradoksalnie \u2013 Polsk\u0119 romantycznych \u201emegaloman\u00f3w\u201d, \u201eszale\u0144c\u00f3w\u201d i \u201ebarbarzy\u0144c\u00f3w\u201d, kt\u00f3rzy \u201echc\u0105, by istnia\u0142a\u201d. Trzeba jednak przypomnie\u0107, \u017ce nasz cierpi\u0105cy za miliony wieszcz, pisa\u0142 o tym w wieku XIX, w czasach, gdy Polski nie by\u0142o na mapie Europy. To zatem mega-nonsens, by pogr\u0105\u017ca\u0107 si\u0119 w \u201eBalladach i romansach\u201d w oderwaniu od kontekstu historycznego, w kt\u00f3rym powsta\u0142y. No ale, jaki kraj, takie i jego patataj. Dwie\u015bcie lat min\u0119\u0142o, a u nas wszystko nadal takie romantyczne. Mega.\" \/>\n<meta property=\"og:url\" content=\"https:\/\/notabene.world\/nb\/jak-dobrze-wstac-skoro-swit\/\" \/>\n<meta property=\"og:site_name\" content=\"NOTABENE.WORLD\" \/>\n<meta property=\"article:publisher\" content=\"https:\/\/www.facebook.com\/Notabene.World\" \/>\n<meta property=\"article:published_time\" content=\"2022-07-24T03:15:00+00:00\" \/>\n<meta property=\"article:modified_time\" content=\"2022-08-04T14:08:05+00:00\" \/>\n<meta property=\"og:image\" content=\"https:\/\/notabene.world\/nb\/wp-content\/uploads\/2022\/07\/am.jpg\" \/>\n\t<meta property=\"og:image:width\" content=\"800\" \/>\n\t<meta property=\"og:image:height\" content=\"445\" \/>\n\t<meta property=\"og:image:type\" content=\"image\/jpeg\" \/>\n<meta name=\"author\" content=\"C vel K\" \/>\n<meta name=\"twitter:card\" content=\"summary_large_image\" \/>\n<meta name=\"twitter:label1\" content=\"Napisane przez\" \/>\n\t<meta name=\"twitter:data1\" content=\"C vel K\" \/>\n\t<meta name=\"twitter:label2\" content=\"Szacowany czas czytania\" \/>\n\t<meta name=\"twitter:data2\" content=\"3 minuty\" \/>\n<script type=\"application\/ld+json\" class=\"yoast-schema-graph\">{\"@context\":\"https:\\\/\\\/schema.org\",\"@graph\":[{\"@type\":\"Article\",\"@id\":\"https:\\\/\\\/notabene.world\\\/nb\\\/jak-dobrze-wstac-skoro-swit\\\/#article\",\"isPartOf\":{\"@id\":\"https:\\\/\\\/notabene.world\\\/nb\\\/jak-dobrze-wstac-skoro-swit\\\/\"},\"author\":{\"name\":\"C vel K\",\"@id\":\"https:\\\/\\\/notabene.world\\\/nb\\\/#\\\/schema\\\/person\\\/2227ed509f9261e544f6078919e1981d\"},\"headline\":\"Romantyczne dylematy\",\"datePublished\":\"2022-07-24T03:15:00+00:00\",\"dateModified\":\"2022-08-04T14:08:05+00:00\",\"mainEntityOfPage\":{\"@id\":\"https:\\\/\\\/notabene.world\\\/nb\\\/jak-dobrze-wstac-skoro-swit\\\/\"},\"wordCount\":668,\"publisher\":{\"@id\":\"https:\\\/\\\/notabene.world\\\/nb\\\/#organization\"},\"image\":{\"@id\":\"https:\\\/\\\/notabene.world\\\/nb\\\/jak-dobrze-wstac-skoro-swit\\\/#primaryimage\"},\"thumbnailUrl\":\"https:\\\/\\\/i0.wp.com\\\/notabene.world\\\/nb\\\/wp-content\\\/uploads\\\/2022\\\/07\\\/am.jpg?fit=800%2C445&ssl=1\",\"articleSection\":[\"Aktualno\u015bci\",\"Felietony\",\"WI\u0118CEJ \u015aWIAT(\u0141)A\"],\"inLanguage\":\"pl-PL\"},{\"@type\":\"WebPage\",\"@id\":\"https:\\\/\\\/notabene.world\\\/nb\\\/jak-dobrze-wstac-skoro-swit\\\/\",\"url\":\"https:\\\/\\\/notabene.world\\\/nb\\\/jak-dobrze-wstac-skoro-swit\\\/\",\"name\":\"Romantyczne dylematy - NOTABENE.WORLD\",\"isPartOf\":{\"@id\":\"https:\\\/\\\/notabene.world\\\/nb\\\/#website\"},\"primaryImageOfPage\":{\"@id\":\"https:\\\/\\\/notabene.world\\\/nb\\\/jak-dobrze-wstac-skoro-swit\\\/#primaryimage\"},\"image\":{\"@id\":\"https:\\\/\\\/notabene.world\\\/nb\\\/jak-dobrze-wstac-skoro-swit\\\/#primaryimage\"},\"thumbnailUrl\":\"https:\\\/\\\/i0.wp.com\\\/notabene.world\\\/nb\\\/wp-content\\\/uploads\\\/2022\\\/07\\\/am.jpg?fit=800%2C445&ssl=1\",\"datePublished\":\"2022-07-24T03:15:00+00:00\",\"dateModified\":\"2022-08-04T14:08:05+00:00\",\"breadcrumb\":{\"@id\":\"https:\\\/\\\/notabene.world\\\/nb\\\/jak-dobrze-wstac-skoro-swit\\\/#breadcrumb\"},\"inLanguage\":\"pl-PL\",\"potentialAction\":[{\"@type\":\"ReadAction\",\"target\":[\"https:\\\/\\\/notabene.world\\\/nb\\\/jak-dobrze-wstac-skoro-swit\\\/\"]}]},{\"@type\":\"ImageObject\",\"inLanguage\":\"pl-PL\",\"@id\":\"https:\\\/\\\/notabene.world\\\/nb\\\/jak-dobrze-wstac-skoro-swit\\\/#primaryimage\",\"url\":\"https:\\\/\\\/i0.wp.com\\\/notabene.world\\\/nb\\\/wp-content\\\/uploads\\\/2022\\\/07\\\/am.jpg?fit=800%2C445&ssl=1\",\"contentUrl\":\"https:\\\/\\\/i0.wp.com\\\/notabene.world\\\/nb\\\/wp-content\\\/uploads\\\/2022\\\/07\\\/am.jpg?fit=800%2C445&ssl=1\",\"width\":800,\"height\":445},{\"@type\":\"BreadcrumbList\",\"@id\":\"https:\\\/\\\/notabene.world\\\/nb\\\/jak-dobrze-wstac-skoro-swit\\\/#breadcrumb\",\"itemListElement\":[{\"@type\":\"ListItem\",\"position\":1,\"name\":\"Home\",\"item\":\"https:\\\/\\\/notabene.world\\\/nb\\\/\"},{\"@type\":\"ListItem\",\"position\":2,\"name\":\"Romantyczne dylematy\"}]},{\"@type\":\"WebSite\",\"@id\":\"https:\\\/\\\/notabene.world\\\/nb\\\/#website\",\"url\":\"https:\\\/\\\/notabene.world\\\/nb\\\/\",\"name\":\"NOTABENE.WORLD\",\"description\":\"Przekaz. Warto\u015bci. Wsp\u00f3lnota.\",\"publisher\":{\"@id\":\"https:\\\/\\\/notabene.world\\\/nb\\\/#organization\"},\"potentialAction\":[{\"@type\":\"SearchAction\",\"target\":{\"@type\":\"EntryPoint\",\"urlTemplate\":\"https:\\\/\\\/notabene.world\\\/nb\\\/?s={search_term_string}\"},\"query-input\":{\"@type\":\"PropertyValueSpecification\",\"valueRequired\":true,\"valueName\":\"search_term_string\"}}],\"inLanguage\":\"pl-PL\"},{\"@type\":\"Organization\",\"@id\":\"https:\\\/\\\/notabene.world\\\/nb\\\/#organization\",\"name\":\"NOTABENE.WORLD\",\"url\":\"https:\\\/\\\/notabene.world\\\/nb\\\/\",\"logo\":{\"@type\":\"ImageObject\",\"inLanguage\":\"pl-PL\",\"@id\":\"https:\\\/\\\/notabene.world\\\/nb\\\/#\\\/schema\\\/logo\\\/image\\\/\",\"url\":\"https:\\\/\\\/notabene.world\\\/nb\\\/wp-content\\\/uploads\\\/2022\\\/01\\\/NB-club-start-www1.jpg\",\"contentUrl\":\"https:\\\/\\\/notabene.world\\\/nb\\\/wp-content\\\/uploads\\\/2022\\\/01\\\/NB-club-start-www1.jpg\",\"width\":1000,\"height\":839,\"caption\":\"NOTABENE.WORLD\"},\"image\":{\"@id\":\"https:\\\/\\\/notabene.world\\\/nb\\\/#\\\/schema\\\/logo\\\/image\\\/\"},\"sameAs\":[\"https:\\\/\\\/www.facebook.com\\\/Notabene.World\"]},{\"@type\":\"Person\",\"@id\":\"https:\\\/\\\/notabene.world\\\/nb\\\/#\\\/schema\\\/person\\\/2227ed509f9261e544f6078919e1981d\",\"name\":\"C vel K\",\"image\":{\"@type\":\"ImageObject\",\"inLanguage\":\"pl-PL\",\"@id\":\"https:\\\/\\\/secure.gravatar.com\\\/avatar\\\/da4181237ddf77c667487dd66af5231faaf45fbcb0774d7a408f868da56bf04c?s=96&d=mm&r=g\",\"url\":\"https:\\\/\\\/secure.gravatar.com\\\/avatar\\\/da4181237ddf77c667487dd66af5231faaf45fbcb0774d7a408f868da56bf04c?s=96&d=mm&r=g\",\"contentUrl\":\"https:\\\/\\\/secure.gravatar.com\\\/avatar\\\/da4181237ddf77c667487dd66af5231faaf45fbcb0774d7a408f868da56bf04c?s=96&d=mm&r=g\",\"caption\":\"C vel K\"},\"url\":\"https:\\\/\\\/notabene.world\\\/nb\\\/author\\\/kcedro\\\/\"}]}<\/script>\n<!-- \/ Yoast SEO plugin. -->","yoast_head_json":{"title":"Romantyczne dylematy - NOTABENE.WORLD","robots":{"index":"index","follow":"follow","max-snippet":"max-snippet:-1","max-image-preview":"max-image-preview:large","max-video-preview":"max-video-preview:-1"},"canonical":"https:\/\/notabene.world\/nb\/jak-dobrze-wstac-skoro-swit\/","og_locale":"pl_PL","og_type":"article","og_title":"Romantyczne dylematy - NOTABENE.WORLD","og_description":"To mega-wieszcz Adam Mickiewicz namiesza\u0142 nam w g\u0142owach wydumanym podzia\u0142em na dwie Polski: Polsk\u0119 \u201emikroman\u00f3w\u201d \u2013 ludzi \u201erozs\u0105dnych\u201d, \u201eEuropejczyk\u00f3w\u201d, pragn\u0105cych by \u201eroztopi\u0142a si\u0119\u201d ona w Europie (czyli przesta\u0142a istnie\u0107) oraz \u2013 paradoksalnie \u2013 Polsk\u0119 romantycznych \u201emegaloman\u00f3w\u201d, \u201eszale\u0144c\u00f3w\u201d i \u201ebarbarzy\u0144c\u00f3w\u201d, kt\u00f3rzy \u201echc\u0105, by istnia\u0142a\u201d. Trzeba jednak przypomnie\u0107, \u017ce nasz cierpi\u0105cy za miliony wieszcz, pisa\u0142 o tym w wieku XIX, w czasach, gdy Polski nie by\u0142o na mapie Europy. To zatem mega-nonsens, by pogr\u0105\u017ca\u0107 si\u0119 w \u201eBalladach i romansach\u201d w oderwaniu od kontekstu historycznego, w kt\u00f3rym powsta\u0142y. No ale, jaki kraj, takie i jego patataj. Dwie\u015bcie lat min\u0119\u0142o, a u nas wszystko nadal takie romantyczne. Mega.","og_url":"https:\/\/notabene.world\/nb\/jak-dobrze-wstac-skoro-swit\/","og_site_name":"NOTABENE.WORLD","article_publisher":"https:\/\/www.facebook.com\/Notabene.World","article_published_time":"2022-07-24T03:15:00+00:00","article_modified_time":"2022-08-04T14:08:05+00:00","og_image":[{"width":800,"height":445,"url":"https:\/\/notabene.world\/nb\/wp-content\/uploads\/2022\/07\/am.jpg","type":"image\/jpeg"}],"author":"C vel K","twitter_card":"summary_large_image","twitter_misc":{"Napisane przez":"C vel K","Szacowany czas czytania":"3 minuty"},"schema":{"@context":"https:\/\/schema.org","@graph":[{"@type":"Article","@id":"https:\/\/notabene.world\/nb\/jak-dobrze-wstac-skoro-swit\/#article","isPartOf":{"@id":"https:\/\/notabene.world\/nb\/jak-dobrze-wstac-skoro-swit\/"},"author":{"name":"C vel K","@id":"https:\/\/notabene.world\/nb\/#\/schema\/person\/2227ed509f9261e544f6078919e1981d"},"headline":"Romantyczne dylematy","datePublished":"2022-07-24T03:15:00+00:00","dateModified":"2022-08-04T14:08:05+00:00","mainEntityOfPage":{"@id":"https:\/\/notabene.world\/nb\/jak-dobrze-wstac-skoro-swit\/"},"wordCount":668,"publisher":{"@id":"https:\/\/notabene.world\/nb\/#organization"},"image":{"@id":"https:\/\/notabene.world\/nb\/jak-dobrze-wstac-skoro-swit\/#primaryimage"},"thumbnailUrl":"https:\/\/i0.wp.com\/notabene.world\/nb\/wp-content\/uploads\/2022\/07\/am.jpg?fit=800%2C445&ssl=1","articleSection":["Aktualno\u015bci","Felietony","WI\u0118CEJ \u015aWIAT(\u0141)A"],"inLanguage":"pl-PL"},{"@type":"WebPage","@id":"https:\/\/notabene.world\/nb\/jak-dobrze-wstac-skoro-swit\/","url":"https:\/\/notabene.world\/nb\/jak-dobrze-wstac-skoro-swit\/","name":"Romantyczne dylematy - NOTABENE.WORLD","isPartOf":{"@id":"https:\/\/notabene.world\/nb\/#website"},"primaryImageOfPage":{"@id":"https:\/\/notabene.world\/nb\/jak-dobrze-wstac-skoro-swit\/#primaryimage"},"image":{"@id":"https:\/\/notabene.world\/nb\/jak-dobrze-wstac-skoro-swit\/#primaryimage"},"thumbnailUrl":"https:\/\/i0.wp.com\/notabene.world\/nb\/wp-content\/uploads\/2022\/07\/am.jpg?fit=800%2C445&ssl=1","datePublished":"2022-07-24T03:15:00+00:00","dateModified":"2022-08-04T14:08:05+00:00","breadcrumb":{"@id":"https:\/\/notabene.world\/nb\/jak-dobrze-wstac-skoro-swit\/#breadcrumb"},"inLanguage":"pl-PL","potentialAction":[{"@type":"ReadAction","target":["https:\/\/notabene.world\/nb\/jak-dobrze-wstac-skoro-swit\/"]}]},{"@type":"ImageObject","inLanguage":"pl-PL","@id":"https:\/\/notabene.world\/nb\/jak-dobrze-wstac-skoro-swit\/#primaryimage","url":"https:\/\/i0.wp.com\/notabene.world\/nb\/wp-content\/uploads\/2022\/07\/am.jpg?fit=800%2C445&ssl=1","contentUrl":"https:\/\/i0.wp.com\/notabene.world\/nb\/wp-content\/uploads\/2022\/07\/am.jpg?fit=800%2C445&ssl=1","width":800,"height":445},{"@type":"BreadcrumbList","@id":"https:\/\/notabene.world\/nb\/jak-dobrze-wstac-skoro-swit\/#breadcrumb","itemListElement":[{"@type":"ListItem","position":1,"name":"Home","item":"https:\/\/notabene.world\/nb\/"},{"@type":"ListItem","position":2,"name":"Romantyczne dylematy"}]},{"@type":"WebSite","@id":"https:\/\/notabene.world\/nb\/#website","url":"https:\/\/notabene.world\/nb\/","name":"NOTABENE.WORLD","description":"Przekaz. Warto\u015bci. Wsp\u00f3lnota.","publisher":{"@id":"https:\/\/notabene.world\/nb\/#organization"},"potentialAction":[{"@type":"SearchAction","target":{"@type":"EntryPoint","urlTemplate":"https:\/\/notabene.world\/nb\/?s={search_term_string}"},"query-input":{"@type":"PropertyValueSpecification","valueRequired":true,"valueName":"search_term_string"}}],"inLanguage":"pl-PL"},{"@type":"Organization","@id":"https:\/\/notabene.world\/nb\/#organization","name":"NOTABENE.WORLD","url":"https:\/\/notabene.world\/nb\/","logo":{"@type":"ImageObject","inLanguage":"pl-PL","@id":"https:\/\/notabene.world\/nb\/#\/schema\/logo\/image\/","url":"https:\/\/notabene.world\/nb\/wp-content\/uploads\/2022\/01\/NB-club-start-www1.jpg","contentUrl":"https:\/\/notabene.world\/nb\/wp-content\/uploads\/2022\/01\/NB-club-start-www1.jpg","width":1000,"height":839,"caption":"NOTABENE.WORLD"},"image":{"@id":"https:\/\/notabene.world\/nb\/#\/schema\/logo\/image\/"},"sameAs":["https:\/\/www.facebook.com\/Notabene.World"]},{"@type":"Person","@id":"https:\/\/notabene.world\/nb\/#\/schema\/person\/2227ed509f9261e544f6078919e1981d","name":"C vel K","image":{"@type":"ImageObject","inLanguage":"pl-PL","@id":"https:\/\/secure.gravatar.com\/avatar\/da4181237ddf77c667487dd66af5231faaf45fbcb0774d7a408f868da56bf04c?s=96&d=mm&r=g","url":"https:\/\/secure.gravatar.com\/avatar\/da4181237ddf77c667487dd66af5231faaf45fbcb0774d7a408f868da56bf04c?s=96&d=mm&r=g","contentUrl":"https:\/\/secure.gravatar.com\/avatar\/da4181237ddf77c667487dd66af5231faaf45fbcb0774d7a408f868da56bf04c?s=96&d=mm&r=g","caption":"C vel K"},"url":"https:\/\/notabene.world\/nb\/author\/kcedro\/"}]}},"jetpack_featured_media_url":"https:\/\/i0.wp.com\/notabene.world\/nb\/wp-content\/uploads\/2022\/07\/am.jpg?fit=800%2C445&ssl=1","jetpack_sharing_enabled":true,"jetpack_shortlink":"https:\/\/wp.me\/pdCobN-1Ld","_links":{"self":[{"href":"https:\/\/notabene.world\/nb\/wp-json\/wp\/v2\/posts\/6771","targetHints":{"allow":["GET"]}}],"collection":[{"href":"https:\/\/notabene.world\/nb\/wp-json\/wp\/v2\/posts"}],"about":[{"href":"https:\/\/notabene.world\/nb\/wp-json\/wp\/v2\/types\/post"}],"author":[{"embeddable":true,"href":"https:\/\/notabene.world\/nb\/wp-json\/wp\/v2\/users\/1"}],"replies":[{"embeddable":true,"href":"https:\/\/notabene.world\/nb\/wp-json\/wp\/v2\/comments?post=6771"}],"version-history":[{"count":5,"href":"https:\/\/notabene.world\/nb\/wp-json\/wp\/v2\/posts\/6771\/revisions"}],"predecessor-version":[{"id":6783,"href":"https:\/\/notabene.world\/nb\/wp-json\/wp\/v2\/posts\/6771\/revisions\/6783"}],"wp:featuredmedia":[{"embeddable":true,"href":"https:\/\/notabene.world\/nb\/wp-json\/wp\/v2\/media\/6772"}],"wp:attachment":[{"href":"https:\/\/notabene.world\/nb\/wp-json\/wp\/v2\/media?parent=6771"}],"wp:term":[{"taxonomy":"category","embeddable":true,"href":"https:\/\/notabene.world\/nb\/wp-json\/wp\/v2\/categories?post=6771"},{"taxonomy":"post_tag","embeddable":true,"href":"https:\/\/notabene.world\/nb\/wp-json\/wp\/v2\/tags?post=6771"}],"curies":[{"name":"wp","href":"https:\/\/api.w.org\/{rel}","templated":true}]}}