{"id":6805,"date":"2026-04-26T18:28:59","date_gmt":"2026-04-26T18:28:59","guid":{"rendered":"https:\/\/notabene.world\/nb\/?p=6805"},"modified":"2026-04-26T19:03:44","modified_gmt":"2026-04-26T19:03:44","slug":"swietokrzyska-donkiszoteria","status":"publish","type":"post","link":"https:\/\/notabene.world\/nb\/swietokrzyska-donkiszoteria\/","title":{"rendered":"\u015awi\u0119tokrzyska donkiszoteria"},"content":{"rendered":"\n<p class=\"has-text-align-right\"><em>Walczcie z wiatrakami. W\u0105chajcie kwiaty, zbierajcie krzemienie i czytajcie, a b\u0119dzie Wam dane<\/em><\/p>\n\n\n\n<p>W drodze do <a href=\"https:\/\/muzeumostrowiec.pl\/krzemionki\/\" target=\"_blank\" rel=\"noopener\">Krzemionek<\/a> tym razem zatrzyma\u0142em si\u0119 przy wiatraku w Szwarszowicach w gminie Bodzech\u00f3w. Jest on co prawda \u201eholenderski\u201d, ale mnie i tak ka\u017cdy napotkany wiatrak kojarzy si\u0119 natychmiast z hiszpa\u0144sk\u0105 La Manch\u0105, czyli Don Kichotem, Sancho Pans\u0105 i przede wszystkim Dulcyne\u0105. Dulcynea nie lubi kwiat\u00f3w, no &#8222;bo one szybko schn\u0105\u201d, za to na pewno uwielbia\u0142aby \u201ekamie\u0144 z wielkim LOVE\u201d. Znacie przecie\u017c t\u0119 piosenk\u0119 polsko-ukrai\u0144skiej grupy Enej. Czy\u017cby oni \u015bpiewali o krzemieniu pasiastym?<\/p>\n\n\n\n<p>Zbli\u017ca si\u0119 maj i pierwszy d\u0142ugi weekend tej wiosny. Czas zatem na relaks, odrobin\u0119 spokoju i auto-refleksji. Chcia\u0142oby si\u0119 powiedzie\u0107: czas na mi\u0142o\u015b\u0107 \u2013 tak\u0105, kt\u00f3ra nie jest niemo\u017cliwym do spe\u0142nienia marzeniem i nie jest jedynie ulotnym cieniem mrugaj\u0105cym nie\u015bmia\u0142o na plato\u0144skiej \u015bcianach jaskini. Czas na mi\u0142o\u015b\u0107, kt\u00f3ra si\u0142\u0105 wyobra\u017ani i pozytywnej energii dodaje nadziei i wiary, inspiruje, uskrzydla i g\u00f3ry przenosi, czy\u017c nie tak? Dodaje po prostu si\u0142 w codziennej \u201ewalce z wiatrakami\u201d. Te wszystkie w\u0142a\u015bciwo\u015bci przypisywane s\u0105 krzemieniowi pasiastemu, kt\u00f3ry istnieje w naszej wyobra\u017ani od wiek\u00f3w jako talizman ozdrowie\u0144czego optymizmu, szcz\u0119\u015bcia i mi\u0142o\u015bci w\u0142a\u015bnie. \u015awi\u0119tokrzyski krzemie\u0144 pasiasty zawiera zatem w sobie niesamowit\u0105 moc.<\/p>\n\n\n\n<p>\u0179r\u00f3d\u0142em niesko\u0144czonej inspiracji dla Don Kichota jest natomiast posta\u0107 Dulcynei. B\u0142\u0119dny rycerz-idealista oraz jego wierny giermek-realista pod\u0105\u017caj\u0105 t\u0105 sam\u0105 drog\u0105, wzajemnie si\u0119 uzupe\u0142niaj\u0105c. Rycerski Don Kichote&nbsp;potrzebuje Dulcynei, platonicznej muzy, kt\u00f3ra jest idealnym drogowskazem&nbsp;w jego&nbsp;pozornie szalonej walce&nbsp;o lepszy \u015bwiat. Pragmatyczny Sanczo Pansa wierno\u015bci\u0105, pe\u0142n\u0105 realizmu trze\u017awo\u015bci\u0105 umys\u0142u i bezwarunkowym oddaniem,&nbsp;s\u0142u\u017cy tej samej sprawie.<\/p>\n\n\n\n<p>Nasza&nbsp;\u201ewalka z wiatrakami\u201d by\u0142aby raczej beznadziejna&nbsp;i pozbawiona sensu bez mi\u0142o\u015bci. Irracjonalny romantyzm splata si\u0119 w naszej&nbsp;czasoprzestrzeni kulturowej&nbsp;nieustannie z pragmatycznym realizmem i pozytywizmem. W tym kontek\u015bcie nie jest zaskoczeniem, i\u017c stworzona przez Cervantesa posta\u0107 Don Kichota \u2013 w chwili, gdy j\u0105 poznajemy \u2013 jest ju\u017c w dojrza\u0142ym wieku&nbsp;\u201eoko\u0142o pi\u0119\u0107dziesi\u0119ciu lat\u201d (proces dojrzewania zabiera jednak troch\u0119 czasu). Dedykowany&nbsp;Dulcynei&nbsp;ob\u0142\u0119dny idealizm Don Kichota,&nbsp;wraz&nbsp;z dojrza\u0142ym realizmem Sanczo Pansy,&nbsp;ostatecznie zwyci\u0119\u017caj\u0105.<\/p>\n\n\n\n<p>Idealistycznie rzecz ujmuj\u0105c, w staro\u017cytnej Grecji krzemie\u0144 by\u0142 amuletem maj\u0105cym chroni\u0107 przed gniewem bog\u00f3w. Bardziej pragmatyczni Celtowie wierzyli z kolei, i\u017c osadzane w srebrze krzemienne ostrza b\u0119d\u0105 ich strzec przed demonami i z\u0142ymi duchami natury. Aby podda\u0107 si\u0119 cho\u0107 na chwil\u0119 owej prehistorycznej magii \u015bwi\u0119tokrzyskiego krzemienia pasiastego, koniecznie wybierzcie si\u0119 do <a href=\"https:\/\/muzeumostrowiec.pl\/krzemionki\/\" target=\"_blank\" rel=\"noopener\">Krzemionek<\/a> (kt\u00f3re, nota bene, dopiero co obchodzi\u0142y 100-lecie odkrycia tamtejszych kopal\u0144 krzemienia).\u00a0 Przy okazji wizyty tam\u017ce, pomy\u015blcie te\u017c chocia\u017c przez chwil\u0119 o Don Kichocie, a raczej Dulcynei, dla kt\u00f3rej krzemie\u0144 \u201ez wielkim LOVE\u201d \u2013 niczym dyjament \u2013 by\u0142by niew\u0105tpliwie najlepszym &#8222;przyjacielem&#8221;. <em>Diamond is a woman&#8217;s best friend indeed<\/em>? By\u0107 mo\u017ce.<\/p>\n\n\n\n<figure class=\"wp-block-image size-large\"><img data-recalc-dims=\"1\" loading=\"lazy\" decoding=\"async\" width=\"785\" height=\"1024\" src=\"https:\/\/i0.wp.com\/notabene.world\/nb\/wp-content\/uploads\/2026\/04\/donk-ro800.jpg?resize=785%2C1024&#038;ssl=1\" alt=\"\" class=\"wp-image-19708\" srcset=\"https:\/\/i0.wp.com\/notabene.world\/nb\/wp-content\/uploads\/2026\/04\/donk-ro800.jpg?resize=785%2C1024&amp;ssl=1 785w, https:\/\/i0.wp.com\/notabene.world\/nb\/wp-content\/uploads\/2026\/04\/donk-ro800.jpg?resize=230%2C300&amp;ssl=1 230w, https:\/\/i0.wp.com\/notabene.world\/nb\/wp-content\/uploads\/2026\/04\/donk-ro800.jpg?resize=768%2C1002&amp;ssl=1 768w, https:\/\/i0.wp.com\/notabene.world\/nb\/wp-content\/uploads\/2026\/04\/donk-ro800.jpg?w=800&amp;ssl=1 800w\" sizes=\"auto, (max-width: 785px) 100vw, 785px\" \/><\/figure>\n\n\n\n<figure class=\"wp-block-image\"><img data-recalc-dims=\"1\" loading=\"lazy\" decoding=\"async\" width=\"800\" height=\"445\" src=\"https:\/\/i0.wp.com\/notabene.world\/nb\/wp-content\/uploads\/2023\/12\/ls1.jpg?resize=800%2C445&#038;ssl=1\" alt=\"\" class=\"wp-image-12010\" srcset=\"https:\/\/i0.wp.com\/notabene.world\/nb\/wp-content\/uploads\/2023\/12\/ls1.jpg?w=800&amp;ssl=1 800w, https:\/\/i0.wp.com\/notabene.world\/nb\/wp-content\/uploads\/2023\/12\/ls1.jpg?resize=300%2C167&amp;ssl=1 300w, https:\/\/i0.wp.com\/notabene.world\/nb\/wp-content\/uploads\/2023\/12\/ls1.jpg?resize=768%2C427&amp;ssl=1 768w\" sizes=\"auto, (max-width: 800px) 100vw, 800px\" \/><\/figure>\n\n\n\n<p class=\"has-text-align-center\"><\/p>\n\n\n\n<figure class=\"wp-block-image\"><img data-recalc-dims=\"1\" loading=\"lazy\" decoding=\"async\" width=\"800\" height=\"445\" src=\"https:\/\/i0.wp.com\/notabene.world\/nb\/wp-content\/uploads\/2023\/12\/ls.jpg?resize=800%2C445&#038;ssl=1\" alt=\"\" class=\"wp-image-12008\" srcset=\"https:\/\/i0.wp.com\/notabene.world\/nb\/wp-content\/uploads\/2023\/12\/ls.jpg?w=800&amp;ssl=1 800w, https:\/\/i0.wp.com\/notabene.world\/nb\/wp-content\/uploads\/2023\/12\/ls.jpg?resize=300%2C167&amp;ssl=1 300w, https:\/\/i0.wp.com\/notabene.world\/nb\/wp-content\/uploads\/2023\/12\/ls.jpg?resize=768%2C427&amp;ssl=1 768w\" sizes=\"auto, (max-width: 800px) 100vw, 800px\" \/><\/figure>\n\n\n\n<p class=\"has-text-align-center\"><\/p>\n","protected":false},"excerpt":{"rendered":"<p>Zbli\u017ca si\u0119 maj i pierwszy d\u0142ugi weekend tej wiosny. Czas zatem na relaks, odrobin\u0119 spokoju i auto-refleksji. Chcia\u0142oby si\u0119 powiedzie\u0107: czas na mi\u0142o\u015b\u0107 \u2013 tak\u0105, kt\u00f3ra nie jest niemo\u017cliwym do spe\u0142nienia marzeniem i nie jest jedynie ulotnym cieniem mrugaj\u0105cym nie\u015bmia\u0142o na plato\u0144skiej \u015bcianach jaskini. Czas na mi\u0142o\u015b\u0107, kt\u00f3ra si\u0142\u0105 wyobra\u017ani i pozytywnej energii dodaje nadziei i wiary, inspiruje, uskrzydla i g\u00f3ry przenosi, czy\u017c nie tak? Dodaje po prostu si\u0142 w codziennej \u201ewalce z wiatrakami\u201d. Te wszystkie w\u0142a\u015bciwo\u015bci przypisywane s\u0105 krzemieniowi pasiastemu, kt\u00f3ry istnieje w naszej wyobra\u017ani od wiek\u00f3w jako talizman ozdrowie\u0144czego optymizmu, szcz\u0119\u015bcia i mi\u0142o\u015bci w\u0142a\u015bnie. \u015awi\u0119tokrzyski krzemie\u0144 pasiasty zawiera zatem w sobie niesamowit\u0105 moc.<br \/>\n<br \/>\n\u0179r\u00f3d\u0142em niesko\u0144czonej inspiracji dla Don Kichota jest natomiast posta\u0107 Dulcynei. B\u0142\u0119dny rycerz-idealista oraz jego wierny giermek-realista pod\u0105\u017caj\u0105 t\u0105 sam\u0105 drog\u0105, wzajemnie si\u0119 uzupe\u0142niaj\u0105c. Rycerski Don Kichote\u00a0potrzebuje Dulcynei, platonicznej muzy, kt\u00f3ra jest idealnym drogowskazem\u00a0w jego\u00a0pozornie szalonej walce\u00a0o lepszy \u015bwiat. Pragmatyczny Sanczo Pansa wierno\u015bci\u0105, pe\u0142n\u0105 realizmu trze\u017awo\u015bci\u0105 umys\u0142u i bezwarunkowym oddaniem,\u00a0s\u0142u\u017cy tej samej sprawie.<br \/>\n<br \/>\nNasza\u00a0\u201ewalka z wiatrakami\u201d by\u0142aby raczej beznadziejna\u00a0i pozbawiona sensu bez mi\u0142o\u015bci. Irracjonalny romantyzm splata si\u0119 w naszej\u00a0czasoprzestrzeni kulturowej\u00a0nieustannie z pragmatycznym realizmem i pozytywizmem. W tym kontek\u015bcie nie jest zaskoczeniem, i\u017c stworzona przez Cervantesa posta\u0107 Don Kichota \u2013 w chwili, gdy j\u0105 poznajemy \u2013 jest ju\u017c w dojrza\u0142ym wieku\u00a0\u201eoko\u0142o pi\u0119\u0107dziesi\u0119ciu lat\u201d (proces dojrzewania zabiera jednak troch\u0119 czasu). Dedykowany\u00a0Dulcynei\u00a0ob\u0142\u0119dny idealizm Don Kichota,\u00a0wraz\u00a0z dojrza\u0142ym realizmem Sanczo Pansy,\u00a0ostatecznie zwyci\u0119\u017caj\u0105.<\/p>\n","protected":false},"author":1,"featured_media":12014,"comment_status":"closed","ping_status":"closed","sticky":false,"template":"","format":"standard","meta":{"colormag_page_container_layout":"no_sidebar_content_centered","colormag_page_sidebar_layout":"no_sidebar","_jetpack_memberships_contains_paid_content":false,"footnotes":"","_links_to":"","_links_to_target":""},"categories":[64,42,48],"tags":[],"class_list":["post-6805","post","type-post","status-publish","format-standard","has-post-thumbnail","hentry","category-aktualnosci","category-felietony","category-wiecej-swiatla"],"yoast_head":"<!-- This site is optimized with the Yoast SEO plugin v27.5 - https:\/\/yoast.com\/product\/yoast-seo-wordpress\/ -->\n<title>\u015awi\u0119tokrzyska donkiszoteria - NOTABENE.WORLD<\/title>\n<meta name=\"robots\" content=\"index, follow, max-snippet:-1, max-image-preview:large, max-video-preview:-1\" \/>\n<link rel=\"canonical\" href=\"https:\/\/notabene.world\/nb\/swietokrzyska-donkiszoteria\/\" \/>\n<meta property=\"og:locale\" content=\"pl_PL\" \/>\n<meta property=\"og:type\" content=\"article\" \/>\n<meta property=\"og:title\" content=\"\u015awi\u0119tokrzyska donkiszoteria - NOTABENE.WORLD\" \/>\n<meta property=\"og:description\" content=\"Zbli\u017ca si\u0119 maj i pierwszy d\u0142ugi weekend tej wiosny. Czas zatem na relaks, odrobin\u0119 spokoju i auto-refleksji. Chcia\u0142oby si\u0119 powiedzie\u0107: czas na mi\u0142o\u015b\u0107 \u2013 tak\u0105, kt\u00f3ra nie jest niemo\u017cliwym do spe\u0142nienia marzeniem i nie jest jedynie ulotnym cieniem mrugaj\u0105cym nie\u015bmia\u0142o na plato\u0144skiej \u015bcianach jaskini. Czas na mi\u0142o\u015b\u0107, kt\u00f3ra si\u0142\u0105 wyobra\u017ani i pozytywnej energii dodaje nadziei i wiary, inspiruje, uskrzydla i g\u00f3ry przenosi, czy\u017c nie tak? Dodaje po prostu si\u0142 w codziennej \u201ewalce z wiatrakami\u201d. Te wszystkie w\u0142a\u015bciwo\u015bci przypisywane s\u0105 krzemieniowi pasiastemu, kt\u00f3ry istnieje w naszej wyobra\u017ani od wiek\u00f3w jako talizman ozdrowie\u0144czego optymizmu, szcz\u0119\u015bcia i mi\u0142o\u015bci w\u0142a\u015bnie. \u015awi\u0119tokrzyski krzemie\u0144 pasiasty zawiera zatem w sobie niesamowit\u0105 moc. \u0179r\u00f3d\u0142em niesko\u0144czonej inspiracji dla Don Kichota jest natomiast posta\u0107 Dulcynei. B\u0142\u0119dny rycerz-idealista oraz jego wierny giermek-realista pod\u0105\u017caj\u0105 t\u0105 sam\u0105 drog\u0105, wzajemnie si\u0119 uzupe\u0142niaj\u0105c. Rycerski Don Kichote\u00a0potrzebuje Dulcynei, platonicznej muzy, kt\u00f3ra jest idealnym drogowskazem\u00a0w jego\u00a0pozornie szalonej walce\u00a0o lepszy \u015bwiat. Pragmatyczny Sanczo Pansa wierno\u015bci\u0105, pe\u0142n\u0105 realizmu trze\u017awo\u015bci\u0105 umys\u0142u i bezwarunkowym oddaniem,\u00a0s\u0142u\u017cy tej samej sprawie. Nasza\u00a0\u201ewalka z wiatrakami\u201d by\u0142aby raczej beznadziejna\u00a0i pozbawiona sensu bez mi\u0142o\u015bci. Irracjonalny romantyzm splata si\u0119 w naszej\u00a0czasoprzestrzeni kulturowej\u00a0nieustannie z pragmatycznym realizmem i pozytywizmem. W tym kontek\u015bcie nie jest zaskoczeniem, i\u017c stworzona przez Cervantesa posta\u0107 Don Kichota \u2013 w chwili, gdy j\u0105 poznajemy \u2013 jest ju\u017c w dojrza\u0142ym wieku\u00a0\u201eoko\u0142o pi\u0119\u0107dziesi\u0119ciu lat\u201d (proces dojrzewania zabiera jednak troch\u0119 czasu). Dedykowany\u00a0Dulcynei\u00a0ob\u0142\u0119dny idealizm Don Kichota,\u00a0wraz\u00a0z dojrza\u0142ym realizmem Sanczo Pansy,\u00a0ostatecznie zwyci\u0119\u017caj\u0105.\" \/>\n<meta property=\"og:url\" content=\"https:\/\/notabene.world\/nb\/swietokrzyska-donkiszoteria\/\" \/>\n<meta property=\"og:site_name\" content=\"NOTABENE.WORLD\" \/>\n<meta property=\"article:publisher\" content=\"https:\/\/www.facebook.com\/Notabene.World\" \/>\n<meta property=\"article:published_time\" content=\"2026-04-26T18:28:59+00:00\" \/>\n<meta property=\"article:modified_time\" content=\"2026-04-26T19:03:44+00:00\" \/>\n<meta property=\"og:image\" content=\"https:\/\/notabene.world\/nb\/wp-content\/uploads\/2023\/12\/ldk.jpg\" \/>\n\t<meta property=\"og:image:width\" content=\"800\" \/>\n\t<meta property=\"og:image:height\" content=\"445\" \/>\n\t<meta property=\"og:image:type\" content=\"image\/jpeg\" \/>\n<meta name=\"author\" content=\"C vel K\" \/>\n<meta name=\"twitter:card\" content=\"summary_large_image\" \/>\n<meta name=\"twitter:label1\" content=\"Napisane przez\" \/>\n\t<meta name=\"twitter:data1\" content=\"C vel K\" \/>\n\t<meta name=\"twitter:label2\" content=\"Szacowany czas czytania\" \/>\n\t<meta name=\"twitter:data2\" content=\"3 minuty\" \/>\n<script type=\"application\/ld+json\" class=\"yoast-schema-graph\">{\"@context\":\"https:\\\/\\\/schema.org\",\"@graph\":[{\"@type\":\"Article\",\"@id\":\"https:\\\/\\\/notabene.world\\\/nb\\\/swietokrzyska-donkiszoteria\\\/#article\",\"isPartOf\":{\"@id\":\"https:\\\/\\\/notabene.world\\\/nb\\\/swietokrzyska-donkiszoteria\\\/\"},\"author\":{\"name\":\"C vel K\",\"@id\":\"https:\\\/\\\/notabene.world\\\/nb\\\/#\\\/schema\\\/person\\\/2227ed509f9261e544f6078919e1981d\"},\"headline\":\"\u015awi\u0119tokrzyska donkiszoteria\",\"datePublished\":\"2026-04-26T18:28:59+00:00\",\"dateModified\":\"2026-04-26T19:03:44+00:00\",\"mainEntityOfPage\":{\"@id\":\"https:\\\/\\\/notabene.world\\\/nb\\\/swietokrzyska-donkiszoteria\\\/\"},\"wordCount\":517,\"publisher\":{\"@id\":\"https:\\\/\\\/notabene.world\\\/nb\\\/#organization\"},\"image\":{\"@id\":\"https:\\\/\\\/notabene.world\\\/nb\\\/swietokrzyska-donkiszoteria\\\/#primaryimage\"},\"thumbnailUrl\":\"https:\\\/\\\/i0.wp.com\\\/notabene.world\\\/nb\\\/wp-content\\\/uploads\\\/2023\\\/12\\\/ldk.jpg?fit=800%2C445&ssl=1\",\"articleSection\":[\"Aktualno\u015bci\",\"Felietony\",\"WI\u0118CEJ \u015aWIAT(\u0141)A\"],\"inLanguage\":\"pl-PL\"},{\"@type\":\"WebPage\",\"@id\":\"https:\\\/\\\/notabene.world\\\/nb\\\/swietokrzyska-donkiszoteria\\\/\",\"url\":\"https:\\\/\\\/notabene.world\\\/nb\\\/swietokrzyska-donkiszoteria\\\/\",\"name\":\"\u015awi\u0119tokrzyska donkiszoteria - NOTABENE.WORLD\",\"isPartOf\":{\"@id\":\"https:\\\/\\\/notabene.world\\\/nb\\\/#website\"},\"primaryImageOfPage\":{\"@id\":\"https:\\\/\\\/notabene.world\\\/nb\\\/swietokrzyska-donkiszoteria\\\/#primaryimage\"},\"image\":{\"@id\":\"https:\\\/\\\/notabene.world\\\/nb\\\/swietokrzyska-donkiszoteria\\\/#primaryimage\"},\"thumbnailUrl\":\"https:\\\/\\\/i0.wp.com\\\/notabene.world\\\/nb\\\/wp-content\\\/uploads\\\/2023\\\/12\\\/ldk.jpg?fit=800%2C445&ssl=1\",\"datePublished\":\"2026-04-26T18:28:59+00:00\",\"dateModified\":\"2026-04-26T19:03:44+00:00\",\"breadcrumb\":{\"@id\":\"https:\\\/\\\/notabene.world\\\/nb\\\/swietokrzyska-donkiszoteria\\\/#breadcrumb\"},\"inLanguage\":\"pl-PL\",\"potentialAction\":[{\"@type\":\"ReadAction\",\"target\":[\"https:\\\/\\\/notabene.world\\\/nb\\\/swietokrzyska-donkiszoteria\\\/\"]}]},{\"@type\":\"ImageObject\",\"inLanguage\":\"pl-PL\",\"@id\":\"https:\\\/\\\/notabene.world\\\/nb\\\/swietokrzyska-donkiszoteria\\\/#primaryimage\",\"url\":\"https:\\\/\\\/i0.wp.com\\\/notabene.world\\\/nb\\\/wp-content\\\/uploads\\\/2023\\\/12\\\/ldk.jpg?fit=800%2C445&ssl=1\",\"contentUrl\":\"https:\\\/\\\/i0.wp.com\\\/notabene.world\\\/nb\\\/wp-content\\\/uploads\\\/2023\\\/12\\\/ldk.jpg?fit=800%2C445&ssl=1\",\"width\":800,\"height\":445},{\"@type\":\"BreadcrumbList\",\"@id\":\"https:\\\/\\\/notabene.world\\\/nb\\\/swietokrzyska-donkiszoteria\\\/#breadcrumb\",\"itemListElement\":[{\"@type\":\"ListItem\",\"position\":1,\"name\":\"Home\",\"item\":\"https:\\\/\\\/notabene.world\\\/nb\\\/\"},{\"@type\":\"ListItem\",\"position\":2,\"name\":\"\u015awi\u0119tokrzyska donkiszoteria\"}]},{\"@type\":\"WebSite\",\"@id\":\"https:\\\/\\\/notabene.world\\\/nb\\\/#website\",\"url\":\"https:\\\/\\\/notabene.world\\\/nb\\\/\",\"name\":\"NOTABENE.WORLD\",\"description\":\"Przekaz. Warto\u015bci. Wsp\u00f3lnota.\",\"publisher\":{\"@id\":\"https:\\\/\\\/notabene.world\\\/nb\\\/#organization\"},\"potentialAction\":[{\"@type\":\"SearchAction\",\"target\":{\"@type\":\"EntryPoint\",\"urlTemplate\":\"https:\\\/\\\/notabene.world\\\/nb\\\/?s={search_term_string}\"},\"query-input\":{\"@type\":\"PropertyValueSpecification\",\"valueRequired\":true,\"valueName\":\"search_term_string\"}}],\"inLanguage\":\"pl-PL\"},{\"@type\":\"Organization\",\"@id\":\"https:\\\/\\\/notabene.world\\\/nb\\\/#organization\",\"name\":\"NOTABENE.WORLD\",\"url\":\"https:\\\/\\\/notabene.world\\\/nb\\\/\",\"logo\":{\"@type\":\"ImageObject\",\"inLanguage\":\"pl-PL\",\"@id\":\"https:\\\/\\\/notabene.world\\\/nb\\\/#\\\/schema\\\/logo\\\/image\\\/\",\"url\":\"https:\\\/\\\/notabene.world\\\/nb\\\/wp-content\\\/uploads\\\/2022\\\/01\\\/NB-club-start-www1.jpg\",\"contentUrl\":\"https:\\\/\\\/notabene.world\\\/nb\\\/wp-content\\\/uploads\\\/2022\\\/01\\\/NB-club-start-www1.jpg\",\"width\":1000,\"height\":839,\"caption\":\"NOTABENE.WORLD\"},\"image\":{\"@id\":\"https:\\\/\\\/notabene.world\\\/nb\\\/#\\\/schema\\\/logo\\\/image\\\/\"},\"sameAs\":[\"https:\\\/\\\/www.facebook.com\\\/Notabene.World\"]},{\"@type\":\"Person\",\"@id\":\"https:\\\/\\\/notabene.world\\\/nb\\\/#\\\/schema\\\/person\\\/2227ed509f9261e544f6078919e1981d\",\"name\":\"C vel K\",\"image\":{\"@type\":\"ImageObject\",\"inLanguage\":\"pl-PL\",\"@id\":\"https:\\\/\\\/secure.gravatar.com\\\/avatar\\\/da4181237ddf77c667487dd66af5231faaf45fbcb0774d7a408f868da56bf04c?s=96&d=mm&r=g\",\"url\":\"https:\\\/\\\/secure.gravatar.com\\\/avatar\\\/da4181237ddf77c667487dd66af5231faaf45fbcb0774d7a408f868da56bf04c?s=96&d=mm&r=g\",\"contentUrl\":\"https:\\\/\\\/secure.gravatar.com\\\/avatar\\\/da4181237ddf77c667487dd66af5231faaf45fbcb0774d7a408f868da56bf04c?s=96&d=mm&r=g\",\"caption\":\"C vel K\"},\"url\":\"https:\\\/\\\/notabene.world\\\/nb\\\/author\\\/kcedro\\\/\"}]}<\/script>\n<!-- \/ Yoast SEO plugin. -->","yoast_head_json":{"title":"\u015awi\u0119tokrzyska donkiszoteria - NOTABENE.WORLD","robots":{"index":"index","follow":"follow","max-snippet":"max-snippet:-1","max-image-preview":"max-image-preview:large","max-video-preview":"max-video-preview:-1"},"canonical":"https:\/\/notabene.world\/nb\/swietokrzyska-donkiszoteria\/","og_locale":"pl_PL","og_type":"article","og_title":"\u015awi\u0119tokrzyska donkiszoteria - NOTABENE.WORLD","og_description":"Zbli\u017ca si\u0119 maj i pierwszy d\u0142ugi weekend tej wiosny. Czas zatem na relaks, odrobin\u0119 spokoju i auto-refleksji. Chcia\u0142oby si\u0119 powiedzie\u0107: czas na mi\u0142o\u015b\u0107 \u2013 tak\u0105, kt\u00f3ra nie jest niemo\u017cliwym do spe\u0142nienia marzeniem i nie jest jedynie ulotnym cieniem mrugaj\u0105cym nie\u015bmia\u0142o na plato\u0144skiej \u015bcianach jaskini. Czas na mi\u0142o\u015b\u0107, kt\u00f3ra si\u0142\u0105 wyobra\u017ani i pozytywnej energii dodaje nadziei i wiary, inspiruje, uskrzydla i g\u00f3ry przenosi, czy\u017c nie tak? Dodaje po prostu si\u0142 w codziennej \u201ewalce z wiatrakami\u201d. Te wszystkie w\u0142a\u015bciwo\u015bci przypisywane s\u0105 krzemieniowi pasiastemu, kt\u00f3ry istnieje w naszej wyobra\u017ani od wiek\u00f3w jako talizman ozdrowie\u0144czego optymizmu, szcz\u0119\u015bcia i mi\u0142o\u015bci w\u0142a\u015bnie. \u015awi\u0119tokrzyski krzemie\u0144 pasiasty zawiera zatem w sobie niesamowit\u0105 moc. \u0179r\u00f3d\u0142em niesko\u0144czonej inspiracji dla Don Kichota jest natomiast posta\u0107 Dulcynei. B\u0142\u0119dny rycerz-idealista oraz jego wierny giermek-realista pod\u0105\u017caj\u0105 t\u0105 sam\u0105 drog\u0105, wzajemnie si\u0119 uzupe\u0142niaj\u0105c. Rycerski Don Kichote\u00a0potrzebuje Dulcynei, platonicznej muzy, kt\u00f3ra jest idealnym drogowskazem\u00a0w jego\u00a0pozornie szalonej walce\u00a0o lepszy \u015bwiat. Pragmatyczny Sanczo Pansa wierno\u015bci\u0105, pe\u0142n\u0105 realizmu trze\u017awo\u015bci\u0105 umys\u0142u i bezwarunkowym oddaniem,\u00a0s\u0142u\u017cy tej samej sprawie. Nasza\u00a0\u201ewalka z wiatrakami\u201d by\u0142aby raczej beznadziejna\u00a0i pozbawiona sensu bez mi\u0142o\u015bci. Irracjonalny romantyzm splata si\u0119 w naszej\u00a0czasoprzestrzeni kulturowej\u00a0nieustannie z pragmatycznym realizmem i pozytywizmem. W tym kontek\u015bcie nie jest zaskoczeniem, i\u017c stworzona przez Cervantesa posta\u0107 Don Kichota \u2013 w chwili, gdy j\u0105 poznajemy \u2013 jest ju\u017c w dojrza\u0142ym wieku\u00a0\u201eoko\u0142o pi\u0119\u0107dziesi\u0119ciu lat\u201d (proces dojrzewania zabiera jednak troch\u0119 czasu). Dedykowany\u00a0Dulcynei\u00a0ob\u0142\u0119dny idealizm Don Kichota,\u00a0wraz\u00a0z dojrza\u0142ym realizmem Sanczo Pansy,\u00a0ostatecznie zwyci\u0119\u017caj\u0105.","og_url":"https:\/\/notabene.world\/nb\/swietokrzyska-donkiszoteria\/","og_site_name":"NOTABENE.WORLD","article_publisher":"https:\/\/www.facebook.com\/Notabene.World","article_published_time":"2026-04-26T18:28:59+00:00","article_modified_time":"2026-04-26T19:03:44+00:00","og_image":[{"width":800,"height":445,"url":"https:\/\/notabene.world\/nb\/wp-content\/uploads\/2023\/12\/ldk.jpg","type":"image\/jpeg"}],"author":"C vel K","twitter_card":"summary_large_image","twitter_misc":{"Napisane przez":"C vel K","Szacowany czas czytania":"3 minuty"},"schema":{"@context":"https:\/\/schema.org","@graph":[{"@type":"Article","@id":"https:\/\/notabene.world\/nb\/swietokrzyska-donkiszoteria\/#article","isPartOf":{"@id":"https:\/\/notabene.world\/nb\/swietokrzyska-donkiszoteria\/"},"author":{"name":"C vel K","@id":"https:\/\/notabene.world\/nb\/#\/schema\/person\/2227ed509f9261e544f6078919e1981d"},"headline":"\u015awi\u0119tokrzyska donkiszoteria","datePublished":"2026-04-26T18:28:59+00:00","dateModified":"2026-04-26T19:03:44+00:00","mainEntityOfPage":{"@id":"https:\/\/notabene.world\/nb\/swietokrzyska-donkiszoteria\/"},"wordCount":517,"publisher":{"@id":"https:\/\/notabene.world\/nb\/#organization"},"image":{"@id":"https:\/\/notabene.world\/nb\/swietokrzyska-donkiszoteria\/#primaryimage"},"thumbnailUrl":"https:\/\/i0.wp.com\/notabene.world\/nb\/wp-content\/uploads\/2023\/12\/ldk.jpg?fit=800%2C445&ssl=1","articleSection":["Aktualno\u015bci","Felietony","WI\u0118CEJ \u015aWIAT(\u0141)A"],"inLanguage":"pl-PL"},{"@type":"WebPage","@id":"https:\/\/notabene.world\/nb\/swietokrzyska-donkiszoteria\/","url":"https:\/\/notabene.world\/nb\/swietokrzyska-donkiszoteria\/","name":"\u015awi\u0119tokrzyska donkiszoteria - NOTABENE.WORLD","isPartOf":{"@id":"https:\/\/notabene.world\/nb\/#website"},"primaryImageOfPage":{"@id":"https:\/\/notabene.world\/nb\/swietokrzyska-donkiszoteria\/#primaryimage"},"image":{"@id":"https:\/\/notabene.world\/nb\/swietokrzyska-donkiszoteria\/#primaryimage"},"thumbnailUrl":"https:\/\/i0.wp.com\/notabene.world\/nb\/wp-content\/uploads\/2023\/12\/ldk.jpg?fit=800%2C445&ssl=1","datePublished":"2026-04-26T18:28:59+00:00","dateModified":"2026-04-26T19:03:44+00:00","breadcrumb":{"@id":"https:\/\/notabene.world\/nb\/swietokrzyska-donkiszoteria\/#breadcrumb"},"inLanguage":"pl-PL","potentialAction":[{"@type":"ReadAction","target":["https:\/\/notabene.world\/nb\/swietokrzyska-donkiszoteria\/"]}]},{"@type":"ImageObject","inLanguage":"pl-PL","@id":"https:\/\/notabene.world\/nb\/swietokrzyska-donkiszoteria\/#primaryimage","url":"https:\/\/i0.wp.com\/notabene.world\/nb\/wp-content\/uploads\/2023\/12\/ldk.jpg?fit=800%2C445&ssl=1","contentUrl":"https:\/\/i0.wp.com\/notabene.world\/nb\/wp-content\/uploads\/2023\/12\/ldk.jpg?fit=800%2C445&ssl=1","width":800,"height":445},{"@type":"BreadcrumbList","@id":"https:\/\/notabene.world\/nb\/swietokrzyska-donkiszoteria\/#breadcrumb","itemListElement":[{"@type":"ListItem","position":1,"name":"Home","item":"https:\/\/notabene.world\/nb\/"},{"@type":"ListItem","position":2,"name":"\u015awi\u0119tokrzyska donkiszoteria"}]},{"@type":"WebSite","@id":"https:\/\/notabene.world\/nb\/#website","url":"https:\/\/notabene.world\/nb\/","name":"NOTABENE.WORLD","description":"Przekaz. Warto\u015bci. Wsp\u00f3lnota.","publisher":{"@id":"https:\/\/notabene.world\/nb\/#organization"},"potentialAction":[{"@type":"SearchAction","target":{"@type":"EntryPoint","urlTemplate":"https:\/\/notabene.world\/nb\/?s={search_term_string}"},"query-input":{"@type":"PropertyValueSpecification","valueRequired":true,"valueName":"search_term_string"}}],"inLanguage":"pl-PL"},{"@type":"Organization","@id":"https:\/\/notabene.world\/nb\/#organization","name":"NOTABENE.WORLD","url":"https:\/\/notabene.world\/nb\/","logo":{"@type":"ImageObject","inLanguage":"pl-PL","@id":"https:\/\/notabene.world\/nb\/#\/schema\/logo\/image\/","url":"https:\/\/notabene.world\/nb\/wp-content\/uploads\/2022\/01\/NB-club-start-www1.jpg","contentUrl":"https:\/\/notabene.world\/nb\/wp-content\/uploads\/2022\/01\/NB-club-start-www1.jpg","width":1000,"height":839,"caption":"NOTABENE.WORLD"},"image":{"@id":"https:\/\/notabene.world\/nb\/#\/schema\/logo\/image\/"},"sameAs":["https:\/\/www.facebook.com\/Notabene.World"]},{"@type":"Person","@id":"https:\/\/notabene.world\/nb\/#\/schema\/person\/2227ed509f9261e544f6078919e1981d","name":"C vel K","image":{"@type":"ImageObject","inLanguage":"pl-PL","@id":"https:\/\/secure.gravatar.com\/avatar\/da4181237ddf77c667487dd66af5231faaf45fbcb0774d7a408f868da56bf04c?s=96&d=mm&r=g","url":"https:\/\/secure.gravatar.com\/avatar\/da4181237ddf77c667487dd66af5231faaf45fbcb0774d7a408f868da56bf04c?s=96&d=mm&r=g","contentUrl":"https:\/\/secure.gravatar.com\/avatar\/da4181237ddf77c667487dd66af5231faaf45fbcb0774d7a408f868da56bf04c?s=96&d=mm&r=g","caption":"C vel K"},"url":"https:\/\/notabene.world\/nb\/author\/kcedro\/"}]}},"jetpack_featured_media_url":"https:\/\/i0.wp.com\/notabene.world\/nb\/wp-content\/uploads\/2023\/12\/ldk.jpg?fit=800%2C445&ssl=1","jetpack_sharing_enabled":true,"jetpack_shortlink":"https:\/\/wp.me\/pdCobN-1LL","_links":{"self":[{"href":"https:\/\/notabene.world\/nb\/wp-json\/wp\/v2\/posts\/6805","targetHints":{"allow":["GET"]}}],"collection":[{"href":"https:\/\/notabene.world\/nb\/wp-json\/wp\/v2\/posts"}],"about":[{"href":"https:\/\/notabene.world\/nb\/wp-json\/wp\/v2\/types\/post"}],"author":[{"embeddable":true,"href":"https:\/\/notabene.world\/nb\/wp-json\/wp\/v2\/users\/1"}],"replies":[{"embeddable":true,"href":"https:\/\/notabene.world\/nb\/wp-json\/wp\/v2\/comments?post=6805"}],"version-history":[{"count":5,"href":"https:\/\/notabene.world\/nb\/wp-json\/wp\/v2\/posts\/6805\/revisions"}],"predecessor-version":[{"id":19723,"href":"https:\/\/notabene.world\/nb\/wp-json\/wp\/v2\/posts\/6805\/revisions\/19723"}],"wp:featuredmedia":[{"embeddable":true,"href":"https:\/\/notabene.world\/nb\/wp-json\/wp\/v2\/media\/12014"}],"wp:attachment":[{"href":"https:\/\/notabene.world\/nb\/wp-json\/wp\/v2\/media?parent=6805"}],"wp:term":[{"taxonomy":"category","embeddable":true,"href":"https:\/\/notabene.world\/nb\/wp-json\/wp\/v2\/categories?post=6805"},{"taxonomy":"post_tag","embeddable":true,"href":"https:\/\/notabene.world\/nb\/wp-json\/wp\/v2\/tags?post=6805"}],"curies":[{"name":"wp","href":"https:\/\/api.w.org\/{rel}","templated":true}]}}