{"id":6928,"date":"2022-08-07T19:50:40","date_gmt":"2022-08-07T17:50:40","guid":{"rendered":"https:\/\/notabene.world\/nb\/?p=6928"},"modified":"2022-08-17T06:22:55","modified_gmt":"2022-08-17T04:22:55","slug":"63-dni","status":"publish","type":"post","link":"https:\/\/notabene.world\/nb\/63-dni\/","title":{"rendered":"63 dni&#8230;"},"content":{"rendered":"\n<p>Niedziela. Po kilku dniach ekstremalnych upa\u0142\u00f3w jest troch\u0119 ch\u0142odniej. Mija pierwszy tydzie\u0144 sierpnia. W poniedzia\u0142ek, 1 sierpnia, obchodzili\u015bmy 78. rocznic\u0119 wybuchu Powstania Warszawskiego. Powstania b\u0119d\u0105cego dla wielu pokole\u0144 Polak\u00f3w wydarzeniem godnym pami\u0119ci, kt\u00f3re pokazuje wszystkim obywatelom naszego kraju, czym jest patriotyzm, bohaterstwo i heroiczna walka. Odzia\u0142y powsta\u0144cze przez 63 dni prowadzi\u0142y samotn\u0105 walk\u0119 z przewa\u017caj\u0105cymi si\u0142ami niemieckimi. W trakcie dwumiesi\u0119cznych walk straty wojsk polskich to od 16 do 18 tys. zabitych i zaginionych, 20 tys. rannych i 15 tys. wzi\u0119tych do niewoli. W wyniku nalot\u00f3w, ostrza\u0142\u00f3w artyleryjskich oraz masakr urz\u0105dzanych przez oddzia\u0142y niemieckie zgin\u0119\u0142o od 150 do 200 tys. cywilnych mieszka\u0144c\u00f3w Warszawy. Na skutek walk i systematycznego wyburzania Warszawa zosta\u0142a prawie ca\u0142kowicie zniszczona. Ze wzgl\u0119du na tragiczne skutki tego zrywu, bior\u0105c pod uwag\u0119 ogromne straty ludzkie i materialne, kwestia zasadno\u015bci decyzji o rozpocz\u0119ciu walki pozostaje nadal przedmiotem o\u017cywionych debat historyk\u00f3w. Ale tak naprawd\u0119 powinni\u015bmy pos\u0142ucha\u0107 powsta\u0144c\u00f3w, kt\u00f3rzy do dzi\u015b powtarzaj\u0105, \u017ce \u201eto by\u0142 zryw pochodz\u0105cy z serca, bez przymusu, wida\u0107 by\u0142o wsp\u00f3lnot\u0119\u201d. Powsta\u0144cy reprezentowali pe\u0142ny przekr\u00f3j spo\u0142ecze\u0144stwa. Do walki stan\u0119li intelektuali\u015bci i robotnicy, stronnicy niemal wszystkich opcji politycznych, ludzie w r\u00f3\u017cnym wieku, r\u00f3\u017cnego pochodzenia, r\u00f3\u017cnych wyzna\u0144. Walczy\u0142y kobiety i dzieci.<\/p>\n\n\n\n<p>Pu\u0142kownik Kazimierz Iranek- Osmecki, szef Oddzia\u0142u II Komendy G\u0142\u00f3wnej Armii Krajowej, tak pisa\u0142: \u201eTrzeba by\u0142o prze\u017cy\u0107 5 lat okupacji w Warszawie, aby czu\u0107 to, co czu\u0142a ludno\u015b\u0107 i \u017co\u0142nierze. Trzeba by\u0142o \u017cy\u0107 dzie\u0144 po dniu, godzina po godzinie przez pi\u0119\u0107 lat w cieniu wi\u0119zienia na Pawiaku, trzeba by\u0142o w ci\u0105gu tych miesi\u0119cy widzie\u0107, jak znikaj\u0105 przyjaciele jeden po drugim, odczu\u0107 za ka\u017cdym razem skurcz serca w piersi, trzeba by\u0142o codziennie s\u0142ysze\u0107 odg\u0142osy salw tak, \u017ce si\u0119 ju\u017c przestawa\u0142o je s\u0142ysze\u0107, przyzwyczai\u0107 si\u0119 do nich, jak do dzwon\u00f3w ko\u015bcielnych, trzeba by\u0142o milcz\u0105co asystowa\u0107 na rogu ulicy przy egzekucji dziesi\u0119ciu, dwudziestu, pi\u0119\u0107dziesi\u0119ciu przyjaci\u00f3\u0142, braci lub nieznajomych wzi\u0119tych przypadkowo z t\u0142umu, sp\u0119dzonych pod mur, z ustami zalepionymi gipsem i oczami wyra\u017caj\u0105cymi rozpacz lub dum\u0119. Trzeba by\u0142o to wszystko prze\u017cy\u0107, aby zrozumie\u0107, \u017ce Warszawa nie mog\u0142a si\u0119 nie bi\u0107\u201d. Warszawiacy chcieli walczy\u0107 ze znienawidzonym okupantem o woln\u0105 Polsk\u0119, spe\u0142niaj\u0105c sw\u00f3j patriotyczny i \u017co\u0142nierski obowi\u0105zek. Byli i s\u0105 bohaterami.<\/p>\n\n\n\n<p>Powstanie warszawskie by\u0142o najwi\u0119ksz\u0105 bitw\u0105 stoczon\u0105 podczas II wojny \u015bwiatowej przez organizacj\u0119 podziemn\u0105 z wojskami okupacyjnymi. Po kapitulacji tysi\u0105ce powsta\u0144c\u00f3w trafi\u0142o do oboz\u00f3w jenieckich, niekt\u00f3rzy zostali skierowani do oboz\u00f3w koncentracyjnych, nielicznym uda\u0142o si\u0119 wyj\u015b\u0107 z Warszawy z cywilami. Byli te\u017c tacy, kt\u00f3rych rozstrzelano.<\/p>\n\n\n\n<p>Po zako\u0144czeniu wojny wielu polskich \u017co\u0142nierzy pozosta\u0142o na emigracji. Powsta\u0144cy mieszkaj\u0105cy w kraju byli szykanowani, \u015bledzeni przez S\u0142u\u017cb\u0119 Bezpiecze\u0144stwa, wielu aresztowano i osadzono w stalinowskich wi\u0119zieniach. Przyk\u0142adem jest pani Anna Jakubowska ps. \u201ePaulinka\u201d. By\u0142a \u0142\u0105czniczk\u0105 i sanitariuszk\u0105 Batalionu Armii Krajowej \u201eZo\u015bka\u201d. Walczy\u0142a miedzy innymi na Woli, Starym Mie\u015bcie i Czerniakowie. By\u0142a odznaczona Krzy\u017cem Walecznych. Po wojnie chcia\u0142a normalnie \u017cy\u0107, rozpocz\u0119\u0142a studia na Uniwersytecie Warszawskim, ale w 1949 roku zosta\u0142a aresztowana za dzia\u0142alno\u015b\u0107 w Armii Krajowej i skazana na osiem lat wi\u0119zienia. Po latach torturowania, bicia i poni\u017cania wysz\u0142a z wi\u0119zienia w 1954 roku. W tym czasie nie mia\u0142a kontaktu z niespe\u0142na dwuletnim synem, rozpad\u0142o si\u0119 jej ma\u0142\u017ce\u0144stwo, podupad\u0142a na zdrowiu. Ale nikt nie z\u0142ama\u0142 hartu jej ducha, nie zmieni\u0142 wpojonego jej poczucia odpowiedzialno\u015bci za Polsk\u0119. W latach 80 dzia\u0142a\u0142a w podziemiu solidarno\u015bciowym. W 2018 otrzyma\u0142a tytu\u0142 Honorowego Obywatela Warszawy. Wczoraj (6 sierpnia) odby\u0142 si\u0119 jej pogrzeb, mia\u0142a 95 lat. W trakcie po\u017cegnania pad\u0142y s\u0142owa, \u017ce \u201eby\u0142a dla wielu kompasem moralnym\u201d. Pochowana zosta\u0142a na Cmentarzu Wojskowym na Pow\u0105zkach. Zmar\u0142a nie doczekawszy si\u0119 ostatecznego rozstrzygni\u0119cia sprawy swojego zado\u015b\u0107uczynienia za prze\u015bladowanie w czasach stalinowskich. Wyrok S\u0105du Okr\u0119gowego w Warszawie z 2021 roku zosta\u0142 zaskar\u017cony przez sto\u0142eczn\u0105 Prokuratur\u0119 Okr\u0119gow\u0105 i Prezesa S\u0105du Okr\u0119gowego w Warszawie. W nadchodz\u0105cy wtorek S\u0105d Apelacyjny mia\u0142 rozpatrywa\u0107 kwesti\u0119 odszkodowania, ale nieoczekiwanie zdecydowa\u0142 o przekazaniu dokumentacji do S\u0105du Najwy\u017cszego, by ten wyznaczy\u0142 inny s\u0105d, kt\u00f3ry mo\u017ce zaj\u0105\u0107 si\u0119 t\u0105 spraw\u0105.<\/p>\n\n\n\n<p>Trwaj\u0105 obchody rocznicy Powstania Warszawskiego, politycy sk\u0142adaj\u0105 kwiaty, zapalaj\u0105 znicze, m\u00f3wi\u0105 wiele s\u0142\u00f3w o wdzi\u0119czno\u015bci narodu za walk\u0119 o wolno\u015b\u0107 ojczyzny, o bezprzyk\u0142adnym bohaterstwie powsta\u0144c\u00f3w, o wytyczeniu przez nich \u015bcie\u017cki dla nast\u0119pnych pokole\u0144, o pami\u0119ci. Okazuje si\u0119, \u017ce to niestety tylko s\u0142owa.<\/p>\n\n\n\n<p><\/p>\n","protected":false},"excerpt":{"rendered":"<p>W poniedzia\u0142ek, 1 sierpnia, obchodzili\u015bmy 78. rocznic\u0119 wybuchu Powstania Warszawskiego. Powstania b\u0119d\u0105cego dla wielu pokole\u0144 Polak\u00f3w wydarzeniem godnym pami\u0119ci, kt\u00f3re pokazuje wszystkim obywatelom naszego kraju, czym jest patriotyzm, bohaterstwo i heroiczna walka. Odzia\u0142y powsta\u0144cze przez 63 dni prowadzi\u0142y samotn\u0105 walk\u0119 z przewa\u017caj\u0105cymi si\u0142ami niemieckimi. <\/p>\n<p>Na skutek walk i systematycznego wyburzania Warszawa zosta\u0142a prawie ca\u0142kowicie zniszczona. Ze wzgl\u0119du na tragiczne skutki tego zrywu, bior\u0105c pod uwag\u0119 ogromne straty ludzkie i materialne, kwestia zasadno\u015bci decyzji o rozpocz\u0119ciu walki pozostaje nadal przedmiotem o\u017cywionych debat historyk\u00f3w. Ale tak naprawd\u0119 powinni\u015bmy pos\u0142ucha\u0107 powsta\u0144c\u00f3w, kt\u00f3rzy do dzi\u015b powtarzaj\u0105, \u017ce \u201eto by\u0142 zryw pochodz\u0105cy z serca, bez przymusu, wida\u0107 by\u0142o wsp\u00f3lnot\u0119\u201d.<\/p>\n","protected":false},"author":35,"featured_media":6930,"comment_status":"closed","ping_status":"closed","sticky":false,"template":"","format":"standard","meta":{"colormag_page_container_layout":"default_layout","colormag_page_sidebar_layout":"default_layout","_jetpack_memberships_contains_paid_content":false,"footnotes":"","_links_to":"","_links_to_target":""},"categories":[64,42,175],"tags":[],"class_list":["post-6928","post","type-post","status-publish","format-standard","has-post-thumbnail","hentry","category-aktualnosci","category-felietony","category-liczby-i-fakty"],"yoast_head":"<!-- This site is optimized with the Yoast SEO plugin v27.4 - https:\/\/yoast.com\/product\/yoast-seo-wordpress\/ -->\n<title>63 dni... - NOTABENE.WORLD<\/title>\n<meta name=\"robots\" content=\"index, follow, max-snippet:-1, max-image-preview:large, max-video-preview:-1\" \/>\n<link rel=\"canonical\" href=\"https:\/\/notabene.world\/nb\/63-dni\/\" \/>\n<meta property=\"og:locale\" content=\"pl_PL\" \/>\n<meta property=\"og:type\" content=\"article\" \/>\n<meta property=\"og:title\" content=\"63 dni... - NOTABENE.WORLD\" \/>\n<meta property=\"og:description\" content=\"W poniedzia\u0142ek, 1 sierpnia, obchodzili\u015bmy 78. rocznic\u0119 wybuchu Powstania Warszawskiego. Powstania b\u0119d\u0105cego dla wielu pokole\u0144 Polak\u00f3w wydarzeniem godnym pami\u0119ci, kt\u00f3re pokazuje wszystkim obywatelom naszego kraju, czym jest patriotyzm, bohaterstwo i heroiczna walka. Odzia\u0142y powsta\u0144cze przez 63 dni prowadzi\u0142y samotn\u0105 walk\u0119 z przewa\u017caj\u0105cymi si\u0142ami niemieckimi.  Na skutek walk i systematycznego wyburzania Warszawa zosta\u0142a prawie ca\u0142kowicie zniszczona. Ze wzgl\u0119du na tragiczne skutki tego zrywu, bior\u0105c pod uwag\u0119 ogromne straty ludzkie i materialne, kwestia zasadno\u015bci decyzji o rozpocz\u0119ciu walki pozostaje nadal przedmiotem o\u017cywionych debat historyk\u00f3w. Ale tak naprawd\u0119 powinni\u015bmy pos\u0142ucha\u0107 powsta\u0144c\u00f3w, kt\u00f3rzy do dzi\u015b powtarzaj\u0105, \u017ce \u201eto by\u0142 zryw pochodz\u0105cy z serca, bez przymusu, wida\u0107 by\u0142o wsp\u00f3lnot\u0119\u201d.\" \/>\n<meta property=\"og:url\" content=\"https:\/\/notabene.world\/nb\/63-dni\/\" \/>\n<meta property=\"og:site_name\" content=\"NOTABENE.WORLD\" \/>\n<meta property=\"article:publisher\" content=\"https:\/\/www.facebook.com\/Notabene.World\" \/>\n<meta property=\"article:published_time\" content=\"2022-08-07T17:50:40+00:00\" \/>\n<meta property=\"article:modified_time\" content=\"2022-08-17T04:22:55+00:00\" \/>\n<meta property=\"og:image\" content=\"https:\/\/notabene.world\/nb\/wp-content\/uploads\/2022\/08\/do-17.jpg\" \/>\n\t<meta property=\"og:image:width\" content=\"800\" \/>\n\t<meta property=\"og:image:height\" content=\"445\" \/>\n\t<meta property=\"og:image:type\" content=\"image\/jpeg\" \/>\n<meta name=\"author\" content=\"B D\" \/>\n<meta name=\"twitter:card\" content=\"summary_large_image\" \/>\n<meta name=\"twitter:label1\" content=\"Napisane przez\" \/>\n\t<meta name=\"twitter:data1\" content=\"B D\" \/>\n\t<meta name=\"twitter:label2\" content=\"Szacowany czas czytania\" \/>\n\t<meta name=\"twitter:data2\" content=\"4 minuty\" \/>\n<script type=\"application\/ld+json\" class=\"yoast-schema-graph\">{\"@context\":\"https:\\\/\\\/schema.org\",\"@graph\":[{\"@type\":\"Article\",\"@id\":\"https:\\\/\\\/notabene.world\\\/nb\\\/63-dni\\\/#article\",\"isPartOf\":{\"@id\":\"https:\\\/\\\/notabene.world\\\/nb\\\/63-dni\\\/\"},\"author\":{\"name\":\"B D\",\"@id\":\"https:\\\/\\\/notabene.world\\\/nb\\\/#\\\/schema\\\/person\\\/9081f0d094ad3e2767736feb48c99520\"},\"headline\":\"63 dni&#8230;\",\"datePublished\":\"2022-08-07T17:50:40+00:00\",\"dateModified\":\"2022-08-17T04:22:55+00:00\",\"mainEntityOfPage\":{\"@id\":\"https:\\\/\\\/notabene.world\\\/nb\\\/63-dni\\\/\"},\"wordCount\":816,\"publisher\":{\"@id\":\"https:\\\/\\\/notabene.world\\\/nb\\\/#organization\"},\"image\":{\"@id\":\"https:\\\/\\\/notabene.world\\\/nb\\\/63-dni\\\/#primaryimage\"},\"thumbnailUrl\":\"https:\\\/\\\/i0.wp.com\\\/notabene.world\\\/nb\\\/wp-content\\\/uploads\\\/2022\\\/08\\\/do-17.jpg?fit=800%2C445&ssl=1\",\"articleSection\":[\"Aktualno\u015bci\",\"Felietony\",\"Liczby i Fakty\"],\"inLanguage\":\"pl-PL\"},{\"@type\":\"WebPage\",\"@id\":\"https:\\\/\\\/notabene.world\\\/nb\\\/63-dni\\\/\",\"url\":\"https:\\\/\\\/notabene.world\\\/nb\\\/63-dni\\\/\",\"name\":\"63 dni... - NOTABENE.WORLD\",\"isPartOf\":{\"@id\":\"https:\\\/\\\/notabene.world\\\/nb\\\/#website\"},\"primaryImageOfPage\":{\"@id\":\"https:\\\/\\\/notabene.world\\\/nb\\\/63-dni\\\/#primaryimage\"},\"image\":{\"@id\":\"https:\\\/\\\/notabene.world\\\/nb\\\/63-dni\\\/#primaryimage\"},\"thumbnailUrl\":\"https:\\\/\\\/i0.wp.com\\\/notabene.world\\\/nb\\\/wp-content\\\/uploads\\\/2022\\\/08\\\/do-17.jpg?fit=800%2C445&ssl=1\",\"datePublished\":\"2022-08-07T17:50:40+00:00\",\"dateModified\":\"2022-08-17T04:22:55+00:00\",\"breadcrumb\":{\"@id\":\"https:\\\/\\\/notabene.world\\\/nb\\\/63-dni\\\/#breadcrumb\"},\"inLanguage\":\"pl-PL\",\"potentialAction\":[{\"@type\":\"ReadAction\",\"target\":[\"https:\\\/\\\/notabene.world\\\/nb\\\/63-dni\\\/\"]}]},{\"@type\":\"ImageObject\",\"inLanguage\":\"pl-PL\",\"@id\":\"https:\\\/\\\/notabene.world\\\/nb\\\/63-dni\\\/#primaryimage\",\"url\":\"https:\\\/\\\/i0.wp.com\\\/notabene.world\\\/nb\\\/wp-content\\\/uploads\\\/2022\\\/08\\\/do-17.jpg?fit=800%2C445&ssl=1\",\"contentUrl\":\"https:\\\/\\\/i0.wp.com\\\/notabene.world\\\/nb\\\/wp-content\\\/uploads\\\/2022\\\/08\\\/do-17.jpg?fit=800%2C445&ssl=1\",\"width\":800,\"height\":445},{\"@type\":\"BreadcrumbList\",\"@id\":\"https:\\\/\\\/notabene.world\\\/nb\\\/63-dni\\\/#breadcrumb\",\"itemListElement\":[{\"@type\":\"ListItem\",\"position\":1,\"name\":\"Home\",\"item\":\"https:\\\/\\\/notabene.world\\\/nb\\\/\"},{\"@type\":\"ListItem\",\"position\":2,\"name\":\"63 dni&#8230;\"}]},{\"@type\":\"WebSite\",\"@id\":\"https:\\\/\\\/notabene.world\\\/nb\\\/#website\",\"url\":\"https:\\\/\\\/notabene.world\\\/nb\\\/\",\"name\":\"NOTABENE.WORLD\",\"description\":\"Przekaz. Warto\u015bci. Wsp\u00f3lnota.\",\"publisher\":{\"@id\":\"https:\\\/\\\/notabene.world\\\/nb\\\/#organization\"},\"potentialAction\":[{\"@type\":\"SearchAction\",\"target\":{\"@type\":\"EntryPoint\",\"urlTemplate\":\"https:\\\/\\\/notabene.world\\\/nb\\\/?s={search_term_string}\"},\"query-input\":{\"@type\":\"PropertyValueSpecification\",\"valueRequired\":true,\"valueName\":\"search_term_string\"}}],\"inLanguage\":\"pl-PL\"},{\"@type\":\"Organization\",\"@id\":\"https:\\\/\\\/notabene.world\\\/nb\\\/#organization\",\"name\":\"NOTABENE.WORLD\",\"url\":\"https:\\\/\\\/notabene.world\\\/nb\\\/\",\"logo\":{\"@type\":\"ImageObject\",\"inLanguage\":\"pl-PL\",\"@id\":\"https:\\\/\\\/notabene.world\\\/nb\\\/#\\\/schema\\\/logo\\\/image\\\/\",\"url\":\"https:\\\/\\\/notabene.world\\\/nb\\\/wp-content\\\/uploads\\\/2022\\\/01\\\/NB-club-start-www1.jpg\",\"contentUrl\":\"https:\\\/\\\/notabene.world\\\/nb\\\/wp-content\\\/uploads\\\/2022\\\/01\\\/NB-club-start-www1.jpg\",\"width\":1000,\"height\":839,\"caption\":\"NOTABENE.WORLD\"},\"image\":{\"@id\":\"https:\\\/\\\/notabene.world\\\/nb\\\/#\\\/schema\\\/logo\\\/image\\\/\"},\"sameAs\":[\"https:\\\/\\\/www.facebook.com\\\/Notabene.World\"]},{\"@type\":\"Person\",\"@id\":\"https:\\\/\\\/notabene.world\\\/nb\\\/#\\\/schema\\\/person\\\/9081f0d094ad3e2767736feb48c99520\",\"name\":\"B D\",\"image\":{\"@type\":\"ImageObject\",\"inLanguage\":\"pl-PL\",\"@id\":\"https:\\\/\\\/secure.gravatar.com\\\/avatar\\\/ebcdcd8c0a7789c85d5a03ead2e68bda7a5fcb1ab728d56a4bd678c5ea15faa2?s=96&d=mm&r=g\",\"url\":\"https:\\\/\\\/secure.gravatar.com\\\/avatar\\\/ebcdcd8c0a7789c85d5a03ead2e68bda7a5fcb1ab728d56a4bd678c5ea15faa2?s=96&d=mm&r=g\",\"contentUrl\":\"https:\\\/\\\/secure.gravatar.com\\\/avatar\\\/ebcdcd8c0a7789c85d5a03ead2e68bda7a5fcb1ab728d56a4bd678c5ea15faa2?s=96&d=mm&r=g\",\"caption\":\"B D\"},\"url\":\"https:\\\/\\\/notabene.world\\\/nb\\\/author\\\/jo-d\\\/\"}]}<\/script>\n<!-- \/ Yoast SEO plugin. -->","yoast_head_json":{"title":"63 dni... - NOTABENE.WORLD","robots":{"index":"index","follow":"follow","max-snippet":"max-snippet:-1","max-image-preview":"max-image-preview:large","max-video-preview":"max-video-preview:-1"},"canonical":"https:\/\/notabene.world\/nb\/63-dni\/","og_locale":"pl_PL","og_type":"article","og_title":"63 dni... - NOTABENE.WORLD","og_description":"W poniedzia\u0142ek, 1 sierpnia, obchodzili\u015bmy 78. rocznic\u0119 wybuchu Powstania Warszawskiego. Powstania b\u0119d\u0105cego dla wielu pokole\u0144 Polak\u00f3w wydarzeniem godnym pami\u0119ci, kt\u00f3re pokazuje wszystkim obywatelom naszego kraju, czym jest patriotyzm, bohaterstwo i heroiczna walka. Odzia\u0142y powsta\u0144cze przez 63 dni prowadzi\u0142y samotn\u0105 walk\u0119 z przewa\u017caj\u0105cymi si\u0142ami niemieckimi.  Na skutek walk i systematycznego wyburzania Warszawa zosta\u0142a prawie ca\u0142kowicie zniszczona. Ze wzgl\u0119du na tragiczne skutki tego zrywu, bior\u0105c pod uwag\u0119 ogromne straty ludzkie i materialne, kwestia zasadno\u015bci decyzji o rozpocz\u0119ciu walki pozostaje nadal przedmiotem o\u017cywionych debat historyk\u00f3w. Ale tak naprawd\u0119 powinni\u015bmy pos\u0142ucha\u0107 powsta\u0144c\u00f3w, kt\u00f3rzy do dzi\u015b powtarzaj\u0105, \u017ce \u201eto by\u0142 zryw pochodz\u0105cy z serca, bez przymusu, wida\u0107 by\u0142o wsp\u00f3lnot\u0119\u201d.","og_url":"https:\/\/notabene.world\/nb\/63-dni\/","og_site_name":"NOTABENE.WORLD","article_publisher":"https:\/\/www.facebook.com\/Notabene.World","article_published_time":"2022-08-07T17:50:40+00:00","article_modified_time":"2022-08-17T04:22:55+00:00","og_image":[{"width":800,"height":445,"url":"https:\/\/notabene.world\/nb\/wp-content\/uploads\/2022\/08\/do-17.jpg","type":"image\/jpeg"}],"author":"B D","twitter_card":"summary_large_image","twitter_misc":{"Napisane przez":"B D","Szacowany czas czytania":"4 minuty"},"schema":{"@context":"https:\/\/schema.org","@graph":[{"@type":"Article","@id":"https:\/\/notabene.world\/nb\/63-dni\/#article","isPartOf":{"@id":"https:\/\/notabene.world\/nb\/63-dni\/"},"author":{"name":"B D","@id":"https:\/\/notabene.world\/nb\/#\/schema\/person\/9081f0d094ad3e2767736feb48c99520"},"headline":"63 dni&#8230;","datePublished":"2022-08-07T17:50:40+00:00","dateModified":"2022-08-17T04:22:55+00:00","mainEntityOfPage":{"@id":"https:\/\/notabene.world\/nb\/63-dni\/"},"wordCount":816,"publisher":{"@id":"https:\/\/notabene.world\/nb\/#organization"},"image":{"@id":"https:\/\/notabene.world\/nb\/63-dni\/#primaryimage"},"thumbnailUrl":"https:\/\/i0.wp.com\/notabene.world\/nb\/wp-content\/uploads\/2022\/08\/do-17.jpg?fit=800%2C445&ssl=1","articleSection":["Aktualno\u015bci","Felietony","Liczby i Fakty"],"inLanguage":"pl-PL"},{"@type":"WebPage","@id":"https:\/\/notabene.world\/nb\/63-dni\/","url":"https:\/\/notabene.world\/nb\/63-dni\/","name":"63 dni... - NOTABENE.WORLD","isPartOf":{"@id":"https:\/\/notabene.world\/nb\/#website"},"primaryImageOfPage":{"@id":"https:\/\/notabene.world\/nb\/63-dni\/#primaryimage"},"image":{"@id":"https:\/\/notabene.world\/nb\/63-dni\/#primaryimage"},"thumbnailUrl":"https:\/\/i0.wp.com\/notabene.world\/nb\/wp-content\/uploads\/2022\/08\/do-17.jpg?fit=800%2C445&ssl=1","datePublished":"2022-08-07T17:50:40+00:00","dateModified":"2022-08-17T04:22:55+00:00","breadcrumb":{"@id":"https:\/\/notabene.world\/nb\/63-dni\/#breadcrumb"},"inLanguage":"pl-PL","potentialAction":[{"@type":"ReadAction","target":["https:\/\/notabene.world\/nb\/63-dni\/"]}]},{"@type":"ImageObject","inLanguage":"pl-PL","@id":"https:\/\/notabene.world\/nb\/63-dni\/#primaryimage","url":"https:\/\/i0.wp.com\/notabene.world\/nb\/wp-content\/uploads\/2022\/08\/do-17.jpg?fit=800%2C445&ssl=1","contentUrl":"https:\/\/i0.wp.com\/notabene.world\/nb\/wp-content\/uploads\/2022\/08\/do-17.jpg?fit=800%2C445&ssl=1","width":800,"height":445},{"@type":"BreadcrumbList","@id":"https:\/\/notabene.world\/nb\/63-dni\/#breadcrumb","itemListElement":[{"@type":"ListItem","position":1,"name":"Home","item":"https:\/\/notabene.world\/nb\/"},{"@type":"ListItem","position":2,"name":"63 dni&#8230;"}]},{"@type":"WebSite","@id":"https:\/\/notabene.world\/nb\/#website","url":"https:\/\/notabene.world\/nb\/","name":"NOTABENE.WORLD","description":"Przekaz. Warto\u015bci. Wsp\u00f3lnota.","publisher":{"@id":"https:\/\/notabene.world\/nb\/#organization"},"potentialAction":[{"@type":"SearchAction","target":{"@type":"EntryPoint","urlTemplate":"https:\/\/notabene.world\/nb\/?s={search_term_string}"},"query-input":{"@type":"PropertyValueSpecification","valueRequired":true,"valueName":"search_term_string"}}],"inLanguage":"pl-PL"},{"@type":"Organization","@id":"https:\/\/notabene.world\/nb\/#organization","name":"NOTABENE.WORLD","url":"https:\/\/notabene.world\/nb\/","logo":{"@type":"ImageObject","inLanguage":"pl-PL","@id":"https:\/\/notabene.world\/nb\/#\/schema\/logo\/image\/","url":"https:\/\/notabene.world\/nb\/wp-content\/uploads\/2022\/01\/NB-club-start-www1.jpg","contentUrl":"https:\/\/notabene.world\/nb\/wp-content\/uploads\/2022\/01\/NB-club-start-www1.jpg","width":1000,"height":839,"caption":"NOTABENE.WORLD"},"image":{"@id":"https:\/\/notabene.world\/nb\/#\/schema\/logo\/image\/"},"sameAs":["https:\/\/www.facebook.com\/Notabene.World"]},{"@type":"Person","@id":"https:\/\/notabene.world\/nb\/#\/schema\/person\/9081f0d094ad3e2767736feb48c99520","name":"B D","image":{"@type":"ImageObject","inLanguage":"pl-PL","@id":"https:\/\/secure.gravatar.com\/avatar\/ebcdcd8c0a7789c85d5a03ead2e68bda7a5fcb1ab728d56a4bd678c5ea15faa2?s=96&d=mm&r=g","url":"https:\/\/secure.gravatar.com\/avatar\/ebcdcd8c0a7789c85d5a03ead2e68bda7a5fcb1ab728d56a4bd678c5ea15faa2?s=96&d=mm&r=g","contentUrl":"https:\/\/secure.gravatar.com\/avatar\/ebcdcd8c0a7789c85d5a03ead2e68bda7a5fcb1ab728d56a4bd678c5ea15faa2?s=96&d=mm&r=g","caption":"B D"},"url":"https:\/\/notabene.world\/nb\/author\/jo-d\/"}]}},"jetpack_featured_media_url":"https:\/\/i0.wp.com\/notabene.world\/nb\/wp-content\/uploads\/2022\/08\/do-17.jpg?fit=800%2C445&ssl=1","jetpack_sharing_enabled":true,"jetpack_shortlink":"https:\/\/wp.me\/pdCobN-1NK","_links":{"self":[{"href":"https:\/\/notabene.world\/nb\/wp-json\/wp\/v2\/posts\/6928","targetHints":{"allow":["GET"]}}],"collection":[{"href":"https:\/\/notabene.world\/nb\/wp-json\/wp\/v2\/posts"}],"about":[{"href":"https:\/\/notabene.world\/nb\/wp-json\/wp\/v2\/types\/post"}],"author":[{"embeddable":true,"href":"https:\/\/notabene.world\/nb\/wp-json\/wp\/v2\/users\/35"}],"replies":[{"embeddable":true,"href":"https:\/\/notabene.world\/nb\/wp-json\/wp\/v2\/comments?post=6928"}],"version-history":[{"count":5,"href":"https:\/\/notabene.world\/nb\/wp-json\/wp\/v2\/posts\/6928\/revisions"}],"predecessor-version":[{"id":6967,"href":"https:\/\/notabene.world\/nb\/wp-json\/wp\/v2\/posts\/6928\/revisions\/6967"}],"wp:featuredmedia":[{"embeddable":true,"href":"https:\/\/notabene.world\/nb\/wp-json\/wp\/v2\/media\/6930"}],"wp:attachment":[{"href":"https:\/\/notabene.world\/nb\/wp-json\/wp\/v2\/media?parent=6928"}],"wp:term":[{"taxonomy":"category","embeddable":true,"href":"https:\/\/notabene.world\/nb\/wp-json\/wp\/v2\/categories?post=6928"},{"taxonomy":"post_tag","embeddable":true,"href":"https:\/\/notabene.world\/nb\/wp-json\/wp\/v2\/tags?post=6928"}],"curies":[{"name":"wp","href":"https:\/\/api.w.org\/{rel}","templated":true}]}}