{"id":7009,"date":"2025-08-31T23:59:00","date_gmt":"2025-08-31T23:59:00","guid":{"rendered":"https:\/\/notabene.world\/nb\/?p=7009"},"modified":"2026-03-04T17:06:28","modified_gmt":"2026-03-04T17:06:28","slug":"historia-i-terazniejszosc","status":"publish","type":"post","link":"https:\/\/notabene.world\/nb\/historia-i-terazniejszosc\/","title":{"rendered":"KIELCE. Historia i tera\u017aniejszo\u015b\u0107"},"content":{"rendered":"\n<p class=\"has-text-align-right\"><em>Czytajcie i cieszcie si\u0119 wolno\u015bci\u0105, a b\u0119dzie Wam dane<\/em><\/p>\n\n\n\n<p>To, co dzi\u015b jest stare, kiedy\u015b by\u0142o nowe. To, co dzi\u015b jest nasze, kiedy\u015b nasze nie by\u0142o. Nie by\u0142o te\u017c cudze, bo w powszechnym mniemaniu by\u0142o niczyje \u2013 a skoro niczyje, to wszyscy mieli to gdzie\u015b. Jeste\u015bmy pokoleniem naprawd\u0119 szcz\u0119\u015bliwym, gdy\u017c na naszych oczach dokona\u0142y si\u0119 w Polsce po roku 1989 przemiany, o jakich wielu przed nami mog\u0142o tylko pomarzy\u0107. Wydawa\u0142o si\u0119, \u017ce poprzez przyst\u0105pienie do NATO oraz Unii Europejskiej nareszcie uda\u0142o nam si\u0119 wydosta\u0107 z geopolitycznego koszmaru Europy \u015arodkowo-Wschodniej. Dzisiaj niestety po raz kolejny przychodzi nam stawi\u0107 czo\u0142a &#8222;niezamierzonym konsekwencjom&#8221; dopiero co odzyskanej wolno\u015bci.<\/p>\n\n\n\n<p>Zn\u00f3w mamy sierpie\u0144, miesi\u0105c historycznej traumy oraz bohater\u00f3w, kt\u00f3rym zawdzieczamy wszystko. To w sierpniu 1914 na czele Pierwszej Kompanii Kadrowej przyby\u0142 do Kielc tw\u00f3rca Legion\u00f3w Polskich J\u00f3zef Pi\u0142sudki, a potem jeszcze bardziej rozradowa\u0142o si\u0119 serce i dusza, gdy w sierpniu 1920 ruszyli nasi bohaterowie na bolszewickich naje\u017ad\u017ac\u00f3w, w obronie dopiero co odzyskanej niepodleg\u0142o\u015bci (po 123 latach zabor\u00f3w).<\/p>\n\n\n\n<p>Dalej nie by\u0142o wcale \u0142atwiej, gdy\u017c kolejne dekady XX wieku przynios\u0142y narodziny oraz b\u0142yskawiczn\u0105 pr\u00f3b\u0119 ekspansji dw\u00f3ch totalitarnych ideologii, radzieckiego komunizmu oraz niemieckiego nazistowskiego narodowego socjalizmu. Za spraw\u0105 J\u00f3zefa Stalina oraz Adolfa Hitlera, na mocy tajnego paktu Ribbentrop-Mo\u0142otow, podpisanego 23 sierpnia 1939, ju\u017c we wrze\u015bniu tego\u017c roku zbrodnicze re\u017cimy Rosji i Niemiec postanowi\u0142y podzieli\u0107 Europ\u0119 niejako na p\u00f3\u0142. <\/p>\n\n\n\n<p>Granica podzia\u0142u przebiega\u0142a oczywi\u015bcie przez Polsk\u0119. Jak pami\u0119tamy, przyja\u017a\u0144 wojennych barbarzy\u0144c\u00f3w zako\u0144czy\u0142a si\u0119 w momencie ataku III Rzeszy Niemieckiej na Zwi\u0105zek Radziecki w czerwcu 1941 roku. Po drodze w kwietniu 1940 by\u0142 jeszcze Katy\u0144 i zamordowanie strza\u0142ami w ty\u0142 g\u0142owy kilkudziesi\u0119ciu tysi\u0119cy polskiej elity przyw\u00f3dczej i intelektualnej.<\/p>\n\n\n\n<p>1 sierpnia 2025 &#8211; przypad\u0142a kolejna 81 ju\u017c rocznica wybuchu Powstania Warszawskiego, bohaterskiego i strace\u0144czego zrywu polskiego spo\u0142ecze\u0144stwa przeciwko niemieckim okupantom. Powstanie wybuch\u0142o m. in. w nadziei, i\u017c maszeruj\u0105ca szybko na zach\u00f3d Armia Radziecka &#8222;pomo\u017ce&#8221; wyzwoli\u0107 Warszaw\u0119 ju\u017c w sierpniu 1944. Okaza\u0142o si\u0119 jednak, \u017ce wojska radzieckie zatrzyma\u0142y si\u0119 na linii Wis\u0142y, aby bezdusznie obserwowa\u0107 zag\u0142ad\u0119 Warszawy oraz, by j\u0105 nast\u0119pnie &#8222;wyzwoli\u0107&#8221; dopiero w styczniu 1945 roku.<\/p>\n\n\n\n<p>Wcze\u015bniej by\u0142y &#8222;konferencje pokojowe&#8221; w Teheranie, a potem w Ja\u0142cie i Poczdamie, w konsekwencji kt\u00f3rych nasta\u0142o komunistyczne zniewolenie Polski i kolejny podzia\u0142 Europy na strefy wp\u0142yw\u00f3w. Jak \u015bpiewa Jacek Kaczmarski &#8211; tylko &#8222;Stalin dosta\u0142 to, co chcia\u0142&#8221;. Nast\u0105pi\u0142 okupacyjny podzia\u0142 Niemiec oraz zapad\u0142a &#8222;\u017celazna kurtyna&#8221;, kt\u00f3rej ostateczne zrzucenie zaj\u0119\u0142o kolejnych par\u0119dziesi\u0105t lat.<\/p>\n\n\n\n<p>31 sierpniu 1980 r. jako nastolatek siedzia\u0142em za kultowym kolorowym parawanem na pla\u017cy w Niechorzu, z siermi\u0119\u017cnym radzieckim odbiornikiem radiowym przy uchu. Ws\u0142uchiwa\u0142em si\u0119 w ezoteryczne trzaski i zgrzyty Radia Wolna Europa (RWE), p\u0142yn\u0105ce do nas przez fale Morza Ba\u0142tyckiego. Z trudem da\u0142o si\u0119 wychwyci\u0107 sens radiowego przekazu RWE, ale do dzi\u015b brzmi mi w uszach charakterystyczne i niezapomniane przes\u0142anie&nbsp;<em>Tu rozg\u0142o\u015bnia polska Radia Wolna Europa<\/em>&#8230; To wtedy narodzi\u0142a si\u0119 w Gda\u0144sku &#8222;Solidarno\u015b\u0107&#8221; i tym samym rozpocz\u0105\u0142 si\u0119 proces demonta\u017cu systemu komunistycznego zniewolenia w Polsce i naszej cz\u0119\u015bci Europy. Tak, by\u0142 przy tym Lech Wa\u0142\u0119sa.<\/p>\n\n\n\n<p>Zaraz po maturze w 1986 roku wyjecha\u0142em z Polski do W\u0142och, a potem do Kanady. W sierpniu 1989 r. z Budapesztu \u015bledzi\u0142em w w\u0119gierskiej telewizji tworzenie si\u0119 rz\u0105du Tadeusza Mazowieckiego. Przyja\u017a\u0144 w\u0119giersko-polska mia\u0142a si\u0119 wtedy znakomicie \u2013 powiedzia\u0142bym, \u017ce lepiej ni\u017c dzi\u015b. Siedzia\u0142em na kanapie u przyjaci\u00f3\u0142ki, kt\u00f3ra t\u0142umaczy\u0142a mi cierpliwie z w\u0119gierskiego na angielski, co dzia\u0142o si\u0119 w moim kraju, a mianowicie, \u017ce przysz\u0142a wolno\u015b\u0107.<\/p>\n\n\n\n<p>W\u0142a\u015bciwie to dzisiaj te\u017c chcia\u0142bym tak jak kiedy\u015b, pokr\u0119ci\u0107 ga\u0142k\u0105, by lepiej zrozumie\u0107, o co naprawd\u0119 w tym wszystkim chodzi. Najlepiej to by\u0142oby zatrzyma\u0107 wtedy czas \u2013 w epoce naiwnej dzieci\u0119cej niewinno\u015bci, pozostaj\u0105c ws\u0142uchanym w eteryczny szum morskich fal.<\/p>\n\n\n\n<p>Przez kolejne lata, gdy niczyje stawa\u0142o si\u0119 coraz bardziej nasze, b\u0142\u0105ka\u0142em si\u0119 po \u015bwiecie, targany nieprawdopodobnymi nami\u0119tno\u015bciami, z lekka bujaj\u0105c w ob\u0142okach, a co mi tam. Bywa\u0142o r\u00f3\u017cnie. Powr\u00f3t do mojej ma\u0142ej ojczyzny po prawie 35 latach nie jest bynajmniej \u0142atwy. Uczucie niewinnej sielanki sprzed lat prys\u0142o niczym ba\u0144ka mydlana. Zrozumia\u0142em, \u017ce czas w ko\u0144cu zach\u0142ysn\u0105\u0107 si\u0119 odzyskan\u0105 wolno\u015bci\u0105. Ale czy si\u0119 da?<\/p>\n\n\n\n<p>Niespe\u0142na miesi\u0105c temu &#8211; 26 lipca 2025 roku &#8211; w samo po\u0142udnie &#8211; przez g\u0142\u00f3wn\u0105 ulic\u0119 Kielc przemaszerowa\u0142 poch\u00f3d przeciwko &#8222;nielegalnej imigracji&#8221; oraz powstaniu w naszym mie\u015bcie Centrum Integracji Cudzoziemc\u00f3w, zorganizowany przez &#8222;Kieleckich Patriot\u00f3w&#8221;. Ich patronem i bohaterem jest m. in. Janusz Walu\u015b &#8211; polski emigrant do RPA, zwolennik apartheidu i morderca czarnosk\u00f3rego Chrisa Haniego w roku 1993. W haniebnym i skandalicznym pochodzie domniemani lokalni patrioci przemaszerowali z Walusiem na czele, wraz z pi\u0142karskimi kibicami Korony Kielce oraz wyborcami faszysty i &#8211; wywodz\u0105cego si\u0119 ze \u015bwi\u0119tokrzyskich Mirogonowic &#8211; antysemity europos\u0142a Grzegorza Brauna.<\/p>\n\n\n\n<p>Demonstracja przesz\u0142a od kieleckiego dworca PKP do \u015awi\u0119tokrzyskiego Urz\u0119du Wojew\u00f3dzkiego, po drodze mijaj\u0105c miejsce powojennego pogromu \u017cydowskich mieszka\u0144c\u00f3w Kielc (4 lipca 1946 roku). Cokolwiek nale\u017ca\u0142oby doda\u0107 do tej kr\u00f3tkiej relacji, nie ma usprawiedliwienia dla antysemityzmu oraz rasizmu, kt\u00f3re w spos\u00f3b uw\u0142aczaj\u0105cy nam wszystkim objawiaj\u0105 si\u0119 coraz dobitniej w polskim \u017cyciu publicznym. Nie powinno by\u0107 w nim miejsca dla Walusi\u00f3w, Braun\u00f3w i B\u0105kiewicz\u00f3w!<\/p>\n\n\n\n<p>Tak oto budz\u0105 si\u0119 w naszym kraju dawno zapomniane demony przesz\u0142o\u015bci, tak oto na naszych oczach odradza si\u0119 faszyzm. Czy\u017cby\u015bmy byli \u015bwiadkami kolejnej &#8222;ucieczki od wolno\u015bci&#8221;? A mo\u017ce chodzi raczej o &#8211; jak mawia nadprezes Kaczy\u0144ski &#8211; &#8222;syndrom sztok-sztook-sztoookholmski&#8221;? Trudno powiedzie\u0107. Mam jednak nieodparte wra\u017cenie, i\u017c pewna cz\u0119\u015b\u0107 naszego spo\u0142ecze\u0144stwa nie mo\u017ce po prostu \u017cy\u0107 bez babrania si\u0119 w bagnie historii. I to nie tylko w Kielcach.<\/p>\n\n\n\n<p><\/p>\n\n\n\n<p><\/p>\n","protected":false},"excerpt":{"rendered":"<p>To, co dzi\u015b jest stare, kiedy\u015b by\u0142o nowe. To, co dzi\u015b jest nasze, kiedy\u015b nasze nie by\u0142o. Nie by\u0142o te\u017c cudze, bo w powszechnym mniemaniu by\u0142o niczyje \u2013 a skoro niczyje, to wszyscy mieli to gdzie\u015b.<br \/>\n<br \/>\nJeste\u015bmy pokoleniem naprawd\u0119 szcz\u0119\u015bliwym, gdy\u017c na naszych oczach dokona\u0142y si\u0119 w Polsce po roku 1989 przemiany, o jakich wielu przed nami mog\u0142o tylko pomarzy\u0107. Wydawa\u0142o si\u0119, \u017ce poprzez przyst\u0105pienie do NATO oraz Unii Europejskiej nareszcie uda\u0142o nam si\u0119 wydosta\u0107 z geopolitycznego koszmaru Europy \u015arodkowo-Wschodniej. Dzisiaj niestety po raz kolejny przychodzi nam stawi\u0107 czo\u0142a &#8222;niezamierzonym konsekwencjom&#8221; dopiero co odzyskanej wolno\u015bci.<br \/>\n<br \/>\nNiespe\u0142na miesi\u0105c temu &#8211; 26 lipca 2025 roku &#8211; w samo po\u0142udnie &#8211; przez g\u0142\u00f3wn\u0105 ulic\u0119 Kielc przemaszerowa\u0142 poch\u00f3d przeciwko &#8222;nielegalnej imigracji&#8221; oraz powstaniu w naszym mie\u015bcie Centrum Integracji Cudzoziemc\u00f3w, zorganizowany przez &#8222;Kieleckich Patriot\u00f3w&#8221;.<br \/>\n<br \/>\nIch patronem i bohaterem jest m. in. Janusz Walu\u015b &#8211; polski emigrant do RPA, zwolennik apartheidu i morderca czarnosk\u00f3rego Chrisa Haniego w roku 1993. W haniebnym i skandalicznym pochodzie domniemani lokalni patrioci przemaszerowali z Walusiem na czele, wraz z pi\u0142karskimi kibicami Korony Kielce oraz wyborcami faszysty i &#8211; pochodz\u0105cego ze \u015bwi\u0119tokrzyskich Mirogonowic &#8211; antysemity europos\u0142a Grzegorza Brauna.<br \/>\n<br \/>\nDemonstracja przesz\u0142a od kieleckiego dworca PKP do \u015awi\u0119tokrzyskiego Urz\u0119du Wojew\u00f3dzkiego, po drodze mijaj\u0105c miejsce powojennego pogromu \u017cydowskich mieszka\u0144c\u00f3w Kielc (4 lipca 1946 roku). Cokolwiek nale\u017ca\u0142oby doda\u0107 do tej kr\u00f3tkiej relacji, nie ma usprawiedliwienia dla antysemityzmu oraz rasizmu, kt\u00f3re w spos\u00f3b uw\u0142aczaj\u0105cy nam wszystkim objawiaj\u0105 si\u0119 coraz dobitniej w polskim \u017cyciu publicznym. Nie powinno by\u0107 w nim miejsca dla Walusi\u00f3w, Braun\u00f3w i B\u0105kiewicz\u00f3w!<br \/>\n<br \/>\nTak oto budz\u0105 si\u0119 w naszym kraju dawno zapomniane demony przesz\u0142o\u015bci, tak oto na naszych oczach odradza si\u0119 faszyzm. Czy\u017cby\u015bmy byli \u015bwiadkami kolejnej &#8222;ucieczki od wolno\u015bci&#8221;? A mo\u017ce chodzi raczej o &#8211; jak mawia nadprezes Kaczy\u0144ski &#8211; &#8222;syndrom sztok-sztook-sztoookholmski&#8221;? Trudno powiedzie\u0107. Mam jednak nieodparte wra\u017cenie, i\u017c pewna cz\u0119\u015b\u0107 naszego spo\u0142ecze\u0144stwa nie mo\u017ce po prostu \u017cy\u0107 bez babrania si\u0119 w bagnie historii. I to nie tylko w Kielcach.<\/p>\n","protected":false},"author":1,"featured_media":16131,"comment_status":"closed","ping_status":"closed","sticky":false,"template":"","format":"standard","meta":{"colormag_page_container_layout":"no_sidebar_content_centered","colormag_page_sidebar_layout":"no_sidebar","_jetpack_memberships_contains_paid_content":false,"footnotes":"","_links_to":"","_links_to_target":""},"categories":[64,42,48],"tags":[],"class_list":["post-7009","post","type-post","status-publish","format-standard","has-post-thumbnail","hentry","category-aktualnosci","category-felietony","category-wiecej-swiatla"],"yoast_head":"<!-- This site is optimized with the Yoast SEO plugin v27.4 - https:\/\/yoast.com\/product\/yoast-seo-wordpress\/ -->\n<title>KIELCE. Historia i tera\u017aniejszo\u015b\u0107 - NOTABENE.WORLD<\/title>\n<meta name=\"robots\" content=\"index, follow, max-snippet:-1, max-image-preview:large, max-video-preview:-1\" \/>\n<link rel=\"canonical\" href=\"https:\/\/notabene.world\/nb\/historia-i-terazniejszosc\/\" \/>\n<meta property=\"og:locale\" content=\"pl_PL\" \/>\n<meta property=\"og:type\" content=\"article\" \/>\n<meta property=\"og:title\" content=\"KIELCE. Historia i tera\u017aniejszo\u015b\u0107 - NOTABENE.WORLD\" \/>\n<meta property=\"og:description\" content=\"To, co dzi\u015b jest stare, kiedy\u015b by\u0142o nowe. To, co dzi\u015b jest nasze, kiedy\u015b nasze nie by\u0142o. Nie by\u0142o te\u017c cudze, bo w powszechnym mniemaniu by\u0142o niczyje \u2013 a skoro niczyje, to wszyscy mieli to gdzie\u015b. Jeste\u015bmy pokoleniem naprawd\u0119 szcz\u0119\u015bliwym, gdy\u017c na naszych oczach dokona\u0142y si\u0119 w Polsce po roku 1989 przemiany, o jakich wielu przed nami mog\u0142o tylko pomarzy\u0107. Wydawa\u0142o si\u0119, \u017ce poprzez przyst\u0105pienie do NATO oraz Unii Europejskiej nareszcie uda\u0142o nam si\u0119 wydosta\u0107 z geopolitycznego koszmaru Europy \u015arodkowo-Wschodniej. Dzisiaj niestety po raz kolejny przychodzi nam stawi\u0107 czo\u0142a &quot;niezamierzonym konsekwencjom&quot; dopiero co odzyskanej wolno\u015bci. Niespe\u0142na miesi\u0105c temu - 26 lipca 2025 roku - w samo po\u0142udnie - przez g\u0142\u00f3wn\u0105 ulic\u0119 Kielc przemaszerowa\u0142 poch\u00f3d przeciwko &quot;nielegalnej imigracji&quot; oraz powstaniu w naszym mie\u015bcie Centrum Integracji Cudzoziemc\u00f3w, zorganizowany przez &quot;Kieleckich Patriot\u00f3w&quot;. Ich patronem i bohaterem jest m. in. Janusz Walu\u015b - polski emigrant do RPA, zwolennik apartheidu i morderca czarnosk\u00f3rego Chrisa Haniego w roku 1993. W haniebnym i skandalicznym pochodzie domniemani lokalni patrioci przemaszerowali z Walusiem na czele, wraz z pi\u0142karskimi kibicami Korony Kielce oraz wyborcami faszysty i - pochodz\u0105cego ze \u015bwi\u0119tokrzyskich Mirogonowic - antysemity europos\u0142a Grzegorza Brauna. Demonstracja przesz\u0142a od kieleckiego dworca PKP do \u015awi\u0119tokrzyskiego Urz\u0119du Wojew\u00f3dzkiego, po drodze mijaj\u0105c miejsce powojennego pogromu \u017cydowskich mieszka\u0144c\u00f3w Kielc (4 lipca 1946 roku). Cokolwiek nale\u017ca\u0142oby doda\u0107 do tej kr\u00f3tkiej relacji, nie ma usprawiedliwienia dla antysemityzmu oraz rasizmu, kt\u00f3re w spos\u00f3b uw\u0142aczaj\u0105cy nam wszystkim objawiaj\u0105 si\u0119 coraz dobitniej w polskim \u017cyciu publicznym. Nie powinno by\u0107 w nim miejsca dla Walusi\u00f3w, Braun\u00f3w i B\u0105kiewicz\u00f3w! Tak oto budz\u0105 si\u0119 w naszym kraju dawno zapomniane demony przesz\u0142o\u015bci, tak oto na naszych oczach odradza si\u0119 faszyzm. Czy\u017cby\u015bmy byli \u015bwiadkami kolejnej &quot;ucieczki od wolno\u015bci&quot;? A mo\u017ce chodzi raczej o - jak mawia nadprezes Kaczy\u0144ski - &quot;syndrom sztok-sztook-sztoookholmski&quot;? Trudno powiedzie\u0107. Mam jednak nieodparte wra\u017cenie, i\u017c pewna cz\u0119\u015b\u0107 naszego spo\u0142ecze\u0144stwa nie mo\u017ce po prostu \u017cy\u0107 bez babrania si\u0119 w bagnie historii. I to nie tylko w Kielcach.\" \/>\n<meta property=\"og:url\" content=\"https:\/\/notabene.world\/nb\/historia-i-terazniejszosc\/\" \/>\n<meta property=\"og:site_name\" content=\"NOTABENE.WORLD\" \/>\n<meta property=\"article:publisher\" content=\"https:\/\/www.facebook.com\/Notabene.World\" \/>\n<meta property=\"article:published_time\" content=\"2025-08-31T23:59:00+00:00\" \/>\n<meta property=\"article:modified_time\" content=\"2026-03-04T17:06:28+00:00\" \/>\n<meta property=\"og:image\" content=\"https:\/\/notabene.world\/nb\/wp-content\/uploads\/2024\/08\/droga11.jpg\" \/>\n\t<meta property=\"og:image:width\" content=\"800\" \/>\n\t<meta property=\"og:image:height\" content=\"445\" \/>\n\t<meta property=\"og:image:type\" content=\"image\/jpeg\" \/>\n<meta name=\"author\" content=\"C vel K\" \/>\n<meta name=\"twitter:card\" content=\"summary_large_image\" \/>\n<meta name=\"twitter:label1\" content=\"Napisane przez\" \/>\n\t<meta name=\"twitter:data1\" content=\"C vel K\" \/>\n\t<meta name=\"twitter:label2\" content=\"Szacowany czas czytania\" \/>\n\t<meta name=\"twitter:data2\" content=\"5 minut\" \/>\n<script type=\"application\/ld+json\" class=\"yoast-schema-graph\">{\"@context\":\"https:\\\/\\\/schema.org\",\"@graph\":[{\"@type\":\"Article\",\"@id\":\"https:\\\/\\\/notabene.world\\\/nb\\\/historia-i-terazniejszosc\\\/#article\",\"isPartOf\":{\"@id\":\"https:\\\/\\\/notabene.world\\\/nb\\\/historia-i-terazniejszosc\\\/\"},\"author\":{\"name\":\"C vel K\",\"@id\":\"https:\\\/\\\/notabene.world\\\/nb\\\/#\\\/schema\\\/person\\\/2227ed509f9261e544f6078919e1981d\"},\"headline\":\"KIELCE. Historia i tera\u017aniejszo\u015b\u0107\",\"datePublished\":\"2025-08-31T23:59:00+00:00\",\"dateModified\":\"2026-03-04T17:06:28+00:00\",\"mainEntityOfPage\":{\"@id\":\"https:\\\/\\\/notabene.world\\\/nb\\\/historia-i-terazniejszosc\\\/\"},\"wordCount\":1031,\"publisher\":{\"@id\":\"https:\\\/\\\/notabene.world\\\/nb\\\/#organization\"},\"image\":{\"@id\":\"https:\\\/\\\/notabene.world\\\/nb\\\/historia-i-terazniejszosc\\\/#primaryimage\"},\"thumbnailUrl\":\"https:\\\/\\\/i0.wp.com\\\/notabene.world\\\/nb\\\/wp-content\\\/uploads\\\/2024\\\/08\\\/droga11.jpg?fit=800%2C445&ssl=1\",\"articleSection\":[\"Aktualno\u015bci\",\"Felietony\",\"WI\u0118CEJ \u015aWIAT(\u0141)A\"],\"inLanguage\":\"pl-PL\"},{\"@type\":\"WebPage\",\"@id\":\"https:\\\/\\\/notabene.world\\\/nb\\\/historia-i-terazniejszosc\\\/\",\"url\":\"https:\\\/\\\/notabene.world\\\/nb\\\/historia-i-terazniejszosc\\\/\",\"name\":\"KIELCE. Historia i tera\u017aniejszo\u015b\u0107 - NOTABENE.WORLD\",\"isPartOf\":{\"@id\":\"https:\\\/\\\/notabene.world\\\/nb\\\/#website\"},\"primaryImageOfPage\":{\"@id\":\"https:\\\/\\\/notabene.world\\\/nb\\\/historia-i-terazniejszosc\\\/#primaryimage\"},\"image\":{\"@id\":\"https:\\\/\\\/notabene.world\\\/nb\\\/historia-i-terazniejszosc\\\/#primaryimage\"},\"thumbnailUrl\":\"https:\\\/\\\/i0.wp.com\\\/notabene.world\\\/nb\\\/wp-content\\\/uploads\\\/2024\\\/08\\\/droga11.jpg?fit=800%2C445&ssl=1\",\"datePublished\":\"2025-08-31T23:59:00+00:00\",\"dateModified\":\"2026-03-04T17:06:28+00:00\",\"breadcrumb\":{\"@id\":\"https:\\\/\\\/notabene.world\\\/nb\\\/historia-i-terazniejszosc\\\/#breadcrumb\"},\"inLanguage\":\"pl-PL\",\"potentialAction\":[{\"@type\":\"ReadAction\",\"target\":[\"https:\\\/\\\/notabene.world\\\/nb\\\/historia-i-terazniejszosc\\\/\"]}]},{\"@type\":\"ImageObject\",\"inLanguage\":\"pl-PL\",\"@id\":\"https:\\\/\\\/notabene.world\\\/nb\\\/historia-i-terazniejszosc\\\/#primaryimage\",\"url\":\"https:\\\/\\\/i0.wp.com\\\/notabene.world\\\/nb\\\/wp-content\\\/uploads\\\/2024\\\/08\\\/droga11.jpg?fit=800%2C445&ssl=1\",\"contentUrl\":\"https:\\\/\\\/i0.wp.com\\\/notabene.world\\\/nb\\\/wp-content\\\/uploads\\\/2024\\\/08\\\/droga11.jpg?fit=800%2C445&ssl=1\",\"width\":800,\"height\":445},{\"@type\":\"BreadcrumbList\",\"@id\":\"https:\\\/\\\/notabene.world\\\/nb\\\/historia-i-terazniejszosc\\\/#breadcrumb\",\"itemListElement\":[{\"@type\":\"ListItem\",\"position\":1,\"name\":\"Home\",\"item\":\"https:\\\/\\\/notabene.world\\\/nb\\\/\"},{\"@type\":\"ListItem\",\"position\":2,\"name\":\"KIELCE. Historia i tera\u017aniejszo\u015b\u0107\"}]},{\"@type\":\"WebSite\",\"@id\":\"https:\\\/\\\/notabene.world\\\/nb\\\/#website\",\"url\":\"https:\\\/\\\/notabene.world\\\/nb\\\/\",\"name\":\"NOTABENE.WORLD\",\"description\":\"Przekaz. Warto\u015bci. Wsp\u00f3lnota.\",\"publisher\":{\"@id\":\"https:\\\/\\\/notabene.world\\\/nb\\\/#organization\"},\"potentialAction\":[{\"@type\":\"SearchAction\",\"target\":{\"@type\":\"EntryPoint\",\"urlTemplate\":\"https:\\\/\\\/notabene.world\\\/nb\\\/?s={search_term_string}\"},\"query-input\":{\"@type\":\"PropertyValueSpecification\",\"valueRequired\":true,\"valueName\":\"search_term_string\"}}],\"inLanguage\":\"pl-PL\"},{\"@type\":\"Organization\",\"@id\":\"https:\\\/\\\/notabene.world\\\/nb\\\/#organization\",\"name\":\"NOTABENE.WORLD\",\"url\":\"https:\\\/\\\/notabene.world\\\/nb\\\/\",\"logo\":{\"@type\":\"ImageObject\",\"inLanguage\":\"pl-PL\",\"@id\":\"https:\\\/\\\/notabene.world\\\/nb\\\/#\\\/schema\\\/logo\\\/image\\\/\",\"url\":\"https:\\\/\\\/notabene.world\\\/nb\\\/wp-content\\\/uploads\\\/2022\\\/01\\\/NB-club-start-www1.jpg\",\"contentUrl\":\"https:\\\/\\\/notabene.world\\\/nb\\\/wp-content\\\/uploads\\\/2022\\\/01\\\/NB-club-start-www1.jpg\",\"width\":1000,\"height\":839,\"caption\":\"NOTABENE.WORLD\"},\"image\":{\"@id\":\"https:\\\/\\\/notabene.world\\\/nb\\\/#\\\/schema\\\/logo\\\/image\\\/\"},\"sameAs\":[\"https:\\\/\\\/www.facebook.com\\\/Notabene.World\"]},{\"@type\":\"Person\",\"@id\":\"https:\\\/\\\/notabene.world\\\/nb\\\/#\\\/schema\\\/person\\\/2227ed509f9261e544f6078919e1981d\",\"name\":\"C vel K\",\"image\":{\"@type\":\"ImageObject\",\"inLanguage\":\"pl-PL\",\"@id\":\"https:\\\/\\\/secure.gravatar.com\\\/avatar\\\/da4181237ddf77c667487dd66af5231faaf45fbcb0774d7a408f868da56bf04c?s=96&d=mm&r=g\",\"url\":\"https:\\\/\\\/secure.gravatar.com\\\/avatar\\\/da4181237ddf77c667487dd66af5231faaf45fbcb0774d7a408f868da56bf04c?s=96&d=mm&r=g\",\"contentUrl\":\"https:\\\/\\\/secure.gravatar.com\\\/avatar\\\/da4181237ddf77c667487dd66af5231faaf45fbcb0774d7a408f868da56bf04c?s=96&d=mm&r=g\",\"caption\":\"C vel K\"},\"url\":\"https:\\\/\\\/notabene.world\\\/nb\\\/author\\\/kcedro\\\/\"}]}<\/script>\n<!-- \/ Yoast SEO plugin. -->","yoast_head_json":{"title":"KIELCE. Historia i tera\u017aniejszo\u015b\u0107 - NOTABENE.WORLD","robots":{"index":"index","follow":"follow","max-snippet":"max-snippet:-1","max-image-preview":"max-image-preview:large","max-video-preview":"max-video-preview:-1"},"canonical":"https:\/\/notabene.world\/nb\/historia-i-terazniejszosc\/","og_locale":"pl_PL","og_type":"article","og_title":"KIELCE. Historia i tera\u017aniejszo\u015b\u0107 - NOTABENE.WORLD","og_description":"To, co dzi\u015b jest stare, kiedy\u015b by\u0142o nowe. To, co dzi\u015b jest nasze, kiedy\u015b nasze nie by\u0142o. Nie by\u0142o te\u017c cudze, bo w powszechnym mniemaniu by\u0142o niczyje \u2013 a skoro niczyje, to wszyscy mieli to gdzie\u015b. Jeste\u015bmy pokoleniem naprawd\u0119 szcz\u0119\u015bliwym, gdy\u017c na naszych oczach dokona\u0142y si\u0119 w Polsce po roku 1989 przemiany, o jakich wielu przed nami mog\u0142o tylko pomarzy\u0107. Wydawa\u0142o si\u0119, \u017ce poprzez przyst\u0105pienie do NATO oraz Unii Europejskiej nareszcie uda\u0142o nam si\u0119 wydosta\u0107 z geopolitycznego koszmaru Europy \u015arodkowo-Wschodniej. Dzisiaj niestety po raz kolejny przychodzi nam stawi\u0107 czo\u0142a \"niezamierzonym konsekwencjom\" dopiero co odzyskanej wolno\u015bci. Niespe\u0142na miesi\u0105c temu - 26 lipca 2025 roku - w samo po\u0142udnie - przez g\u0142\u00f3wn\u0105 ulic\u0119 Kielc przemaszerowa\u0142 poch\u00f3d przeciwko \"nielegalnej imigracji\" oraz powstaniu w naszym mie\u015bcie Centrum Integracji Cudzoziemc\u00f3w, zorganizowany przez \"Kieleckich Patriot\u00f3w\". Ich patronem i bohaterem jest m. in. Janusz Walu\u015b - polski emigrant do RPA, zwolennik apartheidu i morderca czarnosk\u00f3rego Chrisa Haniego w roku 1993. W haniebnym i skandalicznym pochodzie domniemani lokalni patrioci przemaszerowali z Walusiem na czele, wraz z pi\u0142karskimi kibicami Korony Kielce oraz wyborcami faszysty i - pochodz\u0105cego ze \u015bwi\u0119tokrzyskich Mirogonowic - antysemity europos\u0142a Grzegorza Brauna. Demonstracja przesz\u0142a od kieleckiego dworca PKP do \u015awi\u0119tokrzyskiego Urz\u0119du Wojew\u00f3dzkiego, po drodze mijaj\u0105c miejsce powojennego pogromu \u017cydowskich mieszka\u0144c\u00f3w Kielc (4 lipca 1946 roku). Cokolwiek nale\u017ca\u0142oby doda\u0107 do tej kr\u00f3tkiej relacji, nie ma usprawiedliwienia dla antysemityzmu oraz rasizmu, kt\u00f3re w spos\u00f3b uw\u0142aczaj\u0105cy nam wszystkim objawiaj\u0105 si\u0119 coraz dobitniej w polskim \u017cyciu publicznym. Nie powinno by\u0107 w nim miejsca dla Walusi\u00f3w, Braun\u00f3w i B\u0105kiewicz\u00f3w! Tak oto budz\u0105 si\u0119 w naszym kraju dawno zapomniane demony przesz\u0142o\u015bci, tak oto na naszych oczach odradza si\u0119 faszyzm. Czy\u017cby\u015bmy byli \u015bwiadkami kolejnej \"ucieczki od wolno\u015bci\"? A mo\u017ce chodzi raczej o - jak mawia nadprezes Kaczy\u0144ski - \"syndrom sztok-sztook-sztoookholmski\"? Trudno powiedzie\u0107. Mam jednak nieodparte wra\u017cenie, i\u017c pewna cz\u0119\u015b\u0107 naszego spo\u0142ecze\u0144stwa nie mo\u017ce po prostu \u017cy\u0107 bez babrania si\u0119 w bagnie historii. I to nie tylko w Kielcach.","og_url":"https:\/\/notabene.world\/nb\/historia-i-terazniejszosc\/","og_site_name":"NOTABENE.WORLD","article_publisher":"https:\/\/www.facebook.com\/Notabene.World","article_published_time":"2025-08-31T23:59:00+00:00","article_modified_time":"2026-03-04T17:06:28+00:00","og_image":[{"width":800,"height":445,"url":"https:\/\/notabene.world\/nb\/wp-content\/uploads\/2024\/08\/droga11.jpg","type":"image\/jpeg"}],"author":"C vel K","twitter_card":"summary_large_image","twitter_misc":{"Napisane przez":"C vel K","Szacowany czas czytania":"5 minut"},"schema":{"@context":"https:\/\/schema.org","@graph":[{"@type":"Article","@id":"https:\/\/notabene.world\/nb\/historia-i-terazniejszosc\/#article","isPartOf":{"@id":"https:\/\/notabene.world\/nb\/historia-i-terazniejszosc\/"},"author":{"name":"C vel K","@id":"https:\/\/notabene.world\/nb\/#\/schema\/person\/2227ed509f9261e544f6078919e1981d"},"headline":"KIELCE. Historia i tera\u017aniejszo\u015b\u0107","datePublished":"2025-08-31T23:59:00+00:00","dateModified":"2026-03-04T17:06:28+00:00","mainEntityOfPage":{"@id":"https:\/\/notabene.world\/nb\/historia-i-terazniejszosc\/"},"wordCount":1031,"publisher":{"@id":"https:\/\/notabene.world\/nb\/#organization"},"image":{"@id":"https:\/\/notabene.world\/nb\/historia-i-terazniejszosc\/#primaryimage"},"thumbnailUrl":"https:\/\/i0.wp.com\/notabene.world\/nb\/wp-content\/uploads\/2024\/08\/droga11.jpg?fit=800%2C445&ssl=1","articleSection":["Aktualno\u015bci","Felietony","WI\u0118CEJ \u015aWIAT(\u0141)A"],"inLanguage":"pl-PL"},{"@type":"WebPage","@id":"https:\/\/notabene.world\/nb\/historia-i-terazniejszosc\/","url":"https:\/\/notabene.world\/nb\/historia-i-terazniejszosc\/","name":"KIELCE. Historia i tera\u017aniejszo\u015b\u0107 - NOTABENE.WORLD","isPartOf":{"@id":"https:\/\/notabene.world\/nb\/#website"},"primaryImageOfPage":{"@id":"https:\/\/notabene.world\/nb\/historia-i-terazniejszosc\/#primaryimage"},"image":{"@id":"https:\/\/notabene.world\/nb\/historia-i-terazniejszosc\/#primaryimage"},"thumbnailUrl":"https:\/\/i0.wp.com\/notabene.world\/nb\/wp-content\/uploads\/2024\/08\/droga11.jpg?fit=800%2C445&ssl=1","datePublished":"2025-08-31T23:59:00+00:00","dateModified":"2026-03-04T17:06:28+00:00","breadcrumb":{"@id":"https:\/\/notabene.world\/nb\/historia-i-terazniejszosc\/#breadcrumb"},"inLanguage":"pl-PL","potentialAction":[{"@type":"ReadAction","target":["https:\/\/notabene.world\/nb\/historia-i-terazniejszosc\/"]}]},{"@type":"ImageObject","inLanguage":"pl-PL","@id":"https:\/\/notabene.world\/nb\/historia-i-terazniejszosc\/#primaryimage","url":"https:\/\/i0.wp.com\/notabene.world\/nb\/wp-content\/uploads\/2024\/08\/droga11.jpg?fit=800%2C445&ssl=1","contentUrl":"https:\/\/i0.wp.com\/notabene.world\/nb\/wp-content\/uploads\/2024\/08\/droga11.jpg?fit=800%2C445&ssl=1","width":800,"height":445},{"@type":"BreadcrumbList","@id":"https:\/\/notabene.world\/nb\/historia-i-terazniejszosc\/#breadcrumb","itemListElement":[{"@type":"ListItem","position":1,"name":"Home","item":"https:\/\/notabene.world\/nb\/"},{"@type":"ListItem","position":2,"name":"KIELCE. Historia i tera\u017aniejszo\u015b\u0107"}]},{"@type":"WebSite","@id":"https:\/\/notabene.world\/nb\/#website","url":"https:\/\/notabene.world\/nb\/","name":"NOTABENE.WORLD","description":"Przekaz. Warto\u015bci. Wsp\u00f3lnota.","publisher":{"@id":"https:\/\/notabene.world\/nb\/#organization"},"potentialAction":[{"@type":"SearchAction","target":{"@type":"EntryPoint","urlTemplate":"https:\/\/notabene.world\/nb\/?s={search_term_string}"},"query-input":{"@type":"PropertyValueSpecification","valueRequired":true,"valueName":"search_term_string"}}],"inLanguage":"pl-PL"},{"@type":"Organization","@id":"https:\/\/notabene.world\/nb\/#organization","name":"NOTABENE.WORLD","url":"https:\/\/notabene.world\/nb\/","logo":{"@type":"ImageObject","inLanguage":"pl-PL","@id":"https:\/\/notabene.world\/nb\/#\/schema\/logo\/image\/","url":"https:\/\/notabene.world\/nb\/wp-content\/uploads\/2022\/01\/NB-club-start-www1.jpg","contentUrl":"https:\/\/notabene.world\/nb\/wp-content\/uploads\/2022\/01\/NB-club-start-www1.jpg","width":1000,"height":839,"caption":"NOTABENE.WORLD"},"image":{"@id":"https:\/\/notabene.world\/nb\/#\/schema\/logo\/image\/"},"sameAs":["https:\/\/www.facebook.com\/Notabene.World"]},{"@type":"Person","@id":"https:\/\/notabene.world\/nb\/#\/schema\/person\/2227ed509f9261e544f6078919e1981d","name":"C vel K","image":{"@type":"ImageObject","inLanguage":"pl-PL","@id":"https:\/\/secure.gravatar.com\/avatar\/da4181237ddf77c667487dd66af5231faaf45fbcb0774d7a408f868da56bf04c?s=96&d=mm&r=g","url":"https:\/\/secure.gravatar.com\/avatar\/da4181237ddf77c667487dd66af5231faaf45fbcb0774d7a408f868da56bf04c?s=96&d=mm&r=g","contentUrl":"https:\/\/secure.gravatar.com\/avatar\/da4181237ddf77c667487dd66af5231faaf45fbcb0774d7a408f868da56bf04c?s=96&d=mm&r=g","caption":"C vel K"},"url":"https:\/\/notabene.world\/nb\/author\/kcedro\/"}]}},"jetpack_featured_media_url":"https:\/\/i0.wp.com\/notabene.world\/nb\/wp-content\/uploads\/2024\/08\/droga11.jpg?fit=800%2C445&ssl=1","jetpack_sharing_enabled":true,"jetpack_shortlink":"https:\/\/wp.me\/pdCobN-1P3","_links":{"self":[{"href":"https:\/\/notabene.world\/nb\/wp-json\/wp\/v2\/posts\/7009","targetHints":{"allow":["GET"]}}],"collection":[{"href":"https:\/\/notabene.world\/nb\/wp-json\/wp\/v2\/posts"}],"about":[{"href":"https:\/\/notabene.world\/nb\/wp-json\/wp\/v2\/types\/post"}],"author":[{"embeddable":true,"href":"https:\/\/notabene.world\/nb\/wp-json\/wp\/v2\/users\/1"}],"replies":[{"embeddable":true,"href":"https:\/\/notabene.world\/nb\/wp-json\/wp\/v2\/comments?post=7009"}],"version-history":[{"count":5,"href":"https:\/\/notabene.world\/nb\/wp-json\/wp\/v2\/posts\/7009\/revisions"}],"predecessor-version":[{"id":19379,"href":"https:\/\/notabene.world\/nb\/wp-json\/wp\/v2\/posts\/7009\/revisions\/19379"}],"wp:featuredmedia":[{"embeddable":true,"href":"https:\/\/notabene.world\/nb\/wp-json\/wp\/v2\/media\/16131"}],"wp:attachment":[{"href":"https:\/\/notabene.world\/nb\/wp-json\/wp\/v2\/media?parent=7009"}],"wp:term":[{"taxonomy":"category","embeddable":true,"href":"https:\/\/notabene.world\/nb\/wp-json\/wp\/v2\/categories?post=7009"},{"taxonomy":"post_tag","embeddable":true,"href":"https:\/\/notabene.world\/nb\/wp-json\/wp\/v2\/tags?post=7009"}],"curies":[{"name":"wp","href":"https:\/\/api.w.org\/{rel}","templated":true}]}}