{"id":7059,"date":"2022-08-19T23:12:27","date_gmt":"2022-08-19T21:12:27","guid":{"rendered":"https:\/\/notabene.world\/nb\/?p=7059"},"modified":"2022-08-26T20:48:52","modified_gmt":"2022-08-26T18:48:52","slug":"slon-historii","status":"publish","type":"post","link":"https:\/\/notabene.world\/nb\/slon-historii\/","title":{"rendered":"S\u0142o\u0144 Historii. A co z rybami?"},"content":{"rendered":"\n<p>Nie da si\u0119 ukry\u0107, \u017ce znajdujemy si\u0119 w strefie wojny i w tym roku sezonu og\u00f3rkowego nie b\u0119dzie. Opr\u00f3cz wojny na Wschodzie, na Zachodzie mamy sezon martwych ryb, a na granicy polsko-niemieckiej r\u00f3wnie\u017c trwa wojna, ale ekologiczna &#8211; oraz szukanie winnych&#8230; <\/p>\n\n\n\n<p>W 1939 nie by\u0142o telewizji, telefonii kom\u00f3rkowej ani internetu. Wiadomo\u015bci z frontu dociera\u0142y zatem z op\u00f3\u017anieniem,&nbsp;co dawa\u0142o wi\u0119cej czasu na oswojenie si\u0119 &#8211; je\u015bli w og\u00f3le mo\u017cna tak powiedzie\u0107 &#8211;&nbsp;z rzeczywistym horrorem II wojny&nbsp;\u015bwiatowej. Prawdopodobnie&nbsp;mo\u017cna by\u0142o nawet gdzie\u015b tamt\u0105 wojn\u0119 przeczeka\u0107.&nbsp;W 2022&nbsp;od wojny uciec si\u0119 nie da. Tym razem wojna dzieje si\u0119 nie&nbsp;tylko blisko naszych granic, ale&nbsp;tak\u017ce&nbsp;na ekranach naszych telewizor\u00f3w i komputer\u00f3w. Dzieje si\u0119 naprawd\u0119.&nbsp;Dzieje si\u0119 wsz\u0119dzie. Dzieje si\u0119 w nas.&nbsp;I&nbsp;te obrazy pozostan\u0105 z nami ju\u017c na zawsze.<\/p>\n\n\n\n<p>24 lutego 2022 run\u0105\u0142 \u015bwiat, jaki znali\u015bmy.&nbsp;Chyl\u0105ce si\u0119 ku upadkowi re\u017cimy Rosji i Bia\u0142orusi od 6 miesi\u0119cy siej\u0105 wok\u00f3\u0142&nbsp;cierpienie, terror i szanta\u017c. Zostali\u015bmy wci\u0105gni\u0119ci w&nbsp;paranoiczny amok post-komunistycznego rosyjskiego i bia\u0142oruskiego autorytaryzmu. Tak chyba nale\u017ca\u0142oby okre\u015bli\u0107 stan umys\u0142u Putina i \u0141ukaszenki, kt\u00f3rzy&nbsp;nagle&nbsp;poczuli si\u0119&nbsp;\u201ezagro\u017ceni\u201d przez NATO i europejskie aspiracje narodu ukrai\u0144skiego, a skoro tak, to&nbsp;Ukrai\u0144cy mieliby podzieli\u0107 los narod\u00f3w bezlito\u015bnie zdeptanych przez&nbsp;\u201es\u0142onia&nbsp;Historii\u201d.&nbsp;Proces ten doskonale opisa\u0142 w odniesieniu do kraj\u00f3w ba\u0142tyckich w \u201eZniewolonym umy\u015ble\u201d w roku 1951 Czes\u0142aw Mi\u0142osz. Dla&nbsp;Litwy, \u0141otwy i Estonii los okaza\u0142 si\u0119 ostatecznie \u0142askawy i&nbsp;pokojowo&nbsp;odzyska\u0142y one niepodleg\u0142o\u015b\u0107 po rozpadzie Zwi\u0105zku Radzieckiego w roku 1990. Ukraina nie ma tego szcz\u0119\u015bcia. Walka trwa.<\/p>\n\n\n\n<p>Jak wiemy \u2013 stolic\u0105 Estonii jest Tallin i nie ma na ziemi drugiego takiego miejsca.&nbsp;Wbrew do\u015b\u0107 powierzchownemu skojarzeniu, i\u017c nazwa miasta ma co\u015b wsp\u00f3lnego ze Stalinem, okazuje si\u0119, \u017ce Tallin po esto\u0144sku to po prostu \u201edu\u0144skie miasto\u201d, z najstarsz\u0105 i najlepiej zachowan\u0105 \u015bredniowieczn\u0105 fortec\u0105 w Europie. Prawdziwe serce Europy bije w\u0142a\u015bnie tutaj, gdy\u017c ka\u017cdy mo\u017ce w Estonii wirtualnie zamieszka\u0107. Od pocz\u0105tku 2019 roku Estonia oferuje jedyn\u0105 na \u015bwiecie e-rezydencj\u0119, co czyni j\u0105 najbardziej wielokulturowym krajem wsp\u00f3\u0142czesnej Europy.<\/p>\n\n\n\n<p>Europejska wielokulturowo\u015b\u0107 ma d\u0142ug\u0105 tradycj\u0119. Esto\u0144ska karta e-rezydenta nadaje jej jednak szczeg\u00f3lny i nigdzie indziej niespotykany wymiar. Z ma\u0142ego i zimnego ba\u0142tyckiego kraju prowadzi dzia\u0142alno\u015b\u0107 gospodarcz\u0105 na skal\u0119 globaln\u0105 ju\u017c niemal osiem tysi\u0119cy firm. Sami za\u015b e-rezydenci Tallina pochodz\u0105 a\u017c ze 175 kraj\u00f3w.<\/p>\n\n\n\n<p>Mo\u017cna powiedzie\u0107, \u017ce esto\u0144ski eksperyment idzie z duchem czasu, gdy\u017c coraz wi\u0119cej Europejczyk\u00f3w zadaje sobie pytania o to\u017csamo\u015b\u0107 narodow\u0105, o to, jak w\u0142a\u015bciwie j\u0105 zdefiniowa\u0107. Esto\u0144czycy ju\u017c zdecydowali za nas, \u017ce by\u0107 mo\u017ce nie ma takiej potrzeby. Nie b\u0119dzie chyba nadu\u017cyciem stwierdzenie, i\u017c w Estonii r\u00f3\u017cnice mi\u0119dzykulturowe w\u0142a\u015bciwie nie maj\u0105 znaczenia, czyli ka\u017cdy mo\u017ce sta\u0107 si\u0119 e-Esto\u0144czykiem.<\/p>\n\n\n\n<p>We wrze\u015bniu 2019, po nocy sp\u0119dzonej w fascynuj\u0105cym Tallinie, rano dotar\u0142em do Warszawy, gdzie odbywa\u0142 si\u0119 pierwszy w historii (i oby nie ostatni) Szczyt Dyplomacji Samorz\u0105dowej i Ekonomicznej. G\u0142\u00f3wn\u0105 ide\u0105 tego kongresu by\u0142a w\u0142a\u015bnie wymiana do\u015bwiadcze\u0144 w kwestiach kooperacji ponadregionalnej w \u015bwiecie podzielonym i zniewolonym bardziej ni\u017c kiedykolwiek r\u00f3\u017cnorakimi barierami. Gdzie nie spojrze\u0107, geopolitycznie i ideologicznie poszatkowana rzeczywisto\u015b\u0107 wzywa wr\u0119cz do tworzenia przestrzeni, w kt\u00f3rych swobodna wsp\u00f3\u0142praca ponadnarodowa by\u0142aby mo\u017cliwa.&nbsp;<\/p>\n\n\n\n<p>Wirtualny koncept esto\u0144skiej e-rezydencji wydaje si\u0119 mie\u0107 niesamowity potencja\u0142. Inspiracja p\u0142yn\u0105ca z regionu, kt\u00f3rego mia\u0142o nie by\u0107 na mapie (bo tak chcia\u0142 Stalin) jest bezcenna.&nbsp;&nbsp;Wsz\u0119dzie tam, gdzie bez ko\u0144ca poddawani jeste\u015bmy ideologicznym naciskom, mo\u017ce warto by\u0142oby spr\u00f3bowa\u0107 \u2013 wzorem Estonii \u2013 \u0142\u0105czy\u0107 a nie dzieli\u0107, z my\u015bl\u0105 o przysz\u0142o\u015bci \u201ebez granic\u201d. Imagine. Wobec wojennego amoku Putina i \u0141ukaszenki w stosunku do Ukrainy niniejsze dywagacje pozostaj\u0105 na razie niestety w sferze pobo\u017cnych \u017cycze\u0144. A co z rybami?<\/p>\n\n\n\n<figure class=\"wp-block-gallery has-nested-images columns-4 is-cropped wp-block-gallery-1 is-layout-flex wp-block-gallery-is-layout-flex\">\n<figure class=\"wp-block-image size-large\"><img data-recalc-dims=\"1\" loading=\"lazy\" decoding=\"async\" width=\"800\" height=\"445\" data-id=\"7060\" src=\"https:\/\/i0.wp.com\/notabene.world\/nb\/wp-content\/uploads\/2022\/08\/s0.jpg?resize=800%2C445&#038;ssl=1\" alt=\"\" class=\"wp-image-7060\" srcset=\"https:\/\/i0.wp.com\/notabene.world\/nb\/wp-content\/uploads\/2022\/08\/s0.jpg?w=800&amp;ssl=1 800w, https:\/\/i0.wp.com\/notabene.world\/nb\/wp-content\/uploads\/2022\/08\/s0.jpg?resize=300%2C167&amp;ssl=1 300w, https:\/\/i0.wp.com\/notabene.world\/nb\/wp-content\/uploads\/2022\/08\/s0.jpg?resize=768%2C427&amp;ssl=1 768w\" sizes=\"auto, (max-width: 800px) 100vw, 800px\" \/><\/figure>\n\n\n\n<figure class=\"wp-block-image size-large\"><img data-recalc-dims=\"1\" loading=\"lazy\" decoding=\"async\" width=\"800\" height=\"445\" data-id=\"7063\" src=\"https:\/\/i0.wp.com\/notabene.world\/nb\/wp-content\/uploads\/2022\/08\/s00.jpg?resize=800%2C445&#038;ssl=1\" alt=\"\" class=\"wp-image-7063\" srcset=\"https:\/\/i0.wp.com\/notabene.world\/nb\/wp-content\/uploads\/2022\/08\/s00.jpg?w=800&amp;ssl=1 800w, https:\/\/i0.wp.com\/notabene.world\/nb\/wp-content\/uploads\/2022\/08\/s00.jpg?resize=300%2C167&amp;ssl=1 300w, https:\/\/i0.wp.com\/notabene.world\/nb\/wp-content\/uploads\/2022\/08\/s00.jpg?resize=768%2C427&amp;ssl=1 768w\" sizes=\"auto, (max-width: 800px) 100vw, 800px\" \/><\/figure>\n<\/figure>\n","protected":false},"excerpt":{"rendered":"<p>Nie da si\u0119 ukry\u0107, \u017ce znajdujemy si\u0119 w strefie wojny i w tym roku sezonu og\u00f3rkowego nie b\u0119dzie. Opr\u00f3cz wojny na Wschodzie, na Zachodzie mamy sezon martwych ryb, a na granicy polsko-niemieckiej r\u00f3wnie\u017c trwa wojna, ale ekologiczna &#8211; oraz szukanie winnych&#8230;<\/p>\n<p>W 1939 nie by\u0142o telewizji, telefonii kom\u00f3rkowej ani internetu. Wiadomo\u015bci z frontu dociera\u0142y zatem z op\u00f3\u017anieniem,\u00a0co dawa\u0142o wi\u0119cej czasu na oswojenie si\u0119 &#8211; je\u015bli w og\u00f3le mo\u017cna tak powiedzie\u0107 &#8211;\u00a0z rzeczywistym horrorem II wojny\u00a0\u015bwiatowej. Prawdopodobnie\u00a0mo\u017cna by\u0142o nawet gdzie\u015b tamt\u0105 wojn\u0119 przeczeka\u0107.\u00a0W 2022\u00a0od wojny uciec si\u0119 nie da. Tym razem wojna dzieje si\u0119 nie\u00a0tylko blisko naszych granic, ale\u00a0tak\u017ce\u00a0na ekranach naszych telewizor\u00f3w i komputer\u00f3w. Dzieje si\u0119 naprawd\u0119.\u00a0Dzieje si\u0119 wsz\u0119dzie. Dzieje si\u0119 w nas.\u00a0I\u00a0te obrazy pozostan\u0105 z nami ju\u017c na zawsze.<\/p>\n","protected":false},"author":1,"featured_media":7069,"comment_status":"closed","ping_status":"closed","sticky":false,"template":"","format":"standard","meta":{"colormag_page_container_layout":"default_layout","colormag_page_sidebar_layout":"default_layout","_jetpack_memberships_contains_paid_content":false,"footnotes":"","_links_to":"","_links_to_target":""},"categories":[64,42,48],"tags":[],"class_list":["post-7059","post","type-post","status-publish","format-standard","has-post-thumbnail","hentry","category-aktualnosci","category-felietony","category-wiecej-swiatla"],"yoast_head":"<!-- This site is optimized with the Yoast SEO plugin v27.4 - https:\/\/yoast.com\/product\/yoast-seo-wordpress\/ -->\n<title>S\u0142o\u0144 Historii. A co z rybami? - NOTABENE.WORLD<\/title>\n<meta name=\"robots\" content=\"index, follow, max-snippet:-1, max-image-preview:large, max-video-preview:-1\" \/>\n<link rel=\"canonical\" href=\"https:\/\/notabene.world\/nb\/slon-historii\/\" \/>\n<meta property=\"og:locale\" content=\"pl_PL\" \/>\n<meta property=\"og:type\" content=\"article\" \/>\n<meta property=\"og:title\" content=\"S\u0142o\u0144 Historii. A co z rybami? - NOTABENE.WORLD\" \/>\n<meta property=\"og:description\" content=\"Nie da si\u0119 ukry\u0107, \u017ce znajdujemy si\u0119 w strefie wojny i w tym roku sezonu og\u00f3rkowego nie b\u0119dzie. Opr\u00f3cz wojny na Wschodzie, na Zachodzie mamy sezon martwych ryb, a na granicy polsko-niemieckiej r\u00f3wnie\u017c trwa wojna, ale ekologiczna - oraz szukanie winnych... W 1939 nie by\u0142o telewizji, telefonii kom\u00f3rkowej ani internetu. Wiadomo\u015bci z frontu dociera\u0142y zatem z op\u00f3\u017anieniem,\u00a0co dawa\u0142o wi\u0119cej czasu na oswojenie si\u0119 - je\u015bli w og\u00f3le mo\u017cna tak powiedzie\u0107 -\u00a0z rzeczywistym horrorem II wojny\u00a0\u015bwiatowej. Prawdopodobnie\u00a0mo\u017cna by\u0142o nawet gdzie\u015b tamt\u0105 wojn\u0119 przeczeka\u0107.\u00a0W 2022\u00a0od wojny uciec si\u0119 nie da. Tym razem wojna dzieje si\u0119 nie\u00a0tylko blisko naszych granic, ale\u00a0tak\u017ce\u00a0na ekranach naszych telewizor\u00f3w i komputer\u00f3w. Dzieje si\u0119 naprawd\u0119.\u00a0Dzieje si\u0119 wsz\u0119dzie. Dzieje si\u0119 w nas.\u00a0I\u00a0te obrazy pozostan\u0105 z nami ju\u017c na zawsze.\" \/>\n<meta property=\"og:url\" content=\"https:\/\/notabene.world\/nb\/slon-historii\/\" \/>\n<meta property=\"og:site_name\" content=\"NOTABENE.WORLD\" \/>\n<meta property=\"article:publisher\" content=\"https:\/\/www.facebook.com\/Notabene.World\" \/>\n<meta property=\"article:published_time\" content=\"2022-08-19T21:12:27+00:00\" \/>\n<meta property=\"article:modified_time\" content=\"2022-08-26T18:48:52+00:00\" \/>\n<meta property=\"og:image\" content=\"https:\/\/notabene.world\/nb\/wp-content\/uploads\/2022\/08\/r2a.jpg\" \/>\n\t<meta property=\"og:image:width\" content=\"800\" \/>\n\t<meta property=\"og:image:height\" content=\"445\" \/>\n\t<meta property=\"og:image:type\" content=\"image\/jpeg\" \/>\n<meta name=\"author\" content=\"C vel K\" \/>\n<meta name=\"twitter:card\" content=\"summary_large_image\" \/>\n<meta name=\"twitter:label1\" content=\"Napisane przez\" \/>\n\t<meta name=\"twitter:data1\" content=\"C vel K\" \/>\n\t<meta name=\"twitter:label2\" content=\"Szacowany czas czytania\" \/>\n\t<meta name=\"twitter:data2\" content=\"4 minuty\" \/>\n<script type=\"application\/ld+json\" class=\"yoast-schema-graph\">{\"@context\":\"https:\\\/\\\/schema.org\",\"@graph\":[{\"@type\":\"Article\",\"@id\":\"https:\\\/\\\/notabene.world\\\/nb\\\/slon-historii\\\/#article\",\"isPartOf\":{\"@id\":\"https:\\\/\\\/notabene.world\\\/nb\\\/slon-historii\\\/\"},\"author\":{\"name\":\"C vel K\",\"@id\":\"https:\\\/\\\/notabene.world\\\/nb\\\/#\\\/schema\\\/person\\\/2227ed509f9261e544f6078919e1981d\"},\"headline\":\"S\u0142o\u0144 Historii. A co z rybami?\",\"datePublished\":\"2022-08-19T21:12:27+00:00\",\"dateModified\":\"2022-08-26T18:48:52+00:00\",\"mainEntityOfPage\":{\"@id\":\"https:\\\/\\\/notabene.world\\\/nb\\\/slon-historii\\\/\"},\"wordCount\":709,\"publisher\":{\"@id\":\"https:\\\/\\\/notabene.world\\\/nb\\\/#organization\"},\"image\":{\"@id\":\"https:\\\/\\\/notabene.world\\\/nb\\\/slon-historii\\\/#primaryimage\"},\"thumbnailUrl\":\"https:\\\/\\\/i0.wp.com\\\/notabene.world\\\/nb\\\/wp-content\\\/uploads\\\/2022\\\/08\\\/r2a.jpg?fit=800%2C445&ssl=1\",\"articleSection\":[\"Aktualno\u015bci\",\"Felietony\",\"WI\u0118CEJ \u015aWIAT(\u0141)A\"],\"inLanguage\":\"pl-PL\"},{\"@type\":\"WebPage\",\"@id\":\"https:\\\/\\\/notabene.world\\\/nb\\\/slon-historii\\\/\",\"url\":\"https:\\\/\\\/notabene.world\\\/nb\\\/slon-historii\\\/\",\"name\":\"S\u0142o\u0144 Historii. A co z rybami? - NOTABENE.WORLD\",\"isPartOf\":{\"@id\":\"https:\\\/\\\/notabene.world\\\/nb\\\/#website\"},\"primaryImageOfPage\":{\"@id\":\"https:\\\/\\\/notabene.world\\\/nb\\\/slon-historii\\\/#primaryimage\"},\"image\":{\"@id\":\"https:\\\/\\\/notabene.world\\\/nb\\\/slon-historii\\\/#primaryimage\"},\"thumbnailUrl\":\"https:\\\/\\\/i0.wp.com\\\/notabene.world\\\/nb\\\/wp-content\\\/uploads\\\/2022\\\/08\\\/r2a.jpg?fit=800%2C445&ssl=1\",\"datePublished\":\"2022-08-19T21:12:27+00:00\",\"dateModified\":\"2022-08-26T18:48:52+00:00\",\"breadcrumb\":{\"@id\":\"https:\\\/\\\/notabene.world\\\/nb\\\/slon-historii\\\/#breadcrumb\"},\"inLanguage\":\"pl-PL\",\"potentialAction\":[{\"@type\":\"ReadAction\",\"target\":[\"https:\\\/\\\/notabene.world\\\/nb\\\/slon-historii\\\/\"]}]},{\"@type\":\"ImageObject\",\"inLanguage\":\"pl-PL\",\"@id\":\"https:\\\/\\\/notabene.world\\\/nb\\\/slon-historii\\\/#primaryimage\",\"url\":\"https:\\\/\\\/i0.wp.com\\\/notabene.world\\\/nb\\\/wp-content\\\/uploads\\\/2022\\\/08\\\/r2a.jpg?fit=800%2C445&ssl=1\",\"contentUrl\":\"https:\\\/\\\/i0.wp.com\\\/notabene.world\\\/nb\\\/wp-content\\\/uploads\\\/2022\\\/08\\\/r2a.jpg?fit=800%2C445&ssl=1\",\"width\":800,\"height\":445},{\"@type\":\"BreadcrumbList\",\"@id\":\"https:\\\/\\\/notabene.world\\\/nb\\\/slon-historii\\\/#breadcrumb\",\"itemListElement\":[{\"@type\":\"ListItem\",\"position\":1,\"name\":\"Home\",\"item\":\"https:\\\/\\\/notabene.world\\\/nb\\\/\"},{\"@type\":\"ListItem\",\"position\":2,\"name\":\"S\u0142o\u0144 Historii. A co z rybami?\"}]},{\"@type\":\"WebSite\",\"@id\":\"https:\\\/\\\/notabene.world\\\/nb\\\/#website\",\"url\":\"https:\\\/\\\/notabene.world\\\/nb\\\/\",\"name\":\"NOTABENE.WORLD\",\"description\":\"Przekaz. Warto\u015bci. Wsp\u00f3lnota.\",\"publisher\":{\"@id\":\"https:\\\/\\\/notabene.world\\\/nb\\\/#organization\"},\"potentialAction\":[{\"@type\":\"SearchAction\",\"target\":{\"@type\":\"EntryPoint\",\"urlTemplate\":\"https:\\\/\\\/notabene.world\\\/nb\\\/?s={search_term_string}\"},\"query-input\":{\"@type\":\"PropertyValueSpecification\",\"valueRequired\":true,\"valueName\":\"search_term_string\"}}],\"inLanguage\":\"pl-PL\"},{\"@type\":\"Organization\",\"@id\":\"https:\\\/\\\/notabene.world\\\/nb\\\/#organization\",\"name\":\"NOTABENE.WORLD\",\"url\":\"https:\\\/\\\/notabene.world\\\/nb\\\/\",\"logo\":{\"@type\":\"ImageObject\",\"inLanguage\":\"pl-PL\",\"@id\":\"https:\\\/\\\/notabene.world\\\/nb\\\/#\\\/schema\\\/logo\\\/image\\\/\",\"url\":\"https:\\\/\\\/notabene.world\\\/nb\\\/wp-content\\\/uploads\\\/2022\\\/01\\\/NB-club-start-www1.jpg\",\"contentUrl\":\"https:\\\/\\\/notabene.world\\\/nb\\\/wp-content\\\/uploads\\\/2022\\\/01\\\/NB-club-start-www1.jpg\",\"width\":1000,\"height\":839,\"caption\":\"NOTABENE.WORLD\"},\"image\":{\"@id\":\"https:\\\/\\\/notabene.world\\\/nb\\\/#\\\/schema\\\/logo\\\/image\\\/\"},\"sameAs\":[\"https:\\\/\\\/www.facebook.com\\\/Notabene.World\"]},{\"@type\":\"Person\",\"@id\":\"https:\\\/\\\/notabene.world\\\/nb\\\/#\\\/schema\\\/person\\\/2227ed509f9261e544f6078919e1981d\",\"name\":\"C vel K\",\"image\":{\"@type\":\"ImageObject\",\"inLanguage\":\"pl-PL\",\"@id\":\"https:\\\/\\\/secure.gravatar.com\\\/avatar\\\/da4181237ddf77c667487dd66af5231faaf45fbcb0774d7a408f868da56bf04c?s=96&d=mm&r=g\",\"url\":\"https:\\\/\\\/secure.gravatar.com\\\/avatar\\\/da4181237ddf77c667487dd66af5231faaf45fbcb0774d7a408f868da56bf04c?s=96&d=mm&r=g\",\"contentUrl\":\"https:\\\/\\\/secure.gravatar.com\\\/avatar\\\/da4181237ddf77c667487dd66af5231faaf45fbcb0774d7a408f868da56bf04c?s=96&d=mm&r=g\",\"caption\":\"C vel K\"},\"url\":\"https:\\\/\\\/notabene.world\\\/nb\\\/author\\\/kcedro\\\/\"}]}<\/script>\n<!-- \/ Yoast SEO plugin. -->","yoast_head_json":{"title":"S\u0142o\u0144 Historii. A co z rybami? - NOTABENE.WORLD","robots":{"index":"index","follow":"follow","max-snippet":"max-snippet:-1","max-image-preview":"max-image-preview:large","max-video-preview":"max-video-preview:-1"},"canonical":"https:\/\/notabene.world\/nb\/slon-historii\/","og_locale":"pl_PL","og_type":"article","og_title":"S\u0142o\u0144 Historii. A co z rybami? - NOTABENE.WORLD","og_description":"Nie da si\u0119 ukry\u0107, \u017ce znajdujemy si\u0119 w strefie wojny i w tym roku sezonu og\u00f3rkowego nie b\u0119dzie. Opr\u00f3cz wojny na Wschodzie, na Zachodzie mamy sezon martwych ryb, a na granicy polsko-niemieckiej r\u00f3wnie\u017c trwa wojna, ale ekologiczna - oraz szukanie winnych... W 1939 nie by\u0142o telewizji, telefonii kom\u00f3rkowej ani internetu. Wiadomo\u015bci z frontu dociera\u0142y zatem z op\u00f3\u017anieniem,\u00a0co dawa\u0142o wi\u0119cej czasu na oswojenie si\u0119 - je\u015bli w og\u00f3le mo\u017cna tak powiedzie\u0107 -\u00a0z rzeczywistym horrorem II wojny\u00a0\u015bwiatowej. Prawdopodobnie\u00a0mo\u017cna by\u0142o nawet gdzie\u015b tamt\u0105 wojn\u0119 przeczeka\u0107.\u00a0W 2022\u00a0od wojny uciec si\u0119 nie da. Tym razem wojna dzieje si\u0119 nie\u00a0tylko blisko naszych granic, ale\u00a0tak\u017ce\u00a0na ekranach naszych telewizor\u00f3w i komputer\u00f3w. Dzieje si\u0119 naprawd\u0119.\u00a0Dzieje si\u0119 wsz\u0119dzie. Dzieje si\u0119 w nas.\u00a0I\u00a0te obrazy pozostan\u0105 z nami ju\u017c na zawsze.","og_url":"https:\/\/notabene.world\/nb\/slon-historii\/","og_site_name":"NOTABENE.WORLD","article_publisher":"https:\/\/www.facebook.com\/Notabene.World","article_published_time":"2022-08-19T21:12:27+00:00","article_modified_time":"2022-08-26T18:48:52+00:00","og_image":[{"width":800,"height":445,"url":"https:\/\/notabene.world\/nb\/wp-content\/uploads\/2022\/08\/r2a.jpg","type":"image\/jpeg"}],"author":"C vel K","twitter_card":"summary_large_image","twitter_misc":{"Napisane przez":"C vel K","Szacowany czas czytania":"4 minuty"},"schema":{"@context":"https:\/\/schema.org","@graph":[{"@type":"Article","@id":"https:\/\/notabene.world\/nb\/slon-historii\/#article","isPartOf":{"@id":"https:\/\/notabene.world\/nb\/slon-historii\/"},"author":{"name":"C vel K","@id":"https:\/\/notabene.world\/nb\/#\/schema\/person\/2227ed509f9261e544f6078919e1981d"},"headline":"S\u0142o\u0144 Historii. A co z rybami?","datePublished":"2022-08-19T21:12:27+00:00","dateModified":"2022-08-26T18:48:52+00:00","mainEntityOfPage":{"@id":"https:\/\/notabene.world\/nb\/slon-historii\/"},"wordCount":709,"publisher":{"@id":"https:\/\/notabene.world\/nb\/#organization"},"image":{"@id":"https:\/\/notabene.world\/nb\/slon-historii\/#primaryimage"},"thumbnailUrl":"https:\/\/i0.wp.com\/notabene.world\/nb\/wp-content\/uploads\/2022\/08\/r2a.jpg?fit=800%2C445&ssl=1","articleSection":["Aktualno\u015bci","Felietony","WI\u0118CEJ \u015aWIAT(\u0141)A"],"inLanguage":"pl-PL"},{"@type":"WebPage","@id":"https:\/\/notabene.world\/nb\/slon-historii\/","url":"https:\/\/notabene.world\/nb\/slon-historii\/","name":"S\u0142o\u0144 Historii. A co z rybami? - NOTABENE.WORLD","isPartOf":{"@id":"https:\/\/notabene.world\/nb\/#website"},"primaryImageOfPage":{"@id":"https:\/\/notabene.world\/nb\/slon-historii\/#primaryimage"},"image":{"@id":"https:\/\/notabene.world\/nb\/slon-historii\/#primaryimage"},"thumbnailUrl":"https:\/\/i0.wp.com\/notabene.world\/nb\/wp-content\/uploads\/2022\/08\/r2a.jpg?fit=800%2C445&ssl=1","datePublished":"2022-08-19T21:12:27+00:00","dateModified":"2022-08-26T18:48:52+00:00","breadcrumb":{"@id":"https:\/\/notabene.world\/nb\/slon-historii\/#breadcrumb"},"inLanguage":"pl-PL","potentialAction":[{"@type":"ReadAction","target":["https:\/\/notabene.world\/nb\/slon-historii\/"]}]},{"@type":"ImageObject","inLanguage":"pl-PL","@id":"https:\/\/notabene.world\/nb\/slon-historii\/#primaryimage","url":"https:\/\/i0.wp.com\/notabene.world\/nb\/wp-content\/uploads\/2022\/08\/r2a.jpg?fit=800%2C445&ssl=1","contentUrl":"https:\/\/i0.wp.com\/notabene.world\/nb\/wp-content\/uploads\/2022\/08\/r2a.jpg?fit=800%2C445&ssl=1","width":800,"height":445},{"@type":"BreadcrumbList","@id":"https:\/\/notabene.world\/nb\/slon-historii\/#breadcrumb","itemListElement":[{"@type":"ListItem","position":1,"name":"Home","item":"https:\/\/notabene.world\/nb\/"},{"@type":"ListItem","position":2,"name":"S\u0142o\u0144 Historii. A co z rybami?"}]},{"@type":"WebSite","@id":"https:\/\/notabene.world\/nb\/#website","url":"https:\/\/notabene.world\/nb\/","name":"NOTABENE.WORLD","description":"Przekaz. Warto\u015bci. Wsp\u00f3lnota.","publisher":{"@id":"https:\/\/notabene.world\/nb\/#organization"},"potentialAction":[{"@type":"SearchAction","target":{"@type":"EntryPoint","urlTemplate":"https:\/\/notabene.world\/nb\/?s={search_term_string}"},"query-input":{"@type":"PropertyValueSpecification","valueRequired":true,"valueName":"search_term_string"}}],"inLanguage":"pl-PL"},{"@type":"Organization","@id":"https:\/\/notabene.world\/nb\/#organization","name":"NOTABENE.WORLD","url":"https:\/\/notabene.world\/nb\/","logo":{"@type":"ImageObject","inLanguage":"pl-PL","@id":"https:\/\/notabene.world\/nb\/#\/schema\/logo\/image\/","url":"https:\/\/notabene.world\/nb\/wp-content\/uploads\/2022\/01\/NB-club-start-www1.jpg","contentUrl":"https:\/\/notabene.world\/nb\/wp-content\/uploads\/2022\/01\/NB-club-start-www1.jpg","width":1000,"height":839,"caption":"NOTABENE.WORLD"},"image":{"@id":"https:\/\/notabene.world\/nb\/#\/schema\/logo\/image\/"},"sameAs":["https:\/\/www.facebook.com\/Notabene.World"]},{"@type":"Person","@id":"https:\/\/notabene.world\/nb\/#\/schema\/person\/2227ed509f9261e544f6078919e1981d","name":"C vel K","image":{"@type":"ImageObject","inLanguage":"pl-PL","@id":"https:\/\/secure.gravatar.com\/avatar\/da4181237ddf77c667487dd66af5231faaf45fbcb0774d7a408f868da56bf04c?s=96&d=mm&r=g","url":"https:\/\/secure.gravatar.com\/avatar\/da4181237ddf77c667487dd66af5231faaf45fbcb0774d7a408f868da56bf04c?s=96&d=mm&r=g","contentUrl":"https:\/\/secure.gravatar.com\/avatar\/da4181237ddf77c667487dd66af5231faaf45fbcb0774d7a408f868da56bf04c?s=96&d=mm&r=g","caption":"C vel K"},"url":"https:\/\/notabene.world\/nb\/author\/kcedro\/"}]}},"jetpack_featured_media_url":"https:\/\/i0.wp.com\/notabene.world\/nb\/wp-content\/uploads\/2022\/08\/r2a.jpg?fit=800%2C445&ssl=1","jetpack_sharing_enabled":true,"jetpack_shortlink":"https:\/\/wp.me\/pdCobN-1PR","_links":{"self":[{"href":"https:\/\/notabene.world\/nb\/wp-json\/wp\/v2\/posts\/7059","targetHints":{"allow":["GET"]}}],"collection":[{"href":"https:\/\/notabene.world\/nb\/wp-json\/wp\/v2\/posts"}],"about":[{"href":"https:\/\/notabene.world\/nb\/wp-json\/wp\/v2\/types\/post"}],"author":[{"embeddable":true,"href":"https:\/\/notabene.world\/nb\/wp-json\/wp\/v2\/users\/1"}],"replies":[{"embeddable":true,"href":"https:\/\/notabene.world\/nb\/wp-json\/wp\/v2\/comments?post=7059"}],"version-history":[{"count":5,"href":"https:\/\/notabene.world\/nb\/wp-json\/wp\/v2\/posts\/7059\/revisions"}],"predecessor-version":[{"id":7120,"href":"https:\/\/notabene.world\/nb\/wp-json\/wp\/v2\/posts\/7059\/revisions\/7120"}],"wp:featuredmedia":[{"embeddable":true,"href":"https:\/\/notabene.world\/nb\/wp-json\/wp\/v2\/media\/7069"}],"wp:attachment":[{"href":"https:\/\/notabene.world\/nb\/wp-json\/wp\/v2\/media?parent=7059"}],"wp:term":[{"taxonomy":"category","embeddable":true,"href":"https:\/\/notabene.world\/nb\/wp-json\/wp\/v2\/categories?post=7059"},{"taxonomy":"post_tag","embeddable":true,"href":"https:\/\/notabene.world\/nb\/wp-json\/wp\/v2\/tags?post=7059"}],"curies":[{"name":"wp","href":"https:\/\/api.w.org\/{rel}","templated":true}]}}