{"id":7505,"date":"2023-09-01T04:45:47","date_gmt":"2023-09-01T02:45:47","guid":{"rendered":"https:\/\/notabene.world\/nb\/?p=7505"},"modified":"2024-08-27T10:29:15","modified_gmt":"2024-08-27T08:29:15","slug":"dziwny-inny-swiat","status":"publish","type":"post","link":"https:\/\/notabene.world\/nb\/dziwny-inny-swiat\/","title":{"rendered":"Dzie\u0144 Wiedzy. Dziwny inny \u015bwiat"},"content":{"rendered":"\r\n<p>Dok\u0142adnie o 4:45 nad ranem pierwszego wrze\u015bnia 2022 na Westerplatte patrz\u0119 w bia\u0142o-czerwony kontur Polski, niebieski u podstawy. O, widz\u0119 \u0142awk\u0119! To dobrze, \u017ce jest gdzie usi\u0105\u015b\u0107, bo zaczyna si\u0119 w\u0142a\u015bnie pierwsza lekcja nowego przedmiotu w polskiej szkole. Historia i tera\u017aniejszo\u015b\u0107 w pigu\u0142ce. To Dzie\u0144 Wiedzy nie tylko w Federacji Rosyjskiej i w Niemczech, ale przede wszystkim u nas i o nas. W ka\u017cdej gminie, kt\u00f3r\u0105 na to sta\u0107, wciagamy na maszt narodowe sztandary. A kogo nie sta\u0107, niech przynajmniej wstanie z kolan i na baczno\u015b\u0107 ws\u0142ucha si\u0119 w pie\u015b\u0144 z ziemi w\u0142oskiej do Polski p\u0142yn\u0105c\u0105. Marsz, marsz D\u0105browski\u2026 Jeszcze Polska nie zgin\u0119\u0142a, p\u00f3ki \u201enasi\u201d bij\u0105 w tarabany, oj bij\u0105.<\/p>\r\n\r\n\r\n\r\n<p>Patriotyczne, bia\u0142o-czerwono-niebieskie ramko-\u0142awki stan\u0105 ju\u017c niebawem w ka\u017cdym wojew\u00f3dztwie, a\u017ceby obywatele mieli gdzie zaduma\u0107 si\u0119 nad losem naszej udr\u0119czonej histori\u0105 i tera\u017aniejszo\u015bci\u0105 ojczyzny i cykn\u0105\u0107 sobie przy okazji zdj\u0119cie dla przysz\u0142ych pokole\u0144. Taaak to wnusiu drzewiej bywa\u0142o, gdy tw\u00f3j dziadziu\u015b z twoj\u0105 babci\u0105 bujali z tob\u0105 w ob\u0142okach, zanim spad\u0142 deszcz, a po nim t\u0119cza\u2026 Ano, bo lato zn\u00f3w by\u0142o pi\u0119kne tego roku.<\/p>\r\n\r\n\r\n\r\n<p>Cara Putina nie zapraszamy na Westerplatte ju\u017c od wielu lat, wobec czego on sam wybra\u0142 si\u0119 w zesz\u0142ym roku \u2013 dok\u0142adnie pierwszego wrze\u015bnia \u2013 do enklawy kaliningradzkiej, z premedytacj\u0105 pozostawionej jako terytorium Zwi\u0105zku Radzieckiego (obecnie Rosji) przy ustalaniu powojennych granic Rzeczypospolitej. Putin nie omieszka\u0142 przy okazji wspomnie\u0107 o wyzwole\u0144czej \u201eoperacji specjalnej\u201d od ponad p\u00f3\u0142 roku trwaj\u0105cej na Ukrainie. W podtek\u015bcie chcia\u0142 zapewne da\u0107 nam wszystkim do zrozumienia, \u017ce w razie czego to Przesmyk Suwalski ewentualnie tak\u017ce mo\u017cna \u201ewyzwoli\u0107\u201d, by po\u0142\u0105czy\u0107 obw\u00f3d kalininingradzki z Matuszku (Biela)rossiju. My kulturnyj narod, ura, ura, ura, wsiegda idiom wpieriod\u2026 Daaa. I co my na to?<\/p>\r\n\r\n\r\n\r\n<p>Druga wojna \u015bwiatowa rozpocz\u0119\u0142a si\u0119 w rzeczywisto\u015bci 23 sierpnia 1939 roku podpisaniem paktu Ribbentrop-Mo\u0142otow, na mocy kt\u00f3rego Zwi\u0105zek Radziecki do\u0142\u0105czy\u0142 do agresji Niemiec na Polsk\u0119 ju\u017c 17 wrze\u015bnia tego\u017c roku. Sko\u0144czy\u0142 si\u0119 wtedy \u015bwiat mi\u0119dzy innymi dla Stanis\u0142awa Ignacego Witkiewicza i jego przyjaci\u00f3\u0142ki Czes\u0142awy Okni\u0144skiej, kt\u00f3rzy na wie\u015b\u0107 o radzieckim ataku na Polsk\u0119 odebrali sobie \u017cycie. Witkacy wieszczy\u0142 w swoich utworach, co nadesz\u0142o i okazuje si\u0119, \u017ce z epoki totalitaryzmu, jaka wtedy nasta\u0142a nie mo\u017cemy si\u0119 w pe\u0142ni wyzwoli\u0107 do dzi\u015b.<\/p>\r\n\r\n\r\n\r\n<p>Wydaje si\u0119, \u017ce Niemcy wzi\u0119\u0142y pe\u0142n\u0105 odpowiedzialno\u015b\u0107 za drug\u0105 wojn\u0119 \u015bwiatow\u0105, Zwi\u0105zek Radziecki i jego spadkobierczyni Rosja nie. W kolejn\u0105 tragiczn\u0105 rocznic\u0119 wybuchu wojny w\u0142adze polskie domagaj\u0105 si\u0119 gigantycznych reparacji wojennych tylko od Niemiec. A co z odszkodowaniami za zbrodnie stalinowskie i peerelowskie od Rosji? W Dniu Wiedzy warto o to zapyta\u0107. Zdj\u0119cie na \u0142awce w patriotycznej ramce z pewno\u015bci\u0105 tu nie wystarczy.<\/p>\r\n\r\n\r\n\r\n<p>W Kielcach trwa w\u0142a\u015bnie kolejny Festiwal Gustawa Herlinga-Grudzi\u0144skiego, kt\u00f3remu dane by\u0142o pozna\u0107 z bliska \u015bwiat \u0142agr\u00f3w sowieckiej Rosji. Zafascynowany kultur\u0105 rosyjsk\u0105 Herling udowadnia\u0142 w swojej tw\u00f3rczo\u015bci, \u017ce to w\u0142a\u015bnie w Rosji narodzi si\u0119 si\u0142a zdolna przezwyci\u0119\u017cy\u0107 tamtejszy totalitaryzm i terror. Ten dziwny inny \u015bwiat kiedy\u015b przeminie.<\/p>\r\n","protected":false},"excerpt":{"rendered":"<p>Dok\u0142adnie o 4:45 nad ranem pierwszego wrze\u015bnia 2022 na Westerplatte patrz\u0119 w bia\u0142o-czerwony kontur Polski, niebieski u podstawy. O, widz\u0119 \u0142awk\u0119! To dobrze, \u017ce jest gdzie usi\u0105\u015b\u0107, bo zaczyna si\u0119 w\u0142a\u015bnie pierwsza lekcja nowego przedmiotu w polskiej szkole. Historia i tera\u017aniejszo\u015b\u0107 w pigu\u0142ce. To Dzie\u0144 Wiedzy nie tylko w Federacji Rosyjskiej i w Niemczech, ale przede wszystkim u nas i o nas. W ka\u017cdej gminie, kt\u00f3r\u0105 na to sta\u0107, wciagamy na maszt narodowe sztandary. A kogo nie sta\u0107, niech przynajmniej wstanie z kolan i na baczno\u015b\u0107 ws\u0142ucha si\u0119 w pie\u015b\u0144 z ziemi w\u0142oskiej do Polski p\u0142yn\u0105c\u0105. Marsz, marsz D\u0105browski\u2026 Jeszcze Polska nie zgin\u0119\u0142a, p\u00f3ki \u201enasi\u201d bij\u0105 w tarabany, oj bij\u0105.<\/p>\n<p>Patriotyczne, bia\u0142o-czerwono-niebieskie ramko-\u0142awki stan\u0105 ju\u017c niebawem w ka\u017cdym wojew\u00f3dztwie, a\u017ceby obywatele mieli gdzie zaduma\u0107 si\u0119 nad losem naszej udr\u0119czonej histori\u0105 i tera\u017aniejszo\u015bci\u0105 ojczyzny i cykn\u0105\u0107 sobie przy okazji zdj\u0119cie dla przysz\u0142ych pokole\u0144.<\/p>\n","protected":false},"author":1,"featured_media":7680,"comment_status":"closed","ping_status":"closed","sticky":false,"template":"","format":"standard","meta":{"colormag_page_container_layout":"no_sidebar_content_centered","colormag_page_sidebar_layout":"no_sidebar","_jetpack_memberships_contains_paid_content":false,"footnotes":"","_links_to":"","_links_to_target":""},"categories":[64,42,48],"tags":[],"class_list":["post-7505","post","type-post","status-publish","format-standard","has-post-thumbnail","hentry","category-aktualnosci","category-felietony","category-wiecej-swiatla"],"yoast_head":"<!-- This site is optimized with the Yoast SEO plugin v27.4 - https:\/\/yoast.com\/product\/yoast-seo-wordpress\/ -->\n<title>Dzie\u0144 Wiedzy. Dziwny inny \u015bwiat - NOTABENE.WORLD<\/title>\n<meta name=\"robots\" content=\"index, follow, max-snippet:-1, max-image-preview:large, max-video-preview:-1\" \/>\n<link rel=\"canonical\" href=\"https:\/\/notabene.world\/nb\/dziwny-inny-swiat\/\" \/>\n<meta property=\"og:locale\" content=\"pl_PL\" \/>\n<meta property=\"og:type\" content=\"article\" \/>\n<meta property=\"og:title\" content=\"Dzie\u0144 Wiedzy. Dziwny inny \u015bwiat - NOTABENE.WORLD\" \/>\n<meta property=\"og:description\" content=\"Dok\u0142adnie o 4:45 nad ranem pierwszego wrze\u015bnia 2022 na Westerplatte patrz\u0119 w bia\u0142o-czerwony kontur Polski, niebieski u podstawy. O, widz\u0119 \u0142awk\u0119! To dobrze, \u017ce jest gdzie usi\u0105\u015b\u0107, bo zaczyna si\u0119 w\u0142a\u015bnie pierwsza lekcja nowego przedmiotu w polskiej szkole. Historia i tera\u017aniejszo\u015b\u0107 w pigu\u0142ce. To Dzie\u0144 Wiedzy nie tylko w Federacji Rosyjskiej i w Niemczech, ale przede wszystkim u nas i o nas. W ka\u017cdej gminie, kt\u00f3r\u0105 na to sta\u0107, wciagamy na maszt narodowe sztandary. A kogo nie sta\u0107, niech przynajmniej wstanie z kolan i na baczno\u015b\u0107 ws\u0142ucha si\u0119 w pie\u015b\u0144 z ziemi w\u0142oskiej do Polski p\u0142yn\u0105c\u0105. Marsz, marsz D\u0105browski\u2026 Jeszcze Polska nie zgin\u0119\u0142a, p\u00f3ki \u201enasi\u201d bij\u0105 w tarabany, oj bij\u0105.  Patriotyczne, bia\u0142o-czerwono-niebieskie ramko-\u0142awki stan\u0105 ju\u017c niebawem w ka\u017cdym wojew\u00f3dztwie, a\u017ceby obywatele mieli gdzie zaduma\u0107 si\u0119 nad losem naszej udr\u0119czonej histori\u0105 i tera\u017aniejszo\u015bci\u0105 ojczyzny i cykn\u0105\u0107 sobie przy okazji zdj\u0119cie dla przysz\u0142ych pokole\u0144.\" \/>\n<meta property=\"og:url\" content=\"https:\/\/notabene.world\/nb\/dziwny-inny-swiat\/\" \/>\n<meta property=\"og:site_name\" content=\"NOTABENE.WORLD\" \/>\n<meta property=\"article:publisher\" content=\"https:\/\/www.facebook.com\/Notabene.World\" \/>\n<meta property=\"article:published_time\" content=\"2023-09-01T02:45:47+00:00\" \/>\n<meta property=\"article:modified_time\" content=\"2024-08-27T08:29:15+00:00\" \/>\n<meta property=\"og:image\" content=\"https:\/\/notabene.world\/nb\/wp-content\/uploads\/2022\/09\/dzis.jpg\" \/>\n\t<meta property=\"og:image:width\" content=\"800\" \/>\n\t<meta property=\"og:image:height\" content=\"445\" \/>\n\t<meta property=\"og:image:type\" content=\"image\/jpeg\" \/>\n<meta name=\"author\" content=\"C vel K\" \/>\n<meta name=\"twitter:card\" content=\"summary_large_image\" \/>\n<meta name=\"twitter:label1\" content=\"Napisane przez\" \/>\n\t<meta name=\"twitter:data1\" content=\"C vel K\" \/>\n\t<meta name=\"twitter:label2\" content=\"Szacowany czas czytania\" \/>\n\t<meta name=\"twitter:data2\" content=\"3 minuty\" \/>\n<script type=\"application\/ld+json\" class=\"yoast-schema-graph\">{\"@context\":\"https:\\\/\\\/schema.org\",\"@graph\":[{\"@type\":\"Article\",\"@id\":\"https:\\\/\\\/notabene.world\\\/nb\\\/dziwny-inny-swiat\\\/#article\",\"isPartOf\":{\"@id\":\"https:\\\/\\\/notabene.world\\\/nb\\\/dziwny-inny-swiat\\\/\"},\"author\":{\"name\":\"C vel K\",\"@id\":\"https:\\\/\\\/notabene.world\\\/nb\\\/#\\\/schema\\\/person\\\/2227ed509f9261e544f6078919e1981d\"},\"headline\":\"Dzie\u0144 Wiedzy. Dziwny inny \u015bwiat\",\"datePublished\":\"2023-09-01T02:45:47+00:00\",\"dateModified\":\"2024-08-27T08:29:15+00:00\",\"mainEntityOfPage\":{\"@id\":\"https:\\\/\\\/notabene.world\\\/nb\\\/dziwny-inny-swiat\\\/\"},\"wordCount\":542,\"publisher\":{\"@id\":\"https:\\\/\\\/notabene.world\\\/nb\\\/#organization\"},\"image\":{\"@id\":\"https:\\\/\\\/notabene.world\\\/nb\\\/dziwny-inny-swiat\\\/#primaryimage\"},\"thumbnailUrl\":\"https:\\\/\\\/i0.wp.com\\\/notabene.world\\\/nb\\\/wp-content\\\/uploads\\\/2022\\\/09\\\/dzis.jpg?fit=800%2C445&ssl=1\",\"articleSection\":[\"Aktualno\u015bci\",\"Felietony\",\"WI\u0118CEJ \u015aWIAT(\u0141)A\"],\"inLanguage\":\"pl-PL\"},{\"@type\":\"WebPage\",\"@id\":\"https:\\\/\\\/notabene.world\\\/nb\\\/dziwny-inny-swiat\\\/\",\"url\":\"https:\\\/\\\/notabene.world\\\/nb\\\/dziwny-inny-swiat\\\/\",\"name\":\"Dzie\u0144 Wiedzy. Dziwny inny \u015bwiat - NOTABENE.WORLD\",\"isPartOf\":{\"@id\":\"https:\\\/\\\/notabene.world\\\/nb\\\/#website\"},\"primaryImageOfPage\":{\"@id\":\"https:\\\/\\\/notabene.world\\\/nb\\\/dziwny-inny-swiat\\\/#primaryimage\"},\"image\":{\"@id\":\"https:\\\/\\\/notabene.world\\\/nb\\\/dziwny-inny-swiat\\\/#primaryimage\"},\"thumbnailUrl\":\"https:\\\/\\\/i0.wp.com\\\/notabene.world\\\/nb\\\/wp-content\\\/uploads\\\/2022\\\/09\\\/dzis.jpg?fit=800%2C445&ssl=1\",\"datePublished\":\"2023-09-01T02:45:47+00:00\",\"dateModified\":\"2024-08-27T08:29:15+00:00\",\"breadcrumb\":{\"@id\":\"https:\\\/\\\/notabene.world\\\/nb\\\/dziwny-inny-swiat\\\/#breadcrumb\"},\"inLanguage\":\"pl-PL\",\"potentialAction\":[{\"@type\":\"ReadAction\",\"target\":[\"https:\\\/\\\/notabene.world\\\/nb\\\/dziwny-inny-swiat\\\/\"]}]},{\"@type\":\"ImageObject\",\"inLanguage\":\"pl-PL\",\"@id\":\"https:\\\/\\\/notabene.world\\\/nb\\\/dziwny-inny-swiat\\\/#primaryimage\",\"url\":\"https:\\\/\\\/i0.wp.com\\\/notabene.world\\\/nb\\\/wp-content\\\/uploads\\\/2022\\\/09\\\/dzis.jpg?fit=800%2C445&ssl=1\",\"contentUrl\":\"https:\\\/\\\/i0.wp.com\\\/notabene.world\\\/nb\\\/wp-content\\\/uploads\\\/2022\\\/09\\\/dzis.jpg?fit=800%2C445&ssl=1\",\"width\":800,\"height\":445},{\"@type\":\"BreadcrumbList\",\"@id\":\"https:\\\/\\\/notabene.world\\\/nb\\\/dziwny-inny-swiat\\\/#breadcrumb\",\"itemListElement\":[{\"@type\":\"ListItem\",\"position\":1,\"name\":\"Home\",\"item\":\"https:\\\/\\\/notabene.world\\\/nb\\\/\"},{\"@type\":\"ListItem\",\"position\":2,\"name\":\"Dzie\u0144 Wiedzy. Dziwny inny \u015bwiat\"}]},{\"@type\":\"WebSite\",\"@id\":\"https:\\\/\\\/notabene.world\\\/nb\\\/#website\",\"url\":\"https:\\\/\\\/notabene.world\\\/nb\\\/\",\"name\":\"NOTABENE.WORLD\",\"description\":\"Przekaz. Warto\u015bci. Wsp\u00f3lnota.\",\"publisher\":{\"@id\":\"https:\\\/\\\/notabene.world\\\/nb\\\/#organization\"},\"potentialAction\":[{\"@type\":\"SearchAction\",\"target\":{\"@type\":\"EntryPoint\",\"urlTemplate\":\"https:\\\/\\\/notabene.world\\\/nb\\\/?s={search_term_string}\"},\"query-input\":{\"@type\":\"PropertyValueSpecification\",\"valueRequired\":true,\"valueName\":\"search_term_string\"}}],\"inLanguage\":\"pl-PL\"},{\"@type\":\"Organization\",\"@id\":\"https:\\\/\\\/notabene.world\\\/nb\\\/#organization\",\"name\":\"NOTABENE.WORLD\",\"url\":\"https:\\\/\\\/notabene.world\\\/nb\\\/\",\"logo\":{\"@type\":\"ImageObject\",\"inLanguage\":\"pl-PL\",\"@id\":\"https:\\\/\\\/notabene.world\\\/nb\\\/#\\\/schema\\\/logo\\\/image\\\/\",\"url\":\"https:\\\/\\\/notabene.world\\\/nb\\\/wp-content\\\/uploads\\\/2022\\\/01\\\/NB-club-start-www1.jpg\",\"contentUrl\":\"https:\\\/\\\/notabene.world\\\/nb\\\/wp-content\\\/uploads\\\/2022\\\/01\\\/NB-club-start-www1.jpg\",\"width\":1000,\"height\":839,\"caption\":\"NOTABENE.WORLD\"},\"image\":{\"@id\":\"https:\\\/\\\/notabene.world\\\/nb\\\/#\\\/schema\\\/logo\\\/image\\\/\"},\"sameAs\":[\"https:\\\/\\\/www.facebook.com\\\/Notabene.World\"]},{\"@type\":\"Person\",\"@id\":\"https:\\\/\\\/notabene.world\\\/nb\\\/#\\\/schema\\\/person\\\/2227ed509f9261e544f6078919e1981d\",\"name\":\"C vel K\",\"image\":{\"@type\":\"ImageObject\",\"inLanguage\":\"pl-PL\",\"@id\":\"https:\\\/\\\/secure.gravatar.com\\\/avatar\\\/da4181237ddf77c667487dd66af5231faaf45fbcb0774d7a408f868da56bf04c?s=96&d=mm&r=g\",\"url\":\"https:\\\/\\\/secure.gravatar.com\\\/avatar\\\/da4181237ddf77c667487dd66af5231faaf45fbcb0774d7a408f868da56bf04c?s=96&d=mm&r=g\",\"contentUrl\":\"https:\\\/\\\/secure.gravatar.com\\\/avatar\\\/da4181237ddf77c667487dd66af5231faaf45fbcb0774d7a408f868da56bf04c?s=96&d=mm&r=g\",\"caption\":\"C vel K\"},\"url\":\"https:\\\/\\\/notabene.world\\\/nb\\\/author\\\/kcedro\\\/\"}]}<\/script>\n<!-- \/ Yoast SEO plugin. -->","yoast_head_json":{"title":"Dzie\u0144 Wiedzy. Dziwny inny \u015bwiat - NOTABENE.WORLD","robots":{"index":"index","follow":"follow","max-snippet":"max-snippet:-1","max-image-preview":"max-image-preview:large","max-video-preview":"max-video-preview:-1"},"canonical":"https:\/\/notabene.world\/nb\/dziwny-inny-swiat\/","og_locale":"pl_PL","og_type":"article","og_title":"Dzie\u0144 Wiedzy. Dziwny inny \u015bwiat - NOTABENE.WORLD","og_description":"Dok\u0142adnie o 4:45 nad ranem pierwszego wrze\u015bnia 2022 na Westerplatte patrz\u0119 w bia\u0142o-czerwony kontur Polski, niebieski u podstawy. O, widz\u0119 \u0142awk\u0119! To dobrze, \u017ce jest gdzie usi\u0105\u015b\u0107, bo zaczyna si\u0119 w\u0142a\u015bnie pierwsza lekcja nowego przedmiotu w polskiej szkole. Historia i tera\u017aniejszo\u015b\u0107 w pigu\u0142ce. To Dzie\u0144 Wiedzy nie tylko w Federacji Rosyjskiej i w Niemczech, ale przede wszystkim u nas i o nas. W ka\u017cdej gminie, kt\u00f3r\u0105 na to sta\u0107, wciagamy na maszt narodowe sztandary. A kogo nie sta\u0107, niech przynajmniej wstanie z kolan i na baczno\u015b\u0107 ws\u0142ucha si\u0119 w pie\u015b\u0144 z ziemi w\u0142oskiej do Polski p\u0142yn\u0105c\u0105. Marsz, marsz D\u0105browski\u2026 Jeszcze Polska nie zgin\u0119\u0142a, p\u00f3ki \u201enasi\u201d bij\u0105 w tarabany, oj bij\u0105.  Patriotyczne, bia\u0142o-czerwono-niebieskie ramko-\u0142awki stan\u0105 ju\u017c niebawem w ka\u017cdym wojew\u00f3dztwie, a\u017ceby obywatele mieli gdzie zaduma\u0107 si\u0119 nad losem naszej udr\u0119czonej histori\u0105 i tera\u017aniejszo\u015bci\u0105 ojczyzny i cykn\u0105\u0107 sobie przy okazji zdj\u0119cie dla przysz\u0142ych pokole\u0144.","og_url":"https:\/\/notabene.world\/nb\/dziwny-inny-swiat\/","og_site_name":"NOTABENE.WORLD","article_publisher":"https:\/\/www.facebook.com\/Notabene.World","article_published_time":"2023-09-01T02:45:47+00:00","article_modified_time":"2024-08-27T08:29:15+00:00","og_image":[{"width":800,"height":445,"url":"https:\/\/notabene.world\/nb\/wp-content\/uploads\/2022\/09\/dzis.jpg","type":"image\/jpeg"}],"author":"C vel K","twitter_card":"summary_large_image","twitter_misc":{"Napisane przez":"C vel K","Szacowany czas czytania":"3 minuty"},"schema":{"@context":"https:\/\/schema.org","@graph":[{"@type":"Article","@id":"https:\/\/notabene.world\/nb\/dziwny-inny-swiat\/#article","isPartOf":{"@id":"https:\/\/notabene.world\/nb\/dziwny-inny-swiat\/"},"author":{"name":"C vel K","@id":"https:\/\/notabene.world\/nb\/#\/schema\/person\/2227ed509f9261e544f6078919e1981d"},"headline":"Dzie\u0144 Wiedzy. Dziwny inny \u015bwiat","datePublished":"2023-09-01T02:45:47+00:00","dateModified":"2024-08-27T08:29:15+00:00","mainEntityOfPage":{"@id":"https:\/\/notabene.world\/nb\/dziwny-inny-swiat\/"},"wordCount":542,"publisher":{"@id":"https:\/\/notabene.world\/nb\/#organization"},"image":{"@id":"https:\/\/notabene.world\/nb\/dziwny-inny-swiat\/#primaryimage"},"thumbnailUrl":"https:\/\/i0.wp.com\/notabene.world\/nb\/wp-content\/uploads\/2022\/09\/dzis.jpg?fit=800%2C445&ssl=1","articleSection":["Aktualno\u015bci","Felietony","WI\u0118CEJ \u015aWIAT(\u0141)A"],"inLanguage":"pl-PL"},{"@type":"WebPage","@id":"https:\/\/notabene.world\/nb\/dziwny-inny-swiat\/","url":"https:\/\/notabene.world\/nb\/dziwny-inny-swiat\/","name":"Dzie\u0144 Wiedzy. Dziwny inny \u015bwiat - NOTABENE.WORLD","isPartOf":{"@id":"https:\/\/notabene.world\/nb\/#website"},"primaryImageOfPage":{"@id":"https:\/\/notabene.world\/nb\/dziwny-inny-swiat\/#primaryimage"},"image":{"@id":"https:\/\/notabene.world\/nb\/dziwny-inny-swiat\/#primaryimage"},"thumbnailUrl":"https:\/\/i0.wp.com\/notabene.world\/nb\/wp-content\/uploads\/2022\/09\/dzis.jpg?fit=800%2C445&ssl=1","datePublished":"2023-09-01T02:45:47+00:00","dateModified":"2024-08-27T08:29:15+00:00","breadcrumb":{"@id":"https:\/\/notabene.world\/nb\/dziwny-inny-swiat\/#breadcrumb"},"inLanguage":"pl-PL","potentialAction":[{"@type":"ReadAction","target":["https:\/\/notabene.world\/nb\/dziwny-inny-swiat\/"]}]},{"@type":"ImageObject","inLanguage":"pl-PL","@id":"https:\/\/notabene.world\/nb\/dziwny-inny-swiat\/#primaryimage","url":"https:\/\/i0.wp.com\/notabene.world\/nb\/wp-content\/uploads\/2022\/09\/dzis.jpg?fit=800%2C445&ssl=1","contentUrl":"https:\/\/i0.wp.com\/notabene.world\/nb\/wp-content\/uploads\/2022\/09\/dzis.jpg?fit=800%2C445&ssl=1","width":800,"height":445},{"@type":"BreadcrumbList","@id":"https:\/\/notabene.world\/nb\/dziwny-inny-swiat\/#breadcrumb","itemListElement":[{"@type":"ListItem","position":1,"name":"Home","item":"https:\/\/notabene.world\/nb\/"},{"@type":"ListItem","position":2,"name":"Dzie\u0144 Wiedzy. Dziwny inny \u015bwiat"}]},{"@type":"WebSite","@id":"https:\/\/notabene.world\/nb\/#website","url":"https:\/\/notabene.world\/nb\/","name":"NOTABENE.WORLD","description":"Przekaz. Warto\u015bci. Wsp\u00f3lnota.","publisher":{"@id":"https:\/\/notabene.world\/nb\/#organization"},"potentialAction":[{"@type":"SearchAction","target":{"@type":"EntryPoint","urlTemplate":"https:\/\/notabene.world\/nb\/?s={search_term_string}"},"query-input":{"@type":"PropertyValueSpecification","valueRequired":true,"valueName":"search_term_string"}}],"inLanguage":"pl-PL"},{"@type":"Organization","@id":"https:\/\/notabene.world\/nb\/#organization","name":"NOTABENE.WORLD","url":"https:\/\/notabene.world\/nb\/","logo":{"@type":"ImageObject","inLanguage":"pl-PL","@id":"https:\/\/notabene.world\/nb\/#\/schema\/logo\/image\/","url":"https:\/\/notabene.world\/nb\/wp-content\/uploads\/2022\/01\/NB-club-start-www1.jpg","contentUrl":"https:\/\/notabene.world\/nb\/wp-content\/uploads\/2022\/01\/NB-club-start-www1.jpg","width":1000,"height":839,"caption":"NOTABENE.WORLD"},"image":{"@id":"https:\/\/notabene.world\/nb\/#\/schema\/logo\/image\/"},"sameAs":["https:\/\/www.facebook.com\/Notabene.World"]},{"@type":"Person","@id":"https:\/\/notabene.world\/nb\/#\/schema\/person\/2227ed509f9261e544f6078919e1981d","name":"C vel K","image":{"@type":"ImageObject","inLanguage":"pl-PL","@id":"https:\/\/secure.gravatar.com\/avatar\/da4181237ddf77c667487dd66af5231faaf45fbcb0774d7a408f868da56bf04c?s=96&d=mm&r=g","url":"https:\/\/secure.gravatar.com\/avatar\/da4181237ddf77c667487dd66af5231faaf45fbcb0774d7a408f868da56bf04c?s=96&d=mm&r=g","contentUrl":"https:\/\/secure.gravatar.com\/avatar\/da4181237ddf77c667487dd66af5231faaf45fbcb0774d7a408f868da56bf04c?s=96&d=mm&r=g","caption":"C vel K"},"url":"https:\/\/notabene.world\/nb\/author\/kcedro\/"}]}},"jetpack_featured_media_url":"https:\/\/i0.wp.com\/notabene.world\/nb\/wp-content\/uploads\/2022\/09\/dzis.jpg?fit=800%2C445&ssl=1","jetpack_sharing_enabled":true,"jetpack_shortlink":"https:\/\/wp.me\/pdCobN-1X3","_links":{"self":[{"href":"https:\/\/notabene.world\/nb\/wp-json\/wp\/v2\/posts\/7505","targetHints":{"allow":["GET"]}}],"collection":[{"href":"https:\/\/notabene.world\/nb\/wp-json\/wp\/v2\/posts"}],"about":[{"href":"https:\/\/notabene.world\/nb\/wp-json\/wp\/v2\/types\/post"}],"author":[{"embeddable":true,"href":"https:\/\/notabene.world\/nb\/wp-json\/wp\/v2\/users\/1"}],"replies":[{"embeddable":true,"href":"https:\/\/notabene.world\/nb\/wp-json\/wp\/v2\/comments?post=7505"}],"version-history":[{"count":5,"href":"https:\/\/notabene.world\/nb\/wp-json\/wp\/v2\/posts\/7505\/revisions"}],"predecessor-version":[{"id":10977,"href":"https:\/\/notabene.world\/nb\/wp-json\/wp\/v2\/posts\/7505\/revisions\/10977"}],"wp:featuredmedia":[{"embeddable":true,"href":"https:\/\/notabene.world\/nb\/wp-json\/wp\/v2\/media\/7680"}],"wp:attachment":[{"href":"https:\/\/notabene.world\/nb\/wp-json\/wp\/v2\/media?parent=7505"}],"wp:term":[{"taxonomy":"category","embeddable":true,"href":"https:\/\/notabene.world\/nb\/wp-json\/wp\/v2\/categories?post=7505"},{"taxonomy":"post_tag","embeddable":true,"href":"https:\/\/notabene.world\/nb\/wp-json\/wp\/v2\/tags?post=7505"}],"curies":[{"name":"wp","href":"https:\/\/api.w.org\/{rel}","templated":true}]}}