{"id":7542,"date":"2022-09-04T20:55:23","date_gmt":"2022-09-04T18:55:23","guid":{"rendered":"https:\/\/notabene.world\/nb\/?p=7542"},"modified":"2022-09-19T07:45:34","modified_gmt":"2022-09-19T05:45:34","slug":"270-miliardow","status":"publish","type":"post","link":"https:\/\/notabene.world\/nb\/270-miliardow\/","title":{"rendered":"270 miliard\u00f3w&#8230;"},"content":{"rendered":"\n<p>Niedziela. Poranna kawa. Wszyscy zastanawiamy si\u0119, co nam przyniesie jesie\u0144. I czy przetrzymamy zimowe szale\u0144stwo energetyczne.<\/p>\n\n\n\n<p>W tym tygodniu skupili\u015bmy si\u0119 r\u00f3wnie\u017c na trzech wa\u017cnych wydarzeniach. Po pierwsze, 31 sierpnia, min\u0119\u0142a 42 rocznica podpisania Porozumie\u0144 Sierpniowych. Niestety ju\u017c od kilku lat obchodzona w atmosferze sporu, niehonoruj\u0105ca prawdziwych bohater\u00f3w tamtych dni. Sami tak naprawd\u0119 pozwalamy niszczy\u0107&nbsp; 21 postulat\u00f3w, kt\u00f3re skupi\u0142y wok\u00f3\u0142 swego przes\u0142ania ponad 10 milion\u00f3w ludzi. Zapominamy o tamtej atmosferze i nadziei, \u017ce i u nas mo\u017ce by\u0107 normalnie. &nbsp;Nie uczymy nast\u0119pnych pokole\u0144, o co walczyli\u015bmy tyle lat.<\/p>\n\n\n\n<p>Na 1 wrze\u015bnia przypad\u0142a nast\u0119pna rocznica (ju\u017c 83) wybuchu II wojny \u015bwiatowej. To dzie\u0144, kiedy nie tylko oddajemy ho\u0142d poleg\u0142ym i pomordowanym. Przypominamy o bohaterstwie i patriotyzmie, ale tak\u017ce ostrzegamy ca\u0142y \u015bwiat, \u017ce najwi\u0119kszy&nbsp; kataklizm XX wieku mo\u017ce si\u0119 powt\u00f3rzy\u0107. Nigdy wi\u0119cej wojny, o tym ha\u015ble powinni\u015bmy zawsze pami\u0119ta\u0107.<\/p>\n\n\n\n<p>1 wrze\u015bnia to tak\u017ce dzie\u0144, kiedy dzieci i m\u0142odzie\u017c ruszaj\u0105 do szk\u00f3\u0142. W tym roku to 4 miliony 600 tysi\u0119cy uczni\u00f3w, w tym 380 tys. pierwszoklasist\u00f3w. Minister Czarnek zapewnia, \u017ce wszystko jest przygotowane i nie ma \u017cadnych problem\u00f3w w o\u015bwiacie. Inne zdanie maj\u0105 rodzice i dyrektorzy szk\u00f3\u0142. Brak nauczycieli (oko\u0142o 20 tys.), lekcje prowadzone przez nauczycieli, kt\u00f3rzy ucz\u0105 innych przedmiot\u00f3w (rekordzista uczy 7 r\u00f3\u017cnych przedmiot\u00f3w), lekcje od rana do wieczora (bo tylko tak mo\u017ce dyrektor u\u0142o\u017cy\u0107 plan lekcji &nbsp;przy niedostatecznym zatrudnieniu), brak mo\u017cliwo\u015bci prowadzenia zaj\u0119\u0107 dodatkowych, HiT &#8211; nowy przedmiot z podr\u0119cznikiem wywo\u0142uj\u0105cym mn\u00f3stwo kontrowersji. To tylko niekt\u00f3re powody do zmartwienia. Pozostaje mie\u0107 nadziej\u0119, \u017ce szko\u0142y poradz\u0105 sobie z wysokimi cenami opa\u0142u i energii.<\/p>\n\n\n\n<p>Ten problem \u0142\u0105czy wszystkich. Dodatek w\u0119glowy niczego nie rozwi\u0105za\u0142. Okaza\u0142o si\u0119, \u017ce przepisy s\u0105 nieprecyzyjne, \u017ce okres akceptacji wniosku trzeba przed\u0142u\u017cy\u0107 z 30 do 60 dni, \u017ce nieprecyzyjnie zapisano, kto ma prawo z\u0142o\u017cy\u0107 taki wniosek i jak nale\u017cy rozumie\u0107 pojecie gospodarstwa domowego. Trzeba to poprawi\u0107. Jest nareszcie w Sejmie projekt dotycz\u0105cy dofinansowania gospodarstw opalaj\u0105cych swoje domy innym paliwem ni\u017c w\u0119giel. Szkoda, \u017ce mimo wielu g\u0142os\u00f3w nie zrobiono tego wcze\u015bniej przyznaj\u0105c dodatki tylko tym, kt\u00f3rzy pal\u0105 w\u0119glem.<\/p>\n\n\n\n<p>Tymczasem w\u0119gla po prostu nie ma lub jest w bardzo wysokich cenach. Pod kopalniami, kt\u00f3re sprzedaj\u0105 w\u0119giel po 1200 do 1300 z\u0142otych, stoj\u0105 kilometrowe kolejki, okres oczekiwania na za\u0142adunek to od 7 do 10 dni. Wracaj\u0105 znane nam z PRL obrazy. To \u017ale wygl\u0105da, wi\u0119c teraz b\u0119d\u0105 wydawane przez kopalnie numerki.<\/p>\n\n\n\n<p>Niedobrze wygl\u0105da te\u017c jako\u015b\u0107 w\u0119gla, kt\u00f3ry ju\u017c dostarczono do Polski. Okaza\u0142o si\u0119, \u017ce tylko oko\u0142o 20% to w\u0119giel&nbsp; nadaj\u0105cy si\u0119 do spalania w domu, reszta to \u017cu\u017cel, kamienie i piasek. Niestety nie wzros\u0142o wydobycie krajowe. W pierwszym p\u00f3\u0142roczu w og\u00f3le nie zwi\u0119kszyli\u015bmy wydobycia. 79,5 tys. g\u00f3rnik\u00f3w wydoby\u0142o tylko 52 mln ton. W roku 2015 by\u0142o zatrudnionych tyle samo i wydobywali 74 mln. Nikt z rz\u0105du nie zauwa\u017cy\u0142, \u017ce w ci\u0105gu dw\u00f3ch lat zapasy w kot\u0142owniach, elektrowniach lub ciep\u0142owniach spad\u0142y a\u017c o 84 %. W tym samym czasie sp\u00f3\u0142ki z udzia\u0142em skarbu pa\u0144stwa podpisa\u0142y wiele um\u00f3w eksportowych. \u201eOd stycznia 2022 roku do teraz sprzedano poza Polsk\u0119 oko\u0142o 2,8 mln ton w\u0119gla za 3 miliardy z\u0142otych\u201d informuje prezeska Forum Energii. Ile miliard\u00f3w wydamy na import w\u0119gla, tego dzi\u015b nikt nie ma odwagi poda\u0107.<\/p>\n\n\n\n<p>Za to GUS poda\u0142, \u017ce inflacja za sierpie\u0144 to a\u017c 16,1%. W tym tygodniu rz\u0105d przyj\u0105\u0142 projekt bud\u017cetu na 2023 rok. Wiadomo ju\u017c, \u017ce musimy po\u017cyczy\u0107 270 miliard\u00f3w, co oznacza wzrost o 35 miliard\u00f3w w stosunku do tego co po\u017cyczyli\u015bmy w tym roku. Koszty obs\u0142ugi tego d\u0142ugu wzrosn\u0105 o 154 % i osi\u0105gn\u0105 66 miliard\u00f3w wobec 26 miliard\u00f3w w tym roku. To mo\u017ce by\u0107 tylko wierzcho\u0142ek potrzeb po\u017cyczkowych, bo tak naprawd\u0119 nie wiemy, jakie koszty wygeneruje kryzys energetyczny. Wszyscy powinni\u015bmy oszcz\u0119dza\u0107. Pojawia si\u0119 pytanie, czy wida\u0107 to w planie bud\u017cetu pa\u0144stwa. Chyba nie.<\/p>\n\n\n\n<p>A w Ukrainie ju\u017c 193 dzie\u0144 wojny. Walki trwaj\u0105. Ofensywa wojsk ukrai\u0144skich na po\u0142udniu posuwa si\u0119 powoli, ale wed\u0142ug dow\u00f3dztwa zgodnie z planem. Wszyscy czekamy na dobre informacje.<\/p>\n","protected":false},"excerpt":{"rendered":"<p>W tym tygodniu skupili\u015bmy si\u0119 r\u00f3wnie\u017c na trzech wa\u017cnych wydarzeniach. Po pierwsze, 31 sierpnia, min\u0119\u0142a 42 rocznica podpisania Porozumie\u0144 Sierpniowych. Niestety ju\u017c od kilku lat obchodzona w atmosferze sporu, niehonoruj\u0105ca prawdziwych bohater\u00f3w tamtych dni. Sami tak naprawd\u0119 pozwalamy niszczy\u0107\u00a0 21 postulat\u00f3w, kt\u00f3re skupi\u0142y wok\u00f3\u0142 swego przes\u0142ania ponad 10 milion\u00f3w ludzi. Zapominamy o tamtej atmosferze i nadziei, \u017ce i u nas mo\u017ce by\u0107 normalnie. \u00a0Nie uczymy nast\u0119pnych pokole\u0144, o co walczyli\u015bmy tyle lat.<\/p>\n<p>Na 1 wrze\u015bnia przypad\u0142a nast\u0119pna rocznica (ju\u017c 83) wybuchu II wojny \u015bwiatowej. To dzie\u0144, kiedy nie tylko oddajemy ho\u0142d poleg\u0142ym i pomordowanym. Przypominamy o bohaterstwie i patriotyzmie, ale tak\u017ce ostrzegamy ca\u0142y \u015bwiat, \u017ce najwi\u0119kszy\u00a0 kataklizm XX wieku mo\u017ce si\u0119 powt\u00f3rzy\u0107. Nigdy wi\u0119cej wojny, o tym ha\u015ble powinni\u015bmy zawsze pami\u0119ta\u0107.<\/p>\n","protected":false},"author":35,"featured_media":7545,"comment_status":"closed","ping_status":"closed","sticky":false,"template":"","format":"standard","meta":{"colormag_page_container_layout":"default_layout","colormag_page_sidebar_layout":"default_layout","_jetpack_memberships_contains_paid_content":false,"footnotes":"","_links_to":"","_links_to_target":""},"categories":[64,42,175],"tags":[],"class_list":["post-7542","post","type-post","status-publish","format-standard","has-post-thumbnail","hentry","category-aktualnosci","category-felietony","category-liczby-i-fakty"],"yoast_head":"<!-- This site is optimized with the Yoast SEO plugin v27.4 - https:\/\/yoast.com\/product\/yoast-seo-wordpress\/ -->\n<title>270 miliard\u00f3w... - NOTABENE.WORLD<\/title>\n<meta name=\"robots\" content=\"index, follow, max-snippet:-1, max-image-preview:large, max-video-preview:-1\" \/>\n<link rel=\"canonical\" href=\"https:\/\/notabene.world\/nb\/270-miliardow\/\" \/>\n<meta property=\"og:locale\" content=\"pl_PL\" \/>\n<meta property=\"og:type\" content=\"article\" \/>\n<meta property=\"og:title\" content=\"270 miliard\u00f3w... - NOTABENE.WORLD\" \/>\n<meta property=\"og:description\" content=\"W tym tygodniu skupili\u015bmy si\u0119 r\u00f3wnie\u017c na trzech wa\u017cnych wydarzeniach. Po pierwsze, 31 sierpnia, min\u0119\u0142a 42 rocznica podpisania Porozumie\u0144 Sierpniowych. Niestety ju\u017c od kilku lat obchodzona w atmosferze sporu, niehonoruj\u0105ca prawdziwych bohater\u00f3w tamtych dni. Sami tak naprawd\u0119 pozwalamy niszczy\u0107\u00a0 21 postulat\u00f3w, kt\u00f3re skupi\u0142y wok\u00f3\u0142 swego przes\u0142ania ponad 10 milion\u00f3w ludzi. Zapominamy o tamtej atmosferze i nadziei, \u017ce i u nas mo\u017ce by\u0107 normalnie. \u00a0Nie uczymy nast\u0119pnych pokole\u0144, o co walczyli\u015bmy tyle lat. Na 1 wrze\u015bnia przypad\u0142a nast\u0119pna rocznica (ju\u017c 83) wybuchu II wojny \u015bwiatowej. To dzie\u0144, kiedy nie tylko oddajemy ho\u0142d poleg\u0142ym i pomordowanym. Przypominamy o bohaterstwie i patriotyzmie, ale tak\u017ce ostrzegamy ca\u0142y \u015bwiat, \u017ce najwi\u0119kszy\u00a0 kataklizm XX wieku mo\u017ce si\u0119 powt\u00f3rzy\u0107. Nigdy wi\u0119cej wojny, o tym ha\u015ble powinni\u015bmy zawsze pami\u0119ta\u0107.\" \/>\n<meta property=\"og:url\" content=\"https:\/\/notabene.world\/nb\/270-miliardow\/\" \/>\n<meta property=\"og:site_name\" content=\"NOTABENE.WORLD\" \/>\n<meta property=\"article:publisher\" content=\"https:\/\/www.facebook.com\/Notabene.World\" \/>\n<meta property=\"article:published_time\" content=\"2022-09-04T18:55:23+00:00\" \/>\n<meta property=\"article:modified_time\" content=\"2022-09-19T05:45:34+00:00\" \/>\n<meta property=\"og:image\" content=\"https:\/\/notabene.world\/nb\/wp-content\/uploads\/2022\/09\/ii2a.jpg\" \/>\n\t<meta property=\"og:image:width\" content=\"800\" \/>\n\t<meta property=\"og:image:height\" content=\"445\" \/>\n\t<meta property=\"og:image:type\" content=\"image\/jpeg\" \/>\n<meta name=\"author\" content=\"B D\" \/>\n<meta name=\"twitter:card\" content=\"summary_large_image\" \/>\n<meta name=\"twitter:label1\" content=\"Napisane przez\" \/>\n\t<meta name=\"twitter:data1\" content=\"B D\" \/>\n\t<meta name=\"twitter:label2\" content=\"Szacowany czas czytania\" \/>\n\t<meta name=\"twitter:data2\" content=\"4 minuty\" \/>\n<script type=\"application\/ld+json\" class=\"yoast-schema-graph\">{\"@context\":\"https:\\\/\\\/schema.org\",\"@graph\":[{\"@type\":\"Article\",\"@id\":\"https:\\\/\\\/notabene.world\\\/nb\\\/270-miliardow\\\/#article\",\"isPartOf\":{\"@id\":\"https:\\\/\\\/notabene.world\\\/nb\\\/270-miliardow\\\/\"},\"author\":{\"name\":\"B D\",\"@id\":\"https:\\\/\\\/notabene.world\\\/nb\\\/#\\\/schema\\\/person\\\/9081f0d094ad3e2767736feb48c99520\"},\"headline\":\"270 miliard\u00f3w&#8230;\",\"datePublished\":\"2022-09-04T18:55:23+00:00\",\"dateModified\":\"2022-09-19T05:45:34+00:00\",\"mainEntityOfPage\":{\"@id\":\"https:\\\/\\\/notabene.world\\\/nb\\\/270-miliardow\\\/\"},\"wordCount\":736,\"publisher\":{\"@id\":\"https:\\\/\\\/notabene.world\\\/nb\\\/#organization\"},\"image\":{\"@id\":\"https:\\\/\\\/notabene.world\\\/nb\\\/270-miliardow\\\/#primaryimage\"},\"thumbnailUrl\":\"https:\\\/\\\/i0.wp.com\\\/notabene.world\\\/nb\\\/wp-content\\\/uploads\\\/2022\\\/09\\\/ii2a.jpg?fit=800%2C445&ssl=1\",\"articleSection\":[\"Aktualno\u015bci\",\"Felietony\",\"Liczby i Fakty\"],\"inLanguage\":\"pl-PL\"},{\"@type\":\"WebPage\",\"@id\":\"https:\\\/\\\/notabene.world\\\/nb\\\/270-miliardow\\\/\",\"url\":\"https:\\\/\\\/notabene.world\\\/nb\\\/270-miliardow\\\/\",\"name\":\"270 miliard\u00f3w... - NOTABENE.WORLD\",\"isPartOf\":{\"@id\":\"https:\\\/\\\/notabene.world\\\/nb\\\/#website\"},\"primaryImageOfPage\":{\"@id\":\"https:\\\/\\\/notabene.world\\\/nb\\\/270-miliardow\\\/#primaryimage\"},\"image\":{\"@id\":\"https:\\\/\\\/notabene.world\\\/nb\\\/270-miliardow\\\/#primaryimage\"},\"thumbnailUrl\":\"https:\\\/\\\/i0.wp.com\\\/notabene.world\\\/nb\\\/wp-content\\\/uploads\\\/2022\\\/09\\\/ii2a.jpg?fit=800%2C445&ssl=1\",\"datePublished\":\"2022-09-04T18:55:23+00:00\",\"dateModified\":\"2022-09-19T05:45:34+00:00\",\"breadcrumb\":{\"@id\":\"https:\\\/\\\/notabene.world\\\/nb\\\/270-miliardow\\\/#breadcrumb\"},\"inLanguage\":\"pl-PL\",\"potentialAction\":[{\"@type\":\"ReadAction\",\"target\":[\"https:\\\/\\\/notabene.world\\\/nb\\\/270-miliardow\\\/\"]}]},{\"@type\":\"ImageObject\",\"inLanguage\":\"pl-PL\",\"@id\":\"https:\\\/\\\/notabene.world\\\/nb\\\/270-miliardow\\\/#primaryimage\",\"url\":\"https:\\\/\\\/i0.wp.com\\\/notabene.world\\\/nb\\\/wp-content\\\/uploads\\\/2022\\\/09\\\/ii2a.jpg?fit=800%2C445&ssl=1\",\"contentUrl\":\"https:\\\/\\\/i0.wp.com\\\/notabene.world\\\/nb\\\/wp-content\\\/uploads\\\/2022\\\/09\\\/ii2a.jpg?fit=800%2C445&ssl=1\",\"width\":800,\"height\":445},{\"@type\":\"BreadcrumbList\",\"@id\":\"https:\\\/\\\/notabene.world\\\/nb\\\/270-miliardow\\\/#breadcrumb\",\"itemListElement\":[{\"@type\":\"ListItem\",\"position\":1,\"name\":\"Home\",\"item\":\"https:\\\/\\\/notabene.world\\\/nb\\\/\"},{\"@type\":\"ListItem\",\"position\":2,\"name\":\"270 miliard\u00f3w&#8230;\"}]},{\"@type\":\"WebSite\",\"@id\":\"https:\\\/\\\/notabene.world\\\/nb\\\/#website\",\"url\":\"https:\\\/\\\/notabene.world\\\/nb\\\/\",\"name\":\"NOTABENE.WORLD\",\"description\":\"Przekaz. Warto\u015bci. Wsp\u00f3lnota.\",\"publisher\":{\"@id\":\"https:\\\/\\\/notabene.world\\\/nb\\\/#organization\"},\"potentialAction\":[{\"@type\":\"SearchAction\",\"target\":{\"@type\":\"EntryPoint\",\"urlTemplate\":\"https:\\\/\\\/notabene.world\\\/nb\\\/?s={search_term_string}\"},\"query-input\":{\"@type\":\"PropertyValueSpecification\",\"valueRequired\":true,\"valueName\":\"search_term_string\"}}],\"inLanguage\":\"pl-PL\"},{\"@type\":\"Organization\",\"@id\":\"https:\\\/\\\/notabene.world\\\/nb\\\/#organization\",\"name\":\"NOTABENE.WORLD\",\"url\":\"https:\\\/\\\/notabene.world\\\/nb\\\/\",\"logo\":{\"@type\":\"ImageObject\",\"inLanguage\":\"pl-PL\",\"@id\":\"https:\\\/\\\/notabene.world\\\/nb\\\/#\\\/schema\\\/logo\\\/image\\\/\",\"url\":\"https:\\\/\\\/notabene.world\\\/nb\\\/wp-content\\\/uploads\\\/2022\\\/01\\\/NB-club-start-www1.jpg\",\"contentUrl\":\"https:\\\/\\\/notabene.world\\\/nb\\\/wp-content\\\/uploads\\\/2022\\\/01\\\/NB-club-start-www1.jpg\",\"width\":1000,\"height\":839,\"caption\":\"NOTABENE.WORLD\"},\"image\":{\"@id\":\"https:\\\/\\\/notabene.world\\\/nb\\\/#\\\/schema\\\/logo\\\/image\\\/\"},\"sameAs\":[\"https:\\\/\\\/www.facebook.com\\\/Notabene.World\"]},{\"@type\":\"Person\",\"@id\":\"https:\\\/\\\/notabene.world\\\/nb\\\/#\\\/schema\\\/person\\\/9081f0d094ad3e2767736feb48c99520\",\"name\":\"B D\",\"image\":{\"@type\":\"ImageObject\",\"inLanguage\":\"pl-PL\",\"@id\":\"https:\\\/\\\/secure.gravatar.com\\\/avatar\\\/ebcdcd8c0a7789c85d5a03ead2e68bda7a5fcb1ab728d56a4bd678c5ea15faa2?s=96&d=mm&r=g\",\"url\":\"https:\\\/\\\/secure.gravatar.com\\\/avatar\\\/ebcdcd8c0a7789c85d5a03ead2e68bda7a5fcb1ab728d56a4bd678c5ea15faa2?s=96&d=mm&r=g\",\"contentUrl\":\"https:\\\/\\\/secure.gravatar.com\\\/avatar\\\/ebcdcd8c0a7789c85d5a03ead2e68bda7a5fcb1ab728d56a4bd678c5ea15faa2?s=96&d=mm&r=g\",\"caption\":\"B D\"},\"url\":\"https:\\\/\\\/notabene.world\\\/nb\\\/author\\\/jo-d\\\/\"}]}<\/script>\n<!-- \/ Yoast SEO plugin. -->","yoast_head_json":{"title":"270 miliard\u00f3w... - NOTABENE.WORLD","robots":{"index":"index","follow":"follow","max-snippet":"max-snippet:-1","max-image-preview":"max-image-preview:large","max-video-preview":"max-video-preview:-1"},"canonical":"https:\/\/notabene.world\/nb\/270-miliardow\/","og_locale":"pl_PL","og_type":"article","og_title":"270 miliard\u00f3w... - NOTABENE.WORLD","og_description":"W tym tygodniu skupili\u015bmy si\u0119 r\u00f3wnie\u017c na trzech wa\u017cnych wydarzeniach. Po pierwsze, 31 sierpnia, min\u0119\u0142a 42 rocznica podpisania Porozumie\u0144 Sierpniowych. Niestety ju\u017c od kilku lat obchodzona w atmosferze sporu, niehonoruj\u0105ca prawdziwych bohater\u00f3w tamtych dni. Sami tak naprawd\u0119 pozwalamy niszczy\u0107\u00a0 21 postulat\u00f3w, kt\u00f3re skupi\u0142y wok\u00f3\u0142 swego przes\u0142ania ponad 10 milion\u00f3w ludzi. Zapominamy o tamtej atmosferze i nadziei, \u017ce i u nas mo\u017ce by\u0107 normalnie. \u00a0Nie uczymy nast\u0119pnych pokole\u0144, o co walczyli\u015bmy tyle lat. Na 1 wrze\u015bnia przypad\u0142a nast\u0119pna rocznica (ju\u017c 83) wybuchu II wojny \u015bwiatowej. To dzie\u0144, kiedy nie tylko oddajemy ho\u0142d poleg\u0142ym i pomordowanym. Przypominamy o bohaterstwie i patriotyzmie, ale tak\u017ce ostrzegamy ca\u0142y \u015bwiat, \u017ce najwi\u0119kszy\u00a0 kataklizm XX wieku mo\u017ce si\u0119 powt\u00f3rzy\u0107. Nigdy wi\u0119cej wojny, o tym ha\u015ble powinni\u015bmy zawsze pami\u0119ta\u0107.","og_url":"https:\/\/notabene.world\/nb\/270-miliardow\/","og_site_name":"NOTABENE.WORLD","article_publisher":"https:\/\/www.facebook.com\/Notabene.World","article_published_time":"2022-09-04T18:55:23+00:00","article_modified_time":"2022-09-19T05:45:34+00:00","og_image":[{"width":800,"height":445,"url":"https:\/\/notabene.world\/nb\/wp-content\/uploads\/2022\/09\/ii2a.jpg","type":"image\/jpeg"}],"author":"B D","twitter_card":"summary_large_image","twitter_misc":{"Napisane przez":"B D","Szacowany czas czytania":"4 minuty"},"schema":{"@context":"https:\/\/schema.org","@graph":[{"@type":"Article","@id":"https:\/\/notabene.world\/nb\/270-miliardow\/#article","isPartOf":{"@id":"https:\/\/notabene.world\/nb\/270-miliardow\/"},"author":{"name":"B D","@id":"https:\/\/notabene.world\/nb\/#\/schema\/person\/9081f0d094ad3e2767736feb48c99520"},"headline":"270 miliard\u00f3w&#8230;","datePublished":"2022-09-04T18:55:23+00:00","dateModified":"2022-09-19T05:45:34+00:00","mainEntityOfPage":{"@id":"https:\/\/notabene.world\/nb\/270-miliardow\/"},"wordCount":736,"publisher":{"@id":"https:\/\/notabene.world\/nb\/#organization"},"image":{"@id":"https:\/\/notabene.world\/nb\/270-miliardow\/#primaryimage"},"thumbnailUrl":"https:\/\/i0.wp.com\/notabene.world\/nb\/wp-content\/uploads\/2022\/09\/ii2a.jpg?fit=800%2C445&ssl=1","articleSection":["Aktualno\u015bci","Felietony","Liczby i Fakty"],"inLanguage":"pl-PL"},{"@type":"WebPage","@id":"https:\/\/notabene.world\/nb\/270-miliardow\/","url":"https:\/\/notabene.world\/nb\/270-miliardow\/","name":"270 miliard\u00f3w... - NOTABENE.WORLD","isPartOf":{"@id":"https:\/\/notabene.world\/nb\/#website"},"primaryImageOfPage":{"@id":"https:\/\/notabene.world\/nb\/270-miliardow\/#primaryimage"},"image":{"@id":"https:\/\/notabene.world\/nb\/270-miliardow\/#primaryimage"},"thumbnailUrl":"https:\/\/i0.wp.com\/notabene.world\/nb\/wp-content\/uploads\/2022\/09\/ii2a.jpg?fit=800%2C445&ssl=1","datePublished":"2022-09-04T18:55:23+00:00","dateModified":"2022-09-19T05:45:34+00:00","breadcrumb":{"@id":"https:\/\/notabene.world\/nb\/270-miliardow\/#breadcrumb"},"inLanguage":"pl-PL","potentialAction":[{"@type":"ReadAction","target":["https:\/\/notabene.world\/nb\/270-miliardow\/"]}]},{"@type":"ImageObject","inLanguage":"pl-PL","@id":"https:\/\/notabene.world\/nb\/270-miliardow\/#primaryimage","url":"https:\/\/i0.wp.com\/notabene.world\/nb\/wp-content\/uploads\/2022\/09\/ii2a.jpg?fit=800%2C445&ssl=1","contentUrl":"https:\/\/i0.wp.com\/notabene.world\/nb\/wp-content\/uploads\/2022\/09\/ii2a.jpg?fit=800%2C445&ssl=1","width":800,"height":445},{"@type":"BreadcrumbList","@id":"https:\/\/notabene.world\/nb\/270-miliardow\/#breadcrumb","itemListElement":[{"@type":"ListItem","position":1,"name":"Home","item":"https:\/\/notabene.world\/nb\/"},{"@type":"ListItem","position":2,"name":"270 miliard\u00f3w&#8230;"}]},{"@type":"WebSite","@id":"https:\/\/notabene.world\/nb\/#website","url":"https:\/\/notabene.world\/nb\/","name":"NOTABENE.WORLD","description":"Przekaz. Warto\u015bci. Wsp\u00f3lnota.","publisher":{"@id":"https:\/\/notabene.world\/nb\/#organization"},"potentialAction":[{"@type":"SearchAction","target":{"@type":"EntryPoint","urlTemplate":"https:\/\/notabene.world\/nb\/?s={search_term_string}"},"query-input":{"@type":"PropertyValueSpecification","valueRequired":true,"valueName":"search_term_string"}}],"inLanguage":"pl-PL"},{"@type":"Organization","@id":"https:\/\/notabene.world\/nb\/#organization","name":"NOTABENE.WORLD","url":"https:\/\/notabene.world\/nb\/","logo":{"@type":"ImageObject","inLanguage":"pl-PL","@id":"https:\/\/notabene.world\/nb\/#\/schema\/logo\/image\/","url":"https:\/\/notabene.world\/nb\/wp-content\/uploads\/2022\/01\/NB-club-start-www1.jpg","contentUrl":"https:\/\/notabene.world\/nb\/wp-content\/uploads\/2022\/01\/NB-club-start-www1.jpg","width":1000,"height":839,"caption":"NOTABENE.WORLD"},"image":{"@id":"https:\/\/notabene.world\/nb\/#\/schema\/logo\/image\/"},"sameAs":["https:\/\/www.facebook.com\/Notabene.World"]},{"@type":"Person","@id":"https:\/\/notabene.world\/nb\/#\/schema\/person\/9081f0d094ad3e2767736feb48c99520","name":"B D","image":{"@type":"ImageObject","inLanguage":"pl-PL","@id":"https:\/\/secure.gravatar.com\/avatar\/ebcdcd8c0a7789c85d5a03ead2e68bda7a5fcb1ab728d56a4bd678c5ea15faa2?s=96&d=mm&r=g","url":"https:\/\/secure.gravatar.com\/avatar\/ebcdcd8c0a7789c85d5a03ead2e68bda7a5fcb1ab728d56a4bd678c5ea15faa2?s=96&d=mm&r=g","contentUrl":"https:\/\/secure.gravatar.com\/avatar\/ebcdcd8c0a7789c85d5a03ead2e68bda7a5fcb1ab728d56a4bd678c5ea15faa2?s=96&d=mm&r=g","caption":"B D"},"url":"https:\/\/notabene.world\/nb\/author\/jo-d\/"}]}},"jetpack_featured_media_url":"https:\/\/i0.wp.com\/notabene.world\/nb\/wp-content\/uploads\/2022\/09\/ii2a.jpg?fit=800%2C445&ssl=1","jetpack_sharing_enabled":true,"jetpack_shortlink":"https:\/\/wp.me\/pdCobN-1XE","_links":{"self":[{"href":"https:\/\/notabene.world\/nb\/wp-json\/wp\/v2\/posts\/7542","targetHints":{"allow":["GET"]}}],"collection":[{"href":"https:\/\/notabene.world\/nb\/wp-json\/wp\/v2\/posts"}],"about":[{"href":"https:\/\/notabene.world\/nb\/wp-json\/wp\/v2\/types\/post"}],"author":[{"embeddable":true,"href":"https:\/\/notabene.world\/nb\/wp-json\/wp\/v2\/users\/35"}],"replies":[{"embeddable":true,"href":"https:\/\/notabene.world\/nb\/wp-json\/wp\/v2\/comments?post=7542"}],"version-history":[{"count":1,"href":"https:\/\/notabene.world\/nb\/wp-json\/wp\/v2\/posts\/7542\/revisions"}],"predecessor-version":[{"id":7543,"href":"https:\/\/notabene.world\/nb\/wp-json\/wp\/v2\/posts\/7542\/revisions\/7543"}],"wp:featuredmedia":[{"embeddable":true,"href":"https:\/\/notabene.world\/nb\/wp-json\/wp\/v2\/media\/7545"}],"wp:attachment":[{"href":"https:\/\/notabene.world\/nb\/wp-json\/wp\/v2\/media?parent=7542"}],"wp:term":[{"taxonomy":"category","embeddable":true,"href":"https:\/\/notabene.world\/nb\/wp-json\/wp\/v2\/categories?post=7542"},{"taxonomy":"post_tag","embeddable":true,"href":"https:\/\/notabene.world\/nb\/wp-json\/wp\/v2\/tags?post=7542"}],"curies":[{"name":"wp","href":"https:\/\/api.w.org\/{rel}","templated":true}]}}