{"id":7564,"date":"2022-09-06T20:26:13","date_gmt":"2022-09-06T18:26:13","guid":{"rendered":"https:\/\/notabene.world\/nb\/?p=7564"},"modified":"2022-09-14T11:57:37","modified_gmt":"2022-09-14T09:57:37","slug":"zarzuty-dla-lekarzy-ze-szpitala-w-pszczynie-powrot-do-tragedii-sprzed-roku","status":"publish","type":"post","link":"https:\/\/notabene.world\/nb\/zarzuty-dla-lekarzy-ze-szpitala-w-pszczynie-powrot-do-tragedii-sprzed-roku\/","title":{"rendered":"Zarzuty dla lekarzy ze szpitala w Pszczynie. Wraca tragedia sprzed roku"},"content":{"rendered":"\n<p>22 wrze\u015bnia zesz\u0142ego roku w Pszczynie dosz\u0142o do tragedii. Kobieta w 22. tygodniu ci\u0105\u017cy trafi\u0142a do szpitala z powodu odchodz\u0105cych w\u00f3d p\u0142odowych, a nied\u0142ugo p\u00f3\u017aniej zmar\u0142a w wyniku wstrz\u0105su septycznego. Jej historia wywo\u0142a\u0142a fal\u0119 protest\u00f3w pod has\u0142em &#8222;Ani jednej wi\u0119cej&#8221;, kt\u00f3re odnosi\u0142y si\u0119 r\u00f3wnie\u017c do wyroku Trybuna\u0142u Konstytucyjnego dotycz\u0105cego aborcji. <\/p>\n\n\n\n<p>Sprawa ci\u0119\u017carnej wywo\u0142ywa\u0142a wiele frustracji. Wed\u0142ug relacji rodziny pacjentki lekarze mieli czeka\u0107, a\u017c p\u0142\u00f3d obumrze, by dokona\u0107 aborcji. Z wiadomo\u015bci, kt\u00f3re pani Izabela wysy\u0142a\u0142a do bliskich wynika, \u017ce wp\u0142yw na &#8222;wyczekuj\u0105c\u0105&#8221; postaw\u0119 lekarzy mia\u0142y mie\u0107 restrykcyjne przepisy antyaborcyjne. <\/p>\n\n\n\n<p>Pod koniec zesz\u0142ego roku Kontrola Narodowego Funduszu Zdrowia wykry\u0142a wiele nieprawid\u0142owo\u015bci w dzia\u0142aniach plac\u00f3wki, kt\u00f3ra przyj\u0119\u0142a pani\u0105 Izabel\u0119 22 wrze\u015bnia. \u015aledztwo w&nbsp;sprawie nieumy\u015blnego spowodowania \u015bmierci 30-latki wszcz\u0119\u0142a Prokuratura Rejonowa w&nbsp;Pszczynie, a p\u00f3\u017aniej przej\u0119\u0142a je Prokuratura Regionalna w Katowicach. <\/p>\n\n\n\n<p>Ponowne nag\u0142o\u015bnienie tej sprawy spowodowa\u0142y zarzuty postawione dw\u00f3m lekarzom ze szpitala w Pszczynie. Obu przedstawiono zarzut nara\u017cenia na niebezpiecze\u0144stwo utraty&nbsp;\u017cycia, a jeden z&nbsp;nich dodatkowo us\u0142ysza\u0142 zarzut nieumy\u015blnego spowodowania \u015bmierci. \u015aledztwo dalej jest w toku. <\/p>\n","protected":false},"excerpt":{"rendered":"<p>22 wrze\u015bnia zesz\u0142ego roku w Pszczynie dosz\u0142o do tragedii. Kobieta w 22. tygodniu ci\u0105\u017cy trafi\u0142a do szpitala z powodu odchodz\u0105cych w\u00f3d p\u0142odowych, a nied\u0142ugo p\u00f3\u017aniej zmar\u0142a w wyniku wstrz\u0105su septycznego. Jej historia wywo\u0142a\u0142a fal\u0119 protest\u00f3w pod has\u0142em &#8222;Ani jednej wi\u0119cej&#8221;, kt\u00f3re odnosi\u0142y si\u0119 r\u00f3wnie\u017c do wyroku Trybuna\u0142u Konstytucyjnego dotycz\u0105cego aborcji.<\/p>\n<p>Sprawa ci\u0119\u017carnej wywo\u0142ywa\u0142a wiele frustracji. Wed\u0142ug relacji rodziny pacjentki lekarze mieli czeka\u0107, a\u017c p\u0142\u00f3d obumrze, by dokona\u0107 aborcji. Z wiadomo\u015bci, kt\u00f3re pani Izabela wysy\u0142a\u0142a do bliskich wynika, \u017ce wp\u0142yw na &#8222;wyczekuj\u0105c\u0105&#8221; postaw\u0119 lekarzy mia\u0142y mie\u0107 restrykcyjne przepisy antyaborcyjne.<\/p>\n","protected":false},"author":23,"featured_media":7565,"comment_status":"closed","ping_status":"closed","sticky":false,"template":"","format":"standard","meta":{"colormag_page_container_layout":"default_layout","colormag_page_sidebar_layout":"default_layout","_jetpack_memberships_contains_paid_content":false,"footnotes":"","_links_to":"","_links_to_target":""},"categories":[110],"tags":[55,203,206,70,205,204],"class_list":["post-7564","post","type-post","status-publish","format-standard","has-post-thumbnail","hentry","category-spoleczenstwo-2","tag-spoleczenstwo","tag-aborcja-2","tag-aktualnosci-2","tag-anijednejwiecej","tag-prawakobiet-2","tag-strajkkobiet-2"],"yoast_head":"<!-- This site is optimized with the Yoast SEO plugin v27.4 - https:\/\/yoast.com\/product\/yoast-seo-wordpress\/ -->\n<title>Zarzuty dla lekarzy ze szpitala w Pszczynie. Wraca tragedia sprzed roku - NOTABENE.WORLD<\/title>\n<meta name=\"robots\" content=\"index, follow, max-snippet:-1, max-image-preview:large, max-video-preview:-1\" \/>\n<link rel=\"canonical\" href=\"https:\/\/notabene.world\/nb\/zarzuty-dla-lekarzy-ze-szpitala-w-pszczynie-powrot-do-tragedii-sprzed-roku\/\" \/>\n<meta property=\"og:locale\" content=\"pl_PL\" \/>\n<meta property=\"og:type\" content=\"article\" \/>\n<meta property=\"og:title\" content=\"Zarzuty dla lekarzy ze szpitala w Pszczynie. Wraca tragedia sprzed roku - NOTABENE.WORLD\" \/>\n<meta property=\"og:description\" content=\"22 wrze\u015bnia zesz\u0142ego roku w Pszczynie dosz\u0142o do tragedii. Kobieta w 22. tygodniu ci\u0105\u017cy trafi\u0142a do szpitala z powodu odchodz\u0105cych w\u00f3d p\u0142odowych, a nied\u0142ugo p\u00f3\u017aniej zmar\u0142a w wyniku wstrz\u0105su septycznego. Jej historia wywo\u0142a\u0142a fal\u0119 protest\u00f3w pod has\u0142em &quot;Ani jednej wi\u0119cej&quot;, kt\u00f3re odnosi\u0142y si\u0119 r\u00f3wnie\u017c do wyroku Trybuna\u0142u Konstytucyjnego dotycz\u0105cego aborcji. Sprawa ci\u0119\u017carnej wywo\u0142ywa\u0142a wiele frustracji. Wed\u0142ug relacji rodziny pacjentki lekarze mieli czeka\u0107, a\u017c p\u0142\u00f3d obumrze, by dokona\u0107 aborcji. Z wiadomo\u015bci, kt\u00f3re pani Izabela wysy\u0142a\u0142a do bliskich wynika, \u017ce wp\u0142yw na &quot;wyczekuj\u0105c\u0105&quot; postaw\u0119 lekarzy mia\u0142y mie\u0107 restrykcyjne przepisy antyaborcyjne.\" \/>\n<meta property=\"og:url\" content=\"https:\/\/notabene.world\/nb\/zarzuty-dla-lekarzy-ze-szpitala-w-pszczynie-powrot-do-tragedii-sprzed-roku\/\" \/>\n<meta property=\"og:site_name\" content=\"NOTABENE.WORLD\" \/>\n<meta property=\"article:publisher\" content=\"https:\/\/www.facebook.com\/Notabene.World\" \/>\n<meta property=\"article:published_time\" content=\"2022-09-06T18:26:13+00:00\" \/>\n<meta property=\"article:modified_time\" content=\"2022-09-14T09:57:37+00:00\" \/>\n<meta property=\"og:image\" content=\"https:\/\/notabene.world\/nb\/wp-content\/uploads\/2022\/09\/1f331d2c47a3d6244eee65520f66f3021000100010.jpg\" \/>\n\t<meta property=\"og:image:width\" content=\"1000\" \/>\n\t<meta property=\"og:image:height\" content=\"1000\" \/>\n\t<meta property=\"og:image:type\" content=\"image\/jpeg\" \/>\n<meta name=\"author\" content=\"M. Hoffmann\" \/>\n<meta name=\"twitter:card\" content=\"summary_large_image\" \/>\n<meta name=\"twitter:label1\" content=\"Napisane przez\" \/>\n\t<meta name=\"twitter:data1\" content=\"M. Hoffmann\" \/>\n\t<meta name=\"twitter:label2\" content=\"Szacowany czas czytania\" \/>\n\t<meta name=\"twitter:data2\" content=\"1 minuta\" \/>\n<script type=\"application\/ld+json\" class=\"yoast-schema-graph\">{\"@context\":\"https:\\\/\\\/schema.org\",\"@graph\":[{\"@type\":\"Article\",\"@id\":\"https:\\\/\\\/notabene.world\\\/nb\\\/zarzuty-dla-lekarzy-ze-szpitala-w-pszczynie-powrot-do-tragedii-sprzed-roku\\\/#article\",\"isPartOf\":{\"@id\":\"https:\\\/\\\/notabene.world\\\/nb\\\/zarzuty-dla-lekarzy-ze-szpitala-w-pszczynie-powrot-do-tragedii-sprzed-roku\\\/\"},\"author\":{\"name\":\"M. Hoffmann\",\"@id\":\"https:\\\/\\\/notabene.world\\\/nb\\\/#\\\/schema\\\/person\\\/331faf5f761ee67ad7d5d058fd8df849\"},\"headline\":\"Zarzuty dla lekarzy ze szpitala w Pszczynie. Wraca tragedia sprzed roku\",\"datePublished\":\"2022-09-06T18:26:13+00:00\",\"dateModified\":\"2022-09-14T09:57:37+00:00\",\"mainEntityOfPage\":{\"@id\":\"https:\\\/\\\/notabene.world\\\/nb\\\/zarzuty-dla-lekarzy-ze-szpitala-w-pszczynie-powrot-do-tragedii-sprzed-roku\\\/\"},\"wordCount\":231,\"publisher\":{\"@id\":\"https:\\\/\\\/notabene.world\\\/nb\\\/#organization\"},\"image\":{\"@id\":\"https:\\\/\\\/notabene.world\\\/nb\\\/zarzuty-dla-lekarzy-ze-szpitala-w-pszczynie-powrot-do-tragedii-sprzed-roku\\\/#primaryimage\"},\"thumbnailUrl\":\"https:\\\/\\\/i0.wp.com\\\/notabene.world\\\/nb\\\/wp-content\\\/uploads\\\/2022\\\/09\\\/1f331d2c47a3d6244eee65520f66f3021000100010.jpg?fit=1000%2C1000&ssl=1\",\"keywords\":[\"#spo\u0142ecze\u0144stwo\",\"aborcja\",\"aktualnosci\",\"anijednejwi\u0119cej\",\"prawakobiet\",\"strajkkobiet\"],\"articleSection\":[\"Spo\u0142ecze\u0144stwo\"],\"inLanguage\":\"pl-PL\"},{\"@type\":\"WebPage\",\"@id\":\"https:\\\/\\\/notabene.world\\\/nb\\\/zarzuty-dla-lekarzy-ze-szpitala-w-pszczynie-powrot-do-tragedii-sprzed-roku\\\/\",\"url\":\"https:\\\/\\\/notabene.world\\\/nb\\\/zarzuty-dla-lekarzy-ze-szpitala-w-pszczynie-powrot-do-tragedii-sprzed-roku\\\/\",\"name\":\"Zarzuty dla lekarzy ze szpitala w Pszczynie. Wraca tragedia sprzed roku - NOTABENE.WORLD\",\"isPartOf\":{\"@id\":\"https:\\\/\\\/notabene.world\\\/nb\\\/#website\"},\"primaryImageOfPage\":{\"@id\":\"https:\\\/\\\/notabene.world\\\/nb\\\/zarzuty-dla-lekarzy-ze-szpitala-w-pszczynie-powrot-do-tragedii-sprzed-roku\\\/#primaryimage\"},\"image\":{\"@id\":\"https:\\\/\\\/notabene.world\\\/nb\\\/zarzuty-dla-lekarzy-ze-szpitala-w-pszczynie-powrot-do-tragedii-sprzed-roku\\\/#primaryimage\"},\"thumbnailUrl\":\"https:\\\/\\\/i0.wp.com\\\/notabene.world\\\/nb\\\/wp-content\\\/uploads\\\/2022\\\/09\\\/1f331d2c47a3d6244eee65520f66f3021000100010.jpg?fit=1000%2C1000&ssl=1\",\"datePublished\":\"2022-09-06T18:26:13+00:00\",\"dateModified\":\"2022-09-14T09:57:37+00:00\",\"breadcrumb\":{\"@id\":\"https:\\\/\\\/notabene.world\\\/nb\\\/zarzuty-dla-lekarzy-ze-szpitala-w-pszczynie-powrot-do-tragedii-sprzed-roku\\\/#breadcrumb\"},\"inLanguage\":\"pl-PL\",\"potentialAction\":[{\"@type\":\"ReadAction\",\"target\":[\"https:\\\/\\\/notabene.world\\\/nb\\\/zarzuty-dla-lekarzy-ze-szpitala-w-pszczynie-powrot-do-tragedii-sprzed-roku\\\/\"]}]},{\"@type\":\"ImageObject\",\"inLanguage\":\"pl-PL\",\"@id\":\"https:\\\/\\\/notabene.world\\\/nb\\\/zarzuty-dla-lekarzy-ze-szpitala-w-pszczynie-powrot-do-tragedii-sprzed-roku\\\/#primaryimage\",\"url\":\"https:\\\/\\\/i0.wp.com\\\/notabene.world\\\/nb\\\/wp-content\\\/uploads\\\/2022\\\/09\\\/1f331d2c47a3d6244eee65520f66f3021000100010.jpg?fit=1000%2C1000&ssl=1\",\"contentUrl\":\"https:\\\/\\\/i0.wp.com\\\/notabene.world\\\/nb\\\/wp-content\\\/uploads\\\/2022\\\/09\\\/1f331d2c47a3d6244eee65520f66f3021000100010.jpg?fit=1000%2C1000&ssl=1\",\"width\":1000,\"height\":1000},{\"@type\":\"BreadcrumbList\",\"@id\":\"https:\\\/\\\/notabene.world\\\/nb\\\/zarzuty-dla-lekarzy-ze-szpitala-w-pszczynie-powrot-do-tragedii-sprzed-roku\\\/#breadcrumb\",\"itemListElement\":[{\"@type\":\"ListItem\",\"position\":1,\"name\":\"Home\",\"item\":\"https:\\\/\\\/notabene.world\\\/nb\\\/\"},{\"@type\":\"ListItem\",\"position\":2,\"name\":\"Zarzuty dla lekarzy ze szpitala w Pszczynie. Wraca tragedia sprzed roku\"}]},{\"@type\":\"WebSite\",\"@id\":\"https:\\\/\\\/notabene.world\\\/nb\\\/#website\",\"url\":\"https:\\\/\\\/notabene.world\\\/nb\\\/\",\"name\":\"NOTABENE.WORLD\",\"description\":\"Przekaz. Warto\u015bci. Wsp\u00f3lnota.\",\"publisher\":{\"@id\":\"https:\\\/\\\/notabene.world\\\/nb\\\/#organization\"},\"potentialAction\":[{\"@type\":\"SearchAction\",\"target\":{\"@type\":\"EntryPoint\",\"urlTemplate\":\"https:\\\/\\\/notabene.world\\\/nb\\\/?s={search_term_string}\"},\"query-input\":{\"@type\":\"PropertyValueSpecification\",\"valueRequired\":true,\"valueName\":\"search_term_string\"}}],\"inLanguage\":\"pl-PL\"},{\"@type\":\"Organization\",\"@id\":\"https:\\\/\\\/notabene.world\\\/nb\\\/#organization\",\"name\":\"NOTABENE.WORLD\",\"url\":\"https:\\\/\\\/notabene.world\\\/nb\\\/\",\"logo\":{\"@type\":\"ImageObject\",\"inLanguage\":\"pl-PL\",\"@id\":\"https:\\\/\\\/notabene.world\\\/nb\\\/#\\\/schema\\\/logo\\\/image\\\/\",\"url\":\"https:\\\/\\\/notabene.world\\\/nb\\\/wp-content\\\/uploads\\\/2022\\\/01\\\/NB-club-start-www1.jpg\",\"contentUrl\":\"https:\\\/\\\/notabene.world\\\/nb\\\/wp-content\\\/uploads\\\/2022\\\/01\\\/NB-club-start-www1.jpg\",\"width\":1000,\"height\":839,\"caption\":\"NOTABENE.WORLD\"},\"image\":{\"@id\":\"https:\\\/\\\/notabene.world\\\/nb\\\/#\\\/schema\\\/logo\\\/image\\\/\"},\"sameAs\":[\"https:\\\/\\\/www.facebook.com\\\/Notabene.World\"]},{\"@type\":\"Person\",\"@id\":\"https:\\\/\\\/notabene.world\\\/nb\\\/#\\\/schema\\\/person\\\/331faf5f761ee67ad7d5d058fd8df849\",\"name\":\"M. Hoffmann\",\"image\":{\"@type\":\"ImageObject\",\"inLanguage\":\"pl-PL\",\"@id\":\"https:\\\/\\\/secure.gravatar.com\\\/avatar\\\/7d680551b50541a2eb4d9f0eeb5ec73e8b7b30a37b96432deb5650eabb999f24?s=96&d=mm&r=g\",\"url\":\"https:\\\/\\\/secure.gravatar.com\\\/avatar\\\/7d680551b50541a2eb4d9f0eeb5ec73e8b7b30a37b96432deb5650eabb999f24?s=96&d=mm&r=g\",\"contentUrl\":\"https:\\\/\\\/secure.gravatar.com\\\/avatar\\\/7d680551b50541a2eb4d9f0eeb5ec73e8b7b30a37b96432deb5650eabb999f24?s=96&d=mm&r=g\",\"caption\":\"M. Hoffmann\"},\"url\":\"https:\\\/\\\/notabene.world\\\/nb\\\/author\\\/m-h\\\/\"}]}<\/script>\n<!-- \/ Yoast SEO plugin. -->","yoast_head_json":{"title":"Zarzuty dla lekarzy ze szpitala w Pszczynie. Wraca tragedia sprzed roku - NOTABENE.WORLD","robots":{"index":"index","follow":"follow","max-snippet":"max-snippet:-1","max-image-preview":"max-image-preview:large","max-video-preview":"max-video-preview:-1"},"canonical":"https:\/\/notabene.world\/nb\/zarzuty-dla-lekarzy-ze-szpitala-w-pszczynie-powrot-do-tragedii-sprzed-roku\/","og_locale":"pl_PL","og_type":"article","og_title":"Zarzuty dla lekarzy ze szpitala w Pszczynie. Wraca tragedia sprzed roku - NOTABENE.WORLD","og_description":"22 wrze\u015bnia zesz\u0142ego roku w Pszczynie dosz\u0142o do tragedii. Kobieta w 22. tygodniu ci\u0105\u017cy trafi\u0142a do szpitala z powodu odchodz\u0105cych w\u00f3d p\u0142odowych, a nied\u0142ugo p\u00f3\u017aniej zmar\u0142a w wyniku wstrz\u0105su septycznego. Jej historia wywo\u0142a\u0142a fal\u0119 protest\u00f3w pod has\u0142em \"Ani jednej wi\u0119cej\", kt\u00f3re odnosi\u0142y si\u0119 r\u00f3wnie\u017c do wyroku Trybuna\u0142u Konstytucyjnego dotycz\u0105cego aborcji. Sprawa ci\u0119\u017carnej wywo\u0142ywa\u0142a wiele frustracji. Wed\u0142ug relacji rodziny pacjentki lekarze mieli czeka\u0107, a\u017c p\u0142\u00f3d obumrze, by dokona\u0107 aborcji. Z wiadomo\u015bci, kt\u00f3re pani Izabela wysy\u0142a\u0142a do bliskich wynika, \u017ce wp\u0142yw na \"wyczekuj\u0105c\u0105\" postaw\u0119 lekarzy mia\u0142y mie\u0107 restrykcyjne przepisy antyaborcyjne.","og_url":"https:\/\/notabene.world\/nb\/zarzuty-dla-lekarzy-ze-szpitala-w-pszczynie-powrot-do-tragedii-sprzed-roku\/","og_site_name":"NOTABENE.WORLD","article_publisher":"https:\/\/www.facebook.com\/Notabene.World","article_published_time":"2022-09-06T18:26:13+00:00","article_modified_time":"2022-09-14T09:57:37+00:00","og_image":[{"width":1000,"height":1000,"url":"https:\/\/notabene.world\/nb\/wp-content\/uploads\/2022\/09\/1f331d2c47a3d6244eee65520f66f3021000100010.jpg","type":"image\/jpeg"}],"author":"M. Hoffmann","twitter_card":"summary_large_image","twitter_misc":{"Napisane przez":"M. Hoffmann","Szacowany czas czytania":"1 minuta"},"schema":{"@context":"https:\/\/schema.org","@graph":[{"@type":"Article","@id":"https:\/\/notabene.world\/nb\/zarzuty-dla-lekarzy-ze-szpitala-w-pszczynie-powrot-do-tragedii-sprzed-roku\/#article","isPartOf":{"@id":"https:\/\/notabene.world\/nb\/zarzuty-dla-lekarzy-ze-szpitala-w-pszczynie-powrot-do-tragedii-sprzed-roku\/"},"author":{"name":"M. Hoffmann","@id":"https:\/\/notabene.world\/nb\/#\/schema\/person\/331faf5f761ee67ad7d5d058fd8df849"},"headline":"Zarzuty dla lekarzy ze szpitala w Pszczynie. Wraca tragedia sprzed roku","datePublished":"2022-09-06T18:26:13+00:00","dateModified":"2022-09-14T09:57:37+00:00","mainEntityOfPage":{"@id":"https:\/\/notabene.world\/nb\/zarzuty-dla-lekarzy-ze-szpitala-w-pszczynie-powrot-do-tragedii-sprzed-roku\/"},"wordCount":231,"publisher":{"@id":"https:\/\/notabene.world\/nb\/#organization"},"image":{"@id":"https:\/\/notabene.world\/nb\/zarzuty-dla-lekarzy-ze-szpitala-w-pszczynie-powrot-do-tragedii-sprzed-roku\/#primaryimage"},"thumbnailUrl":"https:\/\/i0.wp.com\/notabene.world\/nb\/wp-content\/uploads\/2022\/09\/1f331d2c47a3d6244eee65520f66f3021000100010.jpg?fit=1000%2C1000&ssl=1","keywords":["#spo\u0142ecze\u0144stwo","aborcja","aktualnosci","anijednejwi\u0119cej","prawakobiet","strajkkobiet"],"articleSection":["Spo\u0142ecze\u0144stwo"],"inLanguage":"pl-PL"},{"@type":"WebPage","@id":"https:\/\/notabene.world\/nb\/zarzuty-dla-lekarzy-ze-szpitala-w-pszczynie-powrot-do-tragedii-sprzed-roku\/","url":"https:\/\/notabene.world\/nb\/zarzuty-dla-lekarzy-ze-szpitala-w-pszczynie-powrot-do-tragedii-sprzed-roku\/","name":"Zarzuty dla lekarzy ze szpitala w Pszczynie. Wraca tragedia sprzed roku - NOTABENE.WORLD","isPartOf":{"@id":"https:\/\/notabene.world\/nb\/#website"},"primaryImageOfPage":{"@id":"https:\/\/notabene.world\/nb\/zarzuty-dla-lekarzy-ze-szpitala-w-pszczynie-powrot-do-tragedii-sprzed-roku\/#primaryimage"},"image":{"@id":"https:\/\/notabene.world\/nb\/zarzuty-dla-lekarzy-ze-szpitala-w-pszczynie-powrot-do-tragedii-sprzed-roku\/#primaryimage"},"thumbnailUrl":"https:\/\/i0.wp.com\/notabene.world\/nb\/wp-content\/uploads\/2022\/09\/1f331d2c47a3d6244eee65520f66f3021000100010.jpg?fit=1000%2C1000&ssl=1","datePublished":"2022-09-06T18:26:13+00:00","dateModified":"2022-09-14T09:57:37+00:00","breadcrumb":{"@id":"https:\/\/notabene.world\/nb\/zarzuty-dla-lekarzy-ze-szpitala-w-pszczynie-powrot-do-tragedii-sprzed-roku\/#breadcrumb"},"inLanguage":"pl-PL","potentialAction":[{"@type":"ReadAction","target":["https:\/\/notabene.world\/nb\/zarzuty-dla-lekarzy-ze-szpitala-w-pszczynie-powrot-do-tragedii-sprzed-roku\/"]}]},{"@type":"ImageObject","inLanguage":"pl-PL","@id":"https:\/\/notabene.world\/nb\/zarzuty-dla-lekarzy-ze-szpitala-w-pszczynie-powrot-do-tragedii-sprzed-roku\/#primaryimage","url":"https:\/\/i0.wp.com\/notabene.world\/nb\/wp-content\/uploads\/2022\/09\/1f331d2c47a3d6244eee65520f66f3021000100010.jpg?fit=1000%2C1000&ssl=1","contentUrl":"https:\/\/i0.wp.com\/notabene.world\/nb\/wp-content\/uploads\/2022\/09\/1f331d2c47a3d6244eee65520f66f3021000100010.jpg?fit=1000%2C1000&ssl=1","width":1000,"height":1000},{"@type":"BreadcrumbList","@id":"https:\/\/notabene.world\/nb\/zarzuty-dla-lekarzy-ze-szpitala-w-pszczynie-powrot-do-tragedii-sprzed-roku\/#breadcrumb","itemListElement":[{"@type":"ListItem","position":1,"name":"Home","item":"https:\/\/notabene.world\/nb\/"},{"@type":"ListItem","position":2,"name":"Zarzuty dla lekarzy ze szpitala w Pszczynie. Wraca tragedia sprzed roku"}]},{"@type":"WebSite","@id":"https:\/\/notabene.world\/nb\/#website","url":"https:\/\/notabene.world\/nb\/","name":"NOTABENE.WORLD","description":"Przekaz. Warto\u015bci. Wsp\u00f3lnota.","publisher":{"@id":"https:\/\/notabene.world\/nb\/#organization"},"potentialAction":[{"@type":"SearchAction","target":{"@type":"EntryPoint","urlTemplate":"https:\/\/notabene.world\/nb\/?s={search_term_string}"},"query-input":{"@type":"PropertyValueSpecification","valueRequired":true,"valueName":"search_term_string"}}],"inLanguage":"pl-PL"},{"@type":"Organization","@id":"https:\/\/notabene.world\/nb\/#organization","name":"NOTABENE.WORLD","url":"https:\/\/notabene.world\/nb\/","logo":{"@type":"ImageObject","inLanguage":"pl-PL","@id":"https:\/\/notabene.world\/nb\/#\/schema\/logo\/image\/","url":"https:\/\/notabene.world\/nb\/wp-content\/uploads\/2022\/01\/NB-club-start-www1.jpg","contentUrl":"https:\/\/notabene.world\/nb\/wp-content\/uploads\/2022\/01\/NB-club-start-www1.jpg","width":1000,"height":839,"caption":"NOTABENE.WORLD"},"image":{"@id":"https:\/\/notabene.world\/nb\/#\/schema\/logo\/image\/"},"sameAs":["https:\/\/www.facebook.com\/Notabene.World"]},{"@type":"Person","@id":"https:\/\/notabene.world\/nb\/#\/schema\/person\/331faf5f761ee67ad7d5d058fd8df849","name":"M. Hoffmann","image":{"@type":"ImageObject","inLanguage":"pl-PL","@id":"https:\/\/secure.gravatar.com\/avatar\/7d680551b50541a2eb4d9f0eeb5ec73e8b7b30a37b96432deb5650eabb999f24?s=96&d=mm&r=g","url":"https:\/\/secure.gravatar.com\/avatar\/7d680551b50541a2eb4d9f0eeb5ec73e8b7b30a37b96432deb5650eabb999f24?s=96&d=mm&r=g","contentUrl":"https:\/\/secure.gravatar.com\/avatar\/7d680551b50541a2eb4d9f0eeb5ec73e8b7b30a37b96432deb5650eabb999f24?s=96&d=mm&r=g","caption":"M. Hoffmann"},"url":"https:\/\/notabene.world\/nb\/author\/m-h\/"}]}},"jetpack_featured_media_url":"https:\/\/i0.wp.com\/notabene.world\/nb\/wp-content\/uploads\/2022\/09\/1f331d2c47a3d6244eee65520f66f3021000100010.jpg?fit=1000%2C1000&ssl=1","jetpack_sharing_enabled":true,"jetpack_shortlink":"https:\/\/wp.me\/pdCobN-1Y0","_links":{"self":[{"href":"https:\/\/notabene.world\/nb\/wp-json\/wp\/v2\/posts\/7564","targetHints":{"allow":["GET"]}}],"collection":[{"href":"https:\/\/notabene.world\/nb\/wp-json\/wp\/v2\/posts"}],"about":[{"href":"https:\/\/notabene.world\/nb\/wp-json\/wp\/v2\/types\/post"}],"author":[{"embeddable":true,"href":"https:\/\/notabene.world\/nb\/wp-json\/wp\/v2\/users\/23"}],"replies":[{"embeddable":true,"href":"https:\/\/notabene.world\/nb\/wp-json\/wp\/v2\/comments?post=7564"}],"version-history":[{"count":4,"href":"https:\/\/notabene.world\/nb\/wp-json\/wp\/v2\/posts\/7564\/revisions"}],"predecessor-version":[{"id":7625,"href":"https:\/\/notabene.world\/nb\/wp-json\/wp\/v2\/posts\/7564\/revisions\/7625"}],"wp:featuredmedia":[{"embeddable":true,"href":"https:\/\/notabene.world\/nb\/wp-json\/wp\/v2\/media\/7565"}],"wp:attachment":[{"href":"https:\/\/notabene.world\/nb\/wp-json\/wp\/v2\/media?parent=7564"}],"wp:term":[{"taxonomy":"category","embeddable":true,"href":"https:\/\/notabene.world\/nb\/wp-json\/wp\/v2\/categories?post=7564"},{"taxonomy":"post_tag","embeddable":true,"href":"https:\/\/notabene.world\/nb\/wp-json\/wp\/v2\/tags?post=7564"}],"curies":[{"name":"wp","href":"https:\/\/api.w.org\/{rel}","templated":true}]}}