{"id":7574,"date":"2022-09-09T10:38:17","date_gmt":"2022-09-09T08:38:17","guid":{"rendered":"https:\/\/notabene.world\/nb\/?p=7574"},"modified":"2025-08-06T03:21:48","modified_gmt":"2025-08-06T03:21:48","slug":"miedzy-cisza-a-cisza-jak-zyc-bez-disco-polo","status":"publish","type":"post","link":"https:\/\/notabene.world\/nb\/miedzy-cisza-a-cisza-jak-zyc-bez-disco-polo\/","title":{"rendered":"Mi\u0119dzy cisz\u0105 a cisz\u0105. Jak \u017cy\u0107 bez disco polo?"},"content":{"rendered":"\n<p>Jedn\u0105 z pierwszych decyzji nowego prezesa TVP jest odwo\u0142anie koncertu muzyki disco polo, kt\u00f3ry mia\u0142 podkre\u015bli\u0107 donios\u0142o\u015b\u0107 otwarcia przekopu Mierzei Wi\u015blanej. Najpierw w zamian \u2013 dla u\u015bwietnienia kolejnego aktu polskiego rodeo w re\u017cyserii prezesa-naczelnika pa\u0144stwa \u2013 mia\u0142a wyst\u0105pi\u0107 \u201e\u017cywio\u0142owa i westernowa\u201d Cleo. Teraz okazuje si\u0119, \u017ce \u201enie b\u0119dzie niczego\u201d. Jak to? Dzie\u0144 otwarcia przekopu wybrano przecie\u017c nieprzypadkowo, no bo wiadomo, co zdarzy\u0142o si\u0119 17 wrze\u015bnia 1939 roku, a przed nami kolejna rocznica&#8230; 17 wrze\u015bnia 2022 roku nast\u0105pi najnowsza ods\u0142ona polskiej rapsodii z g\u0142\u0119bokim podtekstem historyczno-tera\u017aniejszym. A\u017c trudno uwierzy\u0107, \u017ce b\u0119dzie to rapsodia milcz\u0105ca.<\/p>\n\n\n\n<p>Wszelkie rapsodie maj\u0105, notabene, swoje w\u0142asne \u2013 kr\u00f3tsze i d\u0142u\u017csze \u2013 historie. W czasach antycznej Grecji pojmowano rapsodi\u0119 jako tkan\u0105 muzyk\u0119.By\u0142y to pie\u015bni z obowi\u0105zkowymi elementami improwizacji, wykonywane podczas publicznych zgromadze\u0144 przez utalentowanych zapiewaj\u0142\u00f3w. Ot, taki ludowy jazz, mo\u017cna powiedzie\u0107: czasem wznios\u0142y, czasem egzaltowany, zawsze inspiruj\u0105cy i pe\u0142en niez\u0142omnej wiary, nieustaj\u0105co daj\u0105cej nadziej\u0119, \u017ce otaczaj\u0105ca tragikomiczna rzeczywisto\u015b\u0107 ma jednak jaki\u015b sens. W milczeniu jednak raczej \u015bpiewa\u0107 si\u0119 nie da. Chyba, \u017ce nawali playback, ale wtedy i tak trzeba dalej cho\u0107by porusza\u0107 ustami. Mo\u017ce o to chodzi?<\/p>\n\n\n\n<p>Przy porannej kawie czytam z zapartym tchem po raz kolejny \u201cNiezno\u015bn\u0105 lekko\u015b\u0107 bytu\u201d Milana Kundery. I co dalej? Picie kawy tylko wtedy ma sens, gdy towarzysz\u0105 mu szalone emocje. Tylko wtedy ta banalna z pozoru czynno\u015b\u0107 staje si\u0119 prze\u017cyciem g\u0142\u0119boko egzystencjalnym.&nbsp;<em>Einmal ist keinmal (raz to tyle, co nic),&nbsp;<\/em>dlatego tak wa\u017cnym staje si\u0119 staranne kultywowanie rytua\u0142\u00f3w.<\/p>\n\n\n\n<p>Codzienna i niezno\u015bna tymczasowo\u015b\u0107 maj\u0105 w sobie jaki\u015b g\u0142\u0119boko ukryty sens. Wpad\u0142em niedawno w odwiedziny do Sanatorium Wojskowego w Busku Zdroju, w kt\u00f3rym raptem dwa lata temu sp\u0119dzi\u0142em na rehabilitacji kilka miesi\u0119cy. Lekko\u015b\u0107 sanatoryjnej rzeczywisto\u015bci jest zawsze pozorna. Sednem kuracji s\u0105 niew\u0105tpliwie cowieczorne dancingi w Cafe Bryza, gdzie mo\u017cna odda\u0107 si\u0119 cho\u0107by na chwil\u0119 zapomnieniu. Ta bryza to taki metaforyczny wiatr od morza<em>&nbsp;<\/em>w samym sercu G\u00f3r \u015awi\u0119tokrzyskich\u2026 \u017beromski z rozpaczy je\u017adzi\u0142 do szwajcarskiego Rapperswilu, dla nas na Ponidziu zbawienne jest Busko-Zdr\u00f3j.<\/p>\n\n\n\n<p>Gdy wszystko wok\u00f3\u0142 przemija niczym sen, rapsodycznie szukamy w pami\u0119ci jakich\u015b trwa\u0142ych punkt\u00f3w odniesienia do przesz\u0142o\u015bci, pozwalaj\u0105cych przetrwa\u0107 to, co niespodziewanie zsy\u0142a nam los. Nie maj\u0105 oczywi\u015bcie wi\u0119kszego sensu jakiekolwiek pr\u00f3by u\u017calania si\u0119 nad sob\u0105. Albowiem tak jak nie mo\u017cna zatrzyma\u0107 czasu, nie mo\u017cna r\u00f3wnie\u017c uciec przed przeznaczeniem. Warto zatem w ciszy, ot tak, po prostu da\u0107 czasami si\u0119 ponie\u015b\u0107 owej niezno\u015bnej fali tymczasowo\u015bci, kt\u00f3ra raz po raz zaskakuje nas jak\u017ce fascynuj\u0105cymi zwrotami akcji w teatrze \u017cycia.<\/p>\n\n\n\n<p>Skoro nie da si\u0119 zmieni\u0107 przesz\u0142o\u015bci a tera\u017aniejszo\u015b\u0107 okazuje si\u0119 w gruncie rzeczy wieloznacznym i niezno\u015bnym p\u00f3\u0142snem, jedyn\u0105 rzecz\u0105 trzymaj\u0105c\u0105 nas przy \u017cyciu jest wci\u0105\u017c daj\u0105ca nadziej\u0119 przysz\u0142o\u015b\u0107. W miar\u0119 up\u0142ywu lat zmagania z codzienno\u015bci\u0105 ko\u0144cz\u0105 si\u0119 u mnie zawsze nostalgi\u0105 oraz konstatacj\u0105, i\u017c w gruncie rzeczy wa\u017cne<em> <\/em>s\u0105 tylko te dni, kt\u00f3rych jeszcze nie znamy<em>,&nbsp;<\/em>gdy\u017c tylko na nie czekamy i tylko to, co przed nami mo\u017cna jeszcze jako\u015b zmieni\u0107. To, co przemija pozostanie lada moment (w najlepszym wypadku) mi\u0142ym wspomnieniem bez wad.<\/p>\n\n\n\n<p>Tym razem nie musz\u0119 prze\u0142\u0105cza\u0107 kana\u0142u. Nie ma obawy, \u017ce znienacka zagraj\u0105 Zenek albo S\u0142awomir. Niech na chwil\u0119 nastanie cisza, a potem mo\u017ce jednak zagraliby co\u015b dla nas znowu rapsodycznie na przyk\u0142ad Grechuta, Cohen albo Turnau. Z pewno\u015bci\u0105 da\u0142oby si\u0119 nawet pota\u0144czy\u0107. Mi\u0119dzy cisz\u0105 a cisz\u0105 sprawy si\u0119 ko\u0142ysz\u0105. Niezno\u015bnie i lekko.<\/p>\n","protected":false},"excerpt":{"rendered":"<p>Jedn\u0105 z pierwszych decyzji nowego prezesa TVP jest odwo\u0142anie koncertu muzyki disco polo, kt\u00f3ry mia\u0142 podkre\u015bli\u0107 donios\u0142o\u015b\u0107 otwarcia przekopu Mierzei Wi\u015blanej. Najpierw w zamian \u2013 dla u\u015bwietnienia kolejnego aktu polskiego rodeo w re\u017cyserii prezesa-naczelnika pa\u0144stwa \u2013 mia\u0142a wyst\u0105pi\u0107 \u201e\u017cywio\u0142owa i westernowa\u201d Cleo. Teraz okazuje si\u0119, \u017ce \u201enie b\u0119dzie niczego\u201d. Jak to? Dzie\u0144 otwarcia przekopu wybrano przecie\u017c nieprzypadkowo, no bo wiadomo, co zdarzy\u0142o si\u0119 17 wrze\u015bnia 1939 roku, a przed nami kolejna rocznica&#8230; <\/p>\n<p>17 wrze\u015bnia 2022 roku nast\u0105pi najnowsza ods\u0142ona polskiej rapsodii z g\u0142\u0119bokim podtekstem historyczno-tera\u017aniejszym. A\u017c trudno uwierzy\u0107, \u017ce b\u0119dzie to rapsodia milcz\u0105ca.<\/p>\n","protected":false},"author":1,"featured_media":7575,"comment_status":"closed","ping_status":"closed","sticky":false,"template":"","format":"standard","meta":{"colormag_page_container_layout":"default_layout","colormag_page_sidebar_layout":"default_layout","_jetpack_memberships_contains_paid_content":false,"footnotes":"","_links_to":"","_links_to_target":""},"categories":[64,42,48],"tags":[],"class_list":["post-7574","post","type-post","status-publish","format-standard","has-post-thumbnail","hentry","category-aktualnosci","category-felietony","category-wiecej-swiatla"],"yoast_head":"<!-- This site is optimized with the Yoast SEO plugin v27.4 - https:\/\/yoast.com\/product\/yoast-seo-wordpress\/ -->\n<title>Mi\u0119dzy cisz\u0105 a cisz\u0105. Jak \u017cy\u0107 bez disco polo? - NOTABENE.WORLD<\/title>\n<meta name=\"robots\" content=\"index, follow, max-snippet:-1, max-image-preview:large, max-video-preview:-1\" \/>\n<link rel=\"canonical\" href=\"https:\/\/notabene.world\/nb\/miedzy-cisza-a-cisza-jak-zyc-bez-disco-polo\/\" \/>\n<meta property=\"og:locale\" content=\"pl_PL\" \/>\n<meta property=\"og:type\" content=\"article\" \/>\n<meta property=\"og:title\" content=\"Mi\u0119dzy cisz\u0105 a cisz\u0105. Jak \u017cy\u0107 bez disco polo? - NOTABENE.WORLD\" \/>\n<meta property=\"og:description\" content=\"Jedn\u0105 z pierwszych decyzji nowego prezesa TVP jest odwo\u0142anie koncertu muzyki disco polo, kt\u00f3ry mia\u0142 podkre\u015bli\u0107 donios\u0142o\u015b\u0107 otwarcia przekopu Mierzei Wi\u015blanej. Najpierw w zamian \u2013 dla u\u015bwietnienia kolejnego aktu polskiego rodeo w re\u017cyserii prezesa-naczelnika pa\u0144stwa \u2013 mia\u0142a wyst\u0105pi\u0107 \u201e\u017cywio\u0142owa i westernowa\u201d Cleo. Teraz okazuje si\u0119, \u017ce \u201enie b\u0119dzie niczego\u201d. Jak to? Dzie\u0144 otwarcia przekopu wybrano przecie\u017c nieprzypadkowo, no bo wiadomo, co zdarzy\u0142o si\u0119 17 wrze\u015bnia 1939 roku, a przed nami kolejna rocznica...  17 wrze\u015bnia 2022 roku nast\u0105pi najnowsza ods\u0142ona polskiej rapsodii z g\u0142\u0119bokim podtekstem historyczno-tera\u017aniejszym. A\u017c trudno uwierzy\u0107, \u017ce b\u0119dzie to rapsodia milcz\u0105ca.\" \/>\n<meta property=\"og:url\" content=\"https:\/\/notabene.world\/nb\/miedzy-cisza-a-cisza-jak-zyc-bez-disco-polo\/\" \/>\n<meta property=\"og:site_name\" content=\"NOTABENE.WORLD\" \/>\n<meta property=\"article:publisher\" content=\"https:\/\/www.facebook.com\/Notabene.World\" \/>\n<meta property=\"article:published_time\" content=\"2022-09-09T08:38:17+00:00\" \/>\n<meta property=\"article:modified_time\" content=\"2025-08-06T03:21:48+00:00\" \/>\n<meta property=\"og:image\" content=\"https:\/\/notabene.world\/nb\/wp-content\/uploads\/2022\/09\/rp1.jpg\" \/>\n\t<meta property=\"og:image:width\" content=\"800\" \/>\n\t<meta property=\"og:image:height\" content=\"445\" \/>\n\t<meta property=\"og:image:type\" content=\"image\/jpeg\" \/>\n<meta name=\"author\" content=\"C vel K\" \/>\n<meta name=\"twitter:card\" content=\"summary_large_image\" \/>\n<meta name=\"twitter:label1\" content=\"Napisane przez\" \/>\n\t<meta name=\"twitter:data1\" content=\"C vel K\" \/>\n\t<meta name=\"twitter:label2\" content=\"Szacowany czas czytania\" \/>\n\t<meta name=\"twitter:data2\" content=\"3 minuty\" \/>\n<script type=\"application\/ld+json\" class=\"yoast-schema-graph\">{\"@context\":\"https:\\\/\\\/schema.org\",\"@graph\":[{\"@type\":\"Article\",\"@id\":\"https:\\\/\\\/notabene.world\\\/nb\\\/miedzy-cisza-a-cisza-jak-zyc-bez-disco-polo\\\/#article\",\"isPartOf\":{\"@id\":\"https:\\\/\\\/notabene.world\\\/nb\\\/miedzy-cisza-a-cisza-jak-zyc-bez-disco-polo\\\/\"},\"author\":{\"name\":\"C vel K\",\"@id\":\"https:\\\/\\\/notabene.world\\\/nb\\\/#\\\/schema\\\/person\\\/2227ed509f9261e544f6078919e1981d\"},\"headline\":\"Mi\u0119dzy cisz\u0105 a cisz\u0105. Jak \u017cy\u0107 bez disco polo?\",\"datePublished\":\"2022-09-09T08:38:17+00:00\",\"dateModified\":\"2025-08-06T03:21:48+00:00\",\"mainEntityOfPage\":{\"@id\":\"https:\\\/\\\/notabene.world\\\/nb\\\/miedzy-cisza-a-cisza-jak-zyc-bez-disco-polo\\\/\"},\"wordCount\":642,\"publisher\":{\"@id\":\"https:\\\/\\\/notabene.world\\\/nb\\\/#organization\"},\"image\":{\"@id\":\"https:\\\/\\\/notabene.world\\\/nb\\\/miedzy-cisza-a-cisza-jak-zyc-bez-disco-polo\\\/#primaryimage\"},\"thumbnailUrl\":\"https:\\\/\\\/i0.wp.com\\\/notabene.world\\\/nb\\\/wp-content\\\/uploads\\\/2022\\\/09\\\/rp1.jpg?fit=800%2C445&ssl=1\",\"articleSection\":[\"Aktualno\u015bci\",\"Felietony\",\"WI\u0118CEJ \u015aWIAT(\u0141)A\"],\"inLanguage\":\"pl-PL\"},{\"@type\":\"WebPage\",\"@id\":\"https:\\\/\\\/notabene.world\\\/nb\\\/miedzy-cisza-a-cisza-jak-zyc-bez-disco-polo\\\/\",\"url\":\"https:\\\/\\\/notabene.world\\\/nb\\\/miedzy-cisza-a-cisza-jak-zyc-bez-disco-polo\\\/\",\"name\":\"Mi\u0119dzy cisz\u0105 a cisz\u0105. Jak \u017cy\u0107 bez disco polo? - NOTABENE.WORLD\",\"isPartOf\":{\"@id\":\"https:\\\/\\\/notabene.world\\\/nb\\\/#website\"},\"primaryImageOfPage\":{\"@id\":\"https:\\\/\\\/notabene.world\\\/nb\\\/miedzy-cisza-a-cisza-jak-zyc-bez-disco-polo\\\/#primaryimage\"},\"image\":{\"@id\":\"https:\\\/\\\/notabene.world\\\/nb\\\/miedzy-cisza-a-cisza-jak-zyc-bez-disco-polo\\\/#primaryimage\"},\"thumbnailUrl\":\"https:\\\/\\\/i0.wp.com\\\/notabene.world\\\/nb\\\/wp-content\\\/uploads\\\/2022\\\/09\\\/rp1.jpg?fit=800%2C445&ssl=1\",\"datePublished\":\"2022-09-09T08:38:17+00:00\",\"dateModified\":\"2025-08-06T03:21:48+00:00\",\"breadcrumb\":{\"@id\":\"https:\\\/\\\/notabene.world\\\/nb\\\/miedzy-cisza-a-cisza-jak-zyc-bez-disco-polo\\\/#breadcrumb\"},\"inLanguage\":\"pl-PL\",\"potentialAction\":[{\"@type\":\"ReadAction\",\"target\":[\"https:\\\/\\\/notabene.world\\\/nb\\\/miedzy-cisza-a-cisza-jak-zyc-bez-disco-polo\\\/\"]}]},{\"@type\":\"ImageObject\",\"inLanguage\":\"pl-PL\",\"@id\":\"https:\\\/\\\/notabene.world\\\/nb\\\/miedzy-cisza-a-cisza-jak-zyc-bez-disco-polo\\\/#primaryimage\",\"url\":\"https:\\\/\\\/i0.wp.com\\\/notabene.world\\\/nb\\\/wp-content\\\/uploads\\\/2022\\\/09\\\/rp1.jpg?fit=800%2C445&ssl=1\",\"contentUrl\":\"https:\\\/\\\/i0.wp.com\\\/notabene.world\\\/nb\\\/wp-content\\\/uploads\\\/2022\\\/09\\\/rp1.jpg?fit=800%2C445&ssl=1\",\"width\":800,\"height\":445},{\"@type\":\"BreadcrumbList\",\"@id\":\"https:\\\/\\\/notabene.world\\\/nb\\\/miedzy-cisza-a-cisza-jak-zyc-bez-disco-polo\\\/#breadcrumb\",\"itemListElement\":[{\"@type\":\"ListItem\",\"position\":1,\"name\":\"Home\",\"item\":\"https:\\\/\\\/notabene.world\\\/nb\\\/\"},{\"@type\":\"ListItem\",\"position\":2,\"name\":\"Mi\u0119dzy cisz\u0105 a cisz\u0105. Jak \u017cy\u0107 bez disco polo?\"}]},{\"@type\":\"WebSite\",\"@id\":\"https:\\\/\\\/notabene.world\\\/nb\\\/#website\",\"url\":\"https:\\\/\\\/notabene.world\\\/nb\\\/\",\"name\":\"NOTABENE.WORLD\",\"description\":\"Przekaz. Warto\u015bci. Wsp\u00f3lnota.\",\"publisher\":{\"@id\":\"https:\\\/\\\/notabene.world\\\/nb\\\/#organization\"},\"potentialAction\":[{\"@type\":\"SearchAction\",\"target\":{\"@type\":\"EntryPoint\",\"urlTemplate\":\"https:\\\/\\\/notabene.world\\\/nb\\\/?s={search_term_string}\"},\"query-input\":{\"@type\":\"PropertyValueSpecification\",\"valueRequired\":true,\"valueName\":\"search_term_string\"}}],\"inLanguage\":\"pl-PL\"},{\"@type\":\"Organization\",\"@id\":\"https:\\\/\\\/notabene.world\\\/nb\\\/#organization\",\"name\":\"NOTABENE.WORLD\",\"url\":\"https:\\\/\\\/notabene.world\\\/nb\\\/\",\"logo\":{\"@type\":\"ImageObject\",\"inLanguage\":\"pl-PL\",\"@id\":\"https:\\\/\\\/notabene.world\\\/nb\\\/#\\\/schema\\\/logo\\\/image\\\/\",\"url\":\"https:\\\/\\\/notabene.world\\\/nb\\\/wp-content\\\/uploads\\\/2022\\\/01\\\/NB-club-start-www1.jpg\",\"contentUrl\":\"https:\\\/\\\/notabene.world\\\/nb\\\/wp-content\\\/uploads\\\/2022\\\/01\\\/NB-club-start-www1.jpg\",\"width\":1000,\"height\":839,\"caption\":\"NOTABENE.WORLD\"},\"image\":{\"@id\":\"https:\\\/\\\/notabene.world\\\/nb\\\/#\\\/schema\\\/logo\\\/image\\\/\"},\"sameAs\":[\"https:\\\/\\\/www.facebook.com\\\/Notabene.World\"]},{\"@type\":\"Person\",\"@id\":\"https:\\\/\\\/notabene.world\\\/nb\\\/#\\\/schema\\\/person\\\/2227ed509f9261e544f6078919e1981d\",\"name\":\"C vel K\",\"image\":{\"@type\":\"ImageObject\",\"inLanguage\":\"pl-PL\",\"@id\":\"https:\\\/\\\/secure.gravatar.com\\\/avatar\\\/da4181237ddf77c667487dd66af5231faaf45fbcb0774d7a408f868da56bf04c?s=96&d=mm&r=g\",\"url\":\"https:\\\/\\\/secure.gravatar.com\\\/avatar\\\/da4181237ddf77c667487dd66af5231faaf45fbcb0774d7a408f868da56bf04c?s=96&d=mm&r=g\",\"contentUrl\":\"https:\\\/\\\/secure.gravatar.com\\\/avatar\\\/da4181237ddf77c667487dd66af5231faaf45fbcb0774d7a408f868da56bf04c?s=96&d=mm&r=g\",\"caption\":\"C vel K\"},\"url\":\"https:\\\/\\\/notabene.world\\\/nb\\\/author\\\/kcedro\\\/\"}]}<\/script>\n<!-- \/ Yoast SEO plugin. -->","yoast_head_json":{"title":"Mi\u0119dzy cisz\u0105 a cisz\u0105. Jak \u017cy\u0107 bez disco polo? - NOTABENE.WORLD","robots":{"index":"index","follow":"follow","max-snippet":"max-snippet:-1","max-image-preview":"max-image-preview:large","max-video-preview":"max-video-preview:-1"},"canonical":"https:\/\/notabene.world\/nb\/miedzy-cisza-a-cisza-jak-zyc-bez-disco-polo\/","og_locale":"pl_PL","og_type":"article","og_title":"Mi\u0119dzy cisz\u0105 a cisz\u0105. Jak \u017cy\u0107 bez disco polo? - NOTABENE.WORLD","og_description":"Jedn\u0105 z pierwszych decyzji nowego prezesa TVP jest odwo\u0142anie koncertu muzyki disco polo, kt\u00f3ry mia\u0142 podkre\u015bli\u0107 donios\u0142o\u015b\u0107 otwarcia przekopu Mierzei Wi\u015blanej. Najpierw w zamian \u2013 dla u\u015bwietnienia kolejnego aktu polskiego rodeo w re\u017cyserii prezesa-naczelnika pa\u0144stwa \u2013 mia\u0142a wyst\u0105pi\u0107 \u201e\u017cywio\u0142owa i westernowa\u201d Cleo. Teraz okazuje si\u0119, \u017ce \u201enie b\u0119dzie niczego\u201d. Jak to? Dzie\u0144 otwarcia przekopu wybrano przecie\u017c nieprzypadkowo, no bo wiadomo, co zdarzy\u0142o si\u0119 17 wrze\u015bnia 1939 roku, a przed nami kolejna rocznica...  17 wrze\u015bnia 2022 roku nast\u0105pi najnowsza ods\u0142ona polskiej rapsodii z g\u0142\u0119bokim podtekstem historyczno-tera\u017aniejszym. A\u017c trudno uwierzy\u0107, \u017ce b\u0119dzie to rapsodia milcz\u0105ca.","og_url":"https:\/\/notabene.world\/nb\/miedzy-cisza-a-cisza-jak-zyc-bez-disco-polo\/","og_site_name":"NOTABENE.WORLD","article_publisher":"https:\/\/www.facebook.com\/Notabene.World","article_published_time":"2022-09-09T08:38:17+00:00","article_modified_time":"2025-08-06T03:21:48+00:00","og_image":[{"width":800,"height":445,"url":"https:\/\/notabene.world\/nb\/wp-content\/uploads\/2022\/09\/rp1.jpg","type":"image\/jpeg"}],"author":"C vel K","twitter_card":"summary_large_image","twitter_misc":{"Napisane przez":"C vel K","Szacowany czas czytania":"3 minuty"},"schema":{"@context":"https:\/\/schema.org","@graph":[{"@type":"Article","@id":"https:\/\/notabene.world\/nb\/miedzy-cisza-a-cisza-jak-zyc-bez-disco-polo\/#article","isPartOf":{"@id":"https:\/\/notabene.world\/nb\/miedzy-cisza-a-cisza-jak-zyc-bez-disco-polo\/"},"author":{"name":"C vel K","@id":"https:\/\/notabene.world\/nb\/#\/schema\/person\/2227ed509f9261e544f6078919e1981d"},"headline":"Mi\u0119dzy cisz\u0105 a cisz\u0105. Jak \u017cy\u0107 bez disco polo?","datePublished":"2022-09-09T08:38:17+00:00","dateModified":"2025-08-06T03:21:48+00:00","mainEntityOfPage":{"@id":"https:\/\/notabene.world\/nb\/miedzy-cisza-a-cisza-jak-zyc-bez-disco-polo\/"},"wordCount":642,"publisher":{"@id":"https:\/\/notabene.world\/nb\/#organization"},"image":{"@id":"https:\/\/notabene.world\/nb\/miedzy-cisza-a-cisza-jak-zyc-bez-disco-polo\/#primaryimage"},"thumbnailUrl":"https:\/\/i0.wp.com\/notabene.world\/nb\/wp-content\/uploads\/2022\/09\/rp1.jpg?fit=800%2C445&ssl=1","articleSection":["Aktualno\u015bci","Felietony","WI\u0118CEJ \u015aWIAT(\u0141)A"],"inLanguage":"pl-PL"},{"@type":"WebPage","@id":"https:\/\/notabene.world\/nb\/miedzy-cisza-a-cisza-jak-zyc-bez-disco-polo\/","url":"https:\/\/notabene.world\/nb\/miedzy-cisza-a-cisza-jak-zyc-bez-disco-polo\/","name":"Mi\u0119dzy cisz\u0105 a cisz\u0105. Jak \u017cy\u0107 bez disco polo? - NOTABENE.WORLD","isPartOf":{"@id":"https:\/\/notabene.world\/nb\/#website"},"primaryImageOfPage":{"@id":"https:\/\/notabene.world\/nb\/miedzy-cisza-a-cisza-jak-zyc-bez-disco-polo\/#primaryimage"},"image":{"@id":"https:\/\/notabene.world\/nb\/miedzy-cisza-a-cisza-jak-zyc-bez-disco-polo\/#primaryimage"},"thumbnailUrl":"https:\/\/i0.wp.com\/notabene.world\/nb\/wp-content\/uploads\/2022\/09\/rp1.jpg?fit=800%2C445&ssl=1","datePublished":"2022-09-09T08:38:17+00:00","dateModified":"2025-08-06T03:21:48+00:00","breadcrumb":{"@id":"https:\/\/notabene.world\/nb\/miedzy-cisza-a-cisza-jak-zyc-bez-disco-polo\/#breadcrumb"},"inLanguage":"pl-PL","potentialAction":[{"@type":"ReadAction","target":["https:\/\/notabene.world\/nb\/miedzy-cisza-a-cisza-jak-zyc-bez-disco-polo\/"]}]},{"@type":"ImageObject","inLanguage":"pl-PL","@id":"https:\/\/notabene.world\/nb\/miedzy-cisza-a-cisza-jak-zyc-bez-disco-polo\/#primaryimage","url":"https:\/\/i0.wp.com\/notabene.world\/nb\/wp-content\/uploads\/2022\/09\/rp1.jpg?fit=800%2C445&ssl=1","contentUrl":"https:\/\/i0.wp.com\/notabene.world\/nb\/wp-content\/uploads\/2022\/09\/rp1.jpg?fit=800%2C445&ssl=1","width":800,"height":445},{"@type":"BreadcrumbList","@id":"https:\/\/notabene.world\/nb\/miedzy-cisza-a-cisza-jak-zyc-bez-disco-polo\/#breadcrumb","itemListElement":[{"@type":"ListItem","position":1,"name":"Home","item":"https:\/\/notabene.world\/nb\/"},{"@type":"ListItem","position":2,"name":"Mi\u0119dzy cisz\u0105 a cisz\u0105. Jak \u017cy\u0107 bez disco polo?"}]},{"@type":"WebSite","@id":"https:\/\/notabene.world\/nb\/#website","url":"https:\/\/notabene.world\/nb\/","name":"NOTABENE.WORLD","description":"Przekaz. Warto\u015bci. Wsp\u00f3lnota.","publisher":{"@id":"https:\/\/notabene.world\/nb\/#organization"},"potentialAction":[{"@type":"SearchAction","target":{"@type":"EntryPoint","urlTemplate":"https:\/\/notabene.world\/nb\/?s={search_term_string}"},"query-input":{"@type":"PropertyValueSpecification","valueRequired":true,"valueName":"search_term_string"}}],"inLanguage":"pl-PL"},{"@type":"Organization","@id":"https:\/\/notabene.world\/nb\/#organization","name":"NOTABENE.WORLD","url":"https:\/\/notabene.world\/nb\/","logo":{"@type":"ImageObject","inLanguage":"pl-PL","@id":"https:\/\/notabene.world\/nb\/#\/schema\/logo\/image\/","url":"https:\/\/notabene.world\/nb\/wp-content\/uploads\/2022\/01\/NB-club-start-www1.jpg","contentUrl":"https:\/\/notabene.world\/nb\/wp-content\/uploads\/2022\/01\/NB-club-start-www1.jpg","width":1000,"height":839,"caption":"NOTABENE.WORLD"},"image":{"@id":"https:\/\/notabene.world\/nb\/#\/schema\/logo\/image\/"},"sameAs":["https:\/\/www.facebook.com\/Notabene.World"]},{"@type":"Person","@id":"https:\/\/notabene.world\/nb\/#\/schema\/person\/2227ed509f9261e544f6078919e1981d","name":"C vel K","image":{"@type":"ImageObject","inLanguage":"pl-PL","@id":"https:\/\/secure.gravatar.com\/avatar\/da4181237ddf77c667487dd66af5231faaf45fbcb0774d7a408f868da56bf04c?s=96&d=mm&r=g","url":"https:\/\/secure.gravatar.com\/avatar\/da4181237ddf77c667487dd66af5231faaf45fbcb0774d7a408f868da56bf04c?s=96&d=mm&r=g","contentUrl":"https:\/\/secure.gravatar.com\/avatar\/da4181237ddf77c667487dd66af5231faaf45fbcb0774d7a408f868da56bf04c?s=96&d=mm&r=g","caption":"C vel K"},"url":"https:\/\/notabene.world\/nb\/author\/kcedro\/"}]}},"jetpack_featured_media_url":"https:\/\/i0.wp.com\/notabene.world\/nb\/wp-content\/uploads\/2022\/09\/rp1.jpg?fit=800%2C445&ssl=1","jetpack_sharing_enabled":true,"jetpack_shortlink":"https:\/\/wp.me\/pdCobN-1Ya","_links":{"self":[{"href":"https:\/\/notabene.world\/nb\/wp-json\/wp\/v2\/posts\/7574","targetHints":{"allow":["GET"]}}],"collection":[{"href":"https:\/\/notabene.world\/nb\/wp-json\/wp\/v2\/posts"}],"about":[{"href":"https:\/\/notabene.world\/nb\/wp-json\/wp\/v2\/types\/post"}],"author":[{"embeddable":true,"href":"https:\/\/notabene.world\/nb\/wp-json\/wp\/v2\/users\/1"}],"replies":[{"embeddable":true,"href":"https:\/\/notabene.world\/nb\/wp-json\/wp\/v2\/comments?post=7574"}],"version-history":[{"count":5,"href":"https:\/\/notabene.world\/nb\/wp-json\/wp\/v2\/posts\/7574\/revisions"}],"predecessor-version":[{"id":16487,"href":"https:\/\/notabene.world\/nb\/wp-json\/wp\/v2\/posts\/7574\/revisions\/16487"}],"wp:featuredmedia":[{"embeddable":true,"href":"https:\/\/notabene.world\/nb\/wp-json\/wp\/v2\/media\/7575"}],"wp:attachment":[{"href":"https:\/\/notabene.world\/nb\/wp-json\/wp\/v2\/media?parent=7574"}],"wp:term":[{"taxonomy":"category","embeddable":true,"href":"https:\/\/notabene.world\/nb\/wp-json\/wp\/v2\/categories?post=7574"},{"taxonomy":"post_tag","embeddable":true,"href":"https:\/\/notabene.world\/nb\/wp-json\/wp\/v2\/tags?post=7574"}],"curies":[{"name":"wp","href":"https:\/\/api.w.org\/{rel}","templated":true}]}}