{"id":7606,"date":"2025-12-05T16:21:54","date_gmt":"2025-12-05T16:21:54","guid":{"rendered":"https:\/\/notabene.world\/nb\/?p=7606"},"modified":"2025-12-16T03:01:14","modified_gmt":"2025-12-16T03:01:14","slug":"wegiersko-tureckie-sny-o-potedze","status":"publish","type":"post","link":"https:\/\/notabene.world\/nb\/wegiersko-tureckie-sny-o-potedze\/","title":{"rendered":"W\u0119giersko-tureckie sny o pot\u0119dze?"},"content":{"rendered":"\n<p><em>Illustracja: Polish Charge &#8211; Welcome Europe (2010) by Jacek Lipowczan<\/em><\/p>\n\n\n\n<p class=\"has-text-align-right\"><em>Uczcie si\u0119 &#8222;jakich\u015b-tam&#8221; j\u0119zyk\u00f3w, a niew\u0105tpliwie &#8222;co\u015b-tam&#8221; b\u0119dzie Wam dane<\/em><\/p>\n\n\n\n<p><strong>Prezes kocha Budapeszt, nie cierpi Wiednia, marzy o Stambule albo Mi\u0144sku?<\/strong><\/p>\n\n\n\n<p>Strach pomy\u015ble\u0107, co by by\u0142o, gdyby Jan III Sobieski wraz z husari\u0105 w 1683 roku pa\u0142a\u0142 r\u00f3wnie wielk\u0105 \u201eobco\u015bci\u0105 kulturow\u0105\u201d do Wiednia, co prezes Kaczy\u0144ski <em>et consortes<\/em> w roku 1989. Zapewne w konsekwencji siedzieliby\u015bmy dzisiaj wszyscy elegancko (nad Dunajem) \u201epo turecku\u201d i to nie na jakich\u015b-tam patriotycznie ograniczonych \u0142awkach, lecz &#8211; w najlepszym razie &#8211; na lataj\u0105cych dywanach. Najprawdopodobniej, mieliby\u015bmy te\u017c ju\u017c teraz nad Wis\u0142\u0105 jak\u0105\u015b form\u0119 zdecydowanie nieliberalnej republiki teokratycznej. A chyba nie o to chodzi\u0142o, co?<\/p>\n\n\n\n<p>Problematyczn\u0105 zalet\u0105 takiego stanu rzeczy by\u0142oby ewentualne \u201epojmanie\u201d czterech niewiast za \u017cony &#8211; wedle ludowej m\u0105dro\u015bci osma\u0144skiej: po jednej na ka\u017cdy k\u0105t pokoju; zak\u0142adaj\u0105c oczywi\u015bcie, \u017ce \u00f3w pok\u00f3j nie by\u0142by okr\u0105g\u0142y&#8230; Czyli co? Frywolny harem, t\u0119czowa balanga od zmierzchu a\u017c po \u015bwit i seks dla przyjemno\u015bci? Naprawd\u0119? A co wobec tego z cnotami niewie\u015bcimi absolwenta &#8222;naj\u015bwi\u0119tszej uczelni w Rzeczypospolitej&#8217; post-marksistowskiego impertynenta Czarnka?<\/p>\n\n\n\n<p>Potencjalne dylematy mo\u017cna by mno\u017cy\u0107, bo my przecie zazwyczaj tacy cisi, g\u0142usi i niemi \u2013 totalne g\u0142upki z nas i w og\u00f3le. Od lat tolerujemy obelgi, kt\u00f3rym w\u0142a\u015bciwie nie ma ko\u0144ca: kanalie, mordy zdradzieckie (naj)gorszego sortu itd. Pisz\u0119 to wszystko rzecz jasna \u201epoza trybem\u201d. Pisz\u0119, wi\u0119c jestem i w coraz wi\u0119ksze os\u0142upienie wprawiaj\u0105 mnie te w\u0119giersko-tureckie kazania naszej nadwi\u015bla\u0144skiej trupy objazdowej z wymownym gestem pos\u0142anki Lichockiej w tle, a jak\u017ce. \u00c0 propos, za &#8222;gest Lichockiej&#8221; pokazany w przestrzeni publicznej idzie si\u0119 na przyk\u0142ad w takim omlaskiwanym raz-po-raz Dubaju &#8222;z automatu&#8221; na 30 dni do paki&#8230;<\/p>\n\n\n\n<p>No i tak to ju\u017c od lat brednia goni bredni\u0119, a historyczno-tera\u017aniejsze dyrdyma\u0142y wyrastaj\u0105 niczym grzyby po deszczu. W dodatku leje jak z cebra, bo jest jesie\u0144, a to oznacza, \u017ce b\u0119dzie tylko gorzej. Ten nonsens zacz\u0105\u0142 si\u0119 zreszt\u0105 dosy\u0107 dawno od c\u00f3rki legendarnego w\u0142adcy Kraka, ksi\u0119\u017cniczki Wandy, co to Niemca nie chcia\u0142a za m\u0119\u017ca, bo by\u0142 on dla niej nie tylko \u201ekulturowo\u201d, ale przede wszystkim \u201elingwistycznie\u201d obcy. Ura\u017cony do cna i zrozpaczony odrzuceniem alema\u0144ski ksi\u0105\u017c\u0119 z zemsty najecha\u0142 wi\u0119c ze sw\u0105 armi\u0105 \u201eziemie polskie\u201d, na co Wanda patriotycznie samob\u00f3jczo rzuci\u0142a si\u0119 w nurt Wis\u0142y \u2013 wiadomo: \u017ceby nie prowokowa\u0107 dalszych najazd\u00f3w. Niew\u0105tpliwie nie mogli si\u0119 \u201em\u0142odzi\u201d dogada\u0107, a germa\u0144ski ksi\u0105\u017c\u0119 ponadto straszliwie si\u0119 przerazi\u0142 owych s\u0142owia\u0144skich smok\u00f3w, czyhaj\u0105cych podst\u0119pnie na zachodni\u0105 niewinno\u015b\u0107 i ziej\u0105cych z paszcz piekielnym ogniem zawsze i wsz\u0119dzie, ze wschodu ku zachodowi, ma si\u0119 rozumie\u0107; a\u017c do 1945?<\/p>\n\n\n\n<p>Domniemane po\u015bwi\u0119cenie Wandy na nic si\u0119 zda\u0142o, bo \u2013 wed\u0142ug prezesa Kaczy\u0144skiego i jego akolit\u00f3w \u2013 germa\u0144sko-s\u0142owia\u0144ska \u201ekulturowa obco\u015b\u0107\u201d trwa do dzisiaj. Sytuacja jest zatem na tyle beznadziejna, \u017ce \u017cadne, nawet najskrupulatniej wyliczone reparacje nic tu nie pomog\u0105. Na szcz\u0119\u015bcie, gdy ju\u017c staniemy si\u0119 mocarstwem, \u201eszabl\u0105 odbierzemy, co nam obca przemoc wzi\u0119\u0142a\u201d. W mi\u0119dzyczasie za\u015b, o zgrozo, powsta\u0142a Strefa Schengen, czyli przynajmniej formalnie nie ma ju\u017c granicy polsko-niemieckiej. I to te\u017c chyba ma swoje zalety, co?<\/p>\n\n\n\n<p>Dochodz\u0119 do wniosku, i\u017c w 1989 roku nad-prezes dozna\u0142 po prostu w Austrii wielowymiarowego szoku kulturowego, z kt\u00f3rego nigdy nie wydobrza\u0142. By\u0107 mo\u017ce te\u017c ta jego niech\u0119\u0107 do Austrii i Austriak\u00f3w (czyli prawie-Niemc\u00f3w) nasta\u0142a zreszt\u0105 znacznie p\u00f3\u017aniej, odk\u0105d jest on winien austriackiemu &#8211; nomen omen &#8211; architektowi Geraldowi Birgfellnerowi 1,3 mln euro za wykonanie projektu s\u0142ynnych dw\u00f3ch &#8222;srebrnych&#8221; wie\u017c w Warszawie?<\/p>\n\n\n\n<p>Nie da si\u0119 niestety jednoznacznie ustali\u0107, w jakiej dok\u0142adnie czasoprzestrzeni kulturowej przebywali w roku 2022 Kaczy\u0144ski, Ziobro, Macierewicz, Glapi\u0144ski i Jacek Kurski (brat Jaros\u0142awa).Teraz &#8211; w roku 2025 &#8211; przynajmniej w kwestii Romanowskiego i Ziobry sytuacja sta\u0142a nieco bardziej klarowna (gdy\u017c po prostu uciekli oni byli do Budapesztu szuka\u0107 &#8222;azylu politycznego&#8221;, \u017ce co?! <em>O tempora, o mores! <\/em>&#8211; zawo\u0142a\u0142by na takie dictum z ca\u0142\u0105 pewno\u015bci Cyceron! Ale-ale, to w\u0142a\u015bnie dzi\u015b, czyli 5.12.2025 &#8211; w momencie powstawania tego\u017c tekstu &#8211; Ziobro &#8222;objawi\u0142 si\u0119 nagle w Warszawie zdalnie, na ekranie monitora&#8221;. Natychmiast te\u017c co\u015b-tam-to\u015b-tam w swoim zero-jedynkowym stylu zacz\u0105\u0142 ple\u015b\u0107. Wynika\u0142o z bezczelnego ziobrowskiego ble-ble-ble mniej-wi\u0119cej tyle, \u017ce &#8222;prawo i sprawiedliwo\u015b\u0107&#8221; sko\u0144czy\u0142o si\u0119 w Polsce wraz z wygranymi-ale-de-facto-przegranymi przez PiS wyborami w roku 2023. Dobre, nie? My na pa\u0144skie nieszcz\u0119\u015bcie mamy jeszcze dobr\u0105 pami\u0119\u0107, panie Ziobro, czy &#8222;Zero&#8221;?<\/p>\n\n\n\n<p>Tak naprawd\u0119, to wspomniani PiSowscy funkcjonariusze sami chyba woleliby, by\u015bmy nie zawracali sobie nimi g\u0142owy. To prawda, \u017ce by\u0107 mo\u017ce lepiej, wygodniej i zdrowiej by\u0142oby dla nas &#8211; niczym te s\u0142ynne ma\u0142py &#8211; niczego ani nie widzie\u0107, ani nie s\u0142ysze\u0107. Jednak\u017ce od pewnego ju\u017c czasu niewiedza przesta\u0142a by\u0107 si\u0142\u0105. Kto tam dzi\u015b zreszt\u0105 czyta jeszcze Orwella, a szkoda? W latach 2015-2023 prawo coraz mniej kojarzy\u0142o si\u0119 nad Wis\u0142\u0105 ze sprawiedliwo\u015bci\u0105, coraz bardziej za\u015b ze zwyk\u0142ym cynizmem, hucp\u0105 i ordynarnym cwaniactwem. Ju\u017c teraz wiemy, i\u017c ewentualne &#8222;honorowe&#8221; wyj\u015bcie z sytuacji (czyli na przyk\u0142ad patriotyczny skok w otch\u0142a\u0144 budapeszta\u0144skiego Dunaju) nie wchodzi w gr\u0119, ale azyl pod skrzyd\u0142ami najbli\u017cszego kolesia Putina, faszysty Orbana &#8211; ju\u017c tak.<\/p>\n\n\n\n<p>Przypominamy jeszcze raz, \u017ce skoro Europa jest dla prezesa <em>et consortes<\/em> \u201eobca kulturowo\u201d, po drugiej stronie Bosforu z otwartymi ramionami czeka na\u0144 i jego \u015bwit\u0119, emanuj\u0105ca dobrobytem i wolno\u015bci\u0105, wymarzona nieliberalna demokracja turecka. Lataj\u0105ce dywany faluj\u0105 w trybie stendbaju, domniemany za\u015b wszechw\u0142adny prezes i sp\u00f3\u0142ka poczuliby si\u0119 mo\u017ce gdzie\u015b nareszcie swojsko i u siebie. Jest tylko jeden szkopu\u0142 &#8211; jak by tu szybko posi\u0105\u015b\u0107 znajomo\u015b\u0107 najpierw w\u0119gierskiego, a potem tureckiego? Czary-mary, hokus-pokus. No, ale przeca pono do niekt\u00f3rych rzeczy j\u0119zyk jest wszak zupe\u0142nie niepotrzebny. Jedno jest za to pewne: Atat\u00fcrk w grobie si\u0119 przewraca i &#8211; na nasze szcz\u0119\u015bcie w ca\u0142ym tym geopolitycznym cyrku &#8211; Turcja jest cz\u0142onkiem NATO.<\/p>\n\n\n\n<p><span style=\"text-decoration: underline;\">Postscriptum:<\/span> W 1683 mia\u0142 by\u0107 Stambu\u0142 w Wiedniu, potem d\u0142ugo-d\u0142ugo-nic i&#8230; nagle nadprezes zacz\u0105\u0142 \u015bni\u0107 o Budapeszcie nad Wis\u0142\u0105. W 2024-2025 okaza\u0142o si\u0119 te\u017c, \u017ce jednak mamy Warszaw\u0119 nad Dunajem, gdzie schronili si\u0119 tymczasowo &#8222;nasi dzielni z\u0142odzieje i pseudo-azylanci&#8221; (czytaj: fujary-mi\u0119kiszony), byli wysocy rang\u0105 przedstawiciele (tak, tak) Ministerstwa Sprawiedliwo\u015bci w\u0142a\u015bnie, czyli Romanowski i Ziobro&#8230; Stamt\u0105d zapewne odnajd\u0105 lada moment prost\u0105 drog\u0119 do bia\u0142oruskiego Mi\u0144ska, gdzie z kolei czerwony dywan rozwinie przed nimi z werw\u0105 eks-s\u0119dzia-zdrajca Szmydt? Trudno si\u0119 w tym wszystkim po\u0142apa\u0107 w Polsce AD 2025&#8230; A tymczasem nie ma dnia bez afery oraz lawinowo wp\u0142ywaj\u0105cych do prokuratury wniosk\u00f3w o to-tamto-i-owanto. Jaki kraj, takie i jego prawo i sprawiedliwo\u015b\u0107. Czy\u017cby kolejny oksymoron?<\/p>\n\n\n\n<figure class=\"wp-block-image size-full\"><img data-recalc-dims=\"1\" loading=\"lazy\" decoding=\"async\" width=\"750\" height=\"1000\" src=\"https:\/\/i0.wp.com\/notabene.world\/nb\/wp-content\/uploads\/2025\/12\/cycero.jpg?resize=750%2C1000&#038;ssl=1\" alt=\"\" class=\"wp-image-18767\" srcset=\"https:\/\/i0.wp.com\/notabene.world\/nb\/wp-content\/uploads\/2025\/12\/cycero.jpg?w=750&amp;ssl=1 750w, https:\/\/i0.wp.com\/notabene.world\/nb\/wp-content\/uploads\/2025\/12\/cycero.jpg?resize=225%2C300&amp;ssl=1 225w\" sizes=\"auto, (max-width: 750px) 100vw, 750px\" \/><\/figure>\n\n\n\n<figure class=\"wp-block-image aligncenter size-full\"><img data-recalc-dims=\"1\" loading=\"lazy\" decoding=\"async\" width=\"800\" height=\"445\" src=\"https:\/\/i0.wp.com\/notabene.world\/nb\/wp-content\/uploads\/2022\/09\/tk2a.jpg?resize=800%2C445&#038;ssl=1\" alt=\"\" class=\"wp-image-7607\" srcset=\"https:\/\/i0.wp.com\/notabene.world\/nb\/wp-content\/uploads\/2022\/09\/tk2a.jpg?w=800&amp;ssl=1 800w, https:\/\/i0.wp.com\/notabene.world\/nb\/wp-content\/uploads\/2022\/09\/tk2a.jpg?resize=300%2C167&amp;ssl=1 300w, https:\/\/i0.wp.com\/notabene.world\/nb\/wp-content\/uploads\/2022\/09\/tk2a.jpg?resize=768%2C427&amp;ssl=1 768w\" sizes=\"auto, (max-width: 800px) 100vw, 800px\" \/><\/figure>\n","protected":false},"excerpt":{"rendered":"<p>Strach pomy\u015ble\u0107, co by by\u0142o, gdyby Jan III Sobieski wraz z husari\u0105 w 1683 roku pa\u0142a\u0142 r\u00f3wnie wielk\u0105 \u201eobco\u015bci\u0105 kulturow\u0105\u201d do Wiednia, co prezes Kaczy\u0144ski et consortes w roku 1989. Zapewne w konsekwencji siedzieliby\u015bmy dzisiaj wszyscy elegancko (nad Dunajem) \u201epo turecku\u201d i to nie na jakich\u015b-tam patriotycznie ograniczonych \u0142awkach, lecz &#8211; w najlepszym razie &#8211; na lataj\u0105cych dywanach. Najprawdopodobniej, mieliby\u015bmy te\u017c ju\u017c teraz nad Wis\u0142\u0105 jak\u0105\u015b form\u0119 zdecydowanie nieliberalnej republiki teokratycznej. A chyba nie o to chodzi\u0142o, co?<br \/>\n<br \/>\nProblematyczn\u0105 zalet\u0105 takiego stanu rzeczy by\u0142oby ewentualne \u201epojmanie\u201d czterech niewiast za \u017cony &#8211; wedle ludowej m\u0105dro\u015bci osma\u0144skiej: po jednej na ka\u017cdy k\u0105t pokoju; zak\u0142adaj\u0105c oczywi\u015bcie, \u017ce \u00f3w pok\u00f3j nie by\u0142by okr\u0105g\u0142y&#8230; Czyli co? Frywolny harem, t\u0119czowa balanga od zmierzchu a\u017c po \u015bwit i seks dla przyjemno\u015bci? Naprawd\u0119? A co wobec tego z cnotami niewie\u015bcimi ministra Czarnka?<br \/>\n<br \/>\nPotencjalne dylematy mo\u017cna by mno\u017cy\u0107, bo my przecie zazwyczaj tacy cisi, g\u0142usi i niemi \u2013 totalne g\u0142upki z nas i w og\u00f3le. Od lat tolerujemy obelgi, kt\u00f3rym w\u0142a\u015bciwie nie ma ko\u0144ca: kanalie, mordy zdradzieckie (naj)gorszego sortu itd. Pisz\u0119 to wszystko rzecz jasna \u201epoza trybem\u201d. Pisz\u0119, wi\u0119c jestem i w coraz wi\u0119ksze os\u0142upienie wprawiaj\u0105 mnie te tureckie kazania naszej nadwi\u015bla\u0144skiej trupy objazdowej z wymownym gestem pos\u0142anki Lichockiej w tle, a jak\u017ce. \u00c0 propos, za &#8222;gest Lichockiej&#8221; pokazany w przestrzeni publicznej idzie si\u0119 na przyk\u0142ad w takim Dubaju &#8222;z automatu&#8221; na 30 dni do paki&#8230;<br \/>\n<br \/>\nPrzypominamy, \u017ce skoro Europa jest dla prezesa et consortes \u201eobca kulturowo\u201d, po drugiej stronie Bosforu z otwartymi ramionami czeka na\u0144 i jego \u015bwit\u0119, emanuj\u0105ca dobrobytem i wolno\u015bci\u0105, wymarzona nieliberalna demokracja turecka. Lataj\u0105ce dywany faluj\u0105 w trybie standby&#8217;u, domniemany za\u015b wszechw\u0142adny prezes i sp\u00f3\u0142ka poczuliby si\u0119 gdzie\u015b nareszcie swojsko i u siebie. Jest tylko jeden Broblem &#8211; jak tu szybko posi\u0105\u015b\u0107 znajomo\u015b\u0107 najpierw w\u0119gierskiego, a potem tureckiego? Czary-mary, czary-mary. Podobno jednak do niekt\u00f3rych rzeczy j\u0119zyk jest zupe\u0142nie niepotrzebny. Jedno jest pewne: Atat\u00fcrk w grobie si\u0119 przewraca, ale &#8211; na szcz\u0119\u015bcie w ca\u0142ym tym geopolitycznym cyrku &#8211; Turcja jest cz\u0142onkiem NATO.<\/p>\n","protected":false},"author":1,"featured_media":18714,"comment_status":"closed","ping_status":"closed","sticky":false,"template":"","format":"standard","meta":{"colormag_page_container_layout":"default_layout","colormag_page_sidebar_layout":"default_layout","_jetpack_memberships_contains_paid_content":false,"footnotes":"","_links_to":"","_links_to_target":""},"categories":[64,42,48],"tags":[],"class_list":["post-7606","post","type-post","status-publish","format-standard","has-post-thumbnail","hentry","category-aktualnosci","category-felietony","category-wiecej-swiatla"],"yoast_head":"<!-- This site is optimized with the Yoast SEO plugin v27.4 - https:\/\/yoast.com\/product\/yoast-seo-wordpress\/ -->\n<title>W\u0119giersko-tureckie sny o pot\u0119dze? - NOTABENE.WORLD<\/title>\n<meta name=\"robots\" content=\"index, follow, max-snippet:-1, max-image-preview:large, max-video-preview:-1\" \/>\n<link rel=\"canonical\" href=\"https:\/\/notabene.world\/nb\/wegiersko-tureckie-sny-o-potedze\/\" \/>\n<meta property=\"og:locale\" content=\"pl_PL\" \/>\n<meta property=\"og:type\" content=\"article\" \/>\n<meta property=\"og:title\" content=\"W\u0119giersko-tureckie sny o pot\u0119dze? - NOTABENE.WORLD\" \/>\n<meta property=\"og:description\" content=\"Strach pomy\u015ble\u0107, co by by\u0142o, gdyby Jan III Sobieski wraz z husari\u0105 w 1683 roku pa\u0142a\u0142 r\u00f3wnie wielk\u0105 \u201eobco\u015bci\u0105 kulturow\u0105\u201d do Wiednia, co prezes Kaczy\u0144ski et consortes w roku 1989. Zapewne w konsekwencji siedzieliby\u015bmy dzisiaj wszyscy elegancko (nad Dunajem) \u201epo turecku\u201d i to nie na jakich\u015b-tam patriotycznie ograniczonych \u0142awkach, lecz - w najlepszym razie - na lataj\u0105cych dywanach. Najprawdopodobniej, mieliby\u015bmy te\u017c ju\u017c teraz nad Wis\u0142\u0105 jak\u0105\u015b form\u0119 zdecydowanie nieliberalnej republiki teokratycznej. A chyba nie o to chodzi\u0142o, co? Problematyczn\u0105 zalet\u0105 takiego stanu rzeczy by\u0142oby ewentualne \u201epojmanie\u201d czterech niewiast za \u017cony - wedle ludowej m\u0105dro\u015bci osma\u0144skiej: po jednej na ka\u017cdy k\u0105t pokoju; zak\u0142adaj\u0105c oczywi\u015bcie, \u017ce \u00f3w pok\u00f3j nie by\u0142by okr\u0105g\u0142y... Czyli co? Frywolny harem, t\u0119czowa balanga od zmierzchu a\u017c po \u015bwit i seks dla przyjemno\u015bci? Naprawd\u0119? A co wobec tego z cnotami niewie\u015bcimi ministra Czarnka? Potencjalne dylematy mo\u017cna by mno\u017cy\u0107, bo my przecie zazwyczaj tacy cisi, g\u0142usi i niemi \u2013 totalne g\u0142upki z nas i w og\u00f3le. Od lat tolerujemy obelgi, kt\u00f3rym w\u0142a\u015bciwie nie ma ko\u0144ca: kanalie, mordy zdradzieckie (naj)gorszego sortu itd. Pisz\u0119 to wszystko rzecz jasna \u201epoza trybem\u201d. Pisz\u0119, wi\u0119c jestem i w coraz wi\u0119ksze os\u0142upienie wprawiaj\u0105 mnie te tureckie kazania naszej nadwi\u015bla\u0144skiej trupy objazdowej z wymownym gestem pos\u0142anki Lichockiej w tle, a jak\u017ce. \u00c0 propos, za &quot;gest Lichockiej&quot; pokazany w przestrzeni publicznej idzie si\u0119 na przyk\u0142ad w takim Dubaju &quot;z automatu&quot; na 30 dni do paki... Przypominamy, \u017ce skoro Europa jest dla prezesa et consortes \u201eobca kulturowo\u201d, po drugiej stronie Bosforu z otwartymi ramionami czeka na\u0144 i jego \u015bwit\u0119, emanuj\u0105ca dobrobytem i wolno\u015bci\u0105, wymarzona nieliberalna demokracja turecka. Lataj\u0105ce dywany faluj\u0105 w trybie standby&#039;u, domniemany za\u015b wszechw\u0142adny prezes i sp\u00f3\u0142ka poczuliby si\u0119 gdzie\u015b nareszcie swojsko i u siebie. Jest tylko jeden Broblem - jak tu szybko posi\u0105\u015b\u0107 znajomo\u015b\u0107 najpierw w\u0119gierskiego, a potem tureckiego? Czary-mary, czary-mary. Podobno jednak do niekt\u00f3rych rzeczy j\u0119zyk jest zupe\u0142nie niepotrzebny. Jedno jest pewne: Atat\u00fcrk w grobie si\u0119 przewraca, ale - na szcz\u0119\u015bcie w ca\u0142ym tym geopolitycznym cyrku - Turcja jest cz\u0142onkiem NATO.\" \/>\n<meta property=\"og:url\" content=\"https:\/\/notabene.world\/nb\/wegiersko-tureckie-sny-o-potedze\/\" \/>\n<meta property=\"og:site_name\" content=\"NOTABENE.WORLD\" \/>\n<meta property=\"article:publisher\" content=\"https:\/\/www.facebook.com\/Notabene.World\" \/>\n<meta property=\"article:published_time\" content=\"2025-12-05T16:21:54+00:00\" \/>\n<meta property=\"article:modified_time\" content=\"2025-12-16T03:01:14+00:00\" \/>\n<meta property=\"og:image\" content=\"https:\/\/notabene.world\/nb\/wp-content\/uploads\/2025\/12\/jl10.gif\" \/>\n\t<meta property=\"og:image:width\" content=\"800\" \/>\n\t<meta property=\"og:image:height\" content=\"445\" \/>\n\t<meta property=\"og:image:type\" content=\"image\/gif\" \/>\n<meta name=\"author\" content=\"C vel K\" \/>\n<meta name=\"twitter:card\" content=\"summary_large_image\" \/>\n<meta name=\"twitter:label1\" content=\"Napisane przez\" \/>\n\t<meta name=\"twitter:data1\" content=\"C vel K\" \/>\n\t<meta name=\"twitter:label2\" content=\"Szacowany czas czytania\" \/>\n\t<meta name=\"twitter:data2\" content=\"6 minut\" \/>\n<script type=\"application\/ld+json\" class=\"yoast-schema-graph\">{\"@context\":\"https:\\\/\\\/schema.org\",\"@graph\":[{\"@type\":\"Article\",\"@id\":\"https:\\\/\\\/notabene.world\\\/nb\\\/wegiersko-tureckie-sny-o-potedze\\\/#article\",\"isPartOf\":{\"@id\":\"https:\\\/\\\/notabene.world\\\/nb\\\/wegiersko-tureckie-sny-o-potedze\\\/\"},\"author\":{\"name\":\"C vel K\",\"@id\":\"https:\\\/\\\/notabene.world\\\/nb\\\/#\\\/schema\\\/person\\\/2227ed509f9261e544f6078919e1981d\"},\"headline\":\"W\u0119giersko-tureckie sny o pot\u0119dze?\",\"datePublished\":\"2025-12-05T16:21:54+00:00\",\"dateModified\":\"2025-12-16T03:01:14+00:00\",\"mainEntityOfPage\":{\"@id\":\"https:\\\/\\\/notabene.world\\\/nb\\\/wegiersko-tureckie-sny-o-potedze\\\/\"},\"wordCount\":1174,\"publisher\":{\"@id\":\"https:\\\/\\\/notabene.world\\\/nb\\\/#organization\"},\"image\":{\"@id\":\"https:\\\/\\\/notabene.world\\\/nb\\\/wegiersko-tureckie-sny-o-potedze\\\/#primaryimage\"},\"thumbnailUrl\":\"https:\\\/\\\/i0.wp.com\\\/notabene.world\\\/nb\\\/wp-content\\\/uploads\\\/2025\\\/12\\\/jl10.gif?fit=800%2C445&ssl=1\",\"articleSection\":[\"Aktualno\u015bci\",\"Felietony\",\"WI\u0118CEJ \u015aWIAT(\u0141)A\"],\"inLanguage\":\"pl-PL\"},{\"@type\":\"WebPage\",\"@id\":\"https:\\\/\\\/notabene.world\\\/nb\\\/wegiersko-tureckie-sny-o-potedze\\\/\",\"url\":\"https:\\\/\\\/notabene.world\\\/nb\\\/wegiersko-tureckie-sny-o-potedze\\\/\",\"name\":\"W\u0119giersko-tureckie sny o pot\u0119dze? - NOTABENE.WORLD\",\"isPartOf\":{\"@id\":\"https:\\\/\\\/notabene.world\\\/nb\\\/#website\"},\"primaryImageOfPage\":{\"@id\":\"https:\\\/\\\/notabene.world\\\/nb\\\/wegiersko-tureckie-sny-o-potedze\\\/#primaryimage\"},\"image\":{\"@id\":\"https:\\\/\\\/notabene.world\\\/nb\\\/wegiersko-tureckie-sny-o-potedze\\\/#primaryimage\"},\"thumbnailUrl\":\"https:\\\/\\\/i0.wp.com\\\/notabene.world\\\/nb\\\/wp-content\\\/uploads\\\/2025\\\/12\\\/jl10.gif?fit=800%2C445&ssl=1\",\"datePublished\":\"2025-12-05T16:21:54+00:00\",\"dateModified\":\"2025-12-16T03:01:14+00:00\",\"breadcrumb\":{\"@id\":\"https:\\\/\\\/notabene.world\\\/nb\\\/wegiersko-tureckie-sny-o-potedze\\\/#breadcrumb\"},\"inLanguage\":\"pl-PL\",\"potentialAction\":[{\"@type\":\"ReadAction\",\"target\":[\"https:\\\/\\\/notabene.world\\\/nb\\\/wegiersko-tureckie-sny-o-potedze\\\/\"]}]},{\"@type\":\"ImageObject\",\"inLanguage\":\"pl-PL\",\"@id\":\"https:\\\/\\\/notabene.world\\\/nb\\\/wegiersko-tureckie-sny-o-potedze\\\/#primaryimage\",\"url\":\"https:\\\/\\\/i0.wp.com\\\/notabene.world\\\/nb\\\/wp-content\\\/uploads\\\/2025\\\/12\\\/jl10.gif?fit=800%2C445&ssl=1\",\"contentUrl\":\"https:\\\/\\\/i0.wp.com\\\/notabene.world\\\/nb\\\/wp-content\\\/uploads\\\/2025\\\/12\\\/jl10.gif?fit=800%2C445&ssl=1\",\"width\":800,\"height\":445},{\"@type\":\"BreadcrumbList\",\"@id\":\"https:\\\/\\\/notabene.world\\\/nb\\\/wegiersko-tureckie-sny-o-potedze\\\/#breadcrumb\",\"itemListElement\":[{\"@type\":\"ListItem\",\"position\":1,\"name\":\"Home\",\"item\":\"https:\\\/\\\/notabene.world\\\/nb\\\/\"},{\"@type\":\"ListItem\",\"position\":2,\"name\":\"W\u0119giersko-tureckie sny o pot\u0119dze?\"}]},{\"@type\":\"WebSite\",\"@id\":\"https:\\\/\\\/notabene.world\\\/nb\\\/#website\",\"url\":\"https:\\\/\\\/notabene.world\\\/nb\\\/\",\"name\":\"NOTABENE.WORLD\",\"description\":\"Przekaz. Warto\u015bci. Wsp\u00f3lnota.\",\"publisher\":{\"@id\":\"https:\\\/\\\/notabene.world\\\/nb\\\/#organization\"},\"potentialAction\":[{\"@type\":\"SearchAction\",\"target\":{\"@type\":\"EntryPoint\",\"urlTemplate\":\"https:\\\/\\\/notabene.world\\\/nb\\\/?s={search_term_string}\"},\"query-input\":{\"@type\":\"PropertyValueSpecification\",\"valueRequired\":true,\"valueName\":\"search_term_string\"}}],\"inLanguage\":\"pl-PL\"},{\"@type\":\"Organization\",\"@id\":\"https:\\\/\\\/notabene.world\\\/nb\\\/#organization\",\"name\":\"NOTABENE.WORLD\",\"url\":\"https:\\\/\\\/notabene.world\\\/nb\\\/\",\"logo\":{\"@type\":\"ImageObject\",\"inLanguage\":\"pl-PL\",\"@id\":\"https:\\\/\\\/notabene.world\\\/nb\\\/#\\\/schema\\\/logo\\\/image\\\/\",\"url\":\"https:\\\/\\\/notabene.world\\\/nb\\\/wp-content\\\/uploads\\\/2022\\\/01\\\/NB-club-start-www1.jpg\",\"contentUrl\":\"https:\\\/\\\/notabene.world\\\/nb\\\/wp-content\\\/uploads\\\/2022\\\/01\\\/NB-club-start-www1.jpg\",\"width\":1000,\"height\":839,\"caption\":\"NOTABENE.WORLD\"},\"image\":{\"@id\":\"https:\\\/\\\/notabene.world\\\/nb\\\/#\\\/schema\\\/logo\\\/image\\\/\"},\"sameAs\":[\"https:\\\/\\\/www.facebook.com\\\/Notabene.World\"]},{\"@type\":\"Person\",\"@id\":\"https:\\\/\\\/notabene.world\\\/nb\\\/#\\\/schema\\\/person\\\/2227ed509f9261e544f6078919e1981d\",\"name\":\"C vel K\",\"image\":{\"@type\":\"ImageObject\",\"inLanguage\":\"pl-PL\",\"@id\":\"https:\\\/\\\/secure.gravatar.com\\\/avatar\\\/da4181237ddf77c667487dd66af5231faaf45fbcb0774d7a408f868da56bf04c?s=96&d=mm&r=g\",\"url\":\"https:\\\/\\\/secure.gravatar.com\\\/avatar\\\/da4181237ddf77c667487dd66af5231faaf45fbcb0774d7a408f868da56bf04c?s=96&d=mm&r=g\",\"contentUrl\":\"https:\\\/\\\/secure.gravatar.com\\\/avatar\\\/da4181237ddf77c667487dd66af5231faaf45fbcb0774d7a408f868da56bf04c?s=96&d=mm&r=g\",\"caption\":\"C vel K\"},\"url\":\"https:\\\/\\\/notabene.world\\\/nb\\\/author\\\/kcedro\\\/\"}]}<\/script>\n<!-- \/ Yoast SEO plugin. -->","yoast_head_json":{"title":"W\u0119giersko-tureckie sny o pot\u0119dze? - NOTABENE.WORLD","robots":{"index":"index","follow":"follow","max-snippet":"max-snippet:-1","max-image-preview":"max-image-preview:large","max-video-preview":"max-video-preview:-1"},"canonical":"https:\/\/notabene.world\/nb\/wegiersko-tureckie-sny-o-potedze\/","og_locale":"pl_PL","og_type":"article","og_title":"W\u0119giersko-tureckie sny o pot\u0119dze? - NOTABENE.WORLD","og_description":"Strach pomy\u015ble\u0107, co by by\u0142o, gdyby Jan III Sobieski wraz z husari\u0105 w 1683 roku pa\u0142a\u0142 r\u00f3wnie wielk\u0105 \u201eobco\u015bci\u0105 kulturow\u0105\u201d do Wiednia, co prezes Kaczy\u0144ski et consortes w roku 1989. Zapewne w konsekwencji siedzieliby\u015bmy dzisiaj wszyscy elegancko (nad Dunajem) \u201epo turecku\u201d i to nie na jakich\u015b-tam patriotycznie ograniczonych \u0142awkach, lecz - w najlepszym razie - na lataj\u0105cych dywanach. Najprawdopodobniej, mieliby\u015bmy te\u017c ju\u017c teraz nad Wis\u0142\u0105 jak\u0105\u015b form\u0119 zdecydowanie nieliberalnej republiki teokratycznej. A chyba nie o to chodzi\u0142o, co? Problematyczn\u0105 zalet\u0105 takiego stanu rzeczy by\u0142oby ewentualne \u201epojmanie\u201d czterech niewiast za \u017cony - wedle ludowej m\u0105dro\u015bci osma\u0144skiej: po jednej na ka\u017cdy k\u0105t pokoju; zak\u0142adaj\u0105c oczywi\u015bcie, \u017ce \u00f3w pok\u00f3j nie by\u0142by okr\u0105g\u0142y... Czyli co? Frywolny harem, t\u0119czowa balanga od zmierzchu a\u017c po \u015bwit i seks dla przyjemno\u015bci? Naprawd\u0119? A co wobec tego z cnotami niewie\u015bcimi ministra Czarnka? Potencjalne dylematy mo\u017cna by mno\u017cy\u0107, bo my przecie zazwyczaj tacy cisi, g\u0142usi i niemi \u2013 totalne g\u0142upki z nas i w og\u00f3le. Od lat tolerujemy obelgi, kt\u00f3rym w\u0142a\u015bciwie nie ma ko\u0144ca: kanalie, mordy zdradzieckie (naj)gorszego sortu itd. Pisz\u0119 to wszystko rzecz jasna \u201epoza trybem\u201d. Pisz\u0119, wi\u0119c jestem i w coraz wi\u0119ksze os\u0142upienie wprawiaj\u0105 mnie te tureckie kazania naszej nadwi\u015bla\u0144skiej trupy objazdowej z wymownym gestem pos\u0142anki Lichockiej w tle, a jak\u017ce. \u00c0 propos, za \"gest Lichockiej\" pokazany w przestrzeni publicznej idzie si\u0119 na przyk\u0142ad w takim Dubaju \"z automatu\" na 30 dni do paki... Przypominamy, \u017ce skoro Europa jest dla prezesa et consortes \u201eobca kulturowo\u201d, po drugiej stronie Bosforu z otwartymi ramionami czeka na\u0144 i jego \u015bwit\u0119, emanuj\u0105ca dobrobytem i wolno\u015bci\u0105, wymarzona nieliberalna demokracja turecka. Lataj\u0105ce dywany faluj\u0105 w trybie standby'u, domniemany za\u015b wszechw\u0142adny prezes i sp\u00f3\u0142ka poczuliby si\u0119 gdzie\u015b nareszcie swojsko i u siebie. Jest tylko jeden Broblem - jak tu szybko posi\u0105\u015b\u0107 znajomo\u015b\u0107 najpierw w\u0119gierskiego, a potem tureckiego? Czary-mary, czary-mary. Podobno jednak do niekt\u00f3rych rzeczy j\u0119zyk jest zupe\u0142nie niepotrzebny. Jedno jest pewne: Atat\u00fcrk w grobie si\u0119 przewraca, ale - na szcz\u0119\u015bcie w ca\u0142ym tym geopolitycznym cyrku - Turcja jest cz\u0142onkiem NATO.","og_url":"https:\/\/notabene.world\/nb\/wegiersko-tureckie-sny-o-potedze\/","og_site_name":"NOTABENE.WORLD","article_publisher":"https:\/\/www.facebook.com\/Notabene.World","article_published_time":"2025-12-05T16:21:54+00:00","article_modified_time":"2025-12-16T03:01:14+00:00","og_image":[{"width":800,"height":445,"url":"https:\/\/notabene.world\/nb\/wp-content\/uploads\/2025\/12\/jl10.gif","type":"image\/gif"}],"author":"C vel K","twitter_card":"summary_large_image","twitter_misc":{"Napisane przez":"C vel K","Szacowany czas czytania":"6 minut"},"schema":{"@context":"https:\/\/schema.org","@graph":[{"@type":"Article","@id":"https:\/\/notabene.world\/nb\/wegiersko-tureckie-sny-o-potedze\/#article","isPartOf":{"@id":"https:\/\/notabene.world\/nb\/wegiersko-tureckie-sny-o-potedze\/"},"author":{"name":"C vel K","@id":"https:\/\/notabene.world\/nb\/#\/schema\/person\/2227ed509f9261e544f6078919e1981d"},"headline":"W\u0119giersko-tureckie sny o pot\u0119dze?","datePublished":"2025-12-05T16:21:54+00:00","dateModified":"2025-12-16T03:01:14+00:00","mainEntityOfPage":{"@id":"https:\/\/notabene.world\/nb\/wegiersko-tureckie-sny-o-potedze\/"},"wordCount":1174,"publisher":{"@id":"https:\/\/notabene.world\/nb\/#organization"},"image":{"@id":"https:\/\/notabene.world\/nb\/wegiersko-tureckie-sny-o-potedze\/#primaryimage"},"thumbnailUrl":"https:\/\/i0.wp.com\/notabene.world\/nb\/wp-content\/uploads\/2025\/12\/jl10.gif?fit=800%2C445&ssl=1","articleSection":["Aktualno\u015bci","Felietony","WI\u0118CEJ \u015aWIAT(\u0141)A"],"inLanguage":"pl-PL"},{"@type":"WebPage","@id":"https:\/\/notabene.world\/nb\/wegiersko-tureckie-sny-o-potedze\/","url":"https:\/\/notabene.world\/nb\/wegiersko-tureckie-sny-o-potedze\/","name":"W\u0119giersko-tureckie sny o pot\u0119dze? - NOTABENE.WORLD","isPartOf":{"@id":"https:\/\/notabene.world\/nb\/#website"},"primaryImageOfPage":{"@id":"https:\/\/notabene.world\/nb\/wegiersko-tureckie-sny-o-potedze\/#primaryimage"},"image":{"@id":"https:\/\/notabene.world\/nb\/wegiersko-tureckie-sny-o-potedze\/#primaryimage"},"thumbnailUrl":"https:\/\/i0.wp.com\/notabene.world\/nb\/wp-content\/uploads\/2025\/12\/jl10.gif?fit=800%2C445&ssl=1","datePublished":"2025-12-05T16:21:54+00:00","dateModified":"2025-12-16T03:01:14+00:00","breadcrumb":{"@id":"https:\/\/notabene.world\/nb\/wegiersko-tureckie-sny-o-potedze\/#breadcrumb"},"inLanguage":"pl-PL","potentialAction":[{"@type":"ReadAction","target":["https:\/\/notabene.world\/nb\/wegiersko-tureckie-sny-o-potedze\/"]}]},{"@type":"ImageObject","inLanguage":"pl-PL","@id":"https:\/\/notabene.world\/nb\/wegiersko-tureckie-sny-o-potedze\/#primaryimage","url":"https:\/\/i0.wp.com\/notabene.world\/nb\/wp-content\/uploads\/2025\/12\/jl10.gif?fit=800%2C445&ssl=1","contentUrl":"https:\/\/i0.wp.com\/notabene.world\/nb\/wp-content\/uploads\/2025\/12\/jl10.gif?fit=800%2C445&ssl=1","width":800,"height":445},{"@type":"BreadcrumbList","@id":"https:\/\/notabene.world\/nb\/wegiersko-tureckie-sny-o-potedze\/#breadcrumb","itemListElement":[{"@type":"ListItem","position":1,"name":"Home","item":"https:\/\/notabene.world\/nb\/"},{"@type":"ListItem","position":2,"name":"W\u0119giersko-tureckie sny o pot\u0119dze?"}]},{"@type":"WebSite","@id":"https:\/\/notabene.world\/nb\/#website","url":"https:\/\/notabene.world\/nb\/","name":"NOTABENE.WORLD","description":"Przekaz. Warto\u015bci. Wsp\u00f3lnota.","publisher":{"@id":"https:\/\/notabene.world\/nb\/#organization"},"potentialAction":[{"@type":"SearchAction","target":{"@type":"EntryPoint","urlTemplate":"https:\/\/notabene.world\/nb\/?s={search_term_string}"},"query-input":{"@type":"PropertyValueSpecification","valueRequired":true,"valueName":"search_term_string"}}],"inLanguage":"pl-PL"},{"@type":"Organization","@id":"https:\/\/notabene.world\/nb\/#organization","name":"NOTABENE.WORLD","url":"https:\/\/notabene.world\/nb\/","logo":{"@type":"ImageObject","inLanguage":"pl-PL","@id":"https:\/\/notabene.world\/nb\/#\/schema\/logo\/image\/","url":"https:\/\/notabene.world\/nb\/wp-content\/uploads\/2022\/01\/NB-club-start-www1.jpg","contentUrl":"https:\/\/notabene.world\/nb\/wp-content\/uploads\/2022\/01\/NB-club-start-www1.jpg","width":1000,"height":839,"caption":"NOTABENE.WORLD"},"image":{"@id":"https:\/\/notabene.world\/nb\/#\/schema\/logo\/image\/"},"sameAs":["https:\/\/www.facebook.com\/Notabene.World"]},{"@type":"Person","@id":"https:\/\/notabene.world\/nb\/#\/schema\/person\/2227ed509f9261e544f6078919e1981d","name":"C vel K","image":{"@type":"ImageObject","inLanguage":"pl-PL","@id":"https:\/\/secure.gravatar.com\/avatar\/da4181237ddf77c667487dd66af5231faaf45fbcb0774d7a408f868da56bf04c?s=96&d=mm&r=g","url":"https:\/\/secure.gravatar.com\/avatar\/da4181237ddf77c667487dd66af5231faaf45fbcb0774d7a408f868da56bf04c?s=96&d=mm&r=g","contentUrl":"https:\/\/secure.gravatar.com\/avatar\/da4181237ddf77c667487dd66af5231faaf45fbcb0774d7a408f868da56bf04c?s=96&d=mm&r=g","caption":"C vel K"},"url":"https:\/\/notabene.world\/nb\/author\/kcedro\/"}]}},"jetpack_featured_media_url":"https:\/\/i0.wp.com\/notabene.world\/nb\/wp-content\/uploads\/2025\/12\/jl10.gif?fit=800%2C445&ssl=1","jetpack_sharing_enabled":true,"jetpack_shortlink":"https:\/\/wp.me\/pdCobN-1YG","_links":{"self":[{"href":"https:\/\/notabene.world\/nb\/wp-json\/wp\/v2\/posts\/7606","targetHints":{"allow":["GET"]}}],"collection":[{"href":"https:\/\/notabene.world\/nb\/wp-json\/wp\/v2\/posts"}],"about":[{"href":"https:\/\/notabene.world\/nb\/wp-json\/wp\/v2\/types\/post"}],"author":[{"embeddable":true,"href":"https:\/\/notabene.world\/nb\/wp-json\/wp\/v2\/users\/1"}],"replies":[{"embeddable":true,"href":"https:\/\/notabene.world\/nb\/wp-json\/wp\/v2\/comments?post=7606"}],"version-history":[{"count":4,"href":"https:\/\/notabene.world\/nb\/wp-json\/wp\/v2\/posts\/7606\/revisions"}],"predecessor-version":[{"id":18784,"href":"https:\/\/notabene.world\/nb\/wp-json\/wp\/v2\/posts\/7606\/revisions\/18784"}],"wp:featuredmedia":[{"embeddable":true,"href":"https:\/\/notabene.world\/nb\/wp-json\/wp\/v2\/media\/18714"}],"wp:attachment":[{"href":"https:\/\/notabene.world\/nb\/wp-json\/wp\/v2\/media?parent=7606"}],"wp:term":[{"taxonomy":"category","embeddable":true,"href":"https:\/\/notabene.world\/nb\/wp-json\/wp\/v2\/categories?post=7606"},{"taxonomy":"post_tag","embeddable":true,"href":"https:\/\/notabene.world\/nb\/wp-json\/wp\/v2\/tags?post=7606"}],"curies":[{"name":"wp","href":"https:\/\/api.w.org\/{rel}","templated":true}]}}