{"id":7626,"date":"2022-09-11T23:37:20","date_gmt":"2022-09-11T21:37:20","guid":{"rendered":"https:\/\/notabene.world\/nb\/?p=7626"},"modified":"2022-09-18T07:35:41","modified_gmt":"2022-09-18T05:35:41","slug":"2022-rok","status":"publish","type":"post","link":"https:\/\/notabene.world\/nb\/2022-rok\/","title":{"rendered":"2022 rok"},"content":{"rendered":"\n<p>Niedziela. Poranna kawa. Zimno i pada, czyli dzie\u0144 sk\u0142aniaj\u0105cy do refleksji i zadumy. W historii \u015bwiata s\u0105 takie daty, kt\u00f3re wp\u0142ywaj\u0105 na \u017cycie milion\u00f3w ludzi. Czasem znaczenie ma jeden dzie\u0144, czasem ca\u0142y rok.<\/p>\n\n\n\n<p>Rok 2022 pozostanie w naszej pami\u0119ci na zawsze. 24 lutego Rosja napad\u0142a na Ukrain\u0119. Wojna. Blisko nas, nie w Afryce, nie na Bliskim Wschodzie, nie w Azji. Stali\u015bmy si\u0119 pa\u0144stwem przyfrontowym. Miliony uchod\u017ac\u00f3w wojennych, relacje z frontu w telewizji i Internecie. &nbsp;Bombardowane miasta, niszczona ca\u0142a infrastruktura, mordowani cywile, gwa\u0142cone kobiety i dzieci. To widzimy na co dzie\u0144. Ta wojna ma zniszczy\u0107 ca\u0142y kraj, ca\u0142y nar\u00f3d. Mam wra\u017cenie, \u017ce inwazja, kt\u00f3ra mia\u0142a by\u0107 w zamy\u015ble agresor\u00f3w lokalna i szybka (sami Rosjanie unikali s\u0142owa wojna, zast\u0119puj\u0105c je okre\u015bleniem \u201eoperacja specjalna\u201d), przerodzi\u0142a si\u0119 nie w kolejn\u0105 wojn\u0119 \u015bwiatow\u0105, ale w powa\u017cny konflikt, kt\u00f3ry zaanga\u017cowa\u0142 uwag\u0119 ca\u0142ego \u015bwiata. \u201eWojna dobra ze z\u0142em\u201d, \u201eKonflikt demokracji z dyktatur\u0105\u201d, \u201dObrona warto\u015bci demokratycznych\u201d to tylko niekt\u00f3re okre\u015blenia charakteryzuj\u0105ce t\u0119 wojn\u0119.<\/p>\n\n\n\n<p>Ukrainie pomagaj\u0105 wszyscy, jedni bardziej, inni mniej. Ka\u017cdy jednak wie, jaka jest stawka tego konfliktu. Po raz pierwszy Putin tak brutalnie udowadnia, \u017ce surowce energetyczne (gaz, ropa, w\u0119giel) to bro\u0144 strategiczna. Umiej\u0119tnie wykorzystywana mo\u017ce zaburzy\u0107 spok\u00f3j ca\u0142ego \u015bwiata. Do\u015bwiadczamy tego wszyscy. Ceny surowc\u00f3w poszybowa\u0142y w g\u00f3r\u0119, gospodarki wielu pa\u0144stw spowalniaj\u0105, inflacja na poziomie dot\u0105d niespotykanym.<\/p>\n\n\n\n<p>Mieszka\u0144cy kraj\u00f3w europejskich z niepokojem oczekuj\u0105 zimy. Na szcz\u0119\u015bcie ostatnie informacje z Ukrainy o udanej kontrofensywie na p\u00f3\u0142nocy Donbasu, o kolejnych wyzwolonych miejscowo\u015bciach, o odbiciu ju\u017c 2 tys. km kwadratowych zaj\u0119tych przez Rosjan teren\u00f3w, napawaj\u0105 nadziej\u0105. Front, kt\u00f3rego broni Ukraina, jest rozci\u0105gni\u0119ty na d\u0142ugo\u015b\u0107 2500 km. Dzi\u015b to ju\u017c 200 dzie\u0144 wojny.<\/p>\n\n\n\n<p>W takim czasie nadchodzi nast\u0119pna wiadomo\u015b\u0107, kt\u00f3ra burzy i tak pozorny spok\u00f3j ludzi na ca\u0142ym \u015bwiecie. Kr\u00f3lowa El\u017cbieta II nie \u017cyje. Zmar\u0142a 8 wrze\u015bnia w wieku 96 lat. By\u0142a kr\u00f3low\u0105 Zjednoczonego Kr\u00f3lestwa Wielkiej Brytanii i Irlandii P\u00f3\u0142nocnej z dynastii Windsor\u00f3w od 1952 roku, mia\u0142a wtedy 26 lat. W ubieg\u0142ym roku obchodzi\u0142a platynowy jubileusz \u2013 70 lat panowania. By\u0142a najd\u0142u\u017cej panuj\u0105cym monarch\u0105 w dziejach Wielkiej Brytanii. Za jej panowania pojawi\u0142o si\u0119 a\u017c 14 premier\u00f3w, ostatniemu (15) powierzy\u0142a misj\u0119 tworzenia rz\u0105du we wtorek, dwa dni przed \u015bmierci\u0105. Tym samym wype\u0142ni\u0142a swoje przyrzeczenie z\u0142o\u017cone przed koronacj\u0105 \u201eO\u015bwiadczam wam wszystkim, \u017ce ca\u0142e moje \u017cycie, czy to d\u0142ugie, czy kr\u00f3tkie, po\u015bwi\u0119c\u0119 s\u0142u\u017cbie dla was\u201d. Liz Truss, obecna premier Wielkiej Brytanii, w dniu \u015bmierci kr\u00f3lowej w swoim o\u015bwiadczeniu powiedzia\u0142a mi\u0119dzy innymi: \u201eKr\u00f3lowa El\u017cbieta II by\u0142a ska\u0142\u0105, na jakiej zbudowano nasz kraj. Poprzez trudne i dobre czasy da\u0142a nam si\u0142\u0119 i stabilizacj\u0119, kt\u00f3re by\u0142y nam potrzebne. Jej s\u0142u\u017cba trwa\u0142a, odk\u0105d pami\u0119tali\u015bmy. By\u0142a kochana i podziwiana przez narody Zjednoczonego Kr\u00f3lestwa i ca\u0142ego \u015bwiata\u201d. Pytanie, czy nowy kr\u00f3l Karol III godnie zast\u0105pi matk\u0119 i jakie b\u0119d\u0105 jego rz\u0105dy, pozostaje na razie bez odpowiedzi. Zgodnie z protoko\u0142em kr\u00f3lewskim kr\u00f3lowa rozpocz\u0119\u0142a swoj\u0105 ostatni\u0105 podr\u00f3\u017c do Londynu. Dzi\u015b przewieziono trumn\u0119 z cia\u0142em zmar\u0142ej kr\u00f3lowej El\u017cbiety II z zamku Balmoral do Edynburga. Na trasie monarchini\u0119 \u017cegna\u0142y tysi\u0105ce ludzi. W poniedzia\u0142ek, 19 wrze\u015bnia 2022 r. odb\u0119dzie si\u0119 pogrzeb kr\u00f3lowej. Kr\u00f3lowa El\u017cbieta II spocznie w kaplicy \u015bw. Jerzego obok swojego m\u0119\u017ca, ksi\u0119cia Filipa. Ju\u017c teraz wiadomo, \u017ce do Londynu przyjad\u0105 kr\u00f3lowie, prezydenci, premierzy reprezentuj\u0105cy ca\u0142y \u015bwiat. Na naszych oczach ko\u0144czy si\u0119 kolejna epoka.<\/p>\n","protected":false},"excerpt":{"rendered":"<p>Rok 2022 pozostanie w naszej pami\u0119ci na zawsze. 24 lutego Rosja napad\u0142a na Ukrain\u0119. Wojna. Blisko nas, nie w Afryce, nie na Bliskim Wschodzie, nie w Azji. Stali\u015bmy si\u0119 pa\u0144stwem przyfrontowym. Miliony uchod\u017ac\u00f3w wojennych, relacje z frontu w telewizji i Internecie. \u00a0Bombardowane miasta, niszczona ca\u0142a infrastruktura, mordowani cywile, gwa\u0142cone kobiety i dzieci. To widzimy na co dzie\u0144. Ta wojna ma zniszczy\u0107 ca\u0142y kraj, ca\u0142y nar\u00f3d. <\/p>\n<p>Mam wra\u017cenie, \u017ce inwazja, kt\u00f3ra mia\u0142a by\u0107 w zamy\u015ble agresor\u00f3w lokalna i szybka (sami Rosjanie unikali s\u0142owa wojna, zast\u0119puj\u0105c je okre\u015bleniem \u201eoperacja specjalna\u201d), przerodzi\u0142a si\u0119 nie w kolejn\u0105 wojn\u0119 \u015bwiatow\u0105, ale w powa\u017cny konflikt, kt\u00f3ry zaanga\u017cowa\u0142 uwag\u0119 ca\u0142ego \u015bwiata. \u201eWojna dobra ze z\u0142em\u201d, \u201eKonflikt demokracji z dyktatur\u0105\u201d, \u201dObrona warto\u015bci demokratycznych\u201d to tylko niekt\u00f3re okre\u015blenia charakteryzuj\u0105ce t\u0119 wojn\u0119.<\/p>\n","protected":false},"author":35,"featured_media":7714,"comment_status":"closed","ping_status":"closed","sticky":false,"template":"","format":"standard","meta":{"colormag_page_container_layout":"default_layout","colormag_page_sidebar_layout":"default_layout","_jetpack_memberships_contains_paid_content":false,"footnotes":"","_links_to":"","_links_to_target":""},"categories":[64,42,175],"tags":[],"class_list":["post-7626","post","type-post","status-publish","format-standard","has-post-thumbnail","hentry","category-aktualnosci","category-felietony","category-liczby-i-fakty"],"yoast_head":"<!-- This site is optimized with the Yoast SEO plugin v27.4 - https:\/\/yoast.com\/product\/yoast-seo-wordpress\/ -->\n<title>2022 rok - NOTABENE.WORLD<\/title>\n<meta name=\"robots\" content=\"index, follow, max-snippet:-1, max-image-preview:large, max-video-preview:-1\" \/>\n<link rel=\"canonical\" href=\"https:\/\/notabene.world\/nb\/2022-rok\/\" \/>\n<meta property=\"og:locale\" content=\"pl_PL\" \/>\n<meta property=\"og:type\" content=\"article\" \/>\n<meta property=\"og:title\" content=\"2022 rok - NOTABENE.WORLD\" \/>\n<meta property=\"og:description\" content=\"Rok 2022 pozostanie w naszej pami\u0119ci na zawsze. 24 lutego Rosja napad\u0142a na Ukrain\u0119. Wojna. Blisko nas, nie w Afryce, nie na Bliskim Wschodzie, nie w Azji. Stali\u015bmy si\u0119 pa\u0144stwem przyfrontowym. Miliony uchod\u017ac\u00f3w wojennych, relacje z frontu w telewizji i Internecie. \u00a0Bombardowane miasta, niszczona ca\u0142a infrastruktura, mordowani cywile, gwa\u0142cone kobiety i dzieci. To widzimy na co dzie\u0144. Ta wojna ma zniszczy\u0107 ca\u0142y kraj, ca\u0142y nar\u00f3d.  Mam wra\u017cenie, \u017ce inwazja, kt\u00f3ra mia\u0142a by\u0107 w zamy\u015ble agresor\u00f3w lokalna i szybka (sami Rosjanie unikali s\u0142owa wojna, zast\u0119puj\u0105c je okre\u015bleniem \u201eoperacja specjalna\u201d), przerodzi\u0142a si\u0119 nie w kolejn\u0105 wojn\u0119 \u015bwiatow\u0105, ale w powa\u017cny konflikt, kt\u00f3ry zaanga\u017cowa\u0142 uwag\u0119 ca\u0142ego \u015bwiata. \u201eWojna dobra ze z\u0142em\u201d, \u201eKonflikt demokracji z dyktatur\u0105\u201d, \u201dObrona warto\u015bci demokratycznych\u201d to tylko niekt\u00f3re okre\u015blenia charakteryzuj\u0105ce t\u0119 wojn\u0119.\" \/>\n<meta property=\"og:url\" content=\"https:\/\/notabene.world\/nb\/2022-rok\/\" \/>\n<meta property=\"og:site_name\" content=\"NOTABENE.WORLD\" \/>\n<meta property=\"article:publisher\" content=\"https:\/\/www.facebook.com\/Notabene.World\" \/>\n<meta property=\"article:published_time\" content=\"2022-09-11T21:37:20+00:00\" \/>\n<meta property=\"article:modified_time\" content=\"2022-09-18T05:35:41+00:00\" \/>\n<meta property=\"og:image\" content=\"https:\/\/notabene.world\/nb\/wp-content\/uploads\/2022\/09\/2022a.jpg\" \/>\n\t<meta property=\"og:image:width\" content=\"800\" \/>\n\t<meta property=\"og:image:height\" content=\"445\" \/>\n\t<meta property=\"og:image:type\" content=\"image\/jpeg\" \/>\n<meta name=\"author\" content=\"B D\" \/>\n<meta name=\"twitter:card\" content=\"summary_large_image\" \/>\n<meta name=\"twitter:label1\" content=\"Napisane przez\" \/>\n\t<meta name=\"twitter:data1\" content=\"B D\" \/>\n\t<meta name=\"twitter:label2\" content=\"Szacowany czas czytania\" \/>\n\t<meta name=\"twitter:data2\" content=\"3 minuty\" \/>\n<script type=\"application\/ld+json\" class=\"yoast-schema-graph\">{\"@context\":\"https:\\\/\\\/schema.org\",\"@graph\":[{\"@type\":\"Article\",\"@id\":\"https:\\\/\\\/notabene.world\\\/nb\\\/2022-rok\\\/#article\",\"isPartOf\":{\"@id\":\"https:\\\/\\\/notabene.world\\\/nb\\\/2022-rok\\\/\"},\"author\":{\"name\":\"B D\",\"@id\":\"https:\\\/\\\/notabene.world\\\/nb\\\/#\\\/schema\\\/person\\\/9081f0d094ad3e2767736feb48c99520\"},\"headline\":\"2022 rok\",\"datePublished\":\"2022-09-11T21:37:20+00:00\",\"dateModified\":\"2022-09-18T05:35:41+00:00\",\"mainEntityOfPage\":{\"@id\":\"https:\\\/\\\/notabene.world\\\/nb\\\/2022-rok\\\/\"},\"wordCount\":647,\"publisher\":{\"@id\":\"https:\\\/\\\/notabene.world\\\/nb\\\/#organization\"},\"image\":{\"@id\":\"https:\\\/\\\/notabene.world\\\/nb\\\/2022-rok\\\/#primaryimage\"},\"thumbnailUrl\":\"https:\\\/\\\/i0.wp.com\\\/notabene.world\\\/nb\\\/wp-content\\\/uploads\\\/2022\\\/09\\\/2022a.jpg?fit=800%2C445&ssl=1\",\"articleSection\":[\"Aktualno\u015bci\",\"Felietony\",\"Liczby i Fakty\"],\"inLanguage\":\"pl-PL\"},{\"@type\":\"WebPage\",\"@id\":\"https:\\\/\\\/notabene.world\\\/nb\\\/2022-rok\\\/\",\"url\":\"https:\\\/\\\/notabene.world\\\/nb\\\/2022-rok\\\/\",\"name\":\"2022 rok - NOTABENE.WORLD\",\"isPartOf\":{\"@id\":\"https:\\\/\\\/notabene.world\\\/nb\\\/#website\"},\"primaryImageOfPage\":{\"@id\":\"https:\\\/\\\/notabene.world\\\/nb\\\/2022-rok\\\/#primaryimage\"},\"image\":{\"@id\":\"https:\\\/\\\/notabene.world\\\/nb\\\/2022-rok\\\/#primaryimage\"},\"thumbnailUrl\":\"https:\\\/\\\/i0.wp.com\\\/notabene.world\\\/nb\\\/wp-content\\\/uploads\\\/2022\\\/09\\\/2022a.jpg?fit=800%2C445&ssl=1\",\"datePublished\":\"2022-09-11T21:37:20+00:00\",\"dateModified\":\"2022-09-18T05:35:41+00:00\",\"breadcrumb\":{\"@id\":\"https:\\\/\\\/notabene.world\\\/nb\\\/2022-rok\\\/#breadcrumb\"},\"inLanguage\":\"pl-PL\",\"potentialAction\":[{\"@type\":\"ReadAction\",\"target\":[\"https:\\\/\\\/notabene.world\\\/nb\\\/2022-rok\\\/\"]}]},{\"@type\":\"ImageObject\",\"inLanguage\":\"pl-PL\",\"@id\":\"https:\\\/\\\/notabene.world\\\/nb\\\/2022-rok\\\/#primaryimage\",\"url\":\"https:\\\/\\\/i0.wp.com\\\/notabene.world\\\/nb\\\/wp-content\\\/uploads\\\/2022\\\/09\\\/2022a.jpg?fit=800%2C445&ssl=1\",\"contentUrl\":\"https:\\\/\\\/i0.wp.com\\\/notabene.world\\\/nb\\\/wp-content\\\/uploads\\\/2022\\\/09\\\/2022a.jpg?fit=800%2C445&ssl=1\",\"width\":800,\"height\":445},{\"@type\":\"BreadcrumbList\",\"@id\":\"https:\\\/\\\/notabene.world\\\/nb\\\/2022-rok\\\/#breadcrumb\",\"itemListElement\":[{\"@type\":\"ListItem\",\"position\":1,\"name\":\"Home\",\"item\":\"https:\\\/\\\/notabene.world\\\/nb\\\/\"},{\"@type\":\"ListItem\",\"position\":2,\"name\":\"2022 rok\"}]},{\"@type\":\"WebSite\",\"@id\":\"https:\\\/\\\/notabene.world\\\/nb\\\/#website\",\"url\":\"https:\\\/\\\/notabene.world\\\/nb\\\/\",\"name\":\"NOTABENE.WORLD\",\"description\":\"Przekaz. Warto\u015bci. Wsp\u00f3lnota.\",\"publisher\":{\"@id\":\"https:\\\/\\\/notabene.world\\\/nb\\\/#organization\"},\"potentialAction\":[{\"@type\":\"SearchAction\",\"target\":{\"@type\":\"EntryPoint\",\"urlTemplate\":\"https:\\\/\\\/notabene.world\\\/nb\\\/?s={search_term_string}\"},\"query-input\":{\"@type\":\"PropertyValueSpecification\",\"valueRequired\":true,\"valueName\":\"search_term_string\"}}],\"inLanguage\":\"pl-PL\"},{\"@type\":\"Organization\",\"@id\":\"https:\\\/\\\/notabene.world\\\/nb\\\/#organization\",\"name\":\"NOTABENE.WORLD\",\"url\":\"https:\\\/\\\/notabene.world\\\/nb\\\/\",\"logo\":{\"@type\":\"ImageObject\",\"inLanguage\":\"pl-PL\",\"@id\":\"https:\\\/\\\/notabene.world\\\/nb\\\/#\\\/schema\\\/logo\\\/image\\\/\",\"url\":\"https:\\\/\\\/notabene.world\\\/nb\\\/wp-content\\\/uploads\\\/2022\\\/01\\\/NB-club-start-www1.jpg\",\"contentUrl\":\"https:\\\/\\\/notabene.world\\\/nb\\\/wp-content\\\/uploads\\\/2022\\\/01\\\/NB-club-start-www1.jpg\",\"width\":1000,\"height\":839,\"caption\":\"NOTABENE.WORLD\"},\"image\":{\"@id\":\"https:\\\/\\\/notabene.world\\\/nb\\\/#\\\/schema\\\/logo\\\/image\\\/\"},\"sameAs\":[\"https:\\\/\\\/www.facebook.com\\\/Notabene.World\"]},{\"@type\":\"Person\",\"@id\":\"https:\\\/\\\/notabene.world\\\/nb\\\/#\\\/schema\\\/person\\\/9081f0d094ad3e2767736feb48c99520\",\"name\":\"B D\",\"image\":{\"@type\":\"ImageObject\",\"inLanguage\":\"pl-PL\",\"@id\":\"https:\\\/\\\/secure.gravatar.com\\\/avatar\\\/ebcdcd8c0a7789c85d5a03ead2e68bda7a5fcb1ab728d56a4bd678c5ea15faa2?s=96&d=mm&r=g\",\"url\":\"https:\\\/\\\/secure.gravatar.com\\\/avatar\\\/ebcdcd8c0a7789c85d5a03ead2e68bda7a5fcb1ab728d56a4bd678c5ea15faa2?s=96&d=mm&r=g\",\"contentUrl\":\"https:\\\/\\\/secure.gravatar.com\\\/avatar\\\/ebcdcd8c0a7789c85d5a03ead2e68bda7a5fcb1ab728d56a4bd678c5ea15faa2?s=96&d=mm&r=g\",\"caption\":\"B D\"},\"url\":\"https:\\\/\\\/notabene.world\\\/nb\\\/author\\\/jo-d\\\/\"}]}<\/script>\n<!-- \/ Yoast SEO plugin. -->","yoast_head_json":{"title":"2022 rok - NOTABENE.WORLD","robots":{"index":"index","follow":"follow","max-snippet":"max-snippet:-1","max-image-preview":"max-image-preview:large","max-video-preview":"max-video-preview:-1"},"canonical":"https:\/\/notabene.world\/nb\/2022-rok\/","og_locale":"pl_PL","og_type":"article","og_title":"2022 rok - NOTABENE.WORLD","og_description":"Rok 2022 pozostanie w naszej pami\u0119ci na zawsze. 24 lutego Rosja napad\u0142a na Ukrain\u0119. Wojna. Blisko nas, nie w Afryce, nie na Bliskim Wschodzie, nie w Azji. Stali\u015bmy si\u0119 pa\u0144stwem przyfrontowym. Miliony uchod\u017ac\u00f3w wojennych, relacje z frontu w telewizji i Internecie. \u00a0Bombardowane miasta, niszczona ca\u0142a infrastruktura, mordowani cywile, gwa\u0142cone kobiety i dzieci. To widzimy na co dzie\u0144. Ta wojna ma zniszczy\u0107 ca\u0142y kraj, ca\u0142y nar\u00f3d.  Mam wra\u017cenie, \u017ce inwazja, kt\u00f3ra mia\u0142a by\u0107 w zamy\u015ble agresor\u00f3w lokalna i szybka (sami Rosjanie unikali s\u0142owa wojna, zast\u0119puj\u0105c je okre\u015bleniem \u201eoperacja specjalna\u201d), przerodzi\u0142a si\u0119 nie w kolejn\u0105 wojn\u0119 \u015bwiatow\u0105, ale w powa\u017cny konflikt, kt\u00f3ry zaanga\u017cowa\u0142 uwag\u0119 ca\u0142ego \u015bwiata. \u201eWojna dobra ze z\u0142em\u201d, \u201eKonflikt demokracji z dyktatur\u0105\u201d, \u201dObrona warto\u015bci demokratycznych\u201d to tylko niekt\u00f3re okre\u015blenia charakteryzuj\u0105ce t\u0119 wojn\u0119.","og_url":"https:\/\/notabene.world\/nb\/2022-rok\/","og_site_name":"NOTABENE.WORLD","article_publisher":"https:\/\/www.facebook.com\/Notabene.World","article_published_time":"2022-09-11T21:37:20+00:00","article_modified_time":"2022-09-18T05:35:41+00:00","og_image":[{"width":800,"height":445,"url":"https:\/\/notabene.world\/nb\/wp-content\/uploads\/2022\/09\/2022a.jpg","type":"image\/jpeg"}],"author":"B D","twitter_card":"summary_large_image","twitter_misc":{"Napisane przez":"B D","Szacowany czas czytania":"3 minuty"},"schema":{"@context":"https:\/\/schema.org","@graph":[{"@type":"Article","@id":"https:\/\/notabene.world\/nb\/2022-rok\/#article","isPartOf":{"@id":"https:\/\/notabene.world\/nb\/2022-rok\/"},"author":{"name":"B D","@id":"https:\/\/notabene.world\/nb\/#\/schema\/person\/9081f0d094ad3e2767736feb48c99520"},"headline":"2022 rok","datePublished":"2022-09-11T21:37:20+00:00","dateModified":"2022-09-18T05:35:41+00:00","mainEntityOfPage":{"@id":"https:\/\/notabene.world\/nb\/2022-rok\/"},"wordCount":647,"publisher":{"@id":"https:\/\/notabene.world\/nb\/#organization"},"image":{"@id":"https:\/\/notabene.world\/nb\/2022-rok\/#primaryimage"},"thumbnailUrl":"https:\/\/i0.wp.com\/notabene.world\/nb\/wp-content\/uploads\/2022\/09\/2022a.jpg?fit=800%2C445&ssl=1","articleSection":["Aktualno\u015bci","Felietony","Liczby i Fakty"],"inLanguage":"pl-PL"},{"@type":"WebPage","@id":"https:\/\/notabene.world\/nb\/2022-rok\/","url":"https:\/\/notabene.world\/nb\/2022-rok\/","name":"2022 rok - NOTABENE.WORLD","isPartOf":{"@id":"https:\/\/notabene.world\/nb\/#website"},"primaryImageOfPage":{"@id":"https:\/\/notabene.world\/nb\/2022-rok\/#primaryimage"},"image":{"@id":"https:\/\/notabene.world\/nb\/2022-rok\/#primaryimage"},"thumbnailUrl":"https:\/\/i0.wp.com\/notabene.world\/nb\/wp-content\/uploads\/2022\/09\/2022a.jpg?fit=800%2C445&ssl=1","datePublished":"2022-09-11T21:37:20+00:00","dateModified":"2022-09-18T05:35:41+00:00","breadcrumb":{"@id":"https:\/\/notabene.world\/nb\/2022-rok\/#breadcrumb"},"inLanguage":"pl-PL","potentialAction":[{"@type":"ReadAction","target":["https:\/\/notabene.world\/nb\/2022-rok\/"]}]},{"@type":"ImageObject","inLanguage":"pl-PL","@id":"https:\/\/notabene.world\/nb\/2022-rok\/#primaryimage","url":"https:\/\/i0.wp.com\/notabene.world\/nb\/wp-content\/uploads\/2022\/09\/2022a.jpg?fit=800%2C445&ssl=1","contentUrl":"https:\/\/i0.wp.com\/notabene.world\/nb\/wp-content\/uploads\/2022\/09\/2022a.jpg?fit=800%2C445&ssl=1","width":800,"height":445},{"@type":"BreadcrumbList","@id":"https:\/\/notabene.world\/nb\/2022-rok\/#breadcrumb","itemListElement":[{"@type":"ListItem","position":1,"name":"Home","item":"https:\/\/notabene.world\/nb\/"},{"@type":"ListItem","position":2,"name":"2022 rok"}]},{"@type":"WebSite","@id":"https:\/\/notabene.world\/nb\/#website","url":"https:\/\/notabene.world\/nb\/","name":"NOTABENE.WORLD","description":"Przekaz. Warto\u015bci. Wsp\u00f3lnota.","publisher":{"@id":"https:\/\/notabene.world\/nb\/#organization"},"potentialAction":[{"@type":"SearchAction","target":{"@type":"EntryPoint","urlTemplate":"https:\/\/notabene.world\/nb\/?s={search_term_string}"},"query-input":{"@type":"PropertyValueSpecification","valueRequired":true,"valueName":"search_term_string"}}],"inLanguage":"pl-PL"},{"@type":"Organization","@id":"https:\/\/notabene.world\/nb\/#organization","name":"NOTABENE.WORLD","url":"https:\/\/notabene.world\/nb\/","logo":{"@type":"ImageObject","inLanguage":"pl-PL","@id":"https:\/\/notabene.world\/nb\/#\/schema\/logo\/image\/","url":"https:\/\/notabene.world\/nb\/wp-content\/uploads\/2022\/01\/NB-club-start-www1.jpg","contentUrl":"https:\/\/notabene.world\/nb\/wp-content\/uploads\/2022\/01\/NB-club-start-www1.jpg","width":1000,"height":839,"caption":"NOTABENE.WORLD"},"image":{"@id":"https:\/\/notabene.world\/nb\/#\/schema\/logo\/image\/"},"sameAs":["https:\/\/www.facebook.com\/Notabene.World"]},{"@type":"Person","@id":"https:\/\/notabene.world\/nb\/#\/schema\/person\/9081f0d094ad3e2767736feb48c99520","name":"B D","image":{"@type":"ImageObject","inLanguage":"pl-PL","@id":"https:\/\/secure.gravatar.com\/avatar\/ebcdcd8c0a7789c85d5a03ead2e68bda7a5fcb1ab728d56a4bd678c5ea15faa2?s=96&d=mm&r=g","url":"https:\/\/secure.gravatar.com\/avatar\/ebcdcd8c0a7789c85d5a03ead2e68bda7a5fcb1ab728d56a4bd678c5ea15faa2?s=96&d=mm&r=g","contentUrl":"https:\/\/secure.gravatar.com\/avatar\/ebcdcd8c0a7789c85d5a03ead2e68bda7a5fcb1ab728d56a4bd678c5ea15faa2?s=96&d=mm&r=g","caption":"B D"},"url":"https:\/\/notabene.world\/nb\/author\/jo-d\/"}]}},"jetpack_featured_media_url":"https:\/\/i0.wp.com\/notabene.world\/nb\/wp-content\/uploads\/2022\/09\/2022a.jpg?fit=800%2C445&ssl=1","jetpack_sharing_enabled":true,"jetpack_shortlink":"https:\/\/wp.me\/pdCobN-1Z0","_links":{"self":[{"href":"https:\/\/notabene.world\/nb\/wp-json\/wp\/v2\/posts\/7626","targetHints":{"allow":["GET"]}}],"collection":[{"href":"https:\/\/notabene.world\/nb\/wp-json\/wp\/v2\/posts"}],"about":[{"href":"https:\/\/notabene.world\/nb\/wp-json\/wp\/v2\/types\/post"}],"author":[{"embeddable":true,"href":"https:\/\/notabene.world\/nb\/wp-json\/wp\/v2\/users\/35"}],"replies":[{"embeddable":true,"href":"https:\/\/notabene.world\/nb\/wp-json\/wp\/v2\/comments?post=7626"}],"version-history":[{"count":1,"href":"https:\/\/notabene.world\/nb\/wp-json\/wp\/v2\/posts\/7626\/revisions"}],"predecessor-version":[{"id":7628,"href":"https:\/\/notabene.world\/nb\/wp-json\/wp\/v2\/posts\/7626\/revisions\/7628"}],"wp:featuredmedia":[{"embeddable":true,"href":"https:\/\/notabene.world\/nb\/wp-json\/wp\/v2\/media\/7714"}],"wp:attachment":[{"href":"https:\/\/notabene.world\/nb\/wp-json\/wp\/v2\/media?parent=7626"}],"wp:term":[{"taxonomy":"category","embeddable":true,"href":"https:\/\/notabene.world\/nb\/wp-json\/wp\/v2\/categories?post=7626"},{"taxonomy":"post_tag","embeddable":true,"href":"https:\/\/notabene.world\/nb\/wp-json\/wp\/v2\/tags?post=7626"}],"curies":[{"name":"wp","href":"https:\/\/api.w.org\/{rel}","templated":true}]}}