{"id":7960,"date":"2022-09-25T20:24:40","date_gmt":"2022-09-25T18:24:40","guid":{"rendered":"https:\/\/notabene.world\/nb\/?p=7960"},"modified":"2022-10-31T16:57:34","modified_gmt":"2022-10-31T15:57:34","slug":"4-miliardy-ludzi","status":"publish","type":"post","link":"https:\/\/notabene.world\/nb\/4-miliardy-ludzi\/","title":{"rendered":"4 miliardy ludzi&#8230;"},"content":{"rendered":"\n<p>Niedziela. Poranna kawa, dzi\u015b z mlekiem. Pierwsza niedziela jesieni jest zimna i pochmurna. Czekamy na \u201epolsk\u0105 z\u0142ot\u0105 jesie\u0144\u201d. Prawie wszystkie kot\u0142ownie miejskie, osiedlowe czy b\u0119d\u0105ce w\u0142asno\u015bci\u0105 wsp\u00f3lnot mieszkaniowych rozpocz\u0119\u0142y sezon grzewczy. Opalane s\u0105 gazem lub w\u0119glem. Niekt\u00f3re maj\u0105 zapasy, niekt\u00f3re puste place sk\u0142adowe. Wszyscy jednak licz\u0105, \u017ce rz\u0105d dotrzyma s\u0142owa i opa\u0142 b\u0119dzie.<\/p>\n\n\n\n<p>Z drugiej strony, mno\u017c\u0105 si\u0119 w\u0105tpliwo\u015bci. Nie ma w\u0119gla (600 tys. ton), kt\u00f3re mia\u0142a zam\u00f3wi\u0107 w maju na polecenie premiera Rz\u0105dowa Agencja Rezerw Strategicznych. Przeznaczono i podobno przelano na ten zakup 3 miliardy z\u0142otych. Kopalnia Bogdanka og\u0142osi\u0142a, \u017ce wstrzymuje wrze\u015bniowe&nbsp; zapisy na zakup w\u0119gla. Kopalnia dostarcza ten surowiec g\u0142\u00f3wnie odbiorcom hurtowym i przemys\u0142owym, tylko 10% to zakupy klient\u00f3w indywidualnych. Niestety kopalnia og\u0142osi\u0142a, \u017ce w tym roku zmniejsza wydobycie w\u0119gla o oko\u0142o milion ton ze wzgl\u0119du na niekorzystne zdarzenia geologiczne. To wp\u0142ynie na cen\u0119, mo\u017ce te\u017c warunkowa\u0107 wielko\u015b\u0107 &nbsp;produkcji energii elektrycznej w drugim co do wielko\u015bci koncernie elektroenergetycznym w kraju, czyli w pozna\u0144skiej&nbsp; Enei. Do ko\u0144ca roku zabraknie jej oko\u0142o miliona ton w\u0119gla, kt\u00f3ry b\u0119dzie musia\u0142a zakupi\u0107 z importu po cenach 5-6 razy wy\u017cszych od cen krajowych. Po raz pierwszy og\u0142oszono w pi\u0105tek \u201eokres zagro\u017cenia w polskiej energetyce\u201d&nbsp; w godzinach 19.00-21.00. To wa\u017cny sygna\u0142, \u017ce nie mamy rezerw na wypadek znacznie podwy\u017cszonego zu\u017cycia b\u0105d\u017a awarii.<\/p>\n\n\n\n<p>Na razie rz\u0105d sygnalizuje, \u017ce wszyscy powinni oszcz\u0119dza\u0107. Limity zu\u017cycia to dopiero zapowied\u017a, ale ju\u017c wszyscy zastanawiaj\u0105 si\u0119 czy si\u0119 w nich zmieszcz\u0105. Dzia\u0142ania oszcz\u0119dno\u015bciowe podejmuj\u0105 te\u017c samorz\u0105dy. Podwy\u017cki cen energii rz\u0119du kilkuset procent (np. Radom 900%, Wroc\u0142aw 315%, Pozna\u0144 370%), kt\u00f3rych skutkiem mog\u0105 by\u0107 ograniczenia w realizacji us\u0142ug publicznych, np. o\u015bwietlenie ulic, ogrzewanie szk\u00f3\u0142, przedszkoli czy szpitali, to uderzenie w samorz\u0105dy. Zamykane s\u0105 baseny, ograniczana dzia\u0142alno\u015b\u0107 instytucji kultury. \u201e\u0141\u0105cznie wydatki na zakup energii elektrycznej, je\u017celi nic si\u0119 nie zmieni, mog\u0105 si\u0119gn\u0105\u0107 nawet ok. 30 miliard\u00f3w z\u0142otych\u201d alarmuje Marek W\u00f3jcik ze Zwi\u0105zku Miast Polskich. Ceny pr\u0105du zrujnuj\u0105 bud\u017cety samorz\u0105d\u00f3w.<\/p>\n\n\n\n<p>20 wrze\u015bnia prezes GUS zaprezentowa\u0142 wyniki Narodowego Spisu Powszechnego Ludno\u015bci i Mieszka\u0144 2021. Liczba ludno\u015bci spad\u0142a w por\u00f3wnaniu z 2011 o 1,2% (476 tysi\u0119cy) i wynosi&nbsp; 38&nbsp;milion\u00f3w 36 tysi\u0119cy&nbsp; 118 os\u00f3b. Liderem pod wzgl\u0119dem przyrostu mieszka\u0144c\u00f3w jest wojew\u00f3dztwo mazowieckie, najmniej ludzi \u017cyje w wojew\u00f3dztwie opolskim, co 5 mieszkaniec naszego kraju ma ponad 65 lat. Najwi\u0119ksze miasta wojew\u00f3dzkie to Warszawa &#8211; 1 milion 860 tysi\u0119cy 281 mieszka\u0144c\u00f3w, Krak\u00f3w &#8211; 800 tysi\u0119cy 653 i Wroc\u0142aw &#8211; 672 tysi\u0105ce 929 mieszka\u0144c\u00f3w. Oznacza to, \u017ce Wroc\u0142aw wyprzedzi\u0142 znajduj\u0105c\u0105 si\u0119 dotychczas na trzecim miejscu pod wzgl\u0119dem liczby ludno\u015bci \u0141\u00f3d\u017a. Najwi\u0119kszy przyrost mieszka\u0144 odnotowano w wojew\u00f3dztwach: pomorskim, ma\u0142opolskim i wielkopolskim. Najmniej buduje si\u0119 obiekt\u00f3w mieszkalnych w wojew\u00f3dztwie \u0142\u00f3dzkim i \u015bl\u0105skim. To tylko kilka informacji ze&nbsp; spisu powszechnego, przeprowadzanego co 10 lat. Spisu, kt\u00f3ry dostarcza wielu danych niezb\u0119dnych do prawid\u0142owego zarz\u0105dzania pa\u0144stwem. Czy politycy potrafi\u0105 je konstruktywnie wykorzysta\u0107?<\/p>\n\n\n\n<p>W tym tygodniu odnotowano tak\u017ce znaczne os\u0142abienie z\u0142otego. Frank szwajcarski przebi\u0142 pu\u0142ap 5 z\u0142otych i dobi\u0142 do 5,05 z\u0142. Okaza\u0142o si\u0119 tak\u017ce, \u017ce dolar jest dro\u017cszy (4,84 z\u0142) od euro (4,78 z\u0142).<\/p>\n\n\n\n<p>Te wszystkie informacje&nbsp; zajmowa\u0142y wa\u017cne miejsca w dziennikach informacyjnych, ale nic nie przebi\u0142o relacji z pogrzebu Kr\u00f3lowej El\u017cbiety II. Przed telewizorami,&nbsp; jak poda\u0142y &nbsp;firmy badaj\u0105ce ogl\u0105dalno\u015b\u0107, usiad\u0142o blisko 4 miliardy ludzi na ca\u0142ym \u015bwiecie (czyli prawie po\u0142owa ziemskiej populacji: https:\/\/www.worldometers.info\/pl\/). Nikt do ko\u0144ca nie obliczy\u0142, ile os\u00f3b towarzyszy\u0142o Kr\u00f3lowej w jej ostatniej podr\u00f3\u017cy z Londynu do Windsoru. Wiadomo, \u017ce przed trumn\u0105 sk\u0142ada\u0142o Kr\u00f3lowej ho\u0142d oko\u0142o 250 tysi\u0119cy poddanych i sympatyk\u00f3w. Na mszy pogrzebowej w Opactwie Westminsterskim by\u0142o 2000 uczestnik\u00f3w, w tym 500 przedstawicieli rod\u00f3w cesarskich, kr\u00f3lewskich, prezydent\u00f3w i premier\u00f3w reprezentuj\u0105cych 145 kraj\u00f3w.\u201d Pogrzeb stulecia\u201d &#8211; tak brzmia\u0142y nag\u0142\u00f3wki \u015bwiatowych medi\u00f3w.<\/p>\n\n\n\n<p>A w Ukrainie 214 dzie\u0144 wojny. Ukrai\u0144skie wojska posuwaj\u0105 si\u0119 naprz\u00f3d. Trwaj\u0105 referenda akcesyjne w 4 obwodach. Putin og\u0142osi\u0142 cz\u0119\u015bciow\u0105 mobilizacj\u0119 , chce powo\u0142a\u0107 do wojska 300 tysi\u0119cy rekrut\u00f3w, niekt\u00f3rzy twierdz\u0105, \u017ce milion. Rosjanie masowo uciekaj\u0105 za granic\u0119, w wielu miastach organizowane s\u0105 protesty, w Dagestanie pad\u0142y strza\u0142y. Czy to pocz\u0105tek ko\u0144ca? Oby.<\/p>\n","protected":false},"excerpt":{"rendered":"<p>20 wrze\u015bnia prezes GUS zaprezentowa\u0142 wyniki Narodowego Spisu Powszechnego Ludno\u015bci i Mieszka\u0144 2021. Liczba ludno\u015bci spad\u0142a w por\u00f3wnaniu z 2011 o 1,2% (476 tysi\u0119cy) i wynosi\u00a0 38\u00a0milion\u00f3w 36 tysi\u0119cy\u00a0 118 os\u00f3b. Liderem pod wzgl\u0119dem przyrostu mieszka\u0144c\u00f3w jest wojew\u00f3dztwo mazowieckie, najmniej ludzi \u017cyje w wojew\u00f3dztwie opolskim, co 5 mieszkaniec naszego kraju ma ponad 65 lat. Najwi\u0119ksze miasta wojew\u00f3dzkie to Warszawa &#8211; 1 milion 860 tysi\u0119cy 281 mieszka\u0144c\u00f3w, Krak\u00f3w &#8211; 800 tysi\u0119cy 653 i Wroc\u0142aw &#8211; 672 tysi\u0105ce 929 mieszka\u0144c\u00f3w. Oznacza to, \u017ce Wroc\u0142aw wyprzedzi\u0142 znajduj\u0105c\u0105 si\u0119 dotychczas na trzecim miejscu pod wzgl\u0119dem liczby ludno\u015bci \u0141\u00f3d\u017a.<\/p>\n","protected":false},"author":35,"featured_media":7961,"comment_status":"closed","ping_status":"closed","sticky":false,"template":"","format":"standard","meta":{"colormag_page_container_layout":"default_layout","colormag_page_sidebar_layout":"default_layout","_jetpack_memberships_contains_paid_content":false,"footnotes":"","_links_to":"","_links_to_target":""},"categories":[42,175],"tags":[],"class_list":["post-7960","post","type-post","status-publish","format-standard","has-post-thumbnail","hentry","category-felietony","category-liczby-i-fakty"],"yoast_head":"<!-- This site is optimized with the Yoast SEO plugin v27.4 - https:\/\/yoast.com\/product\/yoast-seo-wordpress\/ -->\n<title>4 miliardy ludzi... - NOTABENE.WORLD<\/title>\n<meta name=\"robots\" content=\"index, follow, max-snippet:-1, max-image-preview:large, max-video-preview:-1\" \/>\n<link rel=\"canonical\" href=\"https:\/\/notabene.world\/nb\/4-miliardy-ludzi\/\" \/>\n<meta property=\"og:locale\" content=\"pl_PL\" \/>\n<meta property=\"og:type\" content=\"article\" \/>\n<meta property=\"og:title\" content=\"4 miliardy ludzi... - NOTABENE.WORLD\" \/>\n<meta property=\"og:description\" content=\"20 wrze\u015bnia prezes GUS zaprezentowa\u0142 wyniki Narodowego Spisu Powszechnego Ludno\u015bci i Mieszka\u0144 2021. Liczba ludno\u015bci spad\u0142a w por\u00f3wnaniu z 2011 o 1,2% (476 tysi\u0119cy) i wynosi\u00a0 38\u00a0milion\u00f3w 36 tysi\u0119cy\u00a0 118 os\u00f3b. Liderem pod wzgl\u0119dem przyrostu mieszka\u0144c\u00f3w jest wojew\u00f3dztwo mazowieckie, najmniej ludzi \u017cyje w wojew\u00f3dztwie opolskim, co 5 mieszkaniec naszego kraju ma ponad 65 lat. Najwi\u0119ksze miasta wojew\u00f3dzkie to Warszawa - 1 milion 860 tysi\u0119cy 281 mieszka\u0144c\u00f3w, Krak\u00f3w - 800 tysi\u0119cy 653 i Wroc\u0142aw - 672 tysi\u0105ce 929 mieszka\u0144c\u00f3w. Oznacza to, \u017ce Wroc\u0142aw wyprzedzi\u0142 znajduj\u0105c\u0105 si\u0119 dotychczas na trzecim miejscu pod wzgl\u0119dem liczby ludno\u015bci \u0141\u00f3d\u017a.\" \/>\n<meta property=\"og:url\" content=\"https:\/\/notabene.world\/nb\/4-miliardy-ludzi\/\" \/>\n<meta property=\"og:site_name\" content=\"NOTABENE.WORLD\" \/>\n<meta property=\"article:publisher\" content=\"https:\/\/www.facebook.com\/Notabene.World\" \/>\n<meta property=\"article:published_time\" content=\"2022-09-25T18:24:40+00:00\" \/>\n<meta property=\"article:modified_time\" content=\"2022-10-31T15:57:34+00:00\" \/>\n<meta property=\"og:image\" content=\"https:\/\/notabene.world\/nb\/wp-content\/uploads\/2022\/09\/nr4.jpg\" \/>\n\t<meta property=\"og:image:width\" content=\"800\" \/>\n\t<meta property=\"og:image:height\" content=\"445\" \/>\n\t<meta property=\"og:image:type\" content=\"image\/jpeg\" \/>\n<meta name=\"author\" content=\"B D\" \/>\n<meta name=\"twitter:card\" content=\"summary_large_image\" \/>\n<meta name=\"twitter:label1\" content=\"Napisane przez\" \/>\n\t<meta name=\"twitter:data1\" content=\"B D\" \/>\n\t<meta name=\"twitter:label2\" content=\"Szacowany czas czytania\" \/>\n\t<meta name=\"twitter:data2\" content=\"4 minuty\" \/>\n<script type=\"application\/ld+json\" class=\"yoast-schema-graph\">{\"@context\":\"https:\\\/\\\/schema.org\",\"@graph\":[{\"@type\":\"Article\",\"@id\":\"https:\\\/\\\/notabene.world\\\/nb\\\/4-miliardy-ludzi\\\/#article\",\"isPartOf\":{\"@id\":\"https:\\\/\\\/notabene.world\\\/nb\\\/4-miliardy-ludzi\\\/\"},\"author\":{\"name\":\"B D\",\"@id\":\"https:\\\/\\\/notabene.world\\\/nb\\\/#\\\/schema\\\/person\\\/9081f0d094ad3e2767736feb48c99520\"},\"headline\":\"4 miliardy ludzi&#8230;\",\"datePublished\":\"2022-09-25T18:24:40+00:00\",\"dateModified\":\"2022-10-31T15:57:34+00:00\",\"mainEntityOfPage\":{\"@id\":\"https:\\\/\\\/notabene.world\\\/nb\\\/4-miliardy-ludzi\\\/\"},\"wordCount\":784,\"publisher\":{\"@id\":\"https:\\\/\\\/notabene.world\\\/nb\\\/#organization\"},\"image\":{\"@id\":\"https:\\\/\\\/notabene.world\\\/nb\\\/4-miliardy-ludzi\\\/#primaryimage\"},\"thumbnailUrl\":\"https:\\\/\\\/i0.wp.com\\\/notabene.world\\\/nb\\\/wp-content\\\/uploads\\\/2022\\\/09\\\/nr4.jpg?fit=800%2C445&ssl=1\",\"articleSection\":[\"Felietony\",\"Liczby i Fakty\"],\"inLanguage\":\"pl-PL\"},{\"@type\":\"WebPage\",\"@id\":\"https:\\\/\\\/notabene.world\\\/nb\\\/4-miliardy-ludzi\\\/\",\"url\":\"https:\\\/\\\/notabene.world\\\/nb\\\/4-miliardy-ludzi\\\/\",\"name\":\"4 miliardy ludzi... - NOTABENE.WORLD\",\"isPartOf\":{\"@id\":\"https:\\\/\\\/notabene.world\\\/nb\\\/#website\"},\"primaryImageOfPage\":{\"@id\":\"https:\\\/\\\/notabene.world\\\/nb\\\/4-miliardy-ludzi\\\/#primaryimage\"},\"image\":{\"@id\":\"https:\\\/\\\/notabene.world\\\/nb\\\/4-miliardy-ludzi\\\/#primaryimage\"},\"thumbnailUrl\":\"https:\\\/\\\/i0.wp.com\\\/notabene.world\\\/nb\\\/wp-content\\\/uploads\\\/2022\\\/09\\\/nr4.jpg?fit=800%2C445&ssl=1\",\"datePublished\":\"2022-09-25T18:24:40+00:00\",\"dateModified\":\"2022-10-31T15:57:34+00:00\",\"breadcrumb\":{\"@id\":\"https:\\\/\\\/notabene.world\\\/nb\\\/4-miliardy-ludzi\\\/#breadcrumb\"},\"inLanguage\":\"pl-PL\",\"potentialAction\":[{\"@type\":\"ReadAction\",\"target\":[\"https:\\\/\\\/notabene.world\\\/nb\\\/4-miliardy-ludzi\\\/\"]}]},{\"@type\":\"ImageObject\",\"inLanguage\":\"pl-PL\",\"@id\":\"https:\\\/\\\/notabene.world\\\/nb\\\/4-miliardy-ludzi\\\/#primaryimage\",\"url\":\"https:\\\/\\\/i0.wp.com\\\/notabene.world\\\/nb\\\/wp-content\\\/uploads\\\/2022\\\/09\\\/nr4.jpg?fit=800%2C445&ssl=1\",\"contentUrl\":\"https:\\\/\\\/i0.wp.com\\\/notabene.world\\\/nb\\\/wp-content\\\/uploads\\\/2022\\\/09\\\/nr4.jpg?fit=800%2C445&ssl=1\",\"width\":800,\"height\":445},{\"@type\":\"BreadcrumbList\",\"@id\":\"https:\\\/\\\/notabene.world\\\/nb\\\/4-miliardy-ludzi\\\/#breadcrumb\",\"itemListElement\":[{\"@type\":\"ListItem\",\"position\":1,\"name\":\"Home\",\"item\":\"https:\\\/\\\/notabene.world\\\/nb\\\/\"},{\"@type\":\"ListItem\",\"position\":2,\"name\":\"4 miliardy ludzi&#8230;\"}]},{\"@type\":\"WebSite\",\"@id\":\"https:\\\/\\\/notabene.world\\\/nb\\\/#website\",\"url\":\"https:\\\/\\\/notabene.world\\\/nb\\\/\",\"name\":\"NOTABENE.WORLD\",\"description\":\"Przekaz. Warto\u015bci. Wsp\u00f3lnota.\",\"publisher\":{\"@id\":\"https:\\\/\\\/notabene.world\\\/nb\\\/#organization\"},\"potentialAction\":[{\"@type\":\"SearchAction\",\"target\":{\"@type\":\"EntryPoint\",\"urlTemplate\":\"https:\\\/\\\/notabene.world\\\/nb\\\/?s={search_term_string}\"},\"query-input\":{\"@type\":\"PropertyValueSpecification\",\"valueRequired\":true,\"valueName\":\"search_term_string\"}}],\"inLanguage\":\"pl-PL\"},{\"@type\":\"Organization\",\"@id\":\"https:\\\/\\\/notabene.world\\\/nb\\\/#organization\",\"name\":\"NOTABENE.WORLD\",\"url\":\"https:\\\/\\\/notabene.world\\\/nb\\\/\",\"logo\":{\"@type\":\"ImageObject\",\"inLanguage\":\"pl-PL\",\"@id\":\"https:\\\/\\\/notabene.world\\\/nb\\\/#\\\/schema\\\/logo\\\/image\\\/\",\"url\":\"https:\\\/\\\/notabene.world\\\/nb\\\/wp-content\\\/uploads\\\/2022\\\/01\\\/NB-club-start-www1.jpg\",\"contentUrl\":\"https:\\\/\\\/notabene.world\\\/nb\\\/wp-content\\\/uploads\\\/2022\\\/01\\\/NB-club-start-www1.jpg\",\"width\":1000,\"height\":839,\"caption\":\"NOTABENE.WORLD\"},\"image\":{\"@id\":\"https:\\\/\\\/notabene.world\\\/nb\\\/#\\\/schema\\\/logo\\\/image\\\/\"},\"sameAs\":[\"https:\\\/\\\/www.facebook.com\\\/Notabene.World\"]},{\"@type\":\"Person\",\"@id\":\"https:\\\/\\\/notabene.world\\\/nb\\\/#\\\/schema\\\/person\\\/9081f0d094ad3e2767736feb48c99520\",\"name\":\"B D\",\"image\":{\"@type\":\"ImageObject\",\"inLanguage\":\"pl-PL\",\"@id\":\"https:\\\/\\\/secure.gravatar.com\\\/avatar\\\/ebcdcd8c0a7789c85d5a03ead2e68bda7a5fcb1ab728d56a4bd678c5ea15faa2?s=96&d=mm&r=g\",\"url\":\"https:\\\/\\\/secure.gravatar.com\\\/avatar\\\/ebcdcd8c0a7789c85d5a03ead2e68bda7a5fcb1ab728d56a4bd678c5ea15faa2?s=96&d=mm&r=g\",\"contentUrl\":\"https:\\\/\\\/secure.gravatar.com\\\/avatar\\\/ebcdcd8c0a7789c85d5a03ead2e68bda7a5fcb1ab728d56a4bd678c5ea15faa2?s=96&d=mm&r=g\",\"caption\":\"B D\"},\"url\":\"https:\\\/\\\/notabene.world\\\/nb\\\/author\\\/jo-d\\\/\"}]}<\/script>\n<!-- \/ Yoast SEO plugin. -->","yoast_head_json":{"title":"4 miliardy ludzi... - NOTABENE.WORLD","robots":{"index":"index","follow":"follow","max-snippet":"max-snippet:-1","max-image-preview":"max-image-preview:large","max-video-preview":"max-video-preview:-1"},"canonical":"https:\/\/notabene.world\/nb\/4-miliardy-ludzi\/","og_locale":"pl_PL","og_type":"article","og_title":"4 miliardy ludzi... - NOTABENE.WORLD","og_description":"20 wrze\u015bnia prezes GUS zaprezentowa\u0142 wyniki Narodowego Spisu Powszechnego Ludno\u015bci i Mieszka\u0144 2021. Liczba ludno\u015bci spad\u0142a w por\u00f3wnaniu z 2011 o 1,2% (476 tysi\u0119cy) i wynosi\u00a0 38\u00a0milion\u00f3w 36 tysi\u0119cy\u00a0 118 os\u00f3b. Liderem pod wzgl\u0119dem przyrostu mieszka\u0144c\u00f3w jest wojew\u00f3dztwo mazowieckie, najmniej ludzi \u017cyje w wojew\u00f3dztwie opolskim, co 5 mieszkaniec naszego kraju ma ponad 65 lat. Najwi\u0119ksze miasta wojew\u00f3dzkie to Warszawa - 1 milion 860 tysi\u0119cy 281 mieszka\u0144c\u00f3w, Krak\u00f3w - 800 tysi\u0119cy 653 i Wroc\u0142aw - 672 tysi\u0105ce 929 mieszka\u0144c\u00f3w. Oznacza to, \u017ce Wroc\u0142aw wyprzedzi\u0142 znajduj\u0105c\u0105 si\u0119 dotychczas na trzecim miejscu pod wzgl\u0119dem liczby ludno\u015bci \u0141\u00f3d\u017a.","og_url":"https:\/\/notabene.world\/nb\/4-miliardy-ludzi\/","og_site_name":"NOTABENE.WORLD","article_publisher":"https:\/\/www.facebook.com\/Notabene.World","article_published_time":"2022-09-25T18:24:40+00:00","article_modified_time":"2022-10-31T15:57:34+00:00","og_image":[{"width":800,"height":445,"url":"https:\/\/notabene.world\/nb\/wp-content\/uploads\/2022\/09\/nr4.jpg","type":"image\/jpeg"}],"author":"B D","twitter_card":"summary_large_image","twitter_misc":{"Napisane przez":"B D","Szacowany czas czytania":"4 minuty"},"schema":{"@context":"https:\/\/schema.org","@graph":[{"@type":"Article","@id":"https:\/\/notabene.world\/nb\/4-miliardy-ludzi\/#article","isPartOf":{"@id":"https:\/\/notabene.world\/nb\/4-miliardy-ludzi\/"},"author":{"name":"B D","@id":"https:\/\/notabene.world\/nb\/#\/schema\/person\/9081f0d094ad3e2767736feb48c99520"},"headline":"4 miliardy ludzi&#8230;","datePublished":"2022-09-25T18:24:40+00:00","dateModified":"2022-10-31T15:57:34+00:00","mainEntityOfPage":{"@id":"https:\/\/notabene.world\/nb\/4-miliardy-ludzi\/"},"wordCount":784,"publisher":{"@id":"https:\/\/notabene.world\/nb\/#organization"},"image":{"@id":"https:\/\/notabene.world\/nb\/4-miliardy-ludzi\/#primaryimage"},"thumbnailUrl":"https:\/\/i0.wp.com\/notabene.world\/nb\/wp-content\/uploads\/2022\/09\/nr4.jpg?fit=800%2C445&ssl=1","articleSection":["Felietony","Liczby i Fakty"],"inLanguage":"pl-PL"},{"@type":"WebPage","@id":"https:\/\/notabene.world\/nb\/4-miliardy-ludzi\/","url":"https:\/\/notabene.world\/nb\/4-miliardy-ludzi\/","name":"4 miliardy ludzi... - NOTABENE.WORLD","isPartOf":{"@id":"https:\/\/notabene.world\/nb\/#website"},"primaryImageOfPage":{"@id":"https:\/\/notabene.world\/nb\/4-miliardy-ludzi\/#primaryimage"},"image":{"@id":"https:\/\/notabene.world\/nb\/4-miliardy-ludzi\/#primaryimage"},"thumbnailUrl":"https:\/\/i0.wp.com\/notabene.world\/nb\/wp-content\/uploads\/2022\/09\/nr4.jpg?fit=800%2C445&ssl=1","datePublished":"2022-09-25T18:24:40+00:00","dateModified":"2022-10-31T15:57:34+00:00","breadcrumb":{"@id":"https:\/\/notabene.world\/nb\/4-miliardy-ludzi\/#breadcrumb"},"inLanguage":"pl-PL","potentialAction":[{"@type":"ReadAction","target":["https:\/\/notabene.world\/nb\/4-miliardy-ludzi\/"]}]},{"@type":"ImageObject","inLanguage":"pl-PL","@id":"https:\/\/notabene.world\/nb\/4-miliardy-ludzi\/#primaryimage","url":"https:\/\/i0.wp.com\/notabene.world\/nb\/wp-content\/uploads\/2022\/09\/nr4.jpg?fit=800%2C445&ssl=1","contentUrl":"https:\/\/i0.wp.com\/notabene.world\/nb\/wp-content\/uploads\/2022\/09\/nr4.jpg?fit=800%2C445&ssl=1","width":800,"height":445},{"@type":"BreadcrumbList","@id":"https:\/\/notabene.world\/nb\/4-miliardy-ludzi\/#breadcrumb","itemListElement":[{"@type":"ListItem","position":1,"name":"Home","item":"https:\/\/notabene.world\/nb\/"},{"@type":"ListItem","position":2,"name":"4 miliardy ludzi&#8230;"}]},{"@type":"WebSite","@id":"https:\/\/notabene.world\/nb\/#website","url":"https:\/\/notabene.world\/nb\/","name":"NOTABENE.WORLD","description":"Przekaz. Warto\u015bci. Wsp\u00f3lnota.","publisher":{"@id":"https:\/\/notabene.world\/nb\/#organization"},"potentialAction":[{"@type":"SearchAction","target":{"@type":"EntryPoint","urlTemplate":"https:\/\/notabene.world\/nb\/?s={search_term_string}"},"query-input":{"@type":"PropertyValueSpecification","valueRequired":true,"valueName":"search_term_string"}}],"inLanguage":"pl-PL"},{"@type":"Organization","@id":"https:\/\/notabene.world\/nb\/#organization","name":"NOTABENE.WORLD","url":"https:\/\/notabene.world\/nb\/","logo":{"@type":"ImageObject","inLanguage":"pl-PL","@id":"https:\/\/notabene.world\/nb\/#\/schema\/logo\/image\/","url":"https:\/\/notabene.world\/nb\/wp-content\/uploads\/2022\/01\/NB-club-start-www1.jpg","contentUrl":"https:\/\/notabene.world\/nb\/wp-content\/uploads\/2022\/01\/NB-club-start-www1.jpg","width":1000,"height":839,"caption":"NOTABENE.WORLD"},"image":{"@id":"https:\/\/notabene.world\/nb\/#\/schema\/logo\/image\/"},"sameAs":["https:\/\/www.facebook.com\/Notabene.World"]},{"@type":"Person","@id":"https:\/\/notabene.world\/nb\/#\/schema\/person\/9081f0d094ad3e2767736feb48c99520","name":"B D","image":{"@type":"ImageObject","inLanguage":"pl-PL","@id":"https:\/\/secure.gravatar.com\/avatar\/ebcdcd8c0a7789c85d5a03ead2e68bda7a5fcb1ab728d56a4bd678c5ea15faa2?s=96&d=mm&r=g","url":"https:\/\/secure.gravatar.com\/avatar\/ebcdcd8c0a7789c85d5a03ead2e68bda7a5fcb1ab728d56a4bd678c5ea15faa2?s=96&d=mm&r=g","contentUrl":"https:\/\/secure.gravatar.com\/avatar\/ebcdcd8c0a7789c85d5a03ead2e68bda7a5fcb1ab728d56a4bd678c5ea15faa2?s=96&d=mm&r=g","caption":"B D"},"url":"https:\/\/notabene.world\/nb\/author\/jo-d\/"}]}},"jetpack_featured_media_url":"https:\/\/i0.wp.com\/notabene.world\/nb\/wp-content\/uploads\/2022\/09\/nr4.jpg?fit=800%2C445&ssl=1","jetpack_sharing_enabled":true,"jetpack_shortlink":"https:\/\/wp.me\/pdCobN-24o","_links":{"self":[{"href":"https:\/\/notabene.world\/nb\/wp-json\/wp\/v2\/posts\/7960","targetHints":{"allow":["GET"]}}],"collection":[{"href":"https:\/\/notabene.world\/nb\/wp-json\/wp\/v2\/posts"}],"about":[{"href":"https:\/\/notabene.world\/nb\/wp-json\/wp\/v2\/types\/post"}],"author":[{"embeddable":true,"href":"https:\/\/notabene.world\/nb\/wp-json\/wp\/v2\/users\/35"}],"replies":[{"embeddable":true,"href":"https:\/\/notabene.world\/nb\/wp-json\/wp\/v2\/comments?post=7960"}],"version-history":[{"count":2,"href":"https:\/\/notabene.world\/nb\/wp-json\/wp\/v2\/posts\/7960\/revisions"}],"predecessor-version":[{"id":7963,"href":"https:\/\/notabene.world\/nb\/wp-json\/wp\/v2\/posts\/7960\/revisions\/7963"}],"wp:featuredmedia":[{"embeddable":true,"href":"https:\/\/notabene.world\/nb\/wp-json\/wp\/v2\/media\/7961"}],"wp:attachment":[{"href":"https:\/\/notabene.world\/nb\/wp-json\/wp\/v2\/media?parent=7960"}],"wp:term":[{"taxonomy":"category","embeddable":true,"href":"https:\/\/notabene.world\/nb\/wp-json\/wp\/v2\/categories?post=7960"},{"taxonomy":"post_tag","embeddable":true,"href":"https:\/\/notabene.world\/nb\/wp-json\/wp\/v2\/tags?post=7960"}],"curies":[{"name":"wp","href":"https:\/\/api.w.org\/{rel}","templated":true}]}}