{"id":8022,"date":"2022-10-01T19:42:00","date_gmt":"2022-10-01T17:42:00","guid":{"rendered":"https:\/\/notabene.world\/nb\/?p=8022"},"modified":"2022-10-11T11:40:23","modified_gmt":"2022-10-11T09:40:23","slug":"bylam-przerazona-pomyslalam-jakim-cudem-zyje","status":"publish","type":"post","link":"https:\/\/notabene.world\/nb\/bylam-przerazona-pomyslalam-jakim-cudem-zyje\/","title":{"rendered":"&#8222;By\u0142am przera\u017cona, pomy\u015bla\u0142am: Jakim cudem \u017cyj\u0119?&#8221;"},"content":{"rendered":"\n<p>30 wrze\u015bnia w stolicy Afganistanu dosz\u0142o do zamachu na centrum edukacyjne. Zgin\u0119\u0142o co najmniej 20 os\u00f3b, g\u0142\u00f3wnie kobiet nale\u017c\u0105cych do prze\u015bladowanej przez talib\u00f3w grupy etnicznej &#8211; Hazar\u00f3w. Zamachowiec zdetonowa\u0142 \u0142adunek w damskiej cz\u0119\u015bci sali, w kt\u00f3rej odbywa\u0142 si\u0119 egzamin. <\/p>\n\n\n\n<p>Do tej pory \u017cadna grupa nie przyzna\u0142a si\u0119 do pi\u0105tkowego ataku w centrum edukacyjnym w Kaaj, chocia\u017c powszechnie wiadome jest, \u017ce w\u0142adze uwa\u017caj\u0105 szyit\u00f3w za pogan, a w ich stron\u0119 kierowane s\u0105 prze\u015bladowania. <\/p>\n\n\n\n<p>W marcu talibowie cofn\u0119li decyzj\u0119 o otwarciu szk\u00f3\u0142 \u015brednich dla dziewcz\u0105t, a zgodnie z nowymi przepisami klasa w Kaaj musia\u0142a by\u0107 podzielona na dwie cz\u0119\u015bci &#8211; dla dziewcz\u0105t i ch\u0142opc\u00f3w. Zamykanie szk\u00f3\u0142 i ataki na centra edukacyjne doprowadzi\u0142y do tworzenia si\u0119 niezale\u017cnych grup studyjnych w\u015br\u00f3d kobiet &#8211; jedn\u0105 z nich by\u0142a grupa w o\u015brodku Kaaj.<\/p>\n\n\n\n<p>&#8222;Pi\u0105tkowy atak jest wstydliwym przypomnieniem niezdolno\u015bci i ca\u0142kowitej pora\u017cki talib\u00f3w, jako faktycznych w\u0142adz, do ochrony ludno\u015bci Afganistanu&#8221; &#8211; przyzna\u0142a grupa prawnik\u00f3w Amnesty International.<\/p>\n","protected":false},"excerpt":{"rendered":"<p>30 wrze\u015bnia w stolicy Afganistanu dosz\u0142o do zamachu na centrum edukacyjne. Zgin\u0119\u0142o co najmniej 20 os\u00f3b, g\u0142\u00f3wnie kobiet nale\u017c\u0105cych do prze\u015bladowanej przez talib\u00f3w grupy etnicznej &#8211; Hazar\u00f3w. Zamachowiec zdetonowa\u0142 \u0142adunek w damskiej cz\u0119\u015bci sali, w kt\u00f3rej odbywa\u0142 si\u0119 egzamin.<\/p>\n<p>Do tej pory \u017cadna grupa nie przyzna\u0142a si\u0119 do pi\u0105tkowego ataku w centrum edukacyjnym w Kaaj, chocia\u017c powszechnie wiadome jest, \u017ce w\u0142adze uwa\u017caj\u0105 szyit\u00f3w za pogan, a w ich stron\u0119 kierowane s\u0105 prze\u015bladowania.<\/p>\n<p>W marcu talibowie cofn\u0119li decyzj\u0119 o otwarciu szk\u00f3\u0142 \u015brednich dla dziewcz\u0105t, a zgodnie z nowymi przepisami klasa w Kaaj musia\u0142a by\u0107 podzielona na dwie cz\u0119\u015bci &#8211; dla dziewcz\u0105t i ch\u0142opc\u00f3w. Zamykanie szk\u00f3\u0142 i ataki na centra edukacyjne doprowadzi\u0142y do tworzenia si\u0119 niezale\u017cnych grup studyjnych w\u015br\u00f3d kobiet &#8211; jedn\u0105 z nich by\u0142a grupa w o\u015brodku Kaaj.<\/p>\n","protected":false},"author":23,"featured_media":8023,"comment_status":"closed","ping_status":"closed","sticky":false,"template":"","format":"standard","meta":{"colormag_page_container_layout":"default_layout","colormag_page_sidebar_layout":"default_layout","_jetpack_memberships_contains_paid_content":false,"footnotes":"","_links_to":"","_links_to_target":""},"categories":[8,110],"tags":[90,55,207,208,205],"class_list":["post-8022","post","type-post","status-publish","format-standard","has-post-thumbnail","hentry","category-polityka","category-spoleczenstwo-2","tag-polityka","tag-spoleczenstwo","tag-afganistan","tag-edukacja-2","tag-prawakobiet-2"],"yoast_head":"<!-- This site is optimized with the Yoast SEO plugin v27.4 - https:\/\/yoast.com\/product\/yoast-seo-wordpress\/ -->\n<title>&quot;By\u0142am przera\u017cona, pomy\u015bla\u0142am: Jakim cudem \u017cyj\u0119?&quot; - NOTABENE.WORLD<\/title>\n<meta name=\"robots\" content=\"index, follow, max-snippet:-1, max-image-preview:large, max-video-preview:-1\" \/>\n<link rel=\"canonical\" href=\"https:\/\/notabene.world\/nb\/bylam-przerazona-pomyslalam-jakim-cudem-zyje\/\" \/>\n<meta property=\"og:locale\" content=\"pl_PL\" \/>\n<meta property=\"og:type\" content=\"article\" \/>\n<meta property=\"og:title\" content=\"&quot;By\u0142am przera\u017cona, pomy\u015bla\u0142am: Jakim cudem \u017cyj\u0119?&quot; - NOTABENE.WORLD\" \/>\n<meta property=\"og:description\" content=\"30 wrze\u015bnia w stolicy Afganistanu dosz\u0142o do zamachu na centrum edukacyjne. Zgin\u0119\u0142o co najmniej 20 os\u00f3b, g\u0142\u00f3wnie kobiet nale\u017c\u0105cych do prze\u015bladowanej przez talib\u00f3w grupy etnicznej - Hazar\u00f3w. Zamachowiec zdetonowa\u0142 \u0142adunek w damskiej cz\u0119\u015bci sali, w kt\u00f3rej odbywa\u0142 si\u0119 egzamin. Do tej pory \u017cadna grupa nie przyzna\u0142a si\u0119 do pi\u0105tkowego ataku w centrum edukacyjnym w Kaaj, chocia\u017c powszechnie wiadome jest, \u017ce w\u0142adze uwa\u017caj\u0105 szyit\u00f3w za pogan, a w ich stron\u0119 kierowane s\u0105 prze\u015bladowania. W marcu talibowie cofn\u0119li decyzj\u0119 o otwarciu szk\u00f3\u0142 \u015brednich dla dziewcz\u0105t, a zgodnie z nowymi przepisami klasa w Kaaj musia\u0142a by\u0107 podzielona na dwie cz\u0119\u015bci - dla dziewcz\u0105t i ch\u0142opc\u00f3w. Zamykanie szk\u00f3\u0142 i ataki na centra edukacyjne doprowadzi\u0142y do tworzenia si\u0119 niezale\u017cnych grup studyjnych w\u015br\u00f3d kobiet - jedn\u0105 z nich by\u0142a grupa w o\u015brodku Kaaj.\" \/>\n<meta property=\"og:url\" content=\"https:\/\/notabene.world\/nb\/bylam-przerazona-pomyslalam-jakim-cudem-zyje\/\" \/>\n<meta property=\"og:site_name\" content=\"NOTABENE.WORLD\" \/>\n<meta property=\"article:publisher\" content=\"https:\/\/www.facebook.com\/Notabene.World\" \/>\n<meta property=\"article:published_time\" content=\"2022-10-01T17:42:00+00:00\" \/>\n<meta property=\"article:modified_time\" content=\"2022-10-11T09:40:23+00:00\" \/>\n<meta property=\"og:image\" content=\"https:\/\/notabene.world\/nb\/wp-content\/uploads\/2022\/10\/C2Kk9kpTURBXy84NTIyZjE0MzU4YjUzMmM1M2JlMWIyMGQxZDM1YWYxZS5qcGeSlQLNAyAAwsOVAgDNAljCw4GhMAE.jpeg\" \/>\n\t<meta property=\"og:image:width\" content=\"800\" \/>\n\t<meta property=\"og:image:height\" content=\"533\" \/>\n\t<meta property=\"og:image:type\" content=\"image\/jpeg\" \/>\n<meta name=\"author\" content=\"M. Hoffmann\" \/>\n<meta name=\"twitter:card\" content=\"summary_large_image\" \/>\n<meta name=\"twitter:label1\" content=\"Napisane przez\" \/>\n\t<meta name=\"twitter:data1\" content=\"M. Hoffmann\" \/>\n\t<meta name=\"twitter:label2\" content=\"Szacowany czas czytania\" \/>\n\t<meta name=\"twitter:data2\" content=\"1 minuta\" \/>\n<script type=\"application\/ld+json\" class=\"yoast-schema-graph\">{\"@context\":\"https:\\\/\\\/schema.org\",\"@graph\":[{\"@type\":\"Article\",\"@id\":\"https:\\\/\\\/notabene.world\\\/nb\\\/bylam-przerazona-pomyslalam-jakim-cudem-zyje\\\/#article\",\"isPartOf\":{\"@id\":\"https:\\\/\\\/notabene.world\\\/nb\\\/bylam-przerazona-pomyslalam-jakim-cudem-zyje\\\/\"},\"author\":{\"name\":\"M. Hoffmann\",\"@id\":\"https:\\\/\\\/notabene.world\\\/nb\\\/#\\\/schema\\\/person\\\/331faf5f761ee67ad7d5d058fd8df849\"},\"headline\":\"&#8222;By\u0142am przera\u017cona, pomy\u015bla\u0142am: Jakim cudem \u017cyj\u0119?&#8221;\",\"datePublished\":\"2022-10-01T17:42:00+00:00\",\"dateModified\":\"2022-10-11T09:40:23+00:00\",\"mainEntityOfPage\":{\"@id\":\"https:\\\/\\\/notabene.world\\\/nb\\\/bylam-przerazona-pomyslalam-jakim-cudem-zyje\\\/\"},\"wordCount\":197,\"publisher\":{\"@id\":\"https:\\\/\\\/notabene.world\\\/nb\\\/#organization\"},\"image\":{\"@id\":\"https:\\\/\\\/notabene.world\\\/nb\\\/bylam-przerazona-pomyslalam-jakim-cudem-zyje\\\/#primaryimage\"},\"thumbnailUrl\":\"https:\\\/\\\/i0.wp.com\\\/notabene.world\\\/nb\\\/wp-content\\\/uploads\\\/2022\\\/10\\\/C2Kk9kpTURBXy84NTIyZjE0MzU4YjUzMmM1M2JlMWIyMGQxZDM1YWYxZS5qcGeSlQLNAyAAwsOVAgDNAljCw4GhMAE.jpeg?fit=800%2C533&ssl=1\",\"keywords\":[\"#polityka\",\"#spo\u0142ecze\u0144stwo\",\"afganistan\",\"edukacja\",\"prawakobiet\"],\"articleSection\":[\"Polityka\",\"Spo\u0142ecze\u0144stwo\"],\"inLanguage\":\"pl-PL\"},{\"@type\":\"WebPage\",\"@id\":\"https:\\\/\\\/notabene.world\\\/nb\\\/bylam-przerazona-pomyslalam-jakim-cudem-zyje\\\/\",\"url\":\"https:\\\/\\\/notabene.world\\\/nb\\\/bylam-przerazona-pomyslalam-jakim-cudem-zyje\\\/\",\"name\":\"\\\"By\u0142am przera\u017cona, pomy\u015bla\u0142am: Jakim cudem \u017cyj\u0119?\\\" - NOTABENE.WORLD\",\"isPartOf\":{\"@id\":\"https:\\\/\\\/notabene.world\\\/nb\\\/#website\"},\"primaryImageOfPage\":{\"@id\":\"https:\\\/\\\/notabene.world\\\/nb\\\/bylam-przerazona-pomyslalam-jakim-cudem-zyje\\\/#primaryimage\"},\"image\":{\"@id\":\"https:\\\/\\\/notabene.world\\\/nb\\\/bylam-przerazona-pomyslalam-jakim-cudem-zyje\\\/#primaryimage\"},\"thumbnailUrl\":\"https:\\\/\\\/i0.wp.com\\\/notabene.world\\\/nb\\\/wp-content\\\/uploads\\\/2022\\\/10\\\/C2Kk9kpTURBXy84NTIyZjE0MzU4YjUzMmM1M2JlMWIyMGQxZDM1YWYxZS5qcGeSlQLNAyAAwsOVAgDNAljCw4GhMAE.jpeg?fit=800%2C533&ssl=1\",\"datePublished\":\"2022-10-01T17:42:00+00:00\",\"dateModified\":\"2022-10-11T09:40:23+00:00\",\"breadcrumb\":{\"@id\":\"https:\\\/\\\/notabene.world\\\/nb\\\/bylam-przerazona-pomyslalam-jakim-cudem-zyje\\\/#breadcrumb\"},\"inLanguage\":\"pl-PL\",\"potentialAction\":[{\"@type\":\"ReadAction\",\"target\":[\"https:\\\/\\\/notabene.world\\\/nb\\\/bylam-przerazona-pomyslalam-jakim-cudem-zyje\\\/\"]}]},{\"@type\":\"ImageObject\",\"inLanguage\":\"pl-PL\",\"@id\":\"https:\\\/\\\/notabene.world\\\/nb\\\/bylam-przerazona-pomyslalam-jakim-cudem-zyje\\\/#primaryimage\",\"url\":\"https:\\\/\\\/i0.wp.com\\\/notabene.world\\\/nb\\\/wp-content\\\/uploads\\\/2022\\\/10\\\/C2Kk9kpTURBXy84NTIyZjE0MzU4YjUzMmM1M2JlMWIyMGQxZDM1YWYxZS5qcGeSlQLNAyAAwsOVAgDNAljCw4GhMAE.jpeg?fit=800%2C533&ssl=1\",\"contentUrl\":\"https:\\\/\\\/i0.wp.com\\\/notabene.world\\\/nb\\\/wp-content\\\/uploads\\\/2022\\\/10\\\/C2Kk9kpTURBXy84NTIyZjE0MzU4YjUzMmM1M2JlMWIyMGQxZDM1YWYxZS5qcGeSlQLNAyAAwsOVAgDNAljCw4GhMAE.jpeg?fit=800%2C533&ssl=1\",\"width\":800,\"height\":533},{\"@type\":\"BreadcrumbList\",\"@id\":\"https:\\\/\\\/notabene.world\\\/nb\\\/bylam-przerazona-pomyslalam-jakim-cudem-zyje\\\/#breadcrumb\",\"itemListElement\":[{\"@type\":\"ListItem\",\"position\":1,\"name\":\"Home\",\"item\":\"https:\\\/\\\/notabene.world\\\/nb\\\/\"},{\"@type\":\"ListItem\",\"position\":2,\"name\":\"&#8220;By\u0142am przera\u017cona, pomy\u015bla\u0142am: Jakim cudem \u017cyj\u0119?&#8221;\"}]},{\"@type\":\"WebSite\",\"@id\":\"https:\\\/\\\/notabene.world\\\/nb\\\/#website\",\"url\":\"https:\\\/\\\/notabene.world\\\/nb\\\/\",\"name\":\"NOTABENE.WORLD\",\"description\":\"Przekaz. Warto\u015bci. Wsp\u00f3lnota.\",\"publisher\":{\"@id\":\"https:\\\/\\\/notabene.world\\\/nb\\\/#organization\"},\"potentialAction\":[{\"@type\":\"SearchAction\",\"target\":{\"@type\":\"EntryPoint\",\"urlTemplate\":\"https:\\\/\\\/notabene.world\\\/nb\\\/?s={search_term_string}\"},\"query-input\":{\"@type\":\"PropertyValueSpecification\",\"valueRequired\":true,\"valueName\":\"search_term_string\"}}],\"inLanguage\":\"pl-PL\"},{\"@type\":\"Organization\",\"@id\":\"https:\\\/\\\/notabene.world\\\/nb\\\/#organization\",\"name\":\"NOTABENE.WORLD\",\"url\":\"https:\\\/\\\/notabene.world\\\/nb\\\/\",\"logo\":{\"@type\":\"ImageObject\",\"inLanguage\":\"pl-PL\",\"@id\":\"https:\\\/\\\/notabene.world\\\/nb\\\/#\\\/schema\\\/logo\\\/image\\\/\",\"url\":\"https:\\\/\\\/notabene.world\\\/nb\\\/wp-content\\\/uploads\\\/2022\\\/01\\\/NB-club-start-www1.jpg\",\"contentUrl\":\"https:\\\/\\\/notabene.world\\\/nb\\\/wp-content\\\/uploads\\\/2022\\\/01\\\/NB-club-start-www1.jpg\",\"width\":1000,\"height\":839,\"caption\":\"NOTABENE.WORLD\"},\"image\":{\"@id\":\"https:\\\/\\\/notabene.world\\\/nb\\\/#\\\/schema\\\/logo\\\/image\\\/\"},\"sameAs\":[\"https:\\\/\\\/www.facebook.com\\\/Notabene.World\"]},{\"@type\":\"Person\",\"@id\":\"https:\\\/\\\/notabene.world\\\/nb\\\/#\\\/schema\\\/person\\\/331faf5f761ee67ad7d5d058fd8df849\",\"name\":\"M. Hoffmann\",\"image\":{\"@type\":\"ImageObject\",\"inLanguage\":\"pl-PL\",\"@id\":\"https:\\\/\\\/secure.gravatar.com\\\/avatar\\\/7d680551b50541a2eb4d9f0eeb5ec73e8b7b30a37b96432deb5650eabb999f24?s=96&d=mm&r=g\",\"url\":\"https:\\\/\\\/secure.gravatar.com\\\/avatar\\\/7d680551b50541a2eb4d9f0eeb5ec73e8b7b30a37b96432deb5650eabb999f24?s=96&d=mm&r=g\",\"contentUrl\":\"https:\\\/\\\/secure.gravatar.com\\\/avatar\\\/7d680551b50541a2eb4d9f0eeb5ec73e8b7b30a37b96432deb5650eabb999f24?s=96&d=mm&r=g\",\"caption\":\"M. Hoffmann\"},\"url\":\"https:\\\/\\\/notabene.world\\\/nb\\\/author\\\/m-h\\\/\"}]}<\/script>\n<!-- \/ Yoast SEO plugin. -->","yoast_head_json":{"title":"\"By\u0142am przera\u017cona, pomy\u015bla\u0142am: Jakim cudem \u017cyj\u0119?\" - NOTABENE.WORLD","robots":{"index":"index","follow":"follow","max-snippet":"max-snippet:-1","max-image-preview":"max-image-preview:large","max-video-preview":"max-video-preview:-1"},"canonical":"https:\/\/notabene.world\/nb\/bylam-przerazona-pomyslalam-jakim-cudem-zyje\/","og_locale":"pl_PL","og_type":"article","og_title":"\"By\u0142am przera\u017cona, pomy\u015bla\u0142am: Jakim cudem \u017cyj\u0119?\" - NOTABENE.WORLD","og_description":"30 wrze\u015bnia w stolicy Afganistanu dosz\u0142o do zamachu na centrum edukacyjne. Zgin\u0119\u0142o co najmniej 20 os\u00f3b, g\u0142\u00f3wnie kobiet nale\u017c\u0105cych do prze\u015bladowanej przez talib\u00f3w grupy etnicznej - Hazar\u00f3w. Zamachowiec zdetonowa\u0142 \u0142adunek w damskiej cz\u0119\u015bci sali, w kt\u00f3rej odbywa\u0142 si\u0119 egzamin. Do tej pory \u017cadna grupa nie przyzna\u0142a si\u0119 do pi\u0105tkowego ataku w centrum edukacyjnym w Kaaj, chocia\u017c powszechnie wiadome jest, \u017ce w\u0142adze uwa\u017caj\u0105 szyit\u00f3w za pogan, a w ich stron\u0119 kierowane s\u0105 prze\u015bladowania. W marcu talibowie cofn\u0119li decyzj\u0119 o otwarciu szk\u00f3\u0142 \u015brednich dla dziewcz\u0105t, a zgodnie z nowymi przepisami klasa w Kaaj musia\u0142a by\u0107 podzielona na dwie cz\u0119\u015bci - dla dziewcz\u0105t i ch\u0142opc\u00f3w. Zamykanie szk\u00f3\u0142 i ataki na centra edukacyjne doprowadzi\u0142y do tworzenia si\u0119 niezale\u017cnych grup studyjnych w\u015br\u00f3d kobiet - jedn\u0105 z nich by\u0142a grupa w o\u015brodku Kaaj.","og_url":"https:\/\/notabene.world\/nb\/bylam-przerazona-pomyslalam-jakim-cudem-zyje\/","og_site_name":"NOTABENE.WORLD","article_publisher":"https:\/\/www.facebook.com\/Notabene.World","article_published_time":"2022-10-01T17:42:00+00:00","article_modified_time":"2022-10-11T09:40:23+00:00","og_image":[{"width":800,"height":533,"url":"https:\/\/notabene.world\/nb\/wp-content\/uploads\/2022\/10\/C2Kk9kpTURBXy84NTIyZjE0MzU4YjUzMmM1M2JlMWIyMGQxZDM1YWYxZS5qcGeSlQLNAyAAwsOVAgDNAljCw4GhMAE.jpeg","type":"image\/jpeg"}],"author":"M. Hoffmann","twitter_card":"summary_large_image","twitter_misc":{"Napisane przez":"M. Hoffmann","Szacowany czas czytania":"1 minuta"},"schema":{"@context":"https:\/\/schema.org","@graph":[{"@type":"Article","@id":"https:\/\/notabene.world\/nb\/bylam-przerazona-pomyslalam-jakim-cudem-zyje\/#article","isPartOf":{"@id":"https:\/\/notabene.world\/nb\/bylam-przerazona-pomyslalam-jakim-cudem-zyje\/"},"author":{"name":"M. Hoffmann","@id":"https:\/\/notabene.world\/nb\/#\/schema\/person\/331faf5f761ee67ad7d5d058fd8df849"},"headline":"&#8222;By\u0142am przera\u017cona, pomy\u015bla\u0142am: Jakim cudem \u017cyj\u0119?&#8221;","datePublished":"2022-10-01T17:42:00+00:00","dateModified":"2022-10-11T09:40:23+00:00","mainEntityOfPage":{"@id":"https:\/\/notabene.world\/nb\/bylam-przerazona-pomyslalam-jakim-cudem-zyje\/"},"wordCount":197,"publisher":{"@id":"https:\/\/notabene.world\/nb\/#organization"},"image":{"@id":"https:\/\/notabene.world\/nb\/bylam-przerazona-pomyslalam-jakim-cudem-zyje\/#primaryimage"},"thumbnailUrl":"https:\/\/i0.wp.com\/notabene.world\/nb\/wp-content\/uploads\/2022\/10\/C2Kk9kpTURBXy84NTIyZjE0MzU4YjUzMmM1M2JlMWIyMGQxZDM1YWYxZS5qcGeSlQLNAyAAwsOVAgDNAljCw4GhMAE.jpeg?fit=800%2C533&ssl=1","keywords":["#polityka","#spo\u0142ecze\u0144stwo","afganistan","edukacja","prawakobiet"],"articleSection":["Polityka","Spo\u0142ecze\u0144stwo"],"inLanguage":"pl-PL"},{"@type":"WebPage","@id":"https:\/\/notabene.world\/nb\/bylam-przerazona-pomyslalam-jakim-cudem-zyje\/","url":"https:\/\/notabene.world\/nb\/bylam-przerazona-pomyslalam-jakim-cudem-zyje\/","name":"\"By\u0142am przera\u017cona, pomy\u015bla\u0142am: Jakim cudem \u017cyj\u0119?\" - NOTABENE.WORLD","isPartOf":{"@id":"https:\/\/notabene.world\/nb\/#website"},"primaryImageOfPage":{"@id":"https:\/\/notabene.world\/nb\/bylam-przerazona-pomyslalam-jakim-cudem-zyje\/#primaryimage"},"image":{"@id":"https:\/\/notabene.world\/nb\/bylam-przerazona-pomyslalam-jakim-cudem-zyje\/#primaryimage"},"thumbnailUrl":"https:\/\/i0.wp.com\/notabene.world\/nb\/wp-content\/uploads\/2022\/10\/C2Kk9kpTURBXy84NTIyZjE0MzU4YjUzMmM1M2JlMWIyMGQxZDM1YWYxZS5qcGeSlQLNAyAAwsOVAgDNAljCw4GhMAE.jpeg?fit=800%2C533&ssl=1","datePublished":"2022-10-01T17:42:00+00:00","dateModified":"2022-10-11T09:40:23+00:00","breadcrumb":{"@id":"https:\/\/notabene.world\/nb\/bylam-przerazona-pomyslalam-jakim-cudem-zyje\/#breadcrumb"},"inLanguage":"pl-PL","potentialAction":[{"@type":"ReadAction","target":["https:\/\/notabene.world\/nb\/bylam-przerazona-pomyslalam-jakim-cudem-zyje\/"]}]},{"@type":"ImageObject","inLanguage":"pl-PL","@id":"https:\/\/notabene.world\/nb\/bylam-przerazona-pomyslalam-jakim-cudem-zyje\/#primaryimage","url":"https:\/\/i0.wp.com\/notabene.world\/nb\/wp-content\/uploads\/2022\/10\/C2Kk9kpTURBXy84NTIyZjE0MzU4YjUzMmM1M2JlMWIyMGQxZDM1YWYxZS5qcGeSlQLNAyAAwsOVAgDNAljCw4GhMAE.jpeg?fit=800%2C533&ssl=1","contentUrl":"https:\/\/i0.wp.com\/notabene.world\/nb\/wp-content\/uploads\/2022\/10\/C2Kk9kpTURBXy84NTIyZjE0MzU4YjUzMmM1M2JlMWIyMGQxZDM1YWYxZS5qcGeSlQLNAyAAwsOVAgDNAljCw4GhMAE.jpeg?fit=800%2C533&ssl=1","width":800,"height":533},{"@type":"BreadcrumbList","@id":"https:\/\/notabene.world\/nb\/bylam-przerazona-pomyslalam-jakim-cudem-zyje\/#breadcrumb","itemListElement":[{"@type":"ListItem","position":1,"name":"Home","item":"https:\/\/notabene.world\/nb\/"},{"@type":"ListItem","position":2,"name":"&#8220;By\u0142am przera\u017cona, pomy\u015bla\u0142am: Jakim cudem \u017cyj\u0119?&#8221;"}]},{"@type":"WebSite","@id":"https:\/\/notabene.world\/nb\/#website","url":"https:\/\/notabene.world\/nb\/","name":"NOTABENE.WORLD","description":"Przekaz. Warto\u015bci. Wsp\u00f3lnota.","publisher":{"@id":"https:\/\/notabene.world\/nb\/#organization"},"potentialAction":[{"@type":"SearchAction","target":{"@type":"EntryPoint","urlTemplate":"https:\/\/notabene.world\/nb\/?s={search_term_string}"},"query-input":{"@type":"PropertyValueSpecification","valueRequired":true,"valueName":"search_term_string"}}],"inLanguage":"pl-PL"},{"@type":"Organization","@id":"https:\/\/notabene.world\/nb\/#organization","name":"NOTABENE.WORLD","url":"https:\/\/notabene.world\/nb\/","logo":{"@type":"ImageObject","inLanguage":"pl-PL","@id":"https:\/\/notabene.world\/nb\/#\/schema\/logo\/image\/","url":"https:\/\/notabene.world\/nb\/wp-content\/uploads\/2022\/01\/NB-club-start-www1.jpg","contentUrl":"https:\/\/notabene.world\/nb\/wp-content\/uploads\/2022\/01\/NB-club-start-www1.jpg","width":1000,"height":839,"caption":"NOTABENE.WORLD"},"image":{"@id":"https:\/\/notabene.world\/nb\/#\/schema\/logo\/image\/"},"sameAs":["https:\/\/www.facebook.com\/Notabene.World"]},{"@type":"Person","@id":"https:\/\/notabene.world\/nb\/#\/schema\/person\/331faf5f761ee67ad7d5d058fd8df849","name":"M. Hoffmann","image":{"@type":"ImageObject","inLanguage":"pl-PL","@id":"https:\/\/secure.gravatar.com\/avatar\/7d680551b50541a2eb4d9f0eeb5ec73e8b7b30a37b96432deb5650eabb999f24?s=96&d=mm&r=g","url":"https:\/\/secure.gravatar.com\/avatar\/7d680551b50541a2eb4d9f0eeb5ec73e8b7b30a37b96432deb5650eabb999f24?s=96&d=mm&r=g","contentUrl":"https:\/\/secure.gravatar.com\/avatar\/7d680551b50541a2eb4d9f0eeb5ec73e8b7b30a37b96432deb5650eabb999f24?s=96&d=mm&r=g","caption":"M. Hoffmann"},"url":"https:\/\/notabene.world\/nb\/author\/m-h\/"}]}},"jetpack_featured_media_url":"https:\/\/i0.wp.com\/notabene.world\/nb\/wp-content\/uploads\/2022\/10\/C2Kk9kpTURBXy84NTIyZjE0MzU4YjUzMmM1M2JlMWIyMGQxZDM1YWYxZS5qcGeSlQLNAyAAwsOVAgDNAljCw4GhMAE.jpeg?fit=800%2C533&ssl=1","jetpack_sharing_enabled":true,"jetpack_shortlink":"https:\/\/wp.me\/pdCobN-25o","_links":{"self":[{"href":"https:\/\/notabene.world\/nb\/wp-json\/wp\/v2\/posts\/8022","targetHints":{"allow":["GET"]}}],"collection":[{"href":"https:\/\/notabene.world\/nb\/wp-json\/wp\/v2\/posts"}],"about":[{"href":"https:\/\/notabene.world\/nb\/wp-json\/wp\/v2\/types\/post"}],"author":[{"embeddable":true,"href":"https:\/\/notabene.world\/nb\/wp-json\/wp\/v2\/users\/23"}],"replies":[{"embeddable":true,"href":"https:\/\/notabene.world\/nb\/wp-json\/wp\/v2\/comments?post=8022"}],"version-history":[{"count":4,"href":"https:\/\/notabene.world\/nb\/wp-json\/wp\/v2\/posts\/8022\/revisions"}],"predecessor-version":[{"id":8029,"href":"https:\/\/notabene.world\/nb\/wp-json\/wp\/v2\/posts\/8022\/revisions\/8029"}],"wp:featuredmedia":[{"embeddable":true,"href":"https:\/\/notabene.world\/nb\/wp-json\/wp\/v2\/media\/8023"}],"wp:attachment":[{"href":"https:\/\/notabene.world\/nb\/wp-json\/wp\/v2\/media?parent=8022"}],"wp:term":[{"taxonomy":"category","embeddable":true,"href":"https:\/\/notabene.world\/nb\/wp-json\/wp\/v2\/categories?post=8022"},{"taxonomy":"post_tag","embeddable":true,"href":"https:\/\/notabene.world\/nb\/wp-json\/wp\/v2\/tags?post=8022"}],"curies":[{"name":"wp","href":"https:\/\/api.w.org\/{rel}","templated":true}]}}