{"id":808,"date":"2025-07-26T11:41:00","date_gmt":"2025-07-26T11:41:00","guid":{"rendered":"https:\/\/notabene.world\/nb\/?p=808"},"modified":"2025-08-04T22:54:26","modified_gmt":"2025-08-04T22:54:26","slug":"nieznosna-tymczasowosc","status":"publish","type":"post","link":"https:\/\/notabene.world\/nb\/nieznosna-tymczasowosc\/","title":{"rendered":"Niezno\u015bna tymczasowo\u015b\u0107"},"content":{"rendered":"\n<p class=\"has-text-align-right\"><em>Czytajcie i oddajcie si\u0119 marzeniom, a b\u0119dzie Wam dane<\/em><\/p>\n\n\n\n<p>Gdy wszystko wok\u00f3\u0142 przemija niczym sen, szukamy w pami\u0119ci jakich\u015b trwa\u0142ych punkt\u00f3w odniesienia do przesz\u0142o\u015bci, pozwalaj\u0105cych przetrwa\u0107 to, co niespodziewanie zsy\u0142a nam los. Nie maj\u0105 oczywi\u015bcie wi\u0119kszego sensu jakiekolwiek pr\u00f3by u\u017calania si\u0119 nad sob\u0105. Albowiem tak jak nie mo\u017cna zatrzyma\u0107 czasu, nie mo\u017cna r\u00f3wnie\u017c uciec przed przeznaczeniem. Warto zatem ot tak, po prostu da\u0107 si\u0119 ponie\u015b\u0107 owej niezno\u015bnej fali tymczasowo\u015bci, kt\u00f3ra raz po raz zaskakuje nas jak\u017ce fascynuj\u0105cymi zwrotami akcji w teatrze \u017cycia.<\/p>\n\n\n\n<p>Skoro wi\u0119c nie da si\u0119 zmieni\u0107 przesz\u0142o\u015bci, a tera\u017aniejszo\u015b\u0107 okazuje si\u0119 w gruncie rzeczy wieloznacznym i niezno\u015bnym p\u00f3\u0142-snem, jedyn\u0105 rzecz\u0105 trzymaj\u0105c\u0105 nas przy \u017cyciu jest wci\u0105\u017c daj\u0105ca nadziej\u0119 przysz\u0142o\u015b\u0107. W miar\u0119 up\u0142ywu lat zmagania z codzienno\u015bci\u0105 ko\u0144cz\u0105 si\u0119 u mnie zawsze konstatacj\u0105, i\u017c w gruncie rzeczy&nbsp;<em>wa\u017cne s\u0105 tylko te dni, kt\u00f3rych jeszcze nie znamy,&nbsp;<\/em>gdy\u017c tylko na nie czekamy i tylko to, co przed nami mo\u017cna jeszcze jako\u015b zmieni\u0107. To, co przemija pozostanie lada moment (w najlepszym wypadku) mi\u0142ym wspomnieniem bez wad.<\/p>\n\n\n\n<p>Przy porannej kawie czytam z zapartym tchem po raz kolejny \u201cNiezno\u015bn\u0105 lekko\u015b\u0107 bytu\u201d Kundery. I co potem? Picie kawy tylko wtedy ma sens, gdy towarzysz\u0105 mu szalone emocje. Tylko wtedy ta banalna z pozoru czynno\u015b\u0107 staje si\u0119 prze\u017cyciem g\u0142\u0119boko egzystencjalnym.&nbsp;<em>Einmal ist Keinmal (raz to tyle, co nic),&nbsp;<\/em>dlatego tak wa\u017cnym staje si\u0119 staranne kultywowanie codziennych rytua\u0142\u00f3w. W innym wypadku wszystko przecieknie nam mimowolnie (nim si\u0119 zorientujemy) przez palce, a na ko\u0144cu tej drogi jest ju\u017c tylko nuda i bezsens.<\/p>\n\n\n\n<p>Prze\u0142\u0105czam kana\u0142 radiowy zanim by\u0107 mo\u017ce znowu zagraj\u0105 Zenka albo S\u0142awomira. Niech lepiej dalej lec\u0105 Grechuta, Turnau albo Cohen. Codzienna i niezno\u015bna tymczasowo\u015b\u0107 r\u00f3wnie\u017c maj\u0105 w sobie jaki\u015b g\u0142\u0119boko ukryty sens. Wspominam lekko\u015b\u0107 sanatoryjnej rzeczywisto\u015bci w Busku-Zdroju, kt\u00f3ra jest przecie\u017c pozorna. Wszechobecne egzystencjalne cierpienie oraz fizyczny b\u00f3l mniej lub bardziej chorych wsp\u00f3\u0142kuracjuszy mia\u0142y sens, gdy\u017c wszyscy d\u0105\u017c\u0105 przecie\u017c zawsze do lepszego i zdrowszego \u017cycia.<\/p>\n\n\n\n<p>Sednem skutecznej kuracji s\u0105 za\u015b cowieczorne dancingi w Cafe Bryza, gdzie mo\u017cna odda\u0107 si\u0119 cho\u0107by na chwil\u0119 zapomnieniu. Ta bryza to taki metaforyczny&nbsp;<em>wiatr od morza&nbsp;<\/em>w samym sercu G\u00f3r \u015awi\u0119tokrzyskich&#8230; \u017beromski z rozpaczy je\u017adzi\u0142 do szwajcarskiego Rapperswilu, dla nas zbawienne by\u0142o i jest Busko-Zdr\u00f3j. I niech tak zostanie. Delektujmy si\u0119 t\u0105 niezno\u015bn\u0105 tymczasowo\u015bci\u0105, p\u00f3ki trwa<em> &#8211; <\/em>a co dalej, zobaczymy.<\/p>\n","protected":false},"excerpt":{"rendered":"<p>Skoro wi\u0119c nie da si\u0119 zmieni\u0107 przesz\u0142o\u015bci, a tera\u017aniejszo\u015b\u0107 okazuje si\u0119 w gruncie rzeczy wieloznacznym i niezno\u015bnym p\u00f3\u0142-snem, jedyn\u0105 rzecz\u0105 trzymaj\u0105c\u0105 nas przy \u017cyciu jest wci\u0105\u017c daj\u0105ca nadziej\u0119 przysz\u0142o\u015b\u0107. W miar\u0119 up\u0142ywu lat zmagania z codzienno\u015bci\u0105 ko\u0144cz\u0105 si\u0119 u mnie zawsze konstatacj\u0105, i\u017c w gruncie rzeczy\u00a0wa\u017cne s\u0105 tylko te dni, kt\u00f3rych jeszcze nie znamy,\u00a0gdy\u017c tylko na nie czekamy i tylko to, co przed nami mo\u017cna jeszcze jako\u015b zmieni\u0107. To, co przemija pozostanie lada moment (w najlepszym wypadku) mi\u0142ym wspomnieniem bez wad.<br \/>\n<br \/>\nPrzy porannej kawie czytam z zapartym tchem po raz kolejny \u201cNiezno\u015bn\u0105 lekko\u015b\u0107 bytu\u201d Kundery. I co potem? Picie kawy tylko wtedy ma sens, gdy towarzysz\u0105 mu szalone emocje. Tylko wtedy ta banalna z pozoru czynno\u015b\u0107 staje si\u0119 prze\u017cyciem g\u0142\u0119boko egzystencjalnym.\u00a0Einmal ist Keinmal (raz to tyle, co nic),\u00a0dlatego tak wa\u017cnym staje si\u0119 staranne kultywowanie codziennych rytua\u0142\u00f3w. W innym wypadku wszystko przecieknie nam mimowolnie (nim si\u0119 zorientujemy) przez palce, a na ko\u0144cu tej drogi jest ju\u017c tylko nuda i bezsens.<br \/>\n<br \/>\nPrze\u0142\u0105czam kana\u0142 radiowy zanim znowu zagraj\u0105 Zenka albo S\u0142awomira. Niech lepiej dalej lec\u0105 Grechuta, Turnau albo Cohen. Codzienna i niezno\u015bna tymczasowo\u015b\u0107 r\u00f3wnie\u017c maj\u0105 w sobie jaki\u015b g\u0142\u0119boko ukryty sens. Wspominam lekko\u015b\u0107 sanatoryjnej rzeczywisto\u015bci w Busku-Zdroju, kt\u00f3ra jest przecie\u017c pozorna. Wszechobecne egzystencjalne cierpienie oraz fizyczny b\u00f3l mniej lub bardziej chorych wsp\u00f3\u0142kuracjuszy mia\u0142y sens, gdy\u017c wszyscy my\u015bl\u0105 o lepszym i zdrowszym \u017cyciu.<\/p>\n","protected":false},"author":1,"featured_media":16078,"comment_status":"closed","ping_status":"closed","sticky":false,"template":"","format":"standard","meta":{"colormag_page_container_layout":"no_sidebar_content_centered","colormag_page_sidebar_layout":"no_sidebar","_jetpack_memberships_contains_paid_content":false,"footnotes":"","_links_to":"","_links_to_target":""},"categories":[42,48],"tags":[],"class_list":["post-808","post","type-post","status-publish","format-standard","has-post-thumbnail","hentry","category-felietony","category-wiecej-swiatla"],"yoast_head":"<!-- This site is optimized with the Yoast SEO plugin v27.5 - https:\/\/yoast.com\/product\/yoast-seo-wordpress\/ -->\n<title>Niezno\u015bna tymczasowo\u015b\u0107 - NOTABENE.WORLD<\/title>\n<meta name=\"robots\" content=\"index, follow, max-snippet:-1, max-image-preview:large, max-video-preview:-1\" \/>\n<link rel=\"canonical\" href=\"https:\/\/notabene.world\/nb\/nieznosna-tymczasowosc\/\" \/>\n<meta property=\"og:locale\" content=\"pl_PL\" \/>\n<meta property=\"og:type\" content=\"article\" \/>\n<meta property=\"og:title\" content=\"Niezno\u015bna tymczasowo\u015b\u0107 - NOTABENE.WORLD\" \/>\n<meta property=\"og:description\" content=\"Skoro wi\u0119c nie da si\u0119 zmieni\u0107 przesz\u0142o\u015bci, a tera\u017aniejszo\u015b\u0107 okazuje si\u0119 w gruncie rzeczy wieloznacznym i niezno\u015bnym p\u00f3\u0142-snem, jedyn\u0105 rzecz\u0105 trzymaj\u0105c\u0105 nas przy \u017cyciu jest wci\u0105\u017c daj\u0105ca nadziej\u0119 przysz\u0142o\u015b\u0107. W miar\u0119 up\u0142ywu lat zmagania z codzienno\u015bci\u0105 ko\u0144cz\u0105 si\u0119 u mnie zawsze konstatacj\u0105, i\u017c w gruncie rzeczy\u00a0wa\u017cne s\u0105 tylko te dni, kt\u00f3rych jeszcze nie znamy,\u00a0gdy\u017c tylko na nie czekamy i tylko to, co przed nami mo\u017cna jeszcze jako\u015b zmieni\u0107. To, co przemija pozostanie lada moment (w najlepszym wypadku) mi\u0142ym wspomnieniem bez wad. Przy porannej kawie czytam z zapartym tchem po raz kolejny \u201cNiezno\u015bn\u0105 lekko\u015b\u0107 bytu\u201d Kundery. I co potem? Picie kawy tylko wtedy ma sens, gdy towarzysz\u0105 mu szalone emocje. Tylko wtedy ta banalna z pozoru czynno\u015b\u0107 staje si\u0119 prze\u017cyciem g\u0142\u0119boko egzystencjalnym.\u00a0Einmal ist Keinmal (raz to tyle, co nic),\u00a0dlatego tak wa\u017cnym staje si\u0119 staranne kultywowanie codziennych rytua\u0142\u00f3w. W innym wypadku wszystko przecieknie nam mimowolnie (nim si\u0119 zorientujemy) przez palce, a na ko\u0144cu tej drogi jest ju\u017c tylko nuda i bezsens. Prze\u0142\u0105czam kana\u0142 radiowy zanim znowu zagraj\u0105 Zenka albo S\u0142awomira. Niech lepiej dalej lec\u0105 Grechuta, Turnau albo Cohen. Codzienna i niezno\u015bna tymczasowo\u015b\u0107 r\u00f3wnie\u017c maj\u0105 w sobie jaki\u015b g\u0142\u0119boko ukryty sens. Wspominam lekko\u015b\u0107 sanatoryjnej rzeczywisto\u015bci w Busku-Zdroju, kt\u00f3ra jest przecie\u017c pozorna. Wszechobecne egzystencjalne cierpienie oraz fizyczny b\u00f3l mniej lub bardziej chorych wsp\u00f3\u0142kuracjuszy mia\u0142y sens, gdy\u017c wszyscy my\u015bl\u0105 o lepszym i zdrowszym \u017cyciu.\" \/>\n<meta property=\"og:url\" content=\"https:\/\/notabene.world\/nb\/nieznosna-tymczasowosc\/\" \/>\n<meta property=\"og:site_name\" content=\"NOTABENE.WORLD\" \/>\n<meta property=\"article:publisher\" content=\"https:\/\/www.facebook.com\/Notabene.World\" \/>\n<meta property=\"article:published_time\" content=\"2025-07-26T11:41:00+00:00\" \/>\n<meta property=\"article:modified_time\" content=\"2025-08-04T22:54:26+00:00\" \/>\n<meta property=\"og:image\" content=\"https:\/\/notabene.world\/nb\/wp-content\/uploads\/2024\/05\/tymc.jpg\" \/>\n\t<meta property=\"og:image:width\" content=\"800\" \/>\n\t<meta property=\"og:image:height\" content=\"445\" \/>\n\t<meta property=\"og:image:type\" content=\"image\/jpeg\" \/>\n<meta name=\"author\" content=\"C vel K\" \/>\n<meta name=\"twitter:card\" content=\"summary_large_image\" \/>\n<meta name=\"twitter:label1\" content=\"Napisane przez\" \/>\n\t<meta name=\"twitter:data1\" content=\"C vel K\" \/>\n\t<meta name=\"twitter:label2\" content=\"Szacowany czas czytania\" \/>\n\t<meta name=\"twitter:data2\" content=\"3 minuty\" \/>\n<script type=\"application\/ld+json\" class=\"yoast-schema-graph\">{\"@context\":\"https:\\\/\\\/schema.org\",\"@graph\":[{\"@type\":\"Article\",\"@id\":\"https:\\\/\\\/notabene.world\\\/nb\\\/nieznosna-tymczasowosc\\\/#article\",\"isPartOf\":{\"@id\":\"https:\\\/\\\/notabene.world\\\/nb\\\/nieznosna-tymczasowosc\\\/\"},\"author\":{\"name\":\"C vel K\",\"@id\":\"https:\\\/\\\/notabene.world\\\/nb\\\/#\\\/schema\\\/person\\\/2227ed509f9261e544f6078919e1981d\"},\"headline\":\"Niezno\u015bna tymczasowo\u015b\u0107\",\"datePublished\":\"2025-07-26T11:41:00+00:00\",\"dateModified\":\"2025-08-04T22:54:26+00:00\",\"mainEntityOfPage\":{\"@id\":\"https:\\\/\\\/notabene.world\\\/nb\\\/nieznosna-tymczasowosc\\\/\"},\"wordCount\":442,\"publisher\":{\"@id\":\"https:\\\/\\\/notabene.world\\\/nb\\\/#organization\"},\"image\":{\"@id\":\"https:\\\/\\\/notabene.world\\\/nb\\\/nieznosna-tymczasowosc\\\/#primaryimage\"},\"thumbnailUrl\":\"https:\\\/\\\/i0.wp.com\\\/notabene.world\\\/nb\\\/wp-content\\\/uploads\\\/2024\\\/05\\\/tymc.jpg?fit=800%2C445&ssl=1\",\"articleSection\":[\"Felietony\",\"WI\u0118CEJ \u015aWIAT(\u0141)A\"],\"inLanguage\":\"pl-PL\"},{\"@type\":\"WebPage\",\"@id\":\"https:\\\/\\\/notabene.world\\\/nb\\\/nieznosna-tymczasowosc\\\/\",\"url\":\"https:\\\/\\\/notabene.world\\\/nb\\\/nieznosna-tymczasowosc\\\/\",\"name\":\"Niezno\u015bna tymczasowo\u015b\u0107 - NOTABENE.WORLD\",\"isPartOf\":{\"@id\":\"https:\\\/\\\/notabene.world\\\/nb\\\/#website\"},\"primaryImageOfPage\":{\"@id\":\"https:\\\/\\\/notabene.world\\\/nb\\\/nieznosna-tymczasowosc\\\/#primaryimage\"},\"image\":{\"@id\":\"https:\\\/\\\/notabene.world\\\/nb\\\/nieznosna-tymczasowosc\\\/#primaryimage\"},\"thumbnailUrl\":\"https:\\\/\\\/i0.wp.com\\\/notabene.world\\\/nb\\\/wp-content\\\/uploads\\\/2024\\\/05\\\/tymc.jpg?fit=800%2C445&ssl=1\",\"datePublished\":\"2025-07-26T11:41:00+00:00\",\"dateModified\":\"2025-08-04T22:54:26+00:00\",\"breadcrumb\":{\"@id\":\"https:\\\/\\\/notabene.world\\\/nb\\\/nieznosna-tymczasowosc\\\/#breadcrumb\"},\"inLanguage\":\"pl-PL\",\"potentialAction\":[{\"@type\":\"ReadAction\",\"target\":[\"https:\\\/\\\/notabene.world\\\/nb\\\/nieznosna-tymczasowosc\\\/\"]}]},{\"@type\":\"ImageObject\",\"inLanguage\":\"pl-PL\",\"@id\":\"https:\\\/\\\/notabene.world\\\/nb\\\/nieznosna-tymczasowosc\\\/#primaryimage\",\"url\":\"https:\\\/\\\/i0.wp.com\\\/notabene.world\\\/nb\\\/wp-content\\\/uploads\\\/2024\\\/05\\\/tymc.jpg?fit=800%2C445&ssl=1\",\"contentUrl\":\"https:\\\/\\\/i0.wp.com\\\/notabene.world\\\/nb\\\/wp-content\\\/uploads\\\/2024\\\/05\\\/tymc.jpg?fit=800%2C445&ssl=1\",\"width\":800,\"height\":445},{\"@type\":\"BreadcrumbList\",\"@id\":\"https:\\\/\\\/notabene.world\\\/nb\\\/nieznosna-tymczasowosc\\\/#breadcrumb\",\"itemListElement\":[{\"@type\":\"ListItem\",\"position\":1,\"name\":\"Home\",\"item\":\"https:\\\/\\\/notabene.world\\\/nb\\\/\"},{\"@type\":\"ListItem\",\"position\":2,\"name\":\"Niezno\u015bna tymczasowo\u015b\u0107\"}]},{\"@type\":\"WebSite\",\"@id\":\"https:\\\/\\\/notabene.world\\\/nb\\\/#website\",\"url\":\"https:\\\/\\\/notabene.world\\\/nb\\\/\",\"name\":\"NOTABENE.WORLD\",\"description\":\"Przekaz. Warto\u015bci. Wsp\u00f3lnota.\",\"publisher\":{\"@id\":\"https:\\\/\\\/notabene.world\\\/nb\\\/#organization\"},\"potentialAction\":[{\"@type\":\"SearchAction\",\"target\":{\"@type\":\"EntryPoint\",\"urlTemplate\":\"https:\\\/\\\/notabene.world\\\/nb\\\/?s={search_term_string}\"},\"query-input\":{\"@type\":\"PropertyValueSpecification\",\"valueRequired\":true,\"valueName\":\"search_term_string\"}}],\"inLanguage\":\"pl-PL\"},{\"@type\":\"Organization\",\"@id\":\"https:\\\/\\\/notabene.world\\\/nb\\\/#organization\",\"name\":\"NOTABENE.WORLD\",\"url\":\"https:\\\/\\\/notabene.world\\\/nb\\\/\",\"logo\":{\"@type\":\"ImageObject\",\"inLanguage\":\"pl-PL\",\"@id\":\"https:\\\/\\\/notabene.world\\\/nb\\\/#\\\/schema\\\/logo\\\/image\\\/\",\"url\":\"https:\\\/\\\/notabene.world\\\/nb\\\/wp-content\\\/uploads\\\/2022\\\/01\\\/NB-club-start-www1.jpg\",\"contentUrl\":\"https:\\\/\\\/notabene.world\\\/nb\\\/wp-content\\\/uploads\\\/2022\\\/01\\\/NB-club-start-www1.jpg\",\"width\":1000,\"height\":839,\"caption\":\"NOTABENE.WORLD\"},\"image\":{\"@id\":\"https:\\\/\\\/notabene.world\\\/nb\\\/#\\\/schema\\\/logo\\\/image\\\/\"},\"sameAs\":[\"https:\\\/\\\/www.facebook.com\\\/Notabene.World\"]},{\"@type\":\"Person\",\"@id\":\"https:\\\/\\\/notabene.world\\\/nb\\\/#\\\/schema\\\/person\\\/2227ed509f9261e544f6078919e1981d\",\"name\":\"C vel K\",\"image\":{\"@type\":\"ImageObject\",\"inLanguage\":\"pl-PL\",\"@id\":\"https:\\\/\\\/secure.gravatar.com\\\/avatar\\\/da4181237ddf77c667487dd66af5231faaf45fbcb0774d7a408f868da56bf04c?s=96&d=mm&r=g\",\"url\":\"https:\\\/\\\/secure.gravatar.com\\\/avatar\\\/da4181237ddf77c667487dd66af5231faaf45fbcb0774d7a408f868da56bf04c?s=96&d=mm&r=g\",\"contentUrl\":\"https:\\\/\\\/secure.gravatar.com\\\/avatar\\\/da4181237ddf77c667487dd66af5231faaf45fbcb0774d7a408f868da56bf04c?s=96&d=mm&r=g\",\"caption\":\"C vel K\"},\"url\":\"https:\\\/\\\/notabene.world\\\/nb\\\/author\\\/kcedro\\\/\"}]}<\/script>\n<!-- \/ Yoast SEO plugin. -->","yoast_head_json":{"title":"Niezno\u015bna tymczasowo\u015b\u0107 - NOTABENE.WORLD","robots":{"index":"index","follow":"follow","max-snippet":"max-snippet:-1","max-image-preview":"max-image-preview:large","max-video-preview":"max-video-preview:-1"},"canonical":"https:\/\/notabene.world\/nb\/nieznosna-tymczasowosc\/","og_locale":"pl_PL","og_type":"article","og_title":"Niezno\u015bna tymczasowo\u015b\u0107 - NOTABENE.WORLD","og_description":"Skoro wi\u0119c nie da si\u0119 zmieni\u0107 przesz\u0142o\u015bci, a tera\u017aniejszo\u015b\u0107 okazuje si\u0119 w gruncie rzeczy wieloznacznym i niezno\u015bnym p\u00f3\u0142-snem, jedyn\u0105 rzecz\u0105 trzymaj\u0105c\u0105 nas przy \u017cyciu jest wci\u0105\u017c daj\u0105ca nadziej\u0119 przysz\u0142o\u015b\u0107. W miar\u0119 up\u0142ywu lat zmagania z codzienno\u015bci\u0105 ko\u0144cz\u0105 si\u0119 u mnie zawsze konstatacj\u0105, i\u017c w gruncie rzeczy\u00a0wa\u017cne s\u0105 tylko te dni, kt\u00f3rych jeszcze nie znamy,\u00a0gdy\u017c tylko na nie czekamy i tylko to, co przed nami mo\u017cna jeszcze jako\u015b zmieni\u0107. To, co przemija pozostanie lada moment (w najlepszym wypadku) mi\u0142ym wspomnieniem bez wad. Przy porannej kawie czytam z zapartym tchem po raz kolejny \u201cNiezno\u015bn\u0105 lekko\u015b\u0107 bytu\u201d Kundery. I co potem? Picie kawy tylko wtedy ma sens, gdy towarzysz\u0105 mu szalone emocje. Tylko wtedy ta banalna z pozoru czynno\u015b\u0107 staje si\u0119 prze\u017cyciem g\u0142\u0119boko egzystencjalnym.\u00a0Einmal ist Keinmal (raz to tyle, co nic),\u00a0dlatego tak wa\u017cnym staje si\u0119 staranne kultywowanie codziennych rytua\u0142\u00f3w. W innym wypadku wszystko przecieknie nam mimowolnie (nim si\u0119 zorientujemy) przez palce, a na ko\u0144cu tej drogi jest ju\u017c tylko nuda i bezsens. Prze\u0142\u0105czam kana\u0142 radiowy zanim znowu zagraj\u0105 Zenka albo S\u0142awomira. Niech lepiej dalej lec\u0105 Grechuta, Turnau albo Cohen. Codzienna i niezno\u015bna tymczasowo\u015b\u0107 r\u00f3wnie\u017c maj\u0105 w sobie jaki\u015b g\u0142\u0119boko ukryty sens. Wspominam lekko\u015b\u0107 sanatoryjnej rzeczywisto\u015bci w Busku-Zdroju, kt\u00f3ra jest przecie\u017c pozorna. Wszechobecne egzystencjalne cierpienie oraz fizyczny b\u00f3l mniej lub bardziej chorych wsp\u00f3\u0142kuracjuszy mia\u0142y sens, gdy\u017c wszyscy my\u015bl\u0105 o lepszym i zdrowszym \u017cyciu.","og_url":"https:\/\/notabene.world\/nb\/nieznosna-tymczasowosc\/","og_site_name":"NOTABENE.WORLD","article_publisher":"https:\/\/www.facebook.com\/Notabene.World","article_published_time":"2025-07-26T11:41:00+00:00","article_modified_time":"2025-08-04T22:54:26+00:00","og_image":[{"width":800,"height":445,"url":"https:\/\/notabene.world\/nb\/wp-content\/uploads\/2024\/05\/tymc.jpg","type":"image\/jpeg"}],"author":"C vel K","twitter_card":"summary_large_image","twitter_misc":{"Napisane przez":"C vel K","Szacowany czas czytania":"3 minuty"},"schema":{"@context":"https:\/\/schema.org","@graph":[{"@type":"Article","@id":"https:\/\/notabene.world\/nb\/nieznosna-tymczasowosc\/#article","isPartOf":{"@id":"https:\/\/notabene.world\/nb\/nieznosna-tymczasowosc\/"},"author":{"name":"C vel K","@id":"https:\/\/notabene.world\/nb\/#\/schema\/person\/2227ed509f9261e544f6078919e1981d"},"headline":"Niezno\u015bna tymczasowo\u015b\u0107","datePublished":"2025-07-26T11:41:00+00:00","dateModified":"2025-08-04T22:54:26+00:00","mainEntityOfPage":{"@id":"https:\/\/notabene.world\/nb\/nieznosna-tymczasowosc\/"},"wordCount":442,"publisher":{"@id":"https:\/\/notabene.world\/nb\/#organization"},"image":{"@id":"https:\/\/notabene.world\/nb\/nieznosna-tymczasowosc\/#primaryimage"},"thumbnailUrl":"https:\/\/i0.wp.com\/notabene.world\/nb\/wp-content\/uploads\/2024\/05\/tymc.jpg?fit=800%2C445&ssl=1","articleSection":["Felietony","WI\u0118CEJ \u015aWIAT(\u0141)A"],"inLanguage":"pl-PL"},{"@type":"WebPage","@id":"https:\/\/notabene.world\/nb\/nieznosna-tymczasowosc\/","url":"https:\/\/notabene.world\/nb\/nieznosna-tymczasowosc\/","name":"Niezno\u015bna tymczasowo\u015b\u0107 - NOTABENE.WORLD","isPartOf":{"@id":"https:\/\/notabene.world\/nb\/#website"},"primaryImageOfPage":{"@id":"https:\/\/notabene.world\/nb\/nieznosna-tymczasowosc\/#primaryimage"},"image":{"@id":"https:\/\/notabene.world\/nb\/nieznosna-tymczasowosc\/#primaryimage"},"thumbnailUrl":"https:\/\/i0.wp.com\/notabene.world\/nb\/wp-content\/uploads\/2024\/05\/tymc.jpg?fit=800%2C445&ssl=1","datePublished":"2025-07-26T11:41:00+00:00","dateModified":"2025-08-04T22:54:26+00:00","breadcrumb":{"@id":"https:\/\/notabene.world\/nb\/nieznosna-tymczasowosc\/#breadcrumb"},"inLanguage":"pl-PL","potentialAction":[{"@type":"ReadAction","target":["https:\/\/notabene.world\/nb\/nieznosna-tymczasowosc\/"]}]},{"@type":"ImageObject","inLanguage":"pl-PL","@id":"https:\/\/notabene.world\/nb\/nieznosna-tymczasowosc\/#primaryimage","url":"https:\/\/i0.wp.com\/notabene.world\/nb\/wp-content\/uploads\/2024\/05\/tymc.jpg?fit=800%2C445&ssl=1","contentUrl":"https:\/\/i0.wp.com\/notabene.world\/nb\/wp-content\/uploads\/2024\/05\/tymc.jpg?fit=800%2C445&ssl=1","width":800,"height":445},{"@type":"BreadcrumbList","@id":"https:\/\/notabene.world\/nb\/nieznosna-tymczasowosc\/#breadcrumb","itemListElement":[{"@type":"ListItem","position":1,"name":"Home","item":"https:\/\/notabene.world\/nb\/"},{"@type":"ListItem","position":2,"name":"Niezno\u015bna tymczasowo\u015b\u0107"}]},{"@type":"WebSite","@id":"https:\/\/notabene.world\/nb\/#website","url":"https:\/\/notabene.world\/nb\/","name":"NOTABENE.WORLD","description":"Przekaz. Warto\u015bci. Wsp\u00f3lnota.","publisher":{"@id":"https:\/\/notabene.world\/nb\/#organization"},"potentialAction":[{"@type":"SearchAction","target":{"@type":"EntryPoint","urlTemplate":"https:\/\/notabene.world\/nb\/?s={search_term_string}"},"query-input":{"@type":"PropertyValueSpecification","valueRequired":true,"valueName":"search_term_string"}}],"inLanguage":"pl-PL"},{"@type":"Organization","@id":"https:\/\/notabene.world\/nb\/#organization","name":"NOTABENE.WORLD","url":"https:\/\/notabene.world\/nb\/","logo":{"@type":"ImageObject","inLanguage":"pl-PL","@id":"https:\/\/notabene.world\/nb\/#\/schema\/logo\/image\/","url":"https:\/\/notabene.world\/nb\/wp-content\/uploads\/2022\/01\/NB-club-start-www1.jpg","contentUrl":"https:\/\/notabene.world\/nb\/wp-content\/uploads\/2022\/01\/NB-club-start-www1.jpg","width":1000,"height":839,"caption":"NOTABENE.WORLD"},"image":{"@id":"https:\/\/notabene.world\/nb\/#\/schema\/logo\/image\/"},"sameAs":["https:\/\/www.facebook.com\/Notabene.World"]},{"@type":"Person","@id":"https:\/\/notabene.world\/nb\/#\/schema\/person\/2227ed509f9261e544f6078919e1981d","name":"C vel K","image":{"@type":"ImageObject","inLanguage":"pl-PL","@id":"https:\/\/secure.gravatar.com\/avatar\/da4181237ddf77c667487dd66af5231faaf45fbcb0774d7a408f868da56bf04c?s=96&d=mm&r=g","url":"https:\/\/secure.gravatar.com\/avatar\/da4181237ddf77c667487dd66af5231faaf45fbcb0774d7a408f868da56bf04c?s=96&d=mm&r=g","contentUrl":"https:\/\/secure.gravatar.com\/avatar\/da4181237ddf77c667487dd66af5231faaf45fbcb0774d7a408f868da56bf04c?s=96&d=mm&r=g","caption":"C vel K"},"url":"https:\/\/notabene.world\/nb\/author\/kcedro\/"}]}},"jetpack_featured_media_url":"https:\/\/i0.wp.com\/notabene.world\/nb\/wp-content\/uploads\/2024\/05\/tymc.jpg?fit=800%2C445&ssl=1","jetpack_sharing_enabled":true,"jetpack_shortlink":"https:\/\/wp.me\/pdCobN-d2","_links":{"self":[{"href":"https:\/\/notabene.world\/nb\/wp-json\/wp\/v2\/posts\/808","targetHints":{"allow":["GET"]}}],"collection":[{"href":"https:\/\/notabene.world\/nb\/wp-json\/wp\/v2\/posts"}],"about":[{"href":"https:\/\/notabene.world\/nb\/wp-json\/wp\/v2\/types\/post"}],"author":[{"embeddable":true,"href":"https:\/\/notabene.world\/nb\/wp-json\/wp\/v2\/users\/1"}],"replies":[{"embeddable":true,"href":"https:\/\/notabene.world\/nb\/wp-json\/wp\/v2\/comments?post=808"}],"version-history":[{"count":5,"href":"https:\/\/notabene.world\/nb\/wp-json\/wp\/v2\/posts\/808\/revisions"}],"predecessor-version":[{"id":16313,"href":"https:\/\/notabene.world\/nb\/wp-json\/wp\/v2\/posts\/808\/revisions\/16313"}],"wp:featuredmedia":[{"embeddable":true,"href":"https:\/\/notabene.world\/nb\/wp-json\/wp\/v2\/media\/16078"}],"wp:attachment":[{"href":"https:\/\/notabene.world\/nb\/wp-json\/wp\/v2\/media?parent=808"}],"wp:term":[{"taxonomy":"category","embeddable":true,"href":"https:\/\/notabene.world\/nb\/wp-json\/wp\/v2\/categories?post=808"},{"taxonomy":"post_tag","embeddable":true,"href":"https:\/\/notabene.world\/nb\/wp-json\/wp\/v2\/tags?post=808"}],"curies":[{"name":"wp","href":"https:\/\/api.w.org\/{rel}","templated":true}]}}