{"id":831,"date":"2025-08-31T01:02:00","date_gmt":"2025-08-31T01:02:00","guid":{"rendered":"https:\/\/notabene.world\/nb\/?p=831"},"modified":"2025-09-02T17:52:51","modified_gmt":"2025-09-02T17:52:51","slug":"polska-dla-bocianow","status":"publish","type":"post","link":"https:\/\/notabene.world\/nb\/polska-dla-bocianow\/","title":{"rendered":"Kru\u017cganki o\u015bwiaty: POLSKA DLA BOCIAN\u00d3W!"},"content":{"rendered":"\n<p class=\"has-text-align-right\"><em>Wypatrujcie t\u0119czy i czytajcie, a b\u0119dzie Wam dane<\/em><\/p>\n\n\n\n<p>Tym razem b\u0119dzie na powa\u017cniej, albowiem niezbadane s\u0105 wyroki niebios oraz szlaki, jakimi chadza nasza wyobra\u017ania. Niezbadane s\u0105 horyzonty, z jakimi przychodzi si\u0119 nam mierzy\u0107 w nudnawej codzienno\u015bci. Ja za\u015b naiwnie wci\u0105\u017c dziwi\u0119 si\u0119 i dziwi\u0119, i nadziwi\u0107 nie mog\u0119. To troch\u0119 tak, jakbym by\u0142 ci\u0105gle na pocz\u0105tku, gdy\u017c koniec raczej wymyka si\u0119 mej percepcji. Jest mi zdecydowanie bli\u017csza niesko\u0144czono\u015b\u0107.<\/p>\n\n\n\n<p>W ci\u0105gu blisko 35 lat emigracji widzia\u0142em wiele razy pustyni\u0119 ogromn\u0105 i step szeroki oraz preri\u0119, kt\u00f3rych naturalnie nawet <em>okiem sokolim<\/em> zmierzy\u0107 nie dawa\u0142o rady. Dooko\u0142a prawie wszystko by\u0142o w ruinie. Nico\u015b\u0107 po prostu i tyle, taka jakby \u201cziemia ulro\u201d, kraina wiecznego wydziedziczenia. Nie pozostawa\u0142o zatem nic innego, jak czem pr\u0119dzej wstawa\u0107 z kolan i g\u0142ow\u0119 (dumnie cho\u0107 nie\u015bmia\u0142o) unosi\u0107 ku niebu, a\u017ceby zaraz potem z zapartym tchem zerka\u0107 na horyzont. Metafizycznie ekscentryczny ma si\u0119 rozumie\u0107, bo gdy z rzadka raczej bywa\u0142o tu\u017c po deszczu, po kt\u00f3rym zaraz wychodzi\u0142o s\u0142o\u0144ce, t\u0119czy co raz wypatrywa\u0142em,. Tak dzia\u0142o si\u0119 tylko po to, by niemal natychmiast zda\u0107 sobie spraw\u0119, i\u017c c\u00f3\u017c z tego, \u017ce wko\u0142o chwilowo tak kolorowo, skoro i tak <em>nikt nie wo\u0142a\u0142,<\/em> a przecie\u017c trzeba by\u0142o jecha\u0107 dalej. <strong>Fatamorgana, nudny bezruch i cisza to w sumie to samo.<\/strong><\/p>\n\n\n\n<p>Codzienny gwar panuj\u0105cy w sercu Europy jest tak\u017ce na sw\u00f3j spos\u00f3b metafizyczny i ekscentryczny. Owe tysi\u0105ce eurokrat\u00f3w mozolnie i z pasj\u0105 staraj\u0105 si\u0119 porz\u0105dkowa\u0107 wszechobecny i wielowymiarowy chaos. Sprawnie poruszaj\u0105 si\u0119 wewn\u0105trz i\u015bcie plato\u0144skiego labiryntu, gdzie definicje naszej europejsko\u015bci jawi\u0105 si\u0119 niczym ulotne cienie na jego \u015bcianach. Wszystko uk\u0142ada si\u0119 w ko\u0144cu w sugestywn\u0105 ca\u0142o\u015b\u0107, w co\u015b, co mo\u017cna by zapewne nieco enigmatycznie nazwa\u0107 pragmatycznym idealizmem ponowoczesnej Europy. Nie, nie stanowi on zagro\u017cenia ani dla naszej niepod\u0142eg\u0142o\u015bci, ani tym bardziej suwerenno\u015bci.<\/p>\n\n\n\n<p>Europejska metafizyka metafizyk\u0105, a tymczasem nad Wis\u0142\u0105, 9 lipca 2025 roku sta\u0142 si\u0119 kolejnym dniem, kt\u00f3ry przeszed\u0142 do historii ha\u0144by polskiego parlamentaryzmu za spraw\u0105 powo\u0142ania parlamentarnego zespo\u0142u Ruchu Obrony Granic. W jego sk\u0142ad wesz\u0142a poka\u017ana grupa pos\u0142\u00f3w PiSowskiej opozycji (bez zdolno\u015bci ani koalicyjnej, ani honorowej), kt\u00f3rzy w domniemanej &#8222;patriotycznej ekstazie&#8221; zaprosili do\u0144 luminarza polskiego nacjonalizmu i neofaszyzmu Roberta B\u0105kiewicza, pseudonim B\u0105k &#8211; b\u0119d\u0105cego wszak \u015bwie\u017co po &#8222;wizytacji&#8221; granicy polsko-niemiecko-polskiej.<\/p>\n\n\n\n<p>Niespodzianki nie by\u0142o, obywatel B\u0105k do\u015b\u0107 bezrefleksyjnie i bezkarnie niesie od lat ob\u0142udny &#8222;kru\u017cganek o\u015bwiaty&#8221;, a\u017ceby chroni\u0107 nas przed &#8222;hordami&#8221; hordami obcych kulturowo migrant\u00f3w, oblegaj\u0105cych pono\u0107 granic\u0119 polsko-niemiecko-polsk\u0105 IV Rzeczypospolitej. Dla nas to fatamorgana, a dla miszcza-wieszcza <em>et consortes<\/em> rzeczywisto\u015b\u0107. Zacytujmy zatem jedno z jego sztandarowych wyst\u0105pie\u0144, ku przera\u017ceniu umys\u0142\u00f3w i serc. Miszcz B\u0105k wieszczy nast\u0119puj\u0105co i pyta:<\/p>\n\n\n\n<p class=\"has-text-align-center\"><em>Jak ta nowa Polska b\u0119dzie wygl\u0105da\u0142a? Czy zostanie nam tylko hymn i bia\u0142o-czerwona, <strong>czy b\u0119dziemy narodem i pa\u0144stwem silnym, gotowym nie\u015b\u0107 kru\u017cganek o\u015bwiaty<\/strong>, chrze\u015bcija\u0144stwa, cywilizacji \u0142aci\u0144skiej na Zach\u00f3d, kt\u00f3rego mentalnie, moralnie, cywilizacyjnie ju\u017c nie&nbsp;ma? Ka\u017cdy z&nbsp;nas [d\u017awiga] t\u0105&nbsp;kontrrewolucj\u0119, z&nbsp;kt\u00f3r\u0105 powinni\u015bmy pomaszerowa\u0107, w&nbsp;Polsk\u0119 i&nbsp;\u015bwiat. Musimy zacz\u0105\u0107 od&nbsp;siebie, nie&nbsp;da si\u0119 podnie\u015b\u0107 Polski na&nbsp;pi\u0119knych has\u0142ach!<\/em><\/p>\n\n\n\n<p>C\u00f3\u017c mo\u017cna na to powiedzie\u0107? Nie tylko ja przekona\u0142em si\u0119 w moim kraju wielokrotnie, \u017ce cuda-wianki i zwidy (fatamorgany?)  s\u0105 niejako nasz\u0105 narodow\u0105 specjalno\u015bci\u0105. Mg\u0142a smole\u0144ska nie opad\u0142a do dzi\u015b pomimo up\u0142ywu ponad 15 lat. Polityka po\/na trupach ma si\u0119 dobrze. W jednym B\u0105kiewicz ma racj\u0119. Szpetny slogan &#8222;B\u0105k, Hono&#8217; i \u0141ojczyzna&#8221; nie ma raczej szans, aby skutecznie uratowa\u0107 &#8222;dusz\u0119&#8221; Polski i Europy.<\/p>\n\n\n\n<p>Wszystko zreszt\u0105 jest kwesti\u0105 wyobra\u017ani albo jej braku. Gdy nie ma granic, wszystko jest kwesti\u0105 horyzont\u00f3w. P\u00f3ki co, jedno has\u0142o metaforycznie rzuca na kolana i przebija pozosta\u0142e: &#8222;POLSKA DLA BOCIAN\u00d3W!&#8221; (ale tylko od wiosny do jesieni).<\/p>\n\n\n\n<p>Oby wiatr historii (co lubi si\u0119 powtarza\u0107) nas uratowa\u0142. Oby cuchn\u0105ce cwaniack\u0105 i kibolsk\u0105 ignorancj\u0105 &#8222;kru\u017cganki o\u015bwiaty&#8221; przemin\u0119\u0142y bezpowrotnie. I oby &#8222;b\u0105kiewiczowskie z\u0142ote my\u015bli&#8221; nie trafi\u0142y przypadkiem <em>pod strzechy,<\/em> bo wtedy pozostanie nam ju\u017c naprawd\u0119 tylko emigracja &#8211; na przyk\u0142ad do miejsc, gdzie fatamorgana nie jest luksusem.<\/p>\n\n\n\n<p>Na koniec za\u015b tylko \u017caby b\u0119d\u0105 szcz\u0119\u015bliwe, \u017ce <em>imi\u0119 jego czterdzie\u015bci i cztery.<\/em> Do\u015b\u0107 ju\u017c zwid\u00f3w i miszcz\u00f3w-wieszcz\u00f3w, do cholery. Do\u015b\u0107 ob\u0142\u0119dnej knajackiej fatamorgany.<\/p>\n\n\n\n<figure class=\"wp-block-image size-full\"><img data-recalc-dims=\"1\" loading=\"lazy\" decoding=\"async\" width=\"800\" height=\"107\" src=\"https:\/\/i0.wp.com\/notabene.world\/nb\/wp-content\/uploads\/2018\/10\/fatamorgana-anim.gif?resize=800%2C107&#038;ssl=1\" alt=\"\" class=\"wp-image-15465\"\/><\/figure>\n\n\n\n<figure class=\"wp-block-image size-full\"><img data-recalc-dims=\"1\" loading=\"lazy\" decoding=\"async\" width=\"800\" height=\"445\" src=\"https:\/\/i0.wp.com\/notabene.world\/nb\/wp-content\/uploads\/2018\/10\/fatamorg2.jpg?resize=800%2C445&#038;ssl=1\" alt=\"\" class=\"wp-image-15464\" srcset=\"https:\/\/i0.wp.com\/notabene.world\/nb\/wp-content\/uploads\/2018\/10\/fatamorg2.jpg?w=800&amp;ssl=1 800w, https:\/\/i0.wp.com\/notabene.world\/nb\/wp-content\/uploads\/2018\/10\/fatamorg2.jpg?resize=300%2C167&amp;ssl=1 300w, https:\/\/i0.wp.com\/notabene.world\/nb\/wp-content\/uploads\/2018\/10\/fatamorg2.jpg?resize=768%2C427&amp;ssl=1 768w\" sizes=\"auto, (max-width: 800px) 100vw, 800px\" \/><\/figure>\n\n\n\n<figure class=\"wp-block-image size-full\"><img data-recalc-dims=\"1\" loading=\"lazy\" decoding=\"async\" width=\"800\" height=\"445\" src=\"https:\/\/i0.wp.com\/notabene.world\/nb\/wp-content\/uploads\/2018\/10\/fatamorg1.jpg?resize=800%2C445&#038;ssl=1\" alt=\"\" class=\"wp-image-15463\" srcset=\"https:\/\/i0.wp.com\/notabene.world\/nb\/wp-content\/uploads\/2018\/10\/fatamorg1.jpg?w=800&amp;ssl=1 800w, https:\/\/i0.wp.com\/notabene.world\/nb\/wp-content\/uploads\/2018\/10\/fatamorg1.jpg?resize=300%2C167&amp;ssl=1 300w, https:\/\/i0.wp.com\/notabene.world\/nb\/wp-content\/uploads\/2018\/10\/fatamorg1.jpg?resize=768%2C427&amp;ssl=1 768w\" sizes=\"auto, (max-width: 800px) 100vw, 800px\" \/><\/figure>\n","protected":false},"excerpt":{"rendered":"<p>Tym razem b\u0119dzie na powa\u017cniej, albowiem niezbadane s\u0105 wyroki niebios oraz szlaki, jakimi chadza nasza wyobra\u017ania. Niezbadane s\u0105 horyzonty, z jakimi przychodzi si\u0119 nam mierzy\u0107 w nudnej codzienno\u015bci. Naiwnie wci\u0105\u017c dziwi\u0119 si\u0119 i dziwi\u0119, i nadziwi\u0107 nie mog\u0119. To troch\u0119 tak, jakbym by\u0142 ci\u0105gle na pocz\u0105tku, gdy\u017c koniec raczej wymyka si\u0119 mej percepcji. Jest mi zdecydowanie bli\u017csza niesko\u0144czono\u015b\u0107.<br \/>\n<br \/>\nWidzia\u0142em wiele razy pustyni\u0119 ogromn\u0105 i step szeroki a tak\u017ce preri\u0119, kt\u00f3rych naturalnie nawet okiem sokolim zmierzy\u0107 nie dawa\u0142o rady. Dooko\u0142a za\u015b prawie wszystko by\u0142o w ruinie. Nico\u015b\u0107 po prostu, taka troch\u0119 \u201cziemia ulro\u201d. Nie pozostawa\u0142o zatem nic innego, jak czem pr\u0119dzej wstawa\u0107 z kolan i g\u0142ow\u0119 (dumnie cho\u0107 nie\u015bmia\u0142o) unosi\u0107 ku niebu, coby zaraz potem z zapartym tchem zerka\u0107 na horyzont. Metafizycznie ekscentryczny ma si\u0119 rozumie\u0107, bo gdy z rzadka raczej bywa\u0142o tu\u017c po deszczu, po kt\u00f3rym zaraz wychodzi\u0142o s\u0142o\u0144ce, t\u0119czy co raz wypatrywa\u0142em,. Tak by\u0142o po to tylko by natychmiast zda\u0107 sobie spraw\u0119, i\u017c c\u00f3\u017c z tego \u017ce wko\u0142o tak kolorowo, skoro i tak nikt nie wo\u0142a, a i tak trzeba by\u0142o jecha\u0107 dalej. Fatamorgana, nudny bezruch i cisza to w sumie to samo.<br \/>\n<br \/>\nCodzienny gwar panuj\u0105cy w sercu Europy jest tak\u017ce na sw\u00f3j spos\u00f3b metafizyczny i ekscentryczny. Owe tysi\u0105ce eurokrat\u00f3w mozolnie i z pasj\u0105 staraj\u0105cych si\u0119 porz\u0105dkowa\u0107 wszechobecny wielowymiarowy chaos. Sprawnie poruszaj\u0105 si\u0119 wewn\u0105trz i\u015bcie plato\u0144skiego labiryntu, gdzie definicje naszej europejsko\u015bci jawi\u0105 si\u0119 niczym ulotne cienie na jego \u015bcianach. Wszystko uk\u0142ada si\u0119 potem w do\u015b\u0107 przekonywuj\u0105c\u0105 ca\u0142o\u015b\u0107, w co\u015b, co mo\u017cna by zapewne nieco enigmatycznie nazwa\u0107 pragmatycznym idealizmem ponowoczesnej Europy.<\/p>\n","protected":false},"author":1,"featured_media":15509,"comment_status":"closed","ping_status":"closed","sticky":false,"template":"","format":"standard","meta":{"colormag_page_container_layout":"no_sidebar_content_centered","colormag_page_sidebar_layout":"no_sidebar","_jetpack_memberships_contains_paid_content":false,"footnotes":"","_links_to":"","_links_to_target":""},"categories":[64,42,48],"tags":[],"class_list":["post-831","post","type-post","status-publish","format-standard","has-post-thumbnail","hentry","category-aktualnosci","category-felietony","category-wiecej-swiatla"],"yoast_head":"<!-- This site is optimized with the Yoast SEO plugin v27.4 - https:\/\/yoast.com\/product\/yoast-seo-wordpress\/ -->\n<title>Kru\u017cganki o\u015bwiaty: POLSKA DLA BOCIAN\u00d3W! - NOTABENE.WORLD<\/title>\n<meta name=\"robots\" content=\"index, follow, max-snippet:-1, max-image-preview:large, max-video-preview:-1\" \/>\n<link rel=\"canonical\" href=\"https:\/\/notabene.world\/nb\/polska-dla-bocianow\/\" \/>\n<meta property=\"og:locale\" content=\"pl_PL\" \/>\n<meta property=\"og:type\" content=\"article\" \/>\n<meta property=\"og:title\" content=\"Kru\u017cganki o\u015bwiaty: POLSKA DLA BOCIAN\u00d3W! - NOTABENE.WORLD\" \/>\n<meta property=\"og:description\" content=\"Tym razem b\u0119dzie na powa\u017cniej, albowiem niezbadane s\u0105 wyroki niebios oraz szlaki, jakimi chadza nasza wyobra\u017ania. Niezbadane s\u0105 horyzonty, z jakimi przychodzi si\u0119 nam mierzy\u0107 w nudnej codzienno\u015bci. Naiwnie wci\u0105\u017c dziwi\u0119 si\u0119 i dziwi\u0119, i nadziwi\u0107 nie mog\u0119. To troch\u0119 tak, jakbym by\u0142 ci\u0105gle na pocz\u0105tku, gdy\u017c koniec raczej wymyka si\u0119 mej percepcji. Jest mi zdecydowanie bli\u017csza niesko\u0144czono\u015b\u0107. Widzia\u0142em wiele razy pustyni\u0119 ogromn\u0105 i step szeroki a tak\u017ce preri\u0119, kt\u00f3rych naturalnie nawet okiem sokolim zmierzy\u0107 nie dawa\u0142o rady. Dooko\u0142a za\u015b prawie wszystko by\u0142o w ruinie. Nico\u015b\u0107 po prostu, taka troch\u0119 \u201cziemia ulro\u201d. Nie pozostawa\u0142o zatem nic innego, jak czem pr\u0119dzej wstawa\u0107 z kolan i g\u0142ow\u0119 (dumnie cho\u0107 nie\u015bmia\u0142o) unosi\u0107 ku niebu, coby zaraz potem z zapartym tchem zerka\u0107 na horyzont. Metafizycznie ekscentryczny ma si\u0119 rozumie\u0107, bo gdy z rzadka raczej bywa\u0142o tu\u017c po deszczu, po kt\u00f3rym zaraz wychodzi\u0142o s\u0142o\u0144ce, t\u0119czy co raz wypatrywa\u0142em,. Tak by\u0142o po to tylko by natychmiast zda\u0107 sobie spraw\u0119, i\u017c c\u00f3\u017c z tego \u017ce wko\u0142o tak kolorowo, skoro i tak nikt nie wo\u0142a, a i tak trzeba by\u0142o jecha\u0107 dalej. Fatamorgana, nudny bezruch i cisza to w sumie to samo. Codzienny gwar panuj\u0105cy w sercu Europy jest tak\u017ce na sw\u00f3j spos\u00f3b metafizyczny i ekscentryczny. Owe tysi\u0105ce eurokrat\u00f3w mozolnie i z pasj\u0105 staraj\u0105cych si\u0119 porz\u0105dkowa\u0107 wszechobecny wielowymiarowy chaos. Sprawnie poruszaj\u0105 si\u0119 wewn\u0105trz i\u015bcie plato\u0144skiego labiryntu, gdzie definicje naszej europejsko\u015bci jawi\u0105 si\u0119 niczym ulotne cienie na jego \u015bcianach. Wszystko uk\u0142ada si\u0119 potem w do\u015b\u0107 przekonywuj\u0105c\u0105 ca\u0142o\u015b\u0107, w co\u015b, co mo\u017cna by zapewne nieco enigmatycznie nazwa\u0107 pragmatycznym idealizmem ponowoczesnej Europy.\" \/>\n<meta property=\"og:url\" content=\"https:\/\/notabene.world\/nb\/polska-dla-bocianow\/\" \/>\n<meta property=\"og:site_name\" content=\"NOTABENE.WORLD\" \/>\n<meta property=\"article:publisher\" content=\"https:\/\/www.facebook.com\/Notabene.World\" \/>\n<meta property=\"article:published_time\" content=\"2025-08-31T01:02:00+00:00\" \/>\n<meta property=\"article:modified_time\" content=\"2025-09-02T17:52:51+00:00\" \/>\n<meta property=\"og:image\" content=\"https:\/\/notabene.world\/nb\/wp-content\/uploads\/2025\/07\/pdboc7-1.jpg\" \/>\n\t<meta property=\"og:image:width\" content=\"800\" \/>\n\t<meta property=\"og:image:height\" content=\"445\" \/>\n\t<meta property=\"og:image:type\" content=\"image\/jpeg\" \/>\n<meta name=\"author\" content=\"C vel K\" \/>\n<meta name=\"twitter:card\" content=\"summary_large_image\" \/>\n<meta name=\"twitter:label1\" content=\"Napisane przez\" \/>\n\t<meta name=\"twitter:data1\" content=\"C vel K\" \/>\n\t<meta name=\"twitter:label2\" content=\"Szacowany czas czytania\" \/>\n\t<meta name=\"twitter:data2\" content=\"3 minuty\" \/>\n<script type=\"application\/ld+json\" class=\"yoast-schema-graph\">{\"@context\":\"https:\\\/\\\/schema.org\",\"@graph\":[{\"@type\":\"Article\",\"@id\":\"https:\\\/\\\/notabene.world\\\/nb\\\/polska-dla-bocianow\\\/#article\",\"isPartOf\":{\"@id\":\"https:\\\/\\\/notabene.world\\\/nb\\\/polska-dla-bocianow\\\/\"},\"author\":{\"name\":\"C vel K\",\"@id\":\"https:\\\/\\\/notabene.world\\\/nb\\\/#\\\/schema\\\/person\\\/2227ed509f9261e544f6078919e1981d\"},\"headline\":\"Kru\u017cganki o\u015bwiaty: POLSKA DLA BOCIAN\u00d3W!\",\"datePublished\":\"2025-08-31T01:02:00+00:00\",\"dateModified\":\"2025-09-02T17:52:51+00:00\",\"mainEntityOfPage\":{\"@id\":\"https:\\\/\\\/notabene.world\\\/nb\\\/polska-dla-bocianow\\\/\"},\"wordCount\":790,\"publisher\":{\"@id\":\"https:\\\/\\\/notabene.world\\\/nb\\\/#organization\"},\"image\":{\"@id\":\"https:\\\/\\\/notabene.world\\\/nb\\\/polska-dla-bocianow\\\/#primaryimage\"},\"thumbnailUrl\":\"https:\\\/\\\/i0.wp.com\\\/notabene.world\\\/nb\\\/wp-content\\\/uploads\\\/2025\\\/07\\\/pdboc7-1.jpg?fit=800%2C445&ssl=1\",\"articleSection\":[\"Aktualno\u015bci\",\"Felietony\",\"WI\u0118CEJ \u015aWIAT(\u0141)A\"],\"inLanguage\":\"pl-PL\"},{\"@type\":\"WebPage\",\"@id\":\"https:\\\/\\\/notabene.world\\\/nb\\\/polska-dla-bocianow\\\/\",\"url\":\"https:\\\/\\\/notabene.world\\\/nb\\\/polska-dla-bocianow\\\/\",\"name\":\"Kru\u017cganki o\u015bwiaty: POLSKA DLA BOCIAN\u00d3W! - NOTABENE.WORLD\",\"isPartOf\":{\"@id\":\"https:\\\/\\\/notabene.world\\\/nb\\\/#website\"},\"primaryImageOfPage\":{\"@id\":\"https:\\\/\\\/notabene.world\\\/nb\\\/polska-dla-bocianow\\\/#primaryimage\"},\"image\":{\"@id\":\"https:\\\/\\\/notabene.world\\\/nb\\\/polska-dla-bocianow\\\/#primaryimage\"},\"thumbnailUrl\":\"https:\\\/\\\/i0.wp.com\\\/notabene.world\\\/nb\\\/wp-content\\\/uploads\\\/2025\\\/07\\\/pdboc7-1.jpg?fit=800%2C445&ssl=1\",\"datePublished\":\"2025-08-31T01:02:00+00:00\",\"dateModified\":\"2025-09-02T17:52:51+00:00\",\"breadcrumb\":{\"@id\":\"https:\\\/\\\/notabene.world\\\/nb\\\/polska-dla-bocianow\\\/#breadcrumb\"},\"inLanguage\":\"pl-PL\",\"potentialAction\":[{\"@type\":\"ReadAction\",\"target\":[\"https:\\\/\\\/notabene.world\\\/nb\\\/polska-dla-bocianow\\\/\"]}]},{\"@type\":\"ImageObject\",\"inLanguage\":\"pl-PL\",\"@id\":\"https:\\\/\\\/notabene.world\\\/nb\\\/polska-dla-bocianow\\\/#primaryimage\",\"url\":\"https:\\\/\\\/i0.wp.com\\\/notabene.world\\\/nb\\\/wp-content\\\/uploads\\\/2025\\\/07\\\/pdboc7-1.jpg?fit=800%2C445&ssl=1\",\"contentUrl\":\"https:\\\/\\\/i0.wp.com\\\/notabene.world\\\/nb\\\/wp-content\\\/uploads\\\/2025\\\/07\\\/pdboc7-1.jpg?fit=800%2C445&ssl=1\",\"width\":800,\"height\":445},{\"@type\":\"BreadcrumbList\",\"@id\":\"https:\\\/\\\/notabene.world\\\/nb\\\/polska-dla-bocianow\\\/#breadcrumb\",\"itemListElement\":[{\"@type\":\"ListItem\",\"position\":1,\"name\":\"Home\",\"item\":\"https:\\\/\\\/notabene.world\\\/nb\\\/\"},{\"@type\":\"ListItem\",\"position\":2,\"name\":\"Kru\u017cganki o\u015bwiaty: POLSKA DLA BOCIAN\u00d3W!\"}]},{\"@type\":\"WebSite\",\"@id\":\"https:\\\/\\\/notabene.world\\\/nb\\\/#website\",\"url\":\"https:\\\/\\\/notabene.world\\\/nb\\\/\",\"name\":\"NOTABENE.WORLD\",\"description\":\"Przekaz. Warto\u015bci. Wsp\u00f3lnota.\",\"publisher\":{\"@id\":\"https:\\\/\\\/notabene.world\\\/nb\\\/#organization\"},\"potentialAction\":[{\"@type\":\"SearchAction\",\"target\":{\"@type\":\"EntryPoint\",\"urlTemplate\":\"https:\\\/\\\/notabene.world\\\/nb\\\/?s={search_term_string}\"},\"query-input\":{\"@type\":\"PropertyValueSpecification\",\"valueRequired\":true,\"valueName\":\"search_term_string\"}}],\"inLanguage\":\"pl-PL\"},{\"@type\":\"Organization\",\"@id\":\"https:\\\/\\\/notabene.world\\\/nb\\\/#organization\",\"name\":\"NOTABENE.WORLD\",\"url\":\"https:\\\/\\\/notabene.world\\\/nb\\\/\",\"logo\":{\"@type\":\"ImageObject\",\"inLanguage\":\"pl-PL\",\"@id\":\"https:\\\/\\\/notabene.world\\\/nb\\\/#\\\/schema\\\/logo\\\/image\\\/\",\"url\":\"https:\\\/\\\/notabene.world\\\/nb\\\/wp-content\\\/uploads\\\/2022\\\/01\\\/NB-club-start-www1.jpg\",\"contentUrl\":\"https:\\\/\\\/notabene.world\\\/nb\\\/wp-content\\\/uploads\\\/2022\\\/01\\\/NB-club-start-www1.jpg\",\"width\":1000,\"height\":839,\"caption\":\"NOTABENE.WORLD\"},\"image\":{\"@id\":\"https:\\\/\\\/notabene.world\\\/nb\\\/#\\\/schema\\\/logo\\\/image\\\/\"},\"sameAs\":[\"https:\\\/\\\/www.facebook.com\\\/Notabene.World\"]},{\"@type\":\"Person\",\"@id\":\"https:\\\/\\\/notabene.world\\\/nb\\\/#\\\/schema\\\/person\\\/2227ed509f9261e544f6078919e1981d\",\"name\":\"C vel K\",\"image\":{\"@type\":\"ImageObject\",\"inLanguage\":\"pl-PL\",\"@id\":\"https:\\\/\\\/secure.gravatar.com\\\/avatar\\\/da4181237ddf77c667487dd66af5231faaf45fbcb0774d7a408f868da56bf04c?s=96&d=mm&r=g\",\"url\":\"https:\\\/\\\/secure.gravatar.com\\\/avatar\\\/da4181237ddf77c667487dd66af5231faaf45fbcb0774d7a408f868da56bf04c?s=96&d=mm&r=g\",\"contentUrl\":\"https:\\\/\\\/secure.gravatar.com\\\/avatar\\\/da4181237ddf77c667487dd66af5231faaf45fbcb0774d7a408f868da56bf04c?s=96&d=mm&r=g\",\"caption\":\"C vel K\"},\"url\":\"https:\\\/\\\/notabene.world\\\/nb\\\/author\\\/kcedro\\\/\"}]}<\/script>\n<!-- \/ Yoast SEO plugin. -->","yoast_head_json":{"title":"Kru\u017cganki o\u015bwiaty: POLSKA DLA BOCIAN\u00d3W! - NOTABENE.WORLD","robots":{"index":"index","follow":"follow","max-snippet":"max-snippet:-1","max-image-preview":"max-image-preview:large","max-video-preview":"max-video-preview:-1"},"canonical":"https:\/\/notabene.world\/nb\/polska-dla-bocianow\/","og_locale":"pl_PL","og_type":"article","og_title":"Kru\u017cganki o\u015bwiaty: POLSKA DLA BOCIAN\u00d3W! - NOTABENE.WORLD","og_description":"Tym razem b\u0119dzie na powa\u017cniej, albowiem niezbadane s\u0105 wyroki niebios oraz szlaki, jakimi chadza nasza wyobra\u017ania. Niezbadane s\u0105 horyzonty, z jakimi przychodzi si\u0119 nam mierzy\u0107 w nudnej codzienno\u015bci. Naiwnie wci\u0105\u017c dziwi\u0119 si\u0119 i dziwi\u0119, i nadziwi\u0107 nie mog\u0119. To troch\u0119 tak, jakbym by\u0142 ci\u0105gle na pocz\u0105tku, gdy\u017c koniec raczej wymyka si\u0119 mej percepcji. Jest mi zdecydowanie bli\u017csza niesko\u0144czono\u015b\u0107. Widzia\u0142em wiele razy pustyni\u0119 ogromn\u0105 i step szeroki a tak\u017ce preri\u0119, kt\u00f3rych naturalnie nawet okiem sokolim zmierzy\u0107 nie dawa\u0142o rady. Dooko\u0142a za\u015b prawie wszystko by\u0142o w ruinie. Nico\u015b\u0107 po prostu, taka troch\u0119 \u201cziemia ulro\u201d. Nie pozostawa\u0142o zatem nic innego, jak czem pr\u0119dzej wstawa\u0107 z kolan i g\u0142ow\u0119 (dumnie cho\u0107 nie\u015bmia\u0142o) unosi\u0107 ku niebu, coby zaraz potem z zapartym tchem zerka\u0107 na horyzont. Metafizycznie ekscentryczny ma si\u0119 rozumie\u0107, bo gdy z rzadka raczej bywa\u0142o tu\u017c po deszczu, po kt\u00f3rym zaraz wychodzi\u0142o s\u0142o\u0144ce, t\u0119czy co raz wypatrywa\u0142em,. Tak by\u0142o po to tylko by natychmiast zda\u0107 sobie spraw\u0119, i\u017c c\u00f3\u017c z tego \u017ce wko\u0142o tak kolorowo, skoro i tak nikt nie wo\u0142a, a i tak trzeba by\u0142o jecha\u0107 dalej. Fatamorgana, nudny bezruch i cisza to w sumie to samo. Codzienny gwar panuj\u0105cy w sercu Europy jest tak\u017ce na sw\u00f3j spos\u00f3b metafizyczny i ekscentryczny. Owe tysi\u0105ce eurokrat\u00f3w mozolnie i z pasj\u0105 staraj\u0105cych si\u0119 porz\u0105dkowa\u0107 wszechobecny wielowymiarowy chaos. Sprawnie poruszaj\u0105 si\u0119 wewn\u0105trz i\u015bcie plato\u0144skiego labiryntu, gdzie definicje naszej europejsko\u015bci jawi\u0105 si\u0119 niczym ulotne cienie na jego \u015bcianach. Wszystko uk\u0142ada si\u0119 potem w do\u015b\u0107 przekonywuj\u0105c\u0105 ca\u0142o\u015b\u0107, w co\u015b, co mo\u017cna by zapewne nieco enigmatycznie nazwa\u0107 pragmatycznym idealizmem ponowoczesnej Europy.","og_url":"https:\/\/notabene.world\/nb\/polska-dla-bocianow\/","og_site_name":"NOTABENE.WORLD","article_publisher":"https:\/\/www.facebook.com\/Notabene.World","article_published_time":"2025-08-31T01:02:00+00:00","article_modified_time":"2025-09-02T17:52:51+00:00","og_image":[{"width":800,"height":445,"url":"https:\/\/notabene.world\/nb\/wp-content\/uploads\/2025\/07\/pdboc7-1.jpg","type":"image\/jpeg"}],"author":"C vel K","twitter_card":"summary_large_image","twitter_misc":{"Napisane przez":"C vel K","Szacowany czas czytania":"3 minuty"},"schema":{"@context":"https:\/\/schema.org","@graph":[{"@type":"Article","@id":"https:\/\/notabene.world\/nb\/polska-dla-bocianow\/#article","isPartOf":{"@id":"https:\/\/notabene.world\/nb\/polska-dla-bocianow\/"},"author":{"name":"C vel K","@id":"https:\/\/notabene.world\/nb\/#\/schema\/person\/2227ed509f9261e544f6078919e1981d"},"headline":"Kru\u017cganki o\u015bwiaty: POLSKA DLA BOCIAN\u00d3W!","datePublished":"2025-08-31T01:02:00+00:00","dateModified":"2025-09-02T17:52:51+00:00","mainEntityOfPage":{"@id":"https:\/\/notabene.world\/nb\/polska-dla-bocianow\/"},"wordCount":790,"publisher":{"@id":"https:\/\/notabene.world\/nb\/#organization"},"image":{"@id":"https:\/\/notabene.world\/nb\/polska-dla-bocianow\/#primaryimage"},"thumbnailUrl":"https:\/\/i0.wp.com\/notabene.world\/nb\/wp-content\/uploads\/2025\/07\/pdboc7-1.jpg?fit=800%2C445&ssl=1","articleSection":["Aktualno\u015bci","Felietony","WI\u0118CEJ \u015aWIAT(\u0141)A"],"inLanguage":"pl-PL"},{"@type":"WebPage","@id":"https:\/\/notabene.world\/nb\/polska-dla-bocianow\/","url":"https:\/\/notabene.world\/nb\/polska-dla-bocianow\/","name":"Kru\u017cganki o\u015bwiaty: POLSKA DLA BOCIAN\u00d3W! - NOTABENE.WORLD","isPartOf":{"@id":"https:\/\/notabene.world\/nb\/#website"},"primaryImageOfPage":{"@id":"https:\/\/notabene.world\/nb\/polska-dla-bocianow\/#primaryimage"},"image":{"@id":"https:\/\/notabene.world\/nb\/polska-dla-bocianow\/#primaryimage"},"thumbnailUrl":"https:\/\/i0.wp.com\/notabene.world\/nb\/wp-content\/uploads\/2025\/07\/pdboc7-1.jpg?fit=800%2C445&ssl=1","datePublished":"2025-08-31T01:02:00+00:00","dateModified":"2025-09-02T17:52:51+00:00","breadcrumb":{"@id":"https:\/\/notabene.world\/nb\/polska-dla-bocianow\/#breadcrumb"},"inLanguage":"pl-PL","potentialAction":[{"@type":"ReadAction","target":["https:\/\/notabene.world\/nb\/polska-dla-bocianow\/"]}]},{"@type":"ImageObject","inLanguage":"pl-PL","@id":"https:\/\/notabene.world\/nb\/polska-dla-bocianow\/#primaryimage","url":"https:\/\/i0.wp.com\/notabene.world\/nb\/wp-content\/uploads\/2025\/07\/pdboc7-1.jpg?fit=800%2C445&ssl=1","contentUrl":"https:\/\/i0.wp.com\/notabene.world\/nb\/wp-content\/uploads\/2025\/07\/pdboc7-1.jpg?fit=800%2C445&ssl=1","width":800,"height":445},{"@type":"BreadcrumbList","@id":"https:\/\/notabene.world\/nb\/polska-dla-bocianow\/#breadcrumb","itemListElement":[{"@type":"ListItem","position":1,"name":"Home","item":"https:\/\/notabene.world\/nb\/"},{"@type":"ListItem","position":2,"name":"Kru\u017cganki o\u015bwiaty: POLSKA DLA BOCIAN\u00d3W!"}]},{"@type":"WebSite","@id":"https:\/\/notabene.world\/nb\/#website","url":"https:\/\/notabene.world\/nb\/","name":"NOTABENE.WORLD","description":"Przekaz. Warto\u015bci. Wsp\u00f3lnota.","publisher":{"@id":"https:\/\/notabene.world\/nb\/#organization"},"potentialAction":[{"@type":"SearchAction","target":{"@type":"EntryPoint","urlTemplate":"https:\/\/notabene.world\/nb\/?s={search_term_string}"},"query-input":{"@type":"PropertyValueSpecification","valueRequired":true,"valueName":"search_term_string"}}],"inLanguage":"pl-PL"},{"@type":"Organization","@id":"https:\/\/notabene.world\/nb\/#organization","name":"NOTABENE.WORLD","url":"https:\/\/notabene.world\/nb\/","logo":{"@type":"ImageObject","inLanguage":"pl-PL","@id":"https:\/\/notabene.world\/nb\/#\/schema\/logo\/image\/","url":"https:\/\/notabene.world\/nb\/wp-content\/uploads\/2022\/01\/NB-club-start-www1.jpg","contentUrl":"https:\/\/notabene.world\/nb\/wp-content\/uploads\/2022\/01\/NB-club-start-www1.jpg","width":1000,"height":839,"caption":"NOTABENE.WORLD"},"image":{"@id":"https:\/\/notabene.world\/nb\/#\/schema\/logo\/image\/"},"sameAs":["https:\/\/www.facebook.com\/Notabene.World"]},{"@type":"Person","@id":"https:\/\/notabene.world\/nb\/#\/schema\/person\/2227ed509f9261e544f6078919e1981d","name":"C vel K","image":{"@type":"ImageObject","inLanguage":"pl-PL","@id":"https:\/\/secure.gravatar.com\/avatar\/da4181237ddf77c667487dd66af5231faaf45fbcb0774d7a408f868da56bf04c?s=96&d=mm&r=g","url":"https:\/\/secure.gravatar.com\/avatar\/da4181237ddf77c667487dd66af5231faaf45fbcb0774d7a408f868da56bf04c?s=96&d=mm&r=g","contentUrl":"https:\/\/secure.gravatar.com\/avatar\/da4181237ddf77c667487dd66af5231faaf45fbcb0774d7a408f868da56bf04c?s=96&d=mm&r=g","caption":"C vel K"},"url":"https:\/\/notabene.world\/nb\/author\/kcedro\/"}]}},"jetpack_featured_media_url":"https:\/\/i0.wp.com\/notabene.world\/nb\/wp-content\/uploads\/2025\/07\/pdboc7-1.jpg?fit=800%2C445&ssl=1","jetpack_sharing_enabled":true,"jetpack_shortlink":"https:\/\/wp.me\/pdCobN-dp","_links":{"self":[{"href":"https:\/\/notabene.world\/nb\/wp-json\/wp\/v2\/posts\/831","targetHints":{"allow":["GET"]}}],"collection":[{"href":"https:\/\/notabene.world\/nb\/wp-json\/wp\/v2\/posts"}],"about":[{"href":"https:\/\/notabene.world\/nb\/wp-json\/wp\/v2\/types\/post"}],"author":[{"embeddable":true,"href":"https:\/\/notabene.world\/nb\/wp-json\/wp\/v2\/users\/1"}],"replies":[{"embeddable":true,"href":"https:\/\/notabene.world\/nb\/wp-json\/wp\/v2\/comments?post=831"}],"version-history":[{"count":5,"href":"https:\/\/notabene.world\/nb\/wp-json\/wp\/v2\/posts\/831\/revisions"}],"predecessor-version":[{"id":17424,"href":"https:\/\/notabene.world\/nb\/wp-json\/wp\/v2\/posts\/831\/revisions\/17424"}],"wp:featuredmedia":[{"embeddable":true,"href":"https:\/\/notabene.world\/nb\/wp-json\/wp\/v2\/media\/15509"}],"wp:attachment":[{"href":"https:\/\/notabene.world\/nb\/wp-json\/wp\/v2\/media?parent=831"}],"wp:term":[{"taxonomy":"category","embeddable":true,"href":"https:\/\/notabene.world\/nb\/wp-json\/wp\/v2\/categories?post=831"},{"taxonomy":"post_tag","embeddable":true,"href":"https:\/\/notabene.world\/nb\/wp-json\/wp\/v2\/tags?post=831"}],"curies":[{"name":"wp","href":"https:\/\/api.w.org\/{rel}","templated":true}]}}