{"id":845,"date":"2025-11-11T22:00:48","date_gmt":"2025-11-11T22:00:48","guid":{"rendered":"https:\/\/notabene.world\/nb\/?p=845"},"modified":"2025-11-12T11:33:02","modified_gmt":"2025-11-12T11:33:02","slug":"polska-rapsodia","status":"publish","type":"post","link":"https:\/\/notabene.world\/nb\/polska-rapsodia\/","title":{"rendered":"Zimna wojna. Polska rapsodia 2025"},"content":{"rendered":"\n<p>Sto siedem lat p\u00f3\u017aniej czas by znowu napisa\u0107 co\u015b o mi\u0142o\u015bci, co nie zna granic, o wierze, co g\u00f3ry przenosi oraz nadziei, co nie jest jedynie&nbsp;<em>matk\u0105 g\u0142upich i naiwnych.<\/em> W 100-lecie naszej niepodleg\u0142i\u015bci &#8211; 11 listopada 2018 r. &#8211; siedza\u0142em w zadumie wewn\u0105trz ogromnej Bazyliki Brukselskiej (<em>Basilique du&nbsp;Sacr\u00e9-C\u0153ur \u00e0 Koekelberg)<\/em>, gdzie w Wielkim Roku 1989 Freddie Mercury wy\u015bpiewa\u0142 ze swym kr\u00f3lewskim zespo\u0142em&nbsp;<em>Boh\u00e9msk\u0105 raps\u00f3di\u0119<\/em>. Wracam oczyma wyobra\u017ani do tamtych czas\u00f3w. Gdy Freddie \u015bpiewa\u0142&nbsp;<em>Bismillah!<\/em>&nbsp;<em>(w imi\u0119 Boga!)<\/em>,&nbsp;<em>Mamma mia (sk\u0105dkolwiek wiej\u0105 wiatry),<\/em>&nbsp;w Polsce te\u017c ju\u017c by\u0142o po wyborach, a pod Kolumn\u0105 Zygmunta ta\u0144czono poloneza i zewsz\u0105d pobrzmiewa\u0142o rapsodyczne&nbsp;<em>Kochajmy si\u0119!&nbsp;<\/em>Tak by\u0142o.<\/p>\n\n\n\n<p>Wszelkie rapsodie maj\u0105 naturalnie swoje w\u0142asne i znacznie d\u0142u\u017csze historie. W czasach antycznej Grecji pojmowano <em>rapsodi\u0119<\/em>&nbsp;jako&nbsp;<em>tkan\u0105 muzyk\u0119.&nbsp;<\/em>By\u0142y to pie\u015bni z obowi\u0105zkowymi elementami improwizacji, wykonywane podczas publicznych zgromadze\u0144 przez utalentowanych zapiewaj\u0142\u00f3w. Ot, taki&nbsp;<em>ludowy jazz<\/em>, mo\u017cna powiedzie\u0107: czasem wznios\u0142y, czasem egzaltowany, zawsze inspiruj\u0105cy i pe\u0142en niez\u0142omnej wiary, nieustaj\u0105co daj\u0105cej nadziej\u0119, \u017ce otaczaj\u0105ca tragikomiczna rzeczywisto\u015b\u0107 ma jednak (jaki\u015b) sens.<\/p>\n\n\n\n<p>Na odzyskanie przez Polsk\u0119 niepodleg\u0142o\u015bci 107 lat temu kilka pokole\u0144 musia\u0142o czeka\u0107 123 lata. Kolejne pokolenia czeka\u0142y na ostateczny rapsodyczny upadek\u00a0<em>\u017celaznej kurtyny,\u00a0<\/em>a\u017c do roku 2004, czyli do rozszerzenia Unii Europejskiej na Wsch\u00f3d. To wszystko wiemy, ale czy rozumiemy? Has\u0142o tegorocznego Marszu Niepodleg\u0142o\u015bci w Warszawie przera\u017ca tym bardziej, \u017ce identyfikuje si\u0119 z nim tak wiele os\u00f3b, od prezydenta RP pozynaj\u0105c. &#8222;Jeden nar\u00f3d, silna Polska!&#8221; wydaje si\u0119 by\u0107 okrzykiem ju\u017c nie tylko nacjonalistycznym, ale te\u017c symptomem rodz\u0105cego si\u0119 na naszych oczach neofaszyzmu. <\/p>\n\n\n\n<p>Ponad 100 tysi\u0119cy uczestnik\u00f3w wydaje si\u0119 popiera\u0107 anachroniczne idee, tak jakby\u015bmy nie przynale\u017celi do Unii Europejskiej, kt\u00f3rej fundamentem jest przecie\u017c r\u00f3\u017cnorodno\u015b\u0107 i otwarto\u015b\u0107. Bezduszny <em>r\u00f3w mentalny<\/em>\u00a0wykopany przez polityczn\u0105 sekt\u0119 po katastrofie smole\u0144skiej w 2010 roku jest nadal metodycznie pog\u0142\u0119biany w \u015bwiadomo\u015bci obecnego pokolenia. Trwa w najlepsze polsko-polska <em>zimna wojna. <\/em>Zn\u00f3w przypomina si\u0119 Freddie i jego rapsodyczne s\u0142owa:\u00a0<em>Otw\u00f3rz oczy, sp\u00f3jrz w niebo i zobacz\u2026 \u0142atwo przysz\u0142o, \u0142atwo posz\u0142o\u2026 sk\u0105dkolwiek wieje wiatr [historii?].\u00a0<\/em>Dla pe\u0142nego obrazu warto raz jeszcze obejrze\u0107\u00a0<em>Boh\u00e9msk\u0105 raps\u00f3di\u0119.<\/em><\/p>\n\n\n\n<p>C\u00f3\u017c jednak pocz\u0105\u0107 ze wspomnianym przed chwil\u0105&nbsp;<em>rowem<\/em>? Ano, trzeba do niego wody wla\u0107 i dalej idealn\u0105 cho\u0107 metaforyczn\u0105 odpowiedzi\u0105 na to pytanie wydaje si\u0119 inny film pt. <em>Zimna wojna<\/em>. To jest taka w\u0142a\u015bnie rapsodyczna historia o mi\u0142o\u015bci, wierze i nadziei, kt\u00f3ra niczym <em>katharsis<\/em>&nbsp;podsuwa nam<em>&nbsp;<\/em>rozwi\u0105zanie wsp\u00f3\u0142czesnego dylematu w formie ludowej przy\u015bpiewki:<\/p>\n\n\n\n<figure class=\"wp-block-table\"><table class=\"has-fixed-layout\"><tbody><tr><td><em>Jo za wodom Ty za wodom<br>Jakze jo ci gymby podom<br>Podom ci jom na listecku<br>Ne\u015bci ne\u015bci kochanecku<br>Podom ci jom na listecku<br>Ne\u015bci ne\u015bci kochanecku<br>Jo za wodom Ty za wodom<br>Jak b\u0119dziemy bywa\u0107 z sobom<br>Naucymy konia p\u0142ywa\u0107<\/em><br><em>Jo za wodom Ty za wodom<br>Jakze jo ci gymby podom<br>Podom ci jom na listecku<br>Ne\u015bci ne\u015bci kochanecku<br>Podom ci jom na listecku<br>Ne\u015bci ne\u015bci kochanecku<br>Jo za wodom Ty za wodom<\/em><br><em>Jak b\u0119dziemy bywa\u0107 z sobom<\/em><\/td><td><em>Jo za wodom Ty za wodom<\/em><br><em>Jak b\u0119dziemy bywa\u0107 z sobom<br>Naucymy konia p\u0142ywa\u0107<br>Bedziemy ze sobom bywa\u0107<br>Naucymy konia p\u0142ywa\u0107<br>Bedziemy ze sobom bywa\u0107<br>Ch\u0142o\u0107by kielo wielko woda<br>Dlo mnie zodno to przeskoda<br>Cy przefurgnon\u0107 cy przep\u0142ynon\u0107<br>Ku Tobie moja dziywcyno<br>Cy przefurgnon\u0107 cy przep\u0142ynon\u0107<br>Ku Tobie moja dziywcyno<br>I tak \u0142oba wymy\u015blali<\/em><br><em>Ze si\u0119 nigdy nie spotkali<br>Kieby mi\u0142o\u015b\u0107 wrzonco by\u0142a<br>To by wode \u0142osusy\u0142a<br>Kieby mi\u0142o\u015b\u0107 wrzonco by\u0142a<br>To by wode \u0142osusy\u0142a<\/em><\/td><\/tr><\/tbody><\/table><\/figure>\n\n\n\n<h2 class=\"wp-block-heading\"><\/h2>\n\n\n\n\n\n<p class=\"has-text-align-right\"><\/p>\n\n\n\n<figure class=\"wp-block-image\"><img data-recalc-dims=\"1\" loading=\"lazy\" decoding=\"async\" width=\"800\" height=\"1200\" src=\"https:\/\/i0.wp.com\/notabene.world\/nb\/wp-content\/uploads\/2018\/11\/zwo0a.jpg?resize=800%2C1200&#038;ssl=1\" alt=\"\" class=\"wp-image-10942\" srcset=\"https:\/\/i0.wp.com\/notabene.world\/nb\/wp-content\/uploads\/2018\/11\/zwo0a.jpg?w=800&amp;ssl=1 800w, https:\/\/i0.wp.com\/notabene.world\/nb\/wp-content\/uploads\/2018\/11\/zwo0a.jpg?resize=200%2C300&amp;ssl=1 200w, https:\/\/i0.wp.com\/notabene.world\/nb\/wp-content\/uploads\/2018\/11\/zwo0a.jpg?resize=683%2C1024&amp;ssl=1 683w, https:\/\/i0.wp.com\/notabene.world\/nb\/wp-content\/uploads\/2018\/11\/zwo0a.jpg?resize=768%2C1152&amp;ssl=1 768w\" sizes=\"auto, (max-width: 800px) 100vw, 800px\" \/><\/figure>\n\n\n\n<p class=\"has-text-align-center has-text-align-right\"><\/p>\n\n\n\n<p><\/p>\n","protected":false},"excerpt":{"rendered":"<p>Sto siedem lat p\u00f3\u017aniej czas by znowu napisa\u0107 co\u015b o mi\u0142o\u015bci, co nie zna granic, o wierze, co g\u00f3ry przenosi oraz nadziei, co nie jest jedynie\u00a0matk\u0105 g\u0142upich i naiwnych. 11 listopada 2018 r. siedza\u0142em w zadumie wewn\u0105trz ogromnej Bazyliki Brukselskiej (Basilique du\u00a0Sacr\u00e9-C\u0153ur \u00e0 Koekelberg), gdzie w Wielkim Roku 1989 Freddie Mercury wy\u015bpiewa\u0142 ze swym kr\u00f3lewskim zespo\u0142em\u00a0Boh\u00e9msk\u0105 raps\u00f3di\u0119. Wracam oczyma wyobra\u017ani do tamtych czas\u00f3w. Gdy Freddie \u015bpiewa\u0142\u00a0Bismillah!\u00a0(w imi\u0119 Boga!),\u00a0Mamma mia (sk\u0105dkolwiek wiej\u0105 wiatry),\u00a0w Polsce te\u017c ju\u017c by\u0142o po wyborach, a pod Kolumn\u0105 Zygmunta ta\u0144czono poloneza i zewsz\u0105d pobrzmiewa\u0142o rapsodyczne\u00a0Kochajmy si\u0119!\u00a0Tak by\u0142o.<br \/>\n<br \/>\nNa odzyskanie przez Polsk\u0119 niepodleg\u0142o\u015bci 107 lat temu kilka pokole\u0144 musia\u0142o czeka\u0107 123 lata. Kolejne pokolenia czeka\u0142y na ostateczny rapsodyczny upadek\u00a0\u017celaznej kurtyny,\u00a0a\u017c do roku 2004, czyli do rozszerzenia Unii Europejskiej na Wsch\u00f3d. To wszystko wiemy, ale czy rozumiemy? Has\u0142o tegorocznego Marszu Niepodleg\u0142o\u015bci w Warszawie przera\u017ca tym bardziej, \u017ce identyfikuje si\u0119 z nim tak wiele os\u00f3b, od prezydenta RP pozynaj\u0105c. &#8222;Jeden nar\u00f3d, silna Polska!&#8221; wydaje si\u0119 by\u0107 okrzykiem ju\u017c nie tylko nacjonalistycznym, ale te\u017c symptomem rodz\u0105cego si\u0119 na naszych oczach neofaszyzmu. Ponad 100 tysi\u0119cy uczestnik\u00f3w wydaje si\u0119 popiera\u0107 anachroniczne idee, tak jakby\u015bmy nie przynale\u017celi do Unii Europejskiej, kt\u00f3rej fundamentem jest przecie\u017c r\u00f3\u017cnorodno\u015b\u0107 i otwarto\u015b\u0107. Bezduszny r\u00f3w mentalny\u00a0wykopany przez polityczn\u0105 sekt\u0119 po katastrofie smole\u0144skiej w 2010 roku jest nadal metodycznie pog\u0142\u0119biany w \u015bwiadomo\u015bci obecnego pokolenia.<\/p>\n","protected":false},"author":1,"featured_media":10941,"comment_status":"closed","ping_status":"closed","sticky":false,"template":"","format":"standard","meta":{"colormag_page_container_layout":"no_sidebar_content_centered","colormag_page_sidebar_layout":"no_sidebar","_jetpack_memberships_contains_paid_content":false,"footnotes":"","_links_to":"","_links_to_target":""},"categories":[64,42,48],"tags":[],"class_list":["post-845","post","type-post","status-publish","format-standard","has-post-thumbnail","hentry","category-aktualnosci","category-felietony","category-wiecej-swiatla"],"yoast_head":"<!-- This site is optimized with the Yoast SEO plugin v27.5 - https:\/\/yoast.com\/product\/yoast-seo-wordpress\/ -->\n<title>Zimna wojna. Polska rapsodia 2025 - NOTABENE.WORLD<\/title>\n<meta name=\"robots\" content=\"index, follow, max-snippet:-1, max-image-preview:large, max-video-preview:-1\" \/>\n<link rel=\"canonical\" href=\"https:\/\/notabene.world\/nb\/polska-rapsodia\/\" \/>\n<meta property=\"og:locale\" content=\"pl_PL\" \/>\n<meta property=\"og:type\" content=\"article\" \/>\n<meta property=\"og:title\" content=\"Zimna wojna. Polska rapsodia 2025 - NOTABENE.WORLD\" \/>\n<meta property=\"og:description\" content=\"Sto siedem lat p\u00f3\u017aniej czas by znowu napisa\u0107 co\u015b o mi\u0142o\u015bci, co nie zna granic, o wierze, co g\u00f3ry przenosi oraz nadziei, co nie jest jedynie\u00a0matk\u0105 g\u0142upich i naiwnych. 11 listopada 2018 r. siedza\u0142em w zadumie wewn\u0105trz ogromnej Bazyliki Brukselskiej (Basilique du\u00a0Sacr\u00e9-C\u0153ur \u00e0 Koekelberg), gdzie w Wielkim Roku 1989 Freddie Mercury wy\u015bpiewa\u0142 ze swym kr\u00f3lewskim zespo\u0142em\u00a0Boh\u00e9msk\u0105 raps\u00f3di\u0119. Wracam oczyma wyobra\u017ani do tamtych czas\u00f3w. Gdy Freddie \u015bpiewa\u0142\u00a0Bismillah!\u00a0(w imi\u0119 Boga!),\u00a0Mamma mia (sk\u0105dkolwiek wiej\u0105 wiatry),\u00a0w Polsce te\u017c ju\u017c by\u0142o po wyborach, a pod Kolumn\u0105 Zygmunta ta\u0144czono poloneza i zewsz\u0105d pobrzmiewa\u0142o rapsodyczne\u00a0Kochajmy si\u0119!\u00a0Tak by\u0142o. Na odzyskanie przez Polsk\u0119 niepodleg\u0142o\u015bci 107 lat temu kilka pokole\u0144 musia\u0142o czeka\u0107 123 lata. Kolejne pokolenia czeka\u0142y na ostateczny rapsodyczny upadek\u00a0\u017celaznej kurtyny,\u00a0a\u017c do roku 2004, czyli do rozszerzenia Unii Europejskiej na Wsch\u00f3d. To wszystko wiemy, ale czy rozumiemy? Has\u0142o tegorocznego Marszu Niepodleg\u0142o\u015bci w Warszawie przera\u017ca tym bardziej, \u017ce identyfikuje si\u0119 z nim tak wiele os\u00f3b, od prezydenta RP pozynaj\u0105c. &quot;Jeden nar\u00f3d, silna Polska!&quot; wydaje si\u0119 by\u0107 okrzykiem ju\u017c nie tylko nacjonalistycznym, ale te\u017c symptomem rodz\u0105cego si\u0119 na naszych oczach neofaszyzmu. Ponad 100 tysi\u0119cy uczestnik\u00f3w wydaje si\u0119 popiera\u0107 anachroniczne idee, tak jakby\u015bmy nie przynale\u017celi do Unii Europejskiej, kt\u00f3rej fundamentem jest przecie\u017c r\u00f3\u017cnorodno\u015b\u0107 i otwarto\u015b\u0107. Bezduszny r\u00f3w mentalny\u00a0wykopany przez polityczn\u0105 sekt\u0119 po katastrofie smole\u0144skiej w 2010 roku jest nadal metodycznie pog\u0142\u0119biany w \u015bwiadomo\u015bci obecnego pokolenia.\" \/>\n<meta property=\"og:url\" content=\"https:\/\/notabene.world\/nb\/polska-rapsodia\/\" \/>\n<meta property=\"og:site_name\" content=\"NOTABENE.WORLD\" \/>\n<meta property=\"article:publisher\" content=\"https:\/\/www.facebook.com\/Notabene.World\" \/>\n<meta property=\"article:published_time\" content=\"2025-11-11T22:00:48+00:00\" \/>\n<meta property=\"article:modified_time\" content=\"2025-11-12T11:33:02+00:00\" \/>\n<meta property=\"og:image\" content=\"https:\/\/notabene.world\/nb\/wp-content\/uploads\/2018\/11\/zwo0.jpg\" \/>\n\t<meta property=\"og:image:width\" content=\"800\" \/>\n\t<meta property=\"og:image:height\" content=\"445\" \/>\n\t<meta property=\"og:image:type\" content=\"image\/jpeg\" \/>\n<meta name=\"author\" content=\"C vel K\" \/>\n<meta name=\"twitter:card\" content=\"summary_large_image\" \/>\n<meta name=\"twitter:label1\" content=\"Napisane przez\" \/>\n\t<meta name=\"twitter:data1\" content=\"C vel K\" \/>\n\t<meta name=\"twitter:label2\" content=\"Szacowany czas czytania\" \/>\n\t<meta name=\"twitter:data2\" content=\"3 minuty\" \/>\n<script type=\"application\/ld+json\" class=\"yoast-schema-graph\">{\"@context\":\"https:\\\/\\\/schema.org\",\"@graph\":[{\"@type\":\"Article\",\"@id\":\"https:\\\/\\\/notabene.world\\\/nb\\\/polska-rapsodia\\\/#article\",\"isPartOf\":{\"@id\":\"https:\\\/\\\/notabene.world\\\/nb\\\/polska-rapsodia\\\/\"},\"author\":{\"name\":\"C vel K\",\"@id\":\"https:\\\/\\\/notabene.world\\\/nb\\\/#\\\/schema\\\/person\\\/2227ed509f9261e544f6078919e1981d\"},\"headline\":\"Zimna wojna. Polska rapsodia 2025\",\"datePublished\":\"2025-11-11T22:00:48+00:00\",\"dateModified\":\"2025-11-12T11:33:02+00:00\",\"mainEntityOfPage\":{\"@id\":\"https:\\\/\\\/notabene.world\\\/nb\\\/polska-rapsodia\\\/\"},\"wordCount\":629,\"publisher\":{\"@id\":\"https:\\\/\\\/notabene.world\\\/nb\\\/#organization\"},\"image\":{\"@id\":\"https:\\\/\\\/notabene.world\\\/nb\\\/polska-rapsodia\\\/#primaryimage\"},\"thumbnailUrl\":\"https:\\\/\\\/i0.wp.com\\\/notabene.world\\\/nb\\\/wp-content\\\/uploads\\\/2018\\\/11\\\/zwo0.jpg?fit=800%2C445&ssl=1\",\"articleSection\":[\"Aktualno\u015bci\",\"Felietony\",\"WI\u0118CEJ \u015aWIAT(\u0141)A\"],\"inLanguage\":\"pl-PL\"},{\"@type\":\"WebPage\",\"@id\":\"https:\\\/\\\/notabene.world\\\/nb\\\/polska-rapsodia\\\/\",\"url\":\"https:\\\/\\\/notabene.world\\\/nb\\\/polska-rapsodia\\\/\",\"name\":\"Zimna wojna. Polska rapsodia 2025 - NOTABENE.WORLD\",\"isPartOf\":{\"@id\":\"https:\\\/\\\/notabene.world\\\/nb\\\/#website\"},\"primaryImageOfPage\":{\"@id\":\"https:\\\/\\\/notabene.world\\\/nb\\\/polska-rapsodia\\\/#primaryimage\"},\"image\":{\"@id\":\"https:\\\/\\\/notabene.world\\\/nb\\\/polska-rapsodia\\\/#primaryimage\"},\"thumbnailUrl\":\"https:\\\/\\\/i0.wp.com\\\/notabene.world\\\/nb\\\/wp-content\\\/uploads\\\/2018\\\/11\\\/zwo0.jpg?fit=800%2C445&ssl=1\",\"datePublished\":\"2025-11-11T22:00:48+00:00\",\"dateModified\":\"2025-11-12T11:33:02+00:00\",\"breadcrumb\":{\"@id\":\"https:\\\/\\\/notabene.world\\\/nb\\\/polska-rapsodia\\\/#breadcrumb\"},\"inLanguage\":\"pl-PL\",\"potentialAction\":[{\"@type\":\"ReadAction\",\"target\":[\"https:\\\/\\\/notabene.world\\\/nb\\\/polska-rapsodia\\\/\"]}]},{\"@type\":\"ImageObject\",\"inLanguage\":\"pl-PL\",\"@id\":\"https:\\\/\\\/notabene.world\\\/nb\\\/polska-rapsodia\\\/#primaryimage\",\"url\":\"https:\\\/\\\/i0.wp.com\\\/notabene.world\\\/nb\\\/wp-content\\\/uploads\\\/2018\\\/11\\\/zwo0.jpg?fit=800%2C445&ssl=1\",\"contentUrl\":\"https:\\\/\\\/i0.wp.com\\\/notabene.world\\\/nb\\\/wp-content\\\/uploads\\\/2018\\\/11\\\/zwo0.jpg?fit=800%2C445&ssl=1\",\"width\":800,\"height\":445},{\"@type\":\"BreadcrumbList\",\"@id\":\"https:\\\/\\\/notabene.world\\\/nb\\\/polska-rapsodia\\\/#breadcrumb\",\"itemListElement\":[{\"@type\":\"ListItem\",\"position\":1,\"name\":\"Home\",\"item\":\"https:\\\/\\\/notabene.world\\\/nb\\\/\"},{\"@type\":\"ListItem\",\"position\":2,\"name\":\"Zimna wojna. Polska rapsodia 2025\"}]},{\"@type\":\"WebSite\",\"@id\":\"https:\\\/\\\/notabene.world\\\/nb\\\/#website\",\"url\":\"https:\\\/\\\/notabene.world\\\/nb\\\/\",\"name\":\"NOTABENE.WORLD\",\"description\":\"Przekaz. Warto\u015bci. Wsp\u00f3lnota.\",\"publisher\":{\"@id\":\"https:\\\/\\\/notabene.world\\\/nb\\\/#organization\"},\"potentialAction\":[{\"@type\":\"SearchAction\",\"target\":{\"@type\":\"EntryPoint\",\"urlTemplate\":\"https:\\\/\\\/notabene.world\\\/nb\\\/?s={search_term_string}\"},\"query-input\":{\"@type\":\"PropertyValueSpecification\",\"valueRequired\":true,\"valueName\":\"search_term_string\"}}],\"inLanguage\":\"pl-PL\"},{\"@type\":\"Organization\",\"@id\":\"https:\\\/\\\/notabene.world\\\/nb\\\/#organization\",\"name\":\"NOTABENE.WORLD\",\"url\":\"https:\\\/\\\/notabene.world\\\/nb\\\/\",\"logo\":{\"@type\":\"ImageObject\",\"inLanguage\":\"pl-PL\",\"@id\":\"https:\\\/\\\/notabene.world\\\/nb\\\/#\\\/schema\\\/logo\\\/image\\\/\",\"url\":\"https:\\\/\\\/notabene.world\\\/nb\\\/wp-content\\\/uploads\\\/2022\\\/01\\\/NB-club-start-www1.jpg\",\"contentUrl\":\"https:\\\/\\\/notabene.world\\\/nb\\\/wp-content\\\/uploads\\\/2022\\\/01\\\/NB-club-start-www1.jpg\",\"width\":1000,\"height\":839,\"caption\":\"NOTABENE.WORLD\"},\"image\":{\"@id\":\"https:\\\/\\\/notabene.world\\\/nb\\\/#\\\/schema\\\/logo\\\/image\\\/\"},\"sameAs\":[\"https:\\\/\\\/www.facebook.com\\\/Notabene.World\"]},{\"@type\":\"Person\",\"@id\":\"https:\\\/\\\/notabene.world\\\/nb\\\/#\\\/schema\\\/person\\\/2227ed509f9261e544f6078919e1981d\",\"name\":\"C vel K\",\"image\":{\"@type\":\"ImageObject\",\"inLanguage\":\"pl-PL\",\"@id\":\"https:\\\/\\\/secure.gravatar.com\\\/avatar\\\/da4181237ddf77c667487dd66af5231faaf45fbcb0774d7a408f868da56bf04c?s=96&d=mm&r=g\",\"url\":\"https:\\\/\\\/secure.gravatar.com\\\/avatar\\\/da4181237ddf77c667487dd66af5231faaf45fbcb0774d7a408f868da56bf04c?s=96&d=mm&r=g\",\"contentUrl\":\"https:\\\/\\\/secure.gravatar.com\\\/avatar\\\/da4181237ddf77c667487dd66af5231faaf45fbcb0774d7a408f868da56bf04c?s=96&d=mm&r=g\",\"caption\":\"C vel K\"},\"url\":\"https:\\\/\\\/notabene.world\\\/nb\\\/author\\\/kcedro\\\/\"}]}<\/script>\n<!-- \/ Yoast SEO plugin. -->","yoast_head_json":{"title":"Zimna wojna. Polska rapsodia 2025 - NOTABENE.WORLD","robots":{"index":"index","follow":"follow","max-snippet":"max-snippet:-1","max-image-preview":"max-image-preview:large","max-video-preview":"max-video-preview:-1"},"canonical":"https:\/\/notabene.world\/nb\/polska-rapsodia\/","og_locale":"pl_PL","og_type":"article","og_title":"Zimna wojna. Polska rapsodia 2025 - NOTABENE.WORLD","og_description":"Sto siedem lat p\u00f3\u017aniej czas by znowu napisa\u0107 co\u015b o mi\u0142o\u015bci, co nie zna granic, o wierze, co g\u00f3ry przenosi oraz nadziei, co nie jest jedynie\u00a0matk\u0105 g\u0142upich i naiwnych. 11 listopada 2018 r. siedza\u0142em w zadumie wewn\u0105trz ogromnej Bazyliki Brukselskiej (Basilique du\u00a0Sacr\u00e9-C\u0153ur \u00e0 Koekelberg), gdzie w Wielkim Roku 1989 Freddie Mercury wy\u015bpiewa\u0142 ze swym kr\u00f3lewskim zespo\u0142em\u00a0Boh\u00e9msk\u0105 raps\u00f3di\u0119. Wracam oczyma wyobra\u017ani do tamtych czas\u00f3w. Gdy Freddie \u015bpiewa\u0142\u00a0Bismillah!\u00a0(w imi\u0119 Boga!),\u00a0Mamma mia (sk\u0105dkolwiek wiej\u0105 wiatry),\u00a0w Polsce te\u017c ju\u017c by\u0142o po wyborach, a pod Kolumn\u0105 Zygmunta ta\u0144czono poloneza i zewsz\u0105d pobrzmiewa\u0142o rapsodyczne\u00a0Kochajmy si\u0119!\u00a0Tak by\u0142o. Na odzyskanie przez Polsk\u0119 niepodleg\u0142o\u015bci 107 lat temu kilka pokole\u0144 musia\u0142o czeka\u0107 123 lata. Kolejne pokolenia czeka\u0142y na ostateczny rapsodyczny upadek\u00a0\u017celaznej kurtyny,\u00a0a\u017c do roku 2004, czyli do rozszerzenia Unii Europejskiej na Wsch\u00f3d. To wszystko wiemy, ale czy rozumiemy? Has\u0142o tegorocznego Marszu Niepodleg\u0142o\u015bci w Warszawie przera\u017ca tym bardziej, \u017ce identyfikuje si\u0119 z nim tak wiele os\u00f3b, od prezydenta RP pozynaj\u0105c. \"Jeden nar\u00f3d, silna Polska!\" wydaje si\u0119 by\u0107 okrzykiem ju\u017c nie tylko nacjonalistycznym, ale te\u017c symptomem rodz\u0105cego si\u0119 na naszych oczach neofaszyzmu. Ponad 100 tysi\u0119cy uczestnik\u00f3w wydaje si\u0119 popiera\u0107 anachroniczne idee, tak jakby\u015bmy nie przynale\u017celi do Unii Europejskiej, kt\u00f3rej fundamentem jest przecie\u017c r\u00f3\u017cnorodno\u015b\u0107 i otwarto\u015b\u0107. Bezduszny r\u00f3w mentalny\u00a0wykopany przez polityczn\u0105 sekt\u0119 po katastrofie smole\u0144skiej w 2010 roku jest nadal metodycznie pog\u0142\u0119biany w \u015bwiadomo\u015bci obecnego pokolenia.","og_url":"https:\/\/notabene.world\/nb\/polska-rapsodia\/","og_site_name":"NOTABENE.WORLD","article_publisher":"https:\/\/www.facebook.com\/Notabene.World","article_published_time":"2025-11-11T22:00:48+00:00","article_modified_time":"2025-11-12T11:33:02+00:00","og_image":[{"width":800,"height":445,"url":"https:\/\/notabene.world\/nb\/wp-content\/uploads\/2018\/11\/zwo0.jpg","type":"image\/jpeg"}],"author":"C vel K","twitter_card":"summary_large_image","twitter_misc":{"Napisane przez":"C vel K","Szacowany czas czytania":"3 minuty"},"schema":{"@context":"https:\/\/schema.org","@graph":[{"@type":"Article","@id":"https:\/\/notabene.world\/nb\/polska-rapsodia\/#article","isPartOf":{"@id":"https:\/\/notabene.world\/nb\/polska-rapsodia\/"},"author":{"name":"C vel K","@id":"https:\/\/notabene.world\/nb\/#\/schema\/person\/2227ed509f9261e544f6078919e1981d"},"headline":"Zimna wojna. Polska rapsodia 2025","datePublished":"2025-11-11T22:00:48+00:00","dateModified":"2025-11-12T11:33:02+00:00","mainEntityOfPage":{"@id":"https:\/\/notabene.world\/nb\/polska-rapsodia\/"},"wordCount":629,"publisher":{"@id":"https:\/\/notabene.world\/nb\/#organization"},"image":{"@id":"https:\/\/notabene.world\/nb\/polska-rapsodia\/#primaryimage"},"thumbnailUrl":"https:\/\/i0.wp.com\/notabene.world\/nb\/wp-content\/uploads\/2018\/11\/zwo0.jpg?fit=800%2C445&ssl=1","articleSection":["Aktualno\u015bci","Felietony","WI\u0118CEJ \u015aWIAT(\u0141)A"],"inLanguage":"pl-PL"},{"@type":"WebPage","@id":"https:\/\/notabene.world\/nb\/polska-rapsodia\/","url":"https:\/\/notabene.world\/nb\/polska-rapsodia\/","name":"Zimna wojna. Polska rapsodia 2025 - NOTABENE.WORLD","isPartOf":{"@id":"https:\/\/notabene.world\/nb\/#website"},"primaryImageOfPage":{"@id":"https:\/\/notabene.world\/nb\/polska-rapsodia\/#primaryimage"},"image":{"@id":"https:\/\/notabene.world\/nb\/polska-rapsodia\/#primaryimage"},"thumbnailUrl":"https:\/\/i0.wp.com\/notabene.world\/nb\/wp-content\/uploads\/2018\/11\/zwo0.jpg?fit=800%2C445&ssl=1","datePublished":"2025-11-11T22:00:48+00:00","dateModified":"2025-11-12T11:33:02+00:00","breadcrumb":{"@id":"https:\/\/notabene.world\/nb\/polska-rapsodia\/#breadcrumb"},"inLanguage":"pl-PL","potentialAction":[{"@type":"ReadAction","target":["https:\/\/notabene.world\/nb\/polska-rapsodia\/"]}]},{"@type":"ImageObject","inLanguage":"pl-PL","@id":"https:\/\/notabene.world\/nb\/polska-rapsodia\/#primaryimage","url":"https:\/\/i0.wp.com\/notabene.world\/nb\/wp-content\/uploads\/2018\/11\/zwo0.jpg?fit=800%2C445&ssl=1","contentUrl":"https:\/\/i0.wp.com\/notabene.world\/nb\/wp-content\/uploads\/2018\/11\/zwo0.jpg?fit=800%2C445&ssl=1","width":800,"height":445},{"@type":"BreadcrumbList","@id":"https:\/\/notabene.world\/nb\/polska-rapsodia\/#breadcrumb","itemListElement":[{"@type":"ListItem","position":1,"name":"Home","item":"https:\/\/notabene.world\/nb\/"},{"@type":"ListItem","position":2,"name":"Zimna wojna. Polska rapsodia 2025"}]},{"@type":"WebSite","@id":"https:\/\/notabene.world\/nb\/#website","url":"https:\/\/notabene.world\/nb\/","name":"NOTABENE.WORLD","description":"Przekaz. Warto\u015bci. Wsp\u00f3lnota.","publisher":{"@id":"https:\/\/notabene.world\/nb\/#organization"},"potentialAction":[{"@type":"SearchAction","target":{"@type":"EntryPoint","urlTemplate":"https:\/\/notabene.world\/nb\/?s={search_term_string}"},"query-input":{"@type":"PropertyValueSpecification","valueRequired":true,"valueName":"search_term_string"}}],"inLanguage":"pl-PL"},{"@type":"Organization","@id":"https:\/\/notabene.world\/nb\/#organization","name":"NOTABENE.WORLD","url":"https:\/\/notabene.world\/nb\/","logo":{"@type":"ImageObject","inLanguage":"pl-PL","@id":"https:\/\/notabene.world\/nb\/#\/schema\/logo\/image\/","url":"https:\/\/notabene.world\/nb\/wp-content\/uploads\/2022\/01\/NB-club-start-www1.jpg","contentUrl":"https:\/\/notabene.world\/nb\/wp-content\/uploads\/2022\/01\/NB-club-start-www1.jpg","width":1000,"height":839,"caption":"NOTABENE.WORLD"},"image":{"@id":"https:\/\/notabene.world\/nb\/#\/schema\/logo\/image\/"},"sameAs":["https:\/\/www.facebook.com\/Notabene.World"]},{"@type":"Person","@id":"https:\/\/notabene.world\/nb\/#\/schema\/person\/2227ed509f9261e544f6078919e1981d","name":"C vel K","image":{"@type":"ImageObject","inLanguage":"pl-PL","@id":"https:\/\/secure.gravatar.com\/avatar\/da4181237ddf77c667487dd66af5231faaf45fbcb0774d7a408f868da56bf04c?s=96&d=mm&r=g","url":"https:\/\/secure.gravatar.com\/avatar\/da4181237ddf77c667487dd66af5231faaf45fbcb0774d7a408f868da56bf04c?s=96&d=mm&r=g","contentUrl":"https:\/\/secure.gravatar.com\/avatar\/da4181237ddf77c667487dd66af5231faaf45fbcb0774d7a408f868da56bf04c?s=96&d=mm&r=g","caption":"C vel K"},"url":"https:\/\/notabene.world\/nb\/author\/kcedro\/"}]}},"jetpack_featured_media_url":"https:\/\/i0.wp.com\/notabene.world\/nb\/wp-content\/uploads\/2018\/11\/zwo0.jpg?fit=800%2C445&ssl=1","jetpack_sharing_enabled":true,"jetpack_shortlink":"https:\/\/wp.me\/pdCobN-dD","_links":{"self":[{"href":"https:\/\/notabene.world\/nb\/wp-json\/wp\/v2\/posts\/845","targetHints":{"allow":["GET"]}}],"collection":[{"href":"https:\/\/notabene.world\/nb\/wp-json\/wp\/v2\/posts"}],"about":[{"href":"https:\/\/notabene.world\/nb\/wp-json\/wp\/v2\/types\/post"}],"author":[{"embeddable":true,"href":"https:\/\/notabene.world\/nb\/wp-json\/wp\/v2\/users\/1"}],"replies":[{"embeddable":true,"href":"https:\/\/notabene.world\/nb\/wp-json\/wp\/v2\/comments?post=845"}],"version-history":[{"count":5,"href":"https:\/\/notabene.world\/nb\/wp-json\/wp\/v2\/posts\/845\/revisions"}],"predecessor-version":[{"id":18074,"href":"https:\/\/notabene.world\/nb\/wp-json\/wp\/v2\/posts\/845\/revisions\/18074"}],"wp:featuredmedia":[{"embeddable":true,"href":"https:\/\/notabene.world\/nb\/wp-json\/wp\/v2\/media\/10941"}],"wp:attachment":[{"href":"https:\/\/notabene.world\/nb\/wp-json\/wp\/v2\/media?parent=845"}],"wp:term":[{"taxonomy":"category","embeddable":true,"href":"https:\/\/notabene.world\/nb\/wp-json\/wp\/v2\/categories?post=845"},{"taxonomy":"post_tag","embeddable":true,"href":"https:\/\/notabene.world\/nb\/wp-json\/wp\/v2\/tags?post=845"}],"curies":[{"name":"wp","href":"https:\/\/api.w.org\/{rel}","templated":true}]}}