{"id":8477,"date":"2022-12-17T11:05:00","date_gmt":"2022-12-17T10:05:00","guid":{"rendered":"https:\/\/notabene.world\/nb\/?p=8477"},"modified":"2023-12-13T12:10:38","modified_gmt":"2023-12-13T11:10:38","slug":"13-12-2022-41-lat-pozniej","status":"publish","type":"post","link":"https:\/\/notabene.world\/nb\/13-12-2022-41-lat-pozniej\/","title":{"rendered":"Nasza Polska AD 2022"},"content":{"rendered":"\r\n<p>Je\u017cdz\u0119 ostatnio po Polsce niemal\u017ce tyle samo, co prezes Jaros\u0142aw Kaczy\u0144ski. Nie, nie prowadz\u0119 kampanii wyborczej, ale i tak, co si\u0119 nas\u0142ucham, to si\u0119 nas\u0142ucham, no bo przecie\u017c o to chodzi, by wi\u0119cej s\u0142ucha\u0107 ni\u017c gada\u0107. W ramach szkole\u0144 spotykam si\u0119 z pracownikami ma\u0142ych i \u015brednich przedsi\u0119biorstw, kt\u00f3rzy zgodnie twierdz\u0105, i\u017c wszechmocny prezes i rz\u0105dz\u0105ca kasta maj\u0105 ich gdzie\u015b. Siedem lat p\u00f3\u017aniej znowu jest jak dawniej. S\u0105 oni i my &#8211; my i oni, kt\u00f3re to kategorie nijak si\u0119 maj\u0105 do rzeczywisto\u015bci opisywanej w codziennych fantasmagoriach i odlotach prezesa. Retoryka prezesa wydaje si\u0119 by\u0107 przejrzysta jedynie dla odbiorc\u00f3w tzw. medi\u00f3w narodowych.<\/p>\r\n\r\n\r\n\r\n<p>Prezes niczym szaman na wojnie emanuje agresj\u0105 wobec wydumanych wrog\u00f3w. Bez ogr\u00f3dek i wprost pokrzykuje o zniszczeniu wszystkich tych, kt\u00f3rzy o\u015bmielaj\u0105 si\u0119 przeciwstawi\u0107 ponurej i zak\u0142amanej wizji pa\u0144stwa, gdzie czarne ma by\u0107 bia\u0142e albo odwrotnie (bo on tak chce). Przypomina to gro\u017aby premiera Cyrankiewicza z 1956 r., wed\u0142ug kt\u00f3rego w\u0142adza ludowa mia\u0142a skrupulatnie odr\u0105ba\u0107 r\u0119k\u0119 ka\u017cdemu, kto si\u0119 z ni\u0105 nie zgadza. No tak, kto nie z nami, ten przeciwko nam!<\/p>\r\n\r\n\r\n\r\n<p>U schy\u0142ku roku 2022 nie da si\u0119 o tym my\u015ble\u0107 ze spokojem, zw\u0142aszcza \u017ce kilka dni temu min\u0119\u0142a ju\u017c czterdziesta pierwsza rocznica wprowadzenia stanu wojennego. 13 grudnia 1981 r. nieokrzesany Kaczy\u0144ski smacznie spa\u0142 do po\u0142udnia, podczas gdy dla wielu spo\u015br\u00f3d internowanych wtedy nad ranem polskich patriot\u00f3w ko\u0144czy\u0142 si\u0119 \u015bwiat. Dzisiejszy cyniczny prezes poza trybem i bez \u017cadnych skrupu\u0142\u00f3w dzieli i rz\u0105dzi oraz czeka na cud. Czy znowu kupi to ciemny lud? To sie oka\u017ce w 2023, ale chyba raczej nie. Mamy do\u015b\u0107. Nadworny specjalista od duszy ciemnego ludu, najwybitniejszy podobno polski ekonomista w\u015br\u00f3d propagandyst\u00f3w, Jacek Kurski za milion z\u0142otych rocznie prosto z TVP ucieka do Banku \u015awiatowego. Na posterunku pozostaje wszak najwi\u0119kszy \u2013 obok podkomisarza smole\u0144skiego Antoniego Macierewicza \u2013 szkodnik III RP, pose\u0142 Ziemi \u015awi\u0119tokrzyskiej i minister sprawiedliwo\u015bci Zbigniew Ziobro, wobec kt\u00f3rego zg\u0142oszono w\u0142a\u015bnie w Sejmie kolejne wotum nieufno\u015bci. 13 grudnia 2022 po raz kolejny te\u017c zabrak\u0142o kilku g\u0142os\u00f3w, by go odwo\u0142a\u0107. Premier Mateusz Morawiecki otwarcie krytykuje swojego ministra, po czym g\u0142osuje za pozostawieniem go na stanowisku. I tak oto pozorne zwyci\u0119stwo staje si\u0119 kl\u0119sk\u0105 dla nas wszystkich. A propos, Kurski i Ziobro nale\u017c\u0105 do tej samej partyjnej kanapy (0,7% poparcia) o paradoksalnie brzmi\u0105cej nazwie \u201cSolidarna Polska\u201d. Czy to przypadkiem nie oksymoron?<\/p>\r\n\r\n\r\n\r\n<p>Kilka dni temu znikn\u0105\u0142 z centralnego placu w Lublinie pomnik za\u0142o\u017cyciela i pierwszego rektora Katolickiego Uniwersytetu Lubelskiego w latach 1918-1922 ks. Idziego Radziszewskiego. Pomnik wzniesiony na 100-lecie KULu zaledwie 4 lata temu usuni\u0119to, aby \u201ezrobi\u0107 miejsce\u201d dla monumentu brata prezesa, prezydenta Lecha Kaczy\u0144skiego, kt\u00f3rego z Lublinem niewiele \u0142\u0105czy\u0142o. Wiele wi\u0119cej \u0142aczy z Lublinem profesora KULu i ministra edukacji Przemys\u0142awa Czarnka, kt\u00f3ry wydaje si\u0119 by\u0107 wielce niepocieszony podw\u00f3jnym wetem prezydenckim wobec swoich autorskich pr\u00f3b zaprowadzenia centralnie sterowanego zamordyzmu w polskiej o\u015bwiacie. Dobrze, \u017ce prezydent Andrzej Duda wreszcie zrozumia\u0142, \u017ce to jego ostatnia kadencja i tym samym mo\u017ce nieco wybi\u0107 si\u0119 na niepodleg\u0142o\u015b\u0107 oraz wydosta\u0107 si\u0119 w ko\u0144cu ze szpon\u00f3w wyimaginowanej wiekszo\u015bci rz\u0105dz\u0105cej. Jak to m\u00f3wi\u0105, lepiej p\u00f3\u017ano ni\u017c wcale.<\/p>\r\n\r\n\r\n\r\n<p>16 grudnia 2022 r. min\u0119\u0142o dok\u0142adnie 100 lat od zamordowania prezydenta Gabriela Narutowicza. Zastrzeli\u0142 go Eligiusz Niewiadomski, kt\u00f3ry w wolnej Polsce po roku 1989 staje si\u0119 patronem skrajnych nacjonalist\u00f3w z Narodowego Odrodzenia Polski i to nie jest \u017cart. Cz\u0142onkowie tej\u017ce neofaszystowskiej organizacji przedstawiaj\u0105 zbrodni\u0119 Niewiadomskiego jako akt najwy\u017cszego bohaterstwa. Trudno poj\u0105\u0107 ich pokr\u0119tn\u0105 logik\u0119, trudno te\u017c pozosta\u0107 wobec niej oboj\u0119tnym.<\/p>\r\n\r\n\r\n\r\n<p>Tymczasem komendant g\u0142\u00f3wny policji Jaros\u0142aw Szymczyk, niczym w jakiej\u015b sensacyjnej tragifarsie, bawi si\u0119 w swoim gabinecie granatnikiem, kt\u00f3ry niespodziewanie wystrzeliwuje, robi\u0105c wielk\u0105 dziur\u0119 w pod\u0142odze i suficie. Jest dwoje rannych i na szcz\u0119\u015bcie nikt nie zgin\u0105\u0142. Sam komendant z powodu utraty s\u0142uchu trafia do szpitala. Granatnik jest pono\u0107 prezentem gwiazdkowym od ukrai\u0144skich koleg\u00f3w po fachu. Jakby tego by\u0142o ma\u0142o, eks-marsza\u0142ek Senatu Stanis\u0142aw Karczewski zosta\u0142 przedwczoraj zaatakowany przez domniemanego \u201cboj\u00f3wkarza Tuska\u201d, no bo czyja\u015b wina zawsze musi by\u0107. I znowu nie wiadomo, o co chodzi. Oczywi\u015bcie, \u017ce wszystko to mo\u017cna by zbagatelizowa\u0107 i uzna\u0107 za na sw\u00f3j spos\u00f3b komiczne, gdyby nie by\u0142o prawdziwe i tragiczne zarazem. Robi si\u0119 niebezpiecznie. Dlatego na wschodniej flance NATO na terenie Polski lada moment pojawi\u0105 si\u0119 niemieckie patrioty, czyli jak trwoga, to jednak zaczynamy rozumie\u0107, \u017ce ani Unia Europejska, ani europejskie Niemcy nie stanowi\u0105 zagro\u017cenia dla naszej suwerenno\u015bci.<\/p>\r\n\r\n\r\n\r\n<p>Niekt\u00f3rzy wieszcz\u0105 i boj\u0105 si\u0119 faszyzmu. Ja za\u015b, odk\u0105d zacz\u0105\u0142em czyta\u0107 Josepha Conrada, po prostu boj\u0119 si\u0119 ciemno\u015bci. By\u0107 mo\u017ce to to samo. Mentalny faszyzm w\u0142a\u015bciwie ju\u017c tu jest i wko\u0142o robi si\u0119 coraz mroczniej i coraz mniej weso\u0142o. Taka jest nasza Polska 2022. Siedem lat p\u00f3\u017aniej i ci\u0105gle z dykty, nadal w ruinie? Teoretycznie i paradoksalnie tak. A jak naprawd\u0119 jest, nikt nie wie\u2026 ch\u0142op [za\u015b] pije, ale Jazz!<\/p>\r\n","protected":false},"excerpt":{"rendered":"<p>Kilka dni temu znikn\u0105\u0142 z centralnego placu w Lublinie pomnik za\u0142o\u017cyciela i pierwszego rektora Katolickiego Uniwersytetu Lubelskiego w latach 1918-1922 ks. Idziego Radziszewskiego. Pomnik wzniesiony na 100-lecie KULu zaledwie 4 lata temu usuni\u0119to, aby \u201ezrobi\u0107 miejsce\u201d dla monumentu brata prezesa, prezydenta Lecha Kaczy\u0144skiego, kt\u00f3rego z Lublinem niewiele \u0142\u0105czy\u0142o. <\/p>\n<p>Wiele wi\u0119cej \u0142aczy z Lublinem profesora KULu i ministra edukacji Przemys\u0142awa Czarnka, kt\u00f3ry wydaje si\u0119 by\u0107 wielce niepocieszony podw\u00f3jnym wetem prezydenckim wobec swoich autorskich pr\u00f3b zaprowadzenia centralnie sterowanego zamordyzmu w polskiej o\u015bwiacie. Dobrze, \u017ce prezydent Andrzej Duda wreszcie zrozumia\u0142, \u017ce to jego ostatnia kadencja i tym samym mo\u017ce nieco wybi\u0107 si\u0119 na niepodleg\u0142o\u015b\u0107 i tym samym wydosta\u0107 si\u0119 ze szpon\u00f3w wyimaginowanej wiekszo\u015bci rz\u0105dz\u0105cej. Jak to m\u00f3wi\u0105, lepiej p\u00f3\u017ano ni\u017c wcale.<\/p>\n","protected":false},"author":1,"featured_media":8506,"comment_status":"closed","ping_status":"closed","sticky":false,"template":"","format":"standard","meta":{"colormag_page_container_layout":"no_sidebar_content_centered","colormag_page_sidebar_layout":"no_sidebar","_jetpack_memberships_contains_paid_content":false,"footnotes":"","_links_to":"","_links_to_target":""},"categories":[64,42,48],"tags":[],"class_list":["post-8477","post","type-post","status-publish","format-standard","has-post-thumbnail","hentry","category-aktualnosci","category-felietony","category-wiecej-swiatla"],"yoast_head":"<!-- This site is optimized with the Yoast SEO plugin v27.4 - https:\/\/yoast.com\/product\/yoast-seo-wordpress\/ -->\n<title>Nasza Polska AD 2022 - NOTABENE.WORLD<\/title>\n<meta name=\"robots\" content=\"index, follow, max-snippet:-1, max-image-preview:large, max-video-preview:-1\" \/>\n<link rel=\"canonical\" href=\"https:\/\/notabene.world\/nb\/13-12-2022-41-lat-pozniej\/\" \/>\n<meta property=\"og:locale\" content=\"pl_PL\" \/>\n<meta property=\"og:type\" content=\"article\" \/>\n<meta property=\"og:title\" content=\"Nasza Polska AD 2022 - NOTABENE.WORLD\" \/>\n<meta property=\"og:description\" content=\"Kilka dni temu znikn\u0105\u0142 z centralnego placu w Lublinie pomnik za\u0142o\u017cyciela i pierwszego rektora Katolickiego Uniwersytetu Lubelskiego w latach 1918-1922 ks. Idziego Radziszewskiego. Pomnik wzniesiony na 100-lecie KULu zaledwie 4 lata temu usuni\u0119to, aby \u201ezrobi\u0107 miejsce\u201d dla monumentu brata prezesa, prezydenta Lecha Kaczy\u0144skiego, kt\u00f3rego z Lublinem niewiele \u0142\u0105czy\u0142o.   Wiele wi\u0119cej \u0142aczy z Lublinem profesora KULu i ministra edukacji Przemys\u0142awa Czarnka, kt\u00f3ry wydaje si\u0119 by\u0107 wielce niepocieszony podw\u00f3jnym wetem prezydenckim wobec swoich autorskich pr\u00f3b zaprowadzenia centralnie sterowanego zamordyzmu w polskiej o\u015bwiacie. Dobrze, \u017ce prezydent Andrzej Duda wreszcie zrozumia\u0142, \u017ce to jego ostatnia kadencja i tym samym mo\u017ce nieco wybi\u0107 si\u0119 na niepodleg\u0142o\u015b\u0107 i tym samym wydosta\u0107 si\u0119 ze szpon\u00f3w wyimaginowanej wiekszo\u015bci rz\u0105dz\u0105cej. Jak to m\u00f3wi\u0105, lepiej p\u00f3\u017ano ni\u017c wcale.\" \/>\n<meta property=\"og:url\" content=\"https:\/\/notabene.world\/nb\/13-12-2022-41-lat-pozniej\/\" \/>\n<meta property=\"og:site_name\" content=\"NOTABENE.WORLD\" \/>\n<meta property=\"article:publisher\" content=\"https:\/\/www.facebook.com\/Notabene.World\" \/>\n<meta property=\"article:published_time\" content=\"2022-12-17T10:05:00+00:00\" \/>\n<meta property=\"article:modified_time\" content=\"2023-12-13T11:10:38+00:00\" \/>\n<meta property=\"og:image\" content=\"https:\/\/notabene.world\/nb\/wp-content\/uploads\/2022\/12\/ir-lub.jpg\" \/>\n\t<meta property=\"og:image:width\" content=\"800\" \/>\n\t<meta property=\"og:image:height\" content=\"445\" \/>\n\t<meta property=\"og:image:type\" content=\"image\/jpeg\" \/>\n<meta name=\"author\" content=\"C vel K\" \/>\n<meta name=\"twitter:card\" content=\"summary_large_image\" \/>\n<meta name=\"twitter:label1\" content=\"Napisane przez\" \/>\n\t<meta name=\"twitter:data1\" content=\"C vel K\" \/>\n\t<meta name=\"twitter:label2\" content=\"Szacowany czas czytania\" \/>\n\t<meta name=\"twitter:data2\" content=\"4 minuty\" \/>\n<script type=\"application\/ld+json\" class=\"yoast-schema-graph\">{\"@context\":\"https:\\\/\\\/schema.org\",\"@graph\":[{\"@type\":\"Article\",\"@id\":\"https:\\\/\\\/notabene.world\\\/nb\\\/13-12-2022-41-lat-pozniej\\\/#article\",\"isPartOf\":{\"@id\":\"https:\\\/\\\/notabene.world\\\/nb\\\/13-12-2022-41-lat-pozniej\\\/\"},\"author\":{\"name\":\"C vel K\",\"@id\":\"https:\\\/\\\/notabene.world\\\/nb\\\/#\\\/schema\\\/person\\\/2227ed509f9261e544f6078919e1981d\"},\"headline\":\"Nasza Polska AD 2022\",\"datePublished\":\"2022-12-17T10:05:00+00:00\",\"dateModified\":\"2023-12-13T11:10:38+00:00\",\"mainEntityOfPage\":{\"@id\":\"https:\\\/\\\/notabene.world\\\/nb\\\/13-12-2022-41-lat-pozniej\\\/\"},\"wordCount\":881,\"publisher\":{\"@id\":\"https:\\\/\\\/notabene.world\\\/nb\\\/#organization\"},\"image\":{\"@id\":\"https:\\\/\\\/notabene.world\\\/nb\\\/13-12-2022-41-lat-pozniej\\\/#primaryimage\"},\"thumbnailUrl\":\"https:\\\/\\\/i0.wp.com\\\/notabene.world\\\/nb\\\/wp-content\\\/uploads\\\/2022\\\/12\\\/ir-lub.jpg?fit=800%2C445&ssl=1\",\"articleSection\":[\"Aktualno\u015bci\",\"Felietony\",\"WI\u0118CEJ \u015aWIAT(\u0141)A\"],\"inLanguage\":\"pl-PL\"},{\"@type\":\"WebPage\",\"@id\":\"https:\\\/\\\/notabene.world\\\/nb\\\/13-12-2022-41-lat-pozniej\\\/\",\"url\":\"https:\\\/\\\/notabene.world\\\/nb\\\/13-12-2022-41-lat-pozniej\\\/\",\"name\":\"Nasza Polska AD 2022 - NOTABENE.WORLD\",\"isPartOf\":{\"@id\":\"https:\\\/\\\/notabene.world\\\/nb\\\/#website\"},\"primaryImageOfPage\":{\"@id\":\"https:\\\/\\\/notabene.world\\\/nb\\\/13-12-2022-41-lat-pozniej\\\/#primaryimage\"},\"image\":{\"@id\":\"https:\\\/\\\/notabene.world\\\/nb\\\/13-12-2022-41-lat-pozniej\\\/#primaryimage\"},\"thumbnailUrl\":\"https:\\\/\\\/i0.wp.com\\\/notabene.world\\\/nb\\\/wp-content\\\/uploads\\\/2022\\\/12\\\/ir-lub.jpg?fit=800%2C445&ssl=1\",\"datePublished\":\"2022-12-17T10:05:00+00:00\",\"dateModified\":\"2023-12-13T11:10:38+00:00\",\"breadcrumb\":{\"@id\":\"https:\\\/\\\/notabene.world\\\/nb\\\/13-12-2022-41-lat-pozniej\\\/#breadcrumb\"},\"inLanguage\":\"pl-PL\",\"potentialAction\":[{\"@type\":\"ReadAction\",\"target\":[\"https:\\\/\\\/notabene.world\\\/nb\\\/13-12-2022-41-lat-pozniej\\\/\"]}]},{\"@type\":\"ImageObject\",\"inLanguage\":\"pl-PL\",\"@id\":\"https:\\\/\\\/notabene.world\\\/nb\\\/13-12-2022-41-lat-pozniej\\\/#primaryimage\",\"url\":\"https:\\\/\\\/i0.wp.com\\\/notabene.world\\\/nb\\\/wp-content\\\/uploads\\\/2022\\\/12\\\/ir-lub.jpg?fit=800%2C445&ssl=1\",\"contentUrl\":\"https:\\\/\\\/i0.wp.com\\\/notabene.world\\\/nb\\\/wp-content\\\/uploads\\\/2022\\\/12\\\/ir-lub.jpg?fit=800%2C445&ssl=1\",\"width\":800,\"height\":445},{\"@type\":\"BreadcrumbList\",\"@id\":\"https:\\\/\\\/notabene.world\\\/nb\\\/13-12-2022-41-lat-pozniej\\\/#breadcrumb\",\"itemListElement\":[{\"@type\":\"ListItem\",\"position\":1,\"name\":\"Home\",\"item\":\"https:\\\/\\\/notabene.world\\\/nb\\\/\"},{\"@type\":\"ListItem\",\"position\":2,\"name\":\"Nasza Polska AD 2022\"}]},{\"@type\":\"WebSite\",\"@id\":\"https:\\\/\\\/notabene.world\\\/nb\\\/#website\",\"url\":\"https:\\\/\\\/notabene.world\\\/nb\\\/\",\"name\":\"NOTABENE.WORLD\",\"description\":\"Przekaz. Warto\u015bci. Wsp\u00f3lnota.\",\"publisher\":{\"@id\":\"https:\\\/\\\/notabene.world\\\/nb\\\/#organization\"},\"potentialAction\":[{\"@type\":\"SearchAction\",\"target\":{\"@type\":\"EntryPoint\",\"urlTemplate\":\"https:\\\/\\\/notabene.world\\\/nb\\\/?s={search_term_string}\"},\"query-input\":{\"@type\":\"PropertyValueSpecification\",\"valueRequired\":true,\"valueName\":\"search_term_string\"}}],\"inLanguage\":\"pl-PL\"},{\"@type\":\"Organization\",\"@id\":\"https:\\\/\\\/notabene.world\\\/nb\\\/#organization\",\"name\":\"NOTABENE.WORLD\",\"url\":\"https:\\\/\\\/notabene.world\\\/nb\\\/\",\"logo\":{\"@type\":\"ImageObject\",\"inLanguage\":\"pl-PL\",\"@id\":\"https:\\\/\\\/notabene.world\\\/nb\\\/#\\\/schema\\\/logo\\\/image\\\/\",\"url\":\"https:\\\/\\\/notabene.world\\\/nb\\\/wp-content\\\/uploads\\\/2022\\\/01\\\/NB-club-start-www1.jpg\",\"contentUrl\":\"https:\\\/\\\/notabene.world\\\/nb\\\/wp-content\\\/uploads\\\/2022\\\/01\\\/NB-club-start-www1.jpg\",\"width\":1000,\"height\":839,\"caption\":\"NOTABENE.WORLD\"},\"image\":{\"@id\":\"https:\\\/\\\/notabene.world\\\/nb\\\/#\\\/schema\\\/logo\\\/image\\\/\"},\"sameAs\":[\"https:\\\/\\\/www.facebook.com\\\/Notabene.World\"]},{\"@type\":\"Person\",\"@id\":\"https:\\\/\\\/notabene.world\\\/nb\\\/#\\\/schema\\\/person\\\/2227ed509f9261e544f6078919e1981d\",\"name\":\"C vel K\",\"image\":{\"@type\":\"ImageObject\",\"inLanguage\":\"pl-PL\",\"@id\":\"https:\\\/\\\/secure.gravatar.com\\\/avatar\\\/da4181237ddf77c667487dd66af5231faaf45fbcb0774d7a408f868da56bf04c?s=96&d=mm&r=g\",\"url\":\"https:\\\/\\\/secure.gravatar.com\\\/avatar\\\/da4181237ddf77c667487dd66af5231faaf45fbcb0774d7a408f868da56bf04c?s=96&d=mm&r=g\",\"contentUrl\":\"https:\\\/\\\/secure.gravatar.com\\\/avatar\\\/da4181237ddf77c667487dd66af5231faaf45fbcb0774d7a408f868da56bf04c?s=96&d=mm&r=g\",\"caption\":\"C vel K\"},\"url\":\"https:\\\/\\\/notabene.world\\\/nb\\\/author\\\/kcedro\\\/\"}]}<\/script>\n<!-- \/ Yoast SEO plugin. -->","yoast_head_json":{"title":"Nasza Polska AD 2022 - NOTABENE.WORLD","robots":{"index":"index","follow":"follow","max-snippet":"max-snippet:-1","max-image-preview":"max-image-preview:large","max-video-preview":"max-video-preview:-1"},"canonical":"https:\/\/notabene.world\/nb\/13-12-2022-41-lat-pozniej\/","og_locale":"pl_PL","og_type":"article","og_title":"Nasza Polska AD 2022 - NOTABENE.WORLD","og_description":"Kilka dni temu znikn\u0105\u0142 z centralnego placu w Lublinie pomnik za\u0142o\u017cyciela i pierwszego rektora Katolickiego Uniwersytetu Lubelskiego w latach 1918-1922 ks. Idziego Radziszewskiego. Pomnik wzniesiony na 100-lecie KULu zaledwie 4 lata temu usuni\u0119to, aby \u201ezrobi\u0107 miejsce\u201d dla monumentu brata prezesa, prezydenta Lecha Kaczy\u0144skiego, kt\u00f3rego z Lublinem niewiele \u0142\u0105czy\u0142o.   Wiele wi\u0119cej \u0142aczy z Lublinem profesora KULu i ministra edukacji Przemys\u0142awa Czarnka, kt\u00f3ry wydaje si\u0119 by\u0107 wielce niepocieszony podw\u00f3jnym wetem prezydenckim wobec swoich autorskich pr\u00f3b zaprowadzenia centralnie sterowanego zamordyzmu w polskiej o\u015bwiacie. Dobrze, \u017ce prezydent Andrzej Duda wreszcie zrozumia\u0142, \u017ce to jego ostatnia kadencja i tym samym mo\u017ce nieco wybi\u0107 si\u0119 na niepodleg\u0142o\u015b\u0107 i tym samym wydosta\u0107 si\u0119 ze szpon\u00f3w wyimaginowanej wiekszo\u015bci rz\u0105dz\u0105cej. Jak to m\u00f3wi\u0105, lepiej p\u00f3\u017ano ni\u017c wcale.","og_url":"https:\/\/notabene.world\/nb\/13-12-2022-41-lat-pozniej\/","og_site_name":"NOTABENE.WORLD","article_publisher":"https:\/\/www.facebook.com\/Notabene.World","article_published_time":"2022-12-17T10:05:00+00:00","article_modified_time":"2023-12-13T11:10:38+00:00","og_image":[{"width":800,"height":445,"url":"https:\/\/notabene.world\/nb\/wp-content\/uploads\/2022\/12\/ir-lub.jpg","type":"image\/jpeg"}],"author":"C vel K","twitter_card":"summary_large_image","twitter_misc":{"Napisane przez":"C vel K","Szacowany czas czytania":"4 minuty"},"schema":{"@context":"https:\/\/schema.org","@graph":[{"@type":"Article","@id":"https:\/\/notabene.world\/nb\/13-12-2022-41-lat-pozniej\/#article","isPartOf":{"@id":"https:\/\/notabene.world\/nb\/13-12-2022-41-lat-pozniej\/"},"author":{"name":"C vel K","@id":"https:\/\/notabene.world\/nb\/#\/schema\/person\/2227ed509f9261e544f6078919e1981d"},"headline":"Nasza Polska AD 2022","datePublished":"2022-12-17T10:05:00+00:00","dateModified":"2023-12-13T11:10:38+00:00","mainEntityOfPage":{"@id":"https:\/\/notabene.world\/nb\/13-12-2022-41-lat-pozniej\/"},"wordCount":881,"publisher":{"@id":"https:\/\/notabene.world\/nb\/#organization"},"image":{"@id":"https:\/\/notabene.world\/nb\/13-12-2022-41-lat-pozniej\/#primaryimage"},"thumbnailUrl":"https:\/\/i0.wp.com\/notabene.world\/nb\/wp-content\/uploads\/2022\/12\/ir-lub.jpg?fit=800%2C445&ssl=1","articleSection":["Aktualno\u015bci","Felietony","WI\u0118CEJ \u015aWIAT(\u0141)A"],"inLanguage":"pl-PL"},{"@type":"WebPage","@id":"https:\/\/notabene.world\/nb\/13-12-2022-41-lat-pozniej\/","url":"https:\/\/notabene.world\/nb\/13-12-2022-41-lat-pozniej\/","name":"Nasza Polska AD 2022 - NOTABENE.WORLD","isPartOf":{"@id":"https:\/\/notabene.world\/nb\/#website"},"primaryImageOfPage":{"@id":"https:\/\/notabene.world\/nb\/13-12-2022-41-lat-pozniej\/#primaryimage"},"image":{"@id":"https:\/\/notabene.world\/nb\/13-12-2022-41-lat-pozniej\/#primaryimage"},"thumbnailUrl":"https:\/\/i0.wp.com\/notabene.world\/nb\/wp-content\/uploads\/2022\/12\/ir-lub.jpg?fit=800%2C445&ssl=1","datePublished":"2022-12-17T10:05:00+00:00","dateModified":"2023-12-13T11:10:38+00:00","breadcrumb":{"@id":"https:\/\/notabene.world\/nb\/13-12-2022-41-lat-pozniej\/#breadcrumb"},"inLanguage":"pl-PL","potentialAction":[{"@type":"ReadAction","target":["https:\/\/notabene.world\/nb\/13-12-2022-41-lat-pozniej\/"]}]},{"@type":"ImageObject","inLanguage":"pl-PL","@id":"https:\/\/notabene.world\/nb\/13-12-2022-41-lat-pozniej\/#primaryimage","url":"https:\/\/i0.wp.com\/notabene.world\/nb\/wp-content\/uploads\/2022\/12\/ir-lub.jpg?fit=800%2C445&ssl=1","contentUrl":"https:\/\/i0.wp.com\/notabene.world\/nb\/wp-content\/uploads\/2022\/12\/ir-lub.jpg?fit=800%2C445&ssl=1","width":800,"height":445},{"@type":"BreadcrumbList","@id":"https:\/\/notabene.world\/nb\/13-12-2022-41-lat-pozniej\/#breadcrumb","itemListElement":[{"@type":"ListItem","position":1,"name":"Home","item":"https:\/\/notabene.world\/nb\/"},{"@type":"ListItem","position":2,"name":"Nasza Polska AD 2022"}]},{"@type":"WebSite","@id":"https:\/\/notabene.world\/nb\/#website","url":"https:\/\/notabene.world\/nb\/","name":"NOTABENE.WORLD","description":"Przekaz. Warto\u015bci. Wsp\u00f3lnota.","publisher":{"@id":"https:\/\/notabene.world\/nb\/#organization"},"potentialAction":[{"@type":"SearchAction","target":{"@type":"EntryPoint","urlTemplate":"https:\/\/notabene.world\/nb\/?s={search_term_string}"},"query-input":{"@type":"PropertyValueSpecification","valueRequired":true,"valueName":"search_term_string"}}],"inLanguage":"pl-PL"},{"@type":"Organization","@id":"https:\/\/notabene.world\/nb\/#organization","name":"NOTABENE.WORLD","url":"https:\/\/notabene.world\/nb\/","logo":{"@type":"ImageObject","inLanguage":"pl-PL","@id":"https:\/\/notabene.world\/nb\/#\/schema\/logo\/image\/","url":"https:\/\/notabene.world\/nb\/wp-content\/uploads\/2022\/01\/NB-club-start-www1.jpg","contentUrl":"https:\/\/notabene.world\/nb\/wp-content\/uploads\/2022\/01\/NB-club-start-www1.jpg","width":1000,"height":839,"caption":"NOTABENE.WORLD"},"image":{"@id":"https:\/\/notabene.world\/nb\/#\/schema\/logo\/image\/"},"sameAs":["https:\/\/www.facebook.com\/Notabene.World"]},{"@type":"Person","@id":"https:\/\/notabene.world\/nb\/#\/schema\/person\/2227ed509f9261e544f6078919e1981d","name":"C vel K","image":{"@type":"ImageObject","inLanguage":"pl-PL","@id":"https:\/\/secure.gravatar.com\/avatar\/da4181237ddf77c667487dd66af5231faaf45fbcb0774d7a408f868da56bf04c?s=96&d=mm&r=g","url":"https:\/\/secure.gravatar.com\/avatar\/da4181237ddf77c667487dd66af5231faaf45fbcb0774d7a408f868da56bf04c?s=96&d=mm&r=g","contentUrl":"https:\/\/secure.gravatar.com\/avatar\/da4181237ddf77c667487dd66af5231faaf45fbcb0774d7a408f868da56bf04c?s=96&d=mm&r=g","caption":"C vel K"},"url":"https:\/\/notabene.world\/nb\/author\/kcedro\/"}]}},"jetpack_featured_media_url":"https:\/\/i0.wp.com\/notabene.world\/nb\/wp-content\/uploads\/2022\/12\/ir-lub.jpg?fit=800%2C445&ssl=1","jetpack_sharing_enabled":true,"jetpack_shortlink":"https:\/\/wp.me\/pdCobN-2cJ","_links":{"self":[{"href":"https:\/\/notabene.world\/nb\/wp-json\/wp\/v2\/posts\/8477","targetHints":{"allow":["GET"]}}],"collection":[{"href":"https:\/\/notabene.world\/nb\/wp-json\/wp\/v2\/posts"}],"about":[{"href":"https:\/\/notabene.world\/nb\/wp-json\/wp\/v2\/types\/post"}],"author":[{"embeddable":true,"href":"https:\/\/notabene.world\/nb\/wp-json\/wp\/v2\/users\/1"}],"replies":[{"embeddable":true,"href":"https:\/\/notabene.world\/nb\/wp-json\/wp\/v2\/comments?post=8477"}],"version-history":[{"count":5,"href":"https:\/\/notabene.world\/nb\/wp-json\/wp\/v2\/posts\/8477\/revisions"}],"predecessor-version":[{"id":8708,"href":"https:\/\/notabene.world\/nb\/wp-json\/wp\/v2\/posts\/8477\/revisions\/8708"}],"wp:featuredmedia":[{"embeddable":true,"href":"https:\/\/notabene.world\/nb\/wp-json\/wp\/v2\/media\/8506"}],"wp:attachment":[{"href":"https:\/\/notabene.world\/nb\/wp-json\/wp\/v2\/media?parent=8477"}],"wp:term":[{"taxonomy":"category","embeddable":true,"href":"https:\/\/notabene.world\/nb\/wp-json\/wp\/v2\/categories?post=8477"},{"taxonomy":"post_tag","embeddable":true,"href":"https:\/\/notabene.world\/nb\/wp-json\/wp\/v2\/tags?post=8477"}],"curies":[{"name":"wp","href":"https:\/\/api.w.org\/{rel}","templated":true}]}}