{"id":8618,"date":"2023-01-08T20:05:52","date_gmt":"2023-01-08T19:05:52","guid":{"rendered":"https:\/\/notabene.world\/nb\/?p=8618"},"modified":"2023-02-01T13:27:20","modified_gmt":"2023-02-01T12:27:20","slug":"125-miliarda-dla-malych-a-23-miliarda-dla-duzych","status":"publish","type":"post","link":"https:\/\/notabene.world\/nb\/125-miliarda-dla-malych-a-23-miliarda-dla-duzych\/","title":{"rendered":"12,5 miliarda dla ma\u0142ych, a 2,3 miliarda dla du\u017cych"},"content":{"rendered":"\n<p>Niedziela. Pierwsza po niedzielach \u015bwi\u0105tecznych. Spokojna poranna kawa. Rozpoczyna si\u0119 nowy rok. Co przyniesie, jaki b\u0119dzie? Niestety, patrz\u0105c na pogod\u0119, mam wra\u017cenie, \u017ce czeka nas rok pe\u0142en zaskocze\u0144 i ekstremalnych wydarze\u0144. W tym roku mamy 115 dni wolnych od pracy (nie licz\u0105c urlopu). Jednocze\u015bnie w 2023 roku wa\u017cno\u015b\u0107 traci ponad 2,1 miliona dowod\u00f3w osobistych. Z wymian\u0105 dowodu nie trzeba zwleka\u0107, przepisy s\u0105 bezwzgl\u0119dne. Za brak wa\u017cnego dokumentu to\u017csamo\u015bci mo\u017ce grozi\u0107 nawet 5 tys. grzywny, a w skrajnych wypadkach kara wi\u0119zienia. A wa\u017cne jest nie tylko to. Dow\u00f3d osobisty jest nam niezb\u0119dny do wyjazd\u00f3w wakacyjnych, do poruszania si\u0119 po Europie, do wyjazd\u00f3w do kraj\u00f3w strefy Schengen, np. do Chorwacji, kt\u00f3ra od 1 stycznia wesz\u0142a do strefy.<\/p>\n\n\n\n<p>W nowym roku czekaj\u0105 nas tak\u017ce dwie podwy\u017cki p\u0142acy minimalnej. Od stycznia wzro\u015bnie ona o 480 z\u0142otych i od lipca o kolejne 110 z\u0142otych. Szacuje si\u0119, \u017ce koszt podwy\u017cki p\u0142acy minimalnej w 2023 roku dla ma\u0142ych i \u015brednich firm to ok. 12,5 miliarda z\u0142otych, a dla du\u017cych &#8211; 2,3 miliarda. Podwy\u017cka dotyczy ok. 3 milion\u00f3w pracownik\u00f3w. Mo\u017cna si\u0119 spodziewa\u0107, \u017ce ci, kt\u00f3rzy zarabiali wi\u0119cej ni\u017c p\u0142aca minimalna, te\u017c b\u0119d\u0105 chcieli podwy\u017cek z powodu tzw. \u201dsp\u0142aszczenia p\u0142ac\u201d. Tym samym firmy wchodz\u0105 w czas bardzo du\u017cych koszt\u00f3w p\u0142acowych. Z jednej strony, przy tak wysokiej inflacji (w grudniu 16,6%), ka\u017cda z\u0142ot\u00f3wka wi\u0119cej cieszy pracownik\u00f3w, z drugiej strony &#8211; firmy na pewno b\u0119d\u0105 szuka\u0142y sposob\u00f3w na pokrycie tych koszt\u00f3w, a to miedzy innymi wzrost cen za towary i us\u0142ugi. Zap\u0142acimy wi\u0119c wszyscy.<\/p>\n\n\n\n<p>Ka\u017cdy, kto podejmuje prac\u0119, chce mie\u0107 dobra pensj\u0119. Uczymy si\u0119, studiujemy, podnosimy kwalifikacje na ro\u017cnych kursach, by wi\u0119cej zarabia\u0107. Niestety, Polacy &nbsp;wci\u0105\u017c s\u0105 ko\u0144c\u00f3wce tabeli (czwarty najni\u017cszy wynik) przedstawiaj\u0105cej wska\u017aniki \u015bredniego rocznego wynagrodzenia (dane Eurostatu 2021 rok). Na pierwszym miejscu jest Luksemburg, potem Dania i Irlandia. Najni\u017csze warto\u015bci wska\u017anika odnotowano w Bu\u0142garii, W\u0119grzech i Rumunii. Czy pozycja Polski kiedy\u015b si\u0119 poprawi? Oby realnie, a nie tylko w przedwyborczych relacjach telewizyjnych.<\/p>\n\n\n\n<p>W pi\u0105tek obchodzili\u015bmy \u015bwi\u0119to Trzech Kr\u00f3li. Trzech m\u0119drc\u00f3w, z\u0142o\u017cywszy dary, wr\u00f3ci\u0142o do swoich kraj\u00f3w, aby przekaza\u0107 ludziom wa\u017cne przes\u0142anie. Nadziej\u0119 na nowe, lepsze czasy.<\/p>\n\n\n\n<p>A w Ukrainie ju\u017c 319 dzie\u0144 dzia\u0142a\u0144 wojennych. Dla cz\u0119\u015bci Ukrai\u0144c\u00f3w pi\u0105tek i sobota to dni Bo\u017cego Narodzenia. Oby \u015bwi\u0105teczne \u017cyczenia zdrowia, pomy\u015blno\u015bci i pokoju si\u0119 spe\u0142ni\u0142y, a 2023 rok by\u0142 tym, w kt\u00f3rym sko\u0144czy si\u0119 wojna.<\/p>\n","protected":false},"excerpt":{"rendered":"<p>W nowym roku czekaj\u0105 nas tak\u017ce dwie podwy\u017cki p\u0142acy minimalnej. Od stycznia wzro\u015bnie ona o 480 z\u0142otych i od lipca o kolejne 110 z\u0142otych. Szacuje si\u0119, \u017ce koszt podwy\u017cki p\u0142acy minimalnej w 2023 roku dla ma\u0142ych i \u015brednich firm to ok. 12,5 miliarda z\u0142otych, a dla du\u017cych &#8211; 2,3 miliarda. Podwy\u017cka dotyczy ok. 3 milion\u00f3w pracownik\u00f3w. Mo\u017cna si\u0119 spodziewa\u0107, \u017ce ci, kt\u00f3rzy zarabiali wi\u0119cej ni\u017c p\u0142aca minimalna, te\u017c b\u0119d\u0105 chcieli podwy\u017cek z powodu tzw. \u201dsp\u0142aszczenia p\u0142ac\u201d. Tym samym firmy wchodz\u0105 w czas bardzo du\u017cych koszt\u00f3w p\u0142acowych. Z jednej strony, przy tak wysokiej inflacji (w grudniu 16,6%), ka\u017cda z\u0142ot\u00f3wka wi\u0119cej cieszy pracownik\u00f3w, z drugiej strony &#8211; firmy na pewno b\u0119d\u0105 szuka\u0142y sposob\u00f3w na pokrycie tych koszt\u00f3w, a to miedzy innymi wzrost cen za towary i us\u0142ugi. Zap\u0142acimy wi\u0119c wszyscy.<\/p>\n","protected":false},"author":35,"featured_media":8621,"comment_status":"closed","ping_status":"closed","sticky":false,"template":"","format":"standard","meta":{"colormag_page_container_layout":"default_layout","colormag_page_sidebar_layout":"default_layout","_jetpack_memberships_contains_paid_content":false,"footnotes":"","_links_to":"","_links_to_target":""},"categories":[64,42,175],"tags":[],"class_list":["post-8618","post","type-post","status-publish","format-standard","has-post-thumbnail","hentry","category-aktualnosci","category-felietony","category-liczby-i-fakty"],"yoast_head":"<!-- This site is optimized with the Yoast SEO plugin v27.4 - https:\/\/yoast.com\/product\/yoast-seo-wordpress\/ -->\n<title>12,5 miliarda dla ma\u0142ych, a 2,3 miliarda dla du\u017cych - NOTABENE.WORLD<\/title>\n<meta name=\"robots\" content=\"index, follow, max-snippet:-1, max-image-preview:large, max-video-preview:-1\" \/>\n<link rel=\"canonical\" href=\"https:\/\/notabene.world\/nb\/125-miliarda-dla-malych-a-23-miliarda-dla-duzych\/\" \/>\n<meta property=\"og:locale\" content=\"pl_PL\" \/>\n<meta property=\"og:type\" content=\"article\" \/>\n<meta property=\"og:title\" content=\"12,5 miliarda dla ma\u0142ych, a 2,3 miliarda dla du\u017cych - NOTABENE.WORLD\" \/>\n<meta property=\"og:description\" content=\"W nowym roku czekaj\u0105 nas tak\u017ce dwie podwy\u017cki p\u0142acy minimalnej. Od stycznia wzro\u015bnie ona o 480 z\u0142otych i od lipca o kolejne 110 z\u0142otych. Szacuje si\u0119, \u017ce koszt podwy\u017cki p\u0142acy minimalnej w 2023 roku dla ma\u0142ych i \u015brednich firm to ok. 12,5 miliarda z\u0142otych, a dla du\u017cych - 2,3 miliarda. Podwy\u017cka dotyczy ok. 3 milion\u00f3w pracownik\u00f3w. Mo\u017cna si\u0119 spodziewa\u0107, \u017ce ci, kt\u00f3rzy zarabiali wi\u0119cej ni\u017c p\u0142aca minimalna, te\u017c b\u0119d\u0105 chcieli podwy\u017cek z powodu tzw. \u201dsp\u0142aszczenia p\u0142ac\u201d. Tym samym firmy wchodz\u0105 w czas bardzo du\u017cych koszt\u00f3w p\u0142acowych. Z jednej strony, przy tak wysokiej inflacji (w grudniu 16,6%), ka\u017cda z\u0142ot\u00f3wka wi\u0119cej cieszy pracownik\u00f3w, z drugiej strony - firmy na pewno b\u0119d\u0105 szuka\u0142y sposob\u00f3w na pokrycie tych koszt\u00f3w, a to miedzy innymi wzrost cen za towary i us\u0142ugi. Zap\u0142acimy wi\u0119c wszyscy.\" \/>\n<meta property=\"og:url\" content=\"https:\/\/notabene.world\/nb\/125-miliarda-dla-malych-a-23-miliarda-dla-duzych\/\" \/>\n<meta property=\"og:site_name\" content=\"NOTABENE.WORLD\" \/>\n<meta property=\"article:publisher\" content=\"https:\/\/www.facebook.com\/Notabene.World\" \/>\n<meta property=\"article:published_time\" content=\"2023-01-08T19:05:52+00:00\" \/>\n<meta property=\"article:modified_time\" content=\"2023-02-01T12:27:20+00:00\" \/>\n<meta property=\"og:image\" content=\"https:\/\/notabene.world\/nb\/wp-content\/uploads\/2023\/01\/32bd.jpg\" \/>\n\t<meta property=\"og:image:width\" content=\"800\" \/>\n\t<meta property=\"og:image:height\" content=\"445\" \/>\n\t<meta property=\"og:image:type\" content=\"image\/jpeg\" \/>\n<meta name=\"author\" content=\"B D\" \/>\n<meta name=\"twitter:card\" content=\"summary_large_image\" \/>\n<meta name=\"twitter:label1\" content=\"Napisane przez\" \/>\n\t<meta name=\"twitter:data1\" content=\"B D\" \/>\n\t<meta name=\"twitter:label2\" content=\"Szacowany czas czytania\" \/>\n\t<meta name=\"twitter:data2\" content=\"2 minuty\" \/>\n<script type=\"application\/ld+json\" class=\"yoast-schema-graph\">{\"@context\":\"https:\\\/\\\/schema.org\",\"@graph\":[{\"@type\":\"Article\",\"@id\":\"https:\\\/\\\/notabene.world\\\/nb\\\/125-miliarda-dla-malych-a-23-miliarda-dla-duzych\\\/#article\",\"isPartOf\":{\"@id\":\"https:\\\/\\\/notabene.world\\\/nb\\\/125-miliarda-dla-malych-a-23-miliarda-dla-duzych\\\/\"},\"author\":{\"name\":\"B D\",\"@id\":\"https:\\\/\\\/notabene.world\\\/nb\\\/#\\\/schema\\\/person\\\/9081f0d094ad3e2767736feb48c99520\"},\"headline\":\"12,5 miliarda dla ma\u0142ych, a 2,3 miliarda dla du\u017cych\",\"datePublished\":\"2023-01-08T19:05:52+00:00\",\"dateModified\":\"2023-02-01T12:27:20+00:00\",\"mainEntityOfPage\":{\"@id\":\"https:\\\/\\\/notabene.world\\\/nb\\\/125-miliarda-dla-malych-a-23-miliarda-dla-duzych\\\/\"},\"wordCount\":468,\"publisher\":{\"@id\":\"https:\\\/\\\/notabene.world\\\/nb\\\/#organization\"},\"image\":{\"@id\":\"https:\\\/\\\/notabene.world\\\/nb\\\/125-miliarda-dla-malych-a-23-miliarda-dla-duzych\\\/#primaryimage\"},\"thumbnailUrl\":\"https:\\\/\\\/i0.wp.com\\\/notabene.world\\\/nb\\\/wp-content\\\/uploads\\\/2023\\\/01\\\/32bd.jpg?fit=800%2C445&ssl=1\",\"articleSection\":[\"Aktualno\u015bci\",\"Felietony\",\"Liczby i Fakty\"],\"inLanguage\":\"pl-PL\"},{\"@type\":\"WebPage\",\"@id\":\"https:\\\/\\\/notabene.world\\\/nb\\\/125-miliarda-dla-malych-a-23-miliarda-dla-duzych\\\/\",\"url\":\"https:\\\/\\\/notabene.world\\\/nb\\\/125-miliarda-dla-malych-a-23-miliarda-dla-duzych\\\/\",\"name\":\"12,5 miliarda dla ma\u0142ych, a 2,3 miliarda dla du\u017cych - NOTABENE.WORLD\",\"isPartOf\":{\"@id\":\"https:\\\/\\\/notabene.world\\\/nb\\\/#website\"},\"primaryImageOfPage\":{\"@id\":\"https:\\\/\\\/notabene.world\\\/nb\\\/125-miliarda-dla-malych-a-23-miliarda-dla-duzych\\\/#primaryimage\"},\"image\":{\"@id\":\"https:\\\/\\\/notabene.world\\\/nb\\\/125-miliarda-dla-malych-a-23-miliarda-dla-duzych\\\/#primaryimage\"},\"thumbnailUrl\":\"https:\\\/\\\/i0.wp.com\\\/notabene.world\\\/nb\\\/wp-content\\\/uploads\\\/2023\\\/01\\\/32bd.jpg?fit=800%2C445&ssl=1\",\"datePublished\":\"2023-01-08T19:05:52+00:00\",\"dateModified\":\"2023-02-01T12:27:20+00:00\",\"breadcrumb\":{\"@id\":\"https:\\\/\\\/notabene.world\\\/nb\\\/125-miliarda-dla-malych-a-23-miliarda-dla-duzych\\\/#breadcrumb\"},\"inLanguage\":\"pl-PL\",\"potentialAction\":[{\"@type\":\"ReadAction\",\"target\":[\"https:\\\/\\\/notabene.world\\\/nb\\\/125-miliarda-dla-malych-a-23-miliarda-dla-duzych\\\/\"]}]},{\"@type\":\"ImageObject\",\"inLanguage\":\"pl-PL\",\"@id\":\"https:\\\/\\\/notabene.world\\\/nb\\\/125-miliarda-dla-malych-a-23-miliarda-dla-duzych\\\/#primaryimage\",\"url\":\"https:\\\/\\\/i0.wp.com\\\/notabene.world\\\/nb\\\/wp-content\\\/uploads\\\/2023\\\/01\\\/32bd.jpg?fit=800%2C445&ssl=1\",\"contentUrl\":\"https:\\\/\\\/i0.wp.com\\\/notabene.world\\\/nb\\\/wp-content\\\/uploads\\\/2023\\\/01\\\/32bd.jpg?fit=800%2C445&ssl=1\",\"width\":800,\"height\":445,\"caption\":\"Hands and magic caps with numbers, numerology\"},{\"@type\":\"BreadcrumbList\",\"@id\":\"https:\\\/\\\/notabene.world\\\/nb\\\/125-miliarda-dla-malych-a-23-miliarda-dla-duzych\\\/#breadcrumb\",\"itemListElement\":[{\"@type\":\"ListItem\",\"position\":1,\"name\":\"Home\",\"item\":\"https:\\\/\\\/notabene.world\\\/nb\\\/\"},{\"@type\":\"ListItem\",\"position\":2,\"name\":\"12,5 miliarda dla ma\u0142ych, a 2,3 miliarda dla du\u017cych\"}]},{\"@type\":\"WebSite\",\"@id\":\"https:\\\/\\\/notabene.world\\\/nb\\\/#website\",\"url\":\"https:\\\/\\\/notabene.world\\\/nb\\\/\",\"name\":\"NOTABENE.WORLD\",\"description\":\"Przekaz. Warto\u015bci. Wsp\u00f3lnota.\",\"publisher\":{\"@id\":\"https:\\\/\\\/notabene.world\\\/nb\\\/#organization\"},\"potentialAction\":[{\"@type\":\"SearchAction\",\"target\":{\"@type\":\"EntryPoint\",\"urlTemplate\":\"https:\\\/\\\/notabene.world\\\/nb\\\/?s={search_term_string}\"},\"query-input\":{\"@type\":\"PropertyValueSpecification\",\"valueRequired\":true,\"valueName\":\"search_term_string\"}}],\"inLanguage\":\"pl-PL\"},{\"@type\":\"Organization\",\"@id\":\"https:\\\/\\\/notabene.world\\\/nb\\\/#organization\",\"name\":\"NOTABENE.WORLD\",\"url\":\"https:\\\/\\\/notabene.world\\\/nb\\\/\",\"logo\":{\"@type\":\"ImageObject\",\"inLanguage\":\"pl-PL\",\"@id\":\"https:\\\/\\\/notabene.world\\\/nb\\\/#\\\/schema\\\/logo\\\/image\\\/\",\"url\":\"https:\\\/\\\/notabene.world\\\/nb\\\/wp-content\\\/uploads\\\/2022\\\/01\\\/NB-club-start-www1.jpg\",\"contentUrl\":\"https:\\\/\\\/notabene.world\\\/nb\\\/wp-content\\\/uploads\\\/2022\\\/01\\\/NB-club-start-www1.jpg\",\"width\":1000,\"height\":839,\"caption\":\"NOTABENE.WORLD\"},\"image\":{\"@id\":\"https:\\\/\\\/notabene.world\\\/nb\\\/#\\\/schema\\\/logo\\\/image\\\/\"},\"sameAs\":[\"https:\\\/\\\/www.facebook.com\\\/Notabene.World\"]},{\"@type\":\"Person\",\"@id\":\"https:\\\/\\\/notabene.world\\\/nb\\\/#\\\/schema\\\/person\\\/9081f0d094ad3e2767736feb48c99520\",\"name\":\"B D\",\"image\":{\"@type\":\"ImageObject\",\"inLanguage\":\"pl-PL\",\"@id\":\"https:\\\/\\\/secure.gravatar.com\\\/avatar\\\/ebcdcd8c0a7789c85d5a03ead2e68bda7a5fcb1ab728d56a4bd678c5ea15faa2?s=96&d=mm&r=g\",\"url\":\"https:\\\/\\\/secure.gravatar.com\\\/avatar\\\/ebcdcd8c0a7789c85d5a03ead2e68bda7a5fcb1ab728d56a4bd678c5ea15faa2?s=96&d=mm&r=g\",\"contentUrl\":\"https:\\\/\\\/secure.gravatar.com\\\/avatar\\\/ebcdcd8c0a7789c85d5a03ead2e68bda7a5fcb1ab728d56a4bd678c5ea15faa2?s=96&d=mm&r=g\",\"caption\":\"B D\"},\"url\":\"https:\\\/\\\/notabene.world\\\/nb\\\/author\\\/jo-d\\\/\"}]}<\/script>\n<!-- \/ Yoast SEO plugin. -->","yoast_head_json":{"title":"12,5 miliarda dla ma\u0142ych, a 2,3 miliarda dla du\u017cych - NOTABENE.WORLD","robots":{"index":"index","follow":"follow","max-snippet":"max-snippet:-1","max-image-preview":"max-image-preview:large","max-video-preview":"max-video-preview:-1"},"canonical":"https:\/\/notabene.world\/nb\/125-miliarda-dla-malych-a-23-miliarda-dla-duzych\/","og_locale":"pl_PL","og_type":"article","og_title":"12,5 miliarda dla ma\u0142ych, a 2,3 miliarda dla du\u017cych - NOTABENE.WORLD","og_description":"W nowym roku czekaj\u0105 nas tak\u017ce dwie podwy\u017cki p\u0142acy minimalnej. Od stycznia wzro\u015bnie ona o 480 z\u0142otych i od lipca o kolejne 110 z\u0142otych. Szacuje si\u0119, \u017ce koszt podwy\u017cki p\u0142acy minimalnej w 2023 roku dla ma\u0142ych i \u015brednich firm to ok. 12,5 miliarda z\u0142otych, a dla du\u017cych - 2,3 miliarda. Podwy\u017cka dotyczy ok. 3 milion\u00f3w pracownik\u00f3w. Mo\u017cna si\u0119 spodziewa\u0107, \u017ce ci, kt\u00f3rzy zarabiali wi\u0119cej ni\u017c p\u0142aca minimalna, te\u017c b\u0119d\u0105 chcieli podwy\u017cek z powodu tzw. \u201dsp\u0142aszczenia p\u0142ac\u201d. Tym samym firmy wchodz\u0105 w czas bardzo du\u017cych koszt\u00f3w p\u0142acowych. Z jednej strony, przy tak wysokiej inflacji (w grudniu 16,6%), ka\u017cda z\u0142ot\u00f3wka wi\u0119cej cieszy pracownik\u00f3w, z drugiej strony - firmy na pewno b\u0119d\u0105 szuka\u0142y sposob\u00f3w na pokrycie tych koszt\u00f3w, a to miedzy innymi wzrost cen za towary i us\u0142ugi. Zap\u0142acimy wi\u0119c wszyscy.","og_url":"https:\/\/notabene.world\/nb\/125-miliarda-dla-malych-a-23-miliarda-dla-duzych\/","og_site_name":"NOTABENE.WORLD","article_publisher":"https:\/\/www.facebook.com\/Notabene.World","article_published_time":"2023-01-08T19:05:52+00:00","article_modified_time":"2023-02-01T12:27:20+00:00","og_image":[{"width":800,"height":445,"url":"https:\/\/notabene.world\/nb\/wp-content\/uploads\/2023\/01\/32bd.jpg","type":"image\/jpeg"}],"author":"B D","twitter_card":"summary_large_image","twitter_misc":{"Napisane przez":"B D","Szacowany czas czytania":"2 minuty"},"schema":{"@context":"https:\/\/schema.org","@graph":[{"@type":"Article","@id":"https:\/\/notabene.world\/nb\/125-miliarda-dla-malych-a-23-miliarda-dla-duzych\/#article","isPartOf":{"@id":"https:\/\/notabene.world\/nb\/125-miliarda-dla-malych-a-23-miliarda-dla-duzych\/"},"author":{"name":"B D","@id":"https:\/\/notabene.world\/nb\/#\/schema\/person\/9081f0d094ad3e2767736feb48c99520"},"headline":"12,5 miliarda dla ma\u0142ych, a 2,3 miliarda dla du\u017cych","datePublished":"2023-01-08T19:05:52+00:00","dateModified":"2023-02-01T12:27:20+00:00","mainEntityOfPage":{"@id":"https:\/\/notabene.world\/nb\/125-miliarda-dla-malych-a-23-miliarda-dla-duzych\/"},"wordCount":468,"publisher":{"@id":"https:\/\/notabene.world\/nb\/#organization"},"image":{"@id":"https:\/\/notabene.world\/nb\/125-miliarda-dla-malych-a-23-miliarda-dla-duzych\/#primaryimage"},"thumbnailUrl":"https:\/\/i0.wp.com\/notabene.world\/nb\/wp-content\/uploads\/2023\/01\/32bd.jpg?fit=800%2C445&ssl=1","articleSection":["Aktualno\u015bci","Felietony","Liczby i Fakty"],"inLanguage":"pl-PL"},{"@type":"WebPage","@id":"https:\/\/notabene.world\/nb\/125-miliarda-dla-malych-a-23-miliarda-dla-duzych\/","url":"https:\/\/notabene.world\/nb\/125-miliarda-dla-malych-a-23-miliarda-dla-duzych\/","name":"12,5 miliarda dla ma\u0142ych, a 2,3 miliarda dla du\u017cych - NOTABENE.WORLD","isPartOf":{"@id":"https:\/\/notabene.world\/nb\/#website"},"primaryImageOfPage":{"@id":"https:\/\/notabene.world\/nb\/125-miliarda-dla-malych-a-23-miliarda-dla-duzych\/#primaryimage"},"image":{"@id":"https:\/\/notabene.world\/nb\/125-miliarda-dla-malych-a-23-miliarda-dla-duzych\/#primaryimage"},"thumbnailUrl":"https:\/\/i0.wp.com\/notabene.world\/nb\/wp-content\/uploads\/2023\/01\/32bd.jpg?fit=800%2C445&ssl=1","datePublished":"2023-01-08T19:05:52+00:00","dateModified":"2023-02-01T12:27:20+00:00","breadcrumb":{"@id":"https:\/\/notabene.world\/nb\/125-miliarda-dla-malych-a-23-miliarda-dla-duzych\/#breadcrumb"},"inLanguage":"pl-PL","potentialAction":[{"@type":"ReadAction","target":["https:\/\/notabene.world\/nb\/125-miliarda-dla-malych-a-23-miliarda-dla-duzych\/"]}]},{"@type":"ImageObject","inLanguage":"pl-PL","@id":"https:\/\/notabene.world\/nb\/125-miliarda-dla-malych-a-23-miliarda-dla-duzych\/#primaryimage","url":"https:\/\/i0.wp.com\/notabene.world\/nb\/wp-content\/uploads\/2023\/01\/32bd.jpg?fit=800%2C445&ssl=1","contentUrl":"https:\/\/i0.wp.com\/notabene.world\/nb\/wp-content\/uploads\/2023\/01\/32bd.jpg?fit=800%2C445&ssl=1","width":800,"height":445,"caption":"Hands and magic caps with numbers, numerology"},{"@type":"BreadcrumbList","@id":"https:\/\/notabene.world\/nb\/125-miliarda-dla-malych-a-23-miliarda-dla-duzych\/#breadcrumb","itemListElement":[{"@type":"ListItem","position":1,"name":"Home","item":"https:\/\/notabene.world\/nb\/"},{"@type":"ListItem","position":2,"name":"12,5 miliarda dla ma\u0142ych, a 2,3 miliarda dla du\u017cych"}]},{"@type":"WebSite","@id":"https:\/\/notabene.world\/nb\/#website","url":"https:\/\/notabene.world\/nb\/","name":"NOTABENE.WORLD","description":"Przekaz. Warto\u015bci. Wsp\u00f3lnota.","publisher":{"@id":"https:\/\/notabene.world\/nb\/#organization"},"potentialAction":[{"@type":"SearchAction","target":{"@type":"EntryPoint","urlTemplate":"https:\/\/notabene.world\/nb\/?s={search_term_string}"},"query-input":{"@type":"PropertyValueSpecification","valueRequired":true,"valueName":"search_term_string"}}],"inLanguage":"pl-PL"},{"@type":"Organization","@id":"https:\/\/notabene.world\/nb\/#organization","name":"NOTABENE.WORLD","url":"https:\/\/notabene.world\/nb\/","logo":{"@type":"ImageObject","inLanguage":"pl-PL","@id":"https:\/\/notabene.world\/nb\/#\/schema\/logo\/image\/","url":"https:\/\/notabene.world\/nb\/wp-content\/uploads\/2022\/01\/NB-club-start-www1.jpg","contentUrl":"https:\/\/notabene.world\/nb\/wp-content\/uploads\/2022\/01\/NB-club-start-www1.jpg","width":1000,"height":839,"caption":"NOTABENE.WORLD"},"image":{"@id":"https:\/\/notabene.world\/nb\/#\/schema\/logo\/image\/"},"sameAs":["https:\/\/www.facebook.com\/Notabene.World"]},{"@type":"Person","@id":"https:\/\/notabene.world\/nb\/#\/schema\/person\/9081f0d094ad3e2767736feb48c99520","name":"B D","image":{"@type":"ImageObject","inLanguage":"pl-PL","@id":"https:\/\/secure.gravatar.com\/avatar\/ebcdcd8c0a7789c85d5a03ead2e68bda7a5fcb1ab728d56a4bd678c5ea15faa2?s=96&d=mm&r=g","url":"https:\/\/secure.gravatar.com\/avatar\/ebcdcd8c0a7789c85d5a03ead2e68bda7a5fcb1ab728d56a4bd678c5ea15faa2?s=96&d=mm&r=g","contentUrl":"https:\/\/secure.gravatar.com\/avatar\/ebcdcd8c0a7789c85d5a03ead2e68bda7a5fcb1ab728d56a4bd678c5ea15faa2?s=96&d=mm&r=g","caption":"B D"},"url":"https:\/\/notabene.world\/nb\/author\/jo-d\/"}]}},"jetpack_featured_media_url":"https:\/\/i0.wp.com\/notabene.world\/nb\/wp-content\/uploads\/2023\/01\/32bd.jpg?fit=800%2C445&ssl=1","jetpack_sharing_enabled":true,"jetpack_shortlink":"https:\/\/wp.me\/pdCobN-2f0","_links":{"self":[{"href":"https:\/\/notabene.world\/nb\/wp-json\/wp\/v2\/posts\/8618","targetHints":{"allow":["GET"]}}],"collection":[{"href":"https:\/\/notabene.world\/nb\/wp-json\/wp\/v2\/posts"}],"about":[{"href":"https:\/\/notabene.world\/nb\/wp-json\/wp\/v2\/types\/post"}],"author":[{"embeddable":true,"href":"https:\/\/notabene.world\/nb\/wp-json\/wp\/v2\/users\/35"}],"replies":[{"embeddable":true,"href":"https:\/\/notabene.world\/nb\/wp-json\/wp\/v2\/comments?post=8618"}],"version-history":[{"count":2,"href":"https:\/\/notabene.world\/nb\/wp-json\/wp\/v2\/posts\/8618\/revisions"}],"predecessor-version":[{"id":8620,"href":"https:\/\/notabene.world\/nb\/wp-json\/wp\/v2\/posts\/8618\/revisions\/8620"}],"wp:featuredmedia":[{"embeddable":true,"href":"https:\/\/notabene.world\/nb\/wp-json\/wp\/v2\/media\/8621"}],"wp:attachment":[{"href":"https:\/\/notabene.world\/nb\/wp-json\/wp\/v2\/media?parent=8618"}],"wp:term":[{"taxonomy":"category","embeddable":true,"href":"https:\/\/notabene.world\/nb\/wp-json\/wp\/v2\/categories?post=8618"},{"taxonomy":"post_tag","embeddable":true,"href":"https:\/\/notabene.world\/nb\/wp-json\/wp\/v2\/tags?post=8618"}],"curies":[{"name":"wp","href":"https:\/\/api.w.org\/{rel}","templated":true}]}}