{"id":8646,"date":"2026-01-13T02:46:43","date_gmt":"2026-01-13T02:46:43","guid":{"rendered":"https:\/\/notabene.world\/nb\/?p=8646"},"modified":"2026-01-14T05:10:35","modified_gmt":"2026-01-14T05:10:35","slug":"brzmienie-ciszy-2","status":"publish","type":"post","link":"https:\/\/notabene.world\/nb\/brzmienie-ciszy-2\/","title":{"rendered":"O wschodzie s\u0142o\u0144ca. Brzmienie ciszy&#8230;"},"content":{"rendered":"\n<p>13. stycznia 2026r. w przededniu si\u00f3dmej rocznicy zamordowania prezydenta Gda\u0144ska Paw\u0142a Adamowicza zn\u00f3w jest ciemno, smutno i cicho. Ws\u0142uchuj\u0105c si\u0119 w cisz\u0119, paradoksalnie czuj\u0119, \u017ce jestem pod \u015bcian\u0105 p\u0142aczu. Wydaje si\u0119, i\u017c przed t\u0105 niezno\u015bn\u0105 przeznaczon\u0105 nam cisz\u0105 nie ma ucieczki. W ciszy mo\u017cna jednak jeszcze co\u015b szepta\u0107. Cisza jest modlitw\u0105. Modlitwa jest cisz\u0105.<\/p>\n\n\n\n<p>Wed\u0142ug wykl\u0119tego poety Edwarda Stachury \u201c\u017cycie to jest (i nie jest) teatr&#8221;. Wobec pi\u0119kna, mi\u0142o\u015bci i kolorowej \u201cmaskarady\u201d \u017cycia, blednie za\u015b nawet sama \u015bmier\u0107. Na scenie \u017cycia wszyscy jeste\u015bmy niczym zakochany i boski antyczny Ch\u00f3r. Arystoteles powiedzia\u0142by, i\u017c jeste\u015bmy \u201cidealnymi widzami\u201d, ta\u0144cem i muzyk\u0105 wyra\u017caj\u0105cymi zar\u00f3wno rado\u015b\u0107 jak i smutek.&nbsp;Ka\u017cde wej\u015bcie Ch\u00f3ru na&nbsp;<em>orchestr\u0119<\/em>&nbsp;odbywa si\u0119 w formie magicznej procesji. Ch\u00f3r spe\u0142nia rol\u0119 po\u015brednika, kt\u00f3ry na sw\u00f3j spos\u00f3b \u201cuniwersalizuje opowie\u015b\u0107 oraz ukazuje zwi\u0105zek pomi\u0119dzy tragiczn\u0105 akcj\u0105 a sytuacj\u0105 publiczno\u015bci. (\u2026) Ch\u00f3r przenosi niejako oddzia\u0142ywanie tragedii na szersz\u0105 publiczno\u015b\u0107, jak fale zataczaj\u0105ce coraz wi\u0119ksze kr\u0119gi wok\u00f3\u0142 rzuconego w wod\u0119 [pojedynczego] kamienia\u201d (Peter Arnott).<\/p>\n\n\n\n<p>Tu przychodzi mi na my\u015bl fragment \u201cTraktatu moralnego\u201d Czes\u0142awa Mi\u0142osza:<\/p>\n\n\n\n<p class=\"has-text-align-center\"><br><em>Nie jeste\u015b jednak tak bezwolny,<br>A cho\u0107by\u015b by\u0142 jak kamie\u0144 polny,<br>Lawina bieg od tego zmienia,<br>Po jakich toczy si\u0119 kamieniach.<br>I, jak zwyk\u0142 mawia\u0107 ju\u017c kto\u015b inny,<br>Mo\u017cesz, wi\u0119c wp\u0142y\u0144 na bieg lawiny.<\/em><\/p>\n\n\n\n<p><\/p>\n\n\n\n<p>W tragedii greckiej kluczowym i najwa\u017cniejszym momentem jest&nbsp;<em>katharsis,&nbsp;<\/em>oczyszczenie, kt\u00f3re cho\u0107 przeszywa na wskro\u015b niepoj\u0119tym b\u00f3lem, to jednak pozwala \u017cy\u0107 dalej. Reszta jest milczeniem i cisz\u0105. Nie pozostaje nic innego, jak ws\u0142ucha\u0107 si\u0119 w jej brzmienie, po to by codziennie przezwyci\u0119\u017ca\u0107 wszechobecny hejt&#8230;<\/p>\n\n\n\n<figure class=\"wp-block-image aligncenter size-full\"><img data-recalc-dims=\"1\" loading=\"lazy\" decoding=\"async\" width=\"800\" height=\"445\" src=\"https:\/\/i0.wp.com\/notabene.world\/nb\/wp-content\/uploads\/2024\/01\/sofs0.jpg?resize=800%2C445&#038;ssl=1\" alt=\"\" class=\"wp-image-12255\" srcset=\"https:\/\/i0.wp.com\/notabene.world\/nb\/wp-content\/uploads\/2024\/01\/sofs0.jpg?w=800&amp;ssl=1 800w, https:\/\/i0.wp.com\/notabene.world\/nb\/wp-content\/uploads\/2024\/01\/sofs0.jpg?resize=300%2C167&amp;ssl=1 300w, https:\/\/i0.wp.com\/notabene.world\/nb\/wp-content\/uploads\/2024\/01\/sofs0.jpg?resize=768%2C427&amp;ssl=1 768w\" sizes=\"auto, (max-width: 800px) 100vw, 800px\" \/><\/figure>\n\n\n\n<p>PS: Ulubion\u0105 piosenk\u0105 Paw\u0142a Adamowicza by\u0142a &#8222;Modlitwa o wschodzie S\u0142o\u0144ca&#8221; autorstwa barda &#8222;Solidarno\u015bci&#8221;  Jacka Kaczmarskiego. Pos\u0142uchajcie:<\/p>\n\n\n\n<div class=\"wp-block-columns is-layout-flex wp-container-core-columns-is-layout-28f84493 wp-block-columns-is-layout-flex\">\n<div class=\"wp-block-column is-layout-flow wp-block-column-is-layout-flow\">\n<figure class=\"wp-block-embed is-type-video is-provider-youtube wp-block-embed-youtube wp-embed-aspect-4-3 wp-has-aspect-ratio\"><div class=\"wp-block-embed__wrapper\">\n<span class=\"embed-youtube\" style=\"text-align:center; display: block;\"><iframe loading=\"lazy\" class=\"youtube-player\" width=\"800\" height=\"450\" src=\"https:\/\/www.youtube.com\/embed\/xC16umYvmjE?version=3&#038;rel=1&#038;showsearch=0&#038;showinfo=1&#038;iv_load_policy=1&#038;fs=1&#038;hl=pl-PL&#038;autohide=2&#038;wmode=transparent\" allowfullscreen=\"true\" style=\"border:0;\" sandbox=\"allow-scripts allow-same-origin allow-popups allow-presentation allow-popups-to-escape-sandbox\"><\/iframe><\/span>\n<\/div><\/figure>\n<\/div>\n\n\n\n<div class=\"wp-block-column is-layout-flow wp-block-column-is-layout-flow\">\n<h5 class=\"wp-block-heading\">TEKST PIOSENKI: MODLITWA O WSCHODZIE S\u0141O\u0143CA<\/h5>\n\n\n\n<p><\/p>\n\n\n\n<p>Ka\u017cdy Tw\u00f3j wyrok przyjm\u0119 twardy<br>Przed moc\u0105 Twoj\u0105 si\u0119 ukorz\u0119<br>Ale chro\u0144 mnie, Panie, od pogardy<br>Od nienawi\u015bci strze\u017c mnie, Bo\u017ce<br><br>Wszak Ty\u015b jest niezmierzone dobro<br>Kt\u00f3rego nie wyra\u017c\u0105 s\u0142owa<br>Wi\u0119c mnie od nienawi\u015bci obro\u0144<br>I od pogardy mnie zachowaj<br><br>Co postanowisz, niech si\u0119 zi\u015bci<br>Niechaj si\u0119 wola Twoja stanie<br>Ale zbaw mnie od nienawi\u015bci<br>Ocal mnie od pogardy Panie<br><br>Co postanowisz, niech si\u0119 zi\u015bci<br>Niechaj si\u0119 wola Twoja stanie<br>Ale zbaw mnie od nienawi\u015bci<br>I Ocal mnie od pogardy Panie<\/p>\n<\/div>\n<\/div>\n\n\n\n<p><\/p>\n","protected":false},"excerpt":{"rendered":"<p>13. stycznia 2026r. w przededniu si\u00f3dmej rocznicy zamordowania prezydenta Gda\u0144ska Paw\u0142a Adamowicza zn\u00f3w jest ciemno, smutno i cicho. Ws\u0142uchuj\u0105c si\u0119 w cisz\u0119, paradoksalnie czuj\u0119, \u017ce jestem pod \u015bcian\u0105 p\u0142aczu. Wydaje si\u0119, i\u017c przed t\u0105 niezno\u015bn\u0105 przeznaczon\u0105 nam cisz\u0105 nie ma ucieczki. W ciszy mo\u017cna jednak jeszcze co\u015b szepta\u0107. Cisza jest modlitw\u0105. Modlitwa jest cisz\u0105.<br \/>\n<br \/>\nWed\u0142ug wykl\u0119tego poety Edwarda Stachury \u201c\u017cycie to jest (i nie jest) teatr.\u201d Wobec pi\u0119kna, mi\u0142o\u015bci i kolorowej \u201cmaskarady\u201d \u017cycia, blednie za\u015b nawet sama \u015bmier\u0107. Na scenie \u017cycia wszyscy jeste\u015bmy niczym zakochany i boski antyczny Ch\u00f3r. Arystoteles powiedzia\u0142by, i\u017c jeste\u015bmy \u201cidealnymi widzami\u201d, ta\u0144cem i muzyk\u0105 wyra\u017caj\u0105cymi zar\u00f3wno rado\u015b\u0107 jak i smutek.<br \/>\n<br \/>\nW tragedii greckiej kluczowym i najwa\u017cniejszym momentem jest\u00a0katharsis,\u00a0oczyszczenie, kt\u00f3re cho\u0107 przeszywa na wskro\u015b niepoj\u0119tym b\u00f3lem, to jednak pozwala \u017cy\u0107 dalej. Reszta jest milczeniem i cisz\u0105. Nie pozostaje nic innego, jak ws\u0142ucha\u0107 si\u0119 w jej brzmienie, po to by codziennie przezwyci\u0119\u017ca\u0107 wszechobecny hejt&#8230;<\/p>\n","protected":false},"author":1,"featured_media":12281,"comment_status":"closed","ping_status":"closed","sticky":false,"template":"","format":"standard","meta":{"colormag_page_container_layout":"no_sidebar_content_centered","colormag_page_sidebar_layout":"no_sidebar","_jetpack_memberships_contains_paid_content":false,"footnotes":"","_links_to":"","_links_to_target":""},"categories":[64,42,48],"tags":[],"class_list":["post-8646","post","type-post","status-publish","format-standard","has-post-thumbnail","hentry","category-aktualnosci","category-felietony","category-wiecej-swiatla"],"yoast_head":"<!-- This site is optimized with the Yoast SEO plugin v27.4 - https:\/\/yoast.com\/product\/yoast-seo-wordpress\/ -->\n<title>O wschodzie s\u0142o\u0144ca. Brzmienie ciszy... - NOTABENE.WORLD<\/title>\n<meta name=\"robots\" content=\"index, follow, max-snippet:-1, max-image-preview:large, max-video-preview:-1\" \/>\n<link rel=\"canonical\" href=\"https:\/\/notabene.world\/nb\/brzmienie-ciszy-2\/\" \/>\n<meta property=\"og:locale\" content=\"pl_PL\" \/>\n<meta property=\"og:type\" content=\"article\" \/>\n<meta property=\"og:title\" content=\"O wschodzie s\u0142o\u0144ca. Brzmienie ciszy... - NOTABENE.WORLD\" \/>\n<meta property=\"og:description\" content=\"13. stycznia 2026r. w przededniu si\u00f3dmej rocznicy zamordowania prezydenta Gda\u0144ska Paw\u0142a Adamowicza zn\u00f3w jest ciemno, smutno i cicho. Ws\u0142uchuj\u0105c si\u0119 w cisz\u0119, paradoksalnie czuj\u0119, \u017ce jestem pod \u015bcian\u0105 p\u0142aczu. Wydaje si\u0119, i\u017c przed t\u0105 niezno\u015bn\u0105 przeznaczon\u0105 nam cisz\u0105 nie ma ucieczki. W ciszy mo\u017cna jednak jeszcze co\u015b szepta\u0107. Cisza jest modlitw\u0105. Modlitwa jest cisz\u0105. Wed\u0142ug wykl\u0119tego poety Edwarda Stachury \u201c\u017cycie to jest (i nie jest) teatr.\u201d Wobec pi\u0119kna, mi\u0142o\u015bci i kolorowej \u201cmaskarady\u201d \u017cycia, blednie za\u015b nawet sama \u015bmier\u0107. Na scenie \u017cycia wszyscy jeste\u015bmy niczym zakochany i boski antyczny Ch\u00f3r. Arystoteles powiedzia\u0142by, i\u017c jeste\u015bmy \u201cidealnymi widzami\u201d, ta\u0144cem i muzyk\u0105 wyra\u017caj\u0105cymi zar\u00f3wno rado\u015b\u0107 jak i smutek. W tragedii greckiej kluczowym i najwa\u017cniejszym momentem jest\u00a0katharsis,\u00a0oczyszczenie, kt\u00f3re cho\u0107 przeszywa na wskro\u015b niepoj\u0119tym b\u00f3lem, to jednak pozwala \u017cy\u0107 dalej. Reszta jest milczeniem i cisz\u0105. Nie pozostaje nic innego, jak ws\u0142ucha\u0107 si\u0119 w jej brzmienie, po to by codziennie przezwyci\u0119\u017ca\u0107 wszechobecny hejt...\" \/>\n<meta property=\"og:url\" content=\"https:\/\/notabene.world\/nb\/brzmienie-ciszy-2\/\" \/>\n<meta property=\"og:site_name\" content=\"NOTABENE.WORLD\" \/>\n<meta property=\"article:publisher\" content=\"https:\/\/www.facebook.com\/Notabene.World\" \/>\n<meta property=\"article:published_time\" content=\"2026-01-13T02:46:43+00:00\" \/>\n<meta property=\"article:modified_time\" content=\"2026-01-14T05:10:35+00:00\" \/>\n<meta property=\"og:image\" content=\"https:\/\/notabene.world\/nb\/wp-content\/uploads\/2024\/01\/sosle1.jpg\" \/>\n\t<meta property=\"og:image:width\" content=\"800\" \/>\n\t<meta property=\"og:image:height\" content=\"445\" \/>\n\t<meta property=\"og:image:type\" content=\"image\/jpeg\" \/>\n<meta name=\"author\" content=\"C vel K\" \/>\n<meta name=\"twitter:card\" content=\"summary_large_image\" \/>\n<meta name=\"twitter:label1\" content=\"Napisane przez\" \/>\n\t<meta name=\"twitter:data1\" content=\"C vel K\" \/>\n\t<meta name=\"twitter:label2\" content=\"Szacowany czas czytania\" \/>\n\t<meta name=\"twitter:data2\" content=\"2 minuty\" \/>\n<script type=\"application\/ld+json\" class=\"yoast-schema-graph\">{\"@context\":\"https:\\\/\\\/schema.org\",\"@graph\":[{\"@type\":\"Article\",\"@id\":\"https:\\\/\\\/notabene.world\\\/nb\\\/brzmienie-ciszy-2\\\/#article\",\"isPartOf\":{\"@id\":\"https:\\\/\\\/notabene.world\\\/nb\\\/brzmienie-ciszy-2\\\/\"},\"author\":{\"name\":\"C vel K\",\"@id\":\"https:\\\/\\\/notabene.world\\\/nb\\\/#\\\/schema\\\/person\\\/2227ed509f9261e544f6078919e1981d\"},\"headline\":\"O wschodzie s\u0142o\u0144ca. Brzmienie ciszy&#8230;\",\"datePublished\":\"2026-01-13T02:46:43+00:00\",\"dateModified\":\"2026-01-14T05:10:35+00:00\",\"mainEntityOfPage\":{\"@id\":\"https:\\\/\\\/notabene.world\\\/nb\\\/brzmienie-ciszy-2\\\/\"},\"wordCount\":428,\"publisher\":{\"@id\":\"https:\\\/\\\/notabene.world\\\/nb\\\/#organization\"},\"image\":{\"@id\":\"https:\\\/\\\/notabene.world\\\/nb\\\/brzmienie-ciszy-2\\\/#primaryimage\"},\"thumbnailUrl\":\"https:\\\/\\\/i0.wp.com\\\/notabene.world\\\/nb\\\/wp-content\\\/uploads\\\/2024\\\/01\\\/sosle1.jpg?fit=800%2C445&ssl=1\",\"articleSection\":[\"Aktualno\u015bci\",\"Felietony\",\"WI\u0118CEJ \u015aWIAT(\u0141)A\"],\"inLanguage\":\"pl-PL\"},{\"@type\":\"WebPage\",\"@id\":\"https:\\\/\\\/notabene.world\\\/nb\\\/brzmienie-ciszy-2\\\/\",\"url\":\"https:\\\/\\\/notabene.world\\\/nb\\\/brzmienie-ciszy-2\\\/\",\"name\":\"O wschodzie s\u0142o\u0144ca. Brzmienie ciszy... - NOTABENE.WORLD\",\"isPartOf\":{\"@id\":\"https:\\\/\\\/notabene.world\\\/nb\\\/#website\"},\"primaryImageOfPage\":{\"@id\":\"https:\\\/\\\/notabene.world\\\/nb\\\/brzmienie-ciszy-2\\\/#primaryimage\"},\"image\":{\"@id\":\"https:\\\/\\\/notabene.world\\\/nb\\\/brzmienie-ciszy-2\\\/#primaryimage\"},\"thumbnailUrl\":\"https:\\\/\\\/i0.wp.com\\\/notabene.world\\\/nb\\\/wp-content\\\/uploads\\\/2024\\\/01\\\/sosle1.jpg?fit=800%2C445&ssl=1\",\"datePublished\":\"2026-01-13T02:46:43+00:00\",\"dateModified\":\"2026-01-14T05:10:35+00:00\",\"breadcrumb\":{\"@id\":\"https:\\\/\\\/notabene.world\\\/nb\\\/brzmienie-ciszy-2\\\/#breadcrumb\"},\"inLanguage\":\"pl-PL\",\"potentialAction\":[{\"@type\":\"ReadAction\",\"target\":[\"https:\\\/\\\/notabene.world\\\/nb\\\/brzmienie-ciszy-2\\\/\"]}]},{\"@type\":\"ImageObject\",\"inLanguage\":\"pl-PL\",\"@id\":\"https:\\\/\\\/notabene.world\\\/nb\\\/brzmienie-ciszy-2\\\/#primaryimage\",\"url\":\"https:\\\/\\\/i0.wp.com\\\/notabene.world\\\/nb\\\/wp-content\\\/uploads\\\/2024\\\/01\\\/sosle1.jpg?fit=800%2C445&ssl=1\",\"contentUrl\":\"https:\\\/\\\/i0.wp.com\\\/notabene.world\\\/nb\\\/wp-content\\\/uploads\\\/2024\\\/01\\\/sosle1.jpg?fit=800%2C445&ssl=1\",\"width\":800,\"height\":445},{\"@type\":\"BreadcrumbList\",\"@id\":\"https:\\\/\\\/notabene.world\\\/nb\\\/brzmienie-ciszy-2\\\/#breadcrumb\",\"itemListElement\":[{\"@type\":\"ListItem\",\"position\":1,\"name\":\"Home\",\"item\":\"https:\\\/\\\/notabene.world\\\/nb\\\/\"},{\"@type\":\"ListItem\",\"position\":2,\"name\":\"O wschodzie s\u0142o\u0144ca. Brzmienie ciszy&#8230;\"}]},{\"@type\":\"WebSite\",\"@id\":\"https:\\\/\\\/notabene.world\\\/nb\\\/#website\",\"url\":\"https:\\\/\\\/notabene.world\\\/nb\\\/\",\"name\":\"NOTABENE.WORLD\",\"description\":\"Przekaz. Warto\u015bci. Wsp\u00f3lnota.\",\"publisher\":{\"@id\":\"https:\\\/\\\/notabene.world\\\/nb\\\/#organization\"},\"potentialAction\":[{\"@type\":\"SearchAction\",\"target\":{\"@type\":\"EntryPoint\",\"urlTemplate\":\"https:\\\/\\\/notabene.world\\\/nb\\\/?s={search_term_string}\"},\"query-input\":{\"@type\":\"PropertyValueSpecification\",\"valueRequired\":true,\"valueName\":\"search_term_string\"}}],\"inLanguage\":\"pl-PL\"},{\"@type\":\"Organization\",\"@id\":\"https:\\\/\\\/notabene.world\\\/nb\\\/#organization\",\"name\":\"NOTABENE.WORLD\",\"url\":\"https:\\\/\\\/notabene.world\\\/nb\\\/\",\"logo\":{\"@type\":\"ImageObject\",\"inLanguage\":\"pl-PL\",\"@id\":\"https:\\\/\\\/notabene.world\\\/nb\\\/#\\\/schema\\\/logo\\\/image\\\/\",\"url\":\"https:\\\/\\\/notabene.world\\\/nb\\\/wp-content\\\/uploads\\\/2022\\\/01\\\/NB-club-start-www1.jpg\",\"contentUrl\":\"https:\\\/\\\/notabene.world\\\/nb\\\/wp-content\\\/uploads\\\/2022\\\/01\\\/NB-club-start-www1.jpg\",\"width\":1000,\"height\":839,\"caption\":\"NOTABENE.WORLD\"},\"image\":{\"@id\":\"https:\\\/\\\/notabene.world\\\/nb\\\/#\\\/schema\\\/logo\\\/image\\\/\"},\"sameAs\":[\"https:\\\/\\\/www.facebook.com\\\/Notabene.World\"]},{\"@type\":\"Person\",\"@id\":\"https:\\\/\\\/notabene.world\\\/nb\\\/#\\\/schema\\\/person\\\/2227ed509f9261e544f6078919e1981d\",\"name\":\"C vel K\",\"image\":{\"@type\":\"ImageObject\",\"inLanguage\":\"pl-PL\",\"@id\":\"https:\\\/\\\/secure.gravatar.com\\\/avatar\\\/da4181237ddf77c667487dd66af5231faaf45fbcb0774d7a408f868da56bf04c?s=96&d=mm&r=g\",\"url\":\"https:\\\/\\\/secure.gravatar.com\\\/avatar\\\/da4181237ddf77c667487dd66af5231faaf45fbcb0774d7a408f868da56bf04c?s=96&d=mm&r=g\",\"contentUrl\":\"https:\\\/\\\/secure.gravatar.com\\\/avatar\\\/da4181237ddf77c667487dd66af5231faaf45fbcb0774d7a408f868da56bf04c?s=96&d=mm&r=g\",\"caption\":\"C vel K\"},\"url\":\"https:\\\/\\\/notabene.world\\\/nb\\\/author\\\/kcedro\\\/\"}]}<\/script>\n<!-- \/ Yoast SEO plugin. -->","yoast_head_json":{"title":"O wschodzie s\u0142o\u0144ca. Brzmienie ciszy... - NOTABENE.WORLD","robots":{"index":"index","follow":"follow","max-snippet":"max-snippet:-1","max-image-preview":"max-image-preview:large","max-video-preview":"max-video-preview:-1"},"canonical":"https:\/\/notabene.world\/nb\/brzmienie-ciszy-2\/","og_locale":"pl_PL","og_type":"article","og_title":"O wschodzie s\u0142o\u0144ca. Brzmienie ciszy... - NOTABENE.WORLD","og_description":"13. stycznia 2026r. w przededniu si\u00f3dmej rocznicy zamordowania prezydenta Gda\u0144ska Paw\u0142a Adamowicza zn\u00f3w jest ciemno, smutno i cicho. Ws\u0142uchuj\u0105c si\u0119 w cisz\u0119, paradoksalnie czuj\u0119, \u017ce jestem pod \u015bcian\u0105 p\u0142aczu. Wydaje si\u0119, i\u017c przed t\u0105 niezno\u015bn\u0105 przeznaczon\u0105 nam cisz\u0105 nie ma ucieczki. W ciszy mo\u017cna jednak jeszcze co\u015b szepta\u0107. Cisza jest modlitw\u0105. Modlitwa jest cisz\u0105. Wed\u0142ug wykl\u0119tego poety Edwarda Stachury \u201c\u017cycie to jest (i nie jest) teatr.\u201d Wobec pi\u0119kna, mi\u0142o\u015bci i kolorowej \u201cmaskarady\u201d \u017cycia, blednie za\u015b nawet sama \u015bmier\u0107. Na scenie \u017cycia wszyscy jeste\u015bmy niczym zakochany i boski antyczny Ch\u00f3r. Arystoteles powiedzia\u0142by, i\u017c jeste\u015bmy \u201cidealnymi widzami\u201d, ta\u0144cem i muzyk\u0105 wyra\u017caj\u0105cymi zar\u00f3wno rado\u015b\u0107 jak i smutek. W tragedii greckiej kluczowym i najwa\u017cniejszym momentem jest\u00a0katharsis,\u00a0oczyszczenie, kt\u00f3re cho\u0107 przeszywa na wskro\u015b niepoj\u0119tym b\u00f3lem, to jednak pozwala \u017cy\u0107 dalej. Reszta jest milczeniem i cisz\u0105. Nie pozostaje nic innego, jak ws\u0142ucha\u0107 si\u0119 w jej brzmienie, po to by codziennie przezwyci\u0119\u017ca\u0107 wszechobecny hejt...","og_url":"https:\/\/notabene.world\/nb\/brzmienie-ciszy-2\/","og_site_name":"NOTABENE.WORLD","article_publisher":"https:\/\/www.facebook.com\/Notabene.World","article_published_time":"2026-01-13T02:46:43+00:00","article_modified_time":"2026-01-14T05:10:35+00:00","og_image":[{"width":800,"height":445,"url":"https:\/\/notabene.world\/nb\/wp-content\/uploads\/2024\/01\/sosle1.jpg","type":"image\/jpeg"}],"author":"C vel K","twitter_card":"summary_large_image","twitter_misc":{"Napisane przez":"C vel K","Szacowany czas czytania":"2 minuty"},"schema":{"@context":"https:\/\/schema.org","@graph":[{"@type":"Article","@id":"https:\/\/notabene.world\/nb\/brzmienie-ciszy-2\/#article","isPartOf":{"@id":"https:\/\/notabene.world\/nb\/brzmienie-ciszy-2\/"},"author":{"name":"C vel K","@id":"https:\/\/notabene.world\/nb\/#\/schema\/person\/2227ed509f9261e544f6078919e1981d"},"headline":"O wschodzie s\u0142o\u0144ca. Brzmienie ciszy&#8230;","datePublished":"2026-01-13T02:46:43+00:00","dateModified":"2026-01-14T05:10:35+00:00","mainEntityOfPage":{"@id":"https:\/\/notabene.world\/nb\/brzmienie-ciszy-2\/"},"wordCount":428,"publisher":{"@id":"https:\/\/notabene.world\/nb\/#organization"},"image":{"@id":"https:\/\/notabene.world\/nb\/brzmienie-ciszy-2\/#primaryimage"},"thumbnailUrl":"https:\/\/i0.wp.com\/notabene.world\/nb\/wp-content\/uploads\/2024\/01\/sosle1.jpg?fit=800%2C445&ssl=1","articleSection":["Aktualno\u015bci","Felietony","WI\u0118CEJ \u015aWIAT(\u0141)A"],"inLanguage":"pl-PL"},{"@type":"WebPage","@id":"https:\/\/notabene.world\/nb\/brzmienie-ciszy-2\/","url":"https:\/\/notabene.world\/nb\/brzmienie-ciszy-2\/","name":"O wschodzie s\u0142o\u0144ca. Brzmienie ciszy... - NOTABENE.WORLD","isPartOf":{"@id":"https:\/\/notabene.world\/nb\/#website"},"primaryImageOfPage":{"@id":"https:\/\/notabene.world\/nb\/brzmienie-ciszy-2\/#primaryimage"},"image":{"@id":"https:\/\/notabene.world\/nb\/brzmienie-ciszy-2\/#primaryimage"},"thumbnailUrl":"https:\/\/i0.wp.com\/notabene.world\/nb\/wp-content\/uploads\/2024\/01\/sosle1.jpg?fit=800%2C445&ssl=1","datePublished":"2026-01-13T02:46:43+00:00","dateModified":"2026-01-14T05:10:35+00:00","breadcrumb":{"@id":"https:\/\/notabene.world\/nb\/brzmienie-ciszy-2\/#breadcrumb"},"inLanguage":"pl-PL","potentialAction":[{"@type":"ReadAction","target":["https:\/\/notabene.world\/nb\/brzmienie-ciszy-2\/"]}]},{"@type":"ImageObject","inLanguage":"pl-PL","@id":"https:\/\/notabene.world\/nb\/brzmienie-ciszy-2\/#primaryimage","url":"https:\/\/i0.wp.com\/notabene.world\/nb\/wp-content\/uploads\/2024\/01\/sosle1.jpg?fit=800%2C445&ssl=1","contentUrl":"https:\/\/i0.wp.com\/notabene.world\/nb\/wp-content\/uploads\/2024\/01\/sosle1.jpg?fit=800%2C445&ssl=1","width":800,"height":445},{"@type":"BreadcrumbList","@id":"https:\/\/notabene.world\/nb\/brzmienie-ciszy-2\/#breadcrumb","itemListElement":[{"@type":"ListItem","position":1,"name":"Home","item":"https:\/\/notabene.world\/nb\/"},{"@type":"ListItem","position":2,"name":"O wschodzie s\u0142o\u0144ca. Brzmienie ciszy&#8230;"}]},{"@type":"WebSite","@id":"https:\/\/notabene.world\/nb\/#website","url":"https:\/\/notabene.world\/nb\/","name":"NOTABENE.WORLD","description":"Przekaz. Warto\u015bci. Wsp\u00f3lnota.","publisher":{"@id":"https:\/\/notabene.world\/nb\/#organization"},"potentialAction":[{"@type":"SearchAction","target":{"@type":"EntryPoint","urlTemplate":"https:\/\/notabene.world\/nb\/?s={search_term_string}"},"query-input":{"@type":"PropertyValueSpecification","valueRequired":true,"valueName":"search_term_string"}}],"inLanguage":"pl-PL"},{"@type":"Organization","@id":"https:\/\/notabene.world\/nb\/#organization","name":"NOTABENE.WORLD","url":"https:\/\/notabene.world\/nb\/","logo":{"@type":"ImageObject","inLanguage":"pl-PL","@id":"https:\/\/notabene.world\/nb\/#\/schema\/logo\/image\/","url":"https:\/\/notabene.world\/nb\/wp-content\/uploads\/2022\/01\/NB-club-start-www1.jpg","contentUrl":"https:\/\/notabene.world\/nb\/wp-content\/uploads\/2022\/01\/NB-club-start-www1.jpg","width":1000,"height":839,"caption":"NOTABENE.WORLD"},"image":{"@id":"https:\/\/notabene.world\/nb\/#\/schema\/logo\/image\/"},"sameAs":["https:\/\/www.facebook.com\/Notabene.World"]},{"@type":"Person","@id":"https:\/\/notabene.world\/nb\/#\/schema\/person\/2227ed509f9261e544f6078919e1981d","name":"C vel K","image":{"@type":"ImageObject","inLanguage":"pl-PL","@id":"https:\/\/secure.gravatar.com\/avatar\/da4181237ddf77c667487dd66af5231faaf45fbcb0774d7a408f868da56bf04c?s=96&d=mm&r=g","url":"https:\/\/secure.gravatar.com\/avatar\/da4181237ddf77c667487dd66af5231faaf45fbcb0774d7a408f868da56bf04c?s=96&d=mm&r=g","contentUrl":"https:\/\/secure.gravatar.com\/avatar\/da4181237ddf77c667487dd66af5231faaf45fbcb0774d7a408f868da56bf04c?s=96&d=mm&r=g","caption":"C vel K"},"url":"https:\/\/notabene.world\/nb\/author\/kcedro\/"}]}},"jetpack_featured_media_url":"https:\/\/i0.wp.com\/notabene.world\/nb\/wp-content\/uploads\/2024\/01\/sosle1.jpg?fit=800%2C445&ssl=1","jetpack_sharing_enabled":true,"jetpack_shortlink":"https:\/\/wp.me\/pdCobN-2fs","_links":{"self":[{"href":"https:\/\/notabene.world\/nb\/wp-json\/wp\/v2\/posts\/8646","targetHints":{"allow":["GET"]}}],"collection":[{"href":"https:\/\/notabene.world\/nb\/wp-json\/wp\/v2\/posts"}],"about":[{"href":"https:\/\/notabene.world\/nb\/wp-json\/wp\/v2\/types\/post"}],"author":[{"embeddable":true,"href":"https:\/\/notabene.world\/nb\/wp-json\/wp\/v2\/users\/1"}],"replies":[{"embeddable":true,"href":"https:\/\/notabene.world\/nb\/wp-json\/wp\/v2\/comments?post=8646"}],"version-history":[{"count":5,"href":"https:\/\/notabene.world\/nb\/wp-json\/wp\/v2\/posts\/8646\/revisions"}],"predecessor-version":[{"id":19157,"href":"https:\/\/notabene.world\/nb\/wp-json\/wp\/v2\/posts\/8646\/revisions\/19157"}],"wp:featuredmedia":[{"embeddable":true,"href":"https:\/\/notabene.world\/nb\/wp-json\/wp\/v2\/media\/12281"}],"wp:attachment":[{"href":"https:\/\/notabene.world\/nb\/wp-json\/wp\/v2\/media?parent=8646"}],"wp:term":[{"taxonomy":"category","embeddable":true,"href":"https:\/\/notabene.world\/nb\/wp-json\/wp\/v2\/categories?post=8646"},{"taxonomy":"post_tag","embeddable":true,"href":"https:\/\/notabene.world\/nb\/wp-json\/wp\/v2\/tags?post=8646"}],"curies":[{"name":"wp","href":"https:\/\/api.w.org\/{rel}","templated":true}]}}