{"id":866,"date":"2025-07-30T00:00:19","date_gmt":"2025-07-30T00:00:19","guid":{"rendered":"https:\/\/notabene.world\/nb\/?p=866"},"modified":"2025-08-04T22:53:49","modified_gmt":"2025-08-04T22:53:49","slug":"lato-na-peryferiach","status":"publish","type":"post","link":"https:\/\/notabene.world\/nb\/lato-na-peryferiach\/","title":{"rendered":"Lato na peryferiach. Czarodziejskie Davos"},"content":{"rendered":"\n<p class=\"has-text-align-right\"><em>Czytajcie Thomasa Manna (i nie tylko), a b\u0119dzie Wam dane<\/em><\/p>\n\n\n\n<p>Jeden z lipcowych weekend\u00f3w w tym roku sp\u0119dzi\u0142em na belgijsko-francuskich peryferiach \u2013 w\u015br\u00f3d malowniczych wydm Dunkierki &#8211; kolorowej, ciep\u0142ej i nieco tajemniczej. Dzisiaj z kolei jestem ju\u017c w zupe\u0142nie innym \u015bwiecie &#8211; w szwajcarskim centrum Davos, nieopodal Czarodziejskiej G\u00f3ry, kt\u00f3ra przywodzi oczywi\u015bcie na my\u015bl Thomasa Manna.<\/p>\n\n\n\n<p>By\u0142o i jest magicznie, wi\u0119c zastanawiam si\u0119, sk\u0105d tak naprawd\u0119 lepiej patrze\u0107 na \u015bwiat. Podobno naj\u0142atwiej zrozumie\u0107 centrum \u015bwiata z peryferii, jeszcze lepiej za\u015b, gdy peryferie staj\u0105 si\u0119 w ko\u0144cu centrum. W \u015bwiecie, w kt\u00f3rym przysz\u0142o nam \u017cy\u0107, granica pomi\u0119dzy peryferiami a centrum sta\u0142a si\u0119 zreszt\u0105 niezwykle ulotna.<\/p>\n\n\n\n<p>Do Dunkierki dotar\u0142em za spraw\u0105 filmu, kt\u00f3ry ju\u017c raz widzia\u0142em. Do Davos za\u015b przywiod\u0142a mnie ponownie po latach powie\u015b\u0107 Thomasa Manna, kt\u00f3r\u0105 czytam na nowo i w jak\u017ce odmiennym kontek\u015bcie. Oczywi\u015bcie, \u017ce podobaj\u0105 mi si\u0119 nadal najbardziej tylko i wy\u0142\u0105cznie te filmy\/miejsca\/ksi\u0105\u017cki, z kt\u00f3rymi ju\u017c si\u0119 kiedy\u015b zetkn\u0105\u0142em.<\/p>\n\n\n\n<p>Od czterdziestu lat czuj\u0119 si\u0119 jak w transie albo na rejsie, niczym na \u0142\u00f3dce targanej niespodziewanymi podmuchami wiatr\u00f3w, w\u015br\u00f3d nieustaj\u0105co powracaj\u0105cych w m\u0105 stron\u0119 fal oceanu. Zr\u0119cznie dryfuj\u0119 i to szalone uczucie wolno\u015bci nie zna granic. Nie ma te\u017c ko\u0144ca.&nbsp;<\/p>\n\n\n\n<p>W Davos przyk\u0142adam do oczu lornetk\u0119, by lepiej przyjrze\u0107 si\u0119 peryferyjno-centralnej codzienno\u015bci. Im d\u0142u\u017cej patrz\u0119, tym bardziej pogr\u0105\u017cam si\u0119 w swoistej nudzie i ot\u0119pieniu globalno-lokalnego obyczaju. Nastr\u00f3j znowu jest niepokoj\u0105co i katastroficznie przedwojenny. W nie tak znowu odleg\u0142ej naszej ma\u0142ej ojczy\u017anie za\u015b, na \u0141ysej G\u00f3rze, raz po raz beztrosko harcuj\u0105 \u015bwi\u0119tokrzyskie czarownice.<\/p>\n\n\n\n<p>W okolicznych lasach natomiast Makosz z Makosz\u0105 nabo\u017cnie odprawiaj\u0105 swe rytualne poga\u0144skie pl\u0105sy. W przerwach za\u015b paj\u0105czki delikatnie oplataj\u0105ce piersi roznami\u0119tnionej Makoszy, nabo\u017cnie przepowiadaj\u0105 Makoszowi przysz\u0142o\u015b\u0107.<\/p>\n\n\n\n<p>Makosz staje si\u0119 tym samym na naszych oczach takim wsp\u00f3\u0142czesnym i wszystko-wiedz\u0105cym Settembrinim, kt\u00f3ry da\u0142 sobie wreszcie spok\u00f3j zar\u00f3wno z Napht\u0105, jak i z Castorpem. W tym wszystkim nie brakuje oczywi\u015bcie sandomierskiego wina, a jakby co, to poprosimy o wi\u0119cej &#8211; poprosimy o cud.<\/p>\n\n\n\n<p>Zewsz\u0105d s\u0142ycha\u0107 te\u017c fantasmagorycznie jazzuj\u0105ce klezmerskie kapele. Po co\u017c nam zatem zawraca\u0107 sobie g\u0142ow\u0119 bezruchem czy dekadenck\u0105 nud\u0105, skoro wok\u00f3\u0142 tyle si\u0119 dzieje. I tu, i tam, i teraz.\u00a0I wsz\u0119dzie. Z okolic Czarodziejskiej G\u00f3ry &#8211; albo i ze szczytu \u0141ysej G\u00f3ry na przyk\u0142ad &#8211; po prostu wida\u0107 lepiej.<\/p>\n\n\n\n<figure class=\"wp-block-image size-full\"><img data-recalc-dims=\"1\" loading=\"lazy\" decoding=\"async\" width=\"800\" height=\"445\" src=\"https:\/\/i0.wp.com\/notabene.world\/nb\/wp-content\/uploads\/2024\/02\/mamou.jpg?resize=800%2C445&#038;ssl=1\" alt=\"\" class=\"wp-image-16271\" srcset=\"https:\/\/i0.wp.com\/notabene.world\/nb\/wp-content\/uploads\/2024\/02\/mamou.jpg?w=800&amp;ssl=1 800w, https:\/\/i0.wp.com\/notabene.world\/nb\/wp-content\/uploads\/2024\/02\/mamou.jpg?resize=300%2C167&amp;ssl=1 300w, https:\/\/i0.wp.com\/notabene.world\/nb\/wp-content\/uploads\/2024\/02\/mamou.jpg?resize=768%2C427&amp;ssl=1 768w\" sizes=\"auto, (max-width: 800px) 100vw, 800px\" \/><\/figure>\n","protected":false},"excerpt":{"rendered":"<p>Jeden z lipcowych weekend\u00f3w w tym roku sp\u0119dzi\u0142em na belgijsko-francuskich peryferiach \u2013 w\u015br\u00f3d malowniczych wydm Dunkierki &#8211; kolorowej, ciep\u0142ej i nieco tajemniczej. Dzisiaj z kolei jestem ju\u017c w zupe\u0142nie innym \u015bwiecie &#8211; w szwajcarskim centrum Davos, nieopodal &#8222;Czarodziejskiej G\u00f3ry&#8221;, kt\u00f3ra przywodzi oczywi\u015bcie na my\u015bl Thomasa Manna.<br \/>\n<br \/>\nBy\u0142o i jest magicznie, wi\u0119c zastanawiam si\u0119, sk\u0105d tak naprawd\u0119 lepiej patrze\u0107 na \u015bwiat. Podobno najlepiej zrozumie\u0107 centrum \u015bwiata z peryferii, jeszcze lepiej za\u015b, gdy peryferie staj\u0105 si\u0119 w ko\u0144cu centrum. W \u015bwiecie, w kt\u00f3rym przysz\u0142o nam \u017cy\u0107, granica pomi\u0119dzy peryferiami a centrum sta\u0142a si\u0119 zreszt\u0105 niezwykle ulotna.<br \/>\n<br \/>\nW Davos przyk\u0142adam do oczu lornetk\u0119, by lepiej przyjrze\u0107 si\u0119 peryferyjno-centralnej codzienno\u015bci. Im d\u0142u\u017cej patrz\u0119, tym bardziej pogr\u0105\u017cam si\u0119 w swoistej nudzie i ot\u0119pieniu globalno-lokalnego obyczaju. Nastr\u00f3j znowu jest jakby niepokoj\u0105co przedwojenny. W nie tak znowu odleg\u0142ej naszej ma\u0142ej ojczy\u017anie za\u015b, na \u0141ysej G\u00f3rze, raz po raz beztrosko harcuj\u0105 \u015bwi\u0119tokrzyskie czarownice.<br \/>\n<br \/>\nW okolicznych lasach natomiast Makosz z Makosz\u0105 nabo\u017cnie odprawiaj\u0105 swe rytualne poga\u0144skie pl\u0105sy. W przerwach za\u015b paj\u0105czki delikatnie oplataj\u0105ce piersi roznami\u0119tnionej Makoszy, nabo\u017cnie przepowiadaj\u0105 Makoszowi przysz\u0142o\u015b\u0107.<br \/>\n<br \/>\nMakosz staje si\u0119 tym samym na naszych oczach takim wsp\u00f3\u0142czesnym i wszystko-wiedz\u0105cym Settembrinim, kt\u00f3ry da\u0142 sobie wreszcie spok\u00f3j zar\u00f3wno z Napht\u0105, jak i z Castorpem. W tym wszystkim nie brakuje oczywi\u015bcie sandomierskiego wina, a jakby co, to poprosimy o wi\u0119cej &#8211; poprosimy o cud.<br \/>\n<br \/>\nZewsz\u0105d s\u0142ycha\u0107 te\u017c fantasmagorycznie jazzuj\u0105ce klezmerskie kapele. Po co\u017c nam zatem zawraca\u0107 sobie g\u0142ow\u0119 bezruchem czy dekadenck\u0105 nud\u0105, skoro wok\u00f3\u0142 tyle si\u0119 dzieje. I tu, i tam, i teraz.\u00a0I wsz\u0119dzie. Z okolic Czarodziejskiej G\u00f3ry &#8211; albo i ze \u0141ysej G\u00f3ry na przyk\u0142ad &#8211; po prostu wida\u0107 lepiej.<\/p>\n","protected":false},"author":1,"featured_media":16286,"comment_status":"closed","ping_status":"closed","sticky":false,"template":"","format":"standard","meta":{"colormag_page_container_layout":"no_sidebar_content_centered","colormag_page_sidebar_layout":"no_sidebar","_jetpack_memberships_contains_paid_content":false,"footnotes":"","_links_to":"","_links_to_target":""},"categories":[42,48],"tags":[],"class_list":["post-866","post","type-post","status-publish","format-standard","has-post-thumbnail","hentry","category-felietony","category-wiecej-swiatla"],"yoast_head":"<!-- This site is optimized with the Yoast SEO plugin v27.4 - https:\/\/yoast.com\/product\/yoast-seo-wordpress\/ -->\n<title>Lato na peryferiach. Czarodziejskie Davos - NOTABENE.WORLD<\/title>\n<meta name=\"robots\" content=\"index, follow, max-snippet:-1, max-image-preview:large, max-video-preview:-1\" \/>\n<link rel=\"canonical\" href=\"https:\/\/notabene.world\/nb\/lato-na-peryferiach\/\" \/>\n<meta property=\"og:locale\" content=\"pl_PL\" \/>\n<meta property=\"og:type\" content=\"article\" \/>\n<meta property=\"og:title\" content=\"Lato na peryferiach. Czarodziejskie Davos - NOTABENE.WORLD\" \/>\n<meta property=\"og:description\" content=\"Jeden z lipcowych weekend\u00f3w w tym roku sp\u0119dzi\u0142em na belgijsko-francuskich peryferiach \u2013 w\u015br\u00f3d malowniczych wydm Dunkierki - kolorowej, ciep\u0142ej i nieco tajemniczej. Dzisiaj z kolei jestem ju\u017c w zupe\u0142nie innym \u015bwiecie - w szwajcarskim centrum Davos, nieopodal &quot;Czarodziejskiej G\u00f3ry&quot;, kt\u00f3ra przywodzi oczywi\u015bcie na my\u015bl Thomasa Manna.  By\u0142o i jest magicznie, wi\u0119c zastanawiam si\u0119, sk\u0105d tak naprawd\u0119 lepiej patrze\u0107 na \u015bwiat. Podobno najlepiej zrozumie\u0107 centrum \u015bwiata z peryferii, jeszcze lepiej za\u015b, gdy peryferie staj\u0105 si\u0119 w ko\u0144cu centrum. W \u015bwiecie, w kt\u00f3rym przysz\u0142o nam \u017cy\u0107, granica pomi\u0119dzy peryferiami a centrum sta\u0142a si\u0119 zreszt\u0105 niezwykle ulotna. W Davos przyk\u0142adam do oczu lornetk\u0119, by lepiej przyjrze\u0107 si\u0119 peryferyjno-centralnej codzienno\u015bci. Im d\u0142u\u017cej patrz\u0119, tym bardziej pogr\u0105\u017cam si\u0119 w swoistej nudzie i ot\u0119pieniu globalno-lokalnego obyczaju. Nastr\u00f3j znowu jest jakby niepokoj\u0105co przedwojenny. W nie tak znowu odleg\u0142ej naszej ma\u0142ej ojczy\u017anie za\u015b, na \u0141ysej G\u00f3rze, raz po raz beztrosko harcuj\u0105 \u015bwi\u0119tokrzyskie czarownice. W okolicznych lasach natomiast Makosz z Makosz\u0105 nabo\u017cnie odprawiaj\u0105 swe rytualne poga\u0144skie pl\u0105sy. W przerwach za\u015b paj\u0105czki delikatnie oplataj\u0105ce piersi roznami\u0119tnionej Makoszy, nabo\u017cnie przepowiadaj\u0105 Makoszowi przysz\u0142o\u015b\u0107. Makosz staje si\u0119 tym samym na naszych oczach takim wsp\u00f3\u0142czesnym i wszystko-wiedz\u0105cym Settembrinim, kt\u00f3ry da\u0142 sobie wreszcie spok\u00f3j zar\u00f3wno z Napht\u0105, jak i z Castorpem. W tym wszystkim nie brakuje oczywi\u015bcie sandomierskiego wina, a jakby co, to poprosimy o wi\u0119cej - poprosimy o cud. Zewsz\u0105d s\u0142ycha\u0107 te\u017c fantasmagorycznie jazzuj\u0105ce klezmerskie kapele. Po co\u017c nam zatem zawraca\u0107 sobie g\u0142ow\u0119 bezruchem czy dekadenck\u0105 nud\u0105, skoro wok\u00f3\u0142 tyle si\u0119 dzieje. I tu, i tam, i teraz.\u00a0I wsz\u0119dzie. Z okolic Czarodziejskiej G\u00f3ry - albo i ze \u0141ysej G\u00f3ry na przyk\u0142ad - po prostu wida\u0107 lepiej.\" \/>\n<meta property=\"og:url\" content=\"https:\/\/notabene.world\/nb\/lato-na-peryferiach\/\" \/>\n<meta property=\"og:site_name\" content=\"NOTABENE.WORLD\" \/>\n<meta property=\"article:publisher\" content=\"https:\/\/www.facebook.com\/Notabene.World\" \/>\n<meta property=\"article:published_time\" content=\"2025-07-30T00:00:19+00:00\" \/>\n<meta property=\"article:modified_time\" content=\"2025-08-04T22:53:49+00:00\" \/>\n<meta property=\"og:image\" content=\"https:\/\/notabene.world\/nb\/wp-content\/uploads\/2025\/07\/mamou2.jpg\" \/>\n\t<meta property=\"og:image:width\" content=\"800\" \/>\n\t<meta property=\"og:image:height\" content=\"445\" \/>\n\t<meta property=\"og:image:type\" content=\"image\/jpeg\" \/>\n<meta name=\"author\" content=\"C vel K\" \/>\n<meta name=\"twitter:card\" content=\"summary_large_image\" \/>\n<meta name=\"twitter:label1\" content=\"Napisane przez\" \/>\n\t<meta name=\"twitter:data1\" content=\"C vel K\" \/>\n\t<meta name=\"twitter:label2\" content=\"Szacowany czas czytania\" \/>\n\t<meta name=\"twitter:data2\" content=\"2 minuty\" \/>\n<script type=\"application\/ld+json\" class=\"yoast-schema-graph\">{\"@context\":\"https:\\\/\\\/schema.org\",\"@graph\":[{\"@type\":\"Article\",\"@id\":\"https:\\\/\\\/notabene.world\\\/nb\\\/lato-na-peryferiach\\\/#article\",\"isPartOf\":{\"@id\":\"https:\\\/\\\/notabene.world\\\/nb\\\/lato-na-peryferiach\\\/\"},\"author\":{\"name\":\"C vel K\",\"@id\":\"https:\\\/\\\/notabene.world\\\/nb\\\/#\\\/schema\\\/person\\\/2227ed509f9261e544f6078919e1981d\"},\"headline\":\"Lato na peryferiach. Czarodziejskie Davos\",\"datePublished\":\"2025-07-30T00:00:19+00:00\",\"dateModified\":\"2025-08-04T22:53:49+00:00\",\"mainEntityOfPage\":{\"@id\":\"https:\\\/\\\/notabene.world\\\/nb\\\/lato-na-peryferiach\\\/\"},\"wordCount\":447,\"publisher\":{\"@id\":\"https:\\\/\\\/notabene.world\\\/nb\\\/#organization\"},\"image\":{\"@id\":\"https:\\\/\\\/notabene.world\\\/nb\\\/lato-na-peryferiach\\\/#primaryimage\"},\"thumbnailUrl\":\"https:\\\/\\\/i0.wp.com\\\/notabene.world\\\/nb\\\/wp-content\\\/uploads\\\/2025\\\/07\\\/mamou2.jpg?fit=800%2C445&ssl=1\",\"articleSection\":[\"Felietony\",\"WI\u0118CEJ \u015aWIAT(\u0141)A\"],\"inLanguage\":\"pl-PL\"},{\"@type\":\"WebPage\",\"@id\":\"https:\\\/\\\/notabene.world\\\/nb\\\/lato-na-peryferiach\\\/\",\"url\":\"https:\\\/\\\/notabene.world\\\/nb\\\/lato-na-peryferiach\\\/\",\"name\":\"Lato na peryferiach. Czarodziejskie Davos - NOTABENE.WORLD\",\"isPartOf\":{\"@id\":\"https:\\\/\\\/notabene.world\\\/nb\\\/#website\"},\"primaryImageOfPage\":{\"@id\":\"https:\\\/\\\/notabene.world\\\/nb\\\/lato-na-peryferiach\\\/#primaryimage\"},\"image\":{\"@id\":\"https:\\\/\\\/notabene.world\\\/nb\\\/lato-na-peryferiach\\\/#primaryimage\"},\"thumbnailUrl\":\"https:\\\/\\\/i0.wp.com\\\/notabene.world\\\/nb\\\/wp-content\\\/uploads\\\/2025\\\/07\\\/mamou2.jpg?fit=800%2C445&ssl=1\",\"datePublished\":\"2025-07-30T00:00:19+00:00\",\"dateModified\":\"2025-08-04T22:53:49+00:00\",\"breadcrumb\":{\"@id\":\"https:\\\/\\\/notabene.world\\\/nb\\\/lato-na-peryferiach\\\/#breadcrumb\"},\"inLanguage\":\"pl-PL\",\"potentialAction\":[{\"@type\":\"ReadAction\",\"target\":[\"https:\\\/\\\/notabene.world\\\/nb\\\/lato-na-peryferiach\\\/\"]}]},{\"@type\":\"ImageObject\",\"inLanguage\":\"pl-PL\",\"@id\":\"https:\\\/\\\/notabene.world\\\/nb\\\/lato-na-peryferiach\\\/#primaryimage\",\"url\":\"https:\\\/\\\/i0.wp.com\\\/notabene.world\\\/nb\\\/wp-content\\\/uploads\\\/2025\\\/07\\\/mamou2.jpg?fit=800%2C445&ssl=1\",\"contentUrl\":\"https:\\\/\\\/i0.wp.com\\\/notabene.world\\\/nb\\\/wp-content\\\/uploads\\\/2025\\\/07\\\/mamou2.jpg?fit=800%2C445&ssl=1\",\"width\":800,\"height\":445},{\"@type\":\"BreadcrumbList\",\"@id\":\"https:\\\/\\\/notabene.world\\\/nb\\\/lato-na-peryferiach\\\/#breadcrumb\",\"itemListElement\":[{\"@type\":\"ListItem\",\"position\":1,\"name\":\"Home\",\"item\":\"https:\\\/\\\/notabene.world\\\/nb\\\/\"},{\"@type\":\"ListItem\",\"position\":2,\"name\":\"Lato na peryferiach. Czarodziejskie Davos\"}]},{\"@type\":\"WebSite\",\"@id\":\"https:\\\/\\\/notabene.world\\\/nb\\\/#website\",\"url\":\"https:\\\/\\\/notabene.world\\\/nb\\\/\",\"name\":\"NOTABENE.WORLD\",\"description\":\"Przekaz. Warto\u015bci. Wsp\u00f3lnota.\",\"publisher\":{\"@id\":\"https:\\\/\\\/notabene.world\\\/nb\\\/#organization\"},\"potentialAction\":[{\"@type\":\"SearchAction\",\"target\":{\"@type\":\"EntryPoint\",\"urlTemplate\":\"https:\\\/\\\/notabene.world\\\/nb\\\/?s={search_term_string}\"},\"query-input\":{\"@type\":\"PropertyValueSpecification\",\"valueRequired\":true,\"valueName\":\"search_term_string\"}}],\"inLanguage\":\"pl-PL\"},{\"@type\":\"Organization\",\"@id\":\"https:\\\/\\\/notabene.world\\\/nb\\\/#organization\",\"name\":\"NOTABENE.WORLD\",\"url\":\"https:\\\/\\\/notabene.world\\\/nb\\\/\",\"logo\":{\"@type\":\"ImageObject\",\"inLanguage\":\"pl-PL\",\"@id\":\"https:\\\/\\\/notabene.world\\\/nb\\\/#\\\/schema\\\/logo\\\/image\\\/\",\"url\":\"https:\\\/\\\/notabene.world\\\/nb\\\/wp-content\\\/uploads\\\/2022\\\/01\\\/NB-club-start-www1.jpg\",\"contentUrl\":\"https:\\\/\\\/notabene.world\\\/nb\\\/wp-content\\\/uploads\\\/2022\\\/01\\\/NB-club-start-www1.jpg\",\"width\":1000,\"height\":839,\"caption\":\"NOTABENE.WORLD\"},\"image\":{\"@id\":\"https:\\\/\\\/notabene.world\\\/nb\\\/#\\\/schema\\\/logo\\\/image\\\/\"},\"sameAs\":[\"https:\\\/\\\/www.facebook.com\\\/Notabene.World\"]},{\"@type\":\"Person\",\"@id\":\"https:\\\/\\\/notabene.world\\\/nb\\\/#\\\/schema\\\/person\\\/2227ed509f9261e544f6078919e1981d\",\"name\":\"C vel K\",\"image\":{\"@type\":\"ImageObject\",\"inLanguage\":\"pl-PL\",\"@id\":\"https:\\\/\\\/secure.gravatar.com\\\/avatar\\\/da4181237ddf77c667487dd66af5231faaf45fbcb0774d7a408f868da56bf04c?s=96&d=mm&r=g\",\"url\":\"https:\\\/\\\/secure.gravatar.com\\\/avatar\\\/da4181237ddf77c667487dd66af5231faaf45fbcb0774d7a408f868da56bf04c?s=96&d=mm&r=g\",\"contentUrl\":\"https:\\\/\\\/secure.gravatar.com\\\/avatar\\\/da4181237ddf77c667487dd66af5231faaf45fbcb0774d7a408f868da56bf04c?s=96&d=mm&r=g\",\"caption\":\"C vel K\"},\"url\":\"https:\\\/\\\/notabene.world\\\/nb\\\/author\\\/kcedro\\\/\"}]}<\/script>\n<!-- \/ Yoast SEO plugin. -->","yoast_head_json":{"title":"Lato na peryferiach. Czarodziejskie Davos - NOTABENE.WORLD","robots":{"index":"index","follow":"follow","max-snippet":"max-snippet:-1","max-image-preview":"max-image-preview:large","max-video-preview":"max-video-preview:-1"},"canonical":"https:\/\/notabene.world\/nb\/lato-na-peryferiach\/","og_locale":"pl_PL","og_type":"article","og_title":"Lato na peryferiach. Czarodziejskie Davos - NOTABENE.WORLD","og_description":"Jeden z lipcowych weekend\u00f3w w tym roku sp\u0119dzi\u0142em na belgijsko-francuskich peryferiach \u2013 w\u015br\u00f3d malowniczych wydm Dunkierki - kolorowej, ciep\u0142ej i nieco tajemniczej. Dzisiaj z kolei jestem ju\u017c w zupe\u0142nie innym \u015bwiecie - w szwajcarskim centrum Davos, nieopodal \"Czarodziejskiej G\u00f3ry\", kt\u00f3ra przywodzi oczywi\u015bcie na my\u015bl Thomasa Manna.  By\u0142o i jest magicznie, wi\u0119c zastanawiam si\u0119, sk\u0105d tak naprawd\u0119 lepiej patrze\u0107 na \u015bwiat. Podobno najlepiej zrozumie\u0107 centrum \u015bwiata z peryferii, jeszcze lepiej za\u015b, gdy peryferie staj\u0105 si\u0119 w ko\u0144cu centrum. W \u015bwiecie, w kt\u00f3rym przysz\u0142o nam \u017cy\u0107, granica pomi\u0119dzy peryferiami a centrum sta\u0142a si\u0119 zreszt\u0105 niezwykle ulotna. W Davos przyk\u0142adam do oczu lornetk\u0119, by lepiej przyjrze\u0107 si\u0119 peryferyjno-centralnej codzienno\u015bci. Im d\u0142u\u017cej patrz\u0119, tym bardziej pogr\u0105\u017cam si\u0119 w swoistej nudzie i ot\u0119pieniu globalno-lokalnego obyczaju. Nastr\u00f3j znowu jest jakby niepokoj\u0105co przedwojenny. W nie tak znowu odleg\u0142ej naszej ma\u0142ej ojczy\u017anie za\u015b, na \u0141ysej G\u00f3rze, raz po raz beztrosko harcuj\u0105 \u015bwi\u0119tokrzyskie czarownice. W okolicznych lasach natomiast Makosz z Makosz\u0105 nabo\u017cnie odprawiaj\u0105 swe rytualne poga\u0144skie pl\u0105sy. W przerwach za\u015b paj\u0105czki delikatnie oplataj\u0105ce piersi roznami\u0119tnionej Makoszy, nabo\u017cnie przepowiadaj\u0105 Makoszowi przysz\u0142o\u015b\u0107. Makosz staje si\u0119 tym samym na naszych oczach takim wsp\u00f3\u0142czesnym i wszystko-wiedz\u0105cym Settembrinim, kt\u00f3ry da\u0142 sobie wreszcie spok\u00f3j zar\u00f3wno z Napht\u0105, jak i z Castorpem. W tym wszystkim nie brakuje oczywi\u015bcie sandomierskiego wina, a jakby co, to poprosimy o wi\u0119cej - poprosimy o cud. Zewsz\u0105d s\u0142ycha\u0107 te\u017c fantasmagorycznie jazzuj\u0105ce klezmerskie kapele. Po co\u017c nam zatem zawraca\u0107 sobie g\u0142ow\u0119 bezruchem czy dekadenck\u0105 nud\u0105, skoro wok\u00f3\u0142 tyle si\u0119 dzieje. I tu, i tam, i teraz.\u00a0I wsz\u0119dzie. Z okolic Czarodziejskiej G\u00f3ry - albo i ze \u0141ysej G\u00f3ry na przyk\u0142ad - po prostu wida\u0107 lepiej.","og_url":"https:\/\/notabene.world\/nb\/lato-na-peryferiach\/","og_site_name":"NOTABENE.WORLD","article_publisher":"https:\/\/www.facebook.com\/Notabene.World","article_published_time":"2025-07-30T00:00:19+00:00","article_modified_time":"2025-08-04T22:53:49+00:00","og_image":[{"width":800,"height":445,"url":"https:\/\/notabene.world\/nb\/wp-content\/uploads\/2025\/07\/mamou2.jpg","type":"image\/jpeg"}],"author":"C vel K","twitter_card":"summary_large_image","twitter_misc":{"Napisane przez":"C vel K","Szacowany czas czytania":"2 minuty"},"schema":{"@context":"https:\/\/schema.org","@graph":[{"@type":"Article","@id":"https:\/\/notabene.world\/nb\/lato-na-peryferiach\/#article","isPartOf":{"@id":"https:\/\/notabene.world\/nb\/lato-na-peryferiach\/"},"author":{"name":"C vel K","@id":"https:\/\/notabene.world\/nb\/#\/schema\/person\/2227ed509f9261e544f6078919e1981d"},"headline":"Lato na peryferiach. Czarodziejskie Davos","datePublished":"2025-07-30T00:00:19+00:00","dateModified":"2025-08-04T22:53:49+00:00","mainEntityOfPage":{"@id":"https:\/\/notabene.world\/nb\/lato-na-peryferiach\/"},"wordCount":447,"publisher":{"@id":"https:\/\/notabene.world\/nb\/#organization"},"image":{"@id":"https:\/\/notabene.world\/nb\/lato-na-peryferiach\/#primaryimage"},"thumbnailUrl":"https:\/\/i0.wp.com\/notabene.world\/nb\/wp-content\/uploads\/2025\/07\/mamou2.jpg?fit=800%2C445&ssl=1","articleSection":["Felietony","WI\u0118CEJ \u015aWIAT(\u0141)A"],"inLanguage":"pl-PL"},{"@type":"WebPage","@id":"https:\/\/notabene.world\/nb\/lato-na-peryferiach\/","url":"https:\/\/notabene.world\/nb\/lato-na-peryferiach\/","name":"Lato na peryferiach. Czarodziejskie Davos - NOTABENE.WORLD","isPartOf":{"@id":"https:\/\/notabene.world\/nb\/#website"},"primaryImageOfPage":{"@id":"https:\/\/notabene.world\/nb\/lato-na-peryferiach\/#primaryimage"},"image":{"@id":"https:\/\/notabene.world\/nb\/lato-na-peryferiach\/#primaryimage"},"thumbnailUrl":"https:\/\/i0.wp.com\/notabene.world\/nb\/wp-content\/uploads\/2025\/07\/mamou2.jpg?fit=800%2C445&ssl=1","datePublished":"2025-07-30T00:00:19+00:00","dateModified":"2025-08-04T22:53:49+00:00","breadcrumb":{"@id":"https:\/\/notabene.world\/nb\/lato-na-peryferiach\/#breadcrumb"},"inLanguage":"pl-PL","potentialAction":[{"@type":"ReadAction","target":["https:\/\/notabene.world\/nb\/lato-na-peryferiach\/"]}]},{"@type":"ImageObject","inLanguage":"pl-PL","@id":"https:\/\/notabene.world\/nb\/lato-na-peryferiach\/#primaryimage","url":"https:\/\/i0.wp.com\/notabene.world\/nb\/wp-content\/uploads\/2025\/07\/mamou2.jpg?fit=800%2C445&ssl=1","contentUrl":"https:\/\/i0.wp.com\/notabene.world\/nb\/wp-content\/uploads\/2025\/07\/mamou2.jpg?fit=800%2C445&ssl=1","width":800,"height":445},{"@type":"BreadcrumbList","@id":"https:\/\/notabene.world\/nb\/lato-na-peryferiach\/#breadcrumb","itemListElement":[{"@type":"ListItem","position":1,"name":"Home","item":"https:\/\/notabene.world\/nb\/"},{"@type":"ListItem","position":2,"name":"Lato na peryferiach. Czarodziejskie Davos"}]},{"@type":"WebSite","@id":"https:\/\/notabene.world\/nb\/#website","url":"https:\/\/notabene.world\/nb\/","name":"NOTABENE.WORLD","description":"Przekaz. Warto\u015bci. Wsp\u00f3lnota.","publisher":{"@id":"https:\/\/notabene.world\/nb\/#organization"},"potentialAction":[{"@type":"SearchAction","target":{"@type":"EntryPoint","urlTemplate":"https:\/\/notabene.world\/nb\/?s={search_term_string}"},"query-input":{"@type":"PropertyValueSpecification","valueRequired":true,"valueName":"search_term_string"}}],"inLanguage":"pl-PL"},{"@type":"Organization","@id":"https:\/\/notabene.world\/nb\/#organization","name":"NOTABENE.WORLD","url":"https:\/\/notabene.world\/nb\/","logo":{"@type":"ImageObject","inLanguage":"pl-PL","@id":"https:\/\/notabene.world\/nb\/#\/schema\/logo\/image\/","url":"https:\/\/notabene.world\/nb\/wp-content\/uploads\/2022\/01\/NB-club-start-www1.jpg","contentUrl":"https:\/\/notabene.world\/nb\/wp-content\/uploads\/2022\/01\/NB-club-start-www1.jpg","width":1000,"height":839,"caption":"NOTABENE.WORLD"},"image":{"@id":"https:\/\/notabene.world\/nb\/#\/schema\/logo\/image\/"},"sameAs":["https:\/\/www.facebook.com\/Notabene.World"]},{"@type":"Person","@id":"https:\/\/notabene.world\/nb\/#\/schema\/person\/2227ed509f9261e544f6078919e1981d","name":"C vel K","image":{"@type":"ImageObject","inLanguage":"pl-PL","@id":"https:\/\/secure.gravatar.com\/avatar\/da4181237ddf77c667487dd66af5231faaf45fbcb0774d7a408f868da56bf04c?s=96&d=mm&r=g","url":"https:\/\/secure.gravatar.com\/avatar\/da4181237ddf77c667487dd66af5231faaf45fbcb0774d7a408f868da56bf04c?s=96&d=mm&r=g","contentUrl":"https:\/\/secure.gravatar.com\/avatar\/da4181237ddf77c667487dd66af5231faaf45fbcb0774d7a408f868da56bf04c?s=96&d=mm&r=g","caption":"C vel K"},"url":"https:\/\/notabene.world\/nb\/author\/kcedro\/"}]}},"jetpack_featured_media_url":"https:\/\/i0.wp.com\/notabene.world\/nb\/wp-content\/uploads\/2025\/07\/mamou2.jpg?fit=800%2C445&ssl=1","jetpack_sharing_enabled":true,"jetpack_shortlink":"https:\/\/wp.me\/pdCobN-dY","_links":{"self":[{"href":"https:\/\/notabene.world\/nb\/wp-json\/wp\/v2\/posts\/866","targetHints":{"allow":["GET"]}}],"collection":[{"href":"https:\/\/notabene.world\/nb\/wp-json\/wp\/v2\/posts"}],"about":[{"href":"https:\/\/notabene.world\/nb\/wp-json\/wp\/v2\/types\/post"}],"author":[{"embeddable":true,"href":"https:\/\/notabene.world\/nb\/wp-json\/wp\/v2\/users\/1"}],"replies":[{"embeddable":true,"href":"https:\/\/notabene.world\/nb\/wp-json\/wp\/v2\/comments?post=866"}],"version-history":[{"count":5,"href":"https:\/\/notabene.world\/nb\/wp-json\/wp\/v2\/posts\/866\/revisions"}],"predecessor-version":[{"id":16463,"href":"https:\/\/notabene.world\/nb\/wp-json\/wp\/v2\/posts\/866\/revisions\/16463"}],"wp:featuredmedia":[{"embeddable":true,"href":"https:\/\/notabene.world\/nb\/wp-json\/wp\/v2\/media\/16286"}],"wp:attachment":[{"href":"https:\/\/notabene.world\/nb\/wp-json\/wp\/v2\/media?parent=866"}],"wp:term":[{"taxonomy":"category","embeddable":true,"href":"https:\/\/notabene.world\/nb\/wp-json\/wp\/v2\/categories?post=866"},{"taxonomy":"post_tag","embeddable":true,"href":"https:\/\/notabene.world\/nb\/wp-json\/wp\/v2\/tags?post=866"}],"curies":[{"name":"wp","href":"https:\/\/api.w.org\/{rel}","templated":true}]}}