{"id":8678,"date":"2023-01-21T21:56:48","date_gmt":"2023-01-21T20:56:48","guid":{"rendered":"https:\/\/notabene.world\/nb\/?p=8678"},"modified":"2023-02-04T11:44:52","modified_gmt":"2023-02-04T10:44:52","slug":"8678-2","status":"publish","type":"post","link":"https:\/\/notabene.world\/nb\/8678-2\/","title":{"rendered":""},"content":{"rendered":"\n<p><strong>Czechy<\/strong><\/p>\n\n\n\n<p>Wybory prezydenckie w Czechach. Maja na celu wy\u0142onienie nowego prezydenta, kt\u00f3ry zast\u0105pi urz\u0119duj\u0105cego prezydenta Milosa Zemana. W pierwszej turze najwi\u0119cej g\u0142os\u00f3w zebrali Peter Pavel oraz Andrej Babisz. Wezm\u0105 oni udzia\u0142 w drugiej turze. Frekwencja wynosi\u0142a 68,24%. Druga tura g\u0142osowania odb\u0119dzie si\u0119 27 \u2013 28 stycznia br.<\/p>\n\n\n\n<p><strong>W\u0119gry<\/strong><\/p>\n\n\n\n<p>W\u0119gierski kryzys trwa. Inflacja zbli\u017ca si\u0119 do 25% i wed\u0142ug analityk\u00f3w b\u0119dzie jeszcze ros\u0142a. Ceny artyku\u0142\u00f3w spo\u017cywczych wzros\u0142y rok do roku o ponad 50%. Dro\u017cyzna uderza przede wszystkim w emeryt\u00f3w i ludzi z niskimi dochodami. Jak informuje w\u0119gierska opozycja poza Budapesztem, w ma\u0142ych miasteczkach i wsiach brakuje wielu produkt\u00f3w spo\u017cywczych.<\/p>\n\n\n\n<p><strong>Bu\u0142garia<\/strong><\/p>\n\n\n\n<p>Pog\u0142\u0119bia si\u0119 kryzys polityczny w Bu\u0142garii. Trwa on od przeprowadzonych w pa\u017adzierniku ubieg\u0142ego roku wybor\u00f3w parlamentarnych. Po odrzuceniu programowego o\u015bwiadczenia nominowanego na premiera Niko\u0142aja Denkowa&nbsp;&nbsp;&nbsp;&nbsp;&nbsp;&nbsp;&nbsp;&nbsp;&nbsp;&nbsp;&nbsp;&nbsp;&nbsp;( reprezentuj\u0105cego drug\u0105 najwi\u0119ksz\u0105 parti\u0119 parlamentarn\u0105) og\u0142osi\u0142 on swoj\u0105 rezygnacj\u0119 z misji. By\u0142a to druga pr\u00f3ba utworzenia rz\u0105du po nieskutecznej misji najwi\u0119kszej partii parlamentarnej. Zgodnie z konstytucj\u0105 prezydent mo\u017ce przeprowadzi\u0107 jeszcze jedna pr\u00f3b\u0119 sformu\u0142owania rz\u0105du. Tym razem kandydat nie musi reprezentowa\u0107 trzeciej w kolejno\u015bci najwi\u0119kszej&nbsp;&nbsp;partii parlamentarnej. Je\u015bli i ta pr\u00f3ba si\u0119 nie uda Prezydent b\u0119dzie musia\u0142 rozwi\u0105za\u0107 parlament i og\u0142osi\u0107 nowe wybory. B\u0119d\u0105 to ju\u017c pi\u0105te od kwietnia 2021 roku wybory parlamentarne.<\/p>\n","protected":false},"excerpt":{"rendered":"<p><b>\u2022\u2022\u2022 Czechy<\/b><br \/>\nWybory prezydenckie w Czechach. Maja na celu wy\u0142onienie nowego prezydenta, kt\u00f3ry zast\u0105pi urz\u0119duj\u0105cego prezydenta Milosa Zemana. W pierwszej turze najwi\u0119cej g\u0142os\u00f3w zebrali Peter Pavel oraz Andrej Babisz. Wezm\u0105 oni udzia\u0142 w drugiej turze. Frekwencja wynosi\u0142a 68,24%. Druga tura g\u0142osowania odb\u0119dzie si\u0119 27 \u2013 28 stycznia br.<\/p>\n<p><b>\u2022\u2022\u2022 W\u0119gry<\/b><br \/>\nW\u0119gierski kryzys trwa. Inflacja zbli\u017ca si\u0119 do 25% i wed\u0142ug analityk\u00f3w b\u0119dzie jeszcze ros\u0142a. Ceny artyku\u0142\u00f3w spo\u017cywczych wzros\u0142y rok do roku o ponad 50%. Dro\u017cyzna uderza przede wszystkim w emeryt\u00f3w i ludzi z niskimi dochodami. Jak informuje w\u0119gierska opozycja poza Budapesztem, w ma\u0142ych miasteczkach i wsiach brakuje wielu produkt\u00f3w spo\u017cywczych.<\/p>\n","protected":false},"author":49,"featured_media":8275,"comment_status":"closed","ping_status":"closed","sticky":false,"template":"","format":"standard","meta":{"colormag_page_container_layout":"default_layout","colormag_page_sidebar_layout":"default_layout","_jetpack_memberships_contains_paid_content":false,"footnotes":"","_links_to":"","_links_to_target":""},"categories":[12,212],"tags":[],"class_list":["post-8678","post","type-post","status-publish","format-standard","has-post-thumbnail","hentry","category-spoleczenstwo","category-od-notki-do-notki"],"yoast_head":"<!-- This site is optimized with the Yoast SEO plugin v27.4 - https:\/\/yoast.com\/product\/yoast-seo-wordpress\/ -->\n<title>- NOTABENE.WORLD<\/title>\n<meta name=\"robots\" content=\"index, follow, max-snippet:-1, max-image-preview:large, max-video-preview:-1\" \/>\n<link rel=\"canonical\" href=\"https:\/\/notabene.world\/nb\/8678-2\/\" \/>\n<meta property=\"og:locale\" content=\"pl_PL\" \/>\n<meta property=\"og:type\" content=\"article\" \/>\n<meta property=\"og:title\" content=\"- NOTABENE.WORLD\" \/>\n<meta property=\"og:description\" content=\"\u2022\u2022\u2022 Czechy Wybory prezydenckie w Czechach. Maja na celu wy\u0142onienie nowego prezydenta, kt\u00f3ry zast\u0105pi urz\u0119duj\u0105cego prezydenta Milosa Zemana. W pierwszej turze najwi\u0119cej g\u0142os\u00f3w zebrali Peter Pavel oraz Andrej Babisz. Wezm\u0105 oni udzia\u0142 w drugiej turze. Frekwencja wynosi\u0142a 68,24%. Druga tura g\u0142osowania odb\u0119dzie si\u0119 27 \u2013 28 stycznia br. \u2022\u2022\u2022 W\u0119gry W\u0119gierski kryzys trwa. Inflacja zbli\u017ca si\u0119 do 25% i wed\u0142ug analityk\u00f3w b\u0119dzie jeszcze ros\u0142a. Ceny artyku\u0142\u00f3w spo\u017cywczych wzros\u0142y rok do roku o ponad 50%. Dro\u017cyzna uderza przede wszystkim w emeryt\u00f3w i ludzi z niskimi dochodami. Jak informuje w\u0119gierska opozycja poza Budapesztem, w ma\u0142ych miasteczkach i wsiach brakuje wielu produkt\u00f3w spo\u017cywczych.\" \/>\n<meta property=\"og:url\" content=\"https:\/\/notabene.world\/nb\/8678-2\/\" \/>\n<meta property=\"og:site_name\" content=\"NOTABENE.WORLD\" \/>\n<meta property=\"article:publisher\" content=\"https:\/\/www.facebook.com\/Notabene.World\" \/>\n<meta property=\"article:published_time\" content=\"2023-01-21T20:56:48+00:00\" \/>\n<meta property=\"article:modified_time\" content=\"2023-02-04T10:44:52+00:00\" \/>\n<meta property=\"og:image\" content=\"https:\/\/notabene.world\/nb\/wp-content\/uploads\/2022\/11\/oko-notka-800.jpg\" \/>\n\t<meta property=\"og:image:width\" content=\"800\" \/>\n\t<meta property=\"og:image:height\" content=\"445\" \/>\n\t<meta property=\"og:image:type\" content=\"image\/jpeg\" \/>\n<meta name=\"author\" content=\"L D\" \/>\n<meta name=\"twitter:card\" content=\"summary_large_image\" \/>\n<meta name=\"twitter:label1\" content=\"Napisane przez\" \/>\n\t<meta name=\"twitter:data1\" content=\"L D\" \/>\n\t<meta name=\"twitter:label2\" content=\"Szacowany czas czytania\" \/>\n\t<meta name=\"twitter:data2\" content=\"1 minuta\" \/>\n<script type=\"application\/ld+json\" class=\"yoast-schema-graph\">{\"@context\":\"https:\\\/\\\/schema.org\",\"@graph\":[{\"@type\":\"Article\",\"@id\":\"https:\\\/\\\/notabene.world\\\/nb\\\/8678-2\\\/#article\",\"isPartOf\":{\"@id\":\"https:\\\/\\\/notabene.world\\\/nb\\\/8678-2\\\/\"},\"author\":{\"name\":\"L D\",\"@id\":\"https:\\\/\\\/notabene.world\\\/nb\\\/#\\\/schema\\\/person\\\/a8a4b2b811d0db2e360de334d1d4db71\"},\"headline\":\"Brak tytu\u0142u\",\"datePublished\":\"2023-01-21T20:56:48+00:00\",\"dateModified\":\"2023-02-04T10:44:52+00:00\",\"mainEntityOfPage\":{\"@id\":\"https:\\\/\\\/notabene.world\\\/nb\\\/8678-2\\\/\"},\"wordCount\":259,\"publisher\":{\"@id\":\"https:\\\/\\\/notabene.world\\\/nb\\\/#organization\"},\"image\":{\"@id\":\"https:\\\/\\\/notabene.world\\\/nb\\\/8678-2\\\/#primaryimage\"},\"thumbnailUrl\":\"https:\\\/\\\/i0.wp.com\\\/notabene.world\\\/nb\\\/wp-content\\\/uploads\\\/2022\\\/11\\\/oko-notka-800.jpg?fit=800%2C445&ssl=1\",\"articleSection\":[\"Nasz \u015awiat\",\"Od Notki do Notki\"],\"inLanguage\":\"pl-PL\"},{\"@type\":\"WebPage\",\"@id\":\"https:\\\/\\\/notabene.world\\\/nb\\\/8678-2\\\/\",\"url\":\"https:\\\/\\\/notabene.world\\\/nb\\\/8678-2\\\/\",\"name\":\"- NOTABENE.WORLD\",\"isPartOf\":{\"@id\":\"https:\\\/\\\/notabene.world\\\/nb\\\/#website\"},\"primaryImageOfPage\":{\"@id\":\"https:\\\/\\\/notabene.world\\\/nb\\\/8678-2\\\/#primaryimage\"},\"image\":{\"@id\":\"https:\\\/\\\/notabene.world\\\/nb\\\/8678-2\\\/#primaryimage\"},\"thumbnailUrl\":\"https:\\\/\\\/i0.wp.com\\\/notabene.world\\\/nb\\\/wp-content\\\/uploads\\\/2022\\\/11\\\/oko-notka-800.jpg?fit=800%2C445&ssl=1\",\"datePublished\":\"2023-01-21T20:56:48+00:00\",\"dateModified\":\"2023-02-04T10:44:52+00:00\",\"inLanguage\":\"pl-PL\",\"potentialAction\":[{\"@type\":\"ReadAction\",\"target\":[\"https:\\\/\\\/notabene.world\\\/nb\\\/8678-2\\\/\"]}]},{\"@type\":\"ImageObject\",\"inLanguage\":\"pl-PL\",\"@id\":\"https:\\\/\\\/notabene.world\\\/nb\\\/8678-2\\\/#primaryimage\",\"url\":\"https:\\\/\\\/i0.wp.com\\\/notabene.world\\\/nb\\\/wp-content\\\/uploads\\\/2022\\\/11\\\/oko-notka-800.jpg?fit=800%2C445&ssl=1\",\"contentUrl\":\"https:\\\/\\\/i0.wp.com\\\/notabene.world\\\/nb\\\/wp-content\\\/uploads\\\/2022\\\/11\\\/oko-notka-800.jpg?fit=800%2C445&ssl=1\",\"width\":800,\"height\":445},{\"@type\":\"WebSite\",\"@id\":\"https:\\\/\\\/notabene.world\\\/nb\\\/#website\",\"url\":\"https:\\\/\\\/notabene.world\\\/nb\\\/\",\"name\":\"NOTABENE.WORLD\",\"description\":\"Przekaz. Warto\u015bci. Wsp\u00f3lnota.\",\"publisher\":{\"@id\":\"https:\\\/\\\/notabene.world\\\/nb\\\/#organization\"},\"potentialAction\":[{\"@type\":\"SearchAction\",\"target\":{\"@type\":\"EntryPoint\",\"urlTemplate\":\"https:\\\/\\\/notabene.world\\\/nb\\\/?s={search_term_string}\"},\"query-input\":{\"@type\":\"PropertyValueSpecification\",\"valueRequired\":true,\"valueName\":\"search_term_string\"}}],\"inLanguage\":\"pl-PL\"},{\"@type\":\"Organization\",\"@id\":\"https:\\\/\\\/notabene.world\\\/nb\\\/#organization\",\"name\":\"NOTABENE.WORLD\",\"url\":\"https:\\\/\\\/notabene.world\\\/nb\\\/\",\"logo\":{\"@type\":\"ImageObject\",\"inLanguage\":\"pl-PL\",\"@id\":\"https:\\\/\\\/notabene.world\\\/nb\\\/#\\\/schema\\\/logo\\\/image\\\/\",\"url\":\"https:\\\/\\\/notabene.world\\\/nb\\\/wp-content\\\/uploads\\\/2022\\\/01\\\/NB-club-start-www1.jpg\",\"contentUrl\":\"https:\\\/\\\/notabene.world\\\/nb\\\/wp-content\\\/uploads\\\/2022\\\/01\\\/NB-club-start-www1.jpg\",\"width\":1000,\"height\":839,\"caption\":\"NOTABENE.WORLD\"},\"image\":{\"@id\":\"https:\\\/\\\/notabene.world\\\/nb\\\/#\\\/schema\\\/logo\\\/image\\\/\"},\"sameAs\":[\"https:\\\/\\\/www.facebook.com\\\/Notabene.World\"]},{\"@type\":\"Person\",\"@id\":\"https:\\\/\\\/notabene.world\\\/nb\\\/#\\\/schema\\\/person\\\/a8a4b2b811d0db2e360de334d1d4db71\",\"name\":\"L D\",\"image\":{\"@type\":\"ImageObject\",\"inLanguage\":\"pl-PL\",\"@id\":\"https:\\\/\\\/secure.gravatar.com\\\/avatar\\\/e72422680a1a547cdc9e05215034441a836c068f3e1634de36136c70bc2f9d4a?s=96&d=mm&r=g\",\"url\":\"https:\\\/\\\/secure.gravatar.com\\\/avatar\\\/e72422680a1a547cdc9e05215034441a836c068f3e1634de36136c70bc2f9d4a?s=96&d=mm&r=g\",\"contentUrl\":\"https:\\\/\\\/secure.gravatar.com\\\/avatar\\\/e72422680a1a547cdc9e05215034441a836c068f3e1634de36136c70bc2f9d4a?s=96&d=mm&r=g\",\"caption\":\"L D\"},\"url\":\"https:\\\/\\\/notabene.world\\\/nb\\\/author\\\/jo-da2\\\/\"}]}<\/script>\n<!-- \/ Yoast SEO plugin. -->","yoast_head_json":{"title":"- NOTABENE.WORLD","robots":{"index":"index","follow":"follow","max-snippet":"max-snippet:-1","max-image-preview":"max-image-preview:large","max-video-preview":"max-video-preview:-1"},"canonical":"https:\/\/notabene.world\/nb\/8678-2\/","og_locale":"pl_PL","og_type":"article","og_title":"- NOTABENE.WORLD","og_description":"\u2022\u2022\u2022 Czechy Wybory prezydenckie w Czechach. Maja na celu wy\u0142onienie nowego prezydenta, kt\u00f3ry zast\u0105pi urz\u0119duj\u0105cego prezydenta Milosa Zemana. W pierwszej turze najwi\u0119cej g\u0142os\u00f3w zebrali Peter Pavel oraz Andrej Babisz. Wezm\u0105 oni udzia\u0142 w drugiej turze. Frekwencja wynosi\u0142a 68,24%. Druga tura g\u0142osowania odb\u0119dzie si\u0119 27 \u2013 28 stycznia br. \u2022\u2022\u2022 W\u0119gry W\u0119gierski kryzys trwa. Inflacja zbli\u017ca si\u0119 do 25% i wed\u0142ug analityk\u00f3w b\u0119dzie jeszcze ros\u0142a. Ceny artyku\u0142\u00f3w spo\u017cywczych wzros\u0142y rok do roku o ponad 50%. Dro\u017cyzna uderza przede wszystkim w emeryt\u00f3w i ludzi z niskimi dochodami. Jak informuje w\u0119gierska opozycja poza Budapesztem, w ma\u0142ych miasteczkach i wsiach brakuje wielu produkt\u00f3w spo\u017cywczych.","og_url":"https:\/\/notabene.world\/nb\/8678-2\/","og_site_name":"NOTABENE.WORLD","article_publisher":"https:\/\/www.facebook.com\/Notabene.World","article_published_time":"2023-01-21T20:56:48+00:00","article_modified_time":"2023-02-04T10:44:52+00:00","og_image":[{"width":800,"height":445,"url":"https:\/\/notabene.world\/nb\/wp-content\/uploads\/2022\/11\/oko-notka-800.jpg","type":"image\/jpeg"}],"author":"L D","twitter_card":"summary_large_image","twitter_misc":{"Napisane przez":"L D","Szacowany czas czytania":"1 minuta"},"schema":{"@context":"https:\/\/schema.org","@graph":[{"@type":"Article","@id":"https:\/\/notabene.world\/nb\/8678-2\/#article","isPartOf":{"@id":"https:\/\/notabene.world\/nb\/8678-2\/"},"author":{"name":"L D","@id":"https:\/\/notabene.world\/nb\/#\/schema\/person\/a8a4b2b811d0db2e360de334d1d4db71"},"headline":"Brak tytu\u0142u","datePublished":"2023-01-21T20:56:48+00:00","dateModified":"2023-02-04T10:44:52+00:00","mainEntityOfPage":{"@id":"https:\/\/notabene.world\/nb\/8678-2\/"},"wordCount":259,"publisher":{"@id":"https:\/\/notabene.world\/nb\/#organization"},"image":{"@id":"https:\/\/notabene.world\/nb\/8678-2\/#primaryimage"},"thumbnailUrl":"https:\/\/i0.wp.com\/notabene.world\/nb\/wp-content\/uploads\/2022\/11\/oko-notka-800.jpg?fit=800%2C445&ssl=1","articleSection":["Nasz \u015awiat","Od Notki do Notki"],"inLanguage":"pl-PL"},{"@type":"WebPage","@id":"https:\/\/notabene.world\/nb\/8678-2\/","url":"https:\/\/notabene.world\/nb\/8678-2\/","name":"- NOTABENE.WORLD","isPartOf":{"@id":"https:\/\/notabene.world\/nb\/#website"},"primaryImageOfPage":{"@id":"https:\/\/notabene.world\/nb\/8678-2\/#primaryimage"},"image":{"@id":"https:\/\/notabene.world\/nb\/8678-2\/#primaryimage"},"thumbnailUrl":"https:\/\/i0.wp.com\/notabene.world\/nb\/wp-content\/uploads\/2022\/11\/oko-notka-800.jpg?fit=800%2C445&ssl=1","datePublished":"2023-01-21T20:56:48+00:00","dateModified":"2023-02-04T10:44:52+00:00","inLanguage":"pl-PL","potentialAction":[{"@type":"ReadAction","target":["https:\/\/notabene.world\/nb\/8678-2\/"]}]},{"@type":"ImageObject","inLanguage":"pl-PL","@id":"https:\/\/notabene.world\/nb\/8678-2\/#primaryimage","url":"https:\/\/i0.wp.com\/notabene.world\/nb\/wp-content\/uploads\/2022\/11\/oko-notka-800.jpg?fit=800%2C445&ssl=1","contentUrl":"https:\/\/i0.wp.com\/notabene.world\/nb\/wp-content\/uploads\/2022\/11\/oko-notka-800.jpg?fit=800%2C445&ssl=1","width":800,"height":445},{"@type":"WebSite","@id":"https:\/\/notabene.world\/nb\/#website","url":"https:\/\/notabene.world\/nb\/","name":"NOTABENE.WORLD","description":"Przekaz. Warto\u015bci. Wsp\u00f3lnota.","publisher":{"@id":"https:\/\/notabene.world\/nb\/#organization"},"potentialAction":[{"@type":"SearchAction","target":{"@type":"EntryPoint","urlTemplate":"https:\/\/notabene.world\/nb\/?s={search_term_string}"},"query-input":{"@type":"PropertyValueSpecification","valueRequired":true,"valueName":"search_term_string"}}],"inLanguage":"pl-PL"},{"@type":"Organization","@id":"https:\/\/notabene.world\/nb\/#organization","name":"NOTABENE.WORLD","url":"https:\/\/notabene.world\/nb\/","logo":{"@type":"ImageObject","inLanguage":"pl-PL","@id":"https:\/\/notabene.world\/nb\/#\/schema\/logo\/image\/","url":"https:\/\/notabene.world\/nb\/wp-content\/uploads\/2022\/01\/NB-club-start-www1.jpg","contentUrl":"https:\/\/notabene.world\/nb\/wp-content\/uploads\/2022\/01\/NB-club-start-www1.jpg","width":1000,"height":839,"caption":"NOTABENE.WORLD"},"image":{"@id":"https:\/\/notabene.world\/nb\/#\/schema\/logo\/image\/"},"sameAs":["https:\/\/www.facebook.com\/Notabene.World"]},{"@type":"Person","@id":"https:\/\/notabene.world\/nb\/#\/schema\/person\/a8a4b2b811d0db2e360de334d1d4db71","name":"L D","image":{"@type":"ImageObject","inLanguage":"pl-PL","@id":"https:\/\/secure.gravatar.com\/avatar\/e72422680a1a547cdc9e05215034441a836c068f3e1634de36136c70bc2f9d4a?s=96&d=mm&r=g","url":"https:\/\/secure.gravatar.com\/avatar\/e72422680a1a547cdc9e05215034441a836c068f3e1634de36136c70bc2f9d4a?s=96&d=mm&r=g","contentUrl":"https:\/\/secure.gravatar.com\/avatar\/e72422680a1a547cdc9e05215034441a836c068f3e1634de36136c70bc2f9d4a?s=96&d=mm&r=g","caption":"L D"},"url":"https:\/\/notabene.world\/nb\/author\/jo-da2\/"}]}},"jetpack_featured_media_url":"https:\/\/i0.wp.com\/notabene.world\/nb\/wp-content\/uploads\/2022\/11\/oko-notka-800.jpg?fit=800%2C445&ssl=1","jetpack_sharing_enabled":true,"jetpack_shortlink":"https:\/\/wp.me\/pdCobN-2fY","_links":{"self":[{"href":"https:\/\/notabene.world\/nb\/wp-json\/wp\/v2\/posts\/8678","targetHints":{"allow":["GET"]}}],"collection":[{"href":"https:\/\/notabene.world\/nb\/wp-json\/wp\/v2\/posts"}],"about":[{"href":"https:\/\/notabene.world\/nb\/wp-json\/wp\/v2\/types\/post"}],"author":[{"embeddable":true,"href":"https:\/\/notabene.world\/nb\/wp-json\/wp\/v2\/users\/49"}],"replies":[{"embeddable":true,"href":"https:\/\/notabene.world\/nb\/wp-json\/wp\/v2\/comments?post=8678"}],"version-history":[{"count":1,"href":"https:\/\/notabene.world\/nb\/wp-json\/wp\/v2\/posts\/8678\/revisions"}],"predecessor-version":[{"id":8679,"href":"https:\/\/notabene.world\/nb\/wp-json\/wp\/v2\/posts\/8678\/revisions\/8679"}],"wp:featuredmedia":[{"embeddable":true,"href":"https:\/\/notabene.world\/nb\/wp-json\/wp\/v2\/media\/8275"}],"wp:attachment":[{"href":"https:\/\/notabene.world\/nb\/wp-json\/wp\/v2\/media?parent=8678"}],"wp:term":[{"taxonomy":"category","embeddable":true,"href":"https:\/\/notabene.world\/nb\/wp-json\/wp\/v2\/categories?post=8678"},{"taxonomy":"post_tag","embeddable":true,"href":"https:\/\/notabene.world\/nb\/wp-json\/wp\/v2\/tags?post=8678"}],"curies":[{"name":"wp","href":"https:\/\/api.w.org\/{rel}","templated":true}]}}