{"id":887,"date":"2025-07-23T15:51:11","date_gmt":"2025-07-23T13:51:11","guid":{"rendered":"https:\/\/notabene.world\/nb\/?p=887"},"modified":"2025-08-04T22:54:36","modified_gmt":"2025-08-04T22:54:36","slug":"ora-et-labora","status":"publish","type":"post","link":"https:\/\/notabene.world\/nb\/ora-et-labora\/","title":{"rendered":"Oj dana-dana. M\u00f3dl si\u0119 i pracuj"},"content":{"rendered":"\n<p class=\"has-text-align-right\"><em>Czytajcie i m\u00f3dlcie si\u0119, a b\u0119dzie Wam dane<\/em><\/p>\n\n\n\n<p>Prawdziwy sezon og\u00f3rkowy w tym roku zacz\u0105\u0142 si\u0119 od gruntownej rekonstrukcji rz\u0105du, w nadziei, i\u017c &#8211; pomimo wizerunkowej kl\u0119ski ostatnich dw\u00f3ch lat &#8211; wszystko uda si\u0119 jeszcze zmieni\u0107 i na przyk\u0142ad wygra\u0107 wybory parlamentarne w roku 2027. Czekamy na cud. Modlimy si\u0119 i my\u015blimy o tym ju\u017c teraz z przekonaniem, \u017ce nie wszystko jeszcze stracone, czyli \u017ce nie s\u0105 to jedynie pobo\u017cne \u017cyczenia. Oj dana-dana.<\/p>\n\n\n\n<p>S\u0105 wakacje, wi\u0119c ja do stolicy poci\u0105giem jad\u0119. Zanim w drodze do reszty strac\u0119 m\u0105 dusz\u0119: s\u0142owia\u0144sk\u0105 oraz fantazj\u0119: u\u0142a\u0144sk\u0105, na g\u0142ow\u0119 kapelusz wk\u0142adam. S\u0142omiany. Poci\u0105g mknie przez pola \u0142any. W tle chocho\u0142y ta\u0144cz\u0105, cymbali\u015bci graj\u0105. A ja c\u00f3\u017c? Skromnie siadam w k\u0105ciku i modl\u0119 si\u0119, modl\u0119 gorliwie, a potem poezj\u0119 czytam, bo mi wolno. W przerwach gadam te\u017c co\u015b albo do siebie, albo my\u015bli wymieniam z ludem bo\u017cym z okolic mojej ma\u0142ej ojczyzny, le\u017c\u0105cej niepozornie w samym Sercu Europy. A bije ono rytmicznie i bynajmniej nie monotonnie. Po \u015bwi\u0119tokrzysku. Oj dana-dana.<\/p>\n\n\n\n<p>Pomimo wojny nieopodal, u nas wko\u0142o jest weso\u0142o, bo pi\u0119knie, og\u00f3rkowo i w og\u00f3le. Ci, co nie na wakacjach, o poranku do roboty jad\u0105. W mi\u0119dzyczasie za\u015b te same ma\u0142py &#8211; jak zawsze &#8211; aspiruj\u0105 do zoo. Bez granic. Czy naprawd\u0119 wszystko by\u0142o na nic? Bo te pola ci\u0105gle takie puste. Za stodo\u0142\u0105.&nbsp;&nbsp;Eeee tam&#8230; w\u0142a\u015bciwie to <em>perfekt<\/em> jest. Ale d\u017cez. Oj dana-dana.<\/p>\n\n\n\n<p>Mo\u017ce tylko z poci\u0105giem co\u015b nie tak. Frywolnie zygzakiem jakby jedzie \u2013 najpierw 80 km wprz\u00f3d, potem 50 wspak, a nast\u0119pnie znowu ze 100 do przodu, chimerycznie. O co chodzi? Czy\u017cby\u015bmy drog\u0119 zagubili \u015bwi\u0119t\u0105 przez jak\u0105\u015b niecn\u0105 my\u015bl przekl\u0119t\u0105? To pewnie ja za ma\u0142o si\u0119 modl\u0119? Ale\u017c to brzmi podle. Poci\u0105g za\u015b dalej zygzakiem przecina te pustawe pola, nielekka, oj nielekka \u015bwi\u0119tokrzyska dola? Oj dana-dana.<\/p>\n\n\n\n<p>Przy najbli\u017cszej okazji wybierzcie si\u0119 w g\u00f3ry nasze \u015bwi\u0119tokrzyskie i podumajcie przez chwil\u0119 o herbie naszego regionu, kt\u00f3rego najwa\u017cniejszym elementem jest Krzy\u017c \u0141ysog\u00f3rskich Benedyktyn\u00f3w. To w\u0142a\u015bnie od nich pochodzi ta my\u015bl z\u0142ota, o kt\u00f3rej jak\u017ce cz\u0119sto zapominamy:&nbsp;<em>Ora et labora (M\u00f3dl si\u0119 i pracuj).<\/em>&nbsp;No i wysz\u0142o kazanie&#8230;, ale mo\u017ce co\u015b w tym jest? Cierpliwo\u015bci. Jak mawia\u0142 (i rysowa\u0142) poeta &#8211; <em>Nie martwcie si\u0119, jutro b\u0119dzie gorzej, ale za to pojutrze&#8230; <\/em>Tak kilka dni temu m\u00f3wili mi te\u017c wsp\u00f3\u0142pasa\u017cerowie poci\u0105gu na dobrze znanej trasie. Oj dana-dana. Zygzakiem.<\/p>\n\n\n\n<figure class=\"wp-block-image size-full\"><img data-recalc-dims=\"1\" loading=\"lazy\" decoding=\"async\" width=\"800\" height=\"445\" src=\"https:\/\/i0.wp.com\/notabene.world\/nb\/wp-content\/uploads\/2024\/09\/oetlala.jpg?resize=800%2C445&#038;ssl=1\" alt=\"\" class=\"wp-image-16018\" srcset=\"https:\/\/i0.wp.com\/notabene.world\/nb\/wp-content\/uploads\/2024\/09\/oetlala.jpg?w=800&amp;ssl=1 800w, https:\/\/i0.wp.com\/notabene.world\/nb\/wp-content\/uploads\/2024\/09\/oetlala.jpg?resize=300%2C167&amp;ssl=1 300w, https:\/\/i0.wp.com\/notabene.world\/nb\/wp-content\/uploads\/2024\/09\/oetlala.jpg?resize=768%2C427&amp;ssl=1 768w\" sizes=\"auto, (max-width: 800px) 100vw, 800px\" \/><\/figure>\n\n\n\n<p class=\"has-text-align-center\"><\/p>\n\n\n\n<figure class=\"wp-block-image size-full\"><img data-recalc-dims=\"1\" loading=\"lazy\" decoding=\"async\" width=\"800\" height=\"445\" src=\"https:\/\/i0.wp.com\/notabene.world\/nb\/wp-content\/uploads\/2024\/09\/oetlalala.jpg?resize=800%2C445&#038;ssl=1\" alt=\"\" class=\"wp-image-16020\" srcset=\"https:\/\/i0.wp.com\/notabene.world\/nb\/wp-content\/uploads\/2024\/09\/oetlalala.jpg?w=800&amp;ssl=1 800w, https:\/\/i0.wp.com\/notabene.world\/nb\/wp-content\/uploads\/2024\/09\/oetlalala.jpg?resize=300%2C167&amp;ssl=1 300w, https:\/\/i0.wp.com\/notabene.world\/nb\/wp-content\/uploads\/2024\/09\/oetlalala.jpg?resize=768%2C427&amp;ssl=1 768w\" sizes=\"auto, (max-width: 800px) 100vw, 800px\" \/><\/figure>\n\n\n\n<p class=\"has-text-align-right\"><\/p>\n","protected":false},"excerpt":{"rendered":"<p>Prawdziwy sezon og\u00f3rkowy w tym roku zacz\u0105\u0142 si\u0119 od gruntownej rekonstrukcji rz\u0105du, w nadziei, i\u017c &#8211; pomimo wizerunkowej kl\u0119ski ostatnich dw\u00f3ch lat &#8211; wszystko uda si\u0119 jeszcze zmieni\u0107 i na przyk\u0142ad wygra\u0107 wybory parlamentarne w roku 2027. Czekamy na cud. Modlimy si\u0119 i my\u015blimy o tym ju\u017c teraz z przekonaniem, \u017ce nie wszystko jeszcze stracone, czyli \u017ce nie s\u0105 to jedynie pobo\u017cne \u017cyczenia. Oj dana-dana.<br \/>\n<br \/>\nS\u0105 wakacje, wi\u0119c ja do stolicy poci\u0105giem jad\u0119. Zanim w drodze do reszty strac\u0119 m\u0105 dusz\u0119: s\u0142owia\u0144sk\u0105 oraz fantazj\u0119: u\u0142a\u0144sk\u0105, na g\u0142ow\u0119 kapelusz wk\u0142adam. S\u0142omiany. Poci\u0105g mknie przez pola \u0142any. W tle chocho\u0142y ta\u0144cz\u0105, cymbali\u015bci graj\u0105. A ja c\u00f3\u017c? Skromnie siadam w k\u0105ciku i modl\u0119 si\u0119, modl\u0119 gorliwie, a potem poezj\u0119 czytam, bo mi wolno. W przerwach gadam te\u017c co\u015b albo do siebie, albo my\u015bli wymieniam z ludem bo\u017cym z okolic mojej ma\u0142ej ojczyzny, le\u017c\u0105cej niepozornie w samym Sercu Europy. A bije ono rytmicznie i bynajmniej nie monotonnie. Po \u015bwi\u0119tokrzysku. Oj dana-dana.<br \/>\n<br \/>\nPrzy najbli\u017cszej okazji wybierzcie si\u0119 w g\u00f3ry nasze \u015bwi\u0119tokrzyskie i podumajcie przez chwil\u0119 o herbie naszego regionu, kt\u00f3rego najwa\u017cniejszym elementem jest Krzy\u017c \u0141ysog\u00f3rskich Benedyktyn\u00f3w. To w\u0142a\u015bnie od nich pochodzi ta my\u015bl z\u0142ota, o kt\u00f3rej jak\u017ce cz\u0119sto zapominamy:\u00a0Ora et labora (M\u00f3dl si\u0119 i pracuj).\u00a0No i wysz\u0142o kazanie&#8230;, ale mo\u017ce co\u015b w tym jest? Cierpliwo\u015bci. Jak mawia\u0142 (i rysowa\u0142) poeta &#8211; Nie martwcie si\u0119, jutro b\u0119dzie gorzej, ale za to pojutrze&#8230; Tak kilka dni temu m\u00f3wili te\u017c wsp\u00f3\u0142pasa\u017cerowie poci\u0105gu na dobrze znanej trasie. Oj dana-dana. Zygzakiem.<\/p>\n","protected":false},"author":1,"featured_media":16017,"comment_status":"closed","ping_status":"closed","sticky":false,"template":"","format":"standard","meta":{"colormag_page_container_layout":"no_sidebar_content_centered","colormag_page_sidebar_layout":"no_sidebar","_jetpack_memberships_contains_paid_content":false,"footnotes":"","_links_to":"","_links_to_target":""},"categories":[42,48],"tags":[],"class_list":["post-887","post","type-post","status-publish","format-standard","has-post-thumbnail","hentry","category-felietony","category-wiecej-swiatla"],"yoast_head":"<!-- This site is optimized with the Yoast SEO plugin v27.5 - https:\/\/yoast.com\/product\/yoast-seo-wordpress\/ -->\n<title>Oj dana-dana. M\u00f3dl si\u0119 i pracuj - NOTABENE.WORLD<\/title>\n<meta name=\"robots\" content=\"index, follow, max-snippet:-1, max-image-preview:large, max-video-preview:-1\" \/>\n<link rel=\"canonical\" href=\"https:\/\/notabene.world\/nb\/ora-et-labora\/\" \/>\n<meta property=\"og:locale\" content=\"pl_PL\" \/>\n<meta property=\"og:type\" content=\"article\" \/>\n<meta property=\"og:title\" content=\"Oj dana-dana. M\u00f3dl si\u0119 i pracuj - NOTABENE.WORLD\" \/>\n<meta property=\"og:description\" content=\"Prawdziwy sezon og\u00f3rkowy w tym roku zacz\u0105\u0142 si\u0119 od gruntownej rekonstrukcji rz\u0105du, w nadziei, i\u017c - pomimo wizerunkowej kl\u0119ski ostatnich dw\u00f3ch lat - wszystko uda si\u0119 jeszcze zmieni\u0107 i na przyk\u0142ad wygra\u0107 wybory parlamentarne w roku 2027. Czekamy na cud. Modlimy si\u0119 i my\u015blimy o tym ju\u017c teraz z przekonaniem, \u017ce nie wszystko jeszcze stracone, czyli \u017ce nie s\u0105 to jedynie pobo\u017cne \u017cyczenia. Oj dana-dana. S\u0105 wakacje, wi\u0119c ja do stolicy poci\u0105giem jad\u0119. Zanim w drodze do reszty strac\u0119 m\u0105 dusz\u0119: s\u0142owia\u0144sk\u0105 oraz fantazj\u0119: u\u0142a\u0144sk\u0105, na g\u0142ow\u0119 kapelusz wk\u0142adam. S\u0142omiany. Poci\u0105g mknie przez pola \u0142any. W tle chocho\u0142y ta\u0144cz\u0105, cymbali\u015bci graj\u0105. A ja c\u00f3\u017c? Skromnie siadam w k\u0105ciku i modl\u0119 si\u0119, modl\u0119 gorliwie, a potem poezj\u0119 czytam, bo mi wolno. W przerwach gadam te\u017c co\u015b albo do siebie, albo my\u015bli wymieniam z ludem bo\u017cym z okolic mojej ma\u0142ej ojczyzny, le\u017c\u0105cej niepozornie w samym Sercu Europy. A bije ono rytmicznie i bynajmniej nie monotonnie. Po \u015bwi\u0119tokrzysku. Oj dana-dana. Przy najbli\u017cszej okazji wybierzcie si\u0119 w g\u00f3ry nasze \u015bwi\u0119tokrzyskie i podumajcie przez chwil\u0119 o herbie naszego regionu, kt\u00f3rego najwa\u017cniejszym elementem jest Krzy\u017c \u0141ysog\u00f3rskich Benedyktyn\u00f3w. To w\u0142a\u015bnie od nich pochodzi ta my\u015bl z\u0142ota, o kt\u00f3rej jak\u017ce cz\u0119sto zapominamy:\u00a0Ora et labora (M\u00f3dl si\u0119 i pracuj).\u00a0No i wysz\u0142o kazanie..., ale mo\u017ce co\u015b w tym jest? Cierpliwo\u015bci. Jak mawia\u0142 (i rysowa\u0142) poeta - Nie martwcie si\u0119, jutro b\u0119dzie gorzej, ale za to pojutrze... Tak kilka dni temu m\u00f3wili te\u017c wsp\u00f3\u0142pasa\u017cerowie poci\u0105gu na dobrze znanej trasie. Oj dana-dana. Zygzakiem.\" \/>\n<meta property=\"og:url\" content=\"https:\/\/notabene.world\/nb\/ora-et-labora\/\" \/>\n<meta property=\"og:site_name\" content=\"NOTABENE.WORLD\" \/>\n<meta property=\"article:publisher\" content=\"https:\/\/www.facebook.com\/Notabene.World\" \/>\n<meta property=\"article:published_time\" content=\"2025-07-23T13:51:11+00:00\" \/>\n<meta property=\"article:modified_time\" content=\"2025-08-04T22:54:36+00:00\" \/>\n<meta property=\"og:image\" content=\"https:\/\/notabene.world\/nb\/wp-content\/uploads\/2024\/09\/oetla.jpg\" \/>\n\t<meta property=\"og:image:width\" content=\"800\" \/>\n\t<meta property=\"og:image:height\" content=\"445\" \/>\n\t<meta property=\"og:image:type\" content=\"image\/jpeg\" \/>\n<meta name=\"author\" content=\"C vel K\" \/>\n<meta name=\"twitter:card\" content=\"summary_large_image\" \/>\n<meta name=\"twitter:label1\" content=\"Napisane przez\" \/>\n\t<meta name=\"twitter:data1\" content=\"C vel K\" \/>\n\t<meta name=\"twitter:label2\" content=\"Szacowany czas czytania\" \/>\n\t<meta name=\"twitter:data2\" content=\"2 minuty\" \/>\n<script type=\"application\/ld+json\" class=\"yoast-schema-graph\">{\"@context\":\"https:\\\/\\\/schema.org\",\"@graph\":[{\"@type\":\"Article\",\"@id\":\"https:\\\/\\\/notabene.world\\\/nb\\\/ora-et-labora\\\/#article\",\"isPartOf\":{\"@id\":\"https:\\\/\\\/notabene.world\\\/nb\\\/ora-et-labora\\\/\"},\"author\":{\"name\":\"C vel K\",\"@id\":\"https:\\\/\\\/notabene.world\\\/nb\\\/#\\\/schema\\\/person\\\/2227ed509f9261e544f6078919e1981d\"},\"headline\":\"Oj dana-dana. M\u00f3dl si\u0119 i pracuj\",\"datePublished\":\"2025-07-23T13:51:11+00:00\",\"dateModified\":\"2025-08-04T22:54:36+00:00\",\"mainEntityOfPage\":{\"@id\":\"https:\\\/\\\/notabene.world\\\/nb\\\/ora-et-labora\\\/\"},\"wordCount\":461,\"publisher\":{\"@id\":\"https:\\\/\\\/notabene.world\\\/nb\\\/#organization\"},\"image\":{\"@id\":\"https:\\\/\\\/notabene.world\\\/nb\\\/ora-et-labora\\\/#primaryimage\"},\"thumbnailUrl\":\"https:\\\/\\\/i0.wp.com\\\/notabene.world\\\/nb\\\/wp-content\\\/uploads\\\/2024\\\/09\\\/oetla.jpg?fit=800%2C445&ssl=1\",\"articleSection\":[\"Felietony\",\"WI\u0118CEJ \u015aWIAT(\u0141)A\"],\"inLanguage\":\"pl-PL\"},{\"@type\":\"WebPage\",\"@id\":\"https:\\\/\\\/notabene.world\\\/nb\\\/ora-et-labora\\\/\",\"url\":\"https:\\\/\\\/notabene.world\\\/nb\\\/ora-et-labora\\\/\",\"name\":\"Oj dana-dana. M\u00f3dl si\u0119 i pracuj - NOTABENE.WORLD\",\"isPartOf\":{\"@id\":\"https:\\\/\\\/notabene.world\\\/nb\\\/#website\"},\"primaryImageOfPage\":{\"@id\":\"https:\\\/\\\/notabene.world\\\/nb\\\/ora-et-labora\\\/#primaryimage\"},\"image\":{\"@id\":\"https:\\\/\\\/notabene.world\\\/nb\\\/ora-et-labora\\\/#primaryimage\"},\"thumbnailUrl\":\"https:\\\/\\\/i0.wp.com\\\/notabene.world\\\/nb\\\/wp-content\\\/uploads\\\/2024\\\/09\\\/oetla.jpg?fit=800%2C445&ssl=1\",\"datePublished\":\"2025-07-23T13:51:11+00:00\",\"dateModified\":\"2025-08-04T22:54:36+00:00\",\"breadcrumb\":{\"@id\":\"https:\\\/\\\/notabene.world\\\/nb\\\/ora-et-labora\\\/#breadcrumb\"},\"inLanguage\":\"pl-PL\",\"potentialAction\":[{\"@type\":\"ReadAction\",\"target\":[\"https:\\\/\\\/notabene.world\\\/nb\\\/ora-et-labora\\\/\"]}]},{\"@type\":\"ImageObject\",\"inLanguage\":\"pl-PL\",\"@id\":\"https:\\\/\\\/notabene.world\\\/nb\\\/ora-et-labora\\\/#primaryimage\",\"url\":\"https:\\\/\\\/i0.wp.com\\\/notabene.world\\\/nb\\\/wp-content\\\/uploads\\\/2024\\\/09\\\/oetla.jpg?fit=800%2C445&ssl=1\",\"contentUrl\":\"https:\\\/\\\/i0.wp.com\\\/notabene.world\\\/nb\\\/wp-content\\\/uploads\\\/2024\\\/09\\\/oetla.jpg?fit=800%2C445&ssl=1\",\"width\":800,\"height\":445},{\"@type\":\"BreadcrumbList\",\"@id\":\"https:\\\/\\\/notabene.world\\\/nb\\\/ora-et-labora\\\/#breadcrumb\",\"itemListElement\":[{\"@type\":\"ListItem\",\"position\":1,\"name\":\"Home\",\"item\":\"https:\\\/\\\/notabene.world\\\/nb\\\/\"},{\"@type\":\"ListItem\",\"position\":2,\"name\":\"Oj dana-dana. M\u00f3dl si\u0119 i pracuj\"}]},{\"@type\":\"WebSite\",\"@id\":\"https:\\\/\\\/notabene.world\\\/nb\\\/#website\",\"url\":\"https:\\\/\\\/notabene.world\\\/nb\\\/\",\"name\":\"NOTABENE.WORLD\",\"description\":\"Przekaz. Warto\u015bci. Wsp\u00f3lnota.\",\"publisher\":{\"@id\":\"https:\\\/\\\/notabene.world\\\/nb\\\/#organization\"},\"potentialAction\":[{\"@type\":\"SearchAction\",\"target\":{\"@type\":\"EntryPoint\",\"urlTemplate\":\"https:\\\/\\\/notabene.world\\\/nb\\\/?s={search_term_string}\"},\"query-input\":{\"@type\":\"PropertyValueSpecification\",\"valueRequired\":true,\"valueName\":\"search_term_string\"}}],\"inLanguage\":\"pl-PL\"},{\"@type\":\"Organization\",\"@id\":\"https:\\\/\\\/notabene.world\\\/nb\\\/#organization\",\"name\":\"NOTABENE.WORLD\",\"url\":\"https:\\\/\\\/notabene.world\\\/nb\\\/\",\"logo\":{\"@type\":\"ImageObject\",\"inLanguage\":\"pl-PL\",\"@id\":\"https:\\\/\\\/notabene.world\\\/nb\\\/#\\\/schema\\\/logo\\\/image\\\/\",\"url\":\"https:\\\/\\\/notabene.world\\\/nb\\\/wp-content\\\/uploads\\\/2022\\\/01\\\/NB-club-start-www1.jpg\",\"contentUrl\":\"https:\\\/\\\/notabene.world\\\/nb\\\/wp-content\\\/uploads\\\/2022\\\/01\\\/NB-club-start-www1.jpg\",\"width\":1000,\"height\":839,\"caption\":\"NOTABENE.WORLD\"},\"image\":{\"@id\":\"https:\\\/\\\/notabene.world\\\/nb\\\/#\\\/schema\\\/logo\\\/image\\\/\"},\"sameAs\":[\"https:\\\/\\\/www.facebook.com\\\/Notabene.World\"]},{\"@type\":\"Person\",\"@id\":\"https:\\\/\\\/notabene.world\\\/nb\\\/#\\\/schema\\\/person\\\/2227ed509f9261e544f6078919e1981d\",\"name\":\"C vel K\",\"image\":{\"@type\":\"ImageObject\",\"inLanguage\":\"pl-PL\",\"@id\":\"https:\\\/\\\/secure.gravatar.com\\\/avatar\\\/da4181237ddf77c667487dd66af5231faaf45fbcb0774d7a408f868da56bf04c?s=96&d=mm&r=g\",\"url\":\"https:\\\/\\\/secure.gravatar.com\\\/avatar\\\/da4181237ddf77c667487dd66af5231faaf45fbcb0774d7a408f868da56bf04c?s=96&d=mm&r=g\",\"contentUrl\":\"https:\\\/\\\/secure.gravatar.com\\\/avatar\\\/da4181237ddf77c667487dd66af5231faaf45fbcb0774d7a408f868da56bf04c?s=96&d=mm&r=g\",\"caption\":\"C vel K\"},\"url\":\"https:\\\/\\\/notabene.world\\\/nb\\\/author\\\/kcedro\\\/\"}]}<\/script>\n<!-- \/ Yoast SEO plugin. -->","yoast_head_json":{"title":"Oj dana-dana. M\u00f3dl si\u0119 i pracuj - NOTABENE.WORLD","robots":{"index":"index","follow":"follow","max-snippet":"max-snippet:-1","max-image-preview":"max-image-preview:large","max-video-preview":"max-video-preview:-1"},"canonical":"https:\/\/notabene.world\/nb\/ora-et-labora\/","og_locale":"pl_PL","og_type":"article","og_title":"Oj dana-dana. M\u00f3dl si\u0119 i pracuj - NOTABENE.WORLD","og_description":"Prawdziwy sezon og\u00f3rkowy w tym roku zacz\u0105\u0142 si\u0119 od gruntownej rekonstrukcji rz\u0105du, w nadziei, i\u017c - pomimo wizerunkowej kl\u0119ski ostatnich dw\u00f3ch lat - wszystko uda si\u0119 jeszcze zmieni\u0107 i na przyk\u0142ad wygra\u0107 wybory parlamentarne w roku 2027. Czekamy na cud. Modlimy si\u0119 i my\u015blimy o tym ju\u017c teraz z przekonaniem, \u017ce nie wszystko jeszcze stracone, czyli \u017ce nie s\u0105 to jedynie pobo\u017cne \u017cyczenia. Oj dana-dana. S\u0105 wakacje, wi\u0119c ja do stolicy poci\u0105giem jad\u0119. Zanim w drodze do reszty strac\u0119 m\u0105 dusz\u0119: s\u0142owia\u0144sk\u0105 oraz fantazj\u0119: u\u0142a\u0144sk\u0105, na g\u0142ow\u0119 kapelusz wk\u0142adam. S\u0142omiany. Poci\u0105g mknie przez pola \u0142any. W tle chocho\u0142y ta\u0144cz\u0105, cymbali\u015bci graj\u0105. A ja c\u00f3\u017c? Skromnie siadam w k\u0105ciku i modl\u0119 si\u0119, modl\u0119 gorliwie, a potem poezj\u0119 czytam, bo mi wolno. W przerwach gadam te\u017c co\u015b albo do siebie, albo my\u015bli wymieniam z ludem bo\u017cym z okolic mojej ma\u0142ej ojczyzny, le\u017c\u0105cej niepozornie w samym Sercu Europy. A bije ono rytmicznie i bynajmniej nie monotonnie. Po \u015bwi\u0119tokrzysku. Oj dana-dana. Przy najbli\u017cszej okazji wybierzcie si\u0119 w g\u00f3ry nasze \u015bwi\u0119tokrzyskie i podumajcie przez chwil\u0119 o herbie naszego regionu, kt\u00f3rego najwa\u017cniejszym elementem jest Krzy\u017c \u0141ysog\u00f3rskich Benedyktyn\u00f3w. To w\u0142a\u015bnie od nich pochodzi ta my\u015bl z\u0142ota, o kt\u00f3rej jak\u017ce cz\u0119sto zapominamy:\u00a0Ora et labora (M\u00f3dl si\u0119 i pracuj).\u00a0No i wysz\u0142o kazanie..., ale mo\u017ce co\u015b w tym jest? Cierpliwo\u015bci. Jak mawia\u0142 (i rysowa\u0142) poeta - Nie martwcie si\u0119, jutro b\u0119dzie gorzej, ale za to pojutrze... Tak kilka dni temu m\u00f3wili te\u017c wsp\u00f3\u0142pasa\u017cerowie poci\u0105gu na dobrze znanej trasie. Oj dana-dana. Zygzakiem.","og_url":"https:\/\/notabene.world\/nb\/ora-et-labora\/","og_site_name":"NOTABENE.WORLD","article_publisher":"https:\/\/www.facebook.com\/Notabene.World","article_published_time":"2025-07-23T13:51:11+00:00","article_modified_time":"2025-08-04T22:54:36+00:00","og_image":[{"width":800,"height":445,"url":"https:\/\/notabene.world\/nb\/wp-content\/uploads\/2024\/09\/oetla.jpg","type":"image\/jpeg"}],"author":"C vel K","twitter_card":"summary_large_image","twitter_misc":{"Napisane przez":"C vel K","Szacowany czas czytania":"2 minuty"},"schema":{"@context":"https:\/\/schema.org","@graph":[{"@type":"Article","@id":"https:\/\/notabene.world\/nb\/ora-et-labora\/#article","isPartOf":{"@id":"https:\/\/notabene.world\/nb\/ora-et-labora\/"},"author":{"name":"C vel K","@id":"https:\/\/notabene.world\/nb\/#\/schema\/person\/2227ed509f9261e544f6078919e1981d"},"headline":"Oj dana-dana. M\u00f3dl si\u0119 i pracuj","datePublished":"2025-07-23T13:51:11+00:00","dateModified":"2025-08-04T22:54:36+00:00","mainEntityOfPage":{"@id":"https:\/\/notabene.world\/nb\/ora-et-labora\/"},"wordCount":461,"publisher":{"@id":"https:\/\/notabene.world\/nb\/#organization"},"image":{"@id":"https:\/\/notabene.world\/nb\/ora-et-labora\/#primaryimage"},"thumbnailUrl":"https:\/\/i0.wp.com\/notabene.world\/nb\/wp-content\/uploads\/2024\/09\/oetla.jpg?fit=800%2C445&ssl=1","articleSection":["Felietony","WI\u0118CEJ \u015aWIAT(\u0141)A"],"inLanguage":"pl-PL"},{"@type":"WebPage","@id":"https:\/\/notabene.world\/nb\/ora-et-labora\/","url":"https:\/\/notabene.world\/nb\/ora-et-labora\/","name":"Oj dana-dana. M\u00f3dl si\u0119 i pracuj - NOTABENE.WORLD","isPartOf":{"@id":"https:\/\/notabene.world\/nb\/#website"},"primaryImageOfPage":{"@id":"https:\/\/notabene.world\/nb\/ora-et-labora\/#primaryimage"},"image":{"@id":"https:\/\/notabene.world\/nb\/ora-et-labora\/#primaryimage"},"thumbnailUrl":"https:\/\/i0.wp.com\/notabene.world\/nb\/wp-content\/uploads\/2024\/09\/oetla.jpg?fit=800%2C445&ssl=1","datePublished":"2025-07-23T13:51:11+00:00","dateModified":"2025-08-04T22:54:36+00:00","breadcrumb":{"@id":"https:\/\/notabene.world\/nb\/ora-et-labora\/#breadcrumb"},"inLanguage":"pl-PL","potentialAction":[{"@type":"ReadAction","target":["https:\/\/notabene.world\/nb\/ora-et-labora\/"]}]},{"@type":"ImageObject","inLanguage":"pl-PL","@id":"https:\/\/notabene.world\/nb\/ora-et-labora\/#primaryimage","url":"https:\/\/i0.wp.com\/notabene.world\/nb\/wp-content\/uploads\/2024\/09\/oetla.jpg?fit=800%2C445&ssl=1","contentUrl":"https:\/\/i0.wp.com\/notabene.world\/nb\/wp-content\/uploads\/2024\/09\/oetla.jpg?fit=800%2C445&ssl=1","width":800,"height":445},{"@type":"BreadcrumbList","@id":"https:\/\/notabene.world\/nb\/ora-et-labora\/#breadcrumb","itemListElement":[{"@type":"ListItem","position":1,"name":"Home","item":"https:\/\/notabene.world\/nb\/"},{"@type":"ListItem","position":2,"name":"Oj dana-dana. M\u00f3dl si\u0119 i pracuj"}]},{"@type":"WebSite","@id":"https:\/\/notabene.world\/nb\/#website","url":"https:\/\/notabene.world\/nb\/","name":"NOTABENE.WORLD","description":"Przekaz. Warto\u015bci. Wsp\u00f3lnota.","publisher":{"@id":"https:\/\/notabene.world\/nb\/#organization"},"potentialAction":[{"@type":"SearchAction","target":{"@type":"EntryPoint","urlTemplate":"https:\/\/notabene.world\/nb\/?s={search_term_string}"},"query-input":{"@type":"PropertyValueSpecification","valueRequired":true,"valueName":"search_term_string"}}],"inLanguage":"pl-PL"},{"@type":"Organization","@id":"https:\/\/notabene.world\/nb\/#organization","name":"NOTABENE.WORLD","url":"https:\/\/notabene.world\/nb\/","logo":{"@type":"ImageObject","inLanguage":"pl-PL","@id":"https:\/\/notabene.world\/nb\/#\/schema\/logo\/image\/","url":"https:\/\/notabene.world\/nb\/wp-content\/uploads\/2022\/01\/NB-club-start-www1.jpg","contentUrl":"https:\/\/notabene.world\/nb\/wp-content\/uploads\/2022\/01\/NB-club-start-www1.jpg","width":1000,"height":839,"caption":"NOTABENE.WORLD"},"image":{"@id":"https:\/\/notabene.world\/nb\/#\/schema\/logo\/image\/"},"sameAs":["https:\/\/www.facebook.com\/Notabene.World"]},{"@type":"Person","@id":"https:\/\/notabene.world\/nb\/#\/schema\/person\/2227ed509f9261e544f6078919e1981d","name":"C vel K","image":{"@type":"ImageObject","inLanguage":"pl-PL","@id":"https:\/\/secure.gravatar.com\/avatar\/da4181237ddf77c667487dd66af5231faaf45fbcb0774d7a408f868da56bf04c?s=96&d=mm&r=g","url":"https:\/\/secure.gravatar.com\/avatar\/da4181237ddf77c667487dd66af5231faaf45fbcb0774d7a408f868da56bf04c?s=96&d=mm&r=g","contentUrl":"https:\/\/secure.gravatar.com\/avatar\/da4181237ddf77c667487dd66af5231faaf45fbcb0774d7a408f868da56bf04c?s=96&d=mm&r=g","caption":"C vel K"},"url":"https:\/\/notabene.world\/nb\/author\/kcedro\/"}]}},"jetpack_featured_media_url":"https:\/\/i0.wp.com\/notabene.world\/nb\/wp-content\/uploads\/2024\/09\/oetla.jpg?fit=800%2C445&ssl=1","jetpack_sharing_enabled":true,"jetpack_shortlink":"https:\/\/wp.me\/pdCobN-ej","_links":{"self":[{"href":"https:\/\/notabene.world\/nb\/wp-json\/wp\/v2\/posts\/887","targetHints":{"allow":["GET"]}}],"collection":[{"href":"https:\/\/notabene.world\/nb\/wp-json\/wp\/v2\/posts"}],"about":[{"href":"https:\/\/notabene.world\/nb\/wp-json\/wp\/v2\/types\/post"}],"author":[{"embeddable":true,"href":"https:\/\/notabene.world\/nb\/wp-json\/wp\/v2\/users\/1"}],"replies":[{"embeddable":true,"href":"https:\/\/notabene.world\/nb\/wp-json\/wp\/v2\/comments?post=887"}],"version-history":[{"count":5,"href":"https:\/\/notabene.world\/nb\/wp-json\/wp\/v2\/posts\/887\/revisions"}],"predecessor-version":[{"id":16040,"href":"https:\/\/notabene.world\/nb\/wp-json\/wp\/v2\/posts\/887\/revisions\/16040"}],"wp:featuredmedia":[{"embeddable":true,"href":"https:\/\/notabene.world\/nb\/wp-json\/wp\/v2\/media\/16017"}],"wp:attachment":[{"href":"https:\/\/notabene.world\/nb\/wp-json\/wp\/v2\/media?parent=887"}],"wp:term":[{"taxonomy":"category","embeddable":true,"href":"https:\/\/notabene.world\/nb\/wp-json\/wp\/v2\/categories?post=887"},{"taxonomy":"post_tag","embeddable":true,"href":"https:\/\/notabene.world\/nb\/wp-json\/wp\/v2\/tags?post=887"}],"curies":[{"name":"wp","href":"https:\/\/api.w.org\/{rel}","templated":true}]}}