{"id":8923,"date":"2023-02-14T15:46:20","date_gmt":"2023-02-14T14:46:20","guid":{"rendered":"https:\/\/notabene.world\/nb\/?p=8923"},"modified":"2023-05-16T07:21:47","modified_gmt":"2023-05-16T05:21:47","slug":"walc-nowego-porzadku","status":"publish","type":"post","link":"https:\/\/notabene.world\/nb\/walc-nowego-porzadku\/","title":{"rendered":"Walc nowego porz\u0105dku"},"content":{"rendered":"\n<p><em>Walc po\u017cegnalny <\/em>to kolejna powie\u015b\u0107 Kundery, z kt\u00f3r\u0105 mam styczno\u015b\u0107. Napisana po czesku w 1972 roku. Akcja rozgrywa si\u0119 w czechos\u0142owackiej plac\u00f3wce leczenia niep\u0142odno\u015bci. Zn\u00f3w pisarz raczy nas g\u0142\u0119bokimi portretami psychologicznymi bohater\u00f3w, przyjemnie prowadzon\u0105 narracj\u0105 i niezwykle delikatn\u0105 grotesk\u0105, dzi\u0119ki czemu fabu\u0142a nie zamienia si\u0119 w scenariusz kabaretu, wyst\u0119puj\u0105cego na \u015awi\u0119tokrzyskiej Nocy Kabaretowej.<\/p>\n\n\n\n<p> <em><strong>Id\u0105c do kobiety, we\u017a ze sob\u0105 bat &#8211; zacytowa\u0142 Nietzschego, z kt\u00f3rego ca\u0142ej tw\u00f3rczo\u015bci zna\u0142 wy\u0142\u0105cznie to jedno zdanie. <\/strong><\/em><\/p>\n\n\n\n<p>Wydarzenia, zgodnie z tytu\u0142em &#8211; powoli nabieraj\u0105 rozp\u0119du; w uzdrowisku dzieje si\u0119 coraz wi\u0119cej i coraz szybciej. Niekiedy po\u015br\u00f3d spi\u0119trzaj\u0105cych si\u0119 zdarze\u0144 i lawiruj\u0105cych wok\u00f3\u0142 siebie bohater\u00f3w pisarz zatrzymuje si\u0119 i wprowadza dialog &#8211; dialog, w kt\u00f3rym bierze udzia\u0142 r\u00f3wnie\u017c czytelnik. Kundera nie podaje na tacy \u017b A D N E G O pogl\u0105du, brak tu tendencyjno\u015bci i bardzo dobrze. Czasy prostackiej prozy dla gawiedzi zostawmy w Pozytywizmie. Rozwa\u017cania o aborcji, sensie \u017cycia, barwne por\u00f3wnania i metafory do \u015awi\u0119tych, kr\u00f3la Heroda, k\u0142uj\u0105ca zazdro\u015b\u0107 i trudna mi\u0142o\u015b\u0107. <\/p>\n\n\n\n<p>Kundera opisuje \u017cycie cz\u0142owieka na podstawie relacji mi\u0119dzyludzkich, najcz\u0119\u015bciej tych romantycznych. Nie inaczej jest w przypadku <em>Walca Po\u017cegnalnego<\/em>. Tr\u0119bacz Klima musi wypi\u0107 piwo, kt\u00f3re sobie nawarzy\u0142 z pi\u0119kn\u0105 piel\u0119gniark\u0105, R\u00f3\u017c\u0105, kt\u00f3ra ucieka od wiernego adoratora, Franciszka. Jakub ucieka z kraju i \u017cegna si\u0119 ze swoj\u0105 podopieczn\u0105 oraz przyjacielem &#8211; lekarzem Slam\u0105. Bertlef natomiast jest \u015bmiertelnie chory i prowadzi \u017cycie zgodnie z my\u015bl\u0105 \u015bwi\u0119tego Franciszka. Mi\u0142uje ka\u017cdego. Dziwne, nieprawda\u017c?<\/p>\n\n\n\n<p><strong>Metamorfoza \u015bwiata <\/strong><\/p>\n\n\n\n<p>Dawni bohaterowie, waleczni rycerze wolno\u015bci, zm\u0119czeni trudami walki i pozostaj\u0105 bierni na wszelak\u0105 krzywd\u0119 ludzk\u0105. Ludzie spoza pa\u0144stw Uk\u0142adu Warszawskiego, kt\u00f3rzy maj\u0105 paszport, jawi\u0105 si\u0119 tu jako \u015bwi\u0119ci w Aueroli &#8211; cechuje ich jednak pr\u00f3\u017cniactwo, samochwalstwo i konsumpcjonizm. Dobra materialne dla ludzi zachodu sta\u0142y si\u0119 wszystkim, co istnieje na \u015bwiecie. Ludzie, kt\u00f3rzy wed\u0142ug za\u0142o\u017ce\u0144 maj\u0105 pomaga\u0107 innym w ich ci\u0119\u017ckim stanie zdrowia, produkuj\u0105 sobie masowe potomstwo, jakby to by\u0142a niewinna zabawa. Kobiety z zapomnianych miasteczek i wsi szukaj\u0105 tylko okazji, \u017ceby nawet kosztem honoru znale\u017a\u0107 sobie m\u0119\u017cczyzn\u0119, kt\u00f3ry ich wyci\u0105gnie z matni, gdzie brak wszelkich perspektyw na rozw\u00f3j.<\/p>\n\n\n\n<p>Kundera pokazuje nam kszta\u0142tuj\u0105cy si\u0119 na nowo \u015bwiat. Niesprawiedliwy, oparty na okrucie\u0144stwach wojennych, kt\u00f3re wci\u0105\u017c m\u0105c\u0105 nasz\u0105 rzeczywisto\u015b\u0107. Pokazuje ludzi, kt\u00f3rzy za pieni\u0105dze zrobi\u0105 wszystko; ponownie \u015bwiat Kundery jest zepsuty etycznie, jednak\u017ce wci\u0105\u017c jest w nim mi\u0142o\u015b\u0107 &#8211; toksyczna, pe\u0142na zazdro\u015bci, kt\u00f3ra momentami przemienia si\u0119 nawet w nienawi\u015b\u0107. Dop\u00f3ki jest mi\u0119dzy lud\u017ami mi\u0142o\u015b\u0107, dop\u00f3ty b\u0119d\u0105 jako\u015b trwa\u0107. Wierz\u0119 w to i ja.<\/p>\n\n\n\n<figure class=\"wp-block-image aligncenter size-large\"><img data-recalc-dims=\"1\" loading=\"lazy\" decoding=\"async\" width=\"702\" height=\"1024\" src=\"https:\/\/i0.wp.com\/notabene.world\/nb\/wp-content\/uploads\/2023\/02\/Giulietta_soprano_figurino_di_Giuseppe_Palanti_per_Romeo_et_Juliette_1911_-_Archivio_Storico_Ricordi_ICON001894-1.jpg?resize=702%2C1024&#038;ssl=1\" alt=\"\" class=\"wp-image-8926\" srcset=\"https:\/\/i0.wp.com\/notabene.world\/nb\/wp-content\/uploads\/2023\/02\/Giulietta_soprano_figurino_di_Giuseppe_Palanti_per_Romeo_et_Juliette_1911_-_Archivio_Storico_Ricordi_ICON001894-1-scaled.jpg?resize=702%2C1024&amp;ssl=1 702w, https:\/\/i0.wp.com\/notabene.world\/nb\/wp-content\/uploads\/2023\/02\/Giulietta_soprano_figurino_di_Giuseppe_Palanti_per_Romeo_et_Juliette_1911_-_Archivio_Storico_Ricordi_ICON001894-1-scaled.jpg?resize=206%2C300&amp;ssl=1 206w, https:\/\/i0.wp.com\/notabene.world\/nb\/wp-content\/uploads\/2023\/02\/Giulietta_soprano_figurino_di_Giuseppe_Palanti_per_Romeo_et_Juliette_1911_-_Archivio_Storico_Ricordi_ICON001894-1-scaled.jpg?resize=768%2C1121&amp;ssl=1 768w, https:\/\/i0.wp.com\/notabene.world\/nb\/wp-content\/uploads\/2023\/02\/Giulietta_soprano_figurino_di_Giuseppe_Palanti_per_Romeo_et_Juliette_1911_-_Archivio_Storico_Ricordi_ICON001894-1-scaled.jpg?resize=1053%2C1536&amp;ssl=1 1053w, https:\/\/i0.wp.com\/notabene.world\/nb\/wp-content\/uploads\/2023\/02\/Giulietta_soprano_figurino_di_Giuseppe_Palanti_per_Romeo_et_Juliette_1911_-_Archivio_Storico_Ricordi_ICON001894-1-scaled.jpg?w=1754&amp;ssl=1 1754w, https:\/\/i0.wp.com\/notabene.world\/nb\/wp-content\/uploads\/2023\/02\/Giulietta_soprano_figurino_di_Giuseppe_Palanti_per_Romeo_et_Juliette_1911_-_Archivio_Storico_Ricordi_ICON001894-1-scaled.jpg?w=1600&amp;ssl=1 1600w\" sizes=\"auto, (max-width: 702px) 100vw, 702px\" \/><\/figure>\n","protected":false},"excerpt":{"rendered":"<p>&#8222;Walc po\u017cegnalny&#8221; to kolejna powie\u015b\u0107 Kundery, z kt\u00f3r\u0105 mam styczno\u015b\u0107. Napisana po czesku w 1972 roku. Akcja rozgrywa si\u0119 w czechos\u0142owackiej plac\u00f3wce leczenia niep\u0142odno\u015bci. Zn\u00f3w pisarz raczy nas g\u0142\u0119bokimi portretami psychologicznymi bohater\u00f3w, przyjemnie prowadzon\u0105 narracj\u0105 i niezwykle delikatn\u0105 grotesk\u0105, dzi\u0119ki czemu fabu\u0142a nie zamienia si\u0119 w scenariusz kabaretu, wyst\u0119puj\u0105cego na \u015awi\u0119tokrzyskiej Nocy Kabaretowej.<\/p>\n","protected":false},"author":6,"featured_media":8934,"comment_status":"closed","ping_status":"closed","sticky":false,"template":"","format":"standard","meta":{"colormag_page_container_layout":"default_layout","colormag_page_sidebar_layout":"default_layout","_jetpack_memberships_contains_paid_content":false,"footnotes":"","_links_to":"","_links_to_target":""},"categories":[39,41],"tags":[],"class_list":["post-8923","post","type-post","status-publish","format-standard","has-post-thumbnail","hentry","category-literatura","category-sztuka"],"yoast_head":"<!-- This site is optimized with the Yoast SEO plugin v27.5 - https:\/\/yoast.com\/product\/yoast-seo-wordpress\/ -->\n<title>Walc nowego porz\u0105dku - NOTABENE.WORLD<\/title>\n<meta name=\"robots\" content=\"index, follow, max-snippet:-1, max-image-preview:large, max-video-preview:-1\" \/>\n<link rel=\"canonical\" href=\"https:\/\/notabene.world\/nb\/walc-nowego-porzadku\/\" \/>\n<meta property=\"og:locale\" content=\"pl_PL\" \/>\n<meta property=\"og:type\" content=\"article\" \/>\n<meta property=\"og:title\" content=\"Walc nowego porz\u0105dku - NOTABENE.WORLD\" \/>\n<meta property=\"og:description\" content=\"&quot;Walc po\u017cegnalny&quot; to kolejna powie\u015b\u0107 Kundery, z kt\u00f3r\u0105 mam styczno\u015b\u0107. Napisana po czesku w 1972 roku. Akcja rozgrywa si\u0119 w czechos\u0142owackiej plac\u00f3wce leczenia niep\u0142odno\u015bci. Zn\u00f3w pisarz raczy nas g\u0142\u0119bokimi portretami psychologicznymi bohater\u00f3w, przyjemnie prowadzon\u0105 narracj\u0105 i niezwykle delikatn\u0105 grotesk\u0105, dzi\u0119ki czemu fabu\u0142a nie zamienia si\u0119 w scenariusz kabaretu, wyst\u0119puj\u0105cego na \u015awi\u0119tokrzyskiej Nocy Kabaretowej.\" \/>\n<meta property=\"og:url\" content=\"https:\/\/notabene.world\/nb\/walc-nowego-porzadku\/\" \/>\n<meta property=\"og:site_name\" content=\"NOTABENE.WORLD\" \/>\n<meta property=\"article:publisher\" content=\"https:\/\/www.facebook.com\/Notabene.World\" \/>\n<meta property=\"article:author\" content=\"https:\/\/www.facebook.com\/profile.php?id=100014087373140\" \/>\n<meta property=\"article:published_time\" content=\"2023-02-14T14:46:20+00:00\" \/>\n<meta property=\"article:modified_time\" content=\"2023-05-16T05:21:47+00:00\" \/>\n<meta property=\"og:image\" content=\"https:\/\/notabene.world\/nb\/wp-content\/uploads\/2023\/02\/walc.jpg\" \/>\n\t<meta property=\"og:image:width\" content=\"800\" \/>\n\t<meta property=\"og:image:height\" content=\"445\" \/>\n\t<meta property=\"og:image:type\" content=\"image\/jpeg\" \/>\n<meta name=\"author\" content=\"Julian Tarnowski\" \/>\n<meta name=\"twitter:card\" content=\"summary_large_image\" \/>\n<meta name=\"twitter:creator\" content=\"@JulianTarnowsk1\" \/>\n<meta name=\"twitter:label1\" content=\"Napisane przez\" \/>\n\t<meta name=\"twitter:data1\" content=\"Julian Tarnowski\" \/>\n\t<meta name=\"twitter:label2\" content=\"Szacowany czas czytania\" \/>\n\t<meta name=\"twitter:data2\" content=\"2 minuty\" \/>\n<script type=\"application\/ld+json\" class=\"yoast-schema-graph\">{\"@context\":\"https:\\\/\\\/schema.org\",\"@graph\":[{\"@type\":\"Article\",\"@id\":\"https:\\\/\\\/notabene.world\\\/nb\\\/walc-nowego-porzadku\\\/#article\",\"isPartOf\":{\"@id\":\"https:\\\/\\\/notabene.world\\\/nb\\\/walc-nowego-porzadku\\\/\"},\"author\":{\"name\":\"Julian Tarnowski\",\"@id\":\"https:\\\/\\\/notabene.world\\\/nb\\\/#\\\/schema\\\/person\\\/890c5cc2bd0337867802bcca5ee56dee\"},\"headline\":\"Walc nowego porz\u0105dku\",\"datePublished\":\"2023-02-14T14:46:20+00:00\",\"dateModified\":\"2023-05-16T05:21:47+00:00\",\"mainEntityOfPage\":{\"@id\":\"https:\\\/\\\/notabene.world\\\/nb\\\/walc-nowego-porzadku\\\/\"},\"wordCount\":479,\"publisher\":{\"@id\":\"https:\\\/\\\/notabene.world\\\/nb\\\/#organization\"},\"image\":{\"@id\":\"https:\\\/\\\/notabene.world\\\/nb\\\/walc-nowego-porzadku\\\/#primaryimage\"},\"thumbnailUrl\":\"https:\\\/\\\/i0.wp.com\\\/notabene.world\\\/nb\\\/wp-content\\\/uploads\\\/2023\\\/02\\\/walc.jpg?fit=800%2C445&ssl=1\",\"articleSection\":[\"Literatura\",\"Sztuka\"],\"inLanguage\":\"pl-PL\"},{\"@type\":\"WebPage\",\"@id\":\"https:\\\/\\\/notabene.world\\\/nb\\\/walc-nowego-porzadku\\\/\",\"url\":\"https:\\\/\\\/notabene.world\\\/nb\\\/walc-nowego-porzadku\\\/\",\"name\":\"Walc nowego porz\u0105dku - NOTABENE.WORLD\",\"isPartOf\":{\"@id\":\"https:\\\/\\\/notabene.world\\\/nb\\\/#website\"},\"primaryImageOfPage\":{\"@id\":\"https:\\\/\\\/notabene.world\\\/nb\\\/walc-nowego-porzadku\\\/#primaryimage\"},\"image\":{\"@id\":\"https:\\\/\\\/notabene.world\\\/nb\\\/walc-nowego-porzadku\\\/#primaryimage\"},\"thumbnailUrl\":\"https:\\\/\\\/i0.wp.com\\\/notabene.world\\\/nb\\\/wp-content\\\/uploads\\\/2023\\\/02\\\/walc.jpg?fit=800%2C445&ssl=1\",\"datePublished\":\"2023-02-14T14:46:20+00:00\",\"dateModified\":\"2023-05-16T05:21:47+00:00\",\"breadcrumb\":{\"@id\":\"https:\\\/\\\/notabene.world\\\/nb\\\/walc-nowego-porzadku\\\/#breadcrumb\"},\"inLanguage\":\"pl-PL\",\"potentialAction\":[{\"@type\":\"ReadAction\",\"target\":[\"https:\\\/\\\/notabene.world\\\/nb\\\/walc-nowego-porzadku\\\/\"]}]},{\"@type\":\"ImageObject\",\"inLanguage\":\"pl-PL\",\"@id\":\"https:\\\/\\\/notabene.world\\\/nb\\\/walc-nowego-porzadku\\\/#primaryimage\",\"url\":\"https:\\\/\\\/i0.wp.com\\\/notabene.world\\\/nb\\\/wp-content\\\/uploads\\\/2023\\\/02\\\/walc.jpg?fit=800%2C445&ssl=1\",\"contentUrl\":\"https:\\\/\\\/i0.wp.com\\\/notabene.world\\\/nb\\\/wp-content\\\/uploads\\\/2023\\\/02\\\/walc.jpg?fit=800%2C445&ssl=1\",\"width\":800,\"height\":445},{\"@type\":\"BreadcrumbList\",\"@id\":\"https:\\\/\\\/notabene.world\\\/nb\\\/walc-nowego-porzadku\\\/#breadcrumb\",\"itemListElement\":[{\"@type\":\"ListItem\",\"position\":1,\"name\":\"Home\",\"item\":\"https:\\\/\\\/notabene.world\\\/nb\\\/\"},{\"@type\":\"ListItem\",\"position\":2,\"name\":\"Walc nowego porz\u0105dku\"}]},{\"@type\":\"WebSite\",\"@id\":\"https:\\\/\\\/notabene.world\\\/nb\\\/#website\",\"url\":\"https:\\\/\\\/notabene.world\\\/nb\\\/\",\"name\":\"NOTABENE.WORLD\",\"description\":\"Przekaz. Warto\u015bci. Wsp\u00f3lnota.\",\"publisher\":{\"@id\":\"https:\\\/\\\/notabene.world\\\/nb\\\/#organization\"},\"potentialAction\":[{\"@type\":\"SearchAction\",\"target\":{\"@type\":\"EntryPoint\",\"urlTemplate\":\"https:\\\/\\\/notabene.world\\\/nb\\\/?s={search_term_string}\"},\"query-input\":{\"@type\":\"PropertyValueSpecification\",\"valueRequired\":true,\"valueName\":\"search_term_string\"}}],\"inLanguage\":\"pl-PL\"},{\"@type\":\"Organization\",\"@id\":\"https:\\\/\\\/notabene.world\\\/nb\\\/#organization\",\"name\":\"NOTABENE.WORLD\",\"url\":\"https:\\\/\\\/notabene.world\\\/nb\\\/\",\"logo\":{\"@type\":\"ImageObject\",\"inLanguage\":\"pl-PL\",\"@id\":\"https:\\\/\\\/notabene.world\\\/nb\\\/#\\\/schema\\\/logo\\\/image\\\/\",\"url\":\"https:\\\/\\\/notabene.world\\\/nb\\\/wp-content\\\/uploads\\\/2022\\\/01\\\/NB-club-start-www1.jpg\",\"contentUrl\":\"https:\\\/\\\/notabene.world\\\/nb\\\/wp-content\\\/uploads\\\/2022\\\/01\\\/NB-club-start-www1.jpg\",\"width\":1000,\"height\":839,\"caption\":\"NOTABENE.WORLD\"},\"image\":{\"@id\":\"https:\\\/\\\/notabene.world\\\/nb\\\/#\\\/schema\\\/logo\\\/image\\\/\"},\"sameAs\":[\"https:\\\/\\\/www.facebook.com\\\/Notabene.World\"]},{\"@type\":\"Person\",\"@id\":\"https:\\\/\\\/notabene.world\\\/nb\\\/#\\\/schema\\\/person\\\/890c5cc2bd0337867802bcca5ee56dee\",\"name\":\"Julian Tarnowski\",\"image\":{\"@type\":\"ImageObject\",\"inLanguage\":\"pl-PL\",\"@id\":\"https:\\\/\\\/secure.gravatar.com\\\/avatar\\\/151c2da0993f25c9e553bfa30b4da86942b5a68cf934473be0bc4dc52284b95b?s=96&d=mm&r=g\",\"url\":\"https:\\\/\\\/secure.gravatar.com\\\/avatar\\\/151c2da0993f25c9e553bfa30b4da86942b5a68cf934473be0bc4dc52284b95b?s=96&d=mm&r=g\",\"contentUrl\":\"https:\\\/\\\/secure.gravatar.com\\\/avatar\\\/151c2da0993f25c9e553bfa30b4da86942b5a68cf934473be0bc4dc52284b95b?s=96&d=mm&r=g\",\"caption\":\"Julian Tarnowski\"},\"sameAs\":[\"https:\\\/\\\/www.facebook.com\\\/profile.php?id=100014087373140\",\"https:\\\/\\\/www.instagram.com\\\/tarnowskiofficial\\\/\",\"https:\\\/\\\/x.com\\\/JulianTarnowsk1\"],\"url\":\"https:\\\/\\\/notabene.world\\\/nb\\\/author\\\/julian\\\/\"}]}<\/script>\n<!-- \/ Yoast SEO plugin. -->","yoast_head_json":{"title":"Walc nowego porz\u0105dku - NOTABENE.WORLD","robots":{"index":"index","follow":"follow","max-snippet":"max-snippet:-1","max-image-preview":"max-image-preview:large","max-video-preview":"max-video-preview:-1"},"canonical":"https:\/\/notabene.world\/nb\/walc-nowego-porzadku\/","og_locale":"pl_PL","og_type":"article","og_title":"Walc nowego porz\u0105dku - NOTABENE.WORLD","og_description":"\"Walc po\u017cegnalny\" to kolejna powie\u015b\u0107 Kundery, z kt\u00f3r\u0105 mam styczno\u015b\u0107. Napisana po czesku w 1972 roku. Akcja rozgrywa si\u0119 w czechos\u0142owackiej plac\u00f3wce leczenia niep\u0142odno\u015bci. Zn\u00f3w pisarz raczy nas g\u0142\u0119bokimi portretami psychologicznymi bohater\u00f3w, przyjemnie prowadzon\u0105 narracj\u0105 i niezwykle delikatn\u0105 grotesk\u0105, dzi\u0119ki czemu fabu\u0142a nie zamienia si\u0119 w scenariusz kabaretu, wyst\u0119puj\u0105cego na \u015awi\u0119tokrzyskiej Nocy Kabaretowej.","og_url":"https:\/\/notabene.world\/nb\/walc-nowego-porzadku\/","og_site_name":"NOTABENE.WORLD","article_publisher":"https:\/\/www.facebook.com\/Notabene.World","article_author":"https:\/\/www.facebook.com\/profile.php?id=100014087373140","article_published_time":"2023-02-14T14:46:20+00:00","article_modified_time":"2023-05-16T05:21:47+00:00","og_image":[{"width":800,"height":445,"url":"https:\/\/notabene.world\/nb\/wp-content\/uploads\/2023\/02\/walc.jpg","type":"image\/jpeg"}],"author":"Julian Tarnowski","twitter_card":"summary_large_image","twitter_creator":"@JulianTarnowsk1","twitter_misc":{"Napisane przez":"Julian Tarnowski","Szacowany czas czytania":"2 minuty"},"schema":{"@context":"https:\/\/schema.org","@graph":[{"@type":"Article","@id":"https:\/\/notabene.world\/nb\/walc-nowego-porzadku\/#article","isPartOf":{"@id":"https:\/\/notabene.world\/nb\/walc-nowego-porzadku\/"},"author":{"name":"Julian Tarnowski","@id":"https:\/\/notabene.world\/nb\/#\/schema\/person\/890c5cc2bd0337867802bcca5ee56dee"},"headline":"Walc nowego porz\u0105dku","datePublished":"2023-02-14T14:46:20+00:00","dateModified":"2023-05-16T05:21:47+00:00","mainEntityOfPage":{"@id":"https:\/\/notabene.world\/nb\/walc-nowego-porzadku\/"},"wordCount":479,"publisher":{"@id":"https:\/\/notabene.world\/nb\/#organization"},"image":{"@id":"https:\/\/notabene.world\/nb\/walc-nowego-porzadku\/#primaryimage"},"thumbnailUrl":"https:\/\/i0.wp.com\/notabene.world\/nb\/wp-content\/uploads\/2023\/02\/walc.jpg?fit=800%2C445&ssl=1","articleSection":["Literatura","Sztuka"],"inLanguage":"pl-PL"},{"@type":"WebPage","@id":"https:\/\/notabene.world\/nb\/walc-nowego-porzadku\/","url":"https:\/\/notabene.world\/nb\/walc-nowego-porzadku\/","name":"Walc nowego porz\u0105dku - NOTABENE.WORLD","isPartOf":{"@id":"https:\/\/notabene.world\/nb\/#website"},"primaryImageOfPage":{"@id":"https:\/\/notabene.world\/nb\/walc-nowego-porzadku\/#primaryimage"},"image":{"@id":"https:\/\/notabene.world\/nb\/walc-nowego-porzadku\/#primaryimage"},"thumbnailUrl":"https:\/\/i0.wp.com\/notabene.world\/nb\/wp-content\/uploads\/2023\/02\/walc.jpg?fit=800%2C445&ssl=1","datePublished":"2023-02-14T14:46:20+00:00","dateModified":"2023-05-16T05:21:47+00:00","breadcrumb":{"@id":"https:\/\/notabene.world\/nb\/walc-nowego-porzadku\/#breadcrumb"},"inLanguage":"pl-PL","potentialAction":[{"@type":"ReadAction","target":["https:\/\/notabene.world\/nb\/walc-nowego-porzadku\/"]}]},{"@type":"ImageObject","inLanguage":"pl-PL","@id":"https:\/\/notabene.world\/nb\/walc-nowego-porzadku\/#primaryimage","url":"https:\/\/i0.wp.com\/notabene.world\/nb\/wp-content\/uploads\/2023\/02\/walc.jpg?fit=800%2C445&ssl=1","contentUrl":"https:\/\/i0.wp.com\/notabene.world\/nb\/wp-content\/uploads\/2023\/02\/walc.jpg?fit=800%2C445&ssl=1","width":800,"height":445},{"@type":"BreadcrumbList","@id":"https:\/\/notabene.world\/nb\/walc-nowego-porzadku\/#breadcrumb","itemListElement":[{"@type":"ListItem","position":1,"name":"Home","item":"https:\/\/notabene.world\/nb\/"},{"@type":"ListItem","position":2,"name":"Walc nowego porz\u0105dku"}]},{"@type":"WebSite","@id":"https:\/\/notabene.world\/nb\/#website","url":"https:\/\/notabene.world\/nb\/","name":"NOTABENE.WORLD","description":"Przekaz. Warto\u015bci. Wsp\u00f3lnota.","publisher":{"@id":"https:\/\/notabene.world\/nb\/#organization"},"potentialAction":[{"@type":"SearchAction","target":{"@type":"EntryPoint","urlTemplate":"https:\/\/notabene.world\/nb\/?s={search_term_string}"},"query-input":{"@type":"PropertyValueSpecification","valueRequired":true,"valueName":"search_term_string"}}],"inLanguage":"pl-PL"},{"@type":"Organization","@id":"https:\/\/notabene.world\/nb\/#organization","name":"NOTABENE.WORLD","url":"https:\/\/notabene.world\/nb\/","logo":{"@type":"ImageObject","inLanguage":"pl-PL","@id":"https:\/\/notabene.world\/nb\/#\/schema\/logo\/image\/","url":"https:\/\/notabene.world\/nb\/wp-content\/uploads\/2022\/01\/NB-club-start-www1.jpg","contentUrl":"https:\/\/notabene.world\/nb\/wp-content\/uploads\/2022\/01\/NB-club-start-www1.jpg","width":1000,"height":839,"caption":"NOTABENE.WORLD"},"image":{"@id":"https:\/\/notabene.world\/nb\/#\/schema\/logo\/image\/"},"sameAs":["https:\/\/www.facebook.com\/Notabene.World"]},{"@type":"Person","@id":"https:\/\/notabene.world\/nb\/#\/schema\/person\/890c5cc2bd0337867802bcca5ee56dee","name":"Julian Tarnowski","image":{"@type":"ImageObject","inLanguage":"pl-PL","@id":"https:\/\/secure.gravatar.com\/avatar\/151c2da0993f25c9e553bfa30b4da86942b5a68cf934473be0bc4dc52284b95b?s=96&d=mm&r=g","url":"https:\/\/secure.gravatar.com\/avatar\/151c2da0993f25c9e553bfa30b4da86942b5a68cf934473be0bc4dc52284b95b?s=96&d=mm&r=g","contentUrl":"https:\/\/secure.gravatar.com\/avatar\/151c2da0993f25c9e553bfa30b4da86942b5a68cf934473be0bc4dc52284b95b?s=96&d=mm&r=g","caption":"Julian Tarnowski"},"sameAs":["https:\/\/www.facebook.com\/profile.php?id=100014087373140","https:\/\/www.instagram.com\/tarnowskiofficial\/","https:\/\/x.com\/JulianTarnowsk1"],"url":"https:\/\/notabene.world\/nb\/author\/julian\/"}]}},"jetpack_featured_media_url":"https:\/\/i0.wp.com\/notabene.world\/nb\/wp-content\/uploads\/2023\/02\/walc.jpg?fit=800%2C445&ssl=1","jetpack_sharing_enabled":true,"jetpack_shortlink":"https:\/\/wp.me\/pdCobN-2jV","_links":{"self":[{"href":"https:\/\/notabene.world\/nb\/wp-json\/wp\/v2\/posts\/8923","targetHints":{"allow":["GET"]}}],"collection":[{"href":"https:\/\/notabene.world\/nb\/wp-json\/wp\/v2\/posts"}],"about":[{"href":"https:\/\/notabene.world\/nb\/wp-json\/wp\/v2\/types\/post"}],"author":[{"embeddable":true,"href":"https:\/\/notabene.world\/nb\/wp-json\/wp\/v2\/users\/6"}],"replies":[{"embeddable":true,"href":"https:\/\/notabene.world\/nb\/wp-json\/wp\/v2\/comments?post=8923"}],"version-history":[{"count":4,"href":"https:\/\/notabene.world\/nb\/wp-json\/wp\/v2\/posts\/8923\/revisions"}],"predecessor-version":[{"id":8935,"href":"https:\/\/notabene.world\/nb\/wp-json\/wp\/v2\/posts\/8923\/revisions\/8935"}],"wp:featuredmedia":[{"embeddable":true,"href":"https:\/\/notabene.world\/nb\/wp-json\/wp\/v2\/media\/8934"}],"wp:attachment":[{"href":"https:\/\/notabene.world\/nb\/wp-json\/wp\/v2\/media?parent=8923"}],"wp:term":[{"taxonomy":"category","embeddable":true,"href":"https:\/\/notabene.world\/nb\/wp-json\/wp\/v2\/categories?post=8923"},{"taxonomy":"post_tag","embeddable":true,"href":"https:\/\/notabene.world\/nb\/wp-json\/wp\/v2\/tags?post=8923"}],"curies":[{"name":"wp","href":"https:\/\/api.w.org\/{rel}","templated":true}]}}