{"id":8936,"date":"2023-02-16T18:54:16","date_gmt":"2023-02-16T17:54:16","guid":{"rendered":"https:\/\/notabene.world\/nb\/?p=8936"},"modified":"2023-02-22T08:10:59","modified_gmt":"2023-02-22T07:10:59","slug":"czy-jest-nam-potrzebne-zlo","status":"publish","type":"post","link":"https:\/\/notabene.world\/nb\/czy-jest-nam-potrzebne-zlo\/","title":{"rendered":"Czy jest nam potrzebne z\u0142o?"},"content":{"rendered":"\n<p>Codziennie rano idziemy do pracy lub szko\u0142y; wype\u0142niamy arkusze, piszemy sprawdziany, jemy, pijemy, podpisujemy druki i formularze. Zap\u0119tlamy si\u0119 tak samo, jak czas. Czy w drodze od domu do miejsca pracy znajdziemy dobro? Czy w tym ciasnym przej\u015bciu dostrze\u017cemy w por\u0119 z\u0142o?<\/p>\n\n\n\n<p>Camus jasno komunikuje nam w <em>D\u017cumie, <\/em>\u017ce nie. Mieszka\u0144cy Oranu zaczynaj\u0105 zauwa\u017ca\u0107 zaraz\u0119, gdy ta wdziera si\u0119 do ich przyzwyczaje\u0144. Epidemia pozbawia dost\u0119pu do sto\u0142u w ich biurze, nie pozwala spokojnie pojecha\u0107 tramwajem do wynajmowanej kawalerki, by chwil\u0119 p\u00f3\u017aniej odda\u0107 si\u0119 bezmy\u015blnemu wylegiwaniu na pla\u017cy lub graniu w karty przy butelce pysznego piwa. Z\u0142o zostaje zauwa\u017cone i przyj\u0119te z zaskoczeniem, mimo tego, \u017ce przecie\u017c pojawia si\u0119 w \u017cyciu cz\u0142owieka nie pierwszy raz. Ostrzega si\u0119 przed tym niebezpiecze\u0144stwem na lekcjach historii czy j\u0119zyka polskiego. Nie ma przecie\u017c na \u015bwiecie cz\u0142owieka, kt\u00f3ry nie wie, co to wojna. Dlaczego jednak wci\u0105\u017c przy\u0142apuje gatunek ludzki na gor\u0105cym uczynku?<\/p>\n\n\n\n<p>Gdy\u017c cz\u0142owiek jest s\u0142aby, podatny na podgryzaj\u0105cy nasze cia\u0142o czas. Nasz umys\u0142, nasz\u0105 pami\u0119\u0107 zamiata zimny wiatr zapomnienia. Zapominamy, co czyni nas zwierz\u0119tami, zajmujemy si\u0119 czym\u015b materialnym, namacalnym. Stajemy si\u0119 wtedy nieszcz\u0119\u015bliwym Syzyfem. Szcz\u0119\u015bliwy Syzyf, tak jak twierdzi Camus &#8211; zdaje sobie spraw\u0119 z w\u0142asnego tragizmu, kt\u00f3ry ci\u0105\u017cy nad naszym losem.  Bohater greckich poda\u0144 jest w stanie by\u0107 radosny, gdy u\u015bwiadomi sobie swe fatalne po\u0142o\u017cenie. Smutny za\u015b jest wtedy, kiedy oddaje si\u0119 d\u017awiganiu kamienia bezmy\u015blnie, zapominaj\u0105c si\u0119 w tej niezno\u015bnej czynno\u015bci. Na jego twarzy nie pojawia si\u0119 \u017caden grymas, k\u0105ciki ust nie podnosz\u0105 si\u0119, nawet na moment. Obywatele gminy Oran zatracili si\u0119 w swojej codzienno\u015bci i zauwa\u017cyli z\u0142o zbyt p\u00f3\u017ano. Gdyby zareagowali wcze\u015bniej, prawdopodobnie bakcyl d\u017cumy nie poci\u0105gn\u0105\u0142by do grobu tak wiele istnie\u0144. Jednak\u017ce \u015bmiem twierdzi\u0107, \u017ce zaraza by\u0142a nieunikniona i potrzebna. <\/p>\n\n\n\n<p>Nie da\u0142o si\u0119 jej unikn\u0105\u0107, gdy\u017c taki jest porz\u0105dek \u015bwiata &#8211; istnieje w nim z\u0142o. Jak wszyscy wiemy, porz\u0105dkowi \u015bwiata nie wolno si\u0119 sprzeciwia\u0107. Co istotniejsze jednak zaraza by\u0142a potrzebna, by wyci\u0105gn\u0105\u0107 ludzi z ciasnej przestrzeni \u017cyciowej; by\u0142a czarn\u0105 \u0142un\u0105 \u015bwiat\u0142a, kt\u00f3r\u0105 ka\u017cdy Syzyf dostrzeg\u0142 i na moment zatrzyma\u0142 si\u0119 i zwr\u00f3ci\u0142 na ni\u0105 uwag\u0119. Spowodowa\u0142o to zmian\u0119 w jego egzystencji, by\u0142a to chwila, gdy Syzyf wyrwa\u0142 si\u0119 ze swoich przyzwyczaje\u0144. Jeden kr\u00f3tki oddech pozwoli\u0142, by Syzyf m\u00f3g\u0142 otrz\u0105sn\u0105\u0107 si\u0119 ze swojego biologicznego uwarunkowania, jednocze\u015bnie staj\u0105c si\u0119 na ten moment z krwi i ko\u015bci cz\u0142owiekiem, tylko i wy\u0142\u0105cznie cz\u0142owiekiem. Na twarzy Syzyfa pojawia si\u0119 smutek, obrzydzenie, \u017cal. To w\u0142a\u015bnie r\u00f3\u017cni nas od zwierz\u0119cia &#8211; w chwilach trwogi czy wielkiej rado\u015bci, zatrzymujemy si\u0119 wszyscy, bez wyj\u0105tku i my\u015blimy. My\u015blimy, rozwa\u017camy, dzia\u0142amy. Prosz\u0119 spojrze\u0107, jak z doktora Reux, ojca Panelouxa, czy Ramberta (pr\u0119dzej czy p\u00f3\u017aniej) wylewa si\u0119 g\u0142\u0119boki humanizm. <\/p>\n\n\n\n<p>W chwilach takich jak d\u017cuma wychodzimy z ko\u0142a, ciasnego okr\u0119gu rutynowej codzienno\u015bci. Zmieniamy swe przyzwyczajenia, dzia\u0142amy w imi\u0119 idei. Stajemy si\u0119 czym\u015b wi\u0119cej, ni\u017c zwierz\u0119ciem, kt\u00f3rego celem \u017cycia jest to, by prze\u017cy\u0107. Potrzebujemy dobra, jednak bez z\u0142a nie znajdziemy go nigdzie. Szczeg\u00f3lnie w ciasnocie mi\u0119dzy domem a prac\u0105. Niestety, \u015bwiat zmierza w kierunku, kt\u00f3ry nie podoba mi si\u0119. Zacieraj\u0105 si\u0119 r\u00f3\u017cnice, wszystko staje si\u0119 powszechne, normalne. Wsta\u0107 o tej samej godzinie, i\u015b\u0107 do tej samej pracy, by uzupe\u0142nia\u0107 w niej te same formularze. Poszerzamy wi\u0119c nieco okr\u0119g i to na pierwszy rzut oka dobry pomys\u0142 &#8211; jednak zapominamy o tym, \u017ce niewa\u017cne, jak powi\u0119kszymy t\u0119 przestrze\u0144, nigdy nie b\u0119dzie mia\u0142o tam wst\u0119pu ani dobro, ani z\u0142o. <\/p>\n","protected":false},"excerpt":{"rendered":"<p>Codziennie rano idziemy do pracy lub szko\u0142y; wype\u0142niamy arkusze, piszemy sprawdziany, jemy, pijemy, podpisujemy druki i formularze. Zap\u0119tlamy si\u0119 tak samo, jak czas. Czy w drodze od domu do miejsca pracy znajdziemy dobro? Czy w tym ciasnym przej\u015bciu dostrze\u017cemy w por\u0119 z\u0142o?<\/p>\n<p>Camus jasno komunikuje nam w D\u017cumie, \u017ce nie. Mieszka\u0144cy Oranu zaczynaj\u0105 zauwa\u017ca\u0107 zaraz\u0119, gdy ta wdziera si\u0119 do ich przyzwyczaje\u0144. <\/p>\n","protected":false},"author":6,"featured_media":8941,"comment_status":"closed","ping_status":"closed","sticky":false,"template":"","format":"standard","meta":{"colormag_page_container_layout":"default_layout","colormag_page_sidebar_layout":"default_layout","_jetpack_memberships_contains_paid_content":false,"footnotes":"","_links_to":"","_links_to_target":""},"categories":[64,6,39],"tags":[217,79,52,72,55],"class_list":["post-8936","post","type-post","status-publish","format-standard","has-post-thumbnail","hentry","category-aktualnosci","category-kultura","category-literatura","tag-esej","tag-historia","tag-kultura","tag-literatura","tag-spoleczenstwo"],"yoast_head":"<!-- This site is optimized with the Yoast SEO plugin v27.5 - https:\/\/yoast.com\/product\/yoast-seo-wordpress\/ -->\n<title>Czy jest nam potrzebne z\u0142o? - NOTABENE.WORLD<\/title>\n<meta name=\"robots\" content=\"index, follow, max-snippet:-1, max-image-preview:large, max-video-preview:-1\" \/>\n<link rel=\"canonical\" href=\"https:\/\/notabene.world\/nb\/czy-jest-nam-potrzebne-zlo\/\" \/>\n<meta property=\"og:locale\" content=\"pl_PL\" \/>\n<meta property=\"og:type\" content=\"article\" \/>\n<meta property=\"og:title\" content=\"Czy jest nam potrzebne z\u0142o? - NOTABENE.WORLD\" \/>\n<meta property=\"og:description\" content=\"Codziennie rano idziemy do pracy lub szko\u0142y; wype\u0142niamy arkusze, piszemy sprawdziany, jemy, pijemy, podpisujemy druki i formularze. Zap\u0119tlamy si\u0119 tak samo, jak czas. Czy w drodze od domu do miejsca pracy znajdziemy dobro? Czy w tym ciasnym przej\u015bciu dostrze\u017cemy w por\u0119 z\u0142o? Camus jasno komunikuje nam w D\u017cumie, \u017ce nie. Mieszka\u0144cy Oranu zaczynaj\u0105 zauwa\u017ca\u0107 zaraz\u0119, gdy ta wdziera si\u0119 do ich przyzwyczaje\u0144.\" \/>\n<meta property=\"og:url\" content=\"https:\/\/notabene.world\/nb\/czy-jest-nam-potrzebne-zlo\/\" \/>\n<meta property=\"og:site_name\" content=\"NOTABENE.WORLD\" \/>\n<meta property=\"article:publisher\" content=\"https:\/\/www.facebook.com\/Notabene.World\" \/>\n<meta property=\"article:author\" content=\"https:\/\/www.facebook.com\/profile.php?id=100014087373140\" \/>\n<meta property=\"article:published_time\" content=\"2023-02-16T17:54:16+00:00\" \/>\n<meta property=\"article:modified_time\" content=\"2023-02-22T07:10:59+00:00\" \/>\n<meta property=\"og:image\" content=\"https:\/\/notabene.world\/nb\/wp-content\/uploads\/2023\/02\/cam.jpg\" \/>\n\t<meta property=\"og:image:width\" content=\"800\" \/>\n\t<meta property=\"og:image:height\" content=\"445\" \/>\n\t<meta property=\"og:image:type\" content=\"image\/jpeg\" \/>\n<meta name=\"author\" content=\"Julian Tarnowski\" \/>\n<meta name=\"twitter:card\" content=\"summary_large_image\" \/>\n<meta name=\"twitter:creator\" content=\"@JulianTarnowsk1\" \/>\n<meta name=\"twitter:label1\" content=\"Napisane przez\" \/>\n\t<meta name=\"twitter:data1\" content=\"Julian Tarnowski\" \/>\n\t<meta name=\"twitter:label2\" content=\"Szacowany czas czytania\" \/>\n\t<meta name=\"twitter:data2\" content=\"3 minuty\" \/>\n<script type=\"application\/ld+json\" class=\"yoast-schema-graph\">{\"@context\":\"https:\\\/\\\/schema.org\",\"@graph\":[{\"@type\":\"Article\",\"@id\":\"https:\\\/\\\/notabene.world\\\/nb\\\/czy-jest-nam-potrzebne-zlo\\\/#article\",\"isPartOf\":{\"@id\":\"https:\\\/\\\/notabene.world\\\/nb\\\/czy-jest-nam-potrzebne-zlo\\\/\"},\"author\":{\"name\":\"Julian Tarnowski\",\"@id\":\"https:\\\/\\\/notabene.world\\\/nb\\\/#\\\/schema\\\/person\\\/890c5cc2bd0337867802bcca5ee56dee\"},\"headline\":\"Czy jest nam potrzebne z\u0142o?\",\"datePublished\":\"2023-02-16T17:54:16+00:00\",\"dateModified\":\"2023-02-22T07:10:59+00:00\",\"mainEntityOfPage\":{\"@id\":\"https:\\\/\\\/notabene.world\\\/nb\\\/czy-jest-nam-potrzebne-zlo\\\/\"},\"wordCount\":658,\"publisher\":{\"@id\":\"https:\\\/\\\/notabene.world\\\/nb\\\/#organization\"},\"image\":{\"@id\":\"https:\\\/\\\/notabene.world\\\/nb\\\/czy-jest-nam-potrzebne-zlo\\\/#primaryimage\"},\"thumbnailUrl\":\"https:\\\/\\\/i0.wp.com\\\/notabene.world\\\/nb\\\/wp-content\\\/uploads\\\/2023\\\/02\\\/cam.jpg?fit=800%2C445&ssl=1\",\"keywords\":[\"#esej\",\"#historia\",\"#kultura\",\"#literatura\",\"#spo\u0142ecze\u0144stwo\"],\"articleSection\":[\"Aktualno\u015bci\",\"Kultura\",\"Literatura\"],\"inLanguage\":\"pl-PL\"},{\"@type\":\"WebPage\",\"@id\":\"https:\\\/\\\/notabene.world\\\/nb\\\/czy-jest-nam-potrzebne-zlo\\\/\",\"url\":\"https:\\\/\\\/notabene.world\\\/nb\\\/czy-jest-nam-potrzebne-zlo\\\/\",\"name\":\"Czy jest nam potrzebne z\u0142o? - NOTABENE.WORLD\",\"isPartOf\":{\"@id\":\"https:\\\/\\\/notabene.world\\\/nb\\\/#website\"},\"primaryImageOfPage\":{\"@id\":\"https:\\\/\\\/notabene.world\\\/nb\\\/czy-jest-nam-potrzebne-zlo\\\/#primaryimage\"},\"image\":{\"@id\":\"https:\\\/\\\/notabene.world\\\/nb\\\/czy-jest-nam-potrzebne-zlo\\\/#primaryimage\"},\"thumbnailUrl\":\"https:\\\/\\\/i0.wp.com\\\/notabene.world\\\/nb\\\/wp-content\\\/uploads\\\/2023\\\/02\\\/cam.jpg?fit=800%2C445&ssl=1\",\"datePublished\":\"2023-02-16T17:54:16+00:00\",\"dateModified\":\"2023-02-22T07:10:59+00:00\",\"breadcrumb\":{\"@id\":\"https:\\\/\\\/notabene.world\\\/nb\\\/czy-jest-nam-potrzebne-zlo\\\/#breadcrumb\"},\"inLanguage\":\"pl-PL\",\"potentialAction\":[{\"@type\":\"ReadAction\",\"target\":[\"https:\\\/\\\/notabene.world\\\/nb\\\/czy-jest-nam-potrzebne-zlo\\\/\"]}]},{\"@type\":\"ImageObject\",\"inLanguage\":\"pl-PL\",\"@id\":\"https:\\\/\\\/notabene.world\\\/nb\\\/czy-jest-nam-potrzebne-zlo\\\/#primaryimage\",\"url\":\"https:\\\/\\\/i0.wp.com\\\/notabene.world\\\/nb\\\/wp-content\\\/uploads\\\/2023\\\/02\\\/cam.jpg?fit=800%2C445&ssl=1\",\"contentUrl\":\"https:\\\/\\\/i0.wp.com\\\/notabene.world\\\/nb\\\/wp-content\\\/uploads\\\/2023\\\/02\\\/cam.jpg?fit=800%2C445&ssl=1\",\"width\":800,\"height\":445},{\"@type\":\"BreadcrumbList\",\"@id\":\"https:\\\/\\\/notabene.world\\\/nb\\\/czy-jest-nam-potrzebne-zlo\\\/#breadcrumb\",\"itemListElement\":[{\"@type\":\"ListItem\",\"position\":1,\"name\":\"Home\",\"item\":\"https:\\\/\\\/notabene.world\\\/nb\\\/\"},{\"@type\":\"ListItem\",\"position\":2,\"name\":\"Czy jest nam potrzebne z\u0142o?\"}]},{\"@type\":\"WebSite\",\"@id\":\"https:\\\/\\\/notabene.world\\\/nb\\\/#website\",\"url\":\"https:\\\/\\\/notabene.world\\\/nb\\\/\",\"name\":\"NOTABENE.WORLD\",\"description\":\"Przekaz. Warto\u015bci. Wsp\u00f3lnota.\",\"publisher\":{\"@id\":\"https:\\\/\\\/notabene.world\\\/nb\\\/#organization\"},\"potentialAction\":[{\"@type\":\"SearchAction\",\"target\":{\"@type\":\"EntryPoint\",\"urlTemplate\":\"https:\\\/\\\/notabene.world\\\/nb\\\/?s={search_term_string}\"},\"query-input\":{\"@type\":\"PropertyValueSpecification\",\"valueRequired\":true,\"valueName\":\"search_term_string\"}}],\"inLanguage\":\"pl-PL\"},{\"@type\":\"Organization\",\"@id\":\"https:\\\/\\\/notabene.world\\\/nb\\\/#organization\",\"name\":\"NOTABENE.WORLD\",\"url\":\"https:\\\/\\\/notabene.world\\\/nb\\\/\",\"logo\":{\"@type\":\"ImageObject\",\"inLanguage\":\"pl-PL\",\"@id\":\"https:\\\/\\\/notabene.world\\\/nb\\\/#\\\/schema\\\/logo\\\/image\\\/\",\"url\":\"https:\\\/\\\/notabene.world\\\/nb\\\/wp-content\\\/uploads\\\/2022\\\/01\\\/NB-club-start-www1.jpg\",\"contentUrl\":\"https:\\\/\\\/notabene.world\\\/nb\\\/wp-content\\\/uploads\\\/2022\\\/01\\\/NB-club-start-www1.jpg\",\"width\":1000,\"height\":839,\"caption\":\"NOTABENE.WORLD\"},\"image\":{\"@id\":\"https:\\\/\\\/notabene.world\\\/nb\\\/#\\\/schema\\\/logo\\\/image\\\/\"},\"sameAs\":[\"https:\\\/\\\/www.facebook.com\\\/Notabene.World\"]},{\"@type\":\"Person\",\"@id\":\"https:\\\/\\\/notabene.world\\\/nb\\\/#\\\/schema\\\/person\\\/890c5cc2bd0337867802bcca5ee56dee\",\"name\":\"Julian Tarnowski\",\"image\":{\"@type\":\"ImageObject\",\"inLanguage\":\"pl-PL\",\"@id\":\"https:\\\/\\\/secure.gravatar.com\\\/avatar\\\/151c2da0993f25c9e553bfa30b4da86942b5a68cf934473be0bc4dc52284b95b?s=96&d=mm&r=g\",\"url\":\"https:\\\/\\\/secure.gravatar.com\\\/avatar\\\/151c2da0993f25c9e553bfa30b4da86942b5a68cf934473be0bc4dc52284b95b?s=96&d=mm&r=g\",\"contentUrl\":\"https:\\\/\\\/secure.gravatar.com\\\/avatar\\\/151c2da0993f25c9e553bfa30b4da86942b5a68cf934473be0bc4dc52284b95b?s=96&d=mm&r=g\",\"caption\":\"Julian Tarnowski\"},\"sameAs\":[\"https:\\\/\\\/www.facebook.com\\\/profile.php?id=100014087373140\",\"https:\\\/\\\/www.instagram.com\\\/tarnowskiofficial\\\/\",\"https:\\\/\\\/x.com\\\/JulianTarnowsk1\"],\"url\":\"https:\\\/\\\/notabene.world\\\/nb\\\/author\\\/julian\\\/\"}]}<\/script>\n<!-- \/ Yoast SEO plugin. -->","yoast_head_json":{"title":"Czy jest nam potrzebne z\u0142o? - NOTABENE.WORLD","robots":{"index":"index","follow":"follow","max-snippet":"max-snippet:-1","max-image-preview":"max-image-preview:large","max-video-preview":"max-video-preview:-1"},"canonical":"https:\/\/notabene.world\/nb\/czy-jest-nam-potrzebne-zlo\/","og_locale":"pl_PL","og_type":"article","og_title":"Czy jest nam potrzebne z\u0142o? - NOTABENE.WORLD","og_description":"Codziennie rano idziemy do pracy lub szko\u0142y; wype\u0142niamy arkusze, piszemy sprawdziany, jemy, pijemy, podpisujemy druki i formularze. Zap\u0119tlamy si\u0119 tak samo, jak czas. Czy w drodze od domu do miejsca pracy znajdziemy dobro? Czy w tym ciasnym przej\u015bciu dostrze\u017cemy w por\u0119 z\u0142o? Camus jasno komunikuje nam w D\u017cumie, \u017ce nie. Mieszka\u0144cy Oranu zaczynaj\u0105 zauwa\u017ca\u0107 zaraz\u0119, gdy ta wdziera si\u0119 do ich przyzwyczaje\u0144.","og_url":"https:\/\/notabene.world\/nb\/czy-jest-nam-potrzebne-zlo\/","og_site_name":"NOTABENE.WORLD","article_publisher":"https:\/\/www.facebook.com\/Notabene.World","article_author":"https:\/\/www.facebook.com\/profile.php?id=100014087373140","article_published_time":"2023-02-16T17:54:16+00:00","article_modified_time":"2023-02-22T07:10:59+00:00","og_image":[{"width":800,"height":445,"url":"https:\/\/notabene.world\/nb\/wp-content\/uploads\/2023\/02\/cam.jpg","type":"image\/jpeg"}],"author":"Julian Tarnowski","twitter_card":"summary_large_image","twitter_creator":"@JulianTarnowsk1","twitter_misc":{"Napisane przez":"Julian Tarnowski","Szacowany czas czytania":"3 minuty"},"schema":{"@context":"https:\/\/schema.org","@graph":[{"@type":"Article","@id":"https:\/\/notabene.world\/nb\/czy-jest-nam-potrzebne-zlo\/#article","isPartOf":{"@id":"https:\/\/notabene.world\/nb\/czy-jest-nam-potrzebne-zlo\/"},"author":{"name":"Julian Tarnowski","@id":"https:\/\/notabene.world\/nb\/#\/schema\/person\/890c5cc2bd0337867802bcca5ee56dee"},"headline":"Czy jest nam potrzebne z\u0142o?","datePublished":"2023-02-16T17:54:16+00:00","dateModified":"2023-02-22T07:10:59+00:00","mainEntityOfPage":{"@id":"https:\/\/notabene.world\/nb\/czy-jest-nam-potrzebne-zlo\/"},"wordCount":658,"publisher":{"@id":"https:\/\/notabene.world\/nb\/#organization"},"image":{"@id":"https:\/\/notabene.world\/nb\/czy-jest-nam-potrzebne-zlo\/#primaryimage"},"thumbnailUrl":"https:\/\/i0.wp.com\/notabene.world\/nb\/wp-content\/uploads\/2023\/02\/cam.jpg?fit=800%2C445&ssl=1","keywords":["#esej","#historia","#kultura","#literatura","#spo\u0142ecze\u0144stwo"],"articleSection":["Aktualno\u015bci","Kultura","Literatura"],"inLanguage":"pl-PL"},{"@type":"WebPage","@id":"https:\/\/notabene.world\/nb\/czy-jest-nam-potrzebne-zlo\/","url":"https:\/\/notabene.world\/nb\/czy-jest-nam-potrzebne-zlo\/","name":"Czy jest nam potrzebne z\u0142o? - NOTABENE.WORLD","isPartOf":{"@id":"https:\/\/notabene.world\/nb\/#website"},"primaryImageOfPage":{"@id":"https:\/\/notabene.world\/nb\/czy-jest-nam-potrzebne-zlo\/#primaryimage"},"image":{"@id":"https:\/\/notabene.world\/nb\/czy-jest-nam-potrzebne-zlo\/#primaryimage"},"thumbnailUrl":"https:\/\/i0.wp.com\/notabene.world\/nb\/wp-content\/uploads\/2023\/02\/cam.jpg?fit=800%2C445&ssl=1","datePublished":"2023-02-16T17:54:16+00:00","dateModified":"2023-02-22T07:10:59+00:00","breadcrumb":{"@id":"https:\/\/notabene.world\/nb\/czy-jest-nam-potrzebne-zlo\/#breadcrumb"},"inLanguage":"pl-PL","potentialAction":[{"@type":"ReadAction","target":["https:\/\/notabene.world\/nb\/czy-jest-nam-potrzebne-zlo\/"]}]},{"@type":"ImageObject","inLanguage":"pl-PL","@id":"https:\/\/notabene.world\/nb\/czy-jest-nam-potrzebne-zlo\/#primaryimage","url":"https:\/\/i0.wp.com\/notabene.world\/nb\/wp-content\/uploads\/2023\/02\/cam.jpg?fit=800%2C445&ssl=1","contentUrl":"https:\/\/i0.wp.com\/notabene.world\/nb\/wp-content\/uploads\/2023\/02\/cam.jpg?fit=800%2C445&ssl=1","width":800,"height":445},{"@type":"BreadcrumbList","@id":"https:\/\/notabene.world\/nb\/czy-jest-nam-potrzebne-zlo\/#breadcrumb","itemListElement":[{"@type":"ListItem","position":1,"name":"Home","item":"https:\/\/notabene.world\/nb\/"},{"@type":"ListItem","position":2,"name":"Czy jest nam potrzebne z\u0142o?"}]},{"@type":"WebSite","@id":"https:\/\/notabene.world\/nb\/#website","url":"https:\/\/notabene.world\/nb\/","name":"NOTABENE.WORLD","description":"Przekaz. Warto\u015bci. Wsp\u00f3lnota.","publisher":{"@id":"https:\/\/notabene.world\/nb\/#organization"},"potentialAction":[{"@type":"SearchAction","target":{"@type":"EntryPoint","urlTemplate":"https:\/\/notabene.world\/nb\/?s={search_term_string}"},"query-input":{"@type":"PropertyValueSpecification","valueRequired":true,"valueName":"search_term_string"}}],"inLanguage":"pl-PL"},{"@type":"Organization","@id":"https:\/\/notabene.world\/nb\/#organization","name":"NOTABENE.WORLD","url":"https:\/\/notabene.world\/nb\/","logo":{"@type":"ImageObject","inLanguage":"pl-PL","@id":"https:\/\/notabene.world\/nb\/#\/schema\/logo\/image\/","url":"https:\/\/notabene.world\/nb\/wp-content\/uploads\/2022\/01\/NB-club-start-www1.jpg","contentUrl":"https:\/\/notabene.world\/nb\/wp-content\/uploads\/2022\/01\/NB-club-start-www1.jpg","width":1000,"height":839,"caption":"NOTABENE.WORLD"},"image":{"@id":"https:\/\/notabene.world\/nb\/#\/schema\/logo\/image\/"},"sameAs":["https:\/\/www.facebook.com\/Notabene.World"]},{"@type":"Person","@id":"https:\/\/notabene.world\/nb\/#\/schema\/person\/890c5cc2bd0337867802bcca5ee56dee","name":"Julian Tarnowski","image":{"@type":"ImageObject","inLanguage":"pl-PL","@id":"https:\/\/secure.gravatar.com\/avatar\/151c2da0993f25c9e553bfa30b4da86942b5a68cf934473be0bc4dc52284b95b?s=96&d=mm&r=g","url":"https:\/\/secure.gravatar.com\/avatar\/151c2da0993f25c9e553bfa30b4da86942b5a68cf934473be0bc4dc52284b95b?s=96&d=mm&r=g","contentUrl":"https:\/\/secure.gravatar.com\/avatar\/151c2da0993f25c9e553bfa30b4da86942b5a68cf934473be0bc4dc52284b95b?s=96&d=mm&r=g","caption":"Julian Tarnowski"},"sameAs":["https:\/\/www.facebook.com\/profile.php?id=100014087373140","https:\/\/www.instagram.com\/tarnowskiofficial\/","https:\/\/x.com\/JulianTarnowsk1"],"url":"https:\/\/notabene.world\/nb\/author\/julian\/"}]}},"jetpack_featured_media_url":"https:\/\/i0.wp.com\/notabene.world\/nb\/wp-content\/uploads\/2023\/02\/cam.jpg?fit=800%2C445&ssl=1","jetpack_sharing_enabled":true,"jetpack_shortlink":"https:\/\/wp.me\/pdCobN-2k8","_links":{"self":[{"href":"https:\/\/notabene.world\/nb\/wp-json\/wp\/v2\/posts\/8936","targetHints":{"allow":["GET"]}}],"collection":[{"href":"https:\/\/notabene.world\/nb\/wp-json\/wp\/v2\/posts"}],"about":[{"href":"https:\/\/notabene.world\/nb\/wp-json\/wp\/v2\/types\/post"}],"author":[{"embeddable":true,"href":"https:\/\/notabene.world\/nb\/wp-json\/wp\/v2\/users\/6"}],"replies":[{"embeddable":true,"href":"https:\/\/notabene.world\/nb\/wp-json\/wp\/v2\/comments?post=8936"}],"version-history":[{"count":3,"href":"https:\/\/notabene.world\/nb\/wp-json\/wp\/v2\/posts\/8936\/revisions"}],"predecessor-version":[{"id":8940,"href":"https:\/\/notabene.world\/nb\/wp-json\/wp\/v2\/posts\/8936\/revisions\/8940"}],"wp:featuredmedia":[{"embeddable":true,"href":"https:\/\/notabene.world\/nb\/wp-json\/wp\/v2\/media\/8941"}],"wp:attachment":[{"href":"https:\/\/notabene.world\/nb\/wp-json\/wp\/v2\/media?parent=8936"}],"wp:term":[{"taxonomy":"category","embeddable":true,"href":"https:\/\/notabene.world\/nb\/wp-json\/wp\/v2\/categories?post=8936"},{"taxonomy":"post_tag","embeddable":true,"href":"https:\/\/notabene.world\/nb\/wp-json\/wp\/v2\/tags?post=8936"}],"curies":[{"name":"wp","href":"https:\/\/api.w.org\/{rel}","templated":true}]}}