{"id":894,"date":"2025-06-21T04:48:29","date_gmt":"2025-06-21T02:48:29","guid":{"rendered":"https:\/\/notabene.world\/nb\/?p=894"},"modified":"2025-07-11T02:19:23","modified_gmt":"2025-07-11T00:19:23","slug":"sen-emigranta","status":"publish","type":"post","link":"https:\/\/notabene.world\/nb\/sen-emigranta\/","title":{"rendered":"\u015awi\u0119toja\u0144ski sen emigranta"},"content":{"rendered":"\n<p class=\"has-drop-cap\">W mojej ma\u0142ej wsi ci\u0105gle mi si\u0119 \u015bni, aby cho\u0107 na chwil\u0119 sta\u0107 si\u0119&#8230; frywolnym motylem, skacz\u0105cym z kwiatka na kwiatek tak, by nie drgn\u0105\u0142 na\u0144 ani jeden p\u0142atek&#8230; Marzy mi si\u0119 sielanka od zmierzchu a\u017c do poranka. A potem, gdy ju\u017c obudz\u0119 si\u0119 rano, niech znowu porwie m\u0105 dusz\u0119 pogmatwan\u0105 \u00f3w wiatr wyobra\u017ani, co to z amanta momentalnie czyni emigranta. Na nowo. Ech, Jolka, Jolka \u2013 jak Ty ju\u017c nic nie pami\u0119tasz. Gdzie te pag\u00f3rki le\u015bne? Gdzie te \u0142\u0105ki zielone? Gdzie one s\u0105? Cho\u0107by od \u015bwi\u0119ta. Ta noc przekl\u0119ta po prostu jest, bo p\u0142acze deszczem. Co jeszcze? Tu\u00a0<em>Piasek,<\/em>\u00a0tam\u00a0<em>Wilki<\/em>\u00a0goni\u0105 Ba\u015bk\u0119, co mia\u0142a fajny biust,&#8230; Monia te\u017c by\u0142a OK, ale najwa\u017cniejsza przecie\u017c jest Iza, kt\u00f3rej wiele mog\u0142em da\u0107&#8230; Wszystkie oczywi\u015bcie <em>pi\u0119kne, jak okr\u0119t pod pe\u0142nymi \u017caglami&#8230;<\/em><\/p>\n\n\n\n<p>Jak wr\u00f3ci\u0107 do swojego kraju po trzydziestu paru latach? Czy to w og\u00f3le mo\u017cliwe? Ulegam fantasmagorycznej iluzji, \u017ce ja naprawd\u0119 jestem st\u0105d, bo czuj\u0119, \u017ce st\u0105d jest ma dusza. S\u0142owia\u0144ska i bezpa\u0144ska, poobijana do&nbsp;<em>granic<\/em> wytrzyma\u0142o\u015bci, a tu jeszcze nagle zrobi\u0142o si\u0119&nbsp;<em>keine Grenzen.&nbsp;<\/em>Strach. Rozk\u0142adam zatem r\u0119ce niczym do modlitwy, zamiast je sk\u0142ada\u0107, i za g\u0142ow\u0119 si\u0119 \u0142api\u0119. Instynktownie sprawdzam te\u017c sko\u0142atane serce.<\/p>\n\n\n\n<p>W t\u0119 \u015bwi\u0119toja\u0144sk\u0105 noc z pomoc\u0105 przychodzi nam znienacka boski Jan Kochanowski. Ten sam. Rozpalamy wsp\u00f3lnie sob\u00f3tk\u0119 a potem do bia\u0142ego rana z <a href=\"https:\/\/pl.wikipedia.org\/wiki\/Terpsychora_(muza)\" target=\"_blank\" rel=\"noreferrer noopener\">Terpsychor\u0105 <\/a>ta\u0144czymy non-stop na przemian sals\u0119 i krakowiaka. Letnie przesilenie S\u0142o\u0144ca niew\u0105tpliwie przybli\u017ca nas do natury bardziej ni\u017c kiedykolwiek. Wianki, ta\u0144ce, hulanki, swawole. Obowi\u0105zkowo skaczemy przez ogie\u0144, wbrew demonicznym przestrogom rzucamy si\u0119 w otch\u0142a\u0144 nieznan\u0105, po czym w ciemnym borze desperacko szukamy perunowego kwiatu, kwiatu paproci albo na przyk\u0142ad czterolistnej koniczyny? Mo\u017ce tym razem si\u0119 uda i nie znikn\u0105 one w okamgnieniu i zostan\u0105 z nami na zawsze. Ale \u0142atwo nie jest. Nic z tego. Ka\u017cdy sen kiedy\u015b si\u0119&nbsp;&nbsp;ko\u0144czy, a nad ranem emigrujemy wci\u0105\u017c dalej i dalej, i dalej&#8230;<\/p>\n\n\n\n<p>Jest chyba w ka\u017cdym z nas t\u0119sknota za idealn\u0105, utopijn\u0105 krain\u0105, tak\u0105 sob\u00f3tkow\u0105&nbsp;<em>wsi\u0105 spokojn\u0105, wsi\u0105 weso\u0142\u0105,&nbsp;<\/em><a href=\"https:\/\/pl.wikipedia.org\/wiki\/Arkadia_(symbol)\" target=\"_blank\" rel=\"noreferrer noopener\">mityczn\u0105 Arkadi\u0105,<\/a>&nbsp;<em><a href=\"https:\/\/pl.wikipedia.org\/wiki\/Dolina_Issy_(powie%C5%9B%C4%87)\" target=\"_blank\" rel=\"noreferrer noopener\">Dolin\u0105 Issy,<\/a>&nbsp;<\/em>za utraconym rajem dzieci\u0144stwa, miejscem, w kt\u00f3rym panuje spok\u00f3j, harmonia, i kt\u00f3re nie poddawa\u0142oby si\u0119 ostatecznym prawom przemijania. Niech dane nam b\u0119dzie przynajmniej pomarzy\u0107&#8230;&nbsp;<\/p>\n\n\n\n<p>Niestety sen emigranta to do\u015bwiadczenie zupe\u0142nie nierzeczywiste, jakby z pogranicza \u017cycia i \u015bmierci. Bruno Schulz powiedzia\u0142by zapewne, i\u017c w gruncie rzeczy ma ono smak i zapach <a href=\"https:\/\/pl.wikipedia.org\/wiki\/Sklepy_cynamonowe\" target=\"_blank\" rel=\"noreferrer noopener\">cynamonu.<\/a> \u015awiat widziany oczami dziecka wyra\u017anie r\u00f3\u017cni si\u0119 jednak od tego, w jakim przychodzi nam \u017cy\u0107 tu i teraz.<\/p>\n","protected":false},"excerpt":{"rendered":"<p>W mojej ma\u0142ej wsi ci\u0105gle mi si\u0119 \u015bni, aby cho\u0107 na chwil\u0119 sta\u0107 si\u0119&#8230; frywolnym motylem, skacz\u0105cym z kwiatka na kwiatek tak, by nie drgn\u0105\u0142 na\u0144 ani jeden p\u0142atek&#8230;<br \/>\n<br \/>\nMarzy mi si\u0119 sielanka od zmierzchu a\u017c do poranka. A potem, gdy ju\u017c obudz\u0119 si\u0119 rano, niech znowu porwie m\u0105 dusz\u0119 pogmatwan\u0105 \u00f3w wiatr wyobra\u017ani, co to z amanta momentalnie czyni emigranta. Na nowo. Ech, Jolka, Jolka \u2013 jak Ty ju\u017c nic nie pami\u0119tasz. Gdzie te pag\u00f3rki le\u015bne? Gdzie te \u0142\u0105ki zielone? Gdzie one s\u0105? Cho\u0107by od \u015bwi\u0119ta. Ta noc przekl\u0119ta po prostu jest, bo p\u0142acze deszczem. Co jeszcze? Tu\u00a0Piasek,\u00a0tam\u00a0Wilki\u00a0goni\u0105 Ba\u015bk\u0119, co mia\u0142a fajny biust, ale najwa\u017cniejsza przecie\u017c jest Ka\u015bka, z kt\u00f3r\u0105 mo\u017cna by\u0142o konie kra\u015b\u0107&#8230;<br \/>\n<br \/>\nJak wr\u00f3ci\u0107 do swojego kraju po trzydziestu paru latach? Czy to w og\u00f3le mo\u017cliwe? Ulegam fantasmagorycznej iluzji, \u017ce ja naprawd\u0119 jestem st\u0105d, bo czuj\u0119, \u017ce st\u0105d jest ma dusza. S\u0142owia\u0144ska i bezpa\u0144ska, poobijana do\u00a0granic wytrzyma\u0142o\u015bci, a tu jeszcze nagle zrobi\u0142o si\u0119\u00a0keine Grenzen.\u00a0Strach&#8230;<br \/>\n<br \/>\nJest chyba w ka\u017cdym z nas t\u0119sknota za idealn\u0105, utopijn\u0105 krain\u0105, tak\u0105 sob\u00f3tkow\u0105\u00a0wsi\u0105 spokojn\u0105, wsi\u0105 weso\u0142\u0105,\u00a0mityczn\u0105 Arkadi\u0105,\u00a0Dolin\u0105 Issy,\u00a0za utraconym rajem dzieci\u0144stwa, miejscem, w kt\u00f3rym panuje spok\u00f3j, harmonia, i kt\u00f3re nie poddawa\u0142oby si\u0119 ostatecznym prawom przemijania. Niech dane nam b\u0119dzie przynajmniej pomarzy\u0107&#8230;\u00a0<\/p>\n","protected":false},"author":1,"featured_media":13225,"comment_status":"closed","ping_status":"closed","sticky":false,"template":"","format":"standard","meta":{"colormag_page_container_layout":"no_sidebar_content_centered","colormag_page_sidebar_layout":"no_sidebar","_jetpack_memberships_contains_paid_content":false,"footnotes":"","_links_to":"","_links_to_target":""},"categories":[42,48],"tags":[],"class_list":["post-894","post","type-post","status-publish","format-standard","has-post-thumbnail","hentry","category-felietony","category-wiecej-swiatla"],"yoast_head":"<!-- This site is optimized with the Yoast SEO plugin v27.4 - https:\/\/yoast.com\/product\/yoast-seo-wordpress\/ -->\n<title>\u015awi\u0119toja\u0144ski sen emigranta - NOTABENE.WORLD<\/title>\n<meta name=\"robots\" content=\"index, follow, max-snippet:-1, max-image-preview:large, max-video-preview:-1\" \/>\n<link rel=\"canonical\" href=\"https:\/\/notabene.world\/nb\/sen-emigranta\/\" \/>\n<meta property=\"og:locale\" content=\"pl_PL\" \/>\n<meta property=\"og:type\" content=\"article\" \/>\n<meta property=\"og:title\" content=\"\u015awi\u0119toja\u0144ski sen emigranta - NOTABENE.WORLD\" \/>\n<meta property=\"og:description\" content=\"W mojej ma\u0142ej wsi ci\u0105gle mi si\u0119 \u015bni, aby cho\u0107 na chwil\u0119 sta\u0107 si\u0119... frywolnym motylem, skacz\u0105cym z kwiatka na kwiatek tak, by nie drgn\u0105\u0142 na\u0144 ani jeden p\u0142atek...  Marzy mi si\u0119 sielanka od zmierzchu a\u017c do poranka. A potem, gdy ju\u017c obudz\u0119 si\u0119 rano, niech znowu porwie m\u0105 dusz\u0119 pogmatwan\u0105 \u00f3w wiatr wyobra\u017ani, co to z amanta momentalnie czyni emigranta. Na nowo. Ech, Jolka, Jolka \u2013 jak Ty ju\u017c nic nie pami\u0119tasz. Gdzie te pag\u00f3rki le\u015bne? Gdzie te \u0142\u0105ki zielone? Gdzie one s\u0105? Cho\u0107by od \u015bwi\u0119ta. Ta noc przekl\u0119ta po prostu jest, bo p\u0142acze deszczem. Co jeszcze? Tu\u00a0Piasek,\u00a0tam\u00a0Wilki\u00a0goni\u0105 Ba\u015bk\u0119, co mia\u0142a fajny biust, ale najwa\u017cniejsza przecie\u017c jest Ka\u015bka, z kt\u00f3r\u0105 mo\u017cna by\u0142o konie kra\u015b\u0107... Jak wr\u00f3ci\u0107 do swojego kraju po trzydziestu paru latach? Czy to w og\u00f3le mo\u017cliwe? Ulegam fantasmagorycznej iluzji, \u017ce ja naprawd\u0119 jestem st\u0105d, bo czuj\u0119, \u017ce st\u0105d jest ma dusza. S\u0142owia\u0144ska i bezpa\u0144ska, poobijana do\u00a0granic wytrzyma\u0142o\u015bci, a tu jeszcze nagle zrobi\u0142o si\u0119\u00a0keine Grenzen.\u00a0Strach... Jest chyba w ka\u017cdym z nas t\u0119sknota za idealn\u0105, utopijn\u0105 krain\u0105, tak\u0105 sob\u00f3tkow\u0105\u00a0wsi\u0105 spokojn\u0105, wsi\u0105 weso\u0142\u0105,\u00a0mityczn\u0105 Arkadi\u0105,\u00a0Dolin\u0105 Issy,\u00a0za utraconym rajem dzieci\u0144stwa, miejscem, w kt\u00f3rym panuje spok\u00f3j, harmonia, i kt\u00f3re nie poddawa\u0142oby si\u0119 ostatecznym prawom przemijania. Niech dane nam b\u0119dzie przynajmniej pomarzy\u0107...\u00a0\" \/>\n<meta property=\"og:url\" content=\"https:\/\/notabene.world\/nb\/sen-emigranta\/\" \/>\n<meta property=\"og:site_name\" content=\"NOTABENE.WORLD\" \/>\n<meta property=\"article:publisher\" content=\"https:\/\/www.facebook.com\/Notabene.World\" \/>\n<meta property=\"article:published_time\" content=\"2025-06-21T02:48:29+00:00\" \/>\n<meta property=\"article:modified_time\" content=\"2025-07-11T00:19:23+00:00\" \/>\n<meta property=\"og:image\" content=\"https:\/\/notabene.world\/nb\/wp-content\/uploads\/2022\/06\/senk1.jpg\" \/>\n\t<meta property=\"og:image:width\" content=\"800\" \/>\n\t<meta property=\"og:image:height\" content=\"445\" \/>\n\t<meta property=\"og:image:type\" content=\"image\/jpeg\" \/>\n<meta name=\"author\" content=\"C vel K\" \/>\n<meta name=\"twitter:card\" content=\"summary_large_image\" \/>\n<meta name=\"twitter:label1\" content=\"Napisane przez\" \/>\n\t<meta name=\"twitter:data1\" content=\"C vel K\" \/>\n\t<meta name=\"twitter:label2\" content=\"Szacowany czas czytania\" \/>\n\t<meta name=\"twitter:data2\" content=\"3 minuty\" \/>\n<script type=\"application\/ld+json\" class=\"yoast-schema-graph\">{\"@context\":\"https:\\\/\\\/schema.org\",\"@graph\":[{\"@type\":\"Article\",\"@id\":\"https:\\\/\\\/notabene.world\\\/nb\\\/sen-emigranta\\\/#article\",\"isPartOf\":{\"@id\":\"https:\\\/\\\/notabene.world\\\/nb\\\/sen-emigranta\\\/\"},\"author\":{\"name\":\"C vel K\",\"@id\":\"https:\\\/\\\/notabene.world\\\/nb\\\/#\\\/schema\\\/person\\\/2227ed509f9261e544f6078919e1981d\"},\"headline\":\"\u015awi\u0119toja\u0144ski sen emigranta\",\"datePublished\":\"2025-06-21T02:48:29+00:00\",\"dateModified\":\"2025-07-11T00:19:23+00:00\",\"mainEntityOfPage\":{\"@id\":\"https:\\\/\\\/notabene.world\\\/nb\\\/sen-emigranta\\\/\"},\"wordCount\":479,\"publisher\":{\"@id\":\"https:\\\/\\\/notabene.world\\\/nb\\\/#organization\"},\"image\":{\"@id\":\"https:\\\/\\\/notabene.world\\\/nb\\\/sen-emigranta\\\/#primaryimage\"},\"thumbnailUrl\":\"https:\\\/\\\/i0.wp.com\\\/notabene.world\\\/nb\\\/wp-content\\\/uploads\\\/2022\\\/06\\\/senk1.jpg?fit=800%2C445&ssl=1\",\"articleSection\":[\"Felietony\",\"WI\u0118CEJ \u015aWIAT(\u0141)A\"],\"inLanguage\":\"pl-PL\"},{\"@type\":\"WebPage\",\"@id\":\"https:\\\/\\\/notabene.world\\\/nb\\\/sen-emigranta\\\/\",\"url\":\"https:\\\/\\\/notabene.world\\\/nb\\\/sen-emigranta\\\/\",\"name\":\"\u015awi\u0119toja\u0144ski sen emigranta - NOTABENE.WORLD\",\"isPartOf\":{\"@id\":\"https:\\\/\\\/notabene.world\\\/nb\\\/#website\"},\"primaryImageOfPage\":{\"@id\":\"https:\\\/\\\/notabene.world\\\/nb\\\/sen-emigranta\\\/#primaryimage\"},\"image\":{\"@id\":\"https:\\\/\\\/notabene.world\\\/nb\\\/sen-emigranta\\\/#primaryimage\"},\"thumbnailUrl\":\"https:\\\/\\\/i0.wp.com\\\/notabene.world\\\/nb\\\/wp-content\\\/uploads\\\/2022\\\/06\\\/senk1.jpg?fit=800%2C445&ssl=1\",\"datePublished\":\"2025-06-21T02:48:29+00:00\",\"dateModified\":\"2025-07-11T00:19:23+00:00\",\"breadcrumb\":{\"@id\":\"https:\\\/\\\/notabene.world\\\/nb\\\/sen-emigranta\\\/#breadcrumb\"},\"inLanguage\":\"pl-PL\",\"potentialAction\":[{\"@type\":\"ReadAction\",\"target\":[\"https:\\\/\\\/notabene.world\\\/nb\\\/sen-emigranta\\\/\"]}]},{\"@type\":\"ImageObject\",\"inLanguage\":\"pl-PL\",\"@id\":\"https:\\\/\\\/notabene.world\\\/nb\\\/sen-emigranta\\\/#primaryimage\",\"url\":\"https:\\\/\\\/i0.wp.com\\\/notabene.world\\\/nb\\\/wp-content\\\/uploads\\\/2022\\\/06\\\/senk1.jpg?fit=800%2C445&ssl=1\",\"contentUrl\":\"https:\\\/\\\/i0.wp.com\\\/notabene.world\\\/nb\\\/wp-content\\\/uploads\\\/2022\\\/06\\\/senk1.jpg?fit=800%2C445&ssl=1\",\"width\":800,\"height\":445},{\"@type\":\"BreadcrumbList\",\"@id\":\"https:\\\/\\\/notabene.world\\\/nb\\\/sen-emigranta\\\/#breadcrumb\",\"itemListElement\":[{\"@type\":\"ListItem\",\"position\":1,\"name\":\"Home\",\"item\":\"https:\\\/\\\/notabene.world\\\/nb\\\/\"},{\"@type\":\"ListItem\",\"position\":2,\"name\":\"\u015awi\u0119toja\u0144ski sen emigranta\"}]},{\"@type\":\"WebSite\",\"@id\":\"https:\\\/\\\/notabene.world\\\/nb\\\/#website\",\"url\":\"https:\\\/\\\/notabene.world\\\/nb\\\/\",\"name\":\"NOTABENE.WORLD\",\"description\":\"Przekaz. Warto\u015bci. Wsp\u00f3lnota.\",\"publisher\":{\"@id\":\"https:\\\/\\\/notabene.world\\\/nb\\\/#organization\"},\"potentialAction\":[{\"@type\":\"SearchAction\",\"target\":{\"@type\":\"EntryPoint\",\"urlTemplate\":\"https:\\\/\\\/notabene.world\\\/nb\\\/?s={search_term_string}\"},\"query-input\":{\"@type\":\"PropertyValueSpecification\",\"valueRequired\":true,\"valueName\":\"search_term_string\"}}],\"inLanguage\":\"pl-PL\"},{\"@type\":\"Organization\",\"@id\":\"https:\\\/\\\/notabene.world\\\/nb\\\/#organization\",\"name\":\"NOTABENE.WORLD\",\"url\":\"https:\\\/\\\/notabene.world\\\/nb\\\/\",\"logo\":{\"@type\":\"ImageObject\",\"inLanguage\":\"pl-PL\",\"@id\":\"https:\\\/\\\/notabene.world\\\/nb\\\/#\\\/schema\\\/logo\\\/image\\\/\",\"url\":\"https:\\\/\\\/notabene.world\\\/nb\\\/wp-content\\\/uploads\\\/2022\\\/01\\\/NB-club-start-www1.jpg\",\"contentUrl\":\"https:\\\/\\\/notabene.world\\\/nb\\\/wp-content\\\/uploads\\\/2022\\\/01\\\/NB-club-start-www1.jpg\",\"width\":1000,\"height\":839,\"caption\":\"NOTABENE.WORLD\"},\"image\":{\"@id\":\"https:\\\/\\\/notabene.world\\\/nb\\\/#\\\/schema\\\/logo\\\/image\\\/\"},\"sameAs\":[\"https:\\\/\\\/www.facebook.com\\\/Notabene.World\"]},{\"@type\":\"Person\",\"@id\":\"https:\\\/\\\/notabene.world\\\/nb\\\/#\\\/schema\\\/person\\\/2227ed509f9261e544f6078919e1981d\",\"name\":\"C vel K\",\"image\":{\"@type\":\"ImageObject\",\"inLanguage\":\"pl-PL\",\"@id\":\"https:\\\/\\\/secure.gravatar.com\\\/avatar\\\/da4181237ddf77c667487dd66af5231faaf45fbcb0774d7a408f868da56bf04c?s=96&d=mm&r=g\",\"url\":\"https:\\\/\\\/secure.gravatar.com\\\/avatar\\\/da4181237ddf77c667487dd66af5231faaf45fbcb0774d7a408f868da56bf04c?s=96&d=mm&r=g\",\"contentUrl\":\"https:\\\/\\\/secure.gravatar.com\\\/avatar\\\/da4181237ddf77c667487dd66af5231faaf45fbcb0774d7a408f868da56bf04c?s=96&d=mm&r=g\",\"caption\":\"C vel K\"},\"url\":\"https:\\\/\\\/notabene.world\\\/nb\\\/author\\\/kcedro\\\/\"}]}<\/script>\n<!-- \/ Yoast SEO plugin. -->","yoast_head_json":{"title":"\u015awi\u0119toja\u0144ski sen emigranta - NOTABENE.WORLD","robots":{"index":"index","follow":"follow","max-snippet":"max-snippet:-1","max-image-preview":"max-image-preview:large","max-video-preview":"max-video-preview:-1"},"canonical":"https:\/\/notabene.world\/nb\/sen-emigranta\/","og_locale":"pl_PL","og_type":"article","og_title":"\u015awi\u0119toja\u0144ski sen emigranta - NOTABENE.WORLD","og_description":"W mojej ma\u0142ej wsi ci\u0105gle mi si\u0119 \u015bni, aby cho\u0107 na chwil\u0119 sta\u0107 si\u0119... frywolnym motylem, skacz\u0105cym z kwiatka na kwiatek tak, by nie drgn\u0105\u0142 na\u0144 ani jeden p\u0142atek...  Marzy mi si\u0119 sielanka od zmierzchu a\u017c do poranka. A potem, gdy ju\u017c obudz\u0119 si\u0119 rano, niech znowu porwie m\u0105 dusz\u0119 pogmatwan\u0105 \u00f3w wiatr wyobra\u017ani, co to z amanta momentalnie czyni emigranta. Na nowo. Ech, Jolka, Jolka \u2013 jak Ty ju\u017c nic nie pami\u0119tasz. Gdzie te pag\u00f3rki le\u015bne? Gdzie te \u0142\u0105ki zielone? Gdzie one s\u0105? Cho\u0107by od \u015bwi\u0119ta. Ta noc przekl\u0119ta po prostu jest, bo p\u0142acze deszczem. Co jeszcze? Tu\u00a0Piasek,\u00a0tam\u00a0Wilki\u00a0goni\u0105 Ba\u015bk\u0119, co mia\u0142a fajny biust, ale najwa\u017cniejsza przecie\u017c jest Ka\u015bka, z kt\u00f3r\u0105 mo\u017cna by\u0142o konie kra\u015b\u0107... Jak wr\u00f3ci\u0107 do swojego kraju po trzydziestu paru latach? Czy to w og\u00f3le mo\u017cliwe? Ulegam fantasmagorycznej iluzji, \u017ce ja naprawd\u0119 jestem st\u0105d, bo czuj\u0119, \u017ce st\u0105d jest ma dusza. S\u0142owia\u0144ska i bezpa\u0144ska, poobijana do\u00a0granic wytrzyma\u0142o\u015bci, a tu jeszcze nagle zrobi\u0142o si\u0119\u00a0keine Grenzen.\u00a0Strach... Jest chyba w ka\u017cdym z nas t\u0119sknota za idealn\u0105, utopijn\u0105 krain\u0105, tak\u0105 sob\u00f3tkow\u0105\u00a0wsi\u0105 spokojn\u0105, wsi\u0105 weso\u0142\u0105,\u00a0mityczn\u0105 Arkadi\u0105,\u00a0Dolin\u0105 Issy,\u00a0za utraconym rajem dzieci\u0144stwa, miejscem, w kt\u00f3rym panuje spok\u00f3j, harmonia, i kt\u00f3re nie poddawa\u0142oby si\u0119 ostatecznym prawom przemijania. Niech dane nam b\u0119dzie przynajmniej pomarzy\u0107...\u00a0","og_url":"https:\/\/notabene.world\/nb\/sen-emigranta\/","og_site_name":"NOTABENE.WORLD","article_publisher":"https:\/\/www.facebook.com\/Notabene.World","article_published_time":"2025-06-21T02:48:29+00:00","article_modified_time":"2025-07-11T00:19:23+00:00","og_image":[{"width":800,"height":445,"url":"https:\/\/notabene.world\/nb\/wp-content\/uploads\/2022\/06\/senk1.jpg","type":"image\/jpeg"}],"author":"C vel K","twitter_card":"summary_large_image","twitter_misc":{"Napisane przez":"C vel K","Szacowany czas czytania":"3 minuty"},"schema":{"@context":"https:\/\/schema.org","@graph":[{"@type":"Article","@id":"https:\/\/notabene.world\/nb\/sen-emigranta\/#article","isPartOf":{"@id":"https:\/\/notabene.world\/nb\/sen-emigranta\/"},"author":{"name":"C vel K","@id":"https:\/\/notabene.world\/nb\/#\/schema\/person\/2227ed509f9261e544f6078919e1981d"},"headline":"\u015awi\u0119toja\u0144ski sen emigranta","datePublished":"2025-06-21T02:48:29+00:00","dateModified":"2025-07-11T00:19:23+00:00","mainEntityOfPage":{"@id":"https:\/\/notabene.world\/nb\/sen-emigranta\/"},"wordCount":479,"publisher":{"@id":"https:\/\/notabene.world\/nb\/#organization"},"image":{"@id":"https:\/\/notabene.world\/nb\/sen-emigranta\/#primaryimage"},"thumbnailUrl":"https:\/\/i0.wp.com\/notabene.world\/nb\/wp-content\/uploads\/2022\/06\/senk1.jpg?fit=800%2C445&ssl=1","articleSection":["Felietony","WI\u0118CEJ \u015aWIAT(\u0141)A"],"inLanguage":"pl-PL"},{"@type":"WebPage","@id":"https:\/\/notabene.world\/nb\/sen-emigranta\/","url":"https:\/\/notabene.world\/nb\/sen-emigranta\/","name":"\u015awi\u0119toja\u0144ski sen emigranta - NOTABENE.WORLD","isPartOf":{"@id":"https:\/\/notabene.world\/nb\/#website"},"primaryImageOfPage":{"@id":"https:\/\/notabene.world\/nb\/sen-emigranta\/#primaryimage"},"image":{"@id":"https:\/\/notabene.world\/nb\/sen-emigranta\/#primaryimage"},"thumbnailUrl":"https:\/\/i0.wp.com\/notabene.world\/nb\/wp-content\/uploads\/2022\/06\/senk1.jpg?fit=800%2C445&ssl=1","datePublished":"2025-06-21T02:48:29+00:00","dateModified":"2025-07-11T00:19:23+00:00","breadcrumb":{"@id":"https:\/\/notabene.world\/nb\/sen-emigranta\/#breadcrumb"},"inLanguage":"pl-PL","potentialAction":[{"@type":"ReadAction","target":["https:\/\/notabene.world\/nb\/sen-emigranta\/"]}]},{"@type":"ImageObject","inLanguage":"pl-PL","@id":"https:\/\/notabene.world\/nb\/sen-emigranta\/#primaryimage","url":"https:\/\/i0.wp.com\/notabene.world\/nb\/wp-content\/uploads\/2022\/06\/senk1.jpg?fit=800%2C445&ssl=1","contentUrl":"https:\/\/i0.wp.com\/notabene.world\/nb\/wp-content\/uploads\/2022\/06\/senk1.jpg?fit=800%2C445&ssl=1","width":800,"height":445},{"@type":"BreadcrumbList","@id":"https:\/\/notabene.world\/nb\/sen-emigranta\/#breadcrumb","itemListElement":[{"@type":"ListItem","position":1,"name":"Home","item":"https:\/\/notabene.world\/nb\/"},{"@type":"ListItem","position":2,"name":"\u015awi\u0119toja\u0144ski sen emigranta"}]},{"@type":"WebSite","@id":"https:\/\/notabene.world\/nb\/#website","url":"https:\/\/notabene.world\/nb\/","name":"NOTABENE.WORLD","description":"Przekaz. Warto\u015bci. Wsp\u00f3lnota.","publisher":{"@id":"https:\/\/notabene.world\/nb\/#organization"},"potentialAction":[{"@type":"SearchAction","target":{"@type":"EntryPoint","urlTemplate":"https:\/\/notabene.world\/nb\/?s={search_term_string}"},"query-input":{"@type":"PropertyValueSpecification","valueRequired":true,"valueName":"search_term_string"}}],"inLanguage":"pl-PL"},{"@type":"Organization","@id":"https:\/\/notabene.world\/nb\/#organization","name":"NOTABENE.WORLD","url":"https:\/\/notabene.world\/nb\/","logo":{"@type":"ImageObject","inLanguage":"pl-PL","@id":"https:\/\/notabene.world\/nb\/#\/schema\/logo\/image\/","url":"https:\/\/notabene.world\/nb\/wp-content\/uploads\/2022\/01\/NB-club-start-www1.jpg","contentUrl":"https:\/\/notabene.world\/nb\/wp-content\/uploads\/2022\/01\/NB-club-start-www1.jpg","width":1000,"height":839,"caption":"NOTABENE.WORLD"},"image":{"@id":"https:\/\/notabene.world\/nb\/#\/schema\/logo\/image\/"},"sameAs":["https:\/\/www.facebook.com\/Notabene.World"]},{"@type":"Person","@id":"https:\/\/notabene.world\/nb\/#\/schema\/person\/2227ed509f9261e544f6078919e1981d","name":"C vel K","image":{"@type":"ImageObject","inLanguage":"pl-PL","@id":"https:\/\/secure.gravatar.com\/avatar\/da4181237ddf77c667487dd66af5231faaf45fbcb0774d7a408f868da56bf04c?s=96&d=mm&r=g","url":"https:\/\/secure.gravatar.com\/avatar\/da4181237ddf77c667487dd66af5231faaf45fbcb0774d7a408f868da56bf04c?s=96&d=mm&r=g","contentUrl":"https:\/\/secure.gravatar.com\/avatar\/da4181237ddf77c667487dd66af5231faaf45fbcb0774d7a408f868da56bf04c?s=96&d=mm&r=g","caption":"C vel K"},"url":"https:\/\/notabene.world\/nb\/author\/kcedro\/"}]}},"jetpack_featured_media_url":"https:\/\/i0.wp.com\/notabene.world\/nb\/wp-content\/uploads\/2022\/06\/senk1.jpg?fit=800%2C445&ssl=1","jetpack_sharing_enabled":true,"jetpack_shortlink":"https:\/\/wp.me\/pdCobN-eq","_links":{"self":[{"href":"https:\/\/notabene.world\/nb\/wp-json\/wp\/v2\/posts\/894","targetHints":{"allow":["GET"]}}],"collection":[{"href":"https:\/\/notabene.world\/nb\/wp-json\/wp\/v2\/posts"}],"about":[{"href":"https:\/\/notabene.world\/nb\/wp-json\/wp\/v2\/types\/post"}],"author":[{"embeddable":true,"href":"https:\/\/notabene.world\/nb\/wp-json\/wp\/v2\/users\/1"}],"replies":[{"embeddable":true,"href":"https:\/\/notabene.world\/nb\/wp-json\/wp\/v2\/comments?post=894"}],"version-history":[{"count":5,"href":"https:\/\/notabene.world\/nb\/wp-json\/wp\/v2\/posts\/894\/revisions"}],"predecessor-version":[{"id":14519,"href":"https:\/\/notabene.world\/nb\/wp-json\/wp\/v2\/posts\/894\/revisions\/14519"}],"wp:featuredmedia":[{"embeddable":true,"href":"https:\/\/notabene.world\/nb\/wp-json\/wp\/v2\/media\/13225"}],"wp:attachment":[{"href":"https:\/\/notabene.world\/nb\/wp-json\/wp\/v2\/media?parent=894"}],"wp:term":[{"taxonomy":"category","embeddable":true,"href":"https:\/\/notabene.world\/nb\/wp-json\/wp\/v2\/categories?post=894"},{"taxonomy":"post_tag","embeddable":true,"href":"https:\/\/notabene.world\/nb\/wp-json\/wp\/v2\/tags?post=894"}],"curies":[{"name":"wp","href":"https:\/\/api.w.org\/{rel}","templated":true}]}}