{"id":8942,"date":"2023-02-19T09:31:10","date_gmt":"2023-02-19T08:31:10","guid":{"rendered":"https:\/\/notabene.world\/nb\/?p=8942"},"modified":"2023-04-16T15:55:00","modified_gmt":"2023-04-16T13:55:00","slug":"8942-2","status":"publish","type":"post","link":"https:\/\/notabene.world\/nb\/8942-2\/","title":{"rendered":""},"content":{"rendered":"\n<p><strong>Bu\u0142garia<\/strong><\/p>\n\n\n\n<p>Prezydent&nbsp;&nbsp;Bu\u0142garii og\u0142osi\u0142, \u017ce 2 kwietnia odb\u0119d\u0105 si\u0119 kolejne wybory parlamentarne, gdy\u017c partie, kt\u00f3re dosta\u0142y si\u0119 do parlamentu po jesiennych wyborach w ubieg\u0142ym roku nie zdo\u0142a\u0142y utworzy\u0107 rz\u0105du. B\u0119d\u0105 to pi\u0105te wybory parlamentarne w ci\u0105gu dw\u00f3ch lat.<\/p>\n\n\n\n<p><strong>Cypr<\/strong><\/p>\n\n\n\n<p>W niedziel\u0119 ( 12 lutego) odby\u0142a si\u0119 na Cyprze druga tura wybor\u00f3w prezydenckich. Wygra\u0142 by\u0142y minister spraw zagranicznych Cypru Nikos Christodoulides&nbsp;&nbsp;zdobywaj\u0105c 52% g\u0142os\u00f3w. W wyborach popiera\u0142y go nacjonalistyczne i centroprawicowe partie. Frekwencja drugiej tury wybor\u00f3w wynosi\u0142a 72,2 %.<\/p>\n\n\n\n<p><strong>Izrael<\/strong><\/p>\n\n\n\n<p>Protesty w Izraelu przeciwko reformom wymiaru sprawiedliwo\u015bci trwa\u0142y przez kolejne soboty. Na ulice miast wysz\u0142y t\u0142umy ludzi. Ponad 100 tysi\u0119cy ludzi protestowa\u0142o np. w sobot\u0119 4 lutego. Demonstranci twierdz\u0105, \u017ce izraelska demokracja zostanie os\u0142abiona je\u015bli rz\u0105dowi uda si\u0119 przeforsowa\u0107 plany, kt\u00f3re wzmocni\u0105 polityczn\u0105 kontrol\u0119 nad nominacjami s\u0119dzi\u00f3w i ogranicza uprawnienia Sadu Najwy\u017cszego do uchylania decyzji rz\u0105du lub ustaw Knesetu. Premier Netanjahu, kt\u00f3ry po listopadowych wyborach w 2022 roku stan\u0105\u0142 na czele jednego z najbardziej prawicowych rz\u0105d\u00f3w w historii Izraela uwa\u017ca, ze protestuj\u0105cy nie pogodzili si\u0119 z wynikiem wybor\u00f3w.&nbsp;<\/p>\n\n\n\n<p><strong>Szkocja<\/strong><\/p>\n\n\n\n<p>Kilka dni temu premier Szkocji Nicola Sturgeon og\u0142osi\u0142a decyzj\u0119 o rezygnacji ze stanowiska. Jednocze\u015bnie zrezygnowa\u0142a z szefowania Szkockiej Partii Niepodleg\u0142o\u015bciowej. Obie funkcje b\u0119dzie pe\u0142ni\u0107 do czasu wyboru nast\u0119pc\u00f3w. Na konferencji podkre\u015bli\u0142a, \u017ce jest \u201e dumna z faktu, \u017ce jest zar\u00f3wno pierwsz\u0105 kobiet\u0105 jaki i najd\u0142u\u017cej urz\u0119duj\u0105c\u0105 pierwsza minister\u201d. Pe\u0142ni\u0142a te funkcje od 2014 roku.<\/p>\n","protected":false},"excerpt":{"rendered":"<p><b>\u2022\u2022\u2022 Bu\u0142garia<\/b><\/p>\n<p>Prezydent\u00a0\u00a0Bu\u0142garii og\u0142osi\u0142, \u017ce 2 kwietnia odb\u0119d\u0105 si\u0119 kolejne wybory parlamentarne, gdy\u017c partie, kt\u00f3re dosta\u0142y si\u0119 do parlamentu po jesiennych wyborach w ubieg\u0142ym roku nie zdo\u0142a\u0142y utworzy\u0107 rz\u0105du. B\u0119d\u0105 to pi\u0105te wybory parlamentarne w ci\u0105gu dw\u00f3ch lat.<\/p>\n<p><b>\u2022\u2022\u2022 Cypr<\/b><\/p>\n<p>W niedziel\u0119 (12 lutego) odby\u0142a si\u0119 na Cyprze druga tura wybor\u00f3w prezydenckich. Wygra\u0142 by\u0142y minister spraw zagranicznych Cypru Nikos Christodoulides\u00a0\u00a0zdobywaj\u0105c 52% g\u0142os\u00f3w. W wyborach popiera\u0142y go nacjonalistyczne i centroprawicowe partie. Frekwencja drugiej tury wybor\u00f3w wynosi\u0142a 72,2 %.<\/p>\n","protected":false},"author":49,"featured_media":8275,"comment_status":"closed","ping_status":"closed","sticky":false,"template":"","format":"standard","meta":{"colormag_page_container_layout":"default_layout","colormag_page_sidebar_layout":"default_layout","_jetpack_memberships_contains_paid_content":false,"footnotes":"","_links_to":"","_links_to_target":""},"categories":[212],"tags":[],"class_list":["post-8942","post","type-post","status-publish","format-standard","has-post-thumbnail","hentry","category-od-notki-do-notki"],"yoast_head":"<!-- This site is optimized with the Yoast SEO plugin v27.4 - https:\/\/yoast.com\/product\/yoast-seo-wordpress\/ -->\n<title>- NOTABENE.WORLD<\/title>\n<meta name=\"robots\" content=\"index, follow, max-snippet:-1, max-image-preview:large, max-video-preview:-1\" \/>\n<link rel=\"canonical\" href=\"https:\/\/notabene.world\/nb\/8942-2\/\" \/>\n<meta property=\"og:locale\" content=\"pl_PL\" \/>\n<meta property=\"og:type\" content=\"article\" \/>\n<meta property=\"og:title\" content=\"- NOTABENE.WORLD\" \/>\n<meta property=\"og:description\" content=\"\u2022\u2022\u2022 Bu\u0142garia Prezydent\u00a0\u00a0Bu\u0142garii og\u0142osi\u0142, \u017ce 2 kwietnia odb\u0119d\u0105 si\u0119 kolejne wybory parlamentarne, gdy\u017c partie, kt\u00f3re dosta\u0142y si\u0119 do parlamentu po jesiennych wyborach w ubieg\u0142ym roku nie zdo\u0142a\u0142y utworzy\u0107 rz\u0105du. B\u0119d\u0105 to pi\u0105te wybory parlamentarne w ci\u0105gu dw\u00f3ch lat. \u2022\u2022\u2022 Cypr W niedziel\u0119 (12 lutego) odby\u0142a si\u0119 na Cyprze druga tura wybor\u00f3w prezydenckich. Wygra\u0142 by\u0142y minister spraw zagranicznych Cypru Nikos Christodoulides\u00a0\u00a0zdobywaj\u0105c 52% g\u0142os\u00f3w. W wyborach popiera\u0142y go nacjonalistyczne i centroprawicowe partie. Frekwencja drugiej tury wybor\u00f3w wynosi\u0142a 72,2 %.\" \/>\n<meta property=\"og:url\" content=\"https:\/\/notabene.world\/nb\/8942-2\/\" \/>\n<meta property=\"og:site_name\" content=\"NOTABENE.WORLD\" \/>\n<meta property=\"article:publisher\" content=\"https:\/\/www.facebook.com\/Notabene.World\" \/>\n<meta property=\"article:published_time\" content=\"2023-02-19T08:31:10+00:00\" \/>\n<meta property=\"article:modified_time\" content=\"2023-04-16T13:55:00+00:00\" \/>\n<meta property=\"og:image\" content=\"https:\/\/notabene.world\/nb\/wp-content\/uploads\/2022\/11\/oko-notka-800.jpg\" \/>\n\t<meta property=\"og:image:width\" content=\"800\" \/>\n\t<meta property=\"og:image:height\" content=\"445\" \/>\n\t<meta property=\"og:image:type\" content=\"image\/jpeg\" \/>\n<meta name=\"author\" content=\"L D\" \/>\n<meta name=\"twitter:card\" content=\"summary_large_image\" \/>\n<meta name=\"twitter:label1\" content=\"Napisane przez\" \/>\n\t<meta name=\"twitter:data1\" content=\"L D\" \/>\n\t<meta name=\"twitter:label2\" content=\"Szacowany czas czytania\" \/>\n\t<meta name=\"twitter:data2\" content=\"1 minuta\" \/>\n<script type=\"application\/ld+json\" class=\"yoast-schema-graph\">{\"@context\":\"https:\\\/\\\/schema.org\",\"@graph\":[{\"@type\":\"Article\",\"@id\":\"https:\\\/\\\/notabene.world\\\/nb\\\/8942-2\\\/#article\",\"isPartOf\":{\"@id\":\"https:\\\/\\\/notabene.world\\\/nb\\\/8942-2\\\/\"},\"author\":{\"name\":\"L D\",\"@id\":\"https:\\\/\\\/notabene.world\\\/nb\\\/#\\\/schema\\\/person\\\/a8a4b2b811d0db2e360de334d1d4db71\"},\"headline\":\"Brak tytu\u0142u\",\"datePublished\":\"2023-02-19T08:31:10+00:00\",\"dateModified\":\"2023-04-16T13:55:00+00:00\",\"mainEntityOfPage\":{\"@id\":\"https:\\\/\\\/notabene.world\\\/nb\\\/8942-2\\\/\"},\"wordCount\":278,\"publisher\":{\"@id\":\"https:\\\/\\\/notabene.world\\\/nb\\\/#organization\"},\"image\":{\"@id\":\"https:\\\/\\\/notabene.world\\\/nb\\\/8942-2\\\/#primaryimage\"},\"thumbnailUrl\":\"https:\\\/\\\/i0.wp.com\\\/notabene.world\\\/nb\\\/wp-content\\\/uploads\\\/2022\\\/11\\\/oko-notka-800.jpg?fit=800%2C445&ssl=1\",\"articleSection\":[\"Od Notki do Notki\"],\"inLanguage\":\"pl-PL\"},{\"@type\":\"WebPage\",\"@id\":\"https:\\\/\\\/notabene.world\\\/nb\\\/8942-2\\\/\",\"url\":\"https:\\\/\\\/notabene.world\\\/nb\\\/8942-2\\\/\",\"name\":\"- NOTABENE.WORLD\",\"isPartOf\":{\"@id\":\"https:\\\/\\\/notabene.world\\\/nb\\\/#website\"},\"primaryImageOfPage\":{\"@id\":\"https:\\\/\\\/notabene.world\\\/nb\\\/8942-2\\\/#primaryimage\"},\"image\":{\"@id\":\"https:\\\/\\\/notabene.world\\\/nb\\\/8942-2\\\/#primaryimage\"},\"thumbnailUrl\":\"https:\\\/\\\/i0.wp.com\\\/notabene.world\\\/nb\\\/wp-content\\\/uploads\\\/2022\\\/11\\\/oko-notka-800.jpg?fit=800%2C445&ssl=1\",\"datePublished\":\"2023-02-19T08:31:10+00:00\",\"dateModified\":\"2023-04-16T13:55:00+00:00\",\"inLanguage\":\"pl-PL\",\"potentialAction\":[{\"@type\":\"ReadAction\",\"target\":[\"https:\\\/\\\/notabene.world\\\/nb\\\/8942-2\\\/\"]}]},{\"@type\":\"ImageObject\",\"inLanguage\":\"pl-PL\",\"@id\":\"https:\\\/\\\/notabene.world\\\/nb\\\/8942-2\\\/#primaryimage\",\"url\":\"https:\\\/\\\/i0.wp.com\\\/notabene.world\\\/nb\\\/wp-content\\\/uploads\\\/2022\\\/11\\\/oko-notka-800.jpg?fit=800%2C445&ssl=1\",\"contentUrl\":\"https:\\\/\\\/i0.wp.com\\\/notabene.world\\\/nb\\\/wp-content\\\/uploads\\\/2022\\\/11\\\/oko-notka-800.jpg?fit=800%2C445&ssl=1\",\"width\":800,\"height\":445},{\"@type\":\"WebSite\",\"@id\":\"https:\\\/\\\/notabene.world\\\/nb\\\/#website\",\"url\":\"https:\\\/\\\/notabene.world\\\/nb\\\/\",\"name\":\"NOTABENE.WORLD\",\"description\":\"Przekaz. Warto\u015bci. Wsp\u00f3lnota.\",\"publisher\":{\"@id\":\"https:\\\/\\\/notabene.world\\\/nb\\\/#organization\"},\"potentialAction\":[{\"@type\":\"SearchAction\",\"target\":{\"@type\":\"EntryPoint\",\"urlTemplate\":\"https:\\\/\\\/notabene.world\\\/nb\\\/?s={search_term_string}\"},\"query-input\":{\"@type\":\"PropertyValueSpecification\",\"valueRequired\":true,\"valueName\":\"search_term_string\"}}],\"inLanguage\":\"pl-PL\"},{\"@type\":\"Organization\",\"@id\":\"https:\\\/\\\/notabene.world\\\/nb\\\/#organization\",\"name\":\"NOTABENE.WORLD\",\"url\":\"https:\\\/\\\/notabene.world\\\/nb\\\/\",\"logo\":{\"@type\":\"ImageObject\",\"inLanguage\":\"pl-PL\",\"@id\":\"https:\\\/\\\/notabene.world\\\/nb\\\/#\\\/schema\\\/logo\\\/image\\\/\",\"url\":\"https:\\\/\\\/notabene.world\\\/nb\\\/wp-content\\\/uploads\\\/2022\\\/01\\\/NB-club-start-www1.jpg\",\"contentUrl\":\"https:\\\/\\\/notabene.world\\\/nb\\\/wp-content\\\/uploads\\\/2022\\\/01\\\/NB-club-start-www1.jpg\",\"width\":1000,\"height\":839,\"caption\":\"NOTABENE.WORLD\"},\"image\":{\"@id\":\"https:\\\/\\\/notabene.world\\\/nb\\\/#\\\/schema\\\/logo\\\/image\\\/\"},\"sameAs\":[\"https:\\\/\\\/www.facebook.com\\\/Notabene.World\"]},{\"@type\":\"Person\",\"@id\":\"https:\\\/\\\/notabene.world\\\/nb\\\/#\\\/schema\\\/person\\\/a8a4b2b811d0db2e360de334d1d4db71\",\"name\":\"L D\",\"image\":{\"@type\":\"ImageObject\",\"inLanguage\":\"pl-PL\",\"@id\":\"https:\\\/\\\/secure.gravatar.com\\\/avatar\\\/e72422680a1a547cdc9e05215034441a836c068f3e1634de36136c70bc2f9d4a?s=96&d=mm&r=g\",\"url\":\"https:\\\/\\\/secure.gravatar.com\\\/avatar\\\/e72422680a1a547cdc9e05215034441a836c068f3e1634de36136c70bc2f9d4a?s=96&d=mm&r=g\",\"contentUrl\":\"https:\\\/\\\/secure.gravatar.com\\\/avatar\\\/e72422680a1a547cdc9e05215034441a836c068f3e1634de36136c70bc2f9d4a?s=96&d=mm&r=g\",\"caption\":\"L D\"},\"url\":\"https:\\\/\\\/notabene.world\\\/nb\\\/author\\\/jo-da2\\\/\"}]}<\/script>\n<!-- \/ Yoast SEO plugin. -->","yoast_head_json":{"title":"- NOTABENE.WORLD","robots":{"index":"index","follow":"follow","max-snippet":"max-snippet:-1","max-image-preview":"max-image-preview:large","max-video-preview":"max-video-preview:-1"},"canonical":"https:\/\/notabene.world\/nb\/8942-2\/","og_locale":"pl_PL","og_type":"article","og_title":"- NOTABENE.WORLD","og_description":"\u2022\u2022\u2022 Bu\u0142garia Prezydent\u00a0\u00a0Bu\u0142garii og\u0142osi\u0142, \u017ce 2 kwietnia odb\u0119d\u0105 si\u0119 kolejne wybory parlamentarne, gdy\u017c partie, kt\u00f3re dosta\u0142y si\u0119 do parlamentu po jesiennych wyborach w ubieg\u0142ym roku nie zdo\u0142a\u0142y utworzy\u0107 rz\u0105du. B\u0119d\u0105 to pi\u0105te wybory parlamentarne w ci\u0105gu dw\u00f3ch lat. \u2022\u2022\u2022 Cypr W niedziel\u0119 (12 lutego) odby\u0142a si\u0119 na Cyprze druga tura wybor\u00f3w prezydenckich. Wygra\u0142 by\u0142y minister spraw zagranicznych Cypru Nikos Christodoulides\u00a0\u00a0zdobywaj\u0105c 52% g\u0142os\u00f3w. W wyborach popiera\u0142y go nacjonalistyczne i centroprawicowe partie. Frekwencja drugiej tury wybor\u00f3w wynosi\u0142a 72,2 %.","og_url":"https:\/\/notabene.world\/nb\/8942-2\/","og_site_name":"NOTABENE.WORLD","article_publisher":"https:\/\/www.facebook.com\/Notabene.World","article_published_time":"2023-02-19T08:31:10+00:00","article_modified_time":"2023-04-16T13:55:00+00:00","og_image":[{"width":800,"height":445,"url":"https:\/\/notabene.world\/nb\/wp-content\/uploads\/2022\/11\/oko-notka-800.jpg","type":"image\/jpeg"}],"author":"L D","twitter_card":"summary_large_image","twitter_misc":{"Napisane przez":"L D","Szacowany czas czytania":"1 minuta"},"schema":{"@context":"https:\/\/schema.org","@graph":[{"@type":"Article","@id":"https:\/\/notabene.world\/nb\/8942-2\/#article","isPartOf":{"@id":"https:\/\/notabene.world\/nb\/8942-2\/"},"author":{"name":"L D","@id":"https:\/\/notabene.world\/nb\/#\/schema\/person\/a8a4b2b811d0db2e360de334d1d4db71"},"headline":"Brak tytu\u0142u","datePublished":"2023-02-19T08:31:10+00:00","dateModified":"2023-04-16T13:55:00+00:00","mainEntityOfPage":{"@id":"https:\/\/notabene.world\/nb\/8942-2\/"},"wordCount":278,"publisher":{"@id":"https:\/\/notabene.world\/nb\/#organization"},"image":{"@id":"https:\/\/notabene.world\/nb\/8942-2\/#primaryimage"},"thumbnailUrl":"https:\/\/i0.wp.com\/notabene.world\/nb\/wp-content\/uploads\/2022\/11\/oko-notka-800.jpg?fit=800%2C445&ssl=1","articleSection":["Od Notki do Notki"],"inLanguage":"pl-PL"},{"@type":"WebPage","@id":"https:\/\/notabene.world\/nb\/8942-2\/","url":"https:\/\/notabene.world\/nb\/8942-2\/","name":"- NOTABENE.WORLD","isPartOf":{"@id":"https:\/\/notabene.world\/nb\/#website"},"primaryImageOfPage":{"@id":"https:\/\/notabene.world\/nb\/8942-2\/#primaryimage"},"image":{"@id":"https:\/\/notabene.world\/nb\/8942-2\/#primaryimage"},"thumbnailUrl":"https:\/\/i0.wp.com\/notabene.world\/nb\/wp-content\/uploads\/2022\/11\/oko-notka-800.jpg?fit=800%2C445&ssl=1","datePublished":"2023-02-19T08:31:10+00:00","dateModified":"2023-04-16T13:55:00+00:00","inLanguage":"pl-PL","potentialAction":[{"@type":"ReadAction","target":["https:\/\/notabene.world\/nb\/8942-2\/"]}]},{"@type":"ImageObject","inLanguage":"pl-PL","@id":"https:\/\/notabene.world\/nb\/8942-2\/#primaryimage","url":"https:\/\/i0.wp.com\/notabene.world\/nb\/wp-content\/uploads\/2022\/11\/oko-notka-800.jpg?fit=800%2C445&ssl=1","contentUrl":"https:\/\/i0.wp.com\/notabene.world\/nb\/wp-content\/uploads\/2022\/11\/oko-notka-800.jpg?fit=800%2C445&ssl=1","width":800,"height":445},{"@type":"WebSite","@id":"https:\/\/notabene.world\/nb\/#website","url":"https:\/\/notabene.world\/nb\/","name":"NOTABENE.WORLD","description":"Przekaz. Warto\u015bci. Wsp\u00f3lnota.","publisher":{"@id":"https:\/\/notabene.world\/nb\/#organization"},"potentialAction":[{"@type":"SearchAction","target":{"@type":"EntryPoint","urlTemplate":"https:\/\/notabene.world\/nb\/?s={search_term_string}"},"query-input":{"@type":"PropertyValueSpecification","valueRequired":true,"valueName":"search_term_string"}}],"inLanguage":"pl-PL"},{"@type":"Organization","@id":"https:\/\/notabene.world\/nb\/#organization","name":"NOTABENE.WORLD","url":"https:\/\/notabene.world\/nb\/","logo":{"@type":"ImageObject","inLanguage":"pl-PL","@id":"https:\/\/notabene.world\/nb\/#\/schema\/logo\/image\/","url":"https:\/\/notabene.world\/nb\/wp-content\/uploads\/2022\/01\/NB-club-start-www1.jpg","contentUrl":"https:\/\/notabene.world\/nb\/wp-content\/uploads\/2022\/01\/NB-club-start-www1.jpg","width":1000,"height":839,"caption":"NOTABENE.WORLD"},"image":{"@id":"https:\/\/notabene.world\/nb\/#\/schema\/logo\/image\/"},"sameAs":["https:\/\/www.facebook.com\/Notabene.World"]},{"@type":"Person","@id":"https:\/\/notabene.world\/nb\/#\/schema\/person\/a8a4b2b811d0db2e360de334d1d4db71","name":"L D","image":{"@type":"ImageObject","inLanguage":"pl-PL","@id":"https:\/\/secure.gravatar.com\/avatar\/e72422680a1a547cdc9e05215034441a836c068f3e1634de36136c70bc2f9d4a?s=96&d=mm&r=g","url":"https:\/\/secure.gravatar.com\/avatar\/e72422680a1a547cdc9e05215034441a836c068f3e1634de36136c70bc2f9d4a?s=96&d=mm&r=g","contentUrl":"https:\/\/secure.gravatar.com\/avatar\/e72422680a1a547cdc9e05215034441a836c068f3e1634de36136c70bc2f9d4a?s=96&d=mm&r=g","caption":"L D"},"url":"https:\/\/notabene.world\/nb\/author\/jo-da2\/"}]}},"jetpack_featured_media_url":"https:\/\/i0.wp.com\/notabene.world\/nb\/wp-content\/uploads\/2022\/11\/oko-notka-800.jpg?fit=800%2C445&ssl=1","jetpack_sharing_enabled":true,"jetpack_shortlink":"https:\/\/wp.me\/pdCobN-2ke","_links":{"self":[{"href":"https:\/\/notabene.world\/nb\/wp-json\/wp\/v2\/posts\/8942","targetHints":{"allow":["GET"]}}],"collection":[{"href":"https:\/\/notabene.world\/nb\/wp-json\/wp\/v2\/posts"}],"about":[{"href":"https:\/\/notabene.world\/nb\/wp-json\/wp\/v2\/types\/post"}],"author":[{"embeddable":true,"href":"https:\/\/notabene.world\/nb\/wp-json\/wp\/v2\/users\/49"}],"replies":[{"embeddable":true,"href":"https:\/\/notabene.world\/nb\/wp-json\/wp\/v2\/comments?post=8942"}],"version-history":[{"count":2,"href":"https:\/\/notabene.world\/nb\/wp-json\/wp\/v2\/posts\/8942\/revisions"}],"predecessor-version":[{"id":9430,"href":"https:\/\/notabene.world\/nb\/wp-json\/wp\/v2\/posts\/8942\/revisions\/9430"}],"wp:featuredmedia":[{"embeddable":true,"href":"https:\/\/notabene.world\/nb\/wp-json\/wp\/v2\/media\/8275"}],"wp:attachment":[{"href":"https:\/\/notabene.world\/nb\/wp-json\/wp\/v2\/media?parent=8942"}],"wp:term":[{"taxonomy":"category","embeddable":true,"href":"https:\/\/notabene.world\/nb\/wp-json\/wp\/v2\/categories?post=8942"},{"taxonomy":"post_tag","embeddable":true,"href":"https:\/\/notabene.world\/nb\/wp-json\/wp\/v2\/tags?post=8942"}],"curies":[{"name":"wp","href":"https:\/\/api.w.org\/{rel}","templated":true}]}}