{"id":8949,"date":"2023-02-20T18:06:55","date_gmt":"2023-02-20T17:06:55","guid":{"rendered":"https:\/\/notabene.world\/nb\/?p=8949"},"modified":"2024-03-19T05:55:03","modified_gmt":"2024-03-19T04:55:03","slug":"prometeizm-w-dzumie-i-absurdyzm-w-szkolnictwie","status":"publish","type":"post","link":"https:\/\/notabene.world\/nb\/prometeizm-w-dzumie-i-absurdyzm-w-szkolnictwie\/","title":{"rendered":"Prometeizm w &#8222;D\u017cumie&#8221; i absurdyzm w szkolnictwie"},"content":{"rendered":"\n<p>Aby rozpocz\u0105\u0107 rozwa\u017cania nad obecno\u015bci\u0105 prometejskiego buntu w powie\u015bci francuskiego noblisty, nale\u017cy ustali\u0107 i przypomnie\u0107 sobie kilka oczywisto\u015bci, kt\u00f3re w procesie udowadniania tezy postawionej w tytule s\u0105 niezb\u0119dne.<\/p>\n\n\n\n<p>Po pierwsze &#8211; Prometeusz tylko hipotetycznie stworzy\u0142 cz\u0142owieka. Faktem jest jednak to, \u017ce Prometeusz ujrza\u0142 <strong>cz\u0142owieka nagiego, s\u0142abego i bezbronnego, bezsilnego<\/strong>, kt\u00f3rego w brutalnym \u015bwiecie czeka\u0142a jedynie rych\u0142a \u015bmier\u0107. Tytan zapragn\u0105\u0142 im pom\u00f3c &#8211; wykrad\u0142 wi\u0119c z Olimpu ogie\u0144 i da\u0142 go ludzko\u015bci. Na spo\u0142ecze\u0144stwo zosta\u0142y zrzucone wszystkie troski tego \u015bwiata (puszka Pandory). Za ten i nast\u0119pne wyst\u0119pki (kt\u00f3re w definicji prometeizmu ani w D\u017cumie nie odgrywaj\u0105 \u017cadnego znaczenia), kt\u00f3re heros uczyni\u0142 przeciw bogom, zosta\u0142 ukarany przekuciem do ska\u0142 Kaukazu, gdzie powracaj\u0105cy co noc s\u0119p wyjada\u0142 mu odrastaj\u0105c\u0105 w\u0105trob\u0119. <\/p>\n\n\n\n<p>Z powy\u017cszej historii powsta\u0142 termin<strong> prometeizmu &#8211; <\/strong>buntu podj\u0119tego w imi\u0119 dobra ludzko\u015bci, wobec boga lub <strong>bog\u00f3w<\/strong> &#8211; co jest niezwykle wa\u017cne. Liczba mnoga istoty boskiej w tej definicji oznacza, \u017ce nie jest to dzia\u0142anie wymierzone w konkretny byt wy\u017cszy od ludzi, tylko w wy\u017csz\u0105 instancj\u0119, w byt nieokre\u015blony, kt\u00f3ry w danej wierze lub religii porz\u0105dkuje \u015bwiat, lub jest jego pierwszym poruszycielem. Tak wi\u0119c mo\u017ce to by\u0107 zar\u00f3wno chrze\u015bcija\u0144ski b\u00f3g, jak i Allah, a nawet ateistyczny porz\u0105dek \u015bwiata, kt\u00f3ry swe wyt\u0142umaczenie znajduje w najr\u00f3\u017cniejszych przyczynach. Mo\u017cemy dopu\u015bci\u0107 si\u0119 takiego ci\u0105gu przyczynowo skutkowego, gdy\u017c za prometejskich buntownik\u00f3w uznaje si\u0119, chocia\u017cby Konrada z <em>Dziad\u00f3w.<strong> <\/strong><\/em>Warto doda\u0107, \u017ce bohater prometejski ponosi zazwyczaj kar\u0119 i cierpi w samotno\u015bci. <\/p>\n\n\n\n<p>Po drugie &#8211; D\u017cuma to powie\u015bci paraboliczna, czyli utw\u00f3r obrazuj\u0105cy pewne uniwersalne prawdy moralne, filozoficzne, religijne i tym podobne. Tak wi\u0119c, w obliczu tej definicji, d\u017cuma jako choroba przyjmuje form\u0119 szeroko pojmowanego &#8211;<strong> <\/strong>z\u0142a, wojny lub system\u00f3w totalitarnych &#8211; komunizmu oraz faszyzmu.<strong> <\/strong><\/p>\n\n\n\n<p>Po trzecie &#8211; nale\u017cy dok\u0142adniej nieco opisa\u0107 zjawisko powie\u015bciowej zarazy. D\u017cum\u0119 przynosi ludzko\u015bci porz\u0105dek \u015bwiata, kt\u00f3ry jest niepodwa\u017calny, niezrozumia\u0142y, obcy cz\u0142owiekowi.  <em><strong>Zarazy s\u0105 w istocie spraw\u0105 zwyczajn\u0105, ale z trudem si\u0119 w nie wierzy, kiedy si\u0119 na nas wal\u0105. Na \u015bwiecie by\u0142o tyle d\u017cum, co wojen. Mimo to d\u017cumy i wojny zastaj\u0105 ludzi tak samo zaskoczonych. <\/strong><\/em>Ludzie s\u0105 zaskoczeni z\u0142em, gdy\u017c w ich rutynowym \u017cyciu, okre\u015blanym przez Camusa jako Mit Syzyfa, nie ma z\u0142a ani dobra; zapominaj\u0105 si\u0119 w pracy i prostych przyjemno\u015bciach, nie s\u0105 \u015bwiadomi ani \u015bmierci, ani z\u0142a. Nie chc\u0105 dostrzega\u0107 potencjalnego zagro\u017cenia, gdy\u017c bez jego widma \u017cycie jest \u0142atwiejsze i pogodniejsze. Ponadto, zaczynaj\u0105 zdawa\u0107 sobie spraw\u0119 z powagi sytuacji, gdy d\u017cuma zaczyna ingerowa\u0107 w ich \u017cycie codzienne &#8211; wcze\u015bniej symptomy d\u017cumy s\u0105 ignorowane. <\/p>\n\n\n\n<p>Po czwarte &#8211; doktor Bernard Rieux<strong>.  <\/strong>To wywodz\u0105cy si\u0119 z klasy robotniczej lekarz, dla kt\u00f3rego zdobycie takiego fachu by\u0142o nie lada wyzwaniem.  Mo\u017cna powiedzie\u0107, \u017ce musia\u0142 wykona\u0107<strong> tytaniczn\u0105<\/strong> prac\u0119, aby osi\u0105gn\u0105\u0107 sw\u00f3j cel. <strong>&#8211;<\/strong><em><strong>Ale najpilniejsz\u0105 spraw\u0105 jest ich leczy\u0107. Broni\u0119 ich, jak mog\u0119, oto wszystko. -Przeciw czemu? -Nie wiem, przysi\u0119gam panu, \u017ce nie wiem. <\/strong><\/em><strong>[&#8230;] <em>By\u0142em w\u00f3wczas m\u0142ody i zdawa\u0142o mi si\u0119, \u017ce moja niech\u0119\u0107 godzi w porz\u0105dek \u015bwiata. <\/em>[&#8230;] <em>-Skoro \u015bmier\u0107 ustanawia porz\u0105dek \u015bwiata, mo\u017ce lepiej jest dla Boga, \u017ce nie wierzy si\u0119 w niego i walczy ze wszystkich si\u0142 ze \u015bmierci\u0105, nie wznosz\u0105c oczu ku temu niebu, gdzie on milczy. <\/em><\/strong><\/p>\n\n\n\n<p>Bernard Rieux nie czeka\u0142 na reakcj\u0119 Boga i ze wszystkich si\u0142 walczy\u0142 ze \u015bmierci\u0105, kt\u00f3ra bez jego ingerencji, czeka\u0142aby wszystkich mieszka\u0144c\u00f3w Oranu. Dba\u0142 o ludzi, kierowany ide\u0105 humanizmu, pojmowanego przez egzystencjalist\u00f3w jako dobro jednostki, prawo do wolno\u015bci i szcz\u0119\u015bcia osobistego. Oba te prawa zabra\u0142a cz\u0142owiekowi d\u017cuma (z\u0142o, przyniesione przez porz\u0105dek \u015bwiata\/wojna\/totalitarny ustr\u00f3j). Dlatego te\u017c nie sprzeciwia si\u0119 i nie pogardza planem ucieczki Ramberta <em><strong>-Pragnienie szcz\u0119\u015bcia to \u017caden wstyd. <\/strong><\/em>Ponadto lekarz ma \u015bwiadomo\u015b\u0107 tragizmu zar\u00f3wno w\u0142asnego, jak i ca\u0142ej ludzko\u015bci &#8211; <strong><em>Bakcyl d\u017cumy nigdy nie umiera<\/em><\/strong>. Ponosi r\u00f3wnie\u017c osobist\u0105 kl\u0119sk\u0119 i cierpi w samotno\u015bci, gdy\u017c jego \u017cona umiera w sanatorium.  Rieux widzi bezbronnych wobec zarazy ludzi; jest \u015bwiadkiem \u015bmierci niewinnych, kilkuletnich dzieci; mimo ci\u0105\u017c\u0105cego nad nim sta\u0142ego zagro\u017cenia, nie poddaje si\u0119. Ponosi zwyci\u0119stwo moralne, do kt\u00f3rego pokierowa\u0142 go egzystencjalny humanizm oraz w\u0142asne sumienie, zbudowane na uczciwej pracy. Niestety spotyka go r\u00f3wnie\u017c osobista kara. To wszystko oczywi\u015bcie czyni go uciele\u015bnieniem prometeizmu. <\/p>\n\n\n\n<p><strong>Dlaczego?<\/strong><\/p>\n\n\n\n<p>Dla Camusa to fundamentalne pytanie, dla mnie za\u015b &#8211; przyczyna smutku.<\/p>\n\n\n\n<p>Omawianie<em> Ferdydurke<\/em> i <em>Procesu<\/em> we fragmentach to nie\u015bmieszny \u017cart. Omawianie <em>Potopu<strong> <\/strong><\/em>w ca\u0142o\u015bci to obrzydliwo\u015b\u0107. Z ca\u0142ej tw\u00f3rczo\u015bci Tokarczuk wyci\u0105gni\u0119cie jednego opowiadania to potworna pomy\u0142ka. Ale om\u00f3wienie<em> D\u017cumy<\/em>, bez kontekstu, tj. <em>Mitu Syzyfa<strong>, <\/strong><\/em>bez wspomnienia o prometeizmie Rieuxa, uproszczenie filozofii Camusa i wepchni\u0119cie go do egzystencjalist\u00f3w, kt\u00f3rzy r\u00f3wnie\u017c streszczeni s\u0105 do dw\u00f3ch twierdze\u0144 &#8211;<em> \u017cycie nie ma sensu i cz\u0142owiek stoi przed wyborami<\/em>. Byle tylko zd\u0105\u017cy\u0107, byle om\u00f3wi\u0107 wszystkie 80 lektur &#8211; to przewy\u017csza wszystkie wcze\u015bniej wspomniane absurdy. Licealista nie ma prawa zrozumie\u0107<strong> <em>D\u017cumy<\/em><\/strong> bez kontekstu, tak samo, jak <strong><em>Procesu<\/em><\/strong> z reszt\u0105. Brzydzi mnie podstawa programowa, kt\u00f3ra stawia na ilo\u015b\u0107, a nie jako\u015b\u0107. To zniech\u0119ca m\u0142odego cz\u0142owieka do literatury, gdy\u017c przedstawia mu si\u0119 j\u0105 w pigu\u0142ce, st\u0142amszon\u0105, zmieszan\u0105; w takiej postaci przypomina co najwy\u017cej wymiociny.<\/p>\n\n\n\n<p>Rozumiem argument, \u017ce j\u0119zyk polski to nie filozofia. Skoro tak, to dlaczego omawia si\u0119 na nim powie\u015b\u0107, kt\u00f3ra bez szeroko zakrojonego kontekstu filozoficznego, nie jest pe\u0142noprawnym dzie\u0142em? Niech za dow\u00f3d niedba\u0142o\u015bci w tych kwestiach stanowi fakt, \u017ce w jednym z podr\u0119cznik\u00f3w do j\u0119zyka polskiego, jako dzie\u0142o Camusa wpisany jest <em>Mit Prometeusza<\/em>. Taki utw\u00f3r oczywi\u015bcie nie istnieje. <\/p>\n\n\n\n<p><\/p>\n","protected":false},"excerpt":{"rendered":"<p>Prometeusz tylko hipotetycznie stworzy\u0142 cz\u0142owieka. Faktem jest jednak to, \u017ce Prometeusz ujrza\u0142 cz\u0142owieka nagiego, s\u0142abego i bezbronnego, bezsilnego, kt\u00f3rego w brutalnym \u015bwiecie czeka\u0142a jedynie rych\u0142a \u015bmier\u0107. Tytan zapragn\u0105\u0142 im pom\u00f3c &#8211; wykrad\u0142 wi\u0119c z Olimpu ogie\u0144 i da\u0142 go ludzko\u015bci. Na spo\u0142ecze\u0144stwo zosta\u0142y zrzucone wszystkie troski tego \u015bwiata (puszka Pandory). Za ten i nast\u0119pne wyst\u0119pki (kt\u00f3re w definicji prometeizmu ani w D\u017cumie nie odgrywaj\u0105 \u017cadnego znaczenia), kt\u00f3re heros uczyni\u0142 przeciw bogom, zosta\u0142 ukarany przekuciem do ska\u0142 Kaukazu, gdzie powracaj\u0105cy co noc s\u0119p wyjada\u0142 mu odrastaj\u0105c\u0105 w\u0105trob\u0119. <\/p>\n","protected":false},"author":6,"featured_media":8958,"comment_status":"closed","ping_status":"closed","sticky":false,"template":"","format":"standard","meta":{"colormag_page_container_layout":"no_sidebar_content_centered","colormag_page_sidebar_layout":"no_sidebar","_jetpack_memberships_contains_paid_content":false,"footnotes":"","_links_to":"","_links_to_target":""},"categories":[64,39],"tags":[52,72,55],"class_list":["post-8949","post","type-post","status-publish","format-standard","has-post-thumbnail","hentry","category-aktualnosci","category-literatura","tag-kultura","tag-literatura","tag-spoleczenstwo"],"yoast_head":"<!-- This site is optimized with the Yoast SEO plugin v27.4 - https:\/\/yoast.com\/product\/yoast-seo-wordpress\/ -->\n<title>Prometeizm w &quot;D\u017cumie&quot; i absurdyzm w szkolnictwie - NOTABENE.WORLD<\/title>\n<meta name=\"robots\" content=\"index, follow, max-snippet:-1, max-image-preview:large, max-video-preview:-1\" \/>\n<link rel=\"canonical\" href=\"https:\/\/notabene.world\/nb\/prometeizm-w-dzumie-i-absurdyzm-w-szkolnictwie\/\" \/>\n<meta property=\"og:locale\" content=\"pl_PL\" \/>\n<meta property=\"og:type\" content=\"article\" \/>\n<meta property=\"og:title\" content=\"Prometeizm w &quot;D\u017cumie&quot; i absurdyzm w szkolnictwie - NOTABENE.WORLD\" \/>\n<meta property=\"og:description\" content=\"Prometeusz tylko hipotetycznie stworzy\u0142 cz\u0142owieka. Faktem jest jednak to, \u017ce Prometeusz ujrza\u0142 cz\u0142owieka nagiego, s\u0142abego i bezbronnego, bezsilnego, kt\u00f3rego w brutalnym \u015bwiecie czeka\u0142a jedynie rych\u0142a \u015bmier\u0107. Tytan zapragn\u0105\u0142 im pom\u00f3c - wykrad\u0142 wi\u0119c z Olimpu ogie\u0144 i da\u0142 go ludzko\u015bci. Na spo\u0142ecze\u0144stwo zosta\u0142y zrzucone wszystkie troski tego \u015bwiata (puszka Pandory). Za ten i nast\u0119pne wyst\u0119pki (kt\u00f3re w definicji prometeizmu ani w D\u017cumie nie odgrywaj\u0105 \u017cadnego znaczenia), kt\u00f3re heros uczyni\u0142 przeciw bogom, zosta\u0142 ukarany przekuciem do ska\u0142 Kaukazu, gdzie powracaj\u0105cy co noc s\u0119p wyjada\u0142 mu odrastaj\u0105c\u0105 w\u0105trob\u0119.\" \/>\n<meta property=\"og:url\" content=\"https:\/\/notabene.world\/nb\/prometeizm-w-dzumie-i-absurdyzm-w-szkolnictwie\/\" \/>\n<meta property=\"og:site_name\" content=\"NOTABENE.WORLD\" \/>\n<meta property=\"article:publisher\" content=\"https:\/\/www.facebook.com\/Notabene.World\" \/>\n<meta property=\"article:author\" content=\"https:\/\/www.facebook.com\/profile.php?id=100014087373140\" \/>\n<meta property=\"article:published_time\" content=\"2023-02-20T17:06:55+00:00\" \/>\n<meta property=\"article:modified_time\" content=\"2024-03-19T04:55:03+00:00\" \/>\n<meta property=\"og:image\" content=\"https:\/\/notabene.world\/nb\/wp-content\/uploads\/2023\/02\/jt23.jpg\" \/>\n\t<meta property=\"og:image:width\" content=\"800\" \/>\n\t<meta property=\"og:image:height\" content=\"445\" \/>\n\t<meta property=\"og:image:type\" content=\"image\/jpeg\" \/>\n<meta name=\"author\" content=\"Julian Tarnowski\" \/>\n<meta name=\"twitter:card\" content=\"summary_large_image\" \/>\n<meta name=\"twitter:creator\" content=\"@JulianTarnowsk1\" \/>\n<meta name=\"twitter:label1\" content=\"Napisane przez\" \/>\n\t<meta name=\"twitter:data1\" content=\"Julian Tarnowski\" \/>\n\t<meta name=\"twitter:label2\" content=\"Szacowany czas czytania\" \/>\n\t<meta name=\"twitter:data2\" content=\"5 minut\" \/>\n<script type=\"application\/ld+json\" class=\"yoast-schema-graph\">{\"@context\":\"https:\\\/\\\/schema.org\",\"@graph\":[{\"@type\":\"Article\",\"@id\":\"https:\\\/\\\/notabene.world\\\/nb\\\/prometeizm-w-dzumie-i-absurdyzm-w-szkolnictwie\\\/#article\",\"isPartOf\":{\"@id\":\"https:\\\/\\\/notabene.world\\\/nb\\\/prometeizm-w-dzumie-i-absurdyzm-w-szkolnictwie\\\/\"},\"author\":{\"name\":\"Julian Tarnowski\",\"@id\":\"https:\\\/\\\/notabene.world\\\/nb\\\/#\\\/schema\\\/person\\\/890c5cc2bd0337867802bcca5ee56dee\"},\"headline\":\"Prometeizm w &#8222;D\u017cumie&#8221; i absurdyzm w szkolnictwie\",\"datePublished\":\"2023-02-20T17:06:55+00:00\",\"dateModified\":\"2024-03-19T04:55:03+00:00\",\"mainEntityOfPage\":{\"@id\":\"https:\\\/\\\/notabene.world\\\/nb\\\/prometeizm-w-dzumie-i-absurdyzm-w-szkolnictwie\\\/\"},\"wordCount\":1025,\"publisher\":{\"@id\":\"https:\\\/\\\/notabene.world\\\/nb\\\/#organization\"},\"image\":{\"@id\":\"https:\\\/\\\/notabene.world\\\/nb\\\/prometeizm-w-dzumie-i-absurdyzm-w-szkolnictwie\\\/#primaryimage\"},\"thumbnailUrl\":\"https:\\\/\\\/i0.wp.com\\\/notabene.world\\\/nb\\\/wp-content\\\/uploads\\\/2023\\\/02\\\/jt23.jpg?fit=800%2C445&ssl=1\",\"keywords\":[\"#kultura\",\"#literatura\",\"#spo\u0142ecze\u0144stwo\"],\"articleSection\":[\"Aktualno\u015bci\",\"Literatura\"],\"inLanguage\":\"pl-PL\"},{\"@type\":\"WebPage\",\"@id\":\"https:\\\/\\\/notabene.world\\\/nb\\\/prometeizm-w-dzumie-i-absurdyzm-w-szkolnictwie\\\/\",\"url\":\"https:\\\/\\\/notabene.world\\\/nb\\\/prometeizm-w-dzumie-i-absurdyzm-w-szkolnictwie\\\/\",\"name\":\"Prometeizm w \\\"D\u017cumie\\\" i absurdyzm w szkolnictwie - NOTABENE.WORLD\",\"isPartOf\":{\"@id\":\"https:\\\/\\\/notabene.world\\\/nb\\\/#website\"},\"primaryImageOfPage\":{\"@id\":\"https:\\\/\\\/notabene.world\\\/nb\\\/prometeizm-w-dzumie-i-absurdyzm-w-szkolnictwie\\\/#primaryimage\"},\"image\":{\"@id\":\"https:\\\/\\\/notabene.world\\\/nb\\\/prometeizm-w-dzumie-i-absurdyzm-w-szkolnictwie\\\/#primaryimage\"},\"thumbnailUrl\":\"https:\\\/\\\/i0.wp.com\\\/notabene.world\\\/nb\\\/wp-content\\\/uploads\\\/2023\\\/02\\\/jt23.jpg?fit=800%2C445&ssl=1\",\"datePublished\":\"2023-02-20T17:06:55+00:00\",\"dateModified\":\"2024-03-19T04:55:03+00:00\",\"breadcrumb\":{\"@id\":\"https:\\\/\\\/notabene.world\\\/nb\\\/prometeizm-w-dzumie-i-absurdyzm-w-szkolnictwie\\\/#breadcrumb\"},\"inLanguage\":\"pl-PL\",\"potentialAction\":[{\"@type\":\"ReadAction\",\"target\":[\"https:\\\/\\\/notabene.world\\\/nb\\\/prometeizm-w-dzumie-i-absurdyzm-w-szkolnictwie\\\/\"]}]},{\"@type\":\"ImageObject\",\"inLanguage\":\"pl-PL\",\"@id\":\"https:\\\/\\\/notabene.world\\\/nb\\\/prometeizm-w-dzumie-i-absurdyzm-w-szkolnictwie\\\/#primaryimage\",\"url\":\"https:\\\/\\\/i0.wp.com\\\/notabene.world\\\/nb\\\/wp-content\\\/uploads\\\/2023\\\/02\\\/jt23.jpg?fit=800%2C445&ssl=1\",\"contentUrl\":\"https:\\\/\\\/i0.wp.com\\\/notabene.world\\\/nb\\\/wp-content\\\/uploads\\\/2023\\\/02\\\/jt23.jpg?fit=800%2C445&ssl=1\",\"width\":800,\"height\":445},{\"@type\":\"BreadcrumbList\",\"@id\":\"https:\\\/\\\/notabene.world\\\/nb\\\/prometeizm-w-dzumie-i-absurdyzm-w-szkolnictwie\\\/#breadcrumb\",\"itemListElement\":[{\"@type\":\"ListItem\",\"position\":1,\"name\":\"Home\",\"item\":\"https:\\\/\\\/notabene.world\\\/nb\\\/\"},{\"@type\":\"ListItem\",\"position\":2,\"name\":\"Prometeizm w &#8220;D\u017cumie&#8221; i absurdyzm w szkolnictwie\"}]},{\"@type\":\"WebSite\",\"@id\":\"https:\\\/\\\/notabene.world\\\/nb\\\/#website\",\"url\":\"https:\\\/\\\/notabene.world\\\/nb\\\/\",\"name\":\"NOTABENE.WORLD\",\"description\":\"Przekaz. Warto\u015bci. Wsp\u00f3lnota.\",\"publisher\":{\"@id\":\"https:\\\/\\\/notabene.world\\\/nb\\\/#organization\"},\"potentialAction\":[{\"@type\":\"SearchAction\",\"target\":{\"@type\":\"EntryPoint\",\"urlTemplate\":\"https:\\\/\\\/notabene.world\\\/nb\\\/?s={search_term_string}\"},\"query-input\":{\"@type\":\"PropertyValueSpecification\",\"valueRequired\":true,\"valueName\":\"search_term_string\"}}],\"inLanguage\":\"pl-PL\"},{\"@type\":\"Organization\",\"@id\":\"https:\\\/\\\/notabene.world\\\/nb\\\/#organization\",\"name\":\"NOTABENE.WORLD\",\"url\":\"https:\\\/\\\/notabene.world\\\/nb\\\/\",\"logo\":{\"@type\":\"ImageObject\",\"inLanguage\":\"pl-PL\",\"@id\":\"https:\\\/\\\/notabene.world\\\/nb\\\/#\\\/schema\\\/logo\\\/image\\\/\",\"url\":\"https:\\\/\\\/notabene.world\\\/nb\\\/wp-content\\\/uploads\\\/2022\\\/01\\\/NB-club-start-www1.jpg\",\"contentUrl\":\"https:\\\/\\\/notabene.world\\\/nb\\\/wp-content\\\/uploads\\\/2022\\\/01\\\/NB-club-start-www1.jpg\",\"width\":1000,\"height\":839,\"caption\":\"NOTABENE.WORLD\"},\"image\":{\"@id\":\"https:\\\/\\\/notabene.world\\\/nb\\\/#\\\/schema\\\/logo\\\/image\\\/\"},\"sameAs\":[\"https:\\\/\\\/www.facebook.com\\\/Notabene.World\"]},{\"@type\":\"Person\",\"@id\":\"https:\\\/\\\/notabene.world\\\/nb\\\/#\\\/schema\\\/person\\\/890c5cc2bd0337867802bcca5ee56dee\",\"name\":\"Julian Tarnowski\",\"image\":{\"@type\":\"ImageObject\",\"inLanguage\":\"pl-PL\",\"@id\":\"https:\\\/\\\/secure.gravatar.com\\\/avatar\\\/151c2da0993f25c9e553bfa30b4da86942b5a68cf934473be0bc4dc52284b95b?s=96&d=mm&r=g\",\"url\":\"https:\\\/\\\/secure.gravatar.com\\\/avatar\\\/151c2da0993f25c9e553bfa30b4da86942b5a68cf934473be0bc4dc52284b95b?s=96&d=mm&r=g\",\"contentUrl\":\"https:\\\/\\\/secure.gravatar.com\\\/avatar\\\/151c2da0993f25c9e553bfa30b4da86942b5a68cf934473be0bc4dc52284b95b?s=96&d=mm&r=g\",\"caption\":\"Julian Tarnowski\"},\"sameAs\":[\"https:\\\/\\\/www.facebook.com\\\/profile.php?id=100014087373140\",\"https:\\\/\\\/www.instagram.com\\\/tarnowskiofficial\\\/\",\"https:\\\/\\\/x.com\\\/JulianTarnowsk1\"],\"url\":\"https:\\\/\\\/notabene.world\\\/nb\\\/author\\\/julian\\\/\"}]}<\/script>\n<!-- \/ Yoast SEO plugin. -->","yoast_head_json":{"title":"Prometeizm w \"D\u017cumie\" i absurdyzm w szkolnictwie - NOTABENE.WORLD","robots":{"index":"index","follow":"follow","max-snippet":"max-snippet:-1","max-image-preview":"max-image-preview:large","max-video-preview":"max-video-preview:-1"},"canonical":"https:\/\/notabene.world\/nb\/prometeizm-w-dzumie-i-absurdyzm-w-szkolnictwie\/","og_locale":"pl_PL","og_type":"article","og_title":"Prometeizm w \"D\u017cumie\" i absurdyzm w szkolnictwie - NOTABENE.WORLD","og_description":"Prometeusz tylko hipotetycznie stworzy\u0142 cz\u0142owieka. Faktem jest jednak to, \u017ce Prometeusz ujrza\u0142 cz\u0142owieka nagiego, s\u0142abego i bezbronnego, bezsilnego, kt\u00f3rego w brutalnym \u015bwiecie czeka\u0142a jedynie rych\u0142a \u015bmier\u0107. Tytan zapragn\u0105\u0142 im pom\u00f3c - wykrad\u0142 wi\u0119c z Olimpu ogie\u0144 i da\u0142 go ludzko\u015bci. Na spo\u0142ecze\u0144stwo zosta\u0142y zrzucone wszystkie troski tego \u015bwiata (puszka Pandory). Za ten i nast\u0119pne wyst\u0119pki (kt\u00f3re w definicji prometeizmu ani w D\u017cumie nie odgrywaj\u0105 \u017cadnego znaczenia), kt\u00f3re heros uczyni\u0142 przeciw bogom, zosta\u0142 ukarany przekuciem do ska\u0142 Kaukazu, gdzie powracaj\u0105cy co noc s\u0119p wyjada\u0142 mu odrastaj\u0105c\u0105 w\u0105trob\u0119.","og_url":"https:\/\/notabene.world\/nb\/prometeizm-w-dzumie-i-absurdyzm-w-szkolnictwie\/","og_site_name":"NOTABENE.WORLD","article_publisher":"https:\/\/www.facebook.com\/Notabene.World","article_author":"https:\/\/www.facebook.com\/profile.php?id=100014087373140","article_published_time":"2023-02-20T17:06:55+00:00","article_modified_time":"2024-03-19T04:55:03+00:00","og_image":[{"width":800,"height":445,"url":"https:\/\/notabene.world\/nb\/wp-content\/uploads\/2023\/02\/jt23.jpg","type":"image\/jpeg"}],"author":"Julian Tarnowski","twitter_card":"summary_large_image","twitter_creator":"@JulianTarnowsk1","twitter_misc":{"Napisane przez":"Julian Tarnowski","Szacowany czas czytania":"5 minut"},"schema":{"@context":"https:\/\/schema.org","@graph":[{"@type":"Article","@id":"https:\/\/notabene.world\/nb\/prometeizm-w-dzumie-i-absurdyzm-w-szkolnictwie\/#article","isPartOf":{"@id":"https:\/\/notabene.world\/nb\/prometeizm-w-dzumie-i-absurdyzm-w-szkolnictwie\/"},"author":{"name":"Julian Tarnowski","@id":"https:\/\/notabene.world\/nb\/#\/schema\/person\/890c5cc2bd0337867802bcca5ee56dee"},"headline":"Prometeizm w &#8222;D\u017cumie&#8221; i absurdyzm w szkolnictwie","datePublished":"2023-02-20T17:06:55+00:00","dateModified":"2024-03-19T04:55:03+00:00","mainEntityOfPage":{"@id":"https:\/\/notabene.world\/nb\/prometeizm-w-dzumie-i-absurdyzm-w-szkolnictwie\/"},"wordCount":1025,"publisher":{"@id":"https:\/\/notabene.world\/nb\/#organization"},"image":{"@id":"https:\/\/notabene.world\/nb\/prometeizm-w-dzumie-i-absurdyzm-w-szkolnictwie\/#primaryimage"},"thumbnailUrl":"https:\/\/i0.wp.com\/notabene.world\/nb\/wp-content\/uploads\/2023\/02\/jt23.jpg?fit=800%2C445&ssl=1","keywords":["#kultura","#literatura","#spo\u0142ecze\u0144stwo"],"articleSection":["Aktualno\u015bci","Literatura"],"inLanguage":"pl-PL"},{"@type":"WebPage","@id":"https:\/\/notabene.world\/nb\/prometeizm-w-dzumie-i-absurdyzm-w-szkolnictwie\/","url":"https:\/\/notabene.world\/nb\/prometeizm-w-dzumie-i-absurdyzm-w-szkolnictwie\/","name":"Prometeizm w \"D\u017cumie\" i absurdyzm w szkolnictwie - NOTABENE.WORLD","isPartOf":{"@id":"https:\/\/notabene.world\/nb\/#website"},"primaryImageOfPage":{"@id":"https:\/\/notabene.world\/nb\/prometeizm-w-dzumie-i-absurdyzm-w-szkolnictwie\/#primaryimage"},"image":{"@id":"https:\/\/notabene.world\/nb\/prometeizm-w-dzumie-i-absurdyzm-w-szkolnictwie\/#primaryimage"},"thumbnailUrl":"https:\/\/i0.wp.com\/notabene.world\/nb\/wp-content\/uploads\/2023\/02\/jt23.jpg?fit=800%2C445&ssl=1","datePublished":"2023-02-20T17:06:55+00:00","dateModified":"2024-03-19T04:55:03+00:00","breadcrumb":{"@id":"https:\/\/notabene.world\/nb\/prometeizm-w-dzumie-i-absurdyzm-w-szkolnictwie\/#breadcrumb"},"inLanguage":"pl-PL","potentialAction":[{"@type":"ReadAction","target":["https:\/\/notabene.world\/nb\/prometeizm-w-dzumie-i-absurdyzm-w-szkolnictwie\/"]}]},{"@type":"ImageObject","inLanguage":"pl-PL","@id":"https:\/\/notabene.world\/nb\/prometeizm-w-dzumie-i-absurdyzm-w-szkolnictwie\/#primaryimage","url":"https:\/\/i0.wp.com\/notabene.world\/nb\/wp-content\/uploads\/2023\/02\/jt23.jpg?fit=800%2C445&ssl=1","contentUrl":"https:\/\/i0.wp.com\/notabene.world\/nb\/wp-content\/uploads\/2023\/02\/jt23.jpg?fit=800%2C445&ssl=1","width":800,"height":445},{"@type":"BreadcrumbList","@id":"https:\/\/notabene.world\/nb\/prometeizm-w-dzumie-i-absurdyzm-w-szkolnictwie\/#breadcrumb","itemListElement":[{"@type":"ListItem","position":1,"name":"Home","item":"https:\/\/notabene.world\/nb\/"},{"@type":"ListItem","position":2,"name":"Prometeizm w &#8220;D\u017cumie&#8221; i absurdyzm w szkolnictwie"}]},{"@type":"WebSite","@id":"https:\/\/notabene.world\/nb\/#website","url":"https:\/\/notabene.world\/nb\/","name":"NOTABENE.WORLD","description":"Przekaz. Warto\u015bci. Wsp\u00f3lnota.","publisher":{"@id":"https:\/\/notabene.world\/nb\/#organization"},"potentialAction":[{"@type":"SearchAction","target":{"@type":"EntryPoint","urlTemplate":"https:\/\/notabene.world\/nb\/?s={search_term_string}"},"query-input":{"@type":"PropertyValueSpecification","valueRequired":true,"valueName":"search_term_string"}}],"inLanguage":"pl-PL"},{"@type":"Organization","@id":"https:\/\/notabene.world\/nb\/#organization","name":"NOTABENE.WORLD","url":"https:\/\/notabene.world\/nb\/","logo":{"@type":"ImageObject","inLanguage":"pl-PL","@id":"https:\/\/notabene.world\/nb\/#\/schema\/logo\/image\/","url":"https:\/\/notabene.world\/nb\/wp-content\/uploads\/2022\/01\/NB-club-start-www1.jpg","contentUrl":"https:\/\/notabene.world\/nb\/wp-content\/uploads\/2022\/01\/NB-club-start-www1.jpg","width":1000,"height":839,"caption":"NOTABENE.WORLD"},"image":{"@id":"https:\/\/notabene.world\/nb\/#\/schema\/logo\/image\/"},"sameAs":["https:\/\/www.facebook.com\/Notabene.World"]},{"@type":"Person","@id":"https:\/\/notabene.world\/nb\/#\/schema\/person\/890c5cc2bd0337867802bcca5ee56dee","name":"Julian Tarnowski","image":{"@type":"ImageObject","inLanguage":"pl-PL","@id":"https:\/\/secure.gravatar.com\/avatar\/151c2da0993f25c9e553bfa30b4da86942b5a68cf934473be0bc4dc52284b95b?s=96&d=mm&r=g","url":"https:\/\/secure.gravatar.com\/avatar\/151c2da0993f25c9e553bfa30b4da86942b5a68cf934473be0bc4dc52284b95b?s=96&d=mm&r=g","contentUrl":"https:\/\/secure.gravatar.com\/avatar\/151c2da0993f25c9e553bfa30b4da86942b5a68cf934473be0bc4dc52284b95b?s=96&d=mm&r=g","caption":"Julian Tarnowski"},"sameAs":["https:\/\/www.facebook.com\/profile.php?id=100014087373140","https:\/\/www.instagram.com\/tarnowskiofficial\/","https:\/\/x.com\/JulianTarnowsk1"],"url":"https:\/\/notabene.world\/nb\/author\/julian\/"}]}},"jetpack_featured_media_url":"https:\/\/i0.wp.com\/notabene.world\/nb\/wp-content\/uploads\/2023\/02\/jt23.jpg?fit=800%2C445&ssl=1","jetpack_sharing_enabled":true,"jetpack_shortlink":"https:\/\/wp.me\/pdCobN-2kl","_links":{"self":[{"href":"https:\/\/notabene.world\/nb\/wp-json\/wp\/v2\/posts\/8949","targetHints":{"allow":["GET"]}}],"collection":[{"href":"https:\/\/notabene.world\/nb\/wp-json\/wp\/v2\/posts"}],"about":[{"href":"https:\/\/notabene.world\/nb\/wp-json\/wp\/v2\/types\/post"}],"author":[{"embeddable":true,"href":"https:\/\/notabene.world\/nb\/wp-json\/wp\/v2\/users\/6"}],"replies":[{"embeddable":true,"href":"https:\/\/notabene.world\/nb\/wp-json\/wp\/v2\/comments?post=8949"}],"version-history":[{"count":5,"href":"https:\/\/notabene.world\/nb\/wp-json\/wp\/v2\/posts\/8949\/revisions"}],"predecessor-version":[{"id":8961,"href":"https:\/\/notabene.world\/nb\/wp-json\/wp\/v2\/posts\/8949\/revisions\/8961"}],"wp:featuredmedia":[{"embeddable":true,"href":"https:\/\/notabene.world\/nb\/wp-json\/wp\/v2\/media\/8958"}],"wp:attachment":[{"href":"https:\/\/notabene.world\/nb\/wp-json\/wp\/v2\/media?parent=8949"}],"wp:term":[{"taxonomy":"category","embeddable":true,"href":"https:\/\/notabene.world\/nb\/wp-json\/wp\/v2\/categories?post=8949"},{"taxonomy":"post_tag","embeddable":true,"href":"https:\/\/notabene.world\/nb\/wp-json\/wp\/v2\/tags?post=8949"}],"curies":[{"name":"wp","href":"https:\/\/api.w.org\/{rel}","templated":true}]}}