{"id":8962,"date":"2023-02-21T23:40:00","date_gmt":"2023-02-21T22:40:00","guid":{"rendered":"https:\/\/notabene.world\/nb\/?p=8962"},"modified":"2023-05-16T07:19:44","modified_gmt":"2023-05-16T05:19:44","slug":"ostatni-raz-o-dzumie-grand-i-sztuka","status":"publish","type":"post","link":"https:\/\/notabene.world\/nb\/ostatni-raz-o-dzumie-grand-i-sztuka\/","title":{"rendered":"Ostatni raz o &#8222;D\u017cumie&#8221; &#8211; Grand i sztuka"},"content":{"rendered":"\n<p>Obiecuj\u0119, \u017ce ostatni raz podejmuj\u0119 temat tej powie\u015bci. Jednak\u017ce czuj\u0119 wewn\u0119trzn\u0105 potrzeb\u0119 doko\u0144czenia swojego dzie\u0142a, gdy\u017c w szkole jedynie lizn\u0119li\u015bmy <em>D\u017cum\u0119,<\/em> wi\u0119c tkwi we mnie niedosyt i poczucie, \u017ce nie wszystko o niej wiem i \u017ce nie wszystko zosta\u0142o o niej (w mojej obecno\u015bci) powiedziane. Trzy artyku\u0142y po trzech lekturach tego arcydzie\u0142a, i wystarczy. <\/p>\n\n\n\n<p>Jak podaj\u0105 wszelakie opracowania z u\u015bmiechni\u0119tymi lud\u017ami na ok\u0142adce (ciekawe, z czego si\u0119 tak ciesz\u0105), <strong>Joseph Grand<\/strong> jest prostym, przeci\u0119tnym urz\u0119dnikiem.  Zosta\u0142 opuszczony przez \u017con\u0119 i obwinia si\u0119 za to; do\u0142\u0105cza do oddzia\u0142\u00f3w sanitarnych bez wahania. Jest skromny i potrafi okazywa\u0107 w czynach, swoje uczucia. Ma jednak problem z wyra\u017caniem w\u0142asnych my\u015bli, co ujawnia si\u0119 w jego j\u0105kaniu si\u0119 i problemami ze sko\u0144czeniem pierwszego zdania swojej powie\u015bci.  Tak wi\u0119c w k\u00f3\u0142ko poprawia t\u0119 sekwencj\u0119, wzbudzaj\u0105c niekiedy wr\u0119cz irytacj\u0119 swoim perfekcjonizmem.  Tu program szkolny ko\u0144czy wszelkie rozwa\u017cania o bohaterze, jednak Camus nie wykreowa\u0142 Granda w taki spos\u00f3b bez konkretnego powodu.<\/p>\n\n\n\n<p><strong><em>W pi\u0119kny poranek majowy wytworna amazonka, siedz\u0105c na wspania\u0142ej kasztance, jecha\u0142a kwitn\u0105cymi alejami Lasku Bulo\u0144skiego<\/em><\/strong><\/p>\n\n\n\n<p>Joseph Grand wpisuje si\u0119 w koncepcj\u0119 \u017cycia, ukazan\u0105 jako los Syzyfa. Pracuje codziennie, wykonuj\u0105c powtarzalne czynno\u015bci. Nale\u017cy jednak zauwa\u017cy\u0107, \u017ce r\u00f3\u017cni si\u0119 od og\u00f3\u0142u mieszka\u0144c\u00f3w Oranu, kt\u00f3rzy zaj\u0119ci s\u0105 robieniem interes\u00f3w i prostymi przyjemno\u015bciami. Granda nie podnieca hedonistyczny styl \u017cycia, tylko uczucia i sztuka &#8211; pisze powie\u015b\u0107 idealn\u0105, kt\u00f3ra odda \u015bwiat w pe\u0142ni realistycznie i opisze go, ujarzmi. Pos\u0142u\u017cmy si\u0119 teraz dwoma cytatami z <em><strong>Mitu Syzyfa<\/strong><\/em>:<\/p>\n\n\n\n<p><strong><em>\u015awiat, kt\u00f3ry mo\u017cna wyt\u0142umaczy\u0107 kiepskimi nawet racjami, jest \u015bwiatem bliskim. Na odwr\u00f3t, w \u015bwiecie pozbawionym nagle z\u0142udze\u0144 i \u015bwiate\u0142 cz\u0142owiek czuje si\u0119 obcy.<\/em> <\/strong>[&#8230;]<strong><em> T<\/em><\/strong><em><strong>a niezgodno\u015b\u0107 pomi\u0119dzy cz\u0142owiekiem a jego \u017cyciem, pomi\u0119dzy aktorem a dekoracj\u0105, jest w\u0142a\u015bnie poczuciem absurdu. <\/strong><\/em><\/p>\n\n\n\n<p><em><strong>G\u0142\u0119bokie uczucia, podobnie jak wielkie dzie\u0142a, znacz\u0105 zawsze wi\u0119cej, ni\u017c wyra\u017caj\u0105 \u015bwiadomie<\/strong><\/em>.<\/p>\n\n\n\n<p><em><strong>Spostrzec, \u017ce \u015bwiat jest ,,nieprzenikalny&#8221;, dojrze\u0107, jak obcy jest kamie\u0144, jak nie daje si\u0119 nam uj\u0105\u0107, z jak\u0105 si\u0142\u0105 natura, krajobraz mo\u017ce nas negowa\u0107. <\/strong><\/em><strong style=\"font-style: italic\">W g\u0142\u0119bi wszelkiego pi\u0119kna kryje si\u0119 co\u015b nieludzkiego, i te wzg\u00f3rza, \u0142agodno\u015b\u0107 nieba, rysunek drzew <\/strong><em><strong>w tej samej chwili trac\u0105 iluzoryczny sens, kt\u00f3ry im przydajemy, i odt\u0105d staj\u0105 si\u0119 bardziej odleg\u0142e ni\u017c raj utracony.<\/strong><\/em><\/p>\n\n\n\n<p>Grand to cz\u0142owiek, kt\u00f3ry ma \u015bwiadomo\u015b\u0107 w\u0142asnego tragizmu &#8211; wie doskonale o tym, \u017ce jego m\u0119ka i powtarzalno\u015b\u0107, tak samo, jak cierpienie Syzyfa, nigdy si\u0119 nie sko\u0144czy. Nie narzeka na nisk\u0105 pensj\u0119, nie pr\u00f3buje zapomnie\u0107 o absurdzie swej egzystencji, le\u017c\u0105c na pla\u017cy, otulaj\u0105c si\u0119 zgrabnymi paniami. T\u0119skni za \u017con\u0105, kt\u00f3r\u0105 kocha. \u0141\u0105cz\u0105c to z pierwszym cytatem z <em>Mitu Syzyfa, <\/em>Grand nie jest w stanie wyt\u0142umaczy\u0107 \u015bwiata ani sensu \u017cycia samemu sobie, za pomoc\u0105 \u0142atwych i banalnych argument\u00f3w. Nie ma z\u0142udze\u0144 co do swoich wad i tego, \u017ce nic nie znaczy jego kr\u00f3tkie trwanie, przez co \u015bwiat staje si\u0119 dla niego obcy, gdy\u017c pozbawia si\u0119 z\u0142udze\u0144. Grand ponadto jest \u015bwiadkiem rozmowy o m\u0119\u017cczy\u017anie, kt\u00f3ry postrzeli\u0142 na pla\u017cy araba. Jest to oczywi\u015bcie nawi\u0105zanie do powie\u015bci <em><strong>Obcy <\/strong><\/em>Camusa. \u0141\u0105czmy puzzle dalej.<\/p>\n\n\n\n<p>Grand jest zdolny do wielkich uczu\u0107, jednak\u017ce nie potrafi ich \u015bwiadomie wyrazi\u0107, co skutkuje jego samotno\u015bci\u0105 &#8211; porzuca go \u017cona, gdy\u017c nie umia\u0142 zapewni\u0107 jej, \u017ce j\u0105 kocha. Urz\u0119dnik pr\u00f3buje opisa\u0107 las i alej\u0119 \u015aWIADOMIE, przenikliwie, jakby ta aleja i las by\u0142 ludzki, a \u015bwiat bliski.<\/p>\n\n\n\n<p>Dla Granda nie wystarczy byle jaki opis \u015bwiata. Musi on by\u0107 idealny i w pe\u0142ni oddawa\u0107 po\u017c\u0105dany nastr\u00f3j. Niestety nie jest to mo\u017cliwe dla cz\u0142owieka, kt\u00f3ry odrzuca banalne wyt\u0142umaczenie swojej egzystencji i korzystanie z niej w prosty spos\u00f3b. Odrzucaj\u0105c te mo\u017cliwo\u015bci, odrzuca tak\u017ce mo\u017cliwo\u015b\u0107 \u015bwiadomego (oczywi\u015bcie pozornie) wyt\u0142umaczenia sobie przyrody, \u015bwiata, kt\u00f3ry go otacza, gdy\u017c rezygnuj\u0105c z wiary w jaki\u015b cel przy\u015bwiecaj\u0105cy w\u0142asnej egzystencji, odrzuca tak\u017ce celowo\u015b\u0107 innych element\u00f3w rzeczywisto\u015bci.  Cz\u0142owiek, zdaj\u0105cy sobie spraw\u0119 z tego, \u017ce \u015bwiat jest niezrozumia\u0142y, w konsekwencji nie potrafi go w spos\u00f3b zadowalaj\u0105cy opisa\u0107, gdy\u017c to nie jego \u015bwiat &#8211; to nie on stworzy\u0142 go, nie ustali\u0142 praw w nim panuj\u0105cych. Dlatego wci\u0105\u017c poprawiane zdanie nie satysfakcjonuje urz\u0119dnika, poniewa\u017c nieustannie poprawiany opis tego \u015bwiata wydaje mu si\u0119 niedok\u0142adny, a przez to oddalony, bardziej ni\u017c raj.  Oczywi\u015bcie ka\u017cda z wersji zdania, kt\u00f3r\u0105 proponuje Grand, jest poprawna i b\u0119dzie znaczy\u0142a wi\u0119cej na p\u0142aszczy\u017anie domys\u0142\u00f3w i nie\u015bwiadomego odbioru czytelnika. Tak wi\u0119c jego starania s\u0105 bezzasadne (za\u0142o\u017cenie egzystencjalizmu).<\/p>\n\n\n\n<p>W postaci Josepha Granda, Camus ukaza\u0142 perypetie Syzyfa \u015bwiadomego; wed\u0142ug filozofii Camusa, ma to swoje plusy i minusy. W tej \u015bwiadomo\u015bci kryje si\u0119 zar\u00f3wno tragizm cz\u0142owieka (\u015bmier\u0107, absurd, brak celu, niesko\u0144czona udr\u0119ka), jak i \u017ar\u00f3d\u0142o jego szcz\u0119\u015bcia &#8211; w momencie, gdy kamie\u0144, kt\u00f3ry d\u017awiga Grand, spadnie, on podniesie g\u0142ow\u0119 i spojrzy na \u015bwiat, znajdzie na moment w\u0142asny sens w tej kr\u00f3tkiej chwili wolno\u015bci, pomy\u015bli o \u017conie, kt\u00f3r\u0105 wci\u0105\u017c kocha. Zachwyci si\u0119 krajobrazem, kt\u00f3ry ma przed oczami i dozna kr\u00f3tkotrwa\u0142ego szcz\u0119\u015bcia &#8211; jednak\u017ce nie uda mu si\u0119 go uchwyci\u0107 takim, jakim jest, gdy\u017c wraz z chwyceniem o\u0142\u00f3wka \u015bwiat, kt\u00f3ry widzia\u0142, rozmyje mu si\u0119 przed oczami, rozma\u017ce, ponownie stanie si\u0119 obcy i oddalony. Zaraz potem podniesie g\u0142az i z powrotem uda si\u0119 z nim na szczyt g\u00f3ry. <\/p>\n\n\n\n<p>Grand jest tak\u017ce metafor\u0105 artysty w \u015bwiecie, w kt\u00f3rym nie ma odg\u00f3rnego, ustalonego porz\u0105dku. Camus pokazuje, \u017ce artyst\u0105 nie jest ten, kto pisze opakowane w pi\u0119kn\u0105 form\u0119 powie\u015bci, zawieraj\u0105ce liczne \u015brodki poetyckie, kt\u00f3re w gruncie rzeczy nic nie znacz\u0105. Artyst\u0105 jest Syzyf \u015bwiadomy; to cz\u0142owiek, kt\u00f3ry prze\u017cywa g\u0142\u0119bokie uczucia i jest wra\u017cliwy, widzi wi\u0119cej (<em><strong>Tylko arty\u015bci umiej\u0105 patrze\u0107<\/strong><\/em>). Rol\u0105 poety za\u015b nie jest idealne odwzorowanie \u015bwiata, gdy\u017c to potrafi\u0105 tylko \u015blepcy &#8211; dla Camusa wa\u017cne jest przelanie na papier lub p\u0142\u00f3tno, ludzk\u0105 czu\u0142o\u015b\u0107 i wra\u017cliwo\u015b\u0107; ponadto, do artysty nale\u017cy &#8211; ostrzega\u0107 i ratowa\u0107 spo\u0142ecze\u0144stwo przed z\u0142em (Grand ratuje Cottarda przed samob\u00f3jstwem i nie chodzi tu o to, \u017ce ratuje cz\u0142owieka przed Z\u0141YM czynem, tylko wyci\u0105ga r\u0119k\u0119 do z\u0142ego cz\u0142owieka) oraz porz\u0105dkowa\u0107 chaos, kt\u00f3ry panuje na \u015bwiecie (w formacjach sanitarnych wszystko dok\u0142adnie notuje, zajmuje si\u0119 statystyk\u0105).<\/p>\n\n\n\n<p>Francuski noblista pokazuje w <em>D\u017cumie, <\/em>\u017ce los ka\u017cdego cz\u0142owieka nie nale\u017cy do najprostszych. Zar\u00f3wno prometejski buntownik (Rieux), Syzyf \u015bwiadomy (Grand), jak i nie\u015bwiadomy (mieszka\u0144cy Oranu), cz\u0142owiek z\u0142y, nieuczciwy (Cottard), a tak\u017ce cz\u0142owiek w obliczu wyboru &#8211; Rambert; wszyscy cierpi\u0105. Jednak\u017ce to nie znaczy, \u017ce z powie\u015bci kipi skrajny pesymizm &#8211; w ko\u0144cu lekarz odnosi zwyci\u0119stwo moralne, Oran pokonuje zaraz\u0119, Rambert przechodzi pr\u00f3b\u0119 uczciwo\u015bci i dokonuje w\u0142a\u015bciwego wyboru. Jedynie koniec w\u0105tku Cottarda jest jednoznacznie negatywny. P\u0142ynie z tego nauka &#8211; o ile \u015bwiat jest niemo\u017cliwy do zrozumienia, a nasza egzystencja jest w samym, pierwotnym za\u0142o\u017ceniu absurdem &#8211; to warto by\u0107 uczciwym, warto dba\u0107 o drugiego cz\u0142owieka; warto kocha\u0107, warto solidaryzowa\u0107 si\u0119 z drugim cz\u0142owiekiem. Do wyboru mamy albo ca\u0142kowit\u0105 pora\u017ck\u0119, albo cz\u0119\u015bciowe zwyci\u0119stwo. <\/p>\n\n\n\n<p>Wspomina\u0142em ju\u017c, \u017ce <em>D\u017cum\u0119 <\/em>omawia si\u0119 po \u0142ebkach. Bardzo mi z tego powodu przykro. Zach\u0119cam was jednak do dog\u0142\u0119bnego dociekania, pytania i wnikania w \u015bwiaty przedstawione lektur obowi\u0105zkowych (szczeg\u00f3lnie tych od M\u0142odej Polski) B\u0105d\u017amy Syzyfem, kt\u00f3ry potrafi podnie\u015b\u0107 g\u0142ow\u0119 w g\u00f3r\u0119 i zobaczy\u0107 troch\u0119 wi\u0119cej. <\/p>\n","protected":false},"excerpt":{"rendered":"<p>Jak podaj\u0105 wszelakie opracowania z u\u015bmiechni\u0119tymi lud\u017ami na ok\u0142adce (ciekawe, z czego si\u0119 tak ciesz\u0105), Joseph Grand jest prostym, przeci\u0119tnym urz\u0119dnikiem.  Zosta\u0142 opuszczony przez \u017con\u0119 i obwinia si\u0119 za to; do\u0142\u0105cza do oddzia\u0142\u00f3w sanitarnych bez wahania. Jest skromny i potrafi okazywa\u0107 w czynach, swoje uczucia. Ma jednak problem z wyra\u017caniem w\u0142asnych my\u015bli, co ujawnia si\u0119 w jego j\u0105kaniu si\u0119 i problemami ze sko\u0144czeniem pierwszego zdania swojej powie\u015bci.  Tak wi\u0119c w k\u00f3\u0142ko poprawia t\u0119 sekwencj\u0119, wzbudzaj\u0105c niekiedy wr\u0119cz irytacj\u0119 swoim perfekcjonizmem.  Tu program szkolny ko\u0144czy wszelkie rozwa\u017cania o bohaterze, jednak Camus nie wykreowa\u0142 Granda w taki spos\u00f3b bez konkretnego powodu.<\/p>\n","protected":false},"author":6,"featured_media":8966,"comment_status":"closed","ping_status":"closed","sticky":false,"template":"","format":"standard","meta":{"colormag_page_container_layout":"default_layout","colormag_page_sidebar_layout":"default_layout","_jetpack_memberships_contains_paid_content":false,"footnotes":"","_links_to":"","_links_to_target":""},"categories":[6,41],"tags":[52,72],"class_list":["post-8962","post","type-post","status-publish","format-standard","has-post-thumbnail","hentry","category-kultura","category-sztuka","tag-kultura","tag-literatura"],"yoast_head":"<!-- This site is optimized with the Yoast SEO plugin v27.4 - https:\/\/yoast.com\/product\/yoast-seo-wordpress\/ -->\n<title>Ostatni raz o &quot;D\u017cumie&quot; - Grand i sztuka - NOTABENE.WORLD<\/title>\n<meta name=\"description\" content=\"B\u0105d\u017amy Syzyfem, kt\u00f3ry potrafi podnie\u015b\u0107 g\u0142ow\u0119 w g\u00f3r\u0119 i zobaczy\u0107 troch\u0119 wi\u0119cej\" \/>\n<meta name=\"robots\" content=\"index, follow, max-snippet:-1, max-image-preview:large, max-video-preview:-1\" \/>\n<link rel=\"canonical\" href=\"https:\/\/notabene.world\/nb\/ostatni-raz-o-dzumie-grand-i-sztuka\/\" \/>\n<meta property=\"og:locale\" content=\"pl_PL\" \/>\n<meta property=\"og:type\" content=\"article\" \/>\n<meta property=\"og:title\" content=\"Ostatni raz o &quot;D\u017cumie&quot; - Grand i sztuka - NOTABENE.WORLD\" \/>\n<meta property=\"og:description\" content=\"B\u0105d\u017amy Syzyfem, kt\u00f3ry potrafi podnie\u015b\u0107 g\u0142ow\u0119 w g\u00f3r\u0119 i zobaczy\u0107 troch\u0119 wi\u0119cej\" \/>\n<meta property=\"og:url\" content=\"https:\/\/notabene.world\/nb\/ostatni-raz-o-dzumie-grand-i-sztuka\/\" \/>\n<meta property=\"og:site_name\" content=\"NOTABENE.WORLD\" \/>\n<meta property=\"article:publisher\" content=\"https:\/\/www.facebook.com\/Notabene.World\" \/>\n<meta property=\"article:author\" content=\"https:\/\/www.facebook.com\/profile.php?id=100014087373140\" \/>\n<meta property=\"article:published_time\" content=\"2023-02-21T22:40:00+00:00\" \/>\n<meta property=\"article:modified_time\" content=\"2023-05-16T05:19:44+00:00\" \/>\n<meta property=\"og:image\" content=\"https:\/\/notabene.world\/nb\/wp-content\/uploads\/2023\/02\/pexels-daniel-xavier-908602.jpg\" \/>\n\t<meta property=\"og:image:width\" content=\"2000\" \/>\n\t<meta property=\"og:image:height\" content=\"1333\" \/>\n\t<meta property=\"og:image:type\" content=\"image\/jpeg\" \/>\n<meta name=\"author\" content=\"Julian Tarnowski\" \/>\n<meta name=\"twitter:card\" content=\"summary_large_image\" \/>\n<meta name=\"twitter:creator\" content=\"@JulianTarnowsk1\" \/>\n<meta name=\"twitter:label1\" content=\"Napisane przez\" \/>\n\t<meta name=\"twitter:data1\" content=\"Julian Tarnowski\" \/>\n\t<meta name=\"twitter:label2\" content=\"Szacowany czas czytania\" \/>\n\t<meta name=\"twitter:data2\" content=\"7 minut\" \/>\n<script type=\"application\/ld+json\" class=\"yoast-schema-graph\">{\"@context\":\"https:\\\/\\\/schema.org\",\"@graph\":[{\"@type\":\"Article\",\"@id\":\"https:\\\/\\\/notabene.world\\\/nb\\\/ostatni-raz-o-dzumie-grand-i-sztuka\\\/#article\",\"isPartOf\":{\"@id\":\"https:\\\/\\\/notabene.world\\\/nb\\\/ostatni-raz-o-dzumie-grand-i-sztuka\\\/\"},\"author\":{\"name\":\"Julian Tarnowski\",\"@id\":\"https:\\\/\\\/notabene.world\\\/nb\\\/#\\\/schema\\\/person\\\/890c5cc2bd0337867802bcca5ee56dee\"},\"headline\":\"Ostatni raz o &#8222;D\u017cumie&#8221; &#8211; Grand i sztuka\",\"datePublished\":\"2023-02-21T22:40:00+00:00\",\"dateModified\":\"2023-05-16T05:19:44+00:00\",\"mainEntityOfPage\":{\"@id\":\"https:\\\/\\\/notabene.world\\\/nb\\\/ostatni-raz-o-dzumie-grand-i-sztuka\\\/\"},\"wordCount\":1365,\"publisher\":{\"@id\":\"https:\\\/\\\/notabene.world\\\/nb\\\/#organization\"},\"image\":{\"@id\":\"https:\\\/\\\/notabene.world\\\/nb\\\/ostatni-raz-o-dzumie-grand-i-sztuka\\\/#primaryimage\"},\"thumbnailUrl\":\"https:\\\/\\\/i0.wp.com\\\/notabene.world\\\/nb\\\/wp-content\\\/uploads\\\/2023\\\/02\\\/pexels-daniel-xavier-908602.jpg?fit=2000%2C1333&ssl=1\",\"keywords\":[\"#kultura\",\"#literatura\"],\"articleSection\":[\"Kultura\",\"Sztuka\"],\"inLanguage\":\"pl-PL\"},{\"@type\":\"WebPage\",\"@id\":\"https:\\\/\\\/notabene.world\\\/nb\\\/ostatni-raz-o-dzumie-grand-i-sztuka\\\/\",\"url\":\"https:\\\/\\\/notabene.world\\\/nb\\\/ostatni-raz-o-dzumie-grand-i-sztuka\\\/\",\"name\":\"Ostatni raz o \\\"D\u017cumie\\\" - Grand i sztuka - NOTABENE.WORLD\",\"isPartOf\":{\"@id\":\"https:\\\/\\\/notabene.world\\\/nb\\\/#website\"},\"primaryImageOfPage\":{\"@id\":\"https:\\\/\\\/notabene.world\\\/nb\\\/ostatni-raz-o-dzumie-grand-i-sztuka\\\/#primaryimage\"},\"image\":{\"@id\":\"https:\\\/\\\/notabene.world\\\/nb\\\/ostatni-raz-o-dzumie-grand-i-sztuka\\\/#primaryimage\"},\"thumbnailUrl\":\"https:\\\/\\\/i0.wp.com\\\/notabene.world\\\/nb\\\/wp-content\\\/uploads\\\/2023\\\/02\\\/pexels-daniel-xavier-908602.jpg?fit=2000%2C1333&ssl=1\",\"datePublished\":\"2023-02-21T22:40:00+00:00\",\"dateModified\":\"2023-05-16T05:19:44+00:00\",\"description\":\"B\u0105d\u017amy Syzyfem, kt\u00f3ry potrafi podnie\u015b\u0107 g\u0142ow\u0119 w g\u00f3r\u0119 i zobaczy\u0107 troch\u0119 wi\u0119cej\",\"breadcrumb\":{\"@id\":\"https:\\\/\\\/notabene.world\\\/nb\\\/ostatni-raz-o-dzumie-grand-i-sztuka\\\/#breadcrumb\"},\"inLanguage\":\"pl-PL\",\"potentialAction\":[{\"@type\":\"ReadAction\",\"target\":[\"https:\\\/\\\/notabene.world\\\/nb\\\/ostatni-raz-o-dzumie-grand-i-sztuka\\\/\"]}]},{\"@type\":\"ImageObject\",\"inLanguage\":\"pl-PL\",\"@id\":\"https:\\\/\\\/notabene.world\\\/nb\\\/ostatni-raz-o-dzumie-grand-i-sztuka\\\/#primaryimage\",\"url\":\"https:\\\/\\\/i0.wp.com\\\/notabene.world\\\/nb\\\/wp-content\\\/uploads\\\/2023\\\/02\\\/pexels-daniel-xavier-908602.jpg?fit=2000%2C1333&ssl=1\",\"contentUrl\":\"https:\\\/\\\/i0.wp.com\\\/notabene.world\\\/nb\\\/wp-content\\\/uploads\\\/2023\\\/02\\\/pexels-daniel-xavier-908602.jpg?fit=2000%2C1333&ssl=1\",\"width\":2000,\"height\":1333},{\"@type\":\"BreadcrumbList\",\"@id\":\"https:\\\/\\\/notabene.world\\\/nb\\\/ostatni-raz-o-dzumie-grand-i-sztuka\\\/#breadcrumb\",\"itemListElement\":[{\"@type\":\"ListItem\",\"position\":1,\"name\":\"Home\",\"item\":\"https:\\\/\\\/notabene.world\\\/nb\\\/\"},{\"@type\":\"ListItem\",\"position\":2,\"name\":\"Ostatni raz o &#8220;D\u017cumie&#8221; &#8211; Grand i sztuka\"}]},{\"@type\":\"WebSite\",\"@id\":\"https:\\\/\\\/notabene.world\\\/nb\\\/#website\",\"url\":\"https:\\\/\\\/notabene.world\\\/nb\\\/\",\"name\":\"NOTABENE.WORLD\",\"description\":\"Przekaz. Warto\u015bci. Wsp\u00f3lnota.\",\"publisher\":{\"@id\":\"https:\\\/\\\/notabene.world\\\/nb\\\/#organization\"},\"potentialAction\":[{\"@type\":\"SearchAction\",\"target\":{\"@type\":\"EntryPoint\",\"urlTemplate\":\"https:\\\/\\\/notabene.world\\\/nb\\\/?s={search_term_string}\"},\"query-input\":{\"@type\":\"PropertyValueSpecification\",\"valueRequired\":true,\"valueName\":\"search_term_string\"}}],\"inLanguage\":\"pl-PL\"},{\"@type\":\"Organization\",\"@id\":\"https:\\\/\\\/notabene.world\\\/nb\\\/#organization\",\"name\":\"NOTABENE.WORLD\",\"url\":\"https:\\\/\\\/notabene.world\\\/nb\\\/\",\"logo\":{\"@type\":\"ImageObject\",\"inLanguage\":\"pl-PL\",\"@id\":\"https:\\\/\\\/notabene.world\\\/nb\\\/#\\\/schema\\\/logo\\\/image\\\/\",\"url\":\"https:\\\/\\\/notabene.world\\\/nb\\\/wp-content\\\/uploads\\\/2022\\\/01\\\/NB-club-start-www1.jpg\",\"contentUrl\":\"https:\\\/\\\/notabene.world\\\/nb\\\/wp-content\\\/uploads\\\/2022\\\/01\\\/NB-club-start-www1.jpg\",\"width\":1000,\"height\":839,\"caption\":\"NOTABENE.WORLD\"},\"image\":{\"@id\":\"https:\\\/\\\/notabene.world\\\/nb\\\/#\\\/schema\\\/logo\\\/image\\\/\"},\"sameAs\":[\"https:\\\/\\\/www.facebook.com\\\/Notabene.World\"]},{\"@type\":\"Person\",\"@id\":\"https:\\\/\\\/notabene.world\\\/nb\\\/#\\\/schema\\\/person\\\/890c5cc2bd0337867802bcca5ee56dee\",\"name\":\"Julian Tarnowski\",\"image\":{\"@type\":\"ImageObject\",\"inLanguage\":\"pl-PL\",\"@id\":\"https:\\\/\\\/secure.gravatar.com\\\/avatar\\\/151c2da0993f25c9e553bfa30b4da86942b5a68cf934473be0bc4dc52284b95b?s=96&d=mm&r=g\",\"url\":\"https:\\\/\\\/secure.gravatar.com\\\/avatar\\\/151c2da0993f25c9e553bfa30b4da86942b5a68cf934473be0bc4dc52284b95b?s=96&d=mm&r=g\",\"contentUrl\":\"https:\\\/\\\/secure.gravatar.com\\\/avatar\\\/151c2da0993f25c9e553bfa30b4da86942b5a68cf934473be0bc4dc52284b95b?s=96&d=mm&r=g\",\"caption\":\"Julian Tarnowski\"},\"sameAs\":[\"https:\\\/\\\/www.facebook.com\\\/profile.php?id=100014087373140\",\"https:\\\/\\\/www.instagram.com\\\/tarnowskiofficial\\\/\",\"https:\\\/\\\/x.com\\\/JulianTarnowsk1\"],\"url\":\"https:\\\/\\\/notabene.world\\\/nb\\\/author\\\/julian\\\/\"}]}<\/script>\n<!-- \/ Yoast SEO plugin. -->","yoast_head_json":{"title":"Ostatni raz o \"D\u017cumie\" - Grand i sztuka - NOTABENE.WORLD","description":"B\u0105d\u017amy Syzyfem, kt\u00f3ry potrafi podnie\u015b\u0107 g\u0142ow\u0119 w g\u00f3r\u0119 i zobaczy\u0107 troch\u0119 wi\u0119cej","robots":{"index":"index","follow":"follow","max-snippet":"max-snippet:-1","max-image-preview":"max-image-preview:large","max-video-preview":"max-video-preview:-1"},"canonical":"https:\/\/notabene.world\/nb\/ostatni-raz-o-dzumie-grand-i-sztuka\/","og_locale":"pl_PL","og_type":"article","og_title":"Ostatni raz o \"D\u017cumie\" - Grand i sztuka - NOTABENE.WORLD","og_description":"B\u0105d\u017amy Syzyfem, kt\u00f3ry potrafi podnie\u015b\u0107 g\u0142ow\u0119 w g\u00f3r\u0119 i zobaczy\u0107 troch\u0119 wi\u0119cej","og_url":"https:\/\/notabene.world\/nb\/ostatni-raz-o-dzumie-grand-i-sztuka\/","og_site_name":"NOTABENE.WORLD","article_publisher":"https:\/\/www.facebook.com\/Notabene.World","article_author":"https:\/\/www.facebook.com\/profile.php?id=100014087373140","article_published_time":"2023-02-21T22:40:00+00:00","article_modified_time":"2023-05-16T05:19:44+00:00","og_image":[{"width":2000,"height":1333,"url":"https:\/\/notabene.world\/nb\/wp-content\/uploads\/2023\/02\/pexels-daniel-xavier-908602.jpg","type":"image\/jpeg"}],"author":"Julian Tarnowski","twitter_card":"summary_large_image","twitter_creator":"@JulianTarnowsk1","twitter_misc":{"Napisane przez":"Julian Tarnowski","Szacowany czas czytania":"7 minut"},"schema":{"@context":"https:\/\/schema.org","@graph":[{"@type":"Article","@id":"https:\/\/notabene.world\/nb\/ostatni-raz-o-dzumie-grand-i-sztuka\/#article","isPartOf":{"@id":"https:\/\/notabene.world\/nb\/ostatni-raz-o-dzumie-grand-i-sztuka\/"},"author":{"name":"Julian Tarnowski","@id":"https:\/\/notabene.world\/nb\/#\/schema\/person\/890c5cc2bd0337867802bcca5ee56dee"},"headline":"Ostatni raz o &#8222;D\u017cumie&#8221; &#8211; Grand i sztuka","datePublished":"2023-02-21T22:40:00+00:00","dateModified":"2023-05-16T05:19:44+00:00","mainEntityOfPage":{"@id":"https:\/\/notabene.world\/nb\/ostatni-raz-o-dzumie-grand-i-sztuka\/"},"wordCount":1365,"publisher":{"@id":"https:\/\/notabene.world\/nb\/#organization"},"image":{"@id":"https:\/\/notabene.world\/nb\/ostatni-raz-o-dzumie-grand-i-sztuka\/#primaryimage"},"thumbnailUrl":"https:\/\/i0.wp.com\/notabene.world\/nb\/wp-content\/uploads\/2023\/02\/pexels-daniel-xavier-908602.jpg?fit=2000%2C1333&ssl=1","keywords":["#kultura","#literatura"],"articleSection":["Kultura","Sztuka"],"inLanguage":"pl-PL"},{"@type":"WebPage","@id":"https:\/\/notabene.world\/nb\/ostatni-raz-o-dzumie-grand-i-sztuka\/","url":"https:\/\/notabene.world\/nb\/ostatni-raz-o-dzumie-grand-i-sztuka\/","name":"Ostatni raz o \"D\u017cumie\" - Grand i sztuka - NOTABENE.WORLD","isPartOf":{"@id":"https:\/\/notabene.world\/nb\/#website"},"primaryImageOfPage":{"@id":"https:\/\/notabene.world\/nb\/ostatni-raz-o-dzumie-grand-i-sztuka\/#primaryimage"},"image":{"@id":"https:\/\/notabene.world\/nb\/ostatni-raz-o-dzumie-grand-i-sztuka\/#primaryimage"},"thumbnailUrl":"https:\/\/i0.wp.com\/notabene.world\/nb\/wp-content\/uploads\/2023\/02\/pexels-daniel-xavier-908602.jpg?fit=2000%2C1333&ssl=1","datePublished":"2023-02-21T22:40:00+00:00","dateModified":"2023-05-16T05:19:44+00:00","description":"B\u0105d\u017amy Syzyfem, kt\u00f3ry potrafi podnie\u015b\u0107 g\u0142ow\u0119 w g\u00f3r\u0119 i zobaczy\u0107 troch\u0119 wi\u0119cej","breadcrumb":{"@id":"https:\/\/notabene.world\/nb\/ostatni-raz-o-dzumie-grand-i-sztuka\/#breadcrumb"},"inLanguage":"pl-PL","potentialAction":[{"@type":"ReadAction","target":["https:\/\/notabene.world\/nb\/ostatni-raz-o-dzumie-grand-i-sztuka\/"]}]},{"@type":"ImageObject","inLanguage":"pl-PL","@id":"https:\/\/notabene.world\/nb\/ostatni-raz-o-dzumie-grand-i-sztuka\/#primaryimage","url":"https:\/\/i0.wp.com\/notabene.world\/nb\/wp-content\/uploads\/2023\/02\/pexels-daniel-xavier-908602.jpg?fit=2000%2C1333&ssl=1","contentUrl":"https:\/\/i0.wp.com\/notabene.world\/nb\/wp-content\/uploads\/2023\/02\/pexels-daniel-xavier-908602.jpg?fit=2000%2C1333&ssl=1","width":2000,"height":1333},{"@type":"BreadcrumbList","@id":"https:\/\/notabene.world\/nb\/ostatni-raz-o-dzumie-grand-i-sztuka\/#breadcrumb","itemListElement":[{"@type":"ListItem","position":1,"name":"Home","item":"https:\/\/notabene.world\/nb\/"},{"@type":"ListItem","position":2,"name":"Ostatni raz o &#8220;D\u017cumie&#8221; &#8211; Grand i sztuka"}]},{"@type":"WebSite","@id":"https:\/\/notabene.world\/nb\/#website","url":"https:\/\/notabene.world\/nb\/","name":"NOTABENE.WORLD","description":"Przekaz. Warto\u015bci. Wsp\u00f3lnota.","publisher":{"@id":"https:\/\/notabene.world\/nb\/#organization"},"potentialAction":[{"@type":"SearchAction","target":{"@type":"EntryPoint","urlTemplate":"https:\/\/notabene.world\/nb\/?s={search_term_string}"},"query-input":{"@type":"PropertyValueSpecification","valueRequired":true,"valueName":"search_term_string"}}],"inLanguage":"pl-PL"},{"@type":"Organization","@id":"https:\/\/notabene.world\/nb\/#organization","name":"NOTABENE.WORLD","url":"https:\/\/notabene.world\/nb\/","logo":{"@type":"ImageObject","inLanguage":"pl-PL","@id":"https:\/\/notabene.world\/nb\/#\/schema\/logo\/image\/","url":"https:\/\/notabene.world\/nb\/wp-content\/uploads\/2022\/01\/NB-club-start-www1.jpg","contentUrl":"https:\/\/notabene.world\/nb\/wp-content\/uploads\/2022\/01\/NB-club-start-www1.jpg","width":1000,"height":839,"caption":"NOTABENE.WORLD"},"image":{"@id":"https:\/\/notabene.world\/nb\/#\/schema\/logo\/image\/"},"sameAs":["https:\/\/www.facebook.com\/Notabene.World"]},{"@type":"Person","@id":"https:\/\/notabene.world\/nb\/#\/schema\/person\/890c5cc2bd0337867802bcca5ee56dee","name":"Julian Tarnowski","image":{"@type":"ImageObject","inLanguage":"pl-PL","@id":"https:\/\/secure.gravatar.com\/avatar\/151c2da0993f25c9e553bfa30b4da86942b5a68cf934473be0bc4dc52284b95b?s=96&d=mm&r=g","url":"https:\/\/secure.gravatar.com\/avatar\/151c2da0993f25c9e553bfa30b4da86942b5a68cf934473be0bc4dc52284b95b?s=96&d=mm&r=g","contentUrl":"https:\/\/secure.gravatar.com\/avatar\/151c2da0993f25c9e553bfa30b4da86942b5a68cf934473be0bc4dc52284b95b?s=96&d=mm&r=g","caption":"Julian Tarnowski"},"sameAs":["https:\/\/www.facebook.com\/profile.php?id=100014087373140","https:\/\/www.instagram.com\/tarnowskiofficial\/","https:\/\/x.com\/JulianTarnowsk1"],"url":"https:\/\/notabene.world\/nb\/author\/julian\/"}]}},"jetpack_featured_media_url":"https:\/\/i0.wp.com\/notabene.world\/nb\/wp-content\/uploads\/2023\/02\/pexels-daniel-xavier-908602.jpg?fit=2000%2C1333&ssl=1","jetpack_sharing_enabled":true,"jetpack_shortlink":"https:\/\/wp.me\/pdCobN-2ky","_links":{"self":[{"href":"https:\/\/notabene.world\/nb\/wp-json\/wp\/v2\/posts\/8962","targetHints":{"allow":["GET"]}}],"collection":[{"href":"https:\/\/notabene.world\/nb\/wp-json\/wp\/v2\/posts"}],"about":[{"href":"https:\/\/notabene.world\/nb\/wp-json\/wp\/v2\/types\/post"}],"author":[{"embeddable":true,"href":"https:\/\/notabene.world\/nb\/wp-json\/wp\/v2\/users\/6"}],"replies":[{"embeddable":true,"href":"https:\/\/notabene.world\/nb\/wp-json\/wp\/v2\/comments?post=8962"}],"version-history":[{"count":4,"href":"https:\/\/notabene.world\/nb\/wp-json\/wp\/v2\/posts\/8962\/revisions"}],"predecessor-version":[{"id":8992,"href":"https:\/\/notabene.world\/nb\/wp-json\/wp\/v2\/posts\/8962\/revisions\/8992"}],"wp:featuredmedia":[{"embeddable":true,"href":"https:\/\/notabene.world\/nb\/wp-json\/wp\/v2\/media\/8966"}],"wp:attachment":[{"href":"https:\/\/notabene.world\/nb\/wp-json\/wp\/v2\/media?parent=8962"}],"wp:term":[{"taxonomy":"category","embeddable":true,"href":"https:\/\/notabene.world\/nb\/wp-json\/wp\/v2\/categories?post=8962"},{"taxonomy":"post_tag","embeddable":true,"href":"https:\/\/notabene.world\/nb\/wp-json\/wp\/v2\/tags?post=8962"}],"curies":[{"name":"wp","href":"https:\/\/api.w.org\/{rel}","templated":true}]}}