{"id":8981,"date":"2023-02-22T11:54:43","date_gmt":"2023-02-22T10:54:43","guid":{"rendered":"https:\/\/notabene.world\/nb\/?p=8981"},"modified":"2023-11-30T15:47:03","modified_gmt":"2023-11-30T14:47:03","slug":"stad-do-wolnosci","status":"publish","type":"post","link":"https:\/\/notabene.world\/nb\/stad-do-wolnosci\/","title":{"rendered":"St\u0105d do WOLNO\u015aCI"},"content":{"rendered":"\r\n<p>Wed\u0142ug prezesa Kaczy\u0144skiego prezydent Joe Biden we wczorajszym przem\u00f3wieniu w Warszawie &#8222;nic nie powiedzia\u0142&#8221;. Wiemy sk\u0105din\u0105d nie od dzi\u015b, \u017ce prezesa w og\u00f3le trudno jest zadowoli\u0107. Prezes najlepiej czuje si\u0119 patrz\u0105c w patriotyczne lustro i s\u0142uchaj\u0105c samego siebie. Wtedy to jest &#8222;co\u015b&#8221;, w co obywatele bezwarunkowo powinni si\u0119 ws\u0142uchiwa\u0107. Gdyby na przyk\u0142ad przem\u00f3wi\u0142 do prezesa prezydent Trump, to te\u017c od razu by\u0142oby &#8222;co\u015b&#8221;. Ale\u017c ci Amerykanie nie wiedzieli na kogo zag\u0142osowa\u0107 w ostatnich wyborach&#8230;<\/p>\r\n\r\n\r\n\r\n<p>A teraz na powa\u017cnie. Za dwa dni minie rok od barbarzy\u0144skiej napa\u015bci post-sowieckiej Rosji na Ukrain\u0119. Najwa\u017cniejszym zatem staje si\u0119 to &#8222;co\u015b&#8221;, o czym m\u00f3wi\u0142 przedwczoraj osobi\u015bcie w Kijowie prezydent Biden. Zapewnienie o bezwarunkowym i konkretnym wsparciu dla wolnej, suwerennej, demokratycznej i niepodleg\u0142ej Ukrainy &#8222;tak d\u0142ugo jak to b\u0119dzie potrzebne&#8221; jest w tym momencie bezcenne. Taki jest kontekst, w jakim nale\u017cy rozumie\u0107 wyst\u0105pienie Bidena w Warszawie. S\u0142owem kluczem i klamr\u0105 do obu przem\u00f3wie\u0144 ameryka\u0144skiego prezydenta jest WOLNO\u015a\u0106.<\/p>\r\n\r\n\r\n\r\n<p>Niemal\u017ce dok\u0142adnie sze\u015b\u0107dziesi\u0105t lat temu 26. czerwca 1963 roku prezydent John F. Kennedy wyg\u0142osi\u0142 w podzielonym dopiero co murem Berlinie swoje s\u0142ynne przem\u00f3wienie, kt\u00f3rego sednem by\u0142o stwierdzenie: <em>\u201eWszyscy wolni ludzie, gdziekolwiek \u017cyj\u0105, s\u0105 obywatelami Berlina, i tym samym ja, jako wolny cz\u0142owiek z dum\u0105 m\u00f3wi\u0119 \u00abJestem berli\u0144czykiem\u00bb!<\/em>\u201d Per analogiam, w tym samym duchu nale\u017cy odbiera\u0107 ostatnie wyst\u0105pienia prezydenta Bidena w Kijowie i Warszawie AD 2023. I to jest to &#8222;co\u015b&#8221;, co \u2013 z jakich\u015b wzgl\u0119d\u00f3w \u2013 tak trudno dostrzec i poj\u0105\u0107 nie tylko nad-prezesowi III RP.<\/p>\r\n\r\n\r\n\r\n<p>&nbsp;<\/p>\r\n\r\n\r\n\r\n<p>&nbsp;<\/p>\r\n","protected":false},"excerpt":{"rendered":"<p>Wed\u0142ug prezesa Kaczy\u0144skiego prezydent Biden we wczorajszym przem\u00f3wieniu w Warszawie &#8222;nic nie powiedzia\u0142&#8221;. Wiemy sk\u0105din\u0105d nie od dzi\u015b, \u017ce prezesa w og\u00f3le trudno jest zadowoli\u0107. Prezes najlepiej czuje si\u0119 patrz\u0105c w patriotyczne lustro i s\u0142uchaj\u0105c samego siebie. Wtedy to jest &#8222;co\u015b&#8221;, w co obywatele bezwarunkowo powinni si\u0119 ws\u0142uchiwa\u0107. Gdyby na przyk\u0142ad przem\u00f3wi\u0142 do prezesa prezydent Trump, to te\u017c od razu by\u0142oby &#8222;co\u015b&#8221;. Ale\u017c ci Amerykanie nie wiedzieli na kogo zag\u0142osowa\u0107 w ostatnich wyborach&#8230;<\/p>\n","protected":false},"author":1,"featured_media":8985,"comment_status":"closed","ping_status":"closed","sticky":false,"template":"","format":"standard","meta":{"colormag_page_container_layout":"no_sidebar_content_centered","colormag_page_sidebar_layout":"no_sidebar","_jetpack_memberships_contains_paid_content":false,"footnotes":"","_links_to":"","_links_to_target":""},"categories":[64,42,48],"tags":[],"class_list":["post-8981","post","type-post","status-publish","format-standard","has-post-thumbnail","hentry","category-aktualnosci","category-felietony","category-wiecej-swiatla"],"yoast_head":"<!-- This site is optimized with the Yoast SEO plugin v27.4 - https:\/\/yoast.com\/product\/yoast-seo-wordpress\/ -->\n<title>St\u0105d do WOLNO\u015aCI - NOTABENE.WORLD<\/title>\n<meta name=\"robots\" content=\"index, follow, max-snippet:-1, max-image-preview:large, max-video-preview:-1\" \/>\n<link rel=\"canonical\" href=\"https:\/\/notabene.world\/nb\/stad-do-wolnosci\/\" \/>\n<meta property=\"og:locale\" content=\"pl_PL\" \/>\n<meta property=\"og:type\" content=\"article\" \/>\n<meta property=\"og:title\" content=\"St\u0105d do WOLNO\u015aCI - NOTABENE.WORLD\" \/>\n<meta property=\"og:description\" content=\"Wed\u0142ug prezesa Kaczy\u0144skiego prezydent Biden we wczorajszym przem\u00f3wieniu w Warszawie &quot;nic nie powiedzia\u0142&quot;. Wiemy sk\u0105din\u0105d nie od dzi\u015b, \u017ce prezesa w og\u00f3le trudno jest zadowoli\u0107. Prezes najlepiej czuje si\u0119 patrz\u0105c w patriotyczne lustro i s\u0142uchaj\u0105c samego siebie. Wtedy to jest &quot;co\u015b&quot;, w co obywatele bezwarunkowo powinni si\u0119 ws\u0142uchiwa\u0107. Gdyby na przyk\u0142ad przem\u00f3wi\u0142 do prezesa prezydent Trump, to te\u017c od razu by\u0142oby &quot;co\u015b&quot;. Ale\u017c ci Amerykanie nie wiedzieli na kogo zag\u0142osowa\u0107 w ostatnich wyborach...\" \/>\n<meta property=\"og:url\" content=\"https:\/\/notabene.world\/nb\/stad-do-wolnosci\/\" \/>\n<meta property=\"og:site_name\" content=\"NOTABENE.WORLD\" \/>\n<meta property=\"article:publisher\" content=\"https:\/\/www.facebook.com\/Notabene.World\" \/>\n<meta property=\"article:published_time\" content=\"2023-02-22T10:54:43+00:00\" \/>\n<meta property=\"article:modified_time\" content=\"2023-11-30T14:47:03+00:00\" \/>\n<meta property=\"og:image\" content=\"https:\/\/notabene.world\/nb\/wp-content\/uploads\/2023\/02\/stofl.jpg\" \/>\n\t<meta property=\"og:image:width\" content=\"800\" \/>\n\t<meta property=\"og:image:height\" content=\"445\" \/>\n\t<meta property=\"og:image:type\" content=\"image\/jpeg\" \/>\n<meta name=\"author\" content=\"C vel K\" \/>\n<meta name=\"twitter:card\" content=\"summary_large_image\" \/>\n<meta name=\"twitter:label1\" content=\"Napisane przez\" \/>\n\t<meta name=\"twitter:data1\" content=\"C vel K\" \/>\n\t<meta name=\"twitter:label2\" content=\"Szacowany czas czytania\" \/>\n\t<meta name=\"twitter:data2\" content=\"1 minuta\" \/>\n<script type=\"application\/ld+json\" class=\"yoast-schema-graph\">{\"@context\":\"https:\\\/\\\/schema.org\",\"@graph\":[{\"@type\":\"Article\",\"@id\":\"https:\\\/\\\/notabene.world\\\/nb\\\/stad-do-wolnosci\\\/#article\",\"isPartOf\":{\"@id\":\"https:\\\/\\\/notabene.world\\\/nb\\\/stad-do-wolnosci\\\/\"},\"author\":{\"name\":\"C vel K\",\"@id\":\"https:\\\/\\\/notabene.world\\\/nb\\\/#\\\/schema\\\/person\\\/2227ed509f9261e544f6078919e1981d\"},\"headline\":\"St\u0105d do WOLNO\u015aCI\",\"datePublished\":\"2023-02-22T10:54:43+00:00\",\"dateModified\":\"2023-11-30T14:47:03+00:00\",\"mainEntityOfPage\":{\"@id\":\"https:\\\/\\\/notabene.world\\\/nb\\\/stad-do-wolnosci\\\/\"},\"wordCount\":283,\"publisher\":{\"@id\":\"https:\\\/\\\/notabene.world\\\/nb\\\/#organization\"},\"image\":{\"@id\":\"https:\\\/\\\/notabene.world\\\/nb\\\/stad-do-wolnosci\\\/#primaryimage\"},\"thumbnailUrl\":\"https:\\\/\\\/i0.wp.com\\\/notabene.world\\\/nb\\\/wp-content\\\/uploads\\\/2023\\\/02\\\/stofl.jpg?fit=800%2C445&ssl=1\",\"articleSection\":[\"Aktualno\u015bci\",\"Felietony\",\"WI\u0118CEJ \u015aWIAT(\u0141)A\"],\"inLanguage\":\"pl-PL\"},{\"@type\":\"WebPage\",\"@id\":\"https:\\\/\\\/notabene.world\\\/nb\\\/stad-do-wolnosci\\\/\",\"url\":\"https:\\\/\\\/notabene.world\\\/nb\\\/stad-do-wolnosci\\\/\",\"name\":\"St\u0105d do WOLNO\u015aCI - NOTABENE.WORLD\",\"isPartOf\":{\"@id\":\"https:\\\/\\\/notabene.world\\\/nb\\\/#website\"},\"primaryImageOfPage\":{\"@id\":\"https:\\\/\\\/notabene.world\\\/nb\\\/stad-do-wolnosci\\\/#primaryimage\"},\"image\":{\"@id\":\"https:\\\/\\\/notabene.world\\\/nb\\\/stad-do-wolnosci\\\/#primaryimage\"},\"thumbnailUrl\":\"https:\\\/\\\/i0.wp.com\\\/notabene.world\\\/nb\\\/wp-content\\\/uploads\\\/2023\\\/02\\\/stofl.jpg?fit=800%2C445&ssl=1\",\"datePublished\":\"2023-02-22T10:54:43+00:00\",\"dateModified\":\"2023-11-30T14:47:03+00:00\",\"breadcrumb\":{\"@id\":\"https:\\\/\\\/notabene.world\\\/nb\\\/stad-do-wolnosci\\\/#breadcrumb\"},\"inLanguage\":\"pl-PL\",\"potentialAction\":[{\"@type\":\"ReadAction\",\"target\":[\"https:\\\/\\\/notabene.world\\\/nb\\\/stad-do-wolnosci\\\/\"]}]},{\"@type\":\"ImageObject\",\"inLanguage\":\"pl-PL\",\"@id\":\"https:\\\/\\\/notabene.world\\\/nb\\\/stad-do-wolnosci\\\/#primaryimage\",\"url\":\"https:\\\/\\\/i0.wp.com\\\/notabene.world\\\/nb\\\/wp-content\\\/uploads\\\/2023\\\/02\\\/stofl.jpg?fit=800%2C445&ssl=1\",\"contentUrl\":\"https:\\\/\\\/i0.wp.com\\\/notabene.world\\\/nb\\\/wp-content\\\/uploads\\\/2023\\\/02\\\/stofl.jpg?fit=800%2C445&ssl=1\",\"width\":800,\"height\":445},{\"@type\":\"BreadcrumbList\",\"@id\":\"https:\\\/\\\/notabene.world\\\/nb\\\/stad-do-wolnosci\\\/#breadcrumb\",\"itemListElement\":[{\"@type\":\"ListItem\",\"position\":1,\"name\":\"Home\",\"item\":\"https:\\\/\\\/notabene.world\\\/nb\\\/\"},{\"@type\":\"ListItem\",\"position\":2,\"name\":\"St\u0105d do WOLNO\u015aCI\"}]},{\"@type\":\"WebSite\",\"@id\":\"https:\\\/\\\/notabene.world\\\/nb\\\/#website\",\"url\":\"https:\\\/\\\/notabene.world\\\/nb\\\/\",\"name\":\"NOTABENE.WORLD\",\"description\":\"Przekaz. Warto\u015bci. Wsp\u00f3lnota.\",\"publisher\":{\"@id\":\"https:\\\/\\\/notabene.world\\\/nb\\\/#organization\"},\"potentialAction\":[{\"@type\":\"SearchAction\",\"target\":{\"@type\":\"EntryPoint\",\"urlTemplate\":\"https:\\\/\\\/notabene.world\\\/nb\\\/?s={search_term_string}\"},\"query-input\":{\"@type\":\"PropertyValueSpecification\",\"valueRequired\":true,\"valueName\":\"search_term_string\"}}],\"inLanguage\":\"pl-PL\"},{\"@type\":\"Organization\",\"@id\":\"https:\\\/\\\/notabene.world\\\/nb\\\/#organization\",\"name\":\"NOTABENE.WORLD\",\"url\":\"https:\\\/\\\/notabene.world\\\/nb\\\/\",\"logo\":{\"@type\":\"ImageObject\",\"inLanguage\":\"pl-PL\",\"@id\":\"https:\\\/\\\/notabene.world\\\/nb\\\/#\\\/schema\\\/logo\\\/image\\\/\",\"url\":\"https:\\\/\\\/notabene.world\\\/nb\\\/wp-content\\\/uploads\\\/2022\\\/01\\\/NB-club-start-www1.jpg\",\"contentUrl\":\"https:\\\/\\\/notabene.world\\\/nb\\\/wp-content\\\/uploads\\\/2022\\\/01\\\/NB-club-start-www1.jpg\",\"width\":1000,\"height\":839,\"caption\":\"NOTABENE.WORLD\"},\"image\":{\"@id\":\"https:\\\/\\\/notabene.world\\\/nb\\\/#\\\/schema\\\/logo\\\/image\\\/\"},\"sameAs\":[\"https:\\\/\\\/www.facebook.com\\\/Notabene.World\"]},{\"@type\":\"Person\",\"@id\":\"https:\\\/\\\/notabene.world\\\/nb\\\/#\\\/schema\\\/person\\\/2227ed509f9261e544f6078919e1981d\",\"name\":\"C vel K\",\"image\":{\"@type\":\"ImageObject\",\"inLanguage\":\"pl-PL\",\"@id\":\"https:\\\/\\\/secure.gravatar.com\\\/avatar\\\/da4181237ddf77c667487dd66af5231faaf45fbcb0774d7a408f868da56bf04c?s=96&d=mm&r=g\",\"url\":\"https:\\\/\\\/secure.gravatar.com\\\/avatar\\\/da4181237ddf77c667487dd66af5231faaf45fbcb0774d7a408f868da56bf04c?s=96&d=mm&r=g\",\"contentUrl\":\"https:\\\/\\\/secure.gravatar.com\\\/avatar\\\/da4181237ddf77c667487dd66af5231faaf45fbcb0774d7a408f868da56bf04c?s=96&d=mm&r=g\",\"caption\":\"C vel K\"},\"url\":\"https:\\\/\\\/notabene.world\\\/nb\\\/author\\\/kcedro\\\/\"}]}<\/script>\n<!-- \/ Yoast SEO plugin. -->","yoast_head_json":{"title":"St\u0105d do WOLNO\u015aCI - NOTABENE.WORLD","robots":{"index":"index","follow":"follow","max-snippet":"max-snippet:-1","max-image-preview":"max-image-preview:large","max-video-preview":"max-video-preview:-1"},"canonical":"https:\/\/notabene.world\/nb\/stad-do-wolnosci\/","og_locale":"pl_PL","og_type":"article","og_title":"St\u0105d do WOLNO\u015aCI - NOTABENE.WORLD","og_description":"Wed\u0142ug prezesa Kaczy\u0144skiego prezydent Biden we wczorajszym przem\u00f3wieniu w Warszawie \"nic nie powiedzia\u0142\". Wiemy sk\u0105din\u0105d nie od dzi\u015b, \u017ce prezesa w og\u00f3le trudno jest zadowoli\u0107. Prezes najlepiej czuje si\u0119 patrz\u0105c w patriotyczne lustro i s\u0142uchaj\u0105c samego siebie. Wtedy to jest \"co\u015b\", w co obywatele bezwarunkowo powinni si\u0119 ws\u0142uchiwa\u0107. Gdyby na przyk\u0142ad przem\u00f3wi\u0142 do prezesa prezydent Trump, to te\u017c od razu by\u0142oby \"co\u015b\". Ale\u017c ci Amerykanie nie wiedzieli na kogo zag\u0142osowa\u0107 w ostatnich wyborach...","og_url":"https:\/\/notabene.world\/nb\/stad-do-wolnosci\/","og_site_name":"NOTABENE.WORLD","article_publisher":"https:\/\/www.facebook.com\/Notabene.World","article_published_time":"2023-02-22T10:54:43+00:00","article_modified_time":"2023-11-30T14:47:03+00:00","og_image":[{"width":800,"height":445,"url":"https:\/\/notabene.world\/nb\/wp-content\/uploads\/2023\/02\/stofl.jpg","type":"image\/jpeg"}],"author":"C vel K","twitter_card":"summary_large_image","twitter_misc":{"Napisane przez":"C vel K","Szacowany czas czytania":"1 minuta"},"schema":{"@context":"https:\/\/schema.org","@graph":[{"@type":"Article","@id":"https:\/\/notabene.world\/nb\/stad-do-wolnosci\/#article","isPartOf":{"@id":"https:\/\/notabene.world\/nb\/stad-do-wolnosci\/"},"author":{"name":"C vel K","@id":"https:\/\/notabene.world\/nb\/#\/schema\/person\/2227ed509f9261e544f6078919e1981d"},"headline":"St\u0105d do WOLNO\u015aCI","datePublished":"2023-02-22T10:54:43+00:00","dateModified":"2023-11-30T14:47:03+00:00","mainEntityOfPage":{"@id":"https:\/\/notabene.world\/nb\/stad-do-wolnosci\/"},"wordCount":283,"publisher":{"@id":"https:\/\/notabene.world\/nb\/#organization"},"image":{"@id":"https:\/\/notabene.world\/nb\/stad-do-wolnosci\/#primaryimage"},"thumbnailUrl":"https:\/\/i0.wp.com\/notabene.world\/nb\/wp-content\/uploads\/2023\/02\/stofl.jpg?fit=800%2C445&ssl=1","articleSection":["Aktualno\u015bci","Felietony","WI\u0118CEJ \u015aWIAT(\u0141)A"],"inLanguage":"pl-PL"},{"@type":"WebPage","@id":"https:\/\/notabene.world\/nb\/stad-do-wolnosci\/","url":"https:\/\/notabene.world\/nb\/stad-do-wolnosci\/","name":"St\u0105d do WOLNO\u015aCI - NOTABENE.WORLD","isPartOf":{"@id":"https:\/\/notabene.world\/nb\/#website"},"primaryImageOfPage":{"@id":"https:\/\/notabene.world\/nb\/stad-do-wolnosci\/#primaryimage"},"image":{"@id":"https:\/\/notabene.world\/nb\/stad-do-wolnosci\/#primaryimage"},"thumbnailUrl":"https:\/\/i0.wp.com\/notabene.world\/nb\/wp-content\/uploads\/2023\/02\/stofl.jpg?fit=800%2C445&ssl=1","datePublished":"2023-02-22T10:54:43+00:00","dateModified":"2023-11-30T14:47:03+00:00","breadcrumb":{"@id":"https:\/\/notabene.world\/nb\/stad-do-wolnosci\/#breadcrumb"},"inLanguage":"pl-PL","potentialAction":[{"@type":"ReadAction","target":["https:\/\/notabene.world\/nb\/stad-do-wolnosci\/"]}]},{"@type":"ImageObject","inLanguage":"pl-PL","@id":"https:\/\/notabene.world\/nb\/stad-do-wolnosci\/#primaryimage","url":"https:\/\/i0.wp.com\/notabene.world\/nb\/wp-content\/uploads\/2023\/02\/stofl.jpg?fit=800%2C445&ssl=1","contentUrl":"https:\/\/i0.wp.com\/notabene.world\/nb\/wp-content\/uploads\/2023\/02\/stofl.jpg?fit=800%2C445&ssl=1","width":800,"height":445},{"@type":"BreadcrumbList","@id":"https:\/\/notabene.world\/nb\/stad-do-wolnosci\/#breadcrumb","itemListElement":[{"@type":"ListItem","position":1,"name":"Home","item":"https:\/\/notabene.world\/nb\/"},{"@type":"ListItem","position":2,"name":"St\u0105d do WOLNO\u015aCI"}]},{"@type":"WebSite","@id":"https:\/\/notabene.world\/nb\/#website","url":"https:\/\/notabene.world\/nb\/","name":"NOTABENE.WORLD","description":"Przekaz. Warto\u015bci. Wsp\u00f3lnota.","publisher":{"@id":"https:\/\/notabene.world\/nb\/#organization"},"potentialAction":[{"@type":"SearchAction","target":{"@type":"EntryPoint","urlTemplate":"https:\/\/notabene.world\/nb\/?s={search_term_string}"},"query-input":{"@type":"PropertyValueSpecification","valueRequired":true,"valueName":"search_term_string"}}],"inLanguage":"pl-PL"},{"@type":"Organization","@id":"https:\/\/notabene.world\/nb\/#organization","name":"NOTABENE.WORLD","url":"https:\/\/notabene.world\/nb\/","logo":{"@type":"ImageObject","inLanguage":"pl-PL","@id":"https:\/\/notabene.world\/nb\/#\/schema\/logo\/image\/","url":"https:\/\/notabene.world\/nb\/wp-content\/uploads\/2022\/01\/NB-club-start-www1.jpg","contentUrl":"https:\/\/notabene.world\/nb\/wp-content\/uploads\/2022\/01\/NB-club-start-www1.jpg","width":1000,"height":839,"caption":"NOTABENE.WORLD"},"image":{"@id":"https:\/\/notabene.world\/nb\/#\/schema\/logo\/image\/"},"sameAs":["https:\/\/www.facebook.com\/Notabene.World"]},{"@type":"Person","@id":"https:\/\/notabene.world\/nb\/#\/schema\/person\/2227ed509f9261e544f6078919e1981d","name":"C vel K","image":{"@type":"ImageObject","inLanguage":"pl-PL","@id":"https:\/\/secure.gravatar.com\/avatar\/da4181237ddf77c667487dd66af5231faaf45fbcb0774d7a408f868da56bf04c?s=96&d=mm&r=g","url":"https:\/\/secure.gravatar.com\/avatar\/da4181237ddf77c667487dd66af5231faaf45fbcb0774d7a408f868da56bf04c?s=96&d=mm&r=g","contentUrl":"https:\/\/secure.gravatar.com\/avatar\/da4181237ddf77c667487dd66af5231faaf45fbcb0774d7a408f868da56bf04c?s=96&d=mm&r=g","caption":"C vel K"},"url":"https:\/\/notabene.world\/nb\/author\/kcedro\/"}]}},"jetpack_featured_media_url":"https:\/\/i0.wp.com\/notabene.world\/nb\/wp-content\/uploads\/2023\/02\/stofl.jpg?fit=800%2C445&ssl=1","jetpack_sharing_enabled":true,"jetpack_shortlink":"https:\/\/wp.me\/pdCobN-2kR","_links":{"self":[{"href":"https:\/\/notabene.world\/nb\/wp-json\/wp\/v2\/posts\/8981","targetHints":{"allow":["GET"]}}],"collection":[{"href":"https:\/\/notabene.world\/nb\/wp-json\/wp\/v2\/posts"}],"about":[{"href":"https:\/\/notabene.world\/nb\/wp-json\/wp\/v2\/types\/post"}],"author":[{"embeddable":true,"href":"https:\/\/notabene.world\/nb\/wp-json\/wp\/v2\/users\/1"}],"replies":[{"embeddable":true,"href":"https:\/\/notabene.world\/nb\/wp-json\/wp\/v2\/comments?post=8981"}],"version-history":[{"count":5,"href":"https:\/\/notabene.world\/nb\/wp-json\/wp\/v2\/posts\/8981\/revisions"}],"predecessor-version":[{"id":11669,"href":"https:\/\/notabene.world\/nb\/wp-json\/wp\/v2\/posts\/8981\/revisions\/11669"}],"wp:featuredmedia":[{"embeddable":true,"href":"https:\/\/notabene.world\/nb\/wp-json\/wp\/v2\/media\/8985"}],"wp:attachment":[{"href":"https:\/\/notabene.world\/nb\/wp-json\/wp\/v2\/media?parent=8981"}],"wp:term":[{"taxonomy":"category","embeddable":true,"href":"https:\/\/notabene.world\/nb\/wp-json\/wp\/v2\/categories?post=8981"},{"taxonomy":"post_tag","embeddable":true,"href":"https:\/\/notabene.world\/nb\/wp-json\/wp\/v2\/tags?post=8981"}],"curies":[{"name":"wp","href":"https:\/\/api.w.org\/{rel}","templated":true}]}}