{"id":903,"date":"2025-07-22T13:57:04","date_gmt":"2025-07-22T11:57:04","guid":{"rendered":"https:\/\/notabene.world\/nb\/?p=903"},"modified":"2025-07-24T15:27:45","modified_gmt":"2025-07-24T15:27:45","slug":"globalno-lokalny-swiat","status":"publish","type":"post","link":"https:\/\/notabene.world\/nb\/globalno-lokalny-swiat\/","title":{"rendered":"Ulotny globalno\/lokalny \u015bwiat"},"content":{"rendered":"\n<p class=\"has-text-align-right\"><em>Czytajcie i podr\u00f3\u017cujcie, a b\u0119dzie Wam dane<\/em><\/p>\n\n\n\n<p class=\"has-text-align-left\">Nie ma drugiego takiego miejsca na ziemi, jak Tallin. Wbrew pierwszemu skojarzeniu, i\u017c nazwa miasta ma co\u015b wsp\u00f3lnego ze Stalinem, okazuje si\u0119 \u017ce Tallin to po prostu &#8222;du\u0144skie miasto&#8221;, z najstarsz\u0105 i najlepiej zachowan\u0105 \u015bredniowieczn\u0105 fortec\u0105 w Europie. Prawdziwe serce Europy jest w\u0142a\u015bnie tutaj, gdy\u017c ka\u017cdy mo\u017ce w Estonii wirtualnie zamieszka\u0107. Od 2019 roku Estonia oferuje jedyn\u0105 na \u015bwiecie e-rezydencj\u0119, co czyni j\u0105 najbardziej&nbsp;&nbsp;wielokulturowym krajem wsp\u00f3\u0142czesnej Europy.<\/p>\n\n\n\n<p>Europejska wielokulturowo\u015b\u0107 ma d\u0142ug\u0105 tradycj\u0119. Esto\u0144ska karta e-rezydenta nadaje jej jednak szczeg\u00f3lny i nigdzie indziej niespodziewany wymiar. Z ma\u0142ego i zimnego ba\u0142tyckiego kraju prowadzi dzia\u0142alno\u015b\u0107 gospodarcz\u0105 na skal\u0119 globaln\u0105 ju\u017c niemal osiem tysi\u0119cy firm. Sami za\u015b e-rezydenci Tallina pochodz\u0105 a\u017c ze 175 kraj\u00f3w.<\/p>\n\n\n\n<p>Mo\u017cna powiedzie\u0107, \u017ce esto\u0144ski e-eksperyment idzie z duchem czasu, gdzie coraz wi\u0119cej z nas Europejczyk\u00f3w zadaje sobie pytania o nasz\u0105 to\u017csamo\u015b\u0107 narodow\u0105, o to, jak w\u0142a\u015bciwie j\u0105 zdefiniowa\u0107. Esto\u0144czycy jak zdecydowali za nas, \u017ce by\u0107 mo\u017ce nie ma w\u0142a\u015bciwie takiej potrzeby, i \u017ce przysz\u0142o\u015b\u0107 trwa\u0142o\u015bci i dalszego rozwoju europejskiego projektu nie tkwi wcale w tym, ile kraj\u00f3w przyjmie wsp\u00f3lna walut\u0119 czy te\u017c b\u0119dzie w stanie swobodnie fizycznie przemieszcza\u0107 si\u0119 z miejsca na miejsc w przestrzeni bez granic. W Estonii kulturowych granic ju\u017c nie ma i w\u0142a\u015bciwie ka\u017cdy mo\u017ce zosta\u0107 Esto\u0144czykiem (?).<\/p>\n\n\n\n<p>Po nocy sp\u0119dzonej w Estonii i mej ni\u0105 niew\u0105tpliwie iluzorycznej fascynacji, we wrze\u015bniu roku 2019 zn\u00f3w obudzi\u0142em si\u0119 w Warszawie, gdzie odbywa\u0142 si\u0119 w\u0142a\u015bnie pierwszy w historii szczyt po\u015bwi\u0119cony regionalnej i ekonomicznej dyplomacji. \u00d3w kongres mia\u0142 sta\u0107 si\u0119 zreszt\u0105 wydarzeniem cyklicznym, z przewodni\u0105 ide\u0105 u\u0142atwiania przekraczania granic w naszym lokalno-globalnym \u015bwiecie, podzielonym i zn\u00f3w zniewalanym mentalnymi barierami bardziej ni\u017c kiedykolwiek. Gdzie nie spojrze\u0107, poci\u0119ty na kawa\u0142ki \u015bwiat wzywa do wsp\u00f3\u0142pracy, wzywa do tworzenia przestrzeni, w kt\u00f3rej taka wsp\u00f3\u0142praca by\u0142aby mo\u017cliwa. Koncept esto\u0144ski wydaje si\u0119 niesamowicie atrakcyjny, jakkolwiek trudno go do ko\u0144ca zdefiniowa\u0107 i mo\u017ce w tym w\u0142a\u015bnie tkwi jego g\u0142\u00f3wny problem.<\/p>\n\n\n\n<p>Wirtualna cz\u0119sto rzeczywisto\u015b\u0107 \u015bwiata biznesu jest zapewne sposobem na prze\u0142amanie tego, co nas ogranicza i powstrzymuje rozw\u00f3j mi\u0119dzyludzkich relacji. Bez przerwy poszukujemy definicji i sensu w dyplomatycznych dyskusjach i spotkaniach, kt\u00f3rych ko\u0144ca i realnych cel\u00f3w nie wida\u0107. Warto by\u0107 mo\u017ce zatem spr\u00f3bowa\u0107 &#8211; wzorem&nbsp;&nbsp;Estonii &#8211; odda\u0107 si\u0119 praktykom, kt\u00f3re faktycznie zapewni\u0105 nam w przysz\u0142o\u015bci e-realny \u201erozw\u00f3j bez granic\u201d. Tylko czy mo\u017cna \u017cy\u0107 bez definicji? Mo\u017cna &#8211; przynajmniej przez chwil\u0119. Gdyby tylko by\u0142o to takie proste&#8230;<\/p>\n\n\n\n<p><\/p>\n\n\n\n<figure class=\"wp-block-image aligncenter\"><img data-recalc-dims=\"1\" loading=\"lazy\" decoding=\"async\" width=\"800\" height=\"445\" src=\"https:\/\/i0.wp.com\/notabene.world\/nb\/wp-content\/uploads\/2023\/12\/gllo1.jpg?resize=800%2C445&#038;ssl=1\" alt=\"\" class=\"wp-image-11760\" srcset=\"https:\/\/i0.wp.com\/notabene.world\/nb\/wp-content\/uploads\/2023\/12\/gllo1.jpg?w=800&amp;ssl=1 800w, https:\/\/i0.wp.com\/notabene.world\/nb\/wp-content\/uploads\/2023\/12\/gllo1.jpg?resize=300%2C167&amp;ssl=1 300w, https:\/\/i0.wp.com\/notabene.world\/nb\/wp-content\/uploads\/2023\/12\/gllo1.jpg?resize=768%2C427&amp;ssl=1 768w\" sizes=\"auto, (max-width: 800px) 100vw, 800px\" \/><\/figure>\n\n\n\n<p class=\"has-text-align-center\"><\/p>\n\n\n\n<p><\/p>\n\n\n\n<p class=\"has-text-align-right\"><\/p>\n","protected":false},"excerpt":{"rendered":"<p>Nie ma drugiego takiego miejsca na ziemi, jak Tallin. Wbrew pierwszemu skojarzeniu, i\u017c nazwa miasta ma co\u015b wsp\u00f3lnego ze Stalinem, okazuje si\u0119 \u017ce Tallin to po prostu &#8222;du\u0144skie miasto&#8221;, z najstarsz\u0105 i najlepiej zachowan\u0105 \u015bredniowieczn\u0105 fortec\u0105 w Europie. Prawdziwe serce Europy jest w\u0142a\u015bnie tutaj, gdy\u017c ka\u017cdy mo\u017ce w Estonii wirtualnie zamieszka\u0107. Od 2019 roku Estonia oferuje jedyn\u0105 na \u015bwiecie e-rezydencj\u0119, co czyni j\u0105 najbardziej\u00a0\u00a0wielokulturowym krajem wsp\u00f3\u0142czesnej Europy.<br \/>\n<br \/>\nEuropejska wielokulturowo\u015b\u0107 ma d\u0142ug\u0105 tradycj\u0119. Esto\u0144ska karta e-rezydenta nadaje jej jednak szczeg\u00f3lny i nigdzie indziej niespodziewany wymiar. Z ma\u0142ego i zimnego ba\u0142tyckiego kraju prowadzi dzia\u0142alno\u015b\u0107 gospodarcz\u0105 na skal\u0119 globaln\u0105 ju\u017c niemal osiem tysi\u0119cy firm. Sami za\u015b e-rezydenci Tallina pochodz\u0105 a\u017c ze 175 kraj\u00f3w.<br \/>\n<br \/>\nMo\u017cna powiedzie\u0107, \u017ce esto\u0144ski e-eksperyment idzie z duchem czasu, gdzie coraz wi\u0119cej z nas Europejczyk\u00f3w zadaje sobie pytania o nasz\u0105 to\u017csamo\u015b\u0107 narodow\u0105, o to, jak w\u0142a\u015bciwie j\u0105 zdefiniowa\u0107. Esto\u0144czycy jak zdecydowali za nas, \u017ce by\u0107 mo\u017ce nie ma w\u0142a\u015bciwie takiej potrzeby, i \u017ce przysz\u0142o\u015b\u0107 trwa\u0142o\u015bci i dalszego rozwoju europejskiego projektu nie tkwi wcale w tym, ile kraj\u00f3w przyjmie wsp\u00f3lna walut\u0119 czy te\u017c b\u0119dzie w stanie swobodnie fizycznie przemieszcza\u0107 si\u0119 z miejsca na miejsc w przestrzeni bez granic. W Estonii kulturowych granic ju\u017c nie ma i w\u0142a\u015bciwie ka\u017cdy mo\u017ce zosta\u0107 Esto\u0144czykiem (?).<\/p>\n","protected":false},"author":1,"featured_media":15977,"comment_status":"closed","ping_status":"closed","sticky":false,"template":"","format":"standard","meta":{"colormag_page_container_layout":"no_sidebar_content_centered","colormag_page_sidebar_layout":"no_sidebar","_jetpack_memberships_contains_paid_content":false,"footnotes":"","_links_to":"","_links_to_target":""},"categories":[64,42,48],"tags":[],"class_list":["post-903","post","type-post","status-publish","format-standard","has-post-thumbnail","hentry","category-aktualnosci","category-felietony","category-wiecej-swiatla"],"yoast_head":"<!-- This site is optimized with the Yoast SEO plugin v27.5 - https:\/\/yoast.com\/product\/yoast-seo-wordpress\/ -->\n<title>Ulotny globalno\/lokalny \u015bwiat - NOTABENE.WORLD<\/title>\n<meta name=\"robots\" content=\"index, follow, max-snippet:-1, max-image-preview:large, max-video-preview:-1\" \/>\n<link rel=\"canonical\" href=\"https:\/\/notabene.world\/nb\/globalno-lokalny-swiat\/\" \/>\n<meta property=\"og:locale\" content=\"pl_PL\" \/>\n<meta property=\"og:type\" content=\"article\" \/>\n<meta property=\"og:title\" content=\"Ulotny globalno\/lokalny \u015bwiat - NOTABENE.WORLD\" \/>\n<meta property=\"og:description\" content=\"Nie ma drugiego takiego miejsca na ziemi, jak Tallin. Wbrew pierwszemu skojarzeniu, i\u017c nazwa miasta ma co\u015b wsp\u00f3lnego ze Stalinem, okazuje si\u0119 \u017ce Tallin to po prostu &quot;du\u0144skie miasto&quot;, z najstarsz\u0105 i najlepiej zachowan\u0105 \u015bredniowieczn\u0105 fortec\u0105 w Europie. Prawdziwe serce Europy jest w\u0142a\u015bnie tutaj, gdy\u017c ka\u017cdy mo\u017ce w Estonii wirtualnie zamieszka\u0107. Od 2019 roku Estonia oferuje jedyn\u0105 na \u015bwiecie e-rezydencj\u0119, co czyni j\u0105 najbardziej\u00a0\u00a0wielokulturowym krajem wsp\u00f3\u0142czesnej Europy. Europejska wielokulturowo\u015b\u0107 ma d\u0142ug\u0105 tradycj\u0119. Esto\u0144ska karta e-rezydenta nadaje jej jednak szczeg\u00f3lny i nigdzie indziej niespodziewany wymiar. Z ma\u0142ego i zimnego ba\u0142tyckiego kraju prowadzi dzia\u0142alno\u015b\u0107 gospodarcz\u0105 na skal\u0119 globaln\u0105 ju\u017c niemal osiem tysi\u0119cy firm. Sami za\u015b e-rezydenci Tallina pochodz\u0105 a\u017c ze 175 kraj\u00f3w. Mo\u017cna powiedzie\u0107, \u017ce esto\u0144ski e-eksperyment idzie z duchem czasu, gdzie coraz wi\u0119cej z nas Europejczyk\u00f3w zadaje sobie pytania o nasz\u0105 to\u017csamo\u015b\u0107 narodow\u0105, o to, jak w\u0142a\u015bciwie j\u0105 zdefiniowa\u0107. Esto\u0144czycy jak zdecydowali za nas, \u017ce by\u0107 mo\u017ce nie ma w\u0142a\u015bciwie takiej potrzeby, i \u017ce przysz\u0142o\u015b\u0107 trwa\u0142o\u015bci i dalszego rozwoju europejskiego projektu nie tkwi wcale w tym, ile kraj\u00f3w przyjmie wsp\u00f3lna walut\u0119 czy te\u017c b\u0119dzie w stanie swobodnie fizycznie przemieszcza\u0107 si\u0119 z miejsca na miejsc w przestrzeni bez granic. W Estonii kulturowych granic ju\u017c nie ma i w\u0142a\u015bciwie ka\u017cdy mo\u017ce zosta\u0107 Esto\u0144czykiem (?).\" \/>\n<meta property=\"og:url\" content=\"https:\/\/notabene.world\/nb\/globalno-lokalny-swiat\/\" \/>\n<meta property=\"og:site_name\" content=\"NOTABENE.WORLD\" \/>\n<meta property=\"article:publisher\" content=\"https:\/\/www.facebook.com\/Notabene.World\" \/>\n<meta property=\"article:published_time\" content=\"2025-07-22T11:57:04+00:00\" \/>\n<meta property=\"article:modified_time\" content=\"2025-07-24T15:27:45+00:00\" \/>\n<meta property=\"og:image\" content=\"https:\/\/notabene.world\/nb\/wp-content\/uploads\/2025\/07\/estokm-1.jpg\" \/>\n\t<meta property=\"og:image:width\" content=\"800\" \/>\n\t<meta property=\"og:image:height\" content=\"445\" \/>\n\t<meta property=\"og:image:type\" content=\"image\/jpeg\" \/>\n<meta name=\"author\" content=\"C vel K\" \/>\n<meta name=\"twitter:card\" content=\"summary_large_image\" \/>\n<meta name=\"twitter:label1\" content=\"Napisane przez\" \/>\n\t<meta name=\"twitter:data1\" content=\"C vel K\" \/>\n\t<meta name=\"twitter:label2\" content=\"Szacowany czas czytania\" \/>\n\t<meta name=\"twitter:data2\" content=\"3 minuty\" \/>\n<script type=\"application\/ld+json\" class=\"yoast-schema-graph\">{\"@context\":\"https:\\\/\\\/schema.org\",\"@graph\":[{\"@type\":\"Article\",\"@id\":\"https:\\\/\\\/notabene.world\\\/nb\\\/globalno-lokalny-swiat\\\/#article\",\"isPartOf\":{\"@id\":\"https:\\\/\\\/notabene.world\\\/nb\\\/globalno-lokalny-swiat\\\/\"},\"author\":{\"name\":\"C vel K\",\"@id\":\"https:\\\/\\\/notabene.world\\\/nb\\\/#\\\/schema\\\/person\\\/2227ed509f9261e544f6078919e1981d\"},\"headline\":\"Ulotny globalno\\\/lokalny \u015bwiat\",\"datePublished\":\"2025-07-22T11:57:04+00:00\",\"dateModified\":\"2025-07-24T15:27:45+00:00\",\"mainEntityOfPage\":{\"@id\":\"https:\\\/\\\/notabene.world\\\/nb\\\/globalno-lokalny-swiat\\\/\"},\"wordCount\":469,\"publisher\":{\"@id\":\"https:\\\/\\\/notabene.world\\\/nb\\\/#organization\"},\"image\":{\"@id\":\"https:\\\/\\\/notabene.world\\\/nb\\\/globalno-lokalny-swiat\\\/#primaryimage\"},\"thumbnailUrl\":\"https:\\\/\\\/i0.wp.com\\\/notabene.world\\\/nb\\\/wp-content\\\/uploads\\\/2025\\\/07\\\/estokm-1.jpg?fit=800%2C445&ssl=1\",\"articleSection\":[\"Aktualno\u015bci\",\"Felietony\",\"WI\u0118CEJ \u015aWIAT(\u0141)A\"],\"inLanguage\":\"pl-PL\"},{\"@type\":\"WebPage\",\"@id\":\"https:\\\/\\\/notabene.world\\\/nb\\\/globalno-lokalny-swiat\\\/\",\"url\":\"https:\\\/\\\/notabene.world\\\/nb\\\/globalno-lokalny-swiat\\\/\",\"name\":\"Ulotny globalno\\\/lokalny \u015bwiat - NOTABENE.WORLD\",\"isPartOf\":{\"@id\":\"https:\\\/\\\/notabene.world\\\/nb\\\/#website\"},\"primaryImageOfPage\":{\"@id\":\"https:\\\/\\\/notabene.world\\\/nb\\\/globalno-lokalny-swiat\\\/#primaryimage\"},\"image\":{\"@id\":\"https:\\\/\\\/notabene.world\\\/nb\\\/globalno-lokalny-swiat\\\/#primaryimage\"},\"thumbnailUrl\":\"https:\\\/\\\/i0.wp.com\\\/notabene.world\\\/nb\\\/wp-content\\\/uploads\\\/2025\\\/07\\\/estokm-1.jpg?fit=800%2C445&ssl=1\",\"datePublished\":\"2025-07-22T11:57:04+00:00\",\"dateModified\":\"2025-07-24T15:27:45+00:00\",\"breadcrumb\":{\"@id\":\"https:\\\/\\\/notabene.world\\\/nb\\\/globalno-lokalny-swiat\\\/#breadcrumb\"},\"inLanguage\":\"pl-PL\",\"potentialAction\":[{\"@type\":\"ReadAction\",\"target\":[\"https:\\\/\\\/notabene.world\\\/nb\\\/globalno-lokalny-swiat\\\/\"]}]},{\"@type\":\"ImageObject\",\"inLanguage\":\"pl-PL\",\"@id\":\"https:\\\/\\\/notabene.world\\\/nb\\\/globalno-lokalny-swiat\\\/#primaryimage\",\"url\":\"https:\\\/\\\/i0.wp.com\\\/notabene.world\\\/nb\\\/wp-content\\\/uploads\\\/2025\\\/07\\\/estokm-1.jpg?fit=800%2C445&ssl=1\",\"contentUrl\":\"https:\\\/\\\/i0.wp.com\\\/notabene.world\\\/nb\\\/wp-content\\\/uploads\\\/2025\\\/07\\\/estokm-1.jpg?fit=800%2C445&ssl=1\",\"width\":800,\"height\":445},{\"@type\":\"BreadcrumbList\",\"@id\":\"https:\\\/\\\/notabene.world\\\/nb\\\/globalno-lokalny-swiat\\\/#breadcrumb\",\"itemListElement\":[{\"@type\":\"ListItem\",\"position\":1,\"name\":\"Home\",\"item\":\"https:\\\/\\\/notabene.world\\\/nb\\\/\"},{\"@type\":\"ListItem\",\"position\":2,\"name\":\"Ulotny globalno\\\/lokalny \u015bwiat\"}]},{\"@type\":\"WebSite\",\"@id\":\"https:\\\/\\\/notabene.world\\\/nb\\\/#website\",\"url\":\"https:\\\/\\\/notabene.world\\\/nb\\\/\",\"name\":\"NOTABENE.WORLD\",\"description\":\"Przekaz. Warto\u015bci. Wsp\u00f3lnota.\",\"publisher\":{\"@id\":\"https:\\\/\\\/notabene.world\\\/nb\\\/#organization\"},\"potentialAction\":[{\"@type\":\"SearchAction\",\"target\":{\"@type\":\"EntryPoint\",\"urlTemplate\":\"https:\\\/\\\/notabene.world\\\/nb\\\/?s={search_term_string}\"},\"query-input\":{\"@type\":\"PropertyValueSpecification\",\"valueRequired\":true,\"valueName\":\"search_term_string\"}}],\"inLanguage\":\"pl-PL\"},{\"@type\":\"Organization\",\"@id\":\"https:\\\/\\\/notabene.world\\\/nb\\\/#organization\",\"name\":\"NOTABENE.WORLD\",\"url\":\"https:\\\/\\\/notabene.world\\\/nb\\\/\",\"logo\":{\"@type\":\"ImageObject\",\"inLanguage\":\"pl-PL\",\"@id\":\"https:\\\/\\\/notabene.world\\\/nb\\\/#\\\/schema\\\/logo\\\/image\\\/\",\"url\":\"https:\\\/\\\/notabene.world\\\/nb\\\/wp-content\\\/uploads\\\/2022\\\/01\\\/NB-club-start-www1.jpg\",\"contentUrl\":\"https:\\\/\\\/notabene.world\\\/nb\\\/wp-content\\\/uploads\\\/2022\\\/01\\\/NB-club-start-www1.jpg\",\"width\":1000,\"height\":839,\"caption\":\"NOTABENE.WORLD\"},\"image\":{\"@id\":\"https:\\\/\\\/notabene.world\\\/nb\\\/#\\\/schema\\\/logo\\\/image\\\/\"},\"sameAs\":[\"https:\\\/\\\/www.facebook.com\\\/Notabene.World\"]},{\"@type\":\"Person\",\"@id\":\"https:\\\/\\\/notabene.world\\\/nb\\\/#\\\/schema\\\/person\\\/2227ed509f9261e544f6078919e1981d\",\"name\":\"C vel K\",\"image\":{\"@type\":\"ImageObject\",\"inLanguage\":\"pl-PL\",\"@id\":\"https:\\\/\\\/secure.gravatar.com\\\/avatar\\\/da4181237ddf77c667487dd66af5231faaf45fbcb0774d7a408f868da56bf04c?s=96&d=mm&r=g\",\"url\":\"https:\\\/\\\/secure.gravatar.com\\\/avatar\\\/da4181237ddf77c667487dd66af5231faaf45fbcb0774d7a408f868da56bf04c?s=96&d=mm&r=g\",\"contentUrl\":\"https:\\\/\\\/secure.gravatar.com\\\/avatar\\\/da4181237ddf77c667487dd66af5231faaf45fbcb0774d7a408f868da56bf04c?s=96&d=mm&r=g\",\"caption\":\"C vel K\"},\"url\":\"https:\\\/\\\/notabene.world\\\/nb\\\/author\\\/kcedro\\\/\"}]}<\/script>\n<!-- \/ Yoast SEO plugin. -->","yoast_head_json":{"title":"Ulotny globalno\/lokalny \u015bwiat - NOTABENE.WORLD","robots":{"index":"index","follow":"follow","max-snippet":"max-snippet:-1","max-image-preview":"max-image-preview:large","max-video-preview":"max-video-preview:-1"},"canonical":"https:\/\/notabene.world\/nb\/globalno-lokalny-swiat\/","og_locale":"pl_PL","og_type":"article","og_title":"Ulotny globalno\/lokalny \u015bwiat - NOTABENE.WORLD","og_description":"Nie ma drugiego takiego miejsca na ziemi, jak Tallin. Wbrew pierwszemu skojarzeniu, i\u017c nazwa miasta ma co\u015b wsp\u00f3lnego ze Stalinem, okazuje si\u0119 \u017ce Tallin to po prostu \"du\u0144skie miasto\", z najstarsz\u0105 i najlepiej zachowan\u0105 \u015bredniowieczn\u0105 fortec\u0105 w Europie. Prawdziwe serce Europy jest w\u0142a\u015bnie tutaj, gdy\u017c ka\u017cdy mo\u017ce w Estonii wirtualnie zamieszka\u0107. Od 2019 roku Estonia oferuje jedyn\u0105 na \u015bwiecie e-rezydencj\u0119, co czyni j\u0105 najbardziej\u00a0\u00a0wielokulturowym krajem wsp\u00f3\u0142czesnej Europy. Europejska wielokulturowo\u015b\u0107 ma d\u0142ug\u0105 tradycj\u0119. Esto\u0144ska karta e-rezydenta nadaje jej jednak szczeg\u00f3lny i nigdzie indziej niespodziewany wymiar. Z ma\u0142ego i zimnego ba\u0142tyckiego kraju prowadzi dzia\u0142alno\u015b\u0107 gospodarcz\u0105 na skal\u0119 globaln\u0105 ju\u017c niemal osiem tysi\u0119cy firm. Sami za\u015b e-rezydenci Tallina pochodz\u0105 a\u017c ze 175 kraj\u00f3w. Mo\u017cna powiedzie\u0107, \u017ce esto\u0144ski e-eksperyment idzie z duchem czasu, gdzie coraz wi\u0119cej z nas Europejczyk\u00f3w zadaje sobie pytania o nasz\u0105 to\u017csamo\u015b\u0107 narodow\u0105, o to, jak w\u0142a\u015bciwie j\u0105 zdefiniowa\u0107. Esto\u0144czycy jak zdecydowali za nas, \u017ce by\u0107 mo\u017ce nie ma w\u0142a\u015bciwie takiej potrzeby, i \u017ce przysz\u0142o\u015b\u0107 trwa\u0142o\u015bci i dalszego rozwoju europejskiego projektu nie tkwi wcale w tym, ile kraj\u00f3w przyjmie wsp\u00f3lna walut\u0119 czy te\u017c b\u0119dzie w stanie swobodnie fizycznie przemieszcza\u0107 si\u0119 z miejsca na miejsc w przestrzeni bez granic. W Estonii kulturowych granic ju\u017c nie ma i w\u0142a\u015bciwie ka\u017cdy mo\u017ce zosta\u0107 Esto\u0144czykiem (?).","og_url":"https:\/\/notabene.world\/nb\/globalno-lokalny-swiat\/","og_site_name":"NOTABENE.WORLD","article_publisher":"https:\/\/www.facebook.com\/Notabene.World","article_published_time":"2025-07-22T11:57:04+00:00","article_modified_time":"2025-07-24T15:27:45+00:00","og_image":[{"width":800,"height":445,"url":"https:\/\/notabene.world\/nb\/wp-content\/uploads\/2025\/07\/estokm-1.jpg","type":"image\/jpeg"}],"author":"C vel K","twitter_card":"summary_large_image","twitter_misc":{"Napisane przez":"C vel K","Szacowany czas czytania":"3 minuty"},"schema":{"@context":"https:\/\/schema.org","@graph":[{"@type":"Article","@id":"https:\/\/notabene.world\/nb\/globalno-lokalny-swiat\/#article","isPartOf":{"@id":"https:\/\/notabene.world\/nb\/globalno-lokalny-swiat\/"},"author":{"name":"C vel K","@id":"https:\/\/notabene.world\/nb\/#\/schema\/person\/2227ed509f9261e544f6078919e1981d"},"headline":"Ulotny globalno\/lokalny \u015bwiat","datePublished":"2025-07-22T11:57:04+00:00","dateModified":"2025-07-24T15:27:45+00:00","mainEntityOfPage":{"@id":"https:\/\/notabene.world\/nb\/globalno-lokalny-swiat\/"},"wordCount":469,"publisher":{"@id":"https:\/\/notabene.world\/nb\/#organization"},"image":{"@id":"https:\/\/notabene.world\/nb\/globalno-lokalny-swiat\/#primaryimage"},"thumbnailUrl":"https:\/\/i0.wp.com\/notabene.world\/nb\/wp-content\/uploads\/2025\/07\/estokm-1.jpg?fit=800%2C445&ssl=1","articleSection":["Aktualno\u015bci","Felietony","WI\u0118CEJ \u015aWIAT(\u0141)A"],"inLanguage":"pl-PL"},{"@type":"WebPage","@id":"https:\/\/notabene.world\/nb\/globalno-lokalny-swiat\/","url":"https:\/\/notabene.world\/nb\/globalno-lokalny-swiat\/","name":"Ulotny globalno\/lokalny \u015bwiat - NOTABENE.WORLD","isPartOf":{"@id":"https:\/\/notabene.world\/nb\/#website"},"primaryImageOfPage":{"@id":"https:\/\/notabene.world\/nb\/globalno-lokalny-swiat\/#primaryimage"},"image":{"@id":"https:\/\/notabene.world\/nb\/globalno-lokalny-swiat\/#primaryimage"},"thumbnailUrl":"https:\/\/i0.wp.com\/notabene.world\/nb\/wp-content\/uploads\/2025\/07\/estokm-1.jpg?fit=800%2C445&ssl=1","datePublished":"2025-07-22T11:57:04+00:00","dateModified":"2025-07-24T15:27:45+00:00","breadcrumb":{"@id":"https:\/\/notabene.world\/nb\/globalno-lokalny-swiat\/#breadcrumb"},"inLanguage":"pl-PL","potentialAction":[{"@type":"ReadAction","target":["https:\/\/notabene.world\/nb\/globalno-lokalny-swiat\/"]}]},{"@type":"ImageObject","inLanguage":"pl-PL","@id":"https:\/\/notabene.world\/nb\/globalno-lokalny-swiat\/#primaryimage","url":"https:\/\/i0.wp.com\/notabene.world\/nb\/wp-content\/uploads\/2025\/07\/estokm-1.jpg?fit=800%2C445&ssl=1","contentUrl":"https:\/\/i0.wp.com\/notabene.world\/nb\/wp-content\/uploads\/2025\/07\/estokm-1.jpg?fit=800%2C445&ssl=1","width":800,"height":445},{"@type":"BreadcrumbList","@id":"https:\/\/notabene.world\/nb\/globalno-lokalny-swiat\/#breadcrumb","itemListElement":[{"@type":"ListItem","position":1,"name":"Home","item":"https:\/\/notabene.world\/nb\/"},{"@type":"ListItem","position":2,"name":"Ulotny globalno\/lokalny \u015bwiat"}]},{"@type":"WebSite","@id":"https:\/\/notabene.world\/nb\/#website","url":"https:\/\/notabene.world\/nb\/","name":"NOTABENE.WORLD","description":"Przekaz. Warto\u015bci. Wsp\u00f3lnota.","publisher":{"@id":"https:\/\/notabene.world\/nb\/#organization"},"potentialAction":[{"@type":"SearchAction","target":{"@type":"EntryPoint","urlTemplate":"https:\/\/notabene.world\/nb\/?s={search_term_string}"},"query-input":{"@type":"PropertyValueSpecification","valueRequired":true,"valueName":"search_term_string"}}],"inLanguage":"pl-PL"},{"@type":"Organization","@id":"https:\/\/notabene.world\/nb\/#organization","name":"NOTABENE.WORLD","url":"https:\/\/notabene.world\/nb\/","logo":{"@type":"ImageObject","inLanguage":"pl-PL","@id":"https:\/\/notabene.world\/nb\/#\/schema\/logo\/image\/","url":"https:\/\/notabene.world\/nb\/wp-content\/uploads\/2022\/01\/NB-club-start-www1.jpg","contentUrl":"https:\/\/notabene.world\/nb\/wp-content\/uploads\/2022\/01\/NB-club-start-www1.jpg","width":1000,"height":839,"caption":"NOTABENE.WORLD"},"image":{"@id":"https:\/\/notabene.world\/nb\/#\/schema\/logo\/image\/"},"sameAs":["https:\/\/www.facebook.com\/Notabene.World"]},{"@type":"Person","@id":"https:\/\/notabene.world\/nb\/#\/schema\/person\/2227ed509f9261e544f6078919e1981d","name":"C vel K","image":{"@type":"ImageObject","inLanguage":"pl-PL","@id":"https:\/\/secure.gravatar.com\/avatar\/da4181237ddf77c667487dd66af5231faaf45fbcb0774d7a408f868da56bf04c?s=96&d=mm&r=g","url":"https:\/\/secure.gravatar.com\/avatar\/da4181237ddf77c667487dd66af5231faaf45fbcb0774d7a408f868da56bf04c?s=96&d=mm&r=g","contentUrl":"https:\/\/secure.gravatar.com\/avatar\/da4181237ddf77c667487dd66af5231faaf45fbcb0774d7a408f868da56bf04c?s=96&d=mm&r=g","caption":"C vel K"},"url":"https:\/\/notabene.world\/nb\/author\/kcedro\/"}]}},"jetpack_featured_media_url":"https:\/\/i0.wp.com\/notabene.world\/nb\/wp-content\/uploads\/2025\/07\/estokm-1.jpg?fit=800%2C445&ssl=1","jetpack_sharing_enabled":true,"jetpack_shortlink":"https:\/\/wp.me\/pdCobN-ez","_links":{"self":[{"href":"https:\/\/notabene.world\/nb\/wp-json\/wp\/v2\/posts\/903","targetHints":{"allow":["GET"]}}],"collection":[{"href":"https:\/\/notabene.world\/nb\/wp-json\/wp\/v2\/posts"}],"about":[{"href":"https:\/\/notabene.world\/nb\/wp-json\/wp\/v2\/types\/post"}],"author":[{"embeddable":true,"href":"https:\/\/notabene.world\/nb\/wp-json\/wp\/v2\/users\/1"}],"replies":[{"embeddable":true,"href":"https:\/\/notabene.world\/nb\/wp-json\/wp\/v2\/comments?post=903"}],"version-history":[{"count":5,"href":"https:\/\/notabene.world\/nb\/wp-json\/wp\/v2\/posts\/903\/revisions"}],"predecessor-version":[{"id":16049,"href":"https:\/\/notabene.world\/nb\/wp-json\/wp\/v2\/posts\/903\/revisions\/16049"}],"wp:featuredmedia":[{"embeddable":true,"href":"https:\/\/notabene.world\/nb\/wp-json\/wp\/v2\/media\/15977"}],"wp:attachment":[{"href":"https:\/\/notabene.world\/nb\/wp-json\/wp\/v2\/media?parent=903"}],"wp:term":[{"taxonomy":"category","embeddable":true,"href":"https:\/\/notabene.world\/nb\/wp-json\/wp\/v2\/categories?post=903"},{"taxonomy":"post_tag","embeddable":true,"href":"https:\/\/notabene.world\/nb\/wp-json\/wp\/v2\/tags?post=903"}],"curies":[{"name":"wp","href":"https:\/\/api.w.org\/{rel}","templated":true}]}}