{"id":9112,"date":"2023-03-18T23:36:00","date_gmt":"2023-03-18T22:36:00","guid":{"rendered":"https:\/\/notabene.world\/nb\/?p=9112"},"modified":"2023-04-12T17:44:06","modified_gmt":"2023-04-12T15:44:06","slug":"idy-marcowe-2023","status":"publish","type":"post","link":"https:\/\/notabene.world\/nb\/idy-marcowe-2023\/","title":{"rendered":"Zwidy marcowe albo bujdy"},"content":{"rendered":"\n<p>W staro\u017cytnym Rzymie Idy marcowe (pi\u0119tnasty dzie\u0144 marca) by\u0142y dniem hucznych obchod\u00f3w na cze\u015b\u0107 boga wojny \u2013 Marsa. U nas za\u015b na \u015bwi\u0119tokrzyskiej wsi hucznie wieje dzi\u015b wiatr historii, oj wieje. Na ostro. No nie jest dobrze skoro \u00f3w \u201ewiater\u201d frywolnie \u201cpodwiewn\u0105\u0142\u201d nawet ostatnio marynark\u0119 pos\u0142a Ziemi \u015awi\u0119tokrzyskiej oraz ministra od sprawiedliwo\u015bci Zbigniewa Ziobro (ZZ), kt\u00f3ry zosta\u0142 tym samym bezczelnie obna\u017cony. <\/p>\n\n\n\n<p>Okaza\u0142o si\u0119, i\u017c z ty\u0142u przy pasku u spodni prawdziwy-pan-minister nosi prawdziwy-pistolet. Aby-szeryf-to-jaki-a-nie-minister-czy-c\u00f3\u015b? \u0141oj-tam, \u0142oj-tam, zaraz-tam-szeryf, prawdziwy szeryf to mia\u0142by przy sobie o tak ze dwa kolty i tak bardziej z przodu, po bokach \u2013 przy prawej i lewej nodze \u2013 oczywi\u015bcie, \u017ce gotowe do strza\u0142u, a jak\u017ceby nie?<\/p>\n\n\n\n<p>Jaki szeryf, taki \u201c\u0142estern\u201d \u2013 a w\u0142a\u015bciwie \u201cistern\u201d, ot takie tam swojskie ni to rodeo, ni to bonanza, raz w lewo, raz w prawo \u2013 jest klawo, no brawo! I po co zaraz czepia\u0107 si\u0119, no bo w ko\u0144cu kto boj\u0105cemu zabroni broni\u0107 si\u0119 jakby-co?<\/p>\n\n\n\n<p>Nie wiadomo czego \u2013 a w\u0142a\u015bciwie kogo \u2013 boi si\u0119 minister ZZ. By\u0107 mo\u017ce co\u015b-tam ma na sumieniu i dlatego boi si\u0119 w\u0142asnego cienia. Nie on jeden. A jak kto\u015b boi si\u0119 cienia, to najlepiej ustawi\u0107 przed nim lustro. Mo\u017ce to pomo\u017ce? No tak, jaki \u201c\u0142estern\u201d, takie \u201czwidy marcowe\u201d, jaki Cezar, taki Brutus \u2013 jakie prawo, taka i sprawiedliwo\u015b\u0107. Znowu robi si\u0119 naprawd\u0119 niebezpiecznie, ale nie l\u0119kajmy si\u0119. \u0141oj-tam.<\/p>\n\n\n\n<p>Tymczasem inny pose\u0142 Ziemi \u015awi\u0119tokrzyskiej i wiceminister od zagranicy Piotr Wawrzyk (PW) zaprosi\u0142 by\u0142 do siebie ambasadora USA Marka Brzezi\u0144skiego, gdy\u017c pono\u0107 reporta\u017c o \u015bw. Janie Pawle II, wyemitowany przez pewn\u0105 telewizj\u0119 z kapita\u0142em ameryka\u0144skim, stanowi zagro\u017cenie dla polskiej (\u015bwi\u0119tokrzyskiej chyba?) racji stanu. Wed\u0142ug PW hybrydowo wpisuje si\u0119 \u00f3w materia\u0142 w wojenn\u0105 narracj\u0119 putinowskiej Rosji. \u0141oj-tam, \u0142oj-tam &#8211; gdzie Rzym, a gdzie Krym, prosz\u0119 pana ministra?<\/p>\n\n\n\n<p>Co racja, to jednak racja, \u017ce \u201e\u015bwi\u0119tokrzysko\u015b\u0107\u201d to taki do\u015b\u0107 niepowtarzalny stan mentalny jest. Ano, bo ze \u015awi\u0119tego Krzy\u017ca, z serca samego Puszczy Jod\u0142owej (niczyjej, nie mojej ani twojej, ani naszej, jeno-bo\u017cej-i-\u015bwi\u0119tej!) wszystko wida\u0107 inaczej, czyli lepiej. \u0141oj-tam, \u0142oj-tam, jaka puszcza, takie i zwidy. Albo bujdy.<\/p>\n\n\n\n<p class=\"has-text-align-right\"><em>Nieopodal \u015awi\u0119tego Krzy\u017ca, 15.03.2023<\/em><\/p>\n\n\n\n<figure class=\"wp-block-image size-full\"><img data-recalc-dims=\"1\" loading=\"lazy\" decoding=\"async\" width=\"800\" height=\"445\" src=\"https:\/\/i0.wp.com\/notabene.world\/nb\/wp-content\/uploads\/2023\/03\/idy23jc.jpg?resize=800%2C445&#038;ssl=1\" alt=\"\" class=\"wp-image-9118\" srcset=\"https:\/\/i0.wp.com\/notabene.world\/nb\/wp-content\/uploads\/2023\/03\/idy23jc.jpg?w=800&amp;ssl=1 800w, https:\/\/i0.wp.com\/notabene.world\/nb\/wp-content\/uploads\/2023\/03\/idy23jc.jpg?resize=300%2C167&amp;ssl=1 300w, https:\/\/i0.wp.com\/notabene.world\/nb\/wp-content\/uploads\/2023\/03\/idy23jc.jpg?resize=768%2C427&amp;ssl=1 768w\" sizes=\"auto, (max-width: 800px) 100vw, 800px\" \/><\/figure>\n","protected":false},"excerpt":{"rendered":"<p>W staro\u017cytnym Rzymie Idy marcowe (pi\u0119tnasty dzie\u0144 marca) by\u0142y dniem hucznych obchod\u00f3w na cze\u015b\u0107 boga wojny \u2013 Marsa. U nas za\u015b na \u015bwi\u0119tokrzyskiej wsi hucznie wieje dzi\u015b wiatr historii, oj wieje. Na ostro. No nie jest dobrze skoro \u00f3w \u201ewiater\u201d frywolnie \u201cpodwiewn\u0105\u0142\u201d nawet ostatnio marynark\u0119 pos\u0142a Ziemi \u015awi\u0119tokrzyskiej oraz ministra od sprawiedliwo\u015bci Zbigniewa Ziobro (ZZ), kt\u00f3ry zosta\u0142 tym samym bezczelnie obna\u017cony.<\/p>\n<p>Co racja, to jednak racja, \u017ce \u201e\u015bwi\u0119tokrzysko\u015b\u0107\u201d to taki do\u015b\u0107 niepowtarzalny stan mentalny jest. Ano, bo ze \u015awi\u0119tego Krzy\u017ca, z serca samego Puszczy Jod\u0142owej (niczyjej, nie mojej ani twojej, ani naszej, jeno-bo\u017cej-i-\u015bwi\u0119tej!) wszystko wida\u0107 inaczej, czyli lepiej. \u0141oj-tam, \u0142oj-tam, jaka puszcza, takie i zwidy. Albo bujdy.<\/p>\n","protected":false},"author":1,"featured_media":9114,"comment_status":"closed","ping_status":"closed","sticky":false,"template":"","format":"standard","meta":{"colormag_page_container_layout":"default_layout","colormag_page_sidebar_layout":"default_layout","_jetpack_memberships_contains_paid_content":false,"footnotes":"","_links_to":"","_links_to_target":""},"categories":[42,48],"tags":[],"class_list":["post-9112","post","type-post","status-publish","format-standard","has-post-thumbnail","hentry","category-felietony","category-wiecej-swiatla"],"yoast_head":"<!-- This site is optimized with the Yoast SEO plugin v27.4 - https:\/\/yoast.com\/product\/yoast-seo-wordpress\/ -->\n<title>Zwidy marcowe albo bujdy - NOTABENE.WORLD<\/title>\n<meta name=\"robots\" content=\"index, follow, max-snippet:-1, max-image-preview:large, max-video-preview:-1\" \/>\n<link rel=\"canonical\" href=\"https:\/\/notabene.world\/nb\/idy-marcowe-2023\/\" \/>\n<meta property=\"og:locale\" content=\"pl_PL\" \/>\n<meta property=\"og:type\" content=\"article\" \/>\n<meta property=\"og:title\" content=\"Zwidy marcowe albo bujdy - NOTABENE.WORLD\" \/>\n<meta property=\"og:description\" content=\"W staro\u017cytnym Rzymie Idy marcowe (pi\u0119tnasty dzie\u0144 marca) by\u0142y dniem hucznych obchod\u00f3w na cze\u015b\u0107 boga wojny \u2013 Marsa. U nas za\u015b na \u015bwi\u0119tokrzyskiej wsi hucznie wieje dzi\u015b wiatr historii, oj wieje. Na ostro. No nie jest dobrze skoro \u00f3w \u201ewiater\u201d frywolnie \u201cpodwiewn\u0105\u0142\u201d nawet ostatnio marynark\u0119 pos\u0142a Ziemi \u015awi\u0119tokrzyskiej oraz ministra od sprawiedliwo\u015bci Zbigniewa Ziobro (ZZ), kt\u00f3ry zosta\u0142 tym samym bezczelnie obna\u017cony. Co racja, to jednak racja, \u017ce \u201e\u015bwi\u0119tokrzysko\u015b\u0107\u201d to taki do\u015b\u0107 niepowtarzalny stan mentalny jest. Ano, bo ze \u015awi\u0119tego Krzy\u017ca, z serca samego Puszczy Jod\u0142owej (niczyjej, nie mojej ani twojej, ani naszej, jeno-bo\u017cej-i-\u015bwi\u0119tej!) wszystko wida\u0107 inaczej, czyli lepiej. \u0141oj-tam, \u0142oj-tam, jaka puszcza, takie i zwidy. Albo bujdy.\" \/>\n<meta property=\"og:url\" content=\"https:\/\/notabene.world\/nb\/idy-marcowe-2023\/\" \/>\n<meta property=\"og:site_name\" content=\"NOTABENE.WORLD\" \/>\n<meta property=\"article:publisher\" content=\"https:\/\/www.facebook.com\/Notabene.World\" \/>\n<meta property=\"article:published_time\" content=\"2023-03-18T22:36:00+00:00\" \/>\n<meta property=\"article:modified_time\" content=\"2023-04-12T15:44:06+00:00\" \/>\n<meta property=\"og:image\" content=\"https:\/\/notabene.world\/nb\/wp-content\/uploads\/2023\/03\/idy23.jpg\" \/>\n\t<meta property=\"og:image:width\" content=\"800\" \/>\n\t<meta property=\"og:image:height\" content=\"445\" \/>\n\t<meta property=\"og:image:type\" content=\"image\/jpeg\" \/>\n<meta name=\"author\" content=\"C vel K\" \/>\n<meta name=\"twitter:card\" content=\"summary_large_image\" \/>\n<meta name=\"twitter:label1\" content=\"Napisane przez\" \/>\n\t<meta name=\"twitter:data1\" content=\"C vel K\" \/>\n\t<meta name=\"twitter:label2\" content=\"Szacowany czas czytania\" \/>\n\t<meta name=\"twitter:data2\" content=\"2 minuty\" \/>\n<script type=\"application\/ld+json\" class=\"yoast-schema-graph\">{\"@context\":\"https:\\\/\\\/schema.org\",\"@graph\":[{\"@type\":\"Article\",\"@id\":\"https:\\\/\\\/notabene.world\\\/nb\\\/idy-marcowe-2023\\\/#article\",\"isPartOf\":{\"@id\":\"https:\\\/\\\/notabene.world\\\/nb\\\/idy-marcowe-2023\\\/\"},\"author\":{\"name\":\"C vel K\",\"@id\":\"https:\\\/\\\/notabene.world\\\/nb\\\/#\\\/schema\\\/person\\\/2227ed509f9261e544f6078919e1981d\"},\"headline\":\"Zwidy marcowe albo bujdy\",\"datePublished\":\"2023-03-18T22:36:00+00:00\",\"dateModified\":\"2023-04-12T15:44:06+00:00\",\"mainEntityOfPage\":{\"@id\":\"https:\\\/\\\/notabene.world\\\/nb\\\/idy-marcowe-2023\\\/\"},\"wordCount\":379,\"publisher\":{\"@id\":\"https:\\\/\\\/notabene.world\\\/nb\\\/#organization\"},\"image\":{\"@id\":\"https:\\\/\\\/notabene.world\\\/nb\\\/idy-marcowe-2023\\\/#primaryimage\"},\"thumbnailUrl\":\"https:\\\/\\\/i0.wp.com\\\/notabene.world\\\/nb\\\/wp-content\\\/uploads\\\/2023\\\/03\\\/idy23.jpg?fit=800%2C445&ssl=1\",\"articleSection\":[\"Felietony\",\"WI\u0118CEJ \u015aWIAT(\u0141)A\"],\"inLanguage\":\"pl-PL\"},{\"@type\":\"WebPage\",\"@id\":\"https:\\\/\\\/notabene.world\\\/nb\\\/idy-marcowe-2023\\\/\",\"url\":\"https:\\\/\\\/notabene.world\\\/nb\\\/idy-marcowe-2023\\\/\",\"name\":\"Zwidy marcowe albo bujdy - NOTABENE.WORLD\",\"isPartOf\":{\"@id\":\"https:\\\/\\\/notabene.world\\\/nb\\\/#website\"},\"primaryImageOfPage\":{\"@id\":\"https:\\\/\\\/notabene.world\\\/nb\\\/idy-marcowe-2023\\\/#primaryimage\"},\"image\":{\"@id\":\"https:\\\/\\\/notabene.world\\\/nb\\\/idy-marcowe-2023\\\/#primaryimage\"},\"thumbnailUrl\":\"https:\\\/\\\/i0.wp.com\\\/notabene.world\\\/nb\\\/wp-content\\\/uploads\\\/2023\\\/03\\\/idy23.jpg?fit=800%2C445&ssl=1\",\"datePublished\":\"2023-03-18T22:36:00+00:00\",\"dateModified\":\"2023-04-12T15:44:06+00:00\",\"breadcrumb\":{\"@id\":\"https:\\\/\\\/notabene.world\\\/nb\\\/idy-marcowe-2023\\\/#breadcrumb\"},\"inLanguage\":\"pl-PL\",\"potentialAction\":[{\"@type\":\"ReadAction\",\"target\":[\"https:\\\/\\\/notabene.world\\\/nb\\\/idy-marcowe-2023\\\/\"]}]},{\"@type\":\"ImageObject\",\"inLanguage\":\"pl-PL\",\"@id\":\"https:\\\/\\\/notabene.world\\\/nb\\\/idy-marcowe-2023\\\/#primaryimage\",\"url\":\"https:\\\/\\\/i0.wp.com\\\/notabene.world\\\/nb\\\/wp-content\\\/uploads\\\/2023\\\/03\\\/idy23.jpg?fit=800%2C445&ssl=1\",\"contentUrl\":\"https:\\\/\\\/i0.wp.com\\\/notabene.world\\\/nb\\\/wp-content\\\/uploads\\\/2023\\\/03\\\/idy23.jpg?fit=800%2C445&ssl=1\",\"width\":800,\"height\":445},{\"@type\":\"BreadcrumbList\",\"@id\":\"https:\\\/\\\/notabene.world\\\/nb\\\/idy-marcowe-2023\\\/#breadcrumb\",\"itemListElement\":[{\"@type\":\"ListItem\",\"position\":1,\"name\":\"Home\",\"item\":\"https:\\\/\\\/notabene.world\\\/nb\\\/\"},{\"@type\":\"ListItem\",\"position\":2,\"name\":\"Zwidy marcowe albo bujdy\"}]},{\"@type\":\"WebSite\",\"@id\":\"https:\\\/\\\/notabene.world\\\/nb\\\/#website\",\"url\":\"https:\\\/\\\/notabene.world\\\/nb\\\/\",\"name\":\"NOTABENE.WORLD\",\"description\":\"Przekaz. Warto\u015bci. Wsp\u00f3lnota.\",\"publisher\":{\"@id\":\"https:\\\/\\\/notabene.world\\\/nb\\\/#organization\"},\"potentialAction\":[{\"@type\":\"SearchAction\",\"target\":{\"@type\":\"EntryPoint\",\"urlTemplate\":\"https:\\\/\\\/notabene.world\\\/nb\\\/?s={search_term_string}\"},\"query-input\":{\"@type\":\"PropertyValueSpecification\",\"valueRequired\":true,\"valueName\":\"search_term_string\"}}],\"inLanguage\":\"pl-PL\"},{\"@type\":\"Organization\",\"@id\":\"https:\\\/\\\/notabene.world\\\/nb\\\/#organization\",\"name\":\"NOTABENE.WORLD\",\"url\":\"https:\\\/\\\/notabene.world\\\/nb\\\/\",\"logo\":{\"@type\":\"ImageObject\",\"inLanguage\":\"pl-PL\",\"@id\":\"https:\\\/\\\/notabene.world\\\/nb\\\/#\\\/schema\\\/logo\\\/image\\\/\",\"url\":\"https:\\\/\\\/notabene.world\\\/nb\\\/wp-content\\\/uploads\\\/2022\\\/01\\\/NB-club-start-www1.jpg\",\"contentUrl\":\"https:\\\/\\\/notabene.world\\\/nb\\\/wp-content\\\/uploads\\\/2022\\\/01\\\/NB-club-start-www1.jpg\",\"width\":1000,\"height\":839,\"caption\":\"NOTABENE.WORLD\"},\"image\":{\"@id\":\"https:\\\/\\\/notabene.world\\\/nb\\\/#\\\/schema\\\/logo\\\/image\\\/\"},\"sameAs\":[\"https:\\\/\\\/www.facebook.com\\\/Notabene.World\"]},{\"@type\":\"Person\",\"@id\":\"https:\\\/\\\/notabene.world\\\/nb\\\/#\\\/schema\\\/person\\\/2227ed509f9261e544f6078919e1981d\",\"name\":\"C vel K\",\"image\":{\"@type\":\"ImageObject\",\"inLanguage\":\"pl-PL\",\"@id\":\"https:\\\/\\\/secure.gravatar.com\\\/avatar\\\/da4181237ddf77c667487dd66af5231faaf45fbcb0774d7a408f868da56bf04c?s=96&d=mm&r=g\",\"url\":\"https:\\\/\\\/secure.gravatar.com\\\/avatar\\\/da4181237ddf77c667487dd66af5231faaf45fbcb0774d7a408f868da56bf04c?s=96&d=mm&r=g\",\"contentUrl\":\"https:\\\/\\\/secure.gravatar.com\\\/avatar\\\/da4181237ddf77c667487dd66af5231faaf45fbcb0774d7a408f868da56bf04c?s=96&d=mm&r=g\",\"caption\":\"C vel K\"},\"url\":\"https:\\\/\\\/notabene.world\\\/nb\\\/author\\\/kcedro\\\/\"}]}<\/script>\n<!-- \/ Yoast SEO plugin. -->","yoast_head_json":{"title":"Zwidy marcowe albo bujdy - NOTABENE.WORLD","robots":{"index":"index","follow":"follow","max-snippet":"max-snippet:-1","max-image-preview":"max-image-preview:large","max-video-preview":"max-video-preview:-1"},"canonical":"https:\/\/notabene.world\/nb\/idy-marcowe-2023\/","og_locale":"pl_PL","og_type":"article","og_title":"Zwidy marcowe albo bujdy - NOTABENE.WORLD","og_description":"W staro\u017cytnym Rzymie Idy marcowe (pi\u0119tnasty dzie\u0144 marca) by\u0142y dniem hucznych obchod\u00f3w na cze\u015b\u0107 boga wojny \u2013 Marsa. U nas za\u015b na \u015bwi\u0119tokrzyskiej wsi hucznie wieje dzi\u015b wiatr historii, oj wieje. Na ostro. No nie jest dobrze skoro \u00f3w \u201ewiater\u201d frywolnie \u201cpodwiewn\u0105\u0142\u201d nawet ostatnio marynark\u0119 pos\u0142a Ziemi \u015awi\u0119tokrzyskiej oraz ministra od sprawiedliwo\u015bci Zbigniewa Ziobro (ZZ), kt\u00f3ry zosta\u0142 tym samym bezczelnie obna\u017cony. Co racja, to jednak racja, \u017ce \u201e\u015bwi\u0119tokrzysko\u015b\u0107\u201d to taki do\u015b\u0107 niepowtarzalny stan mentalny jest. Ano, bo ze \u015awi\u0119tego Krzy\u017ca, z serca samego Puszczy Jod\u0142owej (niczyjej, nie mojej ani twojej, ani naszej, jeno-bo\u017cej-i-\u015bwi\u0119tej!) wszystko wida\u0107 inaczej, czyli lepiej. \u0141oj-tam, \u0142oj-tam, jaka puszcza, takie i zwidy. Albo bujdy.","og_url":"https:\/\/notabene.world\/nb\/idy-marcowe-2023\/","og_site_name":"NOTABENE.WORLD","article_publisher":"https:\/\/www.facebook.com\/Notabene.World","article_published_time":"2023-03-18T22:36:00+00:00","article_modified_time":"2023-04-12T15:44:06+00:00","og_image":[{"width":800,"height":445,"url":"https:\/\/notabene.world\/nb\/wp-content\/uploads\/2023\/03\/idy23.jpg","type":"image\/jpeg"}],"author":"C vel K","twitter_card":"summary_large_image","twitter_misc":{"Napisane przez":"C vel K","Szacowany czas czytania":"2 minuty"},"schema":{"@context":"https:\/\/schema.org","@graph":[{"@type":"Article","@id":"https:\/\/notabene.world\/nb\/idy-marcowe-2023\/#article","isPartOf":{"@id":"https:\/\/notabene.world\/nb\/idy-marcowe-2023\/"},"author":{"name":"C vel K","@id":"https:\/\/notabene.world\/nb\/#\/schema\/person\/2227ed509f9261e544f6078919e1981d"},"headline":"Zwidy marcowe albo bujdy","datePublished":"2023-03-18T22:36:00+00:00","dateModified":"2023-04-12T15:44:06+00:00","mainEntityOfPage":{"@id":"https:\/\/notabene.world\/nb\/idy-marcowe-2023\/"},"wordCount":379,"publisher":{"@id":"https:\/\/notabene.world\/nb\/#organization"},"image":{"@id":"https:\/\/notabene.world\/nb\/idy-marcowe-2023\/#primaryimage"},"thumbnailUrl":"https:\/\/i0.wp.com\/notabene.world\/nb\/wp-content\/uploads\/2023\/03\/idy23.jpg?fit=800%2C445&ssl=1","articleSection":["Felietony","WI\u0118CEJ \u015aWIAT(\u0141)A"],"inLanguage":"pl-PL"},{"@type":"WebPage","@id":"https:\/\/notabene.world\/nb\/idy-marcowe-2023\/","url":"https:\/\/notabene.world\/nb\/idy-marcowe-2023\/","name":"Zwidy marcowe albo bujdy - NOTABENE.WORLD","isPartOf":{"@id":"https:\/\/notabene.world\/nb\/#website"},"primaryImageOfPage":{"@id":"https:\/\/notabene.world\/nb\/idy-marcowe-2023\/#primaryimage"},"image":{"@id":"https:\/\/notabene.world\/nb\/idy-marcowe-2023\/#primaryimage"},"thumbnailUrl":"https:\/\/i0.wp.com\/notabene.world\/nb\/wp-content\/uploads\/2023\/03\/idy23.jpg?fit=800%2C445&ssl=1","datePublished":"2023-03-18T22:36:00+00:00","dateModified":"2023-04-12T15:44:06+00:00","breadcrumb":{"@id":"https:\/\/notabene.world\/nb\/idy-marcowe-2023\/#breadcrumb"},"inLanguage":"pl-PL","potentialAction":[{"@type":"ReadAction","target":["https:\/\/notabene.world\/nb\/idy-marcowe-2023\/"]}]},{"@type":"ImageObject","inLanguage":"pl-PL","@id":"https:\/\/notabene.world\/nb\/idy-marcowe-2023\/#primaryimage","url":"https:\/\/i0.wp.com\/notabene.world\/nb\/wp-content\/uploads\/2023\/03\/idy23.jpg?fit=800%2C445&ssl=1","contentUrl":"https:\/\/i0.wp.com\/notabene.world\/nb\/wp-content\/uploads\/2023\/03\/idy23.jpg?fit=800%2C445&ssl=1","width":800,"height":445},{"@type":"BreadcrumbList","@id":"https:\/\/notabene.world\/nb\/idy-marcowe-2023\/#breadcrumb","itemListElement":[{"@type":"ListItem","position":1,"name":"Home","item":"https:\/\/notabene.world\/nb\/"},{"@type":"ListItem","position":2,"name":"Zwidy marcowe albo bujdy"}]},{"@type":"WebSite","@id":"https:\/\/notabene.world\/nb\/#website","url":"https:\/\/notabene.world\/nb\/","name":"NOTABENE.WORLD","description":"Przekaz. Warto\u015bci. Wsp\u00f3lnota.","publisher":{"@id":"https:\/\/notabene.world\/nb\/#organization"},"potentialAction":[{"@type":"SearchAction","target":{"@type":"EntryPoint","urlTemplate":"https:\/\/notabene.world\/nb\/?s={search_term_string}"},"query-input":{"@type":"PropertyValueSpecification","valueRequired":true,"valueName":"search_term_string"}}],"inLanguage":"pl-PL"},{"@type":"Organization","@id":"https:\/\/notabene.world\/nb\/#organization","name":"NOTABENE.WORLD","url":"https:\/\/notabene.world\/nb\/","logo":{"@type":"ImageObject","inLanguage":"pl-PL","@id":"https:\/\/notabene.world\/nb\/#\/schema\/logo\/image\/","url":"https:\/\/notabene.world\/nb\/wp-content\/uploads\/2022\/01\/NB-club-start-www1.jpg","contentUrl":"https:\/\/notabene.world\/nb\/wp-content\/uploads\/2022\/01\/NB-club-start-www1.jpg","width":1000,"height":839,"caption":"NOTABENE.WORLD"},"image":{"@id":"https:\/\/notabene.world\/nb\/#\/schema\/logo\/image\/"},"sameAs":["https:\/\/www.facebook.com\/Notabene.World"]},{"@type":"Person","@id":"https:\/\/notabene.world\/nb\/#\/schema\/person\/2227ed509f9261e544f6078919e1981d","name":"C vel K","image":{"@type":"ImageObject","inLanguage":"pl-PL","@id":"https:\/\/secure.gravatar.com\/avatar\/da4181237ddf77c667487dd66af5231faaf45fbcb0774d7a408f868da56bf04c?s=96&d=mm&r=g","url":"https:\/\/secure.gravatar.com\/avatar\/da4181237ddf77c667487dd66af5231faaf45fbcb0774d7a408f868da56bf04c?s=96&d=mm&r=g","contentUrl":"https:\/\/secure.gravatar.com\/avatar\/da4181237ddf77c667487dd66af5231faaf45fbcb0774d7a408f868da56bf04c?s=96&d=mm&r=g","caption":"C vel K"},"url":"https:\/\/notabene.world\/nb\/author\/kcedro\/"}]}},"jetpack_featured_media_url":"https:\/\/i0.wp.com\/notabene.world\/nb\/wp-content\/uploads\/2023\/03\/idy23.jpg?fit=800%2C445&ssl=1","jetpack_sharing_enabled":true,"jetpack_shortlink":"https:\/\/wp.me\/pdCobN-2mY","_links":{"self":[{"href":"https:\/\/notabene.world\/nb\/wp-json\/wp\/v2\/posts\/9112","targetHints":{"allow":["GET"]}}],"collection":[{"href":"https:\/\/notabene.world\/nb\/wp-json\/wp\/v2\/posts"}],"about":[{"href":"https:\/\/notabene.world\/nb\/wp-json\/wp\/v2\/types\/post"}],"author":[{"embeddable":true,"href":"https:\/\/notabene.world\/nb\/wp-json\/wp\/v2\/users\/1"}],"replies":[{"embeddable":true,"href":"https:\/\/notabene.world\/nb\/wp-json\/wp\/v2\/comments?post=9112"}],"version-history":[{"count":5,"href":"https:\/\/notabene.world\/nb\/wp-json\/wp\/v2\/posts\/9112\/revisions"}],"predecessor-version":[{"id":9329,"href":"https:\/\/notabene.world\/nb\/wp-json\/wp\/v2\/posts\/9112\/revisions\/9329"}],"wp:featuredmedia":[{"embeddable":true,"href":"https:\/\/notabene.world\/nb\/wp-json\/wp\/v2\/media\/9114"}],"wp:attachment":[{"href":"https:\/\/notabene.world\/nb\/wp-json\/wp\/v2\/media?parent=9112"}],"wp:term":[{"taxonomy":"category","embeddable":true,"href":"https:\/\/notabene.world\/nb\/wp-json\/wp\/v2\/categories?post=9112"},{"taxonomy":"post_tag","embeddable":true,"href":"https:\/\/notabene.world\/nb\/wp-json\/wp\/v2\/tags?post=9112"}],"curies":[{"name":"wp","href":"https:\/\/api.w.org\/{rel}","templated":true}]}}