{"id":9249,"date":"2023-03-25T18:36:46","date_gmt":"2023-03-25T17:36:46","guid":{"rendered":"https:\/\/notabene.world\/nb\/?p=9249"},"modified":"2023-04-27T01:38:49","modified_gmt":"2023-04-26T23:38:49","slug":"w-2023-roku-wstyd-sluchac-polskiego-rapu-2","status":"publish","type":"post","link":"https:\/\/notabene.world\/nb\/w-2023-roku-wstyd-sluchac-polskiego-rapu-2\/","title":{"rendered":"W 2023 roku wstyd s\u0142ucha\u0107 polskiego rapu"},"content":{"rendered":"\n<p>Za czas\u00f3w mojej g\u0142\u0119bokiej m\u0142odo\u015bci na Facebooku mo\u017cna by\u0142o spotka\u0107 si\u0119 z komentarzami w stylu:  &#8222;Polski rap to g\u00f3wno.&#8221; Mia\u0142em wtedy 10 lat i bardzo \u017carliwie polemizowa\u0142em z takimi opiniami. Dzisiaj mam 18 i do takich zda\u0144 dopisa\u0142bym  &#8222;+1&#8221;. Niestety takiego rodzaju statementy znikn\u0119\u0142y praktycznie ca\u0142kowicie z opinii publicznej, bo rapu s\u0142uchaj\u0105 wszyscy i prawie wszystkim si\u0119 on bardzo podoba. Szkoda tylko, \u017ce z mocno charakternej subkultury hip-hop, element muzyki &#8222;rapowanej&#8221; wy\u0142ama\u0142 si\u0119 od niej i teraz wegetuje na zat\u0119ch\u0142ym bagnie szeroko poj\u0119tej popkultury; i to w tej najbardziej wulgarnej cz\u0119\u015bci. Janusz W. (\u017cywi\u0119 wielk\u0105 nadziej\u0119, \u017ce kto\u015b w przysz\u0142o\u015bci wytoczy mu proces, wi\u0119c cenzuruje nazwisko na za\u015b) &#8211; powitajmy go brawami.<\/p>\n\n\n\n<p>Margaret wyda\u0142a wczoraj jaki\u015b tam album. Nie zamierzam zapoznawa\u0107 si\u0119 z tym materia\u0142em w ca\u0142o\u015bci. Niestety, nieco przypadkiem, pos\u0142ucha\u0142em utworu z tej w\u0142a\u015bnie nowej p\u0142yty pod tytu\u0142em <em>Pocz\u0105tek.<\/em> Go\u015bcinnie udzieli\u0142 si\u0119 tam Janusz Walciusiek. Oto jego zwrotka:<\/p>\n\n\n\n<p><em><strong>Najpierw dojdziemy, potem dojdziemy do porozumienia (seks)<\/strong>  17<br>\u017badnej cechy nie chc\u0119 zmienia\u0107 w tobie, jeste\u015b idealna (no cap) 18<br>Wygl\u0105dasz jak Angelina Jolie w 2005 11<br>Ja mog\u0119 by\u0107 Brad, mog\u0119 za\u015bpiewa\u0107 ci to jak brief 14<br>Skarbie jeste\u015b dla mnie sexy as fuck 10<br><strong>Kocham twoj\u0105 pup\u0119, piersi, tw\u00f3j blask<\/strong> 10<br>Chc\u0119 s\u0142ucha\u0107 z tob\u0105 Okiego, Maty i Rusiny 14<br>Cho\u0107 miewasz dylematy, co do mojej ro\u015bliny 14<br>Chod\u017a zata\u0144czymy, tul\u0119 ci\u0119 jak Rocky Riri<\/em> 13<\/p>\n\n\n\n<p>Wstyd mi, \u017ce wypowiada\u0142em na g\u0142os ten tekst i boj\u0119 si\u0119, \u017ce s\u0105siedzi mogli mnie us\u0142ysze\u0107. Zastanawia mnie, co siedzi w g\u0142owie tego cz\u0142owieka. Przecie\u017c tu nawet nie ma co analizowa\u0107. Nie wiem, czy to jest za\u015bpiewane czysto &#8211; brzmi dobrze, ale po ostatnim incydencie z Blank\u0105 na Eurowizji ju\u017c nigdy nie dam si\u0119 nabra\u0107. Zapewne Janusz podkr\u0119ci\u0142 sobie autotune i wszystko gra i buczy. <\/p>\n\n\n\n<p>Pierwszy wers to gra s\u0142owna, oparta na wieloznaczeniowo\u015bci wyrazu dojdziemy &#8211; jest tu on u\u017cyty w kontek\u015bcie zaspokojenia seksualnego, oraz wykorzystany w konstrukcji czasownika frazowego. Drugi wers to zachwyt nad partnerk\u0105(?) pana rapera, mo\u017cna by powiedzie\u0107, \u017ce wyst\u0119puje tu heroizacja (nie, nie wyst\u0119puje). Ca\u0142o\u015b\u0107 skwitowana jest puent\u0105 &#8211; angielskim odpowiednikiem &#8222;bez kitu&#8221;. Nast\u0119pnie &#8211; nawi\u0105zanie do celebrytki i celebryty. Potem nawi\u0105zanie do trzech kolejnych celebryt\u00f3w, a potem do jeszcze kolejnych celebryt\u00f3w. To &#8222;dzie\u0142o sztuki&#8221; jest w ca\u0142o\u015bci apostrof\u0105 do ukochanej rapera. Artysta (cha cha) pos\u0142u\u017cy\u0142 si\u0119 dwoma epitetami (idealna, sexy as fuck), skorzysta\u0142 z por\u00f3wnania dwukrotnie (za ka\u017cdym razem do celebryt\u00f3w). Ze wszystkich cech, za kt\u00f3re kocha swoj\u0105 kobiet\u0119, wymieni\u0142 dwie cz\u0119\u015bci cia\u0142a &#8211; i to te najbardziej ordynarne. Pupa i piersi, serio? Mo\u017ce cipa i odbyt? Szkoda, \u017ce tego nie nawin\u0105\u0142e\u015b kole\u017cko. Kocha jeszcze jej blask, no tak. I miewa dylematy co do zio\u0142a, kt\u00f3re pali Jasio.<\/p>\n\n\n\n<p>Zapewne cz\u0142owiek niezorientowany zapyta &#8211; <em>No i co z tego wynika? Jak dobrze brzmi, to gdzie tkwi problem? Sztuka ma wzbudza\u0107 emocje, jakiekolwiek emocje, wi\u0119c o co ci chodzi? <\/em><\/p>\n\n\n\n<p>Po pierwsze &#8211; brzmi to co najwy\u017cej \u015brednio. Tekstowo natomiast, jest to KOSZMARNIE OBRZYDLIWE NAJGORSZE WSTR\u0118TNE. Uwaga &#8211; wyst\u0119puje tu ubogi zakres zar\u00f3wno samego j\u0119zyka, jak i \u015brodk\u00f3w wyrazu artystycznego. Ponadto ordynarne zwroty mieszaj\u0105 si\u0119 tu z powtarzalno\u015bci\u0105 (pan Janusz W. o marihuanie m\u00f3wi bardzo du\u017co &#8211; w zasadzie to m\u00f3wi tylko o niej). Por\u00f3wnania s\u0105 banalne i na dodatek schemat ich jest powt\u00f3rzony, a wszystkie wersy s\u0105 chamsko dos\u0142owne. Wisienk\u0105 na torcie jest <strong>brak rym\u00f3w <\/strong>(wyst\u0119puje tu jeden rym niedok\u0142adny i jeden cz\u0119stochowski)<\/p>\n\n\n\n<p>No wzbudzi\u0142a we mnie ta &#8222;sztuka&#8221; emocje, to fakt. Gdyby Jan W. pos\u0142ugiwa\u0142 si\u0119 w tym utworze ironi\u0105, o\u015bmiesza\u0142by tendencje i mod\u0119 na prostactwo w polskim rapie, to bi\u0142bym brawo. Ten cz\u0142owiek jednak nie chcia\u0142 nikogo rozbawi\u0107, ani zwr\u00f3ci\u0107 uwag\u0119 na problemy obecne w dzisiejszej kulturze. On napisa\u0142 te wersy i pomy\u015bla\u0142, \u017ce s\u0105 dobre. To chyba w tej ca\u0142ej sytuacji jest najgorsze &#8211; \u017ce on uwierzy\u0142, \u017ce napisa\u0142 dobry tekst. Jeszcze smutniejszy jest fakt, \u017ce wbije ten utw\u00f3r z 2 miliony  ods\u0142uch\u00f3w, co utwierdzi autora powy\u017cszych wers\u00f3w w tym, \u017ce ma talent i powinien i\u015b\u0107 dalej w t\u0119 stron\u0119. Wiadomo, \u017ce pojawi\u0105 si\u0119 negatywne opinie, ale autor takich hit\u00f3w jak (wstyd\u017a si\u0119, je\u015bli wiedzia\u0142e\u015b, jaki przyk\u0142ad tu podam) z tego co wiem &#8211; <em>zamienia hejt na si\u0142\u0119<\/em>; oczywi\u015bcie krytyki nie ma, jest tylko hejt, wi\u0119c pan poeta \u017cyje w swojej ba\u0144ce. <\/p>\n\n\n\n<p>Na obron\u0119 pana Janusza W. powiem tylko, \u017ce wi\u0119cej &#8222;raper\u00f3w&#8221; wypluwa z siebie takie diamenty, co tylko dowodzi, \u017ce problem ubo\u017cenia artystycznego kultury masowej (jakby kiedykolwiek by\u0142a bogata) jest gigantyczny. Bo tu ju\u017c nie chodzi o to, \u017ce sam styl jest niski, potoczny. Bo w takiej konwencji da si\u0119 napisa\u0107 bardzo \u0142adne wersy &#8211; chocia\u017cby <em>Deszcz na betonie<\/em>. (to nie moja wina, \u017ce jej sk\u00f3ra pachnie jak ostatnie dni wakacji; to naprawd\u0119 niez\u0142y utw\u00f3r) To nie XIX wiek, \u017ceby\u015bmy topili si\u0119 w dwustumetrowych falach patosu. Trzeba niestety zachowa\u0107 jaki\u015b umiar, bo je\u015bli kultura b\u0119dzie sz\u0142a wci\u0105\u017c w t\u0119 stron\u0119, w kt\u00f3r\u0105 idzie aktualnie &#8211; to \u017ale b\u0119dzie wygl\u0105da\u0142 nasz \u015bwiat, oj bardzo \u017ale. Przypomnijmy sobie, komu zale\u017ca\u0142o na propagowaniu kultury do b\u00f3lu realistycznej, nastawionej na dos\u0142owno\u015b\u0107 i propagand\u0119 sukcesu&#8230; <\/p>\n\n\n\n<p>Ponadto, taki stan rzeczy pokazuje, \u017ce \u017ceby \u015bpiewa\u0107, nie trzeba umie\u0107 nic, i mie\u0107 od tego ludzi, albo nauczy\u0107 si\u0119 obs\u0142ugi studia muzycznego (podobno pan Jan W. jest w te klocki ca\u0142kiem dobry i wyprodukowa\u0142 ca\u0142kiem sporo porz\u0105dnych p\u0142yt, wi\u0119c chwa\u0142a mu za to). To r\u00f3wnie\u017c dowodzi, \u017ce wszyscy maj\u0105 ju\u017c w dupie jak\u0105kolwiek &#8222;kultur\u0119&#8221; i wszyscy rapuj\u0105, bo chc\u0105 zarobi\u0107. Nie wiem, to dosy\u0107 obrzydliwe, ale mo\u017ce jestem boomerem. Prosz\u0119 napisa\u0107 w komentarzu &#8222;brawo &#8211; w ko\u0144cu kto\u015b to g\u0142o\u015bno powiedzia\u0142&#8221;. &#8222;Ok boomer&#8221; i inne b\u0119d\u0119 kasowa\u0142. <\/p>\n\n\n\n<p>#rzyjemywspoleczenstwie<\/p>\n\n\n\n<p>Wiem, \u017ce ca\u0142a popkultura tak wygl\u0105da. Ale czu\u0142em potrzeb\u0119 krzykni\u0119cia na ten paskudny be\u0142kot, kt\u00f3ry wydoby\u0142 si\u0119 z ust pana Janusza dablju. <\/p>\n","protected":false},"excerpt":{"rendered":"<p>Za czas\u00f3w mojej g\u0142\u0119bokiej m\u0142odo\u015bci na Facebooku mo\u017cna by\u0142o spotka\u0107 si\u0119 z komentarzami w stylu:  &#8222;Polski rap to g\u00f3wno.&#8221; Mia\u0142em wtedy 10 lat i bardzo \u017carliwie polemizowa\u0142em z takimi opiniami. Dzisiaj mam 18 i do takich zda\u0144 dopisa\u0142bym  &#8222;+1&#8221;. Niestety takiego rodzaju statementy znikn\u0119\u0142y praktycznie ca\u0142kowicie z opinii publicznej, bo rapu s\u0142uchaj\u0105 wszyscy i prawie wszystkim si\u0119 on bardzo podoba. <\/p>\n<p>Szkoda tylko, \u017ce z mocno charakternej subkultury hip-hop, element muzyki &#8222;rapowanej&#8221; wy\u0142ama\u0142 si\u0119 od niej i teraz wegetuje na zat\u0119ch\u0142ym bagnie szeroko poj\u0119tej popkultury; i to w tej najbardziej wulgarnej cz\u0119\u015bci. Janusz W. (\u017cywi\u0119 wielk\u0105 nadziej\u0119, \u017ce kto\u015b w przysz\u0142o\u015bci wytoczy mu proces, wi\u0119c cenzuruje nazwisko na za\u015b) &#8211; powitajmy go brawami.<\/p>\n","protected":false},"author":6,"featured_media":9253,"comment_status":"closed","ping_status":"closed","sticky":false,"template":"","format":"standard","meta":{"colormag_page_container_layout":"default_layout","colormag_page_sidebar_layout":"default_layout","_jetpack_memberships_contains_paid_content":false,"footnotes":"","_links_to":"","_links_to_target":""},"categories":[42,6,5],"tags":[52,55],"class_list":["post-9249","post","type-post","status-publish","format-standard","has-post-thumbnail","hentry","category-felietony","category-kultura","category-muzyka","tag-kultura","tag-spoleczenstwo"],"yoast_head":"<!-- This site is optimized with the Yoast SEO plugin v27.4 - https:\/\/yoast.com\/product\/yoast-seo-wordpress\/ -->\n<title>W 2023 roku wstyd s\u0142ucha\u0107 polskiego rapu - NOTABENE.WORLD<\/title>\n<meta name=\"robots\" content=\"index, follow, max-snippet:-1, max-image-preview:large, max-video-preview:-1\" \/>\n<link rel=\"canonical\" href=\"https:\/\/notabene.world\/nb\/w-2023-roku-wstyd-sluchac-polskiego-rapu-2\/\" \/>\n<meta property=\"og:locale\" content=\"pl_PL\" \/>\n<meta property=\"og:type\" content=\"article\" \/>\n<meta property=\"og:title\" content=\"W 2023 roku wstyd s\u0142ucha\u0107 polskiego rapu - NOTABENE.WORLD\" \/>\n<meta property=\"og:description\" content=\"Za czas\u00f3w mojej g\u0142\u0119bokiej m\u0142odo\u015bci na Facebooku mo\u017cna by\u0142o spotka\u0107 si\u0119 z komentarzami w stylu: &quot;Polski rap to g\u00f3wno.&quot; Mia\u0142em wtedy 10 lat i bardzo \u017carliwie polemizowa\u0142em z takimi opiniami. Dzisiaj mam 18 i do takich zda\u0144 dopisa\u0142bym &quot;+1&quot;. Niestety takiego rodzaju statementy znikn\u0119\u0142y praktycznie ca\u0142kowicie z opinii publicznej, bo rapu s\u0142uchaj\u0105 wszyscy i prawie wszystkim si\u0119 on bardzo podoba.  Szkoda tylko, \u017ce z mocno charakternej subkultury hip-hop, element muzyki &quot;rapowanej&quot; wy\u0142ama\u0142 si\u0119 od niej i teraz wegetuje na zat\u0119ch\u0142ym bagnie szeroko poj\u0119tej popkultury; i to w tej najbardziej wulgarnej cz\u0119\u015bci. Janusz W. (\u017cywi\u0119 wielk\u0105 nadziej\u0119, \u017ce kto\u015b w przysz\u0142o\u015bci wytoczy mu proces, wi\u0119c cenzuruje nazwisko na za\u015b) - powitajmy go brawami.\" \/>\n<meta property=\"og:url\" content=\"https:\/\/notabene.world\/nb\/w-2023-roku-wstyd-sluchac-polskiego-rapu-2\/\" \/>\n<meta property=\"og:site_name\" content=\"NOTABENE.WORLD\" \/>\n<meta property=\"article:publisher\" content=\"https:\/\/www.facebook.com\/Notabene.World\" \/>\n<meta property=\"article:author\" content=\"https:\/\/www.facebook.com\/profile.php?id=100014087373140\" \/>\n<meta property=\"article:published_time\" content=\"2023-03-25T17:36:46+00:00\" \/>\n<meta property=\"article:modified_time\" content=\"2023-04-26T23:38:49+00:00\" \/>\n<meta property=\"og:image\" content=\"https:\/\/notabene.world\/nb\/wp-content\/uploads\/2023\/03\/monkey-3507317_1280.jpg\" \/>\n\t<meta property=\"og:image:width\" content=\"1280\" \/>\n\t<meta property=\"og:image:height\" content=\"720\" \/>\n\t<meta property=\"og:image:type\" content=\"image\/jpeg\" \/>\n<meta name=\"author\" content=\"Julian Tarnowski\" \/>\n<meta name=\"twitter:card\" content=\"summary_large_image\" \/>\n<meta name=\"twitter:creator\" content=\"@JulianTarnowsk1\" \/>\n<meta name=\"twitter:label1\" content=\"Napisane przez\" \/>\n\t<meta name=\"twitter:data1\" content=\"Julian Tarnowski\" \/>\n\t<meta name=\"twitter:label2\" content=\"Szacowany czas czytania\" \/>\n\t<meta name=\"twitter:data2\" content=\"5 minut\" \/>\n<script type=\"application\/ld+json\" class=\"yoast-schema-graph\">{\"@context\":\"https:\\\/\\\/schema.org\",\"@graph\":[{\"@type\":\"Article\",\"@id\":\"https:\\\/\\\/notabene.world\\\/nb\\\/w-2023-roku-wstyd-sluchac-polskiego-rapu-2\\\/#article\",\"isPartOf\":{\"@id\":\"https:\\\/\\\/notabene.world\\\/nb\\\/w-2023-roku-wstyd-sluchac-polskiego-rapu-2\\\/\"},\"author\":{\"name\":\"Julian Tarnowski\",\"@id\":\"https:\\\/\\\/notabene.world\\\/nb\\\/#\\\/schema\\\/person\\\/890c5cc2bd0337867802bcca5ee56dee\"},\"headline\":\"W 2023 roku wstyd s\u0142ucha\u0107 polskiego rapu\",\"datePublished\":\"2023-03-25T17:36:46+00:00\",\"dateModified\":\"2023-04-26T23:38:49+00:00\",\"mainEntityOfPage\":{\"@id\":\"https:\\\/\\\/notabene.world\\\/nb\\\/w-2023-roku-wstyd-sluchac-polskiego-rapu-2\\\/\"},\"wordCount\":1083,\"publisher\":{\"@id\":\"https:\\\/\\\/notabene.world\\\/nb\\\/#organization\"},\"image\":{\"@id\":\"https:\\\/\\\/notabene.world\\\/nb\\\/w-2023-roku-wstyd-sluchac-polskiego-rapu-2\\\/#primaryimage\"},\"thumbnailUrl\":\"https:\\\/\\\/i0.wp.com\\\/notabene.world\\\/nb\\\/wp-content\\\/uploads\\\/2023\\\/03\\\/monkey-3507317_1280.jpg?fit=1280%2C720&ssl=1\",\"keywords\":[\"#kultura\",\"#spo\u0142ecze\u0144stwo\"],\"articleSection\":[\"Felietony\",\"Kultura\",\"Muzyka\"],\"inLanguage\":\"pl-PL\"},{\"@type\":\"WebPage\",\"@id\":\"https:\\\/\\\/notabene.world\\\/nb\\\/w-2023-roku-wstyd-sluchac-polskiego-rapu-2\\\/\",\"url\":\"https:\\\/\\\/notabene.world\\\/nb\\\/w-2023-roku-wstyd-sluchac-polskiego-rapu-2\\\/\",\"name\":\"W 2023 roku wstyd s\u0142ucha\u0107 polskiego rapu - NOTABENE.WORLD\",\"isPartOf\":{\"@id\":\"https:\\\/\\\/notabene.world\\\/nb\\\/#website\"},\"primaryImageOfPage\":{\"@id\":\"https:\\\/\\\/notabene.world\\\/nb\\\/w-2023-roku-wstyd-sluchac-polskiego-rapu-2\\\/#primaryimage\"},\"image\":{\"@id\":\"https:\\\/\\\/notabene.world\\\/nb\\\/w-2023-roku-wstyd-sluchac-polskiego-rapu-2\\\/#primaryimage\"},\"thumbnailUrl\":\"https:\\\/\\\/i0.wp.com\\\/notabene.world\\\/nb\\\/wp-content\\\/uploads\\\/2023\\\/03\\\/monkey-3507317_1280.jpg?fit=1280%2C720&ssl=1\",\"datePublished\":\"2023-03-25T17:36:46+00:00\",\"dateModified\":\"2023-04-26T23:38:49+00:00\",\"breadcrumb\":{\"@id\":\"https:\\\/\\\/notabene.world\\\/nb\\\/w-2023-roku-wstyd-sluchac-polskiego-rapu-2\\\/#breadcrumb\"},\"inLanguage\":\"pl-PL\",\"potentialAction\":[{\"@type\":\"ReadAction\",\"target\":[\"https:\\\/\\\/notabene.world\\\/nb\\\/w-2023-roku-wstyd-sluchac-polskiego-rapu-2\\\/\"]}]},{\"@type\":\"ImageObject\",\"inLanguage\":\"pl-PL\",\"@id\":\"https:\\\/\\\/notabene.world\\\/nb\\\/w-2023-roku-wstyd-sluchac-polskiego-rapu-2\\\/#primaryimage\",\"url\":\"https:\\\/\\\/i0.wp.com\\\/notabene.world\\\/nb\\\/wp-content\\\/uploads\\\/2023\\\/03\\\/monkey-3507317_1280.jpg?fit=1280%2C720&ssl=1\",\"contentUrl\":\"https:\\\/\\\/i0.wp.com\\\/notabene.world\\\/nb\\\/wp-content\\\/uploads\\\/2023\\\/03\\\/monkey-3507317_1280.jpg?fit=1280%2C720&ssl=1\",\"width\":1280,\"height\":720},{\"@type\":\"BreadcrumbList\",\"@id\":\"https:\\\/\\\/notabene.world\\\/nb\\\/w-2023-roku-wstyd-sluchac-polskiego-rapu-2\\\/#breadcrumb\",\"itemListElement\":[{\"@type\":\"ListItem\",\"position\":1,\"name\":\"Home\",\"item\":\"https:\\\/\\\/notabene.world\\\/nb\\\/\"},{\"@type\":\"ListItem\",\"position\":2,\"name\":\"W 2023 roku wstyd s\u0142ucha\u0107 polskiego rapu\"}]},{\"@type\":\"WebSite\",\"@id\":\"https:\\\/\\\/notabene.world\\\/nb\\\/#website\",\"url\":\"https:\\\/\\\/notabene.world\\\/nb\\\/\",\"name\":\"NOTABENE.WORLD\",\"description\":\"Przekaz. Warto\u015bci. Wsp\u00f3lnota.\",\"publisher\":{\"@id\":\"https:\\\/\\\/notabene.world\\\/nb\\\/#organization\"},\"potentialAction\":[{\"@type\":\"SearchAction\",\"target\":{\"@type\":\"EntryPoint\",\"urlTemplate\":\"https:\\\/\\\/notabene.world\\\/nb\\\/?s={search_term_string}\"},\"query-input\":{\"@type\":\"PropertyValueSpecification\",\"valueRequired\":true,\"valueName\":\"search_term_string\"}}],\"inLanguage\":\"pl-PL\"},{\"@type\":\"Organization\",\"@id\":\"https:\\\/\\\/notabene.world\\\/nb\\\/#organization\",\"name\":\"NOTABENE.WORLD\",\"url\":\"https:\\\/\\\/notabene.world\\\/nb\\\/\",\"logo\":{\"@type\":\"ImageObject\",\"inLanguage\":\"pl-PL\",\"@id\":\"https:\\\/\\\/notabene.world\\\/nb\\\/#\\\/schema\\\/logo\\\/image\\\/\",\"url\":\"https:\\\/\\\/notabene.world\\\/nb\\\/wp-content\\\/uploads\\\/2022\\\/01\\\/NB-club-start-www1.jpg\",\"contentUrl\":\"https:\\\/\\\/notabene.world\\\/nb\\\/wp-content\\\/uploads\\\/2022\\\/01\\\/NB-club-start-www1.jpg\",\"width\":1000,\"height\":839,\"caption\":\"NOTABENE.WORLD\"},\"image\":{\"@id\":\"https:\\\/\\\/notabene.world\\\/nb\\\/#\\\/schema\\\/logo\\\/image\\\/\"},\"sameAs\":[\"https:\\\/\\\/www.facebook.com\\\/Notabene.World\"]},{\"@type\":\"Person\",\"@id\":\"https:\\\/\\\/notabene.world\\\/nb\\\/#\\\/schema\\\/person\\\/890c5cc2bd0337867802bcca5ee56dee\",\"name\":\"Julian Tarnowski\",\"image\":{\"@type\":\"ImageObject\",\"inLanguage\":\"pl-PL\",\"@id\":\"https:\\\/\\\/secure.gravatar.com\\\/avatar\\\/151c2da0993f25c9e553bfa30b4da86942b5a68cf934473be0bc4dc52284b95b?s=96&d=mm&r=g\",\"url\":\"https:\\\/\\\/secure.gravatar.com\\\/avatar\\\/151c2da0993f25c9e553bfa30b4da86942b5a68cf934473be0bc4dc52284b95b?s=96&d=mm&r=g\",\"contentUrl\":\"https:\\\/\\\/secure.gravatar.com\\\/avatar\\\/151c2da0993f25c9e553bfa30b4da86942b5a68cf934473be0bc4dc52284b95b?s=96&d=mm&r=g\",\"caption\":\"Julian Tarnowski\"},\"sameAs\":[\"https:\\\/\\\/www.facebook.com\\\/profile.php?id=100014087373140\",\"https:\\\/\\\/www.instagram.com\\\/tarnowskiofficial\\\/\",\"https:\\\/\\\/x.com\\\/JulianTarnowsk1\"],\"url\":\"https:\\\/\\\/notabene.world\\\/nb\\\/author\\\/julian\\\/\"}]}<\/script>\n<!-- \/ Yoast SEO plugin. -->","yoast_head_json":{"title":"W 2023 roku wstyd s\u0142ucha\u0107 polskiego rapu - NOTABENE.WORLD","robots":{"index":"index","follow":"follow","max-snippet":"max-snippet:-1","max-image-preview":"max-image-preview:large","max-video-preview":"max-video-preview:-1"},"canonical":"https:\/\/notabene.world\/nb\/w-2023-roku-wstyd-sluchac-polskiego-rapu-2\/","og_locale":"pl_PL","og_type":"article","og_title":"W 2023 roku wstyd s\u0142ucha\u0107 polskiego rapu - NOTABENE.WORLD","og_description":"Za czas\u00f3w mojej g\u0142\u0119bokiej m\u0142odo\u015bci na Facebooku mo\u017cna by\u0142o spotka\u0107 si\u0119 z komentarzami w stylu: \"Polski rap to g\u00f3wno.\" Mia\u0142em wtedy 10 lat i bardzo \u017carliwie polemizowa\u0142em z takimi opiniami. Dzisiaj mam 18 i do takich zda\u0144 dopisa\u0142bym \"+1\". Niestety takiego rodzaju statementy znikn\u0119\u0142y praktycznie ca\u0142kowicie z opinii publicznej, bo rapu s\u0142uchaj\u0105 wszyscy i prawie wszystkim si\u0119 on bardzo podoba.  Szkoda tylko, \u017ce z mocno charakternej subkultury hip-hop, element muzyki \"rapowanej\" wy\u0142ama\u0142 si\u0119 od niej i teraz wegetuje na zat\u0119ch\u0142ym bagnie szeroko poj\u0119tej popkultury; i to w tej najbardziej wulgarnej cz\u0119\u015bci. Janusz W. (\u017cywi\u0119 wielk\u0105 nadziej\u0119, \u017ce kto\u015b w przysz\u0142o\u015bci wytoczy mu proces, wi\u0119c cenzuruje nazwisko na za\u015b) - powitajmy go brawami.","og_url":"https:\/\/notabene.world\/nb\/w-2023-roku-wstyd-sluchac-polskiego-rapu-2\/","og_site_name":"NOTABENE.WORLD","article_publisher":"https:\/\/www.facebook.com\/Notabene.World","article_author":"https:\/\/www.facebook.com\/profile.php?id=100014087373140","article_published_time":"2023-03-25T17:36:46+00:00","article_modified_time":"2023-04-26T23:38:49+00:00","og_image":[{"width":1280,"height":720,"url":"https:\/\/notabene.world\/nb\/wp-content\/uploads\/2023\/03\/monkey-3507317_1280.jpg","type":"image\/jpeg"}],"author":"Julian Tarnowski","twitter_card":"summary_large_image","twitter_creator":"@JulianTarnowsk1","twitter_misc":{"Napisane przez":"Julian Tarnowski","Szacowany czas czytania":"5 minut"},"schema":{"@context":"https:\/\/schema.org","@graph":[{"@type":"Article","@id":"https:\/\/notabene.world\/nb\/w-2023-roku-wstyd-sluchac-polskiego-rapu-2\/#article","isPartOf":{"@id":"https:\/\/notabene.world\/nb\/w-2023-roku-wstyd-sluchac-polskiego-rapu-2\/"},"author":{"name":"Julian Tarnowski","@id":"https:\/\/notabene.world\/nb\/#\/schema\/person\/890c5cc2bd0337867802bcca5ee56dee"},"headline":"W 2023 roku wstyd s\u0142ucha\u0107 polskiego rapu","datePublished":"2023-03-25T17:36:46+00:00","dateModified":"2023-04-26T23:38:49+00:00","mainEntityOfPage":{"@id":"https:\/\/notabene.world\/nb\/w-2023-roku-wstyd-sluchac-polskiego-rapu-2\/"},"wordCount":1083,"publisher":{"@id":"https:\/\/notabene.world\/nb\/#organization"},"image":{"@id":"https:\/\/notabene.world\/nb\/w-2023-roku-wstyd-sluchac-polskiego-rapu-2\/#primaryimage"},"thumbnailUrl":"https:\/\/i0.wp.com\/notabene.world\/nb\/wp-content\/uploads\/2023\/03\/monkey-3507317_1280.jpg?fit=1280%2C720&ssl=1","keywords":["#kultura","#spo\u0142ecze\u0144stwo"],"articleSection":["Felietony","Kultura","Muzyka"],"inLanguage":"pl-PL"},{"@type":"WebPage","@id":"https:\/\/notabene.world\/nb\/w-2023-roku-wstyd-sluchac-polskiego-rapu-2\/","url":"https:\/\/notabene.world\/nb\/w-2023-roku-wstyd-sluchac-polskiego-rapu-2\/","name":"W 2023 roku wstyd s\u0142ucha\u0107 polskiego rapu - NOTABENE.WORLD","isPartOf":{"@id":"https:\/\/notabene.world\/nb\/#website"},"primaryImageOfPage":{"@id":"https:\/\/notabene.world\/nb\/w-2023-roku-wstyd-sluchac-polskiego-rapu-2\/#primaryimage"},"image":{"@id":"https:\/\/notabene.world\/nb\/w-2023-roku-wstyd-sluchac-polskiego-rapu-2\/#primaryimage"},"thumbnailUrl":"https:\/\/i0.wp.com\/notabene.world\/nb\/wp-content\/uploads\/2023\/03\/monkey-3507317_1280.jpg?fit=1280%2C720&ssl=1","datePublished":"2023-03-25T17:36:46+00:00","dateModified":"2023-04-26T23:38:49+00:00","breadcrumb":{"@id":"https:\/\/notabene.world\/nb\/w-2023-roku-wstyd-sluchac-polskiego-rapu-2\/#breadcrumb"},"inLanguage":"pl-PL","potentialAction":[{"@type":"ReadAction","target":["https:\/\/notabene.world\/nb\/w-2023-roku-wstyd-sluchac-polskiego-rapu-2\/"]}]},{"@type":"ImageObject","inLanguage":"pl-PL","@id":"https:\/\/notabene.world\/nb\/w-2023-roku-wstyd-sluchac-polskiego-rapu-2\/#primaryimage","url":"https:\/\/i0.wp.com\/notabene.world\/nb\/wp-content\/uploads\/2023\/03\/monkey-3507317_1280.jpg?fit=1280%2C720&ssl=1","contentUrl":"https:\/\/i0.wp.com\/notabene.world\/nb\/wp-content\/uploads\/2023\/03\/monkey-3507317_1280.jpg?fit=1280%2C720&ssl=1","width":1280,"height":720},{"@type":"BreadcrumbList","@id":"https:\/\/notabene.world\/nb\/w-2023-roku-wstyd-sluchac-polskiego-rapu-2\/#breadcrumb","itemListElement":[{"@type":"ListItem","position":1,"name":"Home","item":"https:\/\/notabene.world\/nb\/"},{"@type":"ListItem","position":2,"name":"W 2023 roku wstyd s\u0142ucha\u0107 polskiego rapu"}]},{"@type":"WebSite","@id":"https:\/\/notabene.world\/nb\/#website","url":"https:\/\/notabene.world\/nb\/","name":"NOTABENE.WORLD","description":"Przekaz. Warto\u015bci. Wsp\u00f3lnota.","publisher":{"@id":"https:\/\/notabene.world\/nb\/#organization"},"potentialAction":[{"@type":"SearchAction","target":{"@type":"EntryPoint","urlTemplate":"https:\/\/notabene.world\/nb\/?s={search_term_string}"},"query-input":{"@type":"PropertyValueSpecification","valueRequired":true,"valueName":"search_term_string"}}],"inLanguage":"pl-PL"},{"@type":"Organization","@id":"https:\/\/notabene.world\/nb\/#organization","name":"NOTABENE.WORLD","url":"https:\/\/notabene.world\/nb\/","logo":{"@type":"ImageObject","inLanguage":"pl-PL","@id":"https:\/\/notabene.world\/nb\/#\/schema\/logo\/image\/","url":"https:\/\/notabene.world\/nb\/wp-content\/uploads\/2022\/01\/NB-club-start-www1.jpg","contentUrl":"https:\/\/notabene.world\/nb\/wp-content\/uploads\/2022\/01\/NB-club-start-www1.jpg","width":1000,"height":839,"caption":"NOTABENE.WORLD"},"image":{"@id":"https:\/\/notabene.world\/nb\/#\/schema\/logo\/image\/"},"sameAs":["https:\/\/www.facebook.com\/Notabene.World"]},{"@type":"Person","@id":"https:\/\/notabene.world\/nb\/#\/schema\/person\/890c5cc2bd0337867802bcca5ee56dee","name":"Julian Tarnowski","image":{"@type":"ImageObject","inLanguage":"pl-PL","@id":"https:\/\/secure.gravatar.com\/avatar\/151c2da0993f25c9e553bfa30b4da86942b5a68cf934473be0bc4dc52284b95b?s=96&d=mm&r=g","url":"https:\/\/secure.gravatar.com\/avatar\/151c2da0993f25c9e553bfa30b4da86942b5a68cf934473be0bc4dc52284b95b?s=96&d=mm&r=g","contentUrl":"https:\/\/secure.gravatar.com\/avatar\/151c2da0993f25c9e553bfa30b4da86942b5a68cf934473be0bc4dc52284b95b?s=96&d=mm&r=g","caption":"Julian Tarnowski"},"sameAs":["https:\/\/www.facebook.com\/profile.php?id=100014087373140","https:\/\/www.instagram.com\/tarnowskiofficial\/","https:\/\/x.com\/JulianTarnowsk1"],"url":"https:\/\/notabene.world\/nb\/author\/julian\/"}]}},"jetpack_featured_media_url":"https:\/\/i0.wp.com\/notabene.world\/nb\/wp-content\/uploads\/2023\/03\/monkey-3507317_1280.jpg?fit=1280%2C720&ssl=1","jetpack_sharing_enabled":true,"jetpack_shortlink":"https:\/\/wp.me\/pdCobN-2pb","_links":{"self":[{"href":"https:\/\/notabene.world\/nb\/wp-json\/wp\/v2\/posts\/9249","targetHints":{"allow":["GET"]}}],"collection":[{"href":"https:\/\/notabene.world\/nb\/wp-json\/wp\/v2\/posts"}],"about":[{"href":"https:\/\/notabene.world\/nb\/wp-json\/wp\/v2\/types\/post"}],"author":[{"embeddable":true,"href":"https:\/\/notabene.world\/nb\/wp-json\/wp\/v2\/users\/6"}],"replies":[{"embeddable":true,"href":"https:\/\/notabene.world\/nb\/wp-json\/wp\/v2\/comments?post=9249"}],"version-history":[{"count":5,"href":"https:\/\/notabene.world\/nb\/wp-json\/wp\/v2\/posts\/9249\/revisions"}],"predecessor-version":[{"id":9259,"href":"https:\/\/notabene.world\/nb\/wp-json\/wp\/v2\/posts\/9249\/revisions\/9259"}],"wp:featuredmedia":[{"embeddable":true,"href":"https:\/\/notabene.world\/nb\/wp-json\/wp\/v2\/media\/9253"}],"wp:attachment":[{"href":"https:\/\/notabene.world\/nb\/wp-json\/wp\/v2\/media?parent=9249"}],"wp:term":[{"taxonomy":"category","embeddable":true,"href":"https:\/\/notabene.world\/nb\/wp-json\/wp\/v2\/categories?post=9249"},{"taxonomy":"post_tag","embeddable":true,"href":"https:\/\/notabene.world\/nb\/wp-json\/wp\/v2\/tags?post=9249"}],"curies":[{"name":"wp","href":"https:\/\/api.w.org\/{rel}","templated":true}]}}