{"id":9320,"date":"2023-04-05T13:45:00","date_gmt":"2023-04-05T11:45:00","guid":{"rendered":"https:\/\/notabene.world\/nb\/?p=9320"},"modified":"2023-04-26T12:06:31","modified_gmt":"2023-04-26T10:06:31","slug":"je-kremowki-cala-polska","status":"publish","type":"post","link":"https:\/\/notabene.world\/nb\/je-kremowki-cala-polska\/","title":{"rendered":"Je krem\u00f3wki ca\u0142a Polska&#8230;"},"content":{"rendered":"\n<p>Pomieszkuj\u0119 blisko stacji, w zwi\u0105zku z czym poci\u0105gi s\u0105 mi szczeg\u00f3lnie bliskie, zw\u0142aszcza te pod specjalnym nadzorem. Wiosna wko\u0142o, a zatem w zesz\u0142\u0105 niedziel\u0119 2.04.2023 r. zamarzy\u0142 mi si\u0119 nawet jaki\u015b-taki poci\u0105g byle-jaki, do kt\u00f3rego mo\u017cna by tak po prostu wsi\u0105\u015b\u0107, nie dbaj\u0105c o baga\u017c, nie dbaj\u0105c o bilet, \u015bciskaj\u0105c ino w r\u0119ku kamyk zielony, no i \u017ceby jeszcze serwowano w nim w trakcie jazdy \u201epapieskie krem\u00f3wki\u201d. Wiosna, ach to Ty?<\/p>\n\n\n\n<p>Niestety krem\u00f3wki ku pami\u0119ci \u015bw. Jana Paw\u0142a II podawano \u201egratis\u201d jedynie na pok\u0142adzie Pendolino, kt\u00f3re wszak do Kielc nie doje\u017cd\u017ca. Najbli\u017csza i jedyna pendoli\u0144ska stacja na \u015awi\u0119tokrzy\u017cczy\u017anie znajduje si\u0119 we W\u0142oszczowie, gdzie (opr\u00f3cz Ko\u0144skich) wygrywa\u0142o si\u0119 kiedy\u015b wybory. Dr\u0119czy mnie zatem natr\u0119tne pytanie, czy to jest przyja\u017a\u0144, czy ino kochanie? I co dalej, co teraz si\u0119 stanie?<\/p>\n\n\n\n<p>Dlaczeg\u00f3\u017c to w rocznic\u0119 \u015bmierci Papie\u017ca Polaka nie serwowano patriotycznych krem\u00f3wek we wszystkich innych poci\u0105gach, czyli dlaczego papieskie krem\u00f3wki nie trafi\u0142y w tym wa\u017cnym dniu pod strzechy. Jak to tak? Krem\u00f3wkowe Pendolino jedzie pewnie ze zbyt daleka, na nikogo nie czekaj\u0105c, bo po prostu jedzie. I niech-se tam jedzie.<\/p>\n\n\n\n<p>A\u017ceby przezwyci\u0119\u017cy\u0107 b\u0142ogos\u0142awiony stan krem\u00f3wkowego nabzdyczenia &#8211; w nadziei, \u017ce to co\u015b da &#8211; si\u0119gam nabo\u017cnie do Tadeusza Boya-\u017bele\u0144skiego i jego \u201eS\u0142\u00f3wek\u201d. \u201ePe\u0142na wrzasku ziemia polska, oj oj oj, pe\u0142na wrzasku ziemia polska, od Czikago do Tobolska\u201d. Z Boya zaczerpn\u0105\u0142 zreszt\u0105 fragment tej frazy Jan Pietrzak w roku 1976 &#8211; wiadomo, po co &#8211; no \u201e\u017ceby Polska by\u0142a Polsk\u0105\u201d. W roku 2023 r. &#8211; dumaj\u0105c o Bogu, honorze i ojczy\u017anie &#8211; opychamy si\u0119 bezrefleksyjnie \u201epapieskimi krem\u00f3wkami\u201d, od Czikago do Tobolska.<\/p>\n\n\n\n<p>Mnie zreszt\u0105 i tak samo jedzenie luksusowych ciastek we wznios\u0142ym celu nie interesuje. Tym niemniej z braku Pendolino uda\u0142em si\u0119 w minion\u0105 niedziel\u0119 do bliskiej memu sercu \u201eDorotki\u201d przy ulicy Wsp\u00f3lnej. Po pierwsze zakupi\u0142em zestaw krem\u00f3wek, kt\u00f3re nast\u0119pnie mia\u0142y sta\u0107 si\u0119 nagrodami w konkursie wiedzy o \u015bw. Janie Pawle II, a po drugie, by zmierzy\u0107 poziom patriotyzmu krem\u00f3wkowego w\u015br\u00f3d Kielczan.<\/p>\n\n\n\n<p>Krem\u00f3wki sprzedawa\u0142y si\u0119 cudnie, ale najgorzej wypad\u0142a cz\u0119\u015b\u0107 konkursowa. Spo\u015br\u00f3d kilkudziesi\u0119ciu przypadkowych rozm\u00f3wc\u00f3w po g\u0142\u00f3wnej mszy w kieleckiej Katedrze, nie znalaz\u0142em nikogo, kto potrafi\u0142by wymieni\u0107 cho\u0107by jeden tytu\u0142 kt\u00f3rejkolwiek z kilkunastu papieskich encyklik. I to by by\u0142o na tyle.<\/p>\n","protected":false},"excerpt":{"rendered":"<p>A\u017ceby przezwyci\u0119\u017cy\u0107 b\u0142ogos\u0142awiony stan krem\u00f3wkowego nabzdyczenia &#8211; w nadziei, \u017ce to co\u015b da &#8211; si\u0119gam nabo\u017cnie do Tadeusza Boya-\u017bele\u0144skiego i jego \u201eS\u0142\u00f3wek\u201d. \u201ePe\u0142na wrzasku ziemia polska, oj oj oj, pe\u0142na wrzasku ziemia polska, od Czikago do Tobolska\u201d. Z Boya zaczerpn\u0105\u0142 zreszt\u0105 fragment tej frazy Jan Pietrzak w roku 1976 &#8211; wiadomo, po co &#8211; no \u201e\u017ceby Polska by\u0142a Polsk\u0105\u201d. W roku 2023 r. &#8211; dumaj\u0105c o Bogu, honorze i ojczy\u017anie &#8211; opychamy si\u0119 bezrefleksyjnie \u201epapieskimi krem\u00f3wkami\u201d, od Czikago do Tobolska.<\/p>\n<p>Mnie zreszt\u0105 i tak samo jedzenie luksusowych ciastek we wznios\u0142ym celu nie interesuje. Tym niemniej z braku Pendolino uda\u0142em si\u0119 w minion\u0105 niedziel\u0119 do bliskiej memu sercu \u201eDorotki\u201d przy ulicy Wsp\u00f3lnej. Po pierwsze zakupi\u0142em zestaw krem\u00f3wek, kt\u00f3re nast\u0119pnie mia\u0142y sta\u0107 si\u0119 nagrodami w konkursie wiedzy o \u015bw. Janie Pawle II, a po drugie, by zmierzy\u0107 poziom patriotyzmu krem\u00f3wkowego w\u015br\u00f3d Kielczan. Krem\u00f3wki sprzedawa\u0142y si\u0119 cudnie, ale najgorzej wypad\u0142a cz\u0119\u015b\u0107 konkursowa. Spo\u015br\u00f3d kilkudziesi\u0119ciu przypadkowych rozm\u00f3wc\u00f3w po g\u0142\u00f3wnej mszy w kieleckiej Katedrze, nie znalaz\u0142em nikogo, kto potrafi\u0142by wymieni\u0107 cho\u0107by jeden tytu\u0142 kt\u00f3rejkolwiek z kilkunastu papieskich encyklik. I to by by\u0142o na tyle.<\/p>\n","protected":false},"author":1,"featured_media":9322,"comment_status":"closed","ping_status":"closed","sticky":false,"template":"","format":"standard","meta":{"colormag_page_container_layout":"default_layout","colormag_page_sidebar_layout":"default_layout","_jetpack_memberships_contains_paid_content":false,"footnotes":"","_links_to":"","_links_to_target":""},"categories":[42,48],"tags":[],"class_list":["post-9320","post","type-post","status-publish","format-standard","has-post-thumbnail","hentry","category-felietony","category-wiecej-swiatla"],"yoast_head":"<!-- This site is optimized with the Yoast SEO plugin v27.4 - https:\/\/yoast.com\/product\/yoast-seo-wordpress\/ -->\n<title>Je krem\u00f3wki ca\u0142a Polska... - NOTABENE.WORLD<\/title>\n<meta name=\"robots\" content=\"index, follow, max-snippet:-1, max-image-preview:large, max-video-preview:-1\" \/>\n<link rel=\"canonical\" href=\"https:\/\/notabene.world\/nb\/je-kremowki-cala-polska\/\" \/>\n<meta property=\"og:locale\" content=\"pl_PL\" \/>\n<meta property=\"og:type\" content=\"article\" \/>\n<meta property=\"og:title\" content=\"Je krem\u00f3wki ca\u0142a Polska... - NOTABENE.WORLD\" \/>\n<meta property=\"og:description\" content=\"A\u017ceby przezwyci\u0119\u017cy\u0107 b\u0142ogos\u0142awiony stan krem\u00f3wkowego nabzdyczenia - w nadziei, \u017ce to co\u015b da - si\u0119gam nabo\u017cnie do Tadeusza Boya-\u017bele\u0144skiego i jego \u201eS\u0142\u00f3wek\u201d. \u201ePe\u0142na wrzasku ziemia polska, oj oj oj, pe\u0142na wrzasku ziemia polska, od Czikago do Tobolska\u201d. Z Boya zaczerpn\u0105\u0142 zreszt\u0105 fragment tej frazy Jan Pietrzak w roku 1976 - wiadomo, po co - no \u201e\u017ceby Polska by\u0142a Polsk\u0105\u201d. W roku 2023 r. - dumaj\u0105c o Bogu, honorze i ojczy\u017anie - opychamy si\u0119 bezrefleksyjnie \u201epapieskimi krem\u00f3wkami\u201d, od Czikago do Tobolska. Mnie zreszt\u0105 i tak samo jedzenie luksusowych ciastek we wznios\u0142ym celu nie interesuje. Tym niemniej z braku Pendolino uda\u0142em si\u0119 w minion\u0105 niedziel\u0119 do bliskiej memu sercu \u201eDorotki\u201d przy ulicy Wsp\u00f3lnej. Po pierwsze zakupi\u0142em zestaw krem\u00f3wek, kt\u00f3re nast\u0119pnie mia\u0142y sta\u0107 si\u0119 nagrodami w konkursie wiedzy o \u015bw. Janie Pawle II, a po drugie, by zmierzy\u0107 poziom patriotyzmu krem\u00f3wkowego w\u015br\u00f3d Kielczan. Krem\u00f3wki sprzedawa\u0142y si\u0119 cudnie, ale najgorzej wypad\u0142a cz\u0119\u015b\u0107 konkursowa. Spo\u015br\u00f3d kilkudziesi\u0119ciu przypadkowych rozm\u00f3wc\u00f3w po g\u0142\u00f3wnej mszy w kieleckiej Katedrze, nie znalaz\u0142em nikogo, kto potrafi\u0142by wymieni\u0107 cho\u0107by jeden tytu\u0142 kt\u00f3rejkolwiek z kilkunastu papieskich encyklik. I to by by\u0142o na tyle.\" \/>\n<meta property=\"og:url\" content=\"https:\/\/notabene.world\/nb\/je-kremowki-cala-polska\/\" \/>\n<meta property=\"og:site_name\" content=\"NOTABENE.WORLD\" \/>\n<meta property=\"article:publisher\" content=\"https:\/\/www.facebook.com\/Notabene.World\" \/>\n<meta property=\"article:published_time\" content=\"2023-04-05T11:45:00+00:00\" \/>\n<meta property=\"article:modified_time\" content=\"2023-04-26T10:06:31+00:00\" \/>\n<meta property=\"og:image\" content=\"https:\/\/notabene.world\/nb\/wp-content\/uploads\/2023\/04\/kr2a.jpg\" \/>\n\t<meta property=\"og:image:width\" content=\"800\" \/>\n\t<meta property=\"og:image:height\" content=\"445\" \/>\n\t<meta property=\"og:image:type\" content=\"image\/jpeg\" \/>\n<meta name=\"author\" content=\"C vel K\" \/>\n<meta name=\"twitter:card\" content=\"summary_large_image\" \/>\n<meta name=\"twitter:label1\" content=\"Napisane przez\" \/>\n\t<meta name=\"twitter:data1\" content=\"C vel K\" \/>\n\t<meta name=\"twitter:label2\" content=\"Szacowany czas czytania\" \/>\n\t<meta name=\"twitter:data2\" content=\"2 minuty\" \/>\n<script type=\"application\/ld+json\" class=\"yoast-schema-graph\">{\"@context\":\"https:\\\/\\\/schema.org\",\"@graph\":[{\"@type\":\"Article\",\"@id\":\"https:\\\/\\\/notabene.world\\\/nb\\\/je-kremowki-cala-polska\\\/#article\",\"isPartOf\":{\"@id\":\"https:\\\/\\\/notabene.world\\\/nb\\\/je-kremowki-cala-polska\\\/\"},\"author\":{\"name\":\"C vel K\",\"@id\":\"https:\\\/\\\/notabene.world\\\/nb\\\/#\\\/schema\\\/person\\\/2227ed509f9261e544f6078919e1981d\"},\"headline\":\"Je krem\u00f3wki ca\u0142a Polska&#8230;\",\"datePublished\":\"2023-04-05T11:45:00+00:00\",\"dateModified\":\"2023-04-26T10:06:31+00:00\",\"mainEntityOfPage\":{\"@id\":\"https:\\\/\\\/notabene.world\\\/nb\\\/je-kremowki-cala-polska\\\/\"},\"wordCount\":440,\"publisher\":{\"@id\":\"https:\\\/\\\/notabene.world\\\/nb\\\/#organization\"},\"image\":{\"@id\":\"https:\\\/\\\/notabene.world\\\/nb\\\/je-kremowki-cala-polska\\\/#primaryimage\"},\"thumbnailUrl\":\"https:\\\/\\\/i0.wp.com\\\/notabene.world\\\/nb\\\/wp-content\\\/uploads\\\/2023\\\/04\\\/kr2a.jpg?fit=800%2C445&ssl=1\",\"articleSection\":[\"Felietony\",\"WI\u0118CEJ \u015aWIAT(\u0141)A\"],\"inLanguage\":\"pl-PL\"},{\"@type\":\"WebPage\",\"@id\":\"https:\\\/\\\/notabene.world\\\/nb\\\/je-kremowki-cala-polska\\\/\",\"url\":\"https:\\\/\\\/notabene.world\\\/nb\\\/je-kremowki-cala-polska\\\/\",\"name\":\"Je krem\u00f3wki ca\u0142a Polska... - NOTABENE.WORLD\",\"isPartOf\":{\"@id\":\"https:\\\/\\\/notabene.world\\\/nb\\\/#website\"},\"primaryImageOfPage\":{\"@id\":\"https:\\\/\\\/notabene.world\\\/nb\\\/je-kremowki-cala-polska\\\/#primaryimage\"},\"image\":{\"@id\":\"https:\\\/\\\/notabene.world\\\/nb\\\/je-kremowki-cala-polska\\\/#primaryimage\"},\"thumbnailUrl\":\"https:\\\/\\\/i0.wp.com\\\/notabene.world\\\/nb\\\/wp-content\\\/uploads\\\/2023\\\/04\\\/kr2a.jpg?fit=800%2C445&ssl=1\",\"datePublished\":\"2023-04-05T11:45:00+00:00\",\"dateModified\":\"2023-04-26T10:06:31+00:00\",\"breadcrumb\":{\"@id\":\"https:\\\/\\\/notabene.world\\\/nb\\\/je-kremowki-cala-polska\\\/#breadcrumb\"},\"inLanguage\":\"pl-PL\",\"potentialAction\":[{\"@type\":\"ReadAction\",\"target\":[\"https:\\\/\\\/notabene.world\\\/nb\\\/je-kremowki-cala-polska\\\/\"]}]},{\"@type\":\"ImageObject\",\"inLanguage\":\"pl-PL\",\"@id\":\"https:\\\/\\\/notabene.world\\\/nb\\\/je-kremowki-cala-polska\\\/#primaryimage\",\"url\":\"https:\\\/\\\/i0.wp.com\\\/notabene.world\\\/nb\\\/wp-content\\\/uploads\\\/2023\\\/04\\\/kr2a.jpg?fit=800%2C445&ssl=1\",\"contentUrl\":\"https:\\\/\\\/i0.wp.com\\\/notabene.world\\\/nb\\\/wp-content\\\/uploads\\\/2023\\\/04\\\/kr2a.jpg?fit=800%2C445&ssl=1\",\"width\":800,\"height\":445},{\"@type\":\"BreadcrumbList\",\"@id\":\"https:\\\/\\\/notabene.world\\\/nb\\\/je-kremowki-cala-polska\\\/#breadcrumb\",\"itemListElement\":[{\"@type\":\"ListItem\",\"position\":1,\"name\":\"Home\",\"item\":\"https:\\\/\\\/notabene.world\\\/nb\\\/\"},{\"@type\":\"ListItem\",\"position\":2,\"name\":\"Je krem\u00f3wki ca\u0142a Polska&#8230;\"}]},{\"@type\":\"WebSite\",\"@id\":\"https:\\\/\\\/notabene.world\\\/nb\\\/#website\",\"url\":\"https:\\\/\\\/notabene.world\\\/nb\\\/\",\"name\":\"NOTABENE.WORLD\",\"description\":\"Przekaz. Warto\u015bci. Wsp\u00f3lnota.\",\"publisher\":{\"@id\":\"https:\\\/\\\/notabene.world\\\/nb\\\/#organization\"},\"potentialAction\":[{\"@type\":\"SearchAction\",\"target\":{\"@type\":\"EntryPoint\",\"urlTemplate\":\"https:\\\/\\\/notabene.world\\\/nb\\\/?s={search_term_string}\"},\"query-input\":{\"@type\":\"PropertyValueSpecification\",\"valueRequired\":true,\"valueName\":\"search_term_string\"}}],\"inLanguage\":\"pl-PL\"},{\"@type\":\"Organization\",\"@id\":\"https:\\\/\\\/notabene.world\\\/nb\\\/#organization\",\"name\":\"NOTABENE.WORLD\",\"url\":\"https:\\\/\\\/notabene.world\\\/nb\\\/\",\"logo\":{\"@type\":\"ImageObject\",\"inLanguage\":\"pl-PL\",\"@id\":\"https:\\\/\\\/notabene.world\\\/nb\\\/#\\\/schema\\\/logo\\\/image\\\/\",\"url\":\"https:\\\/\\\/notabene.world\\\/nb\\\/wp-content\\\/uploads\\\/2022\\\/01\\\/NB-club-start-www1.jpg\",\"contentUrl\":\"https:\\\/\\\/notabene.world\\\/nb\\\/wp-content\\\/uploads\\\/2022\\\/01\\\/NB-club-start-www1.jpg\",\"width\":1000,\"height\":839,\"caption\":\"NOTABENE.WORLD\"},\"image\":{\"@id\":\"https:\\\/\\\/notabene.world\\\/nb\\\/#\\\/schema\\\/logo\\\/image\\\/\"},\"sameAs\":[\"https:\\\/\\\/www.facebook.com\\\/Notabene.World\"]},{\"@type\":\"Person\",\"@id\":\"https:\\\/\\\/notabene.world\\\/nb\\\/#\\\/schema\\\/person\\\/2227ed509f9261e544f6078919e1981d\",\"name\":\"C vel K\",\"image\":{\"@type\":\"ImageObject\",\"inLanguage\":\"pl-PL\",\"@id\":\"https:\\\/\\\/secure.gravatar.com\\\/avatar\\\/da4181237ddf77c667487dd66af5231faaf45fbcb0774d7a408f868da56bf04c?s=96&d=mm&r=g\",\"url\":\"https:\\\/\\\/secure.gravatar.com\\\/avatar\\\/da4181237ddf77c667487dd66af5231faaf45fbcb0774d7a408f868da56bf04c?s=96&d=mm&r=g\",\"contentUrl\":\"https:\\\/\\\/secure.gravatar.com\\\/avatar\\\/da4181237ddf77c667487dd66af5231faaf45fbcb0774d7a408f868da56bf04c?s=96&d=mm&r=g\",\"caption\":\"C vel K\"},\"url\":\"https:\\\/\\\/notabene.world\\\/nb\\\/author\\\/kcedro\\\/\"}]}<\/script>\n<!-- \/ Yoast SEO plugin. -->","yoast_head_json":{"title":"Je krem\u00f3wki ca\u0142a Polska... - NOTABENE.WORLD","robots":{"index":"index","follow":"follow","max-snippet":"max-snippet:-1","max-image-preview":"max-image-preview:large","max-video-preview":"max-video-preview:-1"},"canonical":"https:\/\/notabene.world\/nb\/je-kremowki-cala-polska\/","og_locale":"pl_PL","og_type":"article","og_title":"Je krem\u00f3wki ca\u0142a Polska... - NOTABENE.WORLD","og_description":"A\u017ceby przezwyci\u0119\u017cy\u0107 b\u0142ogos\u0142awiony stan krem\u00f3wkowego nabzdyczenia - w nadziei, \u017ce to co\u015b da - si\u0119gam nabo\u017cnie do Tadeusza Boya-\u017bele\u0144skiego i jego \u201eS\u0142\u00f3wek\u201d. \u201ePe\u0142na wrzasku ziemia polska, oj oj oj, pe\u0142na wrzasku ziemia polska, od Czikago do Tobolska\u201d. Z Boya zaczerpn\u0105\u0142 zreszt\u0105 fragment tej frazy Jan Pietrzak w roku 1976 - wiadomo, po co - no \u201e\u017ceby Polska by\u0142a Polsk\u0105\u201d. W roku 2023 r. - dumaj\u0105c o Bogu, honorze i ojczy\u017anie - opychamy si\u0119 bezrefleksyjnie \u201epapieskimi krem\u00f3wkami\u201d, od Czikago do Tobolska. Mnie zreszt\u0105 i tak samo jedzenie luksusowych ciastek we wznios\u0142ym celu nie interesuje. Tym niemniej z braku Pendolino uda\u0142em si\u0119 w minion\u0105 niedziel\u0119 do bliskiej memu sercu \u201eDorotki\u201d przy ulicy Wsp\u00f3lnej. Po pierwsze zakupi\u0142em zestaw krem\u00f3wek, kt\u00f3re nast\u0119pnie mia\u0142y sta\u0107 si\u0119 nagrodami w konkursie wiedzy o \u015bw. Janie Pawle II, a po drugie, by zmierzy\u0107 poziom patriotyzmu krem\u00f3wkowego w\u015br\u00f3d Kielczan. Krem\u00f3wki sprzedawa\u0142y si\u0119 cudnie, ale najgorzej wypad\u0142a cz\u0119\u015b\u0107 konkursowa. Spo\u015br\u00f3d kilkudziesi\u0119ciu przypadkowych rozm\u00f3wc\u00f3w po g\u0142\u00f3wnej mszy w kieleckiej Katedrze, nie znalaz\u0142em nikogo, kto potrafi\u0142by wymieni\u0107 cho\u0107by jeden tytu\u0142 kt\u00f3rejkolwiek z kilkunastu papieskich encyklik. I to by by\u0142o na tyle.","og_url":"https:\/\/notabene.world\/nb\/je-kremowki-cala-polska\/","og_site_name":"NOTABENE.WORLD","article_publisher":"https:\/\/www.facebook.com\/Notabene.World","article_published_time":"2023-04-05T11:45:00+00:00","article_modified_time":"2023-04-26T10:06:31+00:00","og_image":[{"width":800,"height":445,"url":"https:\/\/notabene.world\/nb\/wp-content\/uploads\/2023\/04\/kr2a.jpg","type":"image\/jpeg"}],"author":"C vel K","twitter_card":"summary_large_image","twitter_misc":{"Napisane przez":"C vel K","Szacowany czas czytania":"2 minuty"},"schema":{"@context":"https:\/\/schema.org","@graph":[{"@type":"Article","@id":"https:\/\/notabene.world\/nb\/je-kremowki-cala-polska\/#article","isPartOf":{"@id":"https:\/\/notabene.world\/nb\/je-kremowki-cala-polska\/"},"author":{"name":"C vel K","@id":"https:\/\/notabene.world\/nb\/#\/schema\/person\/2227ed509f9261e544f6078919e1981d"},"headline":"Je krem\u00f3wki ca\u0142a Polska&#8230;","datePublished":"2023-04-05T11:45:00+00:00","dateModified":"2023-04-26T10:06:31+00:00","mainEntityOfPage":{"@id":"https:\/\/notabene.world\/nb\/je-kremowki-cala-polska\/"},"wordCount":440,"publisher":{"@id":"https:\/\/notabene.world\/nb\/#organization"},"image":{"@id":"https:\/\/notabene.world\/nb\/je-kremowki-cala-polska\/#primaryimage"},"thumbnailUrl":"https:\/\/i0.wp.com\/notabene.world\/nb\/wp-content\/uploads\/2023\/04\/kr2a.jpg?fit=800%2C445&ssl=1","articleSection":["Felietony","WI\u0118CEJ \u015aWIAT(\u0141)A"],"inLanguage":"pl-PL"},{"@type":"WebPage","@id":"https:\/\/notabene.world\/nb\/je-kremowki-cala-polska\/","url":"https:\/\/notabene.world\/nb\/je-kremowki-cala-polska\/","name":"Je krem\u00f3wki ca\u0142a Polska... - NOTABENE.WORLD","isPartOf":{"@id":"https:\/\/notabene.world\/nb\/#website"},"primaryImageOfPage":{"@id":"https:\/\/notabene.world\/nb\/je-kremowki-cala-polska\/#primaryimage"},"image":{"@id":"https:\/\/notabene.world\/nb\/je-kremowki-cala-polska\/#primaryimage"},"thumbnailUrl":"https:\/\/i0.wp.com\/notabene.world\/nb\/wp-content\/uploads\/2023\/04\/kr2a.jpg?fit=800%2C445&ssl=1","datePublished":"2023-04-05T11:45:00+00:00","dateModified":"2023-04-26T10:06:31+00:00","breadcrumb":{"@id":"https:\/\/notabene.world\/nb\/je-kremowki-cala-polska\/#breadcrumb"},"inLanguage":"pl-PL","potentialAction":[{"@type":"ReadAction","target":["https:\/\/notabene.world\/nb\/je-kremowki-cala-polska\/"]}]},{"@type":"ImageObject","inLanguage":"pl-PL","@id":"https:\/\/notabene.world\/nb\/je-kremowki-cala-polska\/#primaryimage","url":"https:\/\/i0.wp.com\/notabene.world\/nb\/wp-content\/uploads\/2023\/04\/kr2a.jpg?fit=800%2C445&ssl=1","contentUrl":"https:\/\/i0.wp.com\/notabene.world\/nb\/wp-content\/uploads\/2023\/04\/kr2a.jpg?fit=800%2C445&ssl=1","width":800,"height":445},{"@type":"BreadcrumbList","@id":"https:\/\/notabene.world\/nb\/je-kremowki-cala-polska\/#breadcrumb","itemListElement":[{"@type":"ListItem","position":1,"name":"Home","item":"https:\/\/notabene.world\/nb\/"},{"@type":"ListItem","position":2,"name":"Je krem\u00f3wki ca\u0142a Polska&#8230;"}]},{"@type":"WebSite","@id":"https:\/\/notabene.world\/nb\/#website","url":"https:\/\/notabene.world\/nb\/","name":"NOTABENE.WORLD","description":"Przekaz. Warto\u015bci. Wsp\u00f3lnota.","publisher":{"@id":"https:\/\/notabene.world\/nb\/#organization"},"potentialAction":[{"@type":"SearchAction","target":{"@type":"EntryPoint","urlTemplate":"https:\/\/notabene.world\/nb\/?s={search_term_string}"},"query-input":{"@type":"PropertyValueSpecification","valueRequired":true,"valueName":"search_term_string"}}],"inLanguage":"pl-PL"},{"@type":"Organization","@id":"https:\/\/notabene.world\/nb\/#organization","name":"NOTABENE.WORLD","url":"https:\/\/notabene.world\/nb\/","logo":{"@type":"ImageObject","inLanguage":"pl-PL","@id":"https:\/\/notabene.world\/nb\/#\/schema\/logo\/image\/","url":"https:\/\/notabene.world\/nb\/wp-content\/uploads\/2022\/01\/NB-club-start-www1.jpg","contentUrl":"https:\/\/notabene.world\/nb\/wp-content\/uploads\/2022\/01\/NB-club-start-www1.jpg","width":1000,"height":839,"caption":"NOTABENE.WORLD"},"image":{"@id":"https:\/\/notabene.world\/nb\/#\/schema\/logo\/image\/"},"sameAs":["https:\/\/www.facebook.com\/Notabene.World"]},{"@type":"Person","@id":"https:\/\/notabene.world\/nb\/#\/schema\/person\/2227ed509f9261e544f6078919e1981d","name":"C vel K","image":{"@type":"ImageObject","inLanguage":"pl-PL","@id":"https:\/\/secure.gravatar.com\/avatar\/da4181237ddf77c667487dd66af5231faaf45fbcb0774d7a408f868da56bf04c?s=96&d=mm&r=g","url":"https:\/\/secure.gravatar.com\/avatar\/da4181237ddf77c667487dd66af5231faaf45fbcb0774d7a408f868da56bf04c?s=96&d=mm&r=g","contentUrl":"https:\/\/secure.gravatar.com\/avatar\/da4181237ddf77c667487dd66af5231faaf45fbcb0774d7a408f868da56bf04c?s=96&d=mm&r=g","caption":"C vel K"},"url":"https:\/\/notabene.world\/nb\/author\/kcedro\/"}]}},"jetpack_featured_media_url":"https:\/\/i0.wp.com\/notabene.world\/nb\/wp-content\/uploads\/2023\/04\/kr2a.jpg?fit=800%2C445&ssl=1","jetpack_sharing_enabled":true,"jetpack_shortlink":"https:\/\/wp.me\/pdCobN-2qk","_links":{"self":[{"href":"https:\/\/notabene.world\/nb\/wp-json\/wp\/v2\/posts\/9320","targetHints":{"allow":["GET"]}}],"collection":[{"href":"https:\/\/notabene.world\/nb\/wp-json\/wp\/v2\/posts"}],"about":[{"href":"https:\/\/notabene.world\/nb\/wp-json\/wp\/v2\/types\/post"}],"author":[{"embeddable":true,"href":"https:\/\/notabene.world\/nb\/wp-json\/wp\/v2\/users\/1"}],"replies":[{"embeddable":true,"href":"https:\/\/notabene.world\/nb\/wp-json\/wp\/v2\/comments?post=9320"}],"version-history":[{"count":5,"href":"https:\/\/notabene.world\/nb\/wp-json\/wp\/v2\/posts\/9320\/revisions"}],"predecessor-version":[{"id":9332,"href":"https:\/\/notabene.world\/nb\/wp-json\/wp\/v2\/posts\/9320\/revisions\/9332"}],"wp:featuredmedia":[{"embeddable":true,"href":"https:\/\/notabene.world\/nb\/wp-json\/wp\/v2\/media\/9322"}],"wp:attachment":[{"href":"https:\/\/notabene.world\/nb\/wp-json\/wp\/v2\/media?parent=9320"}],"wp:term":[{"taxonomy":"category","embeddable":true,"href":"https:\/\/notabene.world\/nb\/wp-json\/wp\/v2\/categories?post=9320"},{"taxonomy":"post_tag","embeddable":true,"href":"https:\/\/notabene.world\/nb\/wp-json\/wp\/v2\/tags?post=9320"}],"curies":[{"name":"wp","href":"https:\/\/api.w.org\/{rel}","templated":true}]}}