{"id":9366,"date":"2023-04-15T04:29:22","date_gmt":"2023-04-15T02:29:22","guid":{"rendered":"https:\/\/notabene.world\/nb\/?p=9366"},"modified":"2023-07-25T09:26:58","modified_gmt":"2023-07-25T07:26:58","slug":"nie-po-prostu","status":"publish","type":"post","link":"https:\/\/notabene.world\/nb\/nie-po-prostu\/","title":{"rendered":"Jaka kultura, taka edukacja. I odwrotnie?"},"content":{"rendered":"\n<p>Pogardliwy podzia\u0142 na prawak\u00f3w i lewak\u00f3w zupe\u0142nie nie ma sensu. Szuka\u0142em zatem metafor, kt\u00f3re by\u0142yby w stanie pomie\u015bci\u0107 w sobie doznania ostatnich dni. I zn\u00f3w wpad\u0142 mi w r\u0119ce \u201eFolwark zwierz\u0119cy\u201d George\u2019a Orwella. W czasach PRL oraz stanu wojennego by\u0142o to dzie\u0142o zakazane. A ja przez ponad trzydzie\u015bci lat zastanawia\u0142em si\u0119 (pod\u015bwiadomie), czy dane mi b\u0119dzie kiedy\u015b jeszcze na ten nasz swojski folwark powr\u00f3ci\u0107. I prosz\u0119, jaka niespodzianka. Wszystkie zwierz\u0119ta nadal s\u0105 r\u00f3wne, a i niekt\u00f3re nawet r\u00f3wniejsze. Od tych innych &#8211; przy korycie. Mo\u017cna? Mo\u017cna.<\/p>\n\n\n\n<p>Nie jest jasne, co tak naprawd\u0119 jest \u017ar\u00f3d\u0142em nieustaj\u0105cego samozadowolenia hochsztaplera od cn\u00f3t niewie\u015bcich i ministra od edukacji Przemys\u0142awa Czarnka. Rozumiem, \u017ce nadal jest pan minister na wojnie ideologicznej i broni tym samym w\u0142asnej czysto\u015bci kulturowej, zw\u0142aszcza wtedy, gdy nieustraszony oznajmia z trybuny sejmowej, i\u017c boi si\u0119 w \u017cyciu jedynie Pana Boga, Matki Boskiej i swojej \u017cony.<\/p>\n\n\n\n<p>Dlaczego jednak debata na ten temat zn\u00f3w odbywa si\u0119 noc\u0105? No tak, gdy ciumka si\u0119 haniebne bzdury jak ma\u0142o kt\u00f3ry (tak mawiaj\u0105 na Podkarpaciu), trzeba przynajmniej wcze\u015bniej zgasi\u0107 \u015bwiat\u0142o. Tym samym strach si\u0119 nie ba\u0107, bo czy to wszystko ma jeszcze cokolwiek wsp\u00f3lnego z jak\u0105kolwiek edukacj\u0105? No tak &#8211; jaka kultura, taka edukacja. I odwrotnie?<\/p>\n\n\n\n<p>Model kultury mo\u017cna por\u00f3wna\u0107 do g\u00f3ry lodowej. Wi\u0119kszo\u015b\u0107 element\u00f3w kultury &#8211; podobnie jak w przypadku g\u00f3ry lodowej &#8211; jest niewidoczna na pierwszy rzut oka, ale stanowi ona istotn\u0105 cz\u0119\u015b\u0107 ca\u0142ego zjawiska. Dlatego te\u017c, aby zrozumie\u0107 kultur\u0119 w pe\u0142ni, nale\u017cy zajrze\u0107 g\u0142\u0119biej i odkry\u0107 te elementy, kt\u00f3re le\u017c\u0105 pod powierzchni\u0105.<\/p>\n\n\n\n<p>Metafora g\u00f3ry lodowej w odniesieniu do kultury jest o tyle niebezpieczna, \u017ce ewentualne czo\u0142owe zderzenie z ni\u0105 (we mgle na przyk\u0142ad) zawsze ko\u0144czy si\u0119 katastrof\u0105. Metaforyczna i metafizyczna tragedia mo\u017ce znienacka przeistoczy\u0107 si\u0119 w ordynarn\u0105 i hucpiarsk\u0105 dos\u0142owno\u015b\u0107. Z kolei czo\u0142owe zderzenie z metafor\u0105 ko\u0144czy si\u0119 zazwyczaj desperack\u0105 walk\u0105 o przetrwanie zdrowego rozs\u0105dku.<\/p>\n\n\n\n<p>Najwy\u017cszy ju\u017c zatem czas, by porzuci\u0107 metafory, wyci\u0105gn\u0105\u0107 wnioski na przysz\u0142o\u015b\u0107, czyli zacz\u0105\u0107 uczy\u0107 si\u0119 na b\u0142\u0119dach. Je\u015bli tego nie zrobimy, to tutaj nic si\u0119 nie zmieni. Po prostu.<\/p>\n\n\n\n<p>Nie od dzi\u015b wiemy, i\u017c nie nale\u017cy rzuca\u0107 pere\u0142 przed \u015bwinie, zw\u0142aszcza te przekonane &#8211; jak u Orwella &#8211; i\u017c wojna to pok\u00f3j, wolno\u015b\u0107 jest niewol\u0105, a ignorancja si\u0142\u0105. P\u00f3ki co cena, jak\u0105 p\u0142acimy za ignorancj\u0119 kulturow\u0105 i tym samym niezamierzone konsekwencje naszych wybor\u00f3w jest zbyt wysoka. Czas w ko\u0144cu przerwa\u0107 ten cyniczny rechot sejmowej wi\u0119kszo\u015bci. Dosy\u0107 ju\u017c tego ciumkania, panie Czarnek.<\/p>\n\n\n\n<figure class=\"wp-block-image size-full\"><img data-recalc-dims=\"1\" loading=\"lazy\" decoding=\"async\" width=\"800\" height=\"445\" src=\"https:\/\/i0.wp.com\/notabene.world\/nb\/wp-content\/uploads\/2023\/04\/czse.jpg?resize=800%2C445&#038;ssl=1\" alt=\"\" class=\"wp-image-9372\" srcset=\"https:\/\/i0.wp.com\/notabene.world\/nb\/wp-content\/uploads\/2023\/04\/czse.jpg?w=800&amp;ssl=1 800w, https:\/\/i0.wp.com\/notabene.world\/nb\/wp-content\/uploads\/2023\/04\/czse.jpg?resize=300%2C167&amp;ssl=1 300w, https:\/\/i0.wp.com\/notabene.world\/nb\/wp-content\/uploads\/2023\/04\/czse.jpg?resize=768%2C427&amp;ssl=1 768w\" sizes=\"auto, (max-width: 800px) 100vw, 800px\" \/><\/figure>\n","protected":false},"excerpt":{"rendered":"<p>Pogardliwy podzia\u0142 na prawak\u00f3w i lewak\u00f3w zupe\u0142nie nie ma sensu. Szuka\u0142em zatem metafor, kt\u00f3re by\u0142yby w stanie pomie\u015bci\u0107 w sobie doznania ostatnich dni. I zn\u00f3w wpad\u0142 mi w r\u0119ce \u201eFolwark zwierz\u0119cy\u201d George\u2019a Orwella. W czasach PRL oraz stanu wojennego by\u0142o to dzie\u0142o zakazane. A ja przez ponad trzydzie\u015bci lat zastanawia\u0142em si\u0119 (pod\u015bwiadomie), czy dane mi b\u0119dzie kiedy\u015b jeszcze na ten nasz swojski folwark powr\u00f3ci\u0107. I prosz\u0119, jaka niespodzianka. Wszystkie zwierz\u0119ta nadal s\u0105 r\u00f3wne, a i niekt\u00f3re nawet r\u00f3wniejsze. Od tych innych &#8211; przy korycie. Mo\u017cna? Mo\u017cna.<\/p>\n<p>Model kultury mo\u017cna por\u00f3wna\u0107 do g\u00f3ry lodowej. Wi\u0119kszo\u015b\u0107 element\u00f3w kultury &#8211; podobnie jak w przypadku g\u00f3ry lodowej &#8211; jest niewidoczna na pierwszy rzut oka, ale stanowi ona istotn\u0105 cz\u0119\u015b\u0107 ca\u0142ego zjawiska. Dlatego te\u017c, aby zrozumie\u0107 kultur\u0119 w pe\u0142ni, nale\u017cy zajrze\u0107 g\u0142\u0119biej i odkry\u0107 te elementy, kt\u00f3re le\u017c\u0105 pod powierzchni\u0105.<\/p>\n<p>Metafora g\u00f3ry lodowej w odniesieniu do kultury jest o tyle niebezpieczna, \u017ce ewentualne czo\u0142owe zderzenie z ni\u0105 (we mgle na przyk\u0142ad) zawsze ko\u0144czy si\u0119 katastrof\u0105. Metaforyczna i metafizyczna tragedia mo\u017ce znienacka przeistoczy\u0107 si\u0119 w ordynarn\u0105 i hucpiarsk\u0105 dos\u0142owno\u015b\u0107. Z kolei czo\u0142owe zderzenie z metafor\u0105 ko\u0144czy si\u0119 zazwyczaj desperack\u0105 walk\u0105 o przetrwanie zdrowego rozs\u0105dku.<\/p>\n","protected":false},"author":1,"featured_media":9371,"comment_status":"closed","ping_status":"closed","sticky":false,"template":"","format":"standard","meta":{"colormag_page_container_layout":"default_layout","colormag_page_sidebar_layout":"default_layout","_jetpack_memberships_contains_paid_content":false,"footnotes":"","_links_to":"","_links_to_target":""},"categories":[42,48],"tags":[],"class_list":["post-9366","post","type-post","status-publish","format-standard","has-post-thumbnail","hentry","category-felietony","category-wiecej-swiatla"],"yoast_head":"<!-- This site is optimized with the Yoast SEO plugin v27.5 - https:\/\/yoast.com\/product\/yoast-seo-wordpress\/ -->\n<title>Jaka kultura, taka edukacja. I odwrotnie? - NOTABENE.WORLD<\/title>\n<meta name=\"robots\" content=\"index, follow, max-snippet:-1, max-image-preview:large, max-video-preview:-1\" \/>\n<link rel=\"canonical\" href=\"https:\/\/notabene.world\/nb\/nie-po-prostu\/\" \/>\n<meta property=\"og:locale\" content=\"pl_PL\" \/>\n<meta property=\"og:type\" content=\"article\" \/>\n<meta property=\"og:title\" content=\"Jaka kultura, taka edukacja. I odwrotnie? - NOTABENE.WORLD\" \/>\n<meta property=\"og:description\" content=\"Pogardliwy podzia\u0142 na prawak\u00f3w i lewak\u00f3w zupe\u0142nie nie ma sensu. Szuka\u0142em zatem metafor, kt\u00f3re by\u0142yby w stanie pomie\u015bci\u0107 w sobie doznania ostatnich dni. I zn\u00f3w wpad\u0142 mi w r\u0119ce \u201eFolwark zwierz\u0119cy\u201d George\u2019a Orwella. W czasach PRL oraz stanu wojennego by\u0142o to dzie\u0142o zakazane. A ja przez ponad trzydzie\u015bci lat zastanawia\u0142em si\u0119 (pod\u015bwiadomie), czy dane mi b\u0119dzie kiedy\u015b jeszcze na ten nasz swojski folwark powr\u00f3ci\u0107. I prosz\u0119, jaka niespodzianka. Wszystkie zwierz\u0119ta nadal s\u0105 r\u00f3wne, a i niekt\u00f3re nawet r\u00f3wniejsze. Od tych innych - przy korycie. Mo\u017cna? Mo\u017cna. Model kultury mo\u017cna por\u00f3wna\u0107 do g\u00f3ry lodowej. Wi\u0119kszo\u015b\u0107 element\u00f3w kultury - podobnie jak w przypadku g\u00f3ry lodowej - jest niewidoczna na pierwszy rzut oka, ale stanowi ona istotn\u0105 cz\u0119\u015b\u0107 ca\u0142ego zjawiska. Dlatego te\u017c, aby zrozumie\u0107 kultur\u0119 w pe\u0142ni, nale\u017cy zajrze\u0107 g\u0142\u0119biej i odkry\u0107 te elementy, kt\u00f3re le\u017c\u0105 pod powierzchni\u0105. Metafora g\u00f3ry lodowej w odniesieniu do kultury jest o tyle niebezpieczna, \u017ce ewentualne czo\u0142owe zderzenie z ni\u0105 (we mgle na przyk\u0142ad) zawsze ko\u0144czy si\u0119 katastrof\u0105. Metaforyczna i metafizyczna tragedia mo\u017ce znienacka przeistoczy\u0107 si\u0119 w ordynarn\u0105 i hucpiarsk\u0105 dos\u0142owno\u015b\u0107. Z kolei czo\u0142owe zderzenie z metafor\u0105 ko\u0144czy si\u0119 zazwyczaj desperack\u0105 walk\u0105 o przetrwanie zdrowego rozs\u0105dku.\" \/>\n<meta property=\"og:url\" content=\"https:\/\/notabene.world\/nb\/nie-po-prostu\/\" \/>\n<meta property=\"og:site_name\" content=\"NOTABENE.WORLD\" \/>\n<meta property=\"article:publisher\" content=\"https:\/\/www.facebook.com\/Notabene.World\" \/>\n<meta property=\"article:published_time\" content=\"2023-04-15T02:29:22+00:00\" \/>\n<meta property=\"article:modified_time\" content=\"2023-07-25T07:26:58+00:00\" \/>\n<meta property=\"og:image\" content=\"https:\/\/notabene.world\/nb\/wp-content\/uploads\/2023\/04\/ppsw.jpg\" \/>\n\t<meta property=\"og:image:width\" content=\"800\" \/>\n\t<meta property=\"og:image:height\" content=\"445\" \/>\n\t<meta property=\"og:image:type\" content=\"image\/jpeg\" \/>\n<meta name=\"author\" content=\"C vel K\" \/>\n<meta name=\"twitter:card\" content=\"summary_large_image\" \/>\n<meta name=\"twitter:label1\" content=\"Napisane przez\" \/>\n\t<meta name=\"twitter:data1\" content=\"C vel K\" \/>\n\t<meta name=\"twitter:label2\" content=\"Szacowany czas czytania\" \/>\n\t<meta name=\"twitter:data2\" content=\"2 minuty\" \/>\n<script type=\"application\/ld+json\" class=\"yoast-schema-graph\">{\"@context\":\"https:\\\/\\\/schema.org\",\"@graph\":[{\"@type\":\"Article\",\"@id\":\"https:\\\/\\\/notabene.world\\\/nb\\\/nie-po-prostu\\\/#article\",\"isPartOf\":{\"@id\":\"https:\\\/\\\/notabene.world\\\/nb\\\/nie-po-prostu\\\/\"},\"author\":{\"name\":\"C vel K\",\"@id\":\"https:\\\/\\\/notabene.world\\\/nb\\\/#\\\/schema\\\/person\\\/2227ed509f9261e544f6078919e1981d\"},\"headline\":\"Jaka kultura, taka edukacja. I odwrotnie?\",\"datePublished\":\"2023-04-15T02:29:22+00:00\",\"dateModified\":\"2023-07-25T07:26:58+00:00\",\"mainEntityOfPage\":{\"@id\":\"https:\\\/\\\/notabene.world\\\/nb\\\/nie-po-prostu\\\/\"},\"wordCount\":471,\"publisher\":{\"@id\":\"https:\\\/\\\/notabene.world\\\/nb\\\/#organization\"},\"image\":{\"@id\":\"https:\\\/\\\/notabene.world\\\/nb\\\/nie-po-prostu\\\/#primaryimage\"},\"thumbnailUrl\":\"https:\\\/\\\/i0.wp.com\\\/notabene.world\\\/nb\\\/wp-content\\\/uploads\\\/2023\\\/04\\\/ppsw.jpg?fit=800%2C445&ssl=1\",\"articleSection\":[\"Felietony\",\"WI\u0118CEJ \u015aWIAT(\u0141)A\"],\"inLanguage\":\"pl-PL\"},{\"@type\":\"WebPage\",\"@id\":\"https:\\\/\\\/notabene.world\\\/nb\\\/nie-po-prostu\\\/\",\"url\":\"https:\\\/\\\/notabene.world\\\/nb\\\/nie-po-prostu\\\/\",\"name\":\"Jaka kultura, taka edukacja. I odwrotnie? - NOTABENE.WORLD\",\"isPartOf\":{\"@id\":\"https:\\\/\\\/notabene.world\\\/nb\\\/#website\"},\"primaryImageOfPage\":{\"@id\":\"https:\\\/\\\/notabene.world\\\/nb\\\/nie-po-prostu\\\/#primaryimage\"},\"image\":{\"@id\":\"https:\\\/\\\/notabene.world\\\/nb\\\/nie-po-prostu\\\/#primaryimage\"},\"thumbnailUrl\":\"https:\\\/\\\/i0.wp.com\\\/notabene.world\\\/nb\\\/wp-content\\\/uploads\\\/2023\\\/04\\\/ppsw.jpg?fit=800%2C445&ssl=1\",\"datePublished\":\"2023-04-15T02:29:22+00:00\",\"dateModified\":\"2023-07-25T07:26:58+00:00\",\"breadcrumb\":{\"@id\":\"https:\\\/\\\/notabene.world\\\/nb\\\/nie-po-prostu\\\/#breadcrumb\"},\"inLanguage\":\"pl-PL\",\"potentialAction\":[{\"@type\":\"ReadAction\",\"target\":[\"https:\\\/\\\/notabene.world\\\/nb\\\/nie-po-prostu\\\/\"]}]},{\"@type\":\"ImageObject\",\"inLanguage\":\"pl-PL\",\"@id\":\"https:\\\/\\\/notabene.world\\\/nb\\\/nie-po-prostu\\\/#primaryimage\",\"url\":\"https:\\\/\\\/i0.wp.com\\\/notabene.world\\\/nb\\\/wp-content\\\/uploads\\\/2023\\\/04\\\/ppsw.jpg?fit=800%2C445&ssl=1\",\"contentUrl\":\"https:\\\/\\\/i0.wp.com\\\/notabene.world\\\/nb\\\/wp-content\\\/uploads\\\/2023\\\/04\\\/ppsw.jpg?fit=800%2C445&ssl=1\",\"width\":800,\"height\":445},{\"@type\":\"BreadcrumbList\",\"@id\":\"https:\\\/\\\/notabene.world\\\/nb\\\/nie-po-prostu\\\/#breadcrumb\",\"itemListElement\":[{\"@type\":\"ListItem\",\"position\":1,\"name\":\"Home\",\"item\":\"https:\\\/\\\/notabene.world\\\/nb\\\/\"},{\"@type\":\"ListItem\",\"position\":2,\"name\":\"Jaka kultura, taka edukacja. I odwrotnie?\"}]},{\"@type\":\"WebSite\",\"@id\":\"https:\\\/\\\/notabene.world\\\/nb\\\/#website\",\"url\":\"https:\\\/\\\/notabene.world\\\/nb\\\/\",\"name\":\"NOTABENE.WORLD\",\"description\":\"Przekaz. Warto\u015bci. Wsp\u00f3lnota.\",\"publisher\":{\"@id\":\"https:\\\/\\\/notabene.world\\\/nb\\\/#organization\"},\"potentialAction\":[{\"@type\":\"SearchAction\",\"target\":{\"@type\":\"EntryPoint\",\"urlTemplate\":\"https:\\\/\\\/notabene.world\\\/nb\\\/?s={search_term_string}\"},\"query-input\":{\"@type\":\"PropertyValueSpecification\",\"valueRequired\":true,\"valueName\":\"search_term_string\"}}],\"inLanguage\":\"pl-PL\"},{\"@type\":\"Organization\",\"@id\":\"https:\\\/\\\/notabene.world\\\/nb\\\/#organization\",\"name\":\"NOTABENE.WORLD\",\"url\":\"https:\\\/\\\/notabene.world\\\/nb\\\/\",\"logo\":{\"@type\":\"ImageObject\",\"inLanguage\":\"pl-PL\",\"@id\":\"https:\\\/\\\/notabene.world\\\/nb\\\/#\\\/schema\\\/logo\\\/image\\\/\",\"url\":\"https:\\\/\\\/notabene.world\\\/nb\\\/wp-content\\\/uploads\\\/2022\\\/01\\\/NB-club-start-www1.jpg\",\"contentUrl\":\"https:\\\/\\\/notabene.world\\\/nb\\\/wp-content\\\/uploads\\\/2022\\\/01\\\/NB-club-start-www1.jpg\",\"width\":1000,\"height\":839,\"caption\":\"NOTABENE.WORLD\"},\"image\":{\"@id\":\"https:\\\/\\\/notabene.world\\\/nb\\\/#\\\/schema\\\/logo\\\/image\\\/\"},\"sameAs\":[\"https:\\\/\\\/www.facebook.com\\\/Notabene.World\"]},{\"@type\":\"Person\",\"@id\":\"https:\\\/\\\/notabene.world\\\/nb\\\/#\\\/schema\\\/person\\\/2227ed509f9261e544f6078919e1981d\",\"name\":\"C vel K\",\"image\":{\"@type\":\"ImageObject\",\"inLanguage\":\"pl-PL\",\"@id\":\"https:\\\/\\\/secure.gravatar.com\\\/avatar\\\/da4181237ddf77c667487dd66af5231faaf45fbcb0774d7a408f868da56bf04c?s=96&d=mm&r=g\",\"url\":\"https:\\\/\\\/secure.gravatar.com\\\/avatar\\\/da4181237ddf77c667487dd66af5231faaf45fbcb0774d7a408f868da56bf04c?s=96&d=mm&r=g\",\"contentUrl\":\"https:\\\/\\\/secure.gravatar.com\\\/avatar\\\/da4181237ddf77c667487dd66af5231faaf45fbcb0774d7a408f868da56bf04c?s=96&d=mm&r=g\",\"caption\":\"C vel K\"},\"url\":\"https:\\\/\\\/notabene.world\\\/nb\\\/author\\\/kcedro\\\/\"}]}<\/script>\n<!-- \/ Yoast SEO plugin. -->","yoast_head_json":{"title":"Jaka kultura, taka edukacja. I odwrotnie? - NOTABENE.WORLD","robots":{"index":"index","follow":"follow","max-snippet":"max-snippet:-1","max-image-preview":"max-image-preview:large","max-video-preview":"max-video-preview:-1"},"canonical":"https:\/\/notabene.world\/nb\/nie-po-prostu\/","og_locale":"pl_PL","og_type":"article","og_title":"Jaka kultura, taka edukacja. I odwrotnie? - NOTABENE.WORLD","og_description":"Pogardliwy podzia\u0142 na prawak\u00f3w i lewak\u00f3w zupe\u0142nie nie ma sensu. Szuka\u0142em zatem metafor, kt\u00f3re by\u0142yby w stanie pomie\u015bci\u0107 w sobie doznania ostatnich dni. I zn\u00f3w wpad\u0142 mi w r\u0119ce \u201eFolwark zwierz\u0119cy\u201d George\u2019a Orwella. W czasach PRL oraz stanu wojennego by\u0142o to dzie\u0142o zakazane. A ja przez ponad trzydzie\u015bci lat zastanawia\u0142em si\u0119 (pod\u015bwiadomie), czy dane mi b\u0119dzie kiedy\u015b jeszcze na ten nasz swojski folwark powr\u00f3ci\u0107. I prosz\u0119, jaka niespodzianka. Wszystkie zwierz\u0119ta nadal s\u0105 r\u00f3wne, a i niekt\u00f3re nawet r\u00f3wniejsze. Od tych innych - przy korycie. Mo\u017cna? Mo\u017cna. Model kultury mo\u017cna por\u00f3wna\u0107 do g\u00f3ry lodowej. Wi\u0119kszo\u015b\u0107 element\u00f3w kultury - podobnie jak w przypadku g\u00f3ry lodowej - jest niewidoczna na pierwszy rzut oka, ale stanowi ona istotn\u0105 cz\u0119\u015b\u0107 ca\u0142ego zjawiska. Dlatego te\u017c, aby zrozumie\u0107 kultur\u0119 w pe\u0142ni, nale\u017cy zajrze\u0107 g\u0142\u0119biej i odkry\u0107 te elementy, kt\u00f3re le\u017c\u0105 pod powierzchni\u0105. Metafora g\u00f3ry lodowej w odniesieniu do kultury jest o tyle niebezpieczna, \u017ce ewentualne czo\u0142owe zderzenie z ni\u0105 (we mgle na przyk\u0142ad) zawsze ko\u0144czy si\u0119 katastrof\u0105. Metaforyczna i metafizyczna tragedia mo\u017ce znienacka przeistoczy\u0107 si\u0119 w ordynarn\u0105 i hucpiarsk\u0105 dos\u0142owno\u015b\u0107. Z kolei czo\u0142owe zderzenie z metafor\u0105 ko\u0144czy si\u0119 zazwyczaj desperack\u0105 walk\u0105 o przetrwanie zdrowego rozs\u0105dku.","og_url":"https:\/\/notabene.world\/nb\/nie-po-prostu\/","og_site_name":"NOTABENE.WORLD","article_publisher":"https:\/\/www.facebook.com\/Notabene.World","article_published_time":"2023-04-15T02:29:22+00:00","article_modified_time":"2023-07-25T07:26:58+00:00","og_image":[{"width":800,"height":445,"url":"https:\/\/notabene.world\/nb\/wp-content\/uploads\/2023\/04\/ppsw.jpg","type":"image\/jpeg"}],"author":"C vel K","twitter_card":"summary_large_image","twitter_misc":{"Napisane przez":"C vel K","Szacowany czas czytania":"2 minuty"},"schema":{"@context":"https:\/\/schema.org","@graph":[{"@type":"Article","@id":"https:\/\/notabene.world\/nb\/nie-po-prostu\/#article","isPartOf":{"@id":"https:\/\/notabene.world\/nb\/nie-po-prostu\/"},"author":{"name":"C vel K","@id":"https:\/\/notabene.world\/nb\/#\/schema\/person\/2227ed509f9261e544f6078919e1981d"},"headline":"Jaka kultura, taka edukacja. I odwrotnie?","datePublished":"2023-04-15T02:29:22+00:00","dateModified":"2023-07-25T07:26:58+00:00","mainEntityOfPage":{"@id":"https:\/\/notabene.world\/nb\/nie-po-prostu\/"},"wordCount":471,"publisher":{"@id":"https:\/\/notabene.world\/nb\/#organization"},"image":{"@id":"https:\/\/notabene.world\/nb\/nie-po-prostu\/#primaryimage"},"thumbnailUrl":"https:\/\/i0.wp.com\/notabene.world\/nb\/wp-content\/uploads\/2023\/04\/ppsw.jpg?fit=800%2C445&ssl=1","articleSection":["Felietony","WI\u0118CEJ \u015aWIAT(\u0141)A"],"inLanguage":"pl-PL"},{"@type":"WebPage","@id":"https:\/\/notabene.world\/nb\/nie-po-prostu\/","url":"https:\/\/notabene.world\/nb\/nie-po-prostu\/","name":"Jaka kultura, taka edukacja. I odwrotnie? - NOTABENE.WORLD","isPartOf":{"@id":"https:\/\/notabene.world\/nb\/#website"},"primaryImageOfPage":{"@id":"https:\/\/notabene.world\/nb\/nie-po-prostu\/#primaryimage"},"image":{"@id":"https:\/\/notabene.world\/nb\/nie-po-prostu\/#primaryimage"},"thumbnailUrl":"https:\/\/i0.wp.com\/notabene.world\/nb\/wp-content\/uploads\/2023\/04\/ppsw.jpg?fit=800%2C445&ssl=1","datePublished":"2023-04-15T02:29:22+00:00","dateModified":"2023-07-25T07:26:58+00:00","breadcrumb":{"@id":"https:\/\/notabene.world\/nb\/nie-po-prostu\/#breadcrumb"},"inLanguage":"pl-PL","potentialAction":[{"@type":"ReadAction","target":["https:\/\/notabene.world\/nb\/nie-po-prostu\/"]}]},{"@type":"ImageObject","inLanguage":"pl-PL","@id":"https:\/\/notabene.world\/nb\/nie-po-prostu\/#primaryimage","url":"https:\/\/i0.wp.com\/notabene.world\/nb\/wp-content\/uploads\/2023\/04\/ppsw.jpg?fit=800%2C445&ssl=1","contentUrl":"https:\/\/i0.wp.com\/notabene.world\/nb\/wp-content\/uploads\/2023\/04\/ppsw.jpg?fit=800%2C445&ssl=1","width":800,"height":445},{"@type":"BreadcrumbList","@id":"https:\/\/notabene.world\/nb\/nie-po-prostu\/#breadcrumb","itemListElement":[{"@type":"ListItem","position":1,"name":"Home","item":"https:\/\/notabene.world\/nb\/"},{"@type":"ListItem","position":2,"name":"Jaka kultura, taka edukacja. I odwrotnie?"}]},{"@type":"WebSite","@id":"https:\/\/notabene.world\/nb\/#website","url":"https:\/\/notabene.world\/nb\/","name":"NOTABENE.WORLD","description":"Przekaz. Warto\u015bci. Wsp\u00f3lnota.","publisher":{"@id":"https:\/\/notabene.world\/nb\/#organization"},"potentialAction":[{"@type":"SearchAction","target":{"@type":"EntryPoint","urlTemplate":"https:\/\/notabene.world\/nb\/?s={search_term_string}"},"query-input":{"@type":"PropertyValueSpecification","valueRequired":true,"valueName":"search_term_string"}}],"inLanguage":"pl-PL"},{"@type":"Organization","@id":"https:\/\/notabene.world\/nb\/#organization","name":"NOTABENE.WORLD","url":"https:\/\/notabene.world\/nb\/","logo":{"@type":"ImageObject","inLanguage":"pl-PL","@id":"https:\/\/notabene.world\/nb\/#\/schema\/logo\/image\/","url":"https:\/\/notabene.world\/nb\/wp-content\/uploads\/2022\/01\/NB-club-start-www1.jpg","contentUrl":"https:\/\/notabene.world\/nb\/wp-content\/uploads\/2022\/01\/NB-club-start-www1.jpg","width":1000,"height":839,"caption":"NOTABENE.WORLD"},"image":{"@id":"https:\/\/notabene.world\/nb\/#\/schema\/logo\/image\/"},"sameAs":["https:\/\/www.facebook.com\/Notabene.World"]},{"@type":"Person","@id":"https:\/\/notabene.world\/nb\/#\/schema\/person\/2227ed509f9261e544f6078919e1981d","name":"C vel K","image":{"@type":"ImageObject","inLanguage":"pl-PL","@id":"https:\/\/secure.gravatar.com\/avatar\/da4181237ddf77c667487dd66af5231faaf45fbcb0774d7a408f868da56bf04c?s=96&d=mm&r=g","url":"https:\/\/secure.gravatar.com\/avatar\/da4181237ddf77c667487dd66af5231faaf45fbcb0774d7a408f868da56bf04c?s=96&d=mm&r=g","contentUrl":"https:\/\/secure.gravatar.com\/avatar\/da4181237ddf77c667487dd66af5231faaf45fbcb0774d7a408f868da56bf04c?s=96&d=mm&r=g","caption":"C vel K"},"url":"https:\/\/notabene.world\/nb\/author\/kcedro\/"}]}},"jetpack_featured_media_url":"https:\/\/i0.wp.com\/notabene.world\/nb\/wp-content\/uploads\/2023\/04\/ppsw.jpg?fit=800%2C445&ssl=1","jetpack_sharing_enabled":true,"jetpack_shortlink":"https:\/\/wp.me\/pdCobN-2r4","_links":{"self":[{"href":"https:\/\/notabene.world\/nb\/wp-json\/wp\/v2\/posts\/9366","targetHints":{"allow":["GET"]}}],"collection":[{"href":"https:\/\/notabene.world\/nb\/wp-json\/wp\/v2\/posts"}],"about":[{"href":"https:\/\/notabene.world\/nb\/wp-json\/wp\/v2\/types\/post"}],"author":[{"embeddable":true,"href":"https:\/\/notabene.world\/nb\/wp-json\/wp\/v2\/users\/1"}],"replies":[{"embeddable":true,"href":"https:\/\/notabene.world\/nb\/wp-json\/wp\/v2\/comments?post=9366"}],"version-history":[{"count":5,"href":"https:\/\/notabene.world\/nb\/wp-json\/wp\/v2\/posts\/9366\/revisions"}],"predecessor-version":[{"id":9479,"href":"https:\/\/notabene.world\/nb\/wp-json\/wp\/v2\/posts\/9366\/revisions\/9479"}],"wp:featuredmedia":[{"embeddable":true,"href":"https:\/\/notabene.world\/nb\/wp-json\/wp\/v2\/media\/9371"}],"wp:attachment":[{"href":"https:\/\/notabene.world\/nb\/wp-json\/wp\/v2\/media?parent=9366"}],"wp:term":[{"taxonomy":"category","embeddable":true,"href":"https:\/\/notabene.world\/nb\/wp-json\/wp\/v2\/categories?post=9366"},{"taxonomy":"post_tag","embeddable":true,"href":"https:\/\/notabene.world\/nb\/wp-json\/wp\/v2\/tags?post=9366"}],"curies":[{"name":"wp","href":"https:\/\/api.w.org\/{rel}","templated":true}]}}