{"id":9549,"date":"2023-04-30T21:38:13","date_gmt":"2023-04-30T19:38:13","guid":{"rendered":"https:\/\/notabene.world\/nb\/?p=9549"},"modified":"2023-05-07T06:04:42","modified_gmt":"2023-05-07T04:04:42","slug":"9549-2","status":"publish","type":"post","link":"https:\/\/notabene.world\/nb\/9549-2\/","title":{"rendered":""},"content":{"rendered":"\n<p><strong>Kuba<\/strong><\/p>\n\n\n\n<p>Po raz pierwszy od 1959 roku nie odb\u0119dzie si\u0119 na Placu Rewolucji w Hawanie poch\u00f3d pierwszomajowy. Dyktatura odwo\u0142uje poch\u00f3d bo musia\u0142aby zwie\u017a\u0107 na niego Kuba\u0144czyk\u00f3w. A benzyny nie ma. To najwi\u0119kszy kryzys energetyczny od 60 lat. Nieustanne przerwy w dostawie pr\u0105du, totalny brak paliw, nie tylko dla odbiorc\u00f3w indywidualnych ale tak\u017ce dla transportu publicznego. Brakuje benzyny dla autobus\u00f3w, karetek pogotowia a nawet dla karawan\u00f3w pogrzebowych. Za\u0142ama\u0142 si\u0119 import ropy z Wenezueli a dostawy z Meksyku i Rosji s\u0105 niewystarczaj\u0105ce.<\/p>\n\n\n\n<p><\/p>\n\n\n\n<p><strong>Turcja<\/strong><\/p>\n\n\n\n<p>14 maja odb\u0119d\u0105 si\u0119 w Turcji wybory prezydenckie i parlamentarne. Erdogan ma powody aby si\u0119 obawia\u0107 pora\u017cki. Niemal ca\u0142a opozycja skupi\u0142a si\u0119 wok\u00f3\u0142 wsp\u00f3lnego kandydata 74 letniego Kemala Kilicdaroglu. Po raz pierwszy od 20 lat \u201esu\u0142tanowi\u201d Erdoganowi grozi pora\u017cka . Powodem jest kryzys gospodarczy ale tak\u017ce stan demokracji. Turcja b\u0119dzie wybiera\u0107 pomi\u0119dzy demokracj\u0105 a autokracj\u0105.<\/p>\n\n\n\n<p><\/p>\n\n\n\n<p><strong>Sudan<\/strong><\/p>\n\n\n\n<p>W czwartek wieczorem dwie walcz\u0105ce strony czyli armia rz\u0105dowa i paramilitarne Si\u0142y Szybkiego Reagowania potwierdzi\u0142y, ze zgadzaj\u0105 si\u0119 na przed\u0142u\u017cenie rozejmu o 3 dni. Poprzedni rozejm pozwoli\u0142 ewakuowa\u0107 z kraju tysi\u0105ce cudzoziemc\u00f3w z wielu Suda\u0144czykom uciec z Chartumu gdzie tocz\u0105 si\u0119 najci\u0119\u017csze walki.<\/p>\n\n\n\n<p><\/p>\n\n\n\n<p><strong>Japonia<\/strong><\/p>\n\n\n\n<p>Tokio zamierza podwoi\u0107 wydatki na obron\u0119 w ci\u0105gu najbli\u017cszych 5 lat. W nowym roku bud\u017cetowym Japonia przewidzia\u0142a a\u017c 26% wzrost wydatk\u00f3w na zbrojenia. Te decyzje to efekt narastaj\u0105cego zagro\u017cenia ze strony Chin i Korei P\u00f3\u0142nocnej.<\/p>\n","protected":false},"excerpt":{"rendered":"<p><b>Kuba<\/b><\/p>\n<p>Po raz pierwszy od 1959 roku nie odb\u0119dzie si\u0119 na Placu Rewolucji w Hawanie poch\u00f3d pierwszomajowy. Dyktatura odwo\u0142uje poch\u00f3d bo musia\u0142aby zwie\u017a\u0107 na niego Kuba\u0144czyk\u00f3w. A benzyny nie ma. To najwi\u0119kszy kryzys energetyczny od 60 lat. Nieustanne przerwy w dostawie pr\u0105du, totalny brak paliw, nie tylko dla odbiorc\u00f3w indywidualnych ale tak\u017ce dla transportu publicznego. Brakuje benzyny dla autobus\u00f3w, karetek pogotowia a nawet dla karawan\u00f3w pogrzebowych. Za\u0142ama\u0142 si\u0119 import ropy z Wenezueli a dostawy z Meksyku i Rosji s\u0105 niewystarczaj\u0105ce.<\/p>\n<p><b>Turcja<\/b><\/p>\n<p>14 maja odb\u0119d\u0105 si\u0119 w Turcji wybory prezydenckie i parlamentarne. Erdogan ma powody aby si\u0119 obawia\u0107 pora\u017cki. Niemal ca\u0142a opozycja skupi\u0142a si\u0119 wok\u00f3\u0142 wsp\u00f3lnego kandydata 74 letniego Kemala Kilicdaroglu. Po raz pierwszy od 20 lat \u201esu\u0142tanowi\u201d Erdoganowi grozi pora\u017cka . Powodem jest kryzys gospodarczy ale tak\u017ce stan demokracji. Turcja b\u0119dzie wybiera\u0107 pomi\u0119dzy demokracj\u0105 a autokracj\u0105.<\/p>\n","protected":false},"author":49,"featured_media":8275,"comment_status":"closed","ping_status":"closed","sticky":false,"template":"","format":"standard","meta":{"colormag_page_container_layout":"default_layout","colormag_page_sidebar_layout":"default_layout","_jetpack_memberships_contains_paid_content":false,"footnotes":"","_links_to":"","_links_to_target":""},"categories":[212],"tags":[],"class_list":["post-9549","post","type-post","status-publish","format-standard","has-post-thumbnail","hentry","category-od-notki-do-notki"],"yoast_head":"<!-- This site is optimized with the Yoast SEO plugin v27.4 - https:\/\/yoast.com\/product\/yoast-seo-wordpress\/ -->\n<title>- NOTABENE.WORLD<\/title>\n<meta name=\"robots\" content=\"index, follow, max-snippet:-1, max-image-preview:large, max-video-preview:-1\" \/>\n<link rel=\"canonical\" href=\"https:\/\/notabene.world\/nb\/9549-2\/\" \/>\n<meta property=\"og:locale\" content=\"pl_PL\" \/>\n<meta property=\"og:type\" content=\"article\" \/>\n<meta property=\"og:title\" content=\"- NOTABENE.WORLD\" \/>\n<meta property=\"og:description\" content=\"Kuba Po raz pierwszy od 1959 roku nie odb\u0119dzie si\u0119 na Placu Rewolucji w Hawanie poch\u00f3d pierwszomajowy. Dyktatura odwo\u0142uje poch\u00f3d bo musia\u0142aby zwie\u017a\u0107 na niego Kuba\u0144czyk\u00f3w. A benzyny nie ma. To najwi\u0119kszy kryzys energetyczny od 60 lat. Nieustanne przerwy w dostawie pr\u0105du, totalny brak paliw, nie tylko dla odbiorc\u00f3w indywidualnych ale tak\u017ce dla transportu publicznego. Brakuje benzyny dla autobus\u00f3w, karetek pogotowia a nawet dla karawan\u00f3w pogrzebowych. Za\u0142ama\u0142 si\u0119 import ropy z Wenezueli a dostawy z Meksyku i Rosji s\u0105 niewystarczaj\u0105ce. Turcja 14 maja odb\u0119d\u0105 si\u0119 w Turcji wybory prezydenckie i parlamentarne. Erdogan ma powody aby si\u0119 obawia\u0107 pora\u017cki. Niemal ca\u0142a opozycja skupi\u0142a si\u0119 wok\u00f3\u0142 wsp\u00f3lnego kandydata 74 letniego Kemala Kilicdaroglu. Po raz pierwszy od 20 lat \u201esu\u0142tanowi\u201d Erdoganowi grozi pora\u017cka . Powodem jest kryzys gospodarczy ale tak\u017ce stan demokracji. Turcja b\u0119dzie wybiera\u0107 pomi\u0119dzy demokracj\u0105 a autokracj\u0105.\" \/>\n<meta property=\"og:url\" content=\"https:\/\/notabene.world\/nb\/9549-2\/\" \/>\n<meta property=\"og:site_name\" content=\"NOTABENE.WORLD\" \/>\n<meta property=\"article:publisher\" content=\"https:\/\/www.facebook.com\/Notabene.World\" \/>\n<meta property=\"article:published_time\" content=\"2023-04-30T19:38:13+00:00\" \/>\n<meta property=\"article:modified_time\" content=\"2023-05-07T04:04:42+00:00\" \/>\n<meta property=\"og:image\" content=\"https:\/\/notabene.world\/nb\/wp-content\/uploads\/2022\/11\/oko-notka-800.jpg\" \/>\n\t<meta property=\"og:image:width\" content=\"800\" \/>\n\t<meta property=\"og:image:height\" content=\"445\" \/>\n\t<meta property=\"og:image:type\" content=\"image\/jpeg\" \/>\n<meta name=\"author\" content=\"L D\" \/>\n<meta name=\"twitter:card\" content=\"summary_large_image\" \/>\n<meta name=\"twitter:label1\" content=\"Napisane przez\" \/>\n\t<meta name=\"twitter:data1\" content=\"L D\" \/>\n\t<meta name=\"twitter:label2\" content=\"Szacowany czas czytania\" \/>\n\t<meta name=\"twitter:data2\" content=\"1 minuta\" \/>\n<script type=\"application\/ld+json\" class=\"yoast-schema-graph\">{\"@context\":\"https:\\\/\\\/schema.org\",\"@graph\":[{\"@type\":\"Article\",\"@id\":\"https:\\\/\\\/notabene.world\\\/nb\\\/9549-2\\\/#article\",\"isPartOf\":{\"@id\":\"https:\\\/\\\/notabene.world\\\/nb\\\/9549-2\\\/\"},\"author\":{\"name\":\"L D\",\"@id\":\"https:\\\/\\\/notabene.world\\\/nb\\\/#\\\/schema\\\/person\\\/a8a4b2b811d0db2e360de334d1d4db71\"},\"headline\":\"Brak tytu\u0142u\",\"datePublished\":\"2023-04-30T19:38:13+00:00\",\"dateModified\":\"2023-05-07T04:04:42+00:00\",\"mainEntityOfPage\":{\"@id\":\"https:\\\/\\\/notabene.world\\\/nb\\\/9549-2\\\/\"},\"wordCount\":250,\"publisher\":{\"@id\":\"https:\\\/\\\/notabene.world\\\/nb\\\/#organization\"},\"image\":{\"@id\":\"https:\\\/\\\/notabene.world\\\/nb\\\/9549-2\\\/#primaryimage\"},\"thumbnailUrl\":\"https:\\\/\\\/i0.wp.com\\\/notabene.world\\\/nb\\\/wp-content\\\/uploads\\\/2022\\\/11\\\/oko-notka-800.jpg?fit=800%2C445&ssl=1\",\"articleSection\":[\"Od Notki do Notki\"],\"inLanguage\":\"pl-PL\"},{\"@type\":\"WebPage\",\"@id\":\"https:\\\/\\\/notabene.world\\\/nb\\\/9549-2\\\/\",\"url\":\"https:\\\/\\\/notabene.world\\\/nb\\\/9549-2\\\/\",\"name\":\"- NOTABENE.WORLD\",\"isPartOf\":{\"@id\":\"https:\\\/\\\/notabene.world\\\/nb\\\/#website\"},\"primaryImageOfPage\":{\"@id\":\"https:\\\/\\\/notabene.world\\\/nb\\\/9549-2\\\/#primaryimage\"},\"image\":{\"@id\":\"https:\\\/\\\/notabene.world\\\/nb\\\/9549-2\\\/#primaryimage\"},\"thumbnailUrl\":\"https:\\\/\\\/i0.wp.com\\\/notabene.world\\\/nb\\\/wp-content\\\/uploads\\\/2022\\\/11\\\/oko-notka-800.jpg?fit=800%2C445&ssl=1\",\"datePublished\":\"2023-04-30T19:38:13+00:00\",\"dateModified\":\"2023-05-07T04:04:42+00:00\",\"inLanguage\":\"pl-PL\",\"potentialAction\":[{\"@type\":\"ReadAction\",\"target\":[\"https:\\\/\\\/notabene.world\\\/nb\\\/9549-2\\\/\"]}]},{\"@type\":\"ImageObject\",\"inLanguage\":\"pl-PL\",\"@id\":\"https:\\\/\\\/notabene.world\\\/nb\\\/9549-2\\\/#primaryimage\",\"url\":\"https:\\\/\\\/i0.wp.com\\\/notabene.world\\\/nb\\\/wp-content\\\/uploads\\\/2022\\\/11\\\/oko-notka-800.jpg?fit=800%2C445&ssl=1\",\"contentUrl\":\"https:\\\/\\\/i0.wp.com\\\/notabene.world\\\/nb\\\/wp-content\\\/uploads\\\/2022\\\/11\\\/oko-notka-800.jpg?fit=800%2C445&ssl=1\",\"width\":800,\"height\":445},{\"@type\":\"WebSite\",\"@id\":\"https:\\\/\\\/notabene.world\\\/nb\\\/#website\",\"url\":\"https:\\\/\\\/notabene.world\\\/nb\\\/\",\"name\":\"NOTABENE.WORLD\",\"description\":\"Przekaz. Warto\u015bci. Wsp\u00f3lnota.\",\"publisher\":{\"@id\":\"https:\\\/\\\/notabene.world\\\/nb\\\/#organization\"},\"potentialAction\":[{\"@type\":\"SearchAction\",\"target\":{\"@type\":\"EntryPoint\",\"urlTemplate\":\"https:\\\/\\\/notabene.world\\\/nb\\\/?s={search_term_string}\"},\"query-input\":{\"@type\":\"PropertyValueSpecification\",\"valueRequired\":true,\"valueName\":\"search_term_string\"}}],\"inLanguage\":\"pl-PL\"},{\"@type\":\"Organization\",\"@id\":\"https:\\\/\\\/notabene.world\\\/nb\\\/#organization\",\"name\":\"NOTABENE.WORLD\",\"url\":\"https:\\\/\\\/notabene.world\\\/nb\\\/\",\"logo\":{\"@type\":\"ImageObject\",\"inLanguage\":\"pl-PL\",\"@id\":\"https:\\\/\\\/notabene.world\\\/nb\\\/#\\\/schema\\\/logo\\\/image\\\/\",\"url\":\"https:\\\/\\\/notabene.world\\\/nb\\\/wp-content\\\/uploads\\\/2022\\\/01\\\/NB-club-start-www1.jpg\",\"contentUrl\":\"https:\\\/\\\/notabene.world\\\/nb\\\/wp-content\\\/uploads\\\/2022\\\/01\\\/NB-club-start-www1.jpg\",\"width\":1000,\"height\":839,\"caption\":\"NOTABENE.WORLD\"},\"image\":{\"@id\":\"https:\\\/\\\/notabene.world\\\/nb\\\/#\\\/schema\\\/logo\\\/image\\\/\"},\"sameAs\":[\"https:\\\/\\\/www.facebook.com\\\/Notabene.World\"]},{\"@type\":\"Person\",\"@id\":\"https:\\\/\\\/notabene.world\\\/nb\\\/#\\\/schema\\\/person\\\/a8a4b2b811d0db2e360de334d1d4db71\",\"name\":\"L D\",\"image\":{\"@type\":\"ImageObject\",\"inLanguage\":\"pl-PL\",\"@id\":\"https:\\\/\\\/secure.gravatar.com\\\/avatar\\\/e72422680a1a547cdc9e05215034441a836c068f3e1634de36136c70bc2f9d4a?s=96&d=mm&r=g\",\"url\":\"https:\\\/\\\/secure.gravatar.com\\\/avatar\\\/e72422680a1a547cdc9e05215034441a836c068f3e1634de36136c70bc2f9d4a?s=96&d=mm&r=g\",\"contentUrl\":\"https:\\\/\\\/secure.gravatar.com\\\/avatar\\\/e72422680a1a547cdc9e05215034441a836c068f3e1634de36136c70bc2f9d4a?s=96&d=mm&r=g\",\"caption\":\"L D\"},\"url\":\"https:\\\/\\\/notabene.world\\\/nb\\\/author\\\/jo-da2\\\/\"}]}<\/script>\n<!-- \/ Yoast SEO plugin. -->","yoast_head_json":{"title":"- NOTABENE.WORLD","robots":{"index":"index","follow":"follow","max-snippet":"max-snippet:-1","max-image-preview":"max-image-preview:large","max-video-preview":"max-video-preview:-1"},"canonical":"https:\/\/notabene.world\/nb\/9549-2\/","og_locale":"pl_PL","og_type":"article","og_title":"- NOTABENE.WORLD","og_description":"Kuba Po raz pierwszy od 1959 roku nie odb\u0119dzie si\u0119 na Placu Rewolucji w Hawanie poch\u00f3d pierwszomajowy. Dyktatura odwo\u0142uje poch\u00f3d bo musia\u0142aby zwie\u017a\u0107 na niego Kuba\u0144czyk\u00f3w. A benzyny nie ma. To najwi\u0119kszy kryzys energetyczny od 60 lat. Nieustanne przerwy w dostawie pr\u0105du, totalny brak paliw, nie tylko dla odbiorc\u00f3w indywidualnych ale tak\u017ce dla transportu publicznego. Brakuje benzyny dla autobus\u00f3w, karetek pogotowia a nawet dla karawan\u00f3w pogrzebowych. Za\u0142ama\u0142 si\u0119 import ropy z Wenezueli a dostawy z Meksyku i Rosji s\u0105 niewystarczaj\u0105ce. Turcja 14 maja odb\u0119d\u0105 si\u0119 w Turcji wybory prezydenckie i parlamentarne. Erdogan ma powody aby si\u0119 obawia\u0107 pora\u017cki. Niemal ca\u0142a opozycja skupi\u0142a si\u0119 wok\u00f3\u0142 wsp\u00f3lnego kandydata 74 letniego Kemala Kilicdaroglu. Po raz pierwszy od 20 lat \u201esu\u0142tanowi\u201d Erdoganowi grozi pora\u017cka . Powodem jest kryzys gospodarczy ale tak\u017ce stan demokracji. Turcja b\u0119dzie wybiera\u0107 pomi\u0119dzy demokracj\u0105 a autokracj\u0105.","og_url":"https:\/\/notabene.world\/nb\/9549-2\/","og_site_name":"NOTABENE.WORLD","article_publisher":"https:\/\/www.facebook.com\/Notabene.World","article_published_time":"2023-04-30T19:38:13+00:00","article_modified_time":"2023-05-07T04:04:42+00:00","og_image":[{"width":800,"height":445,"url":"https:\/\/notabene.world\/nb\/wp-content\/uploads\/2022\/11\/oko-notka-800.jpg","type":"image\/jpeg"}],"author":"L D","twitter_card":"summary_large_image","twitter_misc":{"Napisane przez":"L D","Szacowany czas czytania":"1 minuta"},"schema":{"@context":"https:\/\/schema.org","@graph":[{"@type":"Article","@id":"https:\/\/notabene.world\/nb\/9549-2\/#article","isPartOf":{"@id":"https:\/\/notabene.world\/nb\/9549-2\/"},"author":{"name":"L D","@id":"https:\/\/notabene.world\/nb\/#\/schema\/person\/a8a4b2b811d0db2e360de334d1d4db71"},"headline":"Brak tytu\u0142u","datePublished":"2023-04-30T19:38:13+00:00","dateModified":"2023-05-07T04:04:42+00:00","mainEntityOfPage":{"@id":"https:\/\/notabene.world\/nb\/9549-2\/"},"wordCount":250,"publisher":{"@id":"https:\/\/notabene.world\/nb\/#organization"},"image":{"@id":"https:\/\/notabene.world\/nb\/9549-2\/#primaryimage"},"thumbnailUrl":"https:\/\/i0.wp.com\/notabene.world\/nb\/wp-content\/uploads\/2022\/11\/oko-notka-800.jpg?fit=800%2C445&ssl=1","articleSection":["Od Notki do Notki"],"inLanguage":"pl-PL"},{"@type":"WebPage","@id":"https:\/\/notabene.world\/nb\/9549-2\/","url":"https:\/\/notabene.world\/nb\/9549-2\/","name":"- NOTABENE.WORLD","isPartOf":{"@id":"https:\/\/notabene.world\/nb\/#website"},"primaryImageOfPage":{"@id":"https:\/\/notabene.world\/nb\/9549-2\/#primaryimage"},"image":{"@id":"https:\/\/notabene.world\/nb\/9549-2\/#primaryimage"},"thumbnailUrl":"https:\/\/i0.wp.com\/notabene.world\/nb\/wp-content\/uploads\/2022\/11\/oko-notka-800.jpg?fit=800%2C445&ssl=1","datePublished":"2023-04-30T19:38:13+00:00","dateModified":"2023-05-07T04:04:42+00:00","inLanguage":"pl-PL","potentialAction":[{"@type":"ReadAction","target":["https:\/\/notabene.world\/nb\/9549-2\/"]}]},{"@type":"ImageObject","inLanguage":"pl-PL","@id":"https:\/\/notabene.world\/nb\/9549-2\/#primaryimage","url":"https:\/\/i0.wp.com\/notabene.world\/nb\/wp-content\/uploads\/2022\/11\/oko-notka-800.jpg?fit=800%2C445&ssl=1","contentUrl":"https:\/\/i0.wp.com\/notabene.world\/nb\/wp-content\/uploads\/2022\/11\/oko-notka-800.jpg?fit=800%2C445&ssl=1","width":800,"height":445},{"@type":"WebSite","@id":"https:\/\/notabene.world\/nb\/#website","url":"https:\/\/notabene.world\/nb\/","name":"NOTABENE.WORLD","description":"Przekaz. Warto\u015bci. Wsp\u00f3lnota.","publisher":{"@id":"https:\/\/notabene.world\/nb\/#organization"},"potentialAction":[{"@type":"SearchAction","target":{"@type":"EntryPoint","urlTemplate":"https:\/\/notabene.world\/nb\/?s={search_term_string}"},"query-input":{"@type":"PropertyValueSpecification","valueRequired":true,"valueName":"search_term_string"}}],"inLanguage":"pl-PL"},{"@type":"Organization","@id":"https:\/\/notabene.world\/nb\/#organization","name":"NOTABENE.WORLD","url":"https:\/\/notabene.world\/nb\/","logo":{"@type":"ImageObject","inLanguage":"pl-PL","@id":"https:\/\/notabene.world\/nb\/#\/schema\/logo\/image\/","url":"https:\/\/notabene.world\/nb\/wp-content\/uploads\/2022\/01\/NB-club-start-www1.jpg","contentUrl":"https:\/\/notabene.world\/nb\/wp-content\/uploads\/2022\/01\/NB-club-start-www1.jpg","width":1000,"height":839,"caption":"NOTABENE.WORLD"},"image":{"@id":"https:\/\/notabene.world\/nb\/#\/schema\/logo\/image\/"},"sameAs":["https:\/\/www.facebook.com\/Notabene.World"]},{"@type":"Person","@id":"https:\/\/notabene.world\/nb\/#\/schema\/person\/a8a4b2b811d0db2e360de334d1d4db71","name":"L D","image":{"@type":"ImageObject","inLanguage":"pl-PL","@id":"https:\/\/secure.gravatar.com\/avatar\/e72422680a1a547cdc9e05215034441a836c068f3e1634de36136c70bc2f9d4a?s=96&d=mm&r=g","url":"https:\/\/secure.gravatar.com\/avatar\/e72422680a1a547cdc9e05215034441a836c068f3e1634de36136c70bc2f9d4a?s=96&d=mm&r=g","contentUrl":"https:\/\/secure.gravatar.com\/avatar\/e72422680a1a547cdc9e05215034441a836c068f3e1634de36136c70bc2f9d4a?s=96&d=mm&r=g","caption":"L D"},"url":"https:\/\/notabene.world\/nb\/author\/jo-da2\/"}]}},"jetpack_featured_media_url":"https:\/\/i0.wp.com\/notabene.world\/nb\/wp-content\/uploads\/2022\/11\/oko-notka-800.jpg?fit=800%2C445&ssl=1","jetpack_sharing_enabled":true,"jetpack_shortlink":"https:\/\/wp.me\/pdCobN-2u1","_links":{"self":[{"href":"https:\/\/notabene.world\/nb\/wp-json\/wp\/v2\/posts\/9549","targetHints":{"allow":["GET"]}}],"collection":[{"href":"https:\/\/notabene.world\/nb\/wp-json\/wp\/v2\/posts"}],"about":[{"href":"https:\/\/notabene.world\/nb\/wp-json\/wp\/v2\/types\/post"}],"author":[{"embeddable":true,"href":"https:\/\/notabene.world\/nb\/wp-json\/wp\/v2\/users\/49"}],"replies":[{"embeddable":true,"href":"https:\/\/notabene.world\/nb\/wp-json\/wp\/v2\/comments?post=9549"}],"version-history":[{"count":2,"href":"https:\/\/notabene.world\/nb\/wp-json\/wp\/v2\/posts\/9549\/revisions"}],"predecessor-version":[{"id":9553,"href":"https:\/\/notabene.world\/nb\/wp-json\/wp\/v2\/posts\/9549\/revisions\/9553"}],"wp:featuredmedia":[{"embeddable":true,"href":"https:\/\/notabene.world\/nb\/wp-json\/wp\/v2\/media\/8275"}],"wp:attachment":[{"href":"https:\/\/notabene.world\/nb\/wp-json\/wp\/v2\/media?parent=9549"}],"wp:term":[{"taxonomy":"category","embeddable":true,"href":"https:\/\/notabene.world\/nb\/wp-json\/wp\/v2\/categories?post=9549"},{"taxonomy":"post_tag","embeddable":true,"href":"https:\/\/notabene.world\/nb\/wp-json\/wp\/v2\/tags?post=9549"}],"curies":[{"name":"wp","href":"https:\/\/api.w.org\/{rel}","templated":true}]}}